{"id":115027,"date":"2025-04-17T15:34:50","date_gmt":"2025-04-17T21:34:50","guid":{"rendered":"https:\/\/www.yucatanencorto.com\/noticias\/?p=115027"},"modified":"2025-04-17T15:34:50","modified_gmt":"2025-04-17T21:34:50","slug":"avanzan-con-repavimentacion-de-calles-y-avenidas","status":"publish","type":"post","link":"https:\/\/www.yucatanencorto.com\/noticias\/avanzan-con-repavimentacion-de-calles-y-avenidas\/","title":{"rendered":"Avanzan con repavimentaci\u00f3n de calles y avenidas."},"content":{"rendered":"<p><img loading=\"lazy\" decoding=\"async\" class=\"alignnone size-full wp-image-115028\" src=\"https:\/\/www.yucatanencorto.com\/noticias\/wp-content\/uploads\/2025\/04\/WhatsApp-Image-2025-04-17-at-14.52.57-1-scaled.jpeg\" alt=\"\" width=\"768\" height=\"512\" srcset=\"https:\/\/www.yucatanencorto.com\/noticias\/wp-content\/uploads\/2025\/04\/WhatsApp-Image-2025-04-17-at-14.52.57-1-scaled.jpeg 768w, https:\/\/www.yucatanencorto.com\/noticias\/wp-content\/uploads\/2025\/04\/WhatsApp-Image-2025-04-17-at-14.52.57-1-150x100.jpeg 150w, https:\/\/www.yucatanencorto.com\/noticias\/wp-content\/uploads\/2025\/04\/WhatsApp-Image-2025-04-17-at-14.52.57-1-300x200.jpeg 300w, https:\/\/www.yucatanencorto.com\/noticias\/wp-content\/uploads\/2025\/04\/WhatsApp-Image-2025-04-17-at-14.52.57-1-696x464.jpeg 696w, https:\/\/www.yucatanencorto.com\/noticias\/wp-content\/uploads\/2025\/04\/WhatsApp-Image-2025-04-17-at-14.52.57-1-1068x712.jpeg 1068w\" sizes=\"auto, (max-width: 768px) 100vw, 768px\" \/><\/p>\n<p>&nbsp;<\/p>\n<p>M\u00e9rida, Yucat\u00e1n, jueves 17 de abril de 2025.- La Presidenta Municipal de M\u00e9rida, Cecilia Patr\u00f3n Laviada, inform\u00f3 que se han logrado avances significativos en la repavimentaci\u00f3n de calles, pues desde el comienzo de la actual administraci\u00f3n se han repavimentado ya casi 60 kil\u00f3metros en los cuatro puntos cardinales de la ciudad y en el centro.<\/p>\n<p>Adem\u00e1s, bajo la estrategia \u201cCalle por Calle\u201d y el Programa Permanente de Bacheo se han reparado casi 183 mil baches en 320 colonias y comisar\u00edas del sur de M\u00e9rida.<\/p>\n<p>\u201cLos resultados positivos de las acciones de bacheo y pavimentaci\u00f3n son evidentes. La ciudad se est\u00e1 transformando gracias al esfuerzo conjunto de la administraci\u00f3n municipal y los ciudadanos quienes nos ayudan en gran medida haciendo sus reportes, lo que nos permite conocer directamente donde est\u00e1 el problema y hacia d\u00f3nde debemos encaminar esfuerzos\u201d, asegur\u00f3.<\/p>\n<p>Del primero de septiembre a la fecha, la Direcci\u00f3n de Obras P\u00fablicas, que encabeza Sergio Chan Lugo, ha repavimentado 57 mil 665 metros lineales de calles. Adem\u00e1s, se construyen y desazolvan pozos de absorci\u00f3n con el objetivo de prevenir inundaciones.<\/p>\n<p>En cuanto a bacheo coment\u00f3 que se han reparado 182 mil 771 baches en todo el municipio. \u201cEste esfuerzo ha mejorado significativamente la calidad de las vialidades y ha reducido las quejas ciudadanas sobre el estado de las calles. Las acciones de bacheo y pavimentaci\u00f3n surgen de las demandas ciudadanas. Quienes levantan un reporte son atendidos de manera prioritaria\u201d, afirm\u00f3 Cecilia.<\/p>\n<p>\u201cLa repavimentaci\u00f3n de calles y avenidas es una prioridad para mejorar la calidad de vida de los ciudadanos y garantizar su seguridad y comodidad durante sus traslados, por eso el Ayuntamiento de M\u00e9rida continuar\u00e1 trabajando 24\/7 para mejorar las vialidades de la ciudad\u201d, abund\u00f3.<\/p>\n<p>En reciente visita a la colonia San Pedro Uxmal, donde se repaviment\u00f3 un tramo de la calle 38, la alcaldesa destac\u00f3 que como esta arteria considerada como zona clave para la movilidad debido a que conecta con avenidas importantes de la ciudad, todos los d\u00edas se trabaja en otros puntos del municipio para tener mejores calles y a la altura de lo que la ciudadan\u00eda merece.<\/p>\n<p>Asimismo reiter\u00f3 que el trabajo en equipo y la colaboraci\u00f3n ciudadana son fundamentales para que las calles de M\u00e9rida sigan mejorando, haciendo de la ciudad un lugar m\u00e1s seguro y c\u00f3modo para todos sus habitantes.<\/p>\n<p>Finalmente, para hacer sus reportes la ciudadan\u00eda puede comunicarse a Ayuntatel al 99924 4000 y al 070, o bien v\u00eda redes sociales o en merida.gob.mx<\/p>\n","protected":false},"excerpt":{"rendered":"<p>&nbsp; M\u00e9rida, Yucat\u00e1n, jueves 17 de abril de 2025.- La Presidenta Municipal de M\u00e9rida, Cecilia Patr\u00f3n Laviada, inform\u00f3 que se han logrado avances significativos en la repavimentaci\u00f3n de calles, pues desde el comienzo de la actual administraci\u00f3n se han repavimentado ya casi 60 kil\u00f3metros en los cuatro puntos cardinales de la ciudad y en el [&hellip;]<\/p>\n","protected":false},"author":4,"featured_media":115028,"comment_status":"closed","ping_status":"closed","sticky":false,"template":"","format":"standard","meta":{"footnotes":""},"categories":[3],"tags":[],"class_list":{"0":"post-115027","1":"post","2":"type-post","3":"status-publish","4":"format-standard","5":"has-post-thumbnail","7":"category-yucatan"},"yoast_head":"<!-- This site is optimized with the Yoast SEO plugin v27.5 - https:\/\/yoast.com\/product\/yoast-seo-wordpress\/ -->\n<title>Avanzan con repavimentaci\u00f3n de calles y avenidas. - Yucat\u00e1n en corto<\/title>\n<meta name=\"robots\" content=\"index, follow, max-snippet:-1, max-image-preview:large, max-video-preview:-1\" \/>\n<link rel=\"canonical\" href=\"https:\/\/www.yucatanencorto.com\/noticias\/avanzan-con-repavimentacion-de-calles-y-avenidas\/\" \/>\n<meta property=\"og:locale\" content=\"es_ES\" \/>\n<meta property=\"og:type\" content=\"article\" \/>\n<meta property=\"og:title\" content=\"Avanzan con repavimentaci\u00f3n de calles y avenidas. - Yucat\u00e1n en corto\" \/>\n<meta property=\"og:description\" content=\"&nbsp; M\u00e9rida, Yucat\u00e1n, jueves 17 de abril de 2025.- La Presidenta Municipal de M\u00e9rida, Cecilia Patr\u00f3n Laviada, inform\u00f3 que se han logrado avances significativos en la repavimentaci\u00f3n de calles, pues desde el comienzo de la actual administraci\u00f3n se han repavimentado ya casi 60 kil\u00f3metros en los cuatro puntos cardinales de la ciudad y en el [&hellip;]\" \/>\n<meta property=\"og:url\" content=\"https:\/\/www.yucatanencorto.com\/noticias\/avanzan-con-repavimentacion-de-calles-y-avenidas\/\" \/>\n<meta property=\"og:site_name\" content=\"Yucat\u00e1n en corto\" \/>\n<meta property=\"article:publisher\" content=\"http:\/\/www.facebook.com\/yucatanencorto\" \/>\n<meta property=\"article:published_time\" content=\"2025-04-17T21:34:50+00:00\" \/>\n<meta property=\"og:image\" content=\"https:\/\/www.yucatanencorto.com\/noticias\/wp-content\/uploads\/2025\/04\/WhatsApp-Image-2025-04-17-at-14.52.57-1-scaled.jpeg\" \/>\n\t<meta property=\"og:image:width\" content=\"768\" \/>\n\t<meta property=\"og:image:height\" content=\"512\" \/>\n\t<meta property=\"og:image:type\" content=\"image\/jpeg\" \/>\n<meta name=\"author\" content=\"Yucat\u00e1n en Corto\" \/>\n<meta name=\"twitter:card\" content=\"summary_large_image\" \/>\n<meta name=\"twitter:creator\" content=\"@yucatanencorto\" \/>\n<meta name=\"twitter:site\" content=\"@yucatanencorto\" \/>\n<meta name=\"twitter:label1\" content=\"Escrito por\" \/>\n\t<meta name=\"twitter:data1\" content=\"Yucat\u00e1n en Corto\" \/>\n\t<meta name=\"twitter:label2\" content=\"Tiempo de lectura\" \/>\n\t<meta name=\"twitter:data2\" content=\"2 minutos\" \/>\n<script type=\"application\/ld+json\" class=\"yoast-schema-graph\">{\"@context\":\"https:\\\/\\\/schema.org\",\"@graph\":[{\"@type\":\"Article\",\"@id\":\"https:\\\/\\\/www.yucatanencorto.com\\\/noticias\\\/avanzan-con-repavimentacion-de-calles-y-avenidas\\\/#article\",\"isPartOf\":{\"@id\":\"https:\\\/\\\/www.yucatanencorto.com\\\/noticias\\\/avanzan-con-repavimentacion-de-calles-y-avenidas\\\/\"},\"author\":{\"name\":\"Yucat\u00e1n en Corto\",\"@id\":\"https:\\\/\\\/www.yucatanencorto.com\\\/noticias\\\/#\\\/schema\\\/person\\\/f0ec40c33447bbc0dc2d01d3006de771\"},\"headline\":\"Avanzan con repavimentaci\u00f3n de calles y avenidas.\",\"datePublished\":\"2025-04-17T21:34:50+00:00\",\"mainEntityOfPage\":{\"@id\":\"https:\\\/\\\/www.yucatanencorto.com\\\/noticias\\\/avanzan-con-repavimentacion-de-calles-y-avenidas\\\/\"},\"wordCount\":435,\"image\":{\"@id\":\"https:\\\/\\\/www.yucatanencorto.com\\\/noticias\\\/avanzan-con-repavimentacion-de-calles-y-avenidas\\\/#primaryimage\"},\"thumbnailUrl\":\"https:\\\/\\\/www.yucatanencorto.com\\\/noticias\\\/wp-content\\\/uploads\\\/2025\\\/04\\\/WhatsApp-Image-2025-04-17-at-14.52.57-1-scaled.jpeg\",\"articleSection\":[\"Yucat\u00e1n\"],\"inLanguage\":\"es\"},{\"@type\":\"WebPage\",\"@id\":\"https:\\\/\\\/www.yucatanencorto.com\\\/noticias\\\/avanzan-con-repavimentacion-de-calles-y-avenidas\\\/\",\"url\":\"https:\\\/\\\/www.yucatanencorto.com\\\/noticias\\\/avanzan-con-repavimentacion-de-calles-y-avenidas\\\/\",\"name\":\"Avanzan con repavimentaci\u00f3n de calles y avenidas. - Yucat\u00e1n en corto\",\"isPartOf\":{\"@id\":\"https:\\\/\\\/www.yucatanencorto.com\\\/noticias\\\/#website\"},\"primaryImageOfPage\":{\"@id\":\"https:\\\/\\\/www.yucatanencorto.com\\\/noticias\\\/avanzan-con-repavimentacion-de-calles-y-avenidas\\\/#primaryimage\"},\"image\":{\"@id\":\"https:\\\/\\\/www.yucatanencorto.com\\\/noticias\\\/avanzan-con-repavimentacion-de-calles-y-avenidas\\\/#primaryimage\"},\"thumbnailUrl\":\"https:\\\/\\\/www.yucatanencorto.com\\\/noticias\\\/wp-content\\\/uploads\\\/2025\\\/04\\\/WhatsApp-Image-2025-04-17-at-14.52.57-1-scaled.jpeg\",\"datePublished\":\"2025-04-17T21:34:50+00:00\",\"author\":{\"@id\":\"https:\\\/\\\/www.yucatanencorto.com\\\/noticias\\\/#\\\/schema\\\/person\\\/f0ec40c33447bbc0dc2d01d3006de771\"},\"breadcrumb\":{\"@id\":\"https:\\\/\\\/www.yucatanencorto.com\\\/noticias\\\/avanzan-con-repavimentacion-de-calles-y-avenidas\\\/#breadcrumb\"},\"inLanguage\":\"es\",\"potentialAction\":[{\"@type\":\"ReadAction\",\"target\":[\"https:\\\/\\\/www.yucatanencorto.com\\\/noticias\\\/avanzan-con-repavimentacion-de-calles-y-avenidas\\\/\"]}]},{\"@type\":\"ImageObject\",\"inLanguage\":\"es\",\"@id\":\"https:\\\/\\\/www.yucatanencorto.com\\\/noticias\\\/avanzan-con-repavimentacion-de-calles-y-avenidas\\\/#primaryimage\",\"url\":\"https:\\\/\\\/www.yucatanencorto.com\\\/noticias\\\/wp-content\\\/uploads\\\/2025\\\/04\\\/WhatsApp-Image-2025-04-17-at-14.52.57-1-scaled.jpeg\",\"contentUrl\":\"https:\\\/\\\/www.yucatanencorto.com\\\/noticias\\\/wp-content\\\/uploads\\\/2025\\\/04\\\/WhatsApp-Image-2025-04-17-at-14.52.57-1-scaled.jpeg\",\"width\":768,\"height\":512},{\"@type\":\"BreadcrumbList\",\"@id\":\"https:\\\/\\\/www.yucatanencorto.com\\\/noticias\\\/avanzan-con-repavimentacion-de-calles-y-avenidas\\\/#breadcrumb\",\"itemListElement\":[{\"@type\":\"ListItem\",\"position\":1,\"name\":\"Portada\",\"item\":\"https:\\\/\\\/www.yucatanencorto.com\\\/noticias\\\/\"},{\"@type\":\"ListItem\",\"position\":2,\"name\":\"Avanzan con repavimentaci\u00f3n de calles y avenidas.\"}]},{\"@type\":\"WebSite\",\"@id\":\"https:\\\/\\\/www.yucatanencorto.com\\\/noticias\\\/#website\",\"url\":\"https:\\\/\\\/www.yucatanencorto.com\\\/noticias\\\/\",\"name\":\"Yucat\u00e1n en corto\",\"description\":\"Noticias\",\"potentialAction\":[{\"@type\":\"SearchAction\",\"target\":{\"@type\":\"EntryPoint\",\"urlTemplate\":\"https:\\\/\\\/www.yucatanencorto.com\\\/noticias\\\/?s={search_term_string}\"},\"query-input\":{\"@type\":\"PropertyValueSpecification\",\"valueRequired\":true,\"valueName\":\"search_term_string\"}}],\"inLanguage\":\"es\"},{\"@type\":\"Person\",\"@id\":\"https:\\\/\\\/www.yucatanencorto.com\\\/noticias\\\/#\\\/schema\\\/person\\\/f0ec40c33447bbc0dc2d01d3006de771\",\"name\":\"Yucat\u00e1n en Corto\",\"image\":{\"@type\":\"ImageObject\",\"inLanguage\":\"es\",\"@id\":\"https:\\\/\\\/secure.gravatar.com\\\/avatar\\\/20e0a6b626f38fa8e545fb3f80ce566efd790bf8877e65c3a482460cc3e0b5d1?s=96&d=mm&r=g\",\"url\":\"https:\\\/\\\/secure.gravatar.com\\\/avatar\\\/20e0a6b626f38fa8e545fb3f80ce566efd790bf8877e65c3a482460cc3e0b5d1?s=96&d=mm&r=g\",\"contentUrl\":\"https:\\\/\\\/secure.gravatar.com\\\/avatar\\\/20e0a6b626f38fa8e545fb3f80ce566efd790bf8877e65c3a482460cc3e0b5d1?s=96&d=mm&r=g\",\"caption\":\"Yucat\u00e1n en Corto\"},\"url\":\"https:\\\/\\\/www.yucatanencorto.com\\\/noticias\\\/author\\\/editor25\\\/\"}]}<\/script>\n<!-- \/ Yoast SEO plugin. -->","yoast_head_json":{"title":"Avanzan con repavimentaci\u00f3n de calles y avenidas. - Yucat\u00e1n en corto","robots":{"index":"index","follow":"follow","max-snippet":"max-snippet:-1","max-image-preview":"max-image-preview:large","max-video-preview":"max-video-preview:-1"},"canonical":"https:\/\/www.yucatanencorto.com\/noticias\/avanzan-con-repavimentacion-de-calles-y-avenidas\/","og_locale":"es_ES","og_type":"article","og_title":"Avanzan con repavimentaci\u00f3n de calles y avenidas. - Yucat\u00e1n en corto","og_description":"&nbsp; M\u00e9rida, Yucat\u00e1n, jueves 17 de abril de 2025.- La Presidenta Municipal de M\u00e9rida, Cecilia Patr\u00f3n Laviada, inform\u00f3 que se han logrado avances significativos en la repavimentaci\u00f3n de calles, pues desde el comienzo de la actual administraci\u00f3n se han repavimentado ya casi 60 kil\u00f3metros en los cuatro puntos cardinales de la ciudad y en el [&hellip;]","og_url":"https:\/\/www.yucatanencorto.com\/noticias\/avanzan-con-repavimentacion-de-calles-y-avenidas\/","og_site_name":"Yucat\u00e1n en corto","article_publisher":"http:\/\/www.facebook.com\/yucatanencorto","article_published_time":"2025-04-17T21:34:50+00:00","og_image":[{"width":768,"height":512,"url":"https:\/\/www.yucatanencorto.com\/noticias\/wp-content\/uploads\/2025\/04\/WhatsApp-Image-2025-04-17-at-14.52.57-1-scaled.jpeg","type":"image\/jpeg"}],"author":"Yucat\u00e1n en Corto","twitter_card":"summary_large_image","twitter_creator":"@yucatanencorto","twitter_site":"@yucatanencorto","twitter_misc":{"Escrito por":"Yucat\u00e1n en Corto","Tiempo de lectura":"2 minutos"},"schema":{"@context":"https:\/\/schema.org","@graph":[{"@type":"Article","@id":"https:\/\/www.yucatanencorto.com\/noticias\/avanzan-con-repavimentacion-de-calles-y-avenidas\/#article","isPartOf":{"@id":"https:\/\/www.yucatanencorto.com\/noticias\/avanzan-con-repavimentacion-de-calles-y-avenidas\/"},"author":{"name":"Yucat\u00e1n en Corto","@id":"https:\/\/www.yucatanencorto.com\/noticias\/#\/schema\/person\/f0ec40c33447bbc0dc2d01d3006de771"},"headline":"Avanzan con repavimentaci\u00f3n de calles y avenidas.","datePublished":"2025-04-17T21:34:50+00:00","mainEntityOfPage":{"@id":"https:\/\/www.yucatanencorto.com\/noticias\/avanzan-con-repavimentacion-de-calles-y-avenidas\/"},"wordCount":435,"image":{"@id":"https:\/\/www.yucatanencorto.com\/noticias\/avanzan-con-repavimentacion-de-calles-y-avenidas\/#primaryimage"},"thumbnailUrl":"https:\/\/www.yucatanencorto.com\/noticias\/wp-content\/uploads\/2025\/04\/WhatsApp-Image-2025-04-17-at-14.52.57-1-scaled.jpeg","articleSection":["Yucat\u00e1n"],"inLanguage":"es"},{"@type":"WebPage","@id":"https:\/\/www.yucatanencorto.com\/noticias\/avanzan-con-repavimentacion-de-calles-y-avenidas\/","url":"https:\/\/www.yucatanencorto.com\/noticias\/avanzan-con-repavimentacion-de-calles-y-avenidas\/","name":"Avanzan con repavimentaci\u00f3n de calles y avenidas. - Yucat\u00e1n en corto","isPartOf":{"@id":"https:\/\/www.yucatanencorto.com\/noticias\/#website"},"primaryImageOfPage":{"@id":"https:\/\/www.yucatanencorto.com\/noticias\/avanzan-con-repavimentacion-de-calles-y-avenidas\/#primaryimage"},"image":{"@id":"https:\/\/www.yucatanencorto.com\/noticias\/avanzan-con-repavimentacion-de-calles-y-avenidas\/#primaryimage"},"thumbnailUrl":"https:\/\/www.yucatanencorto.com\/noticias\/wp-content\/uploads\/2025\/04\/WhatsApp-Image-2025-04-17-at-14.52.57-1-scaled.jpeg","datePublished":"2025-04-17T21:34:50+00:00","author":{"@id":"https:\/\/www.yucatanencorto.com\/noticias\/#\/schema\/person\/f0ec40c33447bbc0dc2d01d3006de771"},"breadcrumb":{"@id":"https:\/\/www.yucatanencorto.com\/noticias\/avanzan-con-repavimentacion-de-calles-y-avenidas\/#breadcrumb"},"inLanguage":"es","potentialAction":[{"@type":"ReadAction","target":["https:\/\/www.yucatanencorto.com\/noticias\/avanzan-con-repavimentacion-de-calles-y-avenidas\/"]}]},{"@type":"ImageObject","inLanguage":"es","@id":"https:\/\/www.yucatanencorto.com\/noticias\/avanzan-con-repavimentacion-de-calles-y-avenidas\/#primaryimage","url":"https:\/\/www.yucatanencorto.com\/noticias\/wp-content\/uploads\/2025\/04\/WhatsApp-Image-2025-04-17-at-14.52.57-1-scaled.jpeg","contentUrl":"https:\/\/www.yucatanencorto.com\/noticias\/wp-content\/uploads\/2025\/04\/WhatsApp-Image-2025-04-17-at-14.52.57-1-scaled.jpeg","width":768,"height":512},{"@type":"BreadcrumbList","@id":"https:\/\/www.yucatanencorto.com\/noticias\/avanzan-con-repavimentacion-de-calles-y-avenidas\/#breadcrumb","itemListElement":[{"@type":"ListItem","position":1,"name":"Portada","item":"https:\/\/www.yucatanencorto.com\/noticias\/"},{"@type":"ListItem","position":2,"name":"Avanzan con repavimentaci\u00f3n de calles y avenidas."}]},{"@type":"WebSite","@id":"https:\/\/www.yucatanencorto.com\/noticias\/#website","url":"https:\/\/www.yucatanencorto.com\/noticias\/","name":"Yucat\u00e1n en corto","description":"Noticias","potentialAction":[{"@type":"SearchAction","target":{"@type":"EntryPoint","urlTemplate":"https:\/\/www.yucatanencorto.com\/noticias\/?s={search_term_string}"},"query-input":{"@type":"PropertyValueSpecification","valueRequired":true,"valueName":"search_term_string"}}],"inLanguage":"es"},{"@type":"Person","@id":"https:\/\/www.yucatanencorto.com\/noticias\/#\/schema\/person\/f0ec40c33447bbc0dc2d01d3006de771","name":"Yucat\u00e1n en Corto","image":{"@type":"ImageObject","inLanguage":"es","@id":"https:\/\/secure.gravatar.com\/avatar\/20e0a6b626f38fa8e545fb3f80ce566efd790bf8877e65c3a482460cc3e0b5d1?s=96&d=mm&r=g","url":"https:\/\/secure.gravatar.com\/avatar\/20e0a6b626f38fa8e545fb3f80ce566efd790bf8877e65c3a482460cc3e0b5d1?s=96&d=mm&r=g","contentUrl":"https:\/\/secure.gravatar.com\/avatar\/20e0a6b626f38fa8e545fb3f80ce566efd790bf8877e65c3a482460cc3e0b5d1?s=96&d=mm&r=g","caption":"Yucat\u00e1n en Corto"},"url":"https:\/\/www.yucatanencorto.com\/noticias\/author\/editor25\/"}]}},"_links":{"self":[{"href":"https:\/\/www.yucatanencorto.com\/noticias\/wp-json\/wp\/v2\/posts\/115027","targetHints":{"allow":["GET"]}}],"collection":[{"href":"https:\/\/www.yucatanencorto.com\/noticias\/wp-json\/wp\/v2\/posts"}],"about":[{"href":"https:\/\/www.yucatanencorto.com\/noticias\/wp-json\/wp\/v2\/types\/post"}],"author":[{"embeddable":true,"href":"https:\/\/www.yucatanencorto.com\/noticias\/wp-json\/wp\/v2\/users\/4"}],"replies":[{"embeddable":true,"href":"https:\/\/www.yucatanencorto.com\/noticias\/wp-json\/wp\/v2\/comments?post=115027"}],"version-history":[{"count":0,"href":"https:\/\/www.yucatanencorto.com\/noticias\/wp-json\/wp\/v2\/posts\/115027\/revisions"}],"wp:featuredmedia":[{"embeddable":true,"href":"https:\/\/www.yucatanencorto.com\/noticias\/wp-json\/wp\/v2\/media\/115028"}],"wp:attachment":[{"href":"https:\/\/www.yucatanencorto.com\/noticias\/wp-json\/wp\/v2\/media?parent=115027"}],"wp:term":[{"taxonomy":"category","embeddable":true,"href":"https:\/\/www.yucatanencorto.com\/noticias\/wp-json\/wp\/v2\/categories?post=115027"},{"taxonomy":"post_tag","embeddable":true,"href":"https:\/\/www.yucatanencorto.com\/noticias\/wp-json\/wp\/v2\/tags?post=115027"}],"curies":[{"name":"wp","href":"https:\/\/api.w.org\/{rel}","templated":true}]}}