{"id":115033,"date":"2025-04-17T15:39:44","date_gmt":"2025-04-17T21:39:44","guid":{"rendered":"https:\/\/www.yucatanencorto.com\/noticias\/?p=115033"},"modified":"2025-04-17T15:39:44","modified_gmt":"2025-04-17T21:39:44","slug":"internos-del-cereso-de-merida-recibieron-el-lavo-de-pies-por-semana-santa","status":"publish","type":"post","link":"https:\/\/www.yucatanencorto.com\/noticias\/internos-del-cereso-de-merida-recibieron-el-lavo-de-pies-por-semana-santa\/","title":{"rendered":"Internos del Cereso de M\u00e9rida recibieron el lavo de pies por Semana Santa"},"content":{"rendered":"<p><img loading=\"lazy\" decoding=\"async\" class=\"alignnone size-full wp-image-115032\" src=\"https:\/\/www.yucatanencorto.com\/noticias\/wp-content\/uploads\/2025\/04\/WhatsApp-Image-2025-04-17-at-14.38.45-2-scaled.jpeg\" alt=\"\" width=\"768\" height=\"575\" srcset=\"https:\/\/www.yucatanencorto.com\/noticias\/wp-content\/uploads\/2025\/04\/WhatsApp-Image-2025-04-17-at-14.38.45-2-scaled.jpeg 768w, https:\/\/www.yucatanencorto.com\/noticias\/wp-content\/uploads\/2025\/04\/WhatsApp-Image-2025-04-17-at-14.38.45-2-150x112.jpeg 150w, https:\/\/www.yucatanencorto.com\/noticias\/wp-content\/uploads\/2025\/04\/WhatsApp-Image-2025-04-17-at-14.38.45-2-300x225.jpeg 300w, https:\/\/www.yucatanencorto.com\/noticias\/wp-content\/uploads\/2025\/04\/WhatsApp-Image-2025-04-17-at-14.38.45-2-696x521.jpeg 696w, https:\/\/www.yucatanencorto.com\/noticias\/wp-content\/uploads\/2025\/04\/WhatsApp-Image-2025-04-17-at-14.38.45-2-1068x800.jpeg 1068w\" sizes=\"auto, (max-width: 768px) 100vw, 768px\" \/><\/p>\n<p>&nbsp;<\/p>\n<p>El centro de reinserci\u00f3n social de M\u00e9rida (CERESO), recibi\u00f3 la visita del arzobispo de Yucat\u00e1n, Mons. Gustavo Rodr\u00edguez Vega, quien acudi\u00f3 para realizar el oficio de semana santa de lavado de pies.<\/p>\n<p>A su llegada fue recibido por el director del centro penitenciario, Prof. Francisco Javier Brito Herrera, quien comento que en el lugar se realizan tambi\u00e9n actividades basadas en los ejes de reinserci\u00f3n social donde se fomenta el trabajo, deporte y el acceso a la educaci\u00f3n todo por instrucciones el Gobernador del Estado, Mtro. Joaqu\u00edn D\u00edaz Mena.<\/p>\n<p>6 mujeres y 6 hombres privados de la libertad recibieron el lavado de pies de parte del arzobispo de Yucat\u00e1n, quien provisto de agua y jab\u00f3n imit\u00f3 la ense\u00f1anza de Jesucristo.<\/p>\n<p>Ataviados con t\u00fanicas a la usanza de la \u00e9poca, los hombres y mujeres sentenciados tomaron su lugar en unas bancas colocadas al frente del auditorio principal.<\/p>\n<p>Al hacer uso de la palabra, el arzobispo invit\u00f3 a los privados de la libertad a imitar el ejemplo de Jesucristo, que demostr\u00f3 que las tareas destinadas a los esclavos pueden ser hechas por cualquier persona con tal de servir al pr\u00f3jimo, se trata de aceptar los servicios m\u00e1s humildes y pregunt\u00f3 \u00bfQu\u00e9 tengo qu\u00e9 hacer para imitar a Jes\u00fas en el servicio?<\/p>\n<p>Acompa\u00f1aron al arzobispo los presb\u00edteros Stefano Redaelli, Jos\u00e9 Bernabe Corb\u00e1 y Miguel \u00c1ngel Panes Villalobos.<\/p>\n<p>El viernes santo se realizar\u00e1 un viacrucis por los pasillos del CERESO, en el que los privados de la libertad han ensayado en los \u00faltimos meses.<\/p>\n<p>De la misma forma el s\u00e1bado se llevar\u00e1 a cabo la misa de resurrecci\u00f3n que presidir\u00e1 el Obispo auxiliar Pedro Mena.<\/p>\n","protected":false},"excerpt":{"rendered":"<p>&nbsp; El centro de reinserci\u00f3n social de M\u00e9rida (CERESO), recibi\u00f3 la visita del arzobispo de Yucat\u00e1n, Mons. Gustavo Rodr\u00edguez Vega, quien acudi\u00f3 para realizar el oficio de semana santa de lavado de pies. A su llegada fue recibido por el director del centro penitenciario, Prof. Francisco Javier Brito Herrera, quien comento que en el lugar [&hellip;]<\/p>\n","protected":false},"author":4,"featured_media":0,"comment_status":"closed","ping_status":"closed","sticky":false,"template":"","format":"standard","meta":{"footnotes":""},"categories":[3],"tags":[],"class_list":{"0":"post-115033","1":"post","2":"type-post","3":"status-publish","4":"format-standard","6":"category-yucatan"},"yoast_head":"<!-- This site is optimized with the Yoast SEO plugin v27.5 - https:\/\/yoast.com\/product\/yoast-seo-wordpress\/ -->\n<title>Internos del Cereso de M\u00e9rida recibieron el lavo de pies por Semana Santa - Yucat\u00e1n en corto<\/title>\n<meta name=\"robots\" content=\"index, follow, max-snippet:-1, max-image-preview:large, max-video-preview:-1\" \/>\n<link rel=\"canonical\" href=\"https:\/\/www.yucatanencorto.com\/noticias\/internos-del-cereso-de-merida-recibieron-el-lavo-de-pies-por-semana-santa\/\" \/>\n<meta property=\"og:locale\" content=\"es_ES\" \/>\n<meta property=\"og:type\" content=\"article\" \/>\n<meta property=\"og:title\" content=\"Internos del Cereso de M\u00e9rida recibieron el lavo de pies por Semana Santa - Yucat\u00e1n en corto\" \/>\n<meta property=\"og:description\" content=\"&nbsp; El centro de reinserci\u00f3n social de M\u00e9rida (CERESO), recibi\u00f3 la visita del arzobispo de Yucat\u00e1n, Mons. Gustavo Rodr\u00edguez Vega, quien acudi\u00f3 para realizar el oficio de semana santa de lavado de pies. A su llegada fue recibido por el director del centro penitenciario, Prof. Francisco Javier Brito Herrera, quien comento que en el lugar [&hellip;]\" \/>\n<meta property=\"og:url\" content=\"https:\/\/www.yucatanencorto.com\/noticias\/internos-del-cereso-de-merida-recibieron-el-lavo-de-pies-por-semana-santa\/\" \/>\n<meta property=\"og:site_name\" content=\"Yucat\u00e1n en corto\" \/>\n<meta property=\"article:publisher\" content=\"http:\/\/www.facebook.com\/yucatanencorto\" \/>\n<meta property=\"article:published_time\" content=\"2025-04-17T21:39:44+00:00\" \/>\n<meta property=\"og:image\" content=\"https:\/\/www.yucatanencorto.com\/noticias\/wp-content\/uploads\/2025\/04\/WhatsApp-Image-2025-04-17-at-14.38.45-2-scaled.jpeg\" \/>\n\t<meta property=\"og:image:width\" content=\"768\" \/>\n\t<meta property=\"og:image:height\" content=\"575\" \/>\n\t<meta property=\"og:image:type\" content=\"image\/jpeg\" \/>\n<meta name=\"author\" content=\"Yucat\u00e1n en Corto\" \/>\n<meta name=\"twitter:card\" content=\"summary_large_image\" \/>\n<meta name=\"twitter:creator\" content=\"@yucatanencorto\" \/>\n<meta name=\"twitter:site\" content=\"@yucatanencorto\" \/>\n<meta name=\"twitter:label1\" content=\"Escrito por\" \/>\n\t<meta name=\"twitter:data1\" content=\"Yucat\u00e1n en Corto\" \/>\n\t<meta name=\"twitter:label2\" content=\"Tiempo de lectura\" \/>\n\t<meta name=\"twitter:data2\" content=\"1 minuto\" \/>\n<script type=\"application\/ld+json\" class=\"yoast-schema-graph\">{\"@context\":\"https:\\\/\\\/schema.org\",\"@graph\":[{\"@type\":\"Article\",\"@id\":\"https:\\\/\\\/www.yucatanencorto.com\\\/noticias\\\/internos-del-cereso-de-merida-recibieron-el-lavo-de-pies-por-semana-santa\\\/#article\",\"isPartOf\":{\"@id\":\"https:\\\/\\\/www.yucatanencorto.com\\\/noticias\\\/internos-del-cereso-de-merida-recibieron-el-lavo-de-pies-por-semana-santa\\\/\"},\"author\":{\"name\":\"Yucat\u00e1n en Corto\",\"@id\":\"https:\\\/\\\/www.yucatanencorto.com\\\/noticias\\\/#\\\/schema\\\/person\\\/f0ec40c33447bbc0dc2d01d3006de771\"},\"headline\":\"Internos del Cereso de M\u00e9rida recibieron el lavo de pies por Semana Santa\",\"datePublished\":\"2025-04-17T21:39:44+00:00\",\"mainEntityOfPage\":{\"@id\":\"https:\\\/\\\/www.yucatanencorto.com\\\/noticias\\\/internos-del-cereso-de-merida-recibieron-el-lavo-de-pies-por-semana-santa\\\/\"},\"wordCount\":303,\"image\":{\"@id\":\"https:\\\/\\\/www.yucatanencorto.com\\\/noticias\\\/internos-del-cereso-de-merida-recibieron-el-lavo-de-pies-por-semana-santa\\\/#primaryimage\"},\"thumbnailUrl\":\"https:\\\/\\\/www.yucatanencorto.com\\\/noticias\\\/wp-content\\\/uploads\\\/2025\\\/04\\\/WhatsApp-Image-2025-04-17-at-14.38.45-2-scaled.jpeg\",\"articleSection\":[\"Yucat\u00e1n\"],\"inLanguage\":\"es\"},{\"@type\":\"WebPage\",\"@id\":\"https:\\\/\\\/www.yucatanencorto.com\\\/noticias\\\/internos-del-cereso-de-merida-recibieron-el-lavo-de-pies-por-semana-santa\\\/\",\"url\":\"https:\\\/\\\/www.yucatanencorto.com\\\/noticias\\\/internos-del-cereso-de-merida-recibieron-el-lavo-de-pies-por-semana-santa\\\/\",\"name\":\"Internos del Cereso de M\u00e9rida recibieron el lavo de pies por Semana Santa - Yucat\u00e1n en corto\",\"isPartOf\":{\"@id\":\"https:\\\/\\\/www.yucatanencorto.com\\\/noticias\\\/#website\"},\"primaryImageOfPage\":{\"@id\":\"https:\\\/\\\/www.yucatanencorto.com\\\/noticias\\\/internos-del-cereso-de-merida-recibieron-el-lavo-de-pies-por-semana-santa\\\/#primaryimage\"},\"image\":{\"@id\":\"https:\\\/\\\/www.yucatanencorto.com\\\/noticias\\\/internos-del-cereso-de-merida-recibieron-el-lavo-de-pies-por-semana-santa\\\/#primaryimage\"},\"thumbnailUrl\":\"https:\\\/\\\/www.yucatanencorto.com\\\/noticias\\\/wp-content\\\/uploads\\\/2025\\\/04\\\/WhatsApp-Image-2025-04-17-at-14.38.45-2-scaled.jpeg\",\"datePublished\":\"2025-04-17T21:39:44+00:00\",\"author\":{\"@id\":\"https:\\\/\\\/www.yucatanencorto.com\\\/noticias\\\/#\\\/schema\\\/person\\\/f0ec40c33447bbc0dc2d01d3006de771\"},\"breadcrumb\":{\"@id\":\"https:\\\/\\\/www.yucatanencorto.com\\\/noticias\\\/internos-del-cereso-de-merida-recibieron-el-lavo-de-pies-por-semana-santa\\\/#breadcrumb\"},\"inLanguage\":\"es\",\"potentialAction\":[{\"@type\":\"ReadAction\",\"target\":[\"https:\\\/\\\/www.yucatanencorto.com\\\/noticias\\\/internos-del-cereso-de-merida-recibieron-el-lavo-de-pies-por-semana-santa\\\/\"]}]},{\"@type\":\"ImageObject\",\"inLanguage\":\"es\",\"@id\":\"https:\\\/\\\/www.yucatanencorto.com\\\/noticias\\\/internos-del-cereso-de-merida-recibieron-el-lavo-de-pies-por-semana-santa\\\/#primaryimage\",\"url\":\"https:\\\/\\\/www.yucatanencorto.com\\\/noticias\\\/wp-content\\\/uploads\\\/2025\\\/04\\\/WhatsApp-Image-2025-04-17-at-14.38.45-2-scaled.jpeg\",\"contentUrl\":\"https:\\\/\\\/www.yucatanencorto.com\\\/noticias\\\/wp-content\\\/uploads\\\/2025\\\/04\\\/WhatsApp-Image-2025-04-17-at-14.38.45-2-scaled.jpeg\",\"width\":768,\"height\":575},{\"@type\":\"BreadcrumbList\",\"@id\":\"https:\\\/\\\/www.yucatanencorto.com\\\/noticias\\\/internos-del-cereso-de-merida-recibieron-el-lavo-de-pies-por-semana-santa\\\/#breadcrumb\",\"itemListElement\":[{\"@type\":\"ListItem\",\"position\":1,\"name\":\"Portada\",\"item\":\"https:\\\/\\\/www.yucatanencorto.com\\\/noticias\\\/\"},{\"@type\":\"ListItem\",\"position\":2,\"name\":\"Internos del Cereso de M\u00e9rida recibieron el lavo de pies por Semana Santa\"}]},{\"@type\":\"WebSite\",\"@id\":\"https:\\\/\\\/www.yucatanencorto.com\\\/noticias\\\/#website\",\"url\":\"https:\\\/\\\/www.yucatanencorto.com\\\/noticias\\\/\",\"name\":\"Yucat\u00e1n en corto\",\"description\":\"Noticias\",\"potentialAction\":[{\"@type\":\"SearchAction\",\"target\":{\"@type\":\"EntryPoint\",\"urlTemplate\":\"https:\\\/\\\/www.yucatanencorto.com\\\/noticias\\\/?s={search_term_string}\"},\"query-input\":{\"@type\":\"PropertyValueSpecification\",\"valueRequired\":true,\"valueName\":\"search_term_string\"}}],\"inLanguage\":\"es\"},{\"@type\":\"Person\",\"@id\":\"https:\\\/\\\/www.yucatanencorto.com\\\/noticias\\\/#\\\/schema\\\/person\\\/f0ec40c33447bbc0dc2d01d3006de771\",\"name\":\"Yucat\u00e1n en Corto\",\"image\":{\"@type\":\"ImageObject\",\"inLanguage\":\"es\",\"@id\":\"https:\\\/\\\/secure.gravatar.com\\\/avatar\\\/20e0a6b626f38fa8e545fb3f80ce566efd790bf8877e65c3a482460cc3e0b5d1?s=96&d=mm&r=g\",\"url\":\"https:\\\/\\\/secure.gravatar.com\\\/avatar\\\/20e0a6b626f38fa8e545fb3f80ce566efd790bf8877e65c3a482460cc3e0b5d1?s=96&d=mm&r=g\",\"contentUrl\":\"https:\\\/\\\/secure.gravatar.com\\\/avatar\\\/20e0a6b626f38fa8e545fb3f80ce566efd790bf8877e65c3a482460cc3e0b5d1?s=96&d=mm&r=g\",\"caption\":\"Yucat\u00e1n en Corto\"},\"url\":\"https:\\\/\\\/www.yucatanencorto.com\\\/noticias\\\/author\\\/editor25\\\/\"}]}<\/script>\n<!-- \/ Yoast SEO plugin. -->","yoast_head_json":{"title":"Internos del Cereso de M\u00e9rida recibieron el lavo de pies por Semana Santa - Yucat\u00e1n en corto","robots":{"index":"index","follow":"follow","max-snippet":"max-snippet:-1","max-image-preview":"max-image-preview:large","max-video-preview":"max-video-preview:-1"},"canonical":"https:\/\/www.yucatanencorto.com\/noticias\/internos-del-cereso-de-merida-recibieron-el-lavo-de-pies-por-semana-santa\/","og_locale":"es_ES","og_type":"article","og_title":"Internos del Cereso de M\u00e9rida recibieron el lavo de pies por Semana Santa - Yucat\u00e1n en corto","og_description":"&nbsp; El centro de reinserci\u00f3n social de M\u00e9rida (CERESO), recibi\u00f3 la visita del arzobispo de Yucat\u00e1n, Mons. Gustavo Rodr\u00edguez Vega, quien acudi\u00f3 para realizar el oficio de semana santa de lavado de pies. A su llegada fue recibido por el director del centro penitenciario, Prof. Francisco Javier Brito Herrera, quien comento que en el lugar [&hellip;]","og_url":"https:\/\/www.yucatanencorto.com\/noticias\/internos-del-cereso-de-merida-recibieron-el-lavo-de-pies-por-semana-santa\/","og_site_name":"Yucat\u00e1n en corto","article_publisher":"http:\/\/www.facebook.com\/yucatanencorto","article_published_time":"2025-04-17T21:39:44+00:00","og_image":[{"width":768,"height":575,"url":"https:\/\/www.yucatanencorto.com\/noticias\/wp-content\/uploads\/2025\/04\/WhatsApp-Image-2025-04-17-at-14.38.45-2-scaled.jpeg","type":"image\/jpeg"}],"author":"Yucat\u00e1n en Corto","twitter_card":"summary_large_image","twitter_creator":"@yucatanencorto","twitter_site":"@yucatanencorto","twitter_misc":{"Escrito por":"Yucat\u00e1n en Corto","Tiempo de lectura":"1 minuto"},"schema":{"@context":"https:\/\/schema.org","@graph":[{"@type":"Article","@id":"https:\/\/www.yucatanencorto.com\/noticias\/internos-del-cereso-de-merida-recibieron-el-lavo-de-pies-por-semana-santa\/#article","isPartOf":{"@id":"https:\/\/www.yucatanencorto.com\/noticias\/internos-del-cereso-de-merida-recibieron-el-lavo-de-pies-por-semana-santa\/"},"author":{"name":"Yucat\u00e1n en Corto","@id":"https:\/\/www.yucatanencorto.com\/noticias\/#\/schema\/person\/f0ec40c33447bbc0dc2d01d3006de771"},"headline":"Internos del Cereso de M\u00e9rida recibieron el lavo de pies por Semana Santa","datePublished":"2025-04-17T21:39:44+00:00","mainEntityOfPage":{"@id":"https:\/\/www.yucatanencorto.com\/noticias\/internos-del-cereso-de-merida-recibieron-el-lavo-de-pies-por-semana-santa\/"},"wordCount":303,"image":{"@id":"https:\/\/www.yucatanencorto.com\/noticias\/internos-del-cereso-de-merida-recibieron-el-lavo-de-pies-por-semana-santa\/#primaryimage"},"thumbnailUrl":"https:\/\/www.yucatanencorto.com\/noticias\/wp-content\/uploads\/2025\/04\/WhatsApp-Image-2025-04-17-at-14.38.45-2-scaled.jpeg","articleSection":["Yucat\u00e1n"],"inLanguage":"es"},{"@type":"WebPage","@id":"https:\/\/www.yucatanencorto.com\/noticias\/internos-del-cereso-de-merida-recibieron-el-lavo-de-pies-por-semana-santa\/","url":"https:\/\/www.yucatanencorto.com\/noticias\/internos-del-cereso-de-merida-recibieron-el-lavo-de-pies-por-semana-santa\/","name":"Internos del Cereso de M\u00e9rida recibieron el lavo de pies por Semana Santa - Yucat\u00e1n en corto","isPartOf":{"@id":"https:\/\/www.yucatanencorto.com\/noticias\/#website"},"primaryImageOfPage":{"@id":"https:\/\/www.yucatanencorto.com\/noticias\/internos-del-cereso-de-merida-recibieron-el-lavo-de-pies-por-semana-santa\/#primaryimage"},"image":{"@id":"https:\/\/www.yucatanencorto.com\/noticias\/internos-del-cereso-de-merida-recibieron-el-lavo-de-pies-por-semana-santa\/#primaryimage"},"thumbnailUrl":"https:\/\/www.yucatanencorto.com\/noticias\/wp-content\/uploads\/2025\/04\/WhatsApp-Image-2025-04-17-at-14.38.45-2-scaled.jpeg","datePublished":"2025-04-17T21:39:44+00:00","author":{"@id":"https:\/\/www.yucatanencorto.com\/noticias\/#\/schema\/person\/f0ec40c33447bbc0dc2d01d3006de771"},"breadcrumb":{"@id":"https:\/\/www.yucatanencorto.com\/noticias\/internos-del-cereso-de-merida-recibieron-el-lavo-de-pies-por-semana-santa\/#breadcrumb"},"inLanguage":"es","potentialAction":[{"@type":"ReadAction","target":["https:\/\/www.yucatanencorto.com\/noticias\/internos-del-cereso-de-merida-recibieron-el-lavo-de-pies-por-semana-santa\/"]}]},{"@type":"ImageObject","inLanguage":"es","@id":"https:\/\/www.yucatanencorto.com\/noticias\/internos-del-cereso-de-merida-recibieron-el-lavo-de-pies-por-semana-santa\/#primaryimage","url":"https:\/\/www.yucatanencorto.com\/noticias\/wp-content\/uploads\/2025\/04\/WhatsApp-Image-2025-04-17-at-14.38.45-2-scaled.jpeg","contentUrl":"https:\/\/www.yucatanencorto.com\/noticias\/wp-content\/uploads\/2025\/04\/WhatsApp-Image-2025-04-17-at-14.38.45-2-scaled.jpeg","width":768,"height":575},{"@type":"BreadcrumbList","@id":"https:\/\/www.yucatanencorto.com\/noticias\/internos-del-cereso-de-merida-recibieron-el-lavo-de-pies-por-semana-santa\/#breadcrumb","itemListElement":[{"@type":"ListItem","position":1,"name":"Portada","item":"https:\/\/www.yucatanencorto.com\/noticias\/"},{"@type":"ListItem","position":2,"name":"Internos del Cereso de M\u00e9rida recibieron el lavo de pies por Semana Santa"}]},{"@type":"WebSite","@id":"https:\/\/www.yucatanencorto.com\/noticias\/#website","url":"https:\/\/www.yucatanencorto.com\/noticias\/","name":"Yucat\u00e1n en corto","description":"Noticias","potentialAction":[{"@type":"SearchAction","target":{"@type":"EntryPoint","urlTemplate":"https:\/\/www.yucatanencorto.com\/noticias\/?s={search_term_string}"},"query-input":{"@type":"PropertyValueSpecification","valueRequired":true,"valueName":"search_term_string"}}],"inLanguage":"es"},{"@type":"Person","@id":"https:\/\/www.yucatanencorto.com\/noticias\/#\/schema\/person\/f0ec40c33447bbc0dc2d01d3006de771","name":"Yucat\u00e1n en Corto","image":{"@type":"ImageObject","inLanguage":"es","@id":"https:\/\/secure.gravatar.com\/avatar\/20e0a6b626f38fa8e545fb3f80ce566efd790bf8877e65c3a482460cc3e0b5d1?s=96&d=mm&r=g","url":"https:\/\/secure.gravatar.com\/avatar\/20e0a6b626f38fa8e545fb3f80ce566efd790bf8877e65c3a482460cc3e0b5d1?s=96&d=mm&r=g","contentUrl":"https:\/\/secure.gravatar.com\/avatar\/20e0a6b626f38fa8e545fb3f80ce566efd790bf8877e65c3a482460cc3e0b5d1?s=96&d=mm&r=g","caption":"Yucat\u00e1n en Corto"},"url":"https:\/\/www.yucatanencorto.com\/noticias\/author\/editor25\/"}]}},"_links":{"self":[{"href":"https:\/\/www.yucatanencorto.com\/noticias\/wp-json\/wp\/v2\/posts\/115033","targetHints":{"allow":["GET"]}}],"collection":[{"href":"https:\/\/www.yucatanencorto.com\/noticias\/wp-json\/wp\/v2\/posts"}],"about":[{"href":"https:\/\/www.yucatanencorto.com\/noticias\/wp-json\/wp\/v2\/types\/post"}],"author":[{"embeddable":true,"href":"https:\/\/www.yucatanencorto.com\/noticias\/wp-json\/wp\/v2\/users\/4"}],"replies":[{"embeddable":true,"href":"https:\/\/www.yucatanencorto.com\/noticias\/wp-json\/wp\/v2\/comments?post=115033"}],"version-history":[{"count":0,"href":"https:\/\/www.yucatanencorto.com\/noticias\/wp-json\/wp\/v2\/posts\/115033\/revisions"}],"wp:attachment":[{"href":"https:\/\/www.yucatanencorto.com\/noticias\/wp-json\/wp\/v2\/media?parent=115033"}],"wp:term":[{"taxonomy":"category","embeddable":true,"href":"https:\/\/www.yucatanencorto.com\/noticias\/wp-json\/wp\/v2\/categories?post=115033"},{"taxonomy":"post_tag","embeddable":true,"href":"https:\/\/www.yucatanencorto.com\/noticias\/wp-json\/wp\/v2\/tags?post=115033"}],"curies":[{"name":"wp","href":"https:\/\/api.w.org\/{rel}","templated":true}]}}