{"id":115236,"date":"2025-06-02T11:13:38","date_gmt":"2025-06-02T17:13:38","guid":{"rendered":"https:\/\/www.yucatanencorto.com\/noticias\/?p=115236"},"modified":"2025-06-02T11:13:38","modified_gmt":"2025-06-02T17:13:38","slug":"smn-alerta-por-fuertes-lluvias-e-intensa-nueva-ola-de-calor","status":"publish","type":"post","link":"https:\/\/www.yucatanencorto.com\/noticias\/smn-alerta-por-fuertes-lluvias-e-intensa-nueva-ola-de-calor\/","title":{"rendered":"SMN alerta por fuertes lluvias e intensa nueva ola de calor"},"content":{"rendered":"<p data-t=\"{&quot;n&quot;:&quot;blueLinks&quot;,&quot;t&quot;:13,&quot;a&quot;:&quot;click&quot;,&quot;b&quot;:76}\">\n<p data-t=\"{&quot;n&quot;:&quot;blueLinks&quot;,&quot;t&quot;:13,&quot;a&quot;:&quot;click&quot;,&quot;b&quot;:76}\"><img loading=\"lazy\" decoding=\"async\" class=\"wp-image-115237 aligncenter\" src=\"https:\/\/www.yucatanencorto.com\/noticias\/wp-content\/uploads\/2025\/06\/tendremos-panorama-adverso-en-mexico-efectos-de-un-frente-frio-y-posible-ciclon-tropical-la-proxima-semana-temporada-de-lluvias-calor-1747975048727_320.webp\" alt=\"\" width=\"614\" height=\"432\" srcset=\"https:\/\/www.yucatanencorto.com\/noticias\/wp-content\/uploads\/2025\/06\/tendremos-panorama-adverso-en-mexico-efectos-de-un-frente-frio-y-posible-ciclon-tropical-la-proxima-semana-temporada-de-lluvias-calor-1747975048727_320.webp 320w, https:\/\/www.yucatanencorto.com\/noticias\/wp-content\/uploads\/2025\/06\/tendremos-panorama-adverso-en-mexico-efectos-de-un-frente-frio-y-posible-ciclon-tropical-la-proxima-semana-temporada-de-lluvias-calor-1747975048727_320-150x105.webp 150w, https:\/\/www.yucatanencorto.com\/noticias\/wp-content\/uploads\/2025\/06\/tendremos-panorama-adverso-en-mexico-efectos-de-un-frente-frio-y-posible-ciclon-tropical-la-proxima-semana-temporada-de-lluvias-calor-1747975048727_320-300x211.webp 300w\" sizes=\"auto, (max-width: 614px) 100vw, 614px\" \/><\/p>\n<p data-t=\"{&quot;n&quot;:&quot;blueLinks&quot;,&quot;t&quot;:13,&quot;a&quot;:&quot;click&quot;,&quot;b&quot;:76}\">El Servicio Meteorol\u00f3gico Nacional (<a title=\"https:\/\/www.elimparcial.com\/mexico\/2025\/06\/01\/el-smn-advierte-por-circulacion-ciclonica-y-segunda-onda-tropical-que-dejaran-intensas-lluvias-y-vientos-fuertes-en-casi-todo-el-territorio-nacional-este-1-de-junio\/\" href=\"https:\/\/www.elimparcial.com\/mexico\/2025\/06\/01\/el-smn-advierte-por-circulacion-ciclonica-y-segunda-onda-tropical-que-dejaran-intensas-lluvias-y-vientos-fuertes-en-casi-todo-el-territorio-nacional-este-1-de-junio\/\" target=\"_blank\" rel=\"noopener noreferrer\" data-t=\"{&quot;n&quot;:&quot;destination&quot;,&quot;t&quot;:13,&quot;a&quot;:&quot;click&quot;,&quot;b&quot;:1,&quot;c.t&quot;:7}\">SMN<\/a>), organismo oficial del Gobierno de M\u00e9xico, ha emitido un pron\u00f3stico de 72 a 96 horas (del lunes 02 al mi\u00e9rcoles 04 de junio de 2025), que incluye advertencias por\u00a0fuertes lluvias\u00a0y una\u00a0intensa nueva ola de calor\u00a0en varios estados del pa\u00eds. A continuaci\u00f3n, se detalla la situaci\u00f3n meteorol\u00f3gica prevista y sus posibles efectos.<\/p>\n<h3 class=\"article-sub-heading\">Pron\u00f3stico general<\/h3>\n<h4 class=\"article-sub-heading\">Circulaci\u00f3n cicl\u00f3nica y corriente en chorro subtropical<\/h4>\n<div class=\"article-list-slot\">\n<ul>\n<li data-t=\"{&quot;n&quot;:&quot;blueLinks&quot;,&quot;t&quot;:13,&quot;a&quot;:&quot;click&quot;,&quot;b&quot;:76}\">Una circulaci\u00f3n cicl\u00f3nica en niveles medios y altos se mantendr\u00e1 sobre el noroeste de la Rep\u00fablica Mexicana, en interacci\u00f3n con la corriente en chorro subtropical.<\/li>\n<li data-t=\"{&quot;n&quot;:&quot;blueLinks&quot;,&quot;t&quot;:13,&quot;a&quot;:&quot;click&quot;,&quot;b&quot;:76}\">Esta combinaci\u00f3n generar\u00e1\u00a0fuertes rachas de viento\u00a0,\u00a0chubascos\u00a0y\u00a0lluvias fuertes\u00a0en dicha regi\u00f3n.<\/li>\n<\/ul>\n<\/div>\n<h4 class=\"article-sub-heading\">Canales de baja presi\u00f3n y divergencia<\/h4>\n<div class=\"article-list-slot\">\n<ul>\n<li class=\"continue-read-break\" data-t=\"{&quot;n&quot;:&quot;blueLinks&quot;,&quot;t&quot;:13,&quot;a&quot;:&quot;click&quot;,&quot;b&quot;:76}\">Canales de baja presi\u00f3n sobre la\u00a0Mesa del Norte\u00a0y la\u00a0Mesa Central\u00a0, junto con la divergencia atmosf\u00e9rica y el ingreso de humedad desde el oc\u00e9ano Pac\u00edfico y el Golfo de M\u00e9xico, provocar\u00e1n:<\/li>\n<li data-t=\"{&quot;n&quot;:&quot;blueLinks&quot;,&quot;t&quot;:13,&quot;a&quot;:&quot;click&quot;,&quot;b&quot;:76}\">\n<div class=\"article-list-slot\">\n<ul>\n<li data-t=\"{&quot;n&quot;:&quot;blueLinks&quot;,&quot;t&quot;:13,&quot;a&quot;:&quot;click&quot;,&quot;b&quot;:76}\">Chubascos y lluvias fuertes a muy fuertes\u00a0en el norte, noreste, occidente, centro y oriente del pa\u00eds.<\/li>\n<li data-t=\"{&quot;n&quot;:&quot;blueLinks&quot;,&quot;t&quot;:13,&quot;a&quot;:&quot;click&quot;,&quot;b&quot;:76}\">Estas lluvias podr\u00e1n estar acompa\u00f1adas de\u00a0descargas el\u00e9ctricas\u00a0y\u00a0posibles granizadas\u00a0.<\/li>\n<\/ul>\n<\/div>\n<\/li>\n<\/ul>\n<\/div>\n<h4 class=\"article-sub-heading\">Onda tropical y vaguada monz\u00f3nica<\/h4>\n<div class=\"article-list-slot\">\n<ul>\n<li data-t=\"{&quot;n&quot;:&quot;blueLinks&quot;,&quot;t&quot;:13,&quot;a&quot;:&quot;click&quot;,&quot;b&quot;:76}\">La onda tropical n\u00famero 2 se desplazar\u00e1 al sur de las costas de\u00a0Chiapas\u00a0,\u00a0Oaxaca\u00a0y\u00a0Guerrero\u00a0, interactuando con un canal de baja presi\u00f3n sobre el sureste mexicano y la pen\u00ednsula de Yucat\u00e1n, adem\u00e1s de la vaguada monz\u00f3nica.<\/li>\n<li data-t=\"{&quot;n&quot;:&quot;blueLinks&quot;,&quot;t&quot;:13,&quot;a&quot;:&quot;click&quot;,&quot;b&quot;:76}\">Se pronostican\u00a0lluvias fuertes a muy fuertes\u00a0en dichas regiones, as\u00ed como en el sur del pa\u00eds, con\u00a0lluvias puntuales intensas\u00a0en\u00a0Oaxaca\u00a0y\u00a0Chiapas\u00a0.<\/li>\n<\/ul>\n<\/div>\n<h4 class=\"article-sub-heading\">Zona de baja presi\u00f3n y probabilidad de desarrollo cicl\u00f3nico<\/h4>\n<div class=\"article-list-slot\">\n<ul>\n<li data-t=\"{&quot;n&quot;:&quot;blueLinks&quot;,&quot;t&quot;:13,&quot;a&quot;:&quot;click&quot;,&quot;b&quot;:76}\">Se prev\u00e9 la formaci\u00f3n de una\u00a0zona de baja presi\u00f3n\u00a0con probabilidad para desarrollo cicl\u00f3nico al sur de las costas de\u00a0Chiapas\u00a0.<\/li>\n<li data-t=\"{&quot;n&quot;:&quot;blueLinks&quot;,&quot;t&quot;:13,&quot;a&quot;:&quot;click&quot;,&quot;b&quot;:76}\">El SMN mantiene esta \u00e1rea en\u00a0vigilancia\u00a0.<\/li>\n<\/ul>\n<\/div>\n<h3 class=\"article-sub-heading\">Efectos clim\u00e1ticos previstos<\/h3>\n<h4 class=\"article-sub-heading\">Ambiente caluroso a muy caluroso<\/h4>\n<div class=\"article-list-slot\">\n<ul>\n<li data-t=\"{&quot;n&quot;:&quot;blueLinks&quot;,&quot;t&quot;:13,&quot;a&quot;:&quot;click&quot;,&quot;b&quot;:76}\">Continuar\u00e1 el ambiente\u00a0caluroso a muy caluroso\u00a0sobre gran parte del territorio nacional.<\/li>\n<li data-t=\"{&quot;n&quot;:&quot;blueLinks&quot;,&quot;t&quot;:13,&quot;a&quot;:&quot;click&quot;,&quot;b&quot;:76}\">La onda de calor se mantendr\u00e1 en zonas de\u00a0Campeche\u00a0,\u00a0Yucat\u00e1n\u00a0y\u00a0Quintana Roo\u00a0, mientras que una nueva onda de calor iniciar\u00e1 en los siguientes estados:<\/li>\n<li data-t=\"{&quot;n&quot;:&quot;blueLinks&quot;,&quot;t&quot;:13,&quot;a&quot;:&quot;click&quot;,&quot;b&quot;:76}\">\n<div class=\"article-list-slot\">\n<ul>\n<li data-t=\"{&quot;n&quot;:&quot;blueLinks&quot;,&quot;t&quot;:13,&quot;a&quot;:&quot;click&quot;,&quot;b&quot;:76}\">Sur y sureste de Chihuahua<\/li>\n<li data-t=\"{&quot;n&quot;:&quot;blueLinks&quot;,&quot;t&quot;:13,&quot;a&quot;:&quot;click&quot;,&quot;b&quot;:76}\">Oeste y suroeste de Coahuila<\/li>\n<li data-t=\"{&quot;n&quot;:&quot;blueLinks&quot;,&quot;t&quot;:13,&quot;a&quot;:&quot;click&quot;,&quot;b&quot;:76}\">Sur de Nuevo Le\u00f3n<\/li>\n<li data-t=\"{&quot;n&quot;:&quot;blueLinks&quot;,&quot;t&quot;:13,&quot;a&quot;:&quot;click&quot;,&quot;b&quot;:76}\">Sur y suroeste de Tamaulipas<\/li>\n<li data-t=\"{&quot;n&quot;:&quot;blueLinks&quot;,&quot;t&quot;:13,&quot;a&quot;:&quot;click&quot;,&quot;b&quot;:76}\">Noreste, este y sur de Durango<\/li>\n<li data-t=\"{&quot;n&quot;:&quot;blueLinks&quot;,&quot;t&quot;:13,&quot;a&quot;:&quot;click&quot;,&quot;b&quot;:76}\">Norte y centro de Zacatecas<\/li>\n<li data-t=\"{&quot;n&quot;:&quot;blueLinks&quot;,&quot;t&quot;:13,&quot;a&quot;:&quot;click&quot;,&quot;b&quot;:76}\">San Luis Potos\u00ed<\/li>\n<li data-t=\"{&quot;n&quot;:&quot;blueLinks&quot;,&quot;t&quot;:13,&quot;a&quot;:&quot;click&quot;,&quot;b&quot;:76}\">Aguascalientes<\/li>\n<li data-t=\"{&quot;n&quot;:&quot;blueLinks&quot;,&quot;t&quot;:13,&quot;a&quot;:&quot;click&quot;,&quot;b&quot;:76}\">Sinaloa<\/li>\n<li data-t=\"{&quot;n&quot;:&quot;blueLinks&quot;,&quot;t&quot;:13,&quot;a&quot;:&quot;click&quot;,&quot;b&quot;:76}\">Nayarit<\/li>\n<li data-t=\"{&quot;n&quot;:&quot;blueLinks&quot;,&quot;t&quot;:13,&quot;a&quot;:&quot;click&quot;,&quot;b&quot;:76}\">Sur y oeste de Jalisco<\/li>\n<li data-t=\"{&quot;n&quot;:&quot;blueLinks&quot;,&quot;t&quot;:13,&quot;a&quot;:&quot;click&quot;,&quot;b&quot;:76}\">Colima<\/li>\n<li data-t=\"{&quot;n&quot;:&quot;blueLinks&quot;,&quot;t&quot;:13,&quot;a&quot;:&quot;click&quot;,&quot;b&quot;:76}\">Oeste, centro y sureste de Michoac\u00e1n<\/li>\n<li data-t=\"{&quot;n&quot;:&quot;blueLinks&quot;,&quot;t&quot;:13,&quot;a&quot;:&quot;click&quot;,&quot;b&quot;:76}\">Oeste y norte de Guerrero<\/li>\n<li data-t=\"{&quot;n&quot;:&quot;blueLinks&quot;,&quot;t&quot;:13,&quot;a&quot;:&quot;click&quot;,&quot;b&quot;:76}\">Centro y sur de Oaxaca<\/li>\n<\/ul>\n<\/div>\n<\/li>\n<\/ul>\n<\/div>\n<h4 class=\"article-sub-heading\">Lluvias y tormentas<\/h4>\n<div class=\"article-list-slot\">\n<ul>\n<li data-t=\"{&quot;n&quot;:&quot;blueLinks&quot;,&quot;t&quot;:13,&quot;a&quot;:&quot;click&quot;,&quot;b&quot;:76}\">Lunes 02 de junio:<\/li>\n<li data-t=\"{&quot;n&quot;:&quot;blueLinks&quot;,&quot;t&quot;:13,&quot;a&quot;:&quot;click&quot;,&quot;b&quot;:76}\">\n<div class=\"article-list-slot\">\n<ul>\n<li data-t=\"{&quot;n&quot;:&quot;blueLinks&quot;,&quot;t&quot;:13,&quot;a&quot;:&quot;click&quot;,&quot;b&quot;:76}\">Lluvias muy fuertes con puntuales intensas (75 a 150 mm):\u00a0Oaxaca y Chiapas.<\/li>\n<li data-t=\"{&quot;n&quot;:&quot;blueLinks&quot;,&quot;t&quot;:13,&quot;a&quot;:&quot;click&quot;,&quot;b&quot;:76}\">Lluvias fuertes con puntuales muy fuertes (50 a 75 mm):\u00a0Michoac\u00e1n, Guerrero, Tabasco, Campeche, Yucat\u00e1n y Quintana Roo.<\/li>\n<li data-t=\"{&quot;n&quot;:&quot;blueLinks&quot;,&quot;t&quot;:13,&quot;a&quot;:&quot;click&quot;,&quot;b&quot;:76}\">Chubascos con lluvias puntuales fuertes (25 a 50 mm):\u00a0Jalisco, Colima, San Luis Potos\u00ed, Guanajuato, Quer\u00e9taro, Hidalgo, Estado de M\u00e9xico, Morelos, Puebla y Veracruz.<\/li>\n<li data-t=\"{&quot;n&quot;:&quot;blueLinks&quot;,&quot;t&quot;:13,&quot;a&quot;:&quot;click&quot;,&quot;b&quot;:76}\">Intervalos de chubascos (5 a 25 mm):\u00a0Sonora, Chihuahua, Coahuila, Nuevo Le\u00f3n, Tamaulipas, Zacatecas, Aguascalientes, Ciudad de M\u00e9xico y Tlaxcala.<\/li>\n<li data-t=\"{&quot;n&quot;:&quot;blueLinks&quot;,&quot;t&quot;:13,&quot;a&quot;:&quot;click&quot;,&quot;b&quot;:76}\">Lluvias aisladas (0.1 a 5 mm):\u00a0Durango, Sinaloa y Nayarit.<\/li>\n<li data-t=\"{&quot;n&quot;:&quot;blueLinks&quot;,&quot;t&quot;:13,&quot;a&quot;:&quot;click&quot;,&quot;b&quot;:76}\">Viento de 10 a 20 km\/h con rachas de 40 a 60 km\/h:\u00a0Campeche, Yucat\u00e1n y Quintana Roo; con posibles\u00a0tolvaneras\u00a0en Baja California, Baja California Sur, Sonora, Sinaloa, Chihuahua, Durango, Zacatecas y San Luis Potos\u00ed.<\/li>\n<li data-t=\"{&quot;n&quot;:&quot;blueLinks&quot;,&quot;t&quot;:13,&quot;a&quot;:&quot;click&quot;,&quot;b&quot;:76}\">Viento de componente sur de 10 a 20 km\/h con rachas de 40 a 60 km\/h:\u00a0Coahuila, Nuevo Le\u00f3n y Tamaulipas.<\/li>\n<li data-t=\"{&quot;n&quot;:&quot;blueLinks&quot;,&quot;t&quot;:13,&quot;a&quot;:&quot;click&quot;,&quot;b&quot;:76}\">Oleaje de 1.5 a 2.5 metros de altura:\u00a0costa occidental de la pen\u00ednsula de Baja California, costas de Sinaloa, Nayarit, Jalisco, Colima, Michoac\u00e1n, Guerrero, Oaxaca y Chiapas.<\/li>\n<li data-t=\"{&quot;n&quot;:&quot;blueLinks&quot;,&quot;t&quot;:13,&quot;a&quot;:&quot;click&quot;,&quot;b&quot;:76}\">Temperaturas m\u00e1ximas de 40 a 45 \u00b0C:\u00a0Sonora, Chihuahua, Tamaulipas (sur), San Luis Potos\u00ed (oriente), Durango (noreste), Sinaloa, Michoac\u00e1n, Guerrero, Tabasco, Campeche y Yucat\u00e1n.<\/li>\n<li data-t=\"{&quot;n&quot;:&quot;blueLinks&quot;,&quot;t&quot;:13,&quot;a&quot;:&quot;click&quot;,&quot;b&quot;:76}\">Temperaturas m\u00e1ximas de 35 a 40 \u00b0C:\u00a0Baja California, Baja California Sur, Coahuila, Nayarit, Jalisco, Colima, Nuevo Le\u00f3n, Zacatecas, Guanajuato, Morelos, Puebla, Oaxaca, Chiapas, Quer\u00e9taro, Hidalgo, Veracruz y Quintana Roo.<\/li>\n<li data-t=\"{&quot;n&quot;:&quot;blueLinks&quot;,&quot;t&quot;:13,&quot;a&quot;:&quot;click&quot;,&quot;b&quot;:76}\">Temperatura m\u00e1xima de 30 a 35 \u00b0C:\u00a0Aguascalientes y Estado de M\u00e9xico (suroeste).<\/li>\n<\/ul>\n<\/div>\n<\/li>\n<li data-t=\"{&quot;n&quot;:&quot;blueLinks&quot;,&quot;t&quot;:13,&quot;a&quot;:&quot;click&quot;,&quot;b&quot;:76}\">Martes 03 de junio:<\/li>\n<li data-t=\"{&quot;n&quot;:&quot;blueLinks&quot;,&quot;t&quot;:13,&quot;a&quot;:&quot;click&quot;,&quot;b&quot;:76}\">\n<div class=\"article-list-slot\">\n<ul>\n<li data-t=\"{&quot;n&quot;:&quot;blueLinks&quot;,&quot;t&quot;:13,&quot;a&quot;:&quot;click&quot;,&quot;b&quot;:76}\">Lluvias muy fuertes con puntuales intensas (75 a 150 mm):\u00a0Oaxaca, Veracruz y Chiapas.<\/li>\n<li data-t=\"{&quot;n&quot;:&quot;blueLinks&quot;,&quot;t&quot;:13,&quot;a&quot;:&quot;click&quot;,&quot;b&quot;:76}\">Lluvias fuertes con puntuales muy fuertes (50 a 75 mm):\u00a0Michoac\u00e1n, Guerrero, Morelos, Puebla, Tabasco, Campeche, Yucat\u00e1n y Quintana Roo.<\/li>\n<li data-t=\"{&quot;n&quot;:&quot;blueLinks&quot;,&quot;t&quot;:13,&quot;a&quot;:&quot;click&quot;,&quot;b&quot;:76}\">Chubascos con lluvias puntuales fuertes (25 a 50 mm):\u00a0Coahuila, Nuevo Le\u00f3n, Tamaulipas, Jalisco, Colima, Guanajuato y Estado de M\u00e9xico.<\/li>\n<li data-t=\"{&quot;n&quot;:&quot;blueLinks&quot;,&quot;t&quot;:13,&quot;a&quot;:&quot;click&quot;,&quot;b&quot;:76}\">Intervalos de chubascos (5 a 25 mm):\u00a0San Luis Potos\u00ed, Zacatecas, Aguascalientes, Quer\u00e9taro, Hidalgo, Ciudad de M\u00e9xico y Tlaxcala.<\/li>\n<li data-t=\"{&quot;n&quot;:&quot;blueLinks&quot;,&quot;t&quot;:13,&quot;a&quot;:&quot;click&quot;,&quot;b&quot;:76}\">Lluvias aisladas (0.1 a 5 mm):\u00a0Baja California y Sonora.<\/li>\n<li data-t=\"{&quot;n&quot;:&quot;blueLinks&quot;,&quot;t&quot;:13,&quot;a&quot;:&quot;click&quot;,&quot;b&quot;:76}\">Viento de 10 a 20 km\/h con rachas de 40 a 60 km\/h:\u00a0Tabasco, Campeche, Yucat\u00e1n y Quintana Roo; con posibles\u00a0tolvaneras\u00a0en Baja California, Baja California Sur, Sonora, Sinaloa, Chihuahua, Durango, Zacatecas y San Luis Potos\u00ed.<\/li>\n<li data-t=\"{&quot;n&quot;:&quot;blueLinks&quot;,&quot;t&quot;:13,&quot;a&quot;:&quot;click&quot;,&quot;b&quot;:76}\">Viento de componente sur de 10 a 20 km\/h con rachas de 40 a 60 km\/h:\u00a0Coahuila, Nuevo Le\u00f3n y Tamaulipas.<\/li>\n<li data-t=\"{&quot;n&quot;:&quot;blueLinks&quot;,&quot;t&quot;:13,&quot;a&quot;:&quot;click&quot;,&quot;b&quot;:76}\">Temperaturas m\u00e1ximas de 40 a 45 \u00b0C:\u00a0Sonora, Chihuahua, Coahuila, Tamaulipas (sur), San Luis Potos\u00ed (oriente), Durango, Sinaloa, Michoac\u00e1n, Guerrero y Campeche.<\/li>\n<li data-t=\"{&quot;n&quot;:&quot;blueLinks&quot;,&quot;t&quot;:13,&quot;a&quot;:&quot;click&quot;,&quot;b&quot;:76}\">Temperaturas m\u00e1ximas de 35 a 40 \u00b0C:\u00a0Baja California, Baja California Sur, Nayarit, Jalisco, Colima, Nuevo Le\u00f3n, Zacatecas, Aguascalientes, Guanajuato, Quer\u00e9taro, Hidalgo, Puebla, Morelos, Oaxaca, Chiapas, Veracruz, Tabasco, Yucat\u00e1n y Quintana Roo.<\/li>\n<li data-t=\"{&quot;n&quot;:&quot;blueLinks&quot;,&quot;t&quot;:13,&quot;a&quot;:&quot;click&quot;,&quot;b&quot;:76}\">Temperatura m\u00e1xima de 30 a 35 \u00b0C:\u00a0Estado de M\u00e9xico (suroeste).<\/li>\n<\/ul>\n<\/div>\n<\/li>\n<li data-t=\"{&quot;n&quot;:&quot;blueLinks&quot;,&quot;t&quot;:13,&quot;a&quot;:&quot;click&quot;,&quot;b&quot;:76}\">Mi\u00e9rcoles 04 de junio:<\/li>\n<li data-t=\"{&quot;n&quot;:&quot;blueLinks&quot;,&quot;t&quot;:13,&quot;a&quot;:&quot;click&quot;,&quot;b&quot;:76}\">\n<div class=\"article-list-slot\">\n<ul>\n<li data-t=\"{&quot;n&quot;:&quot;blueLinks&quot;,&quot;t&quot;:13,&quot;a&quot;:&quot;click&quot;,&quot;b&quot;:76}\">Lluvias muy fuertes con puntuales intensas (75 a 150 mm):\u00a0Guerrero, Oaxaca, Veracruz y Chiapas.<\/li>\n<li data-t=\"{&quot;n&quot;:&quot;blueLinks&quot;,&quot;t&quot;:13,&quot;a&quot;:&quot;click&quot;,&quot;b&quot;:76}\">Lluvias fuertes con puntuales muy fuertes (50 a 75 mm):\u00a0Tabasco, Campeche, Yucat\u00e1n y Quintana Roo.<\/li>\n<li data-t=\"{&quot;n&quot;:&quot;blueLinks&quot;,&quot;t&quot;:13,&quot;a&quot;:&quot;click&quot;,&quot;b&quot;:76}\">Chubascos con lluvias puntuales fuertes (25 a 50 mm):\u00a0Jalisco, Colima, Michoac\u00e1n, Estado de M\u00e9xico, Morelos y Puebla.<\/li>\n<li data-t=\"{&quot;n&quot;:&quot;blueLinks&quot;,&quot;t&quot;:13,&quot;a&quot;:&quot;click&quot;,&quot;b&quot;:76}\">Intervalos de chubascos (5 a 25 mm):\u00a0Coahuila, Nuevo Le\u00f3n, Tamaulipas, San Luis Potos\u00ed y Zacatecas.<\/li>\n<li data-t=\"{&quot;n&quot;:&quot;blueLinks&quot;,&quot;t&quot;:13,&quot;a&quot;:&quot;click&quot;,&quot;b&quot;:76}\">Lluvias aisladas (0.1 a 5 mm):\u00a0Aguascalientes, Guanajuato, Quer\u00e9taro, Hidalgo, Ciudad de M\u00e9xico y Tlaxcala.<\/li>\n<li data-t=\"{&quot;n&quot;:&quot;blueLinks&quot;,&quot;t&quot;:13,&quot;a&quot;:&quot;click&quot;,&quot;b&quot;:76}\">Viento de componente sur de 20 a 30 km\/h con rachas de 60 a 70 km\/h:\u00a0Coahuila; de 10 a 20 km\/h con rachas de 40 a 60 km\/h: Nuevo Le\u00f3n y Tamaulipas.<\/li>\n<li data-t=\"{&quot;n&quot;:&quot;blueLinks&quot;,&quot;t&quot;:13,&quot;a&quot;:&quot;click&quot;,&quot;b&quot;:76}\">Viento de 10 a 20 km\/h con rachas de 40 a 60 km\/h:\u00a0Tabasco, Campeche, Yucat\u00e1n y Quintana Roo; con posibles\u00a0tolvaneras\u00a0en Baja California, Baja California Sur, Sonora, Sinaloa, Chihuahua, Durango, Zacatecas, San Luis Potos\u00ed, Aguascalientes y Guanajuato.<\/li>\n<li data-t=\"{&quot;n&quot;:&quot;blueLinks&quot;,&quot;t&quot;:13,&quot;a&quot;:&quot;click&quot;,&quot;b&quot;:76}\">Temperaturas m\u00e1ximas de 40 a 45 \u00b0C:\u00a0Sonora, Chihuahua, Coahuila, Tamaulipas (sur), San Luis Potos\u00ed (oriente), Durango, Sinaloa, Michoac\u00e1n, Guerrero y Campeche.<\/li>\n<li data-t=\"{&quot;n&quot;:&quot;blueLinks&quot;,&quot;t&quot;:13,&quot;a&quot;:&quot;click&quot;,&quot;b&quot;:76}\">Temperaturas m\u00e1ximas de 35 a 40 \u00b0C:\u00a0Baja California, Baja California Sur, Nayarit, Jalisco, Colima, Nuevo Le\u00f3n, Zacatecas, Aguascalientes, Guanajuato, Quer\u00e9taro, Hidalgo, Puebla, Morelos, Oaxaca, Chiapas, Veracruz, Tabasco, Yucat\u00e1n y Quintana Roo.<\/li>\n<li data-t=\"{&quot;n&quot;:&quot;blueLinks&quot;,&quot;t&quot;:13,&quot;a&quot;:&quot;click&quot;,&quot;b&quot;:76}\">Temperatura m\u00e1xima de 30 a 35 \u00b0C:\u00a0Estado de M\u00e9xico (suroeste).<\/li>\n<\/ul>\n<\/div>\n<\/li>\n<\/ul>\n<\/div>\n<h3 class=\"article-sub-heading\">Posibles consecuencias<\/h3>\n<p data-t=\"{&quot;n&quot;:&quot;blueLinks&quot;,&quot;t&quot;:13,&quot;a&quot;:&quot;click&quot;,&quot;b&quot;:76}\">Las\u00a0lluvias\u00a0pronosticadas podr\u00e1n estar acompa\u00f1adas de\u00a0descargas el\u00e9ctricas\u00a0y\u00a0ca\u00edda de granizo\u00a0. Las lluvias fuertes, muy fuertes y puntuales intensas podr\u00edan originar:<\/p>\n<div class=\"article-list-slot\">\n<ul>\n<li data-t=\"{&quot;n&quot;:&quot;blueLinks&quot;,&quot;t&quot;:13,&quot;a&quot;:&quot;click&quot;,&quot;b&quot;:76}\">Incremento en los niveles de r\u00edos y arroyos.<\/li>\n<li data-t=\"{&quot;n&quot;:&quot;blueLinks&quot;,&quot;t&quot;:13,&quot;a&quot;:&quot;click&quot;,&quot;b&quot;:76}\">Deslaves.<\/li>\n<li data-t=\"{&quot;n&quot;:&quot;blueLinks&quot;,&quot;t&quot;:13,&quot;a&quot;:&quot;click&quot;,&quot;b&quot;:76}\">Encharcamientos.<\/li>\n<li data-t=\"{&quot;n&quot;:&quot;blueLinks&quot;,&quot;t&quot;:13,&quot;a&quot;:&quot;click&quot;,&quot;b&quot;:76}\">Inundaciones en zonas bajas.<\/li>\n<\/ul>\n<\/div>\n<p data-t=\"{&quot;n&quot;:&quot;blueLinks&quot;,&quot;t&quot;:13,&quot;a&quot;:&quot;click&quot;,&quot;b&quot;:76}\">Las\u00a0rachas de viento\u00a0podr\u00edan ocasionar:<\/p>\n<div class=\"article-list-slot\">\n<ul>\n<li data-t=\"{&quot;n&quot;:&quot;blueLinks&quot;,&quot;t&quot;:13,&quot;a&quot;:&quot;click&quot;,&quot;b&quot;:76}\">Ca\u00edda de \u00e1rboles.<\/li>\n<li data-t=\"{&quot;n&quot;:&quot;blueLinks&quot;,&quot;t&quot;:13,&quot;a&quot;:&quot;click&quot;,&quot;b&quot;:76}\">Ca\u00edda de anuncios publicitarios.<\/li>\n<li data-t=\"{&quot;n&quot;:&quot;blueLinks&quot;,&quot;t&quot;:13,&quot;a&quot;:&quot;click&quot;,&quot;b&quot;:76}\">Incremento del riesgo de propagaci\u00f3n de incendios forestales.<\/li>\n<\/ul>\n<\/div>\n<p data-t=\"{&quot;n&quot;:&quot;blueLinks&quot;,&quot;t&quot;:13,&quot;a&quot;:&quot;click&quot;,&quot;b&quot;:76}\">Se recomienda a la poblaci\u00f3n mantenerse informada sobre las actualizaciones del SMN y seguir las instrucciones de las autoridades locales para garantizar su seguridad.<\/p>\n","protected":false},"excerpt":{"rendered":"<p>El Servicio Meteorol\u00f3gico Nacional (SMN), organismo oficial del Gobierno de M\u00e9xico, ha emitido un pron\u00f3stico de 72 a 96 horas (del lunes 02 al mi\u00e9rcoles 04 de junio de 2025), que incluye advertencias por\u00a0fuertes lluvias\u00a0y una\u00a0intensa nueva ola de calor\u00a0en varios estados del pa\u00eds. A continuaci\u00f3n, se detalla la situaci\u00f3n meteorol\u00f3gica prevista y sus posibles [&hellip;]<\/p>\n","protected":false},"author":4,"featured_media":115237,"comment_status":"closed","ping_status":"closed","sticky":false,"template":"","format":"standard","meta":{"footnotes":""},"categories":[10],"tags":[],"class_list":{"0":"post-115236","1":"post","2":"type-post","3":"status-publish","4":"format-standard","5":"has-post-thumbnail","7":"category-bienestar"},"yoast_head":"<!-- This site is optimized with the Yoast SEO plugin v27.5 - https:\/\/yoast.com\/product\/yoast-seo-wordpress\/ -->\n<title>SMN alerta por fuertes lluvias e intensa nueva ola de calor - Yucat\u00e1n en corto<\/title>\n<meta name=\"robots\" content=\"index, follow, max-snippet:-1, max-image-preview:large, max-video-preview:-1\" \/>\n<link rel=\"canonical\" href=\"https:\/\/www.yucatanencorto.com\/noticias\/smn-alerta-por-fuertes-lluvias-e-intensa-nueva-ola-de-calor\/\" \/>\n<meta property=\"og:locale\" content=\"es_ES\" \/>\n<meta property=\"og:type\" content=\"article\" \/>\n<meta property=\"og:title\" content=\"SMN alerta por fuertes lluvias e intensa nueva ola de calor - Yucat\u00e1n en corto\" \/>\n<meta property=\"og:description\" content=\"El Servicio Meteorol\u00f3gico Nacional (SMN), organismo oficial del Gobierno de M\u00e9xico, ha emitido un pron\u00f3stico de 72 a 96 horas (del lunes 02 al mi\u00e9rcoles 04 de junio de 2025), que incluye advertencias por\u00a0fuertes lluvias\u00a0y una\u00a0intensa nueva ola de calor\u00a0en varios estados del pa\u00eds. A continuaci\u00f3n, se detalla la situaci\u00f3n meteorol\u00f3gica prevista y sus posibles [&hellip;]\" \/>\n<meta property=\"og:url\" content=\"https:\/\/www.yucatanencorto.com\/noticias\/smn-alerta-por-fuertes-lluvias-e-intensa-nueva-ola-de-calor\/\" \/>\n<meta property=\"og:site_name\" content=\"Yucat\u00e1n en corto\" \/>\n<meta property=\"article:publisher\" content=\"http:\/\/www.facebook.com\/yucatanencorto\" \/>\n<meta property=\"article:published_time\" content=\"2025-06-02T17:13:38+00:00\" \/>\n<meta property=\"og:image\" content=\"https:\/\/www.yucatanencorto.com\/noticias\/wp-content\/uploads\/2025\/06\/tendremos-panorama-adverso-en-mexico-efectos-de-un-frente-frio-y-posible-ciclon-tropical-la-proxima-semana-temporada-de-lluvias-calor-1747975048727_320.webp\" \/>\n\t<meta property=\"og:image:width\" content=\"320\" \/>\n\t<meta property=\"og:image:height\" content=\"225\" \/>\n\t<meta property=\"og:image:type\" content=\"image\/webp\" \/>\n<meta name=\"author\" content=\"Yucat\u00e1n en Corto\" \/>\n<meta name=\"twitter:card\" content=\"summary_large_image\" \/>\n<meta name=\"twitter:creator\" content=\"@yucatanencorto\" \/>\n<meta name=\"twitter:site\" content=\"@yucatanencorto\" \/>\n<meta name=\"twitter:label1\" content=\"Escrito por\" \/>\n\t<meta name=\"twitter:data1\" content=\"Yucat\u00e1n en Corto\" \/>\n\t<meta name=\"twitter:label2\" content=\"Tiempo de lectura\" \/>\n\t<meta name=\"twitter:data2\" content=\"6 minutos\" \/>\n<script type=\"application\/ld+json\" class=\"yoast-schema-graph\">{\"@context\":\"https:\\\/\\\/schema.org\",\"@graph\":[{\"@type\":\"Article\",\"@id\":\"https:\\\/\\\/www.yucatanencorto.com\\\/noticias\\\/smn-alerta-por-fuertes-lluvias-e-intensa-nueva-ola-de-calor\\\/#article\",\"isPartOf\":{\"@id\":\"https:\\\/\\\/www.yucatanencorto.com\\\/noticias\\\/smn-alerta-por-fuertes-lluvias-e-intensa-nueva-ola-de-calor\\\/\"},\"author\":{\"name\":\"Yucat\u00e1n en Corto\",\"@id\":\"https:\\\/\\\/www.yucatanencorto.com\\\/noticias\\\/#\\\/schema\\\/person\\\/f0ec40c33447bbc0dc2d01d3006de771\"},\"headline\":\"SMN alerta por fuertes lluvias e intensa nueva ola de calor\",\"datePublished\":\"2025-06-02T17:13:38+00:00\",\"mainEntityOfPage\":{\"@id\":\"https:\\\/\\\/www.yucatanencorto.com\\\/noticias\\\/smn-alerta-por-fuertes-lluvias-e-intensa-nueva-ola-de-calor\\\/\"},\"wordCount\":1189,\"image\":{\"@id\":\"https:\\\/\\\/www.yucatanencorto.com\\\/noticias\\\/smn-alerta-por-fuertes-lluvias-e-intensa-nueva-ola-de-calor\\\/#primaryimage\"},\"thumbnailUrl\":\"https:\\\/\\\/www.yucatanencorto.com\\\/noticias\\\/wp-content\\\/uploads\\\/2025\\\/06\\\/tendremos-panorama-adverso-en-mexico-efectos-de-un-frente-frio-y-posible-ciclon-tropical-la-proxima-semana-temporada-de-lluvias-calor-1747975048727_320.webp\",\"articleSection\":[\"Bienestar\"],\"inLanguage\":\"es\"},{\"@type\":\"WebPage\",\"@id\":\"https:\\\/\\\/www.yucatanencorto.com\\\/noticias\\\/smn-alerta-por-fuertes-lluvias-e-intensa-nueva-ola-de-calor\\\/\",\"url\":\"https:\\\/\\\/www.yucatanencorto.com\\\/noticias\\\/smn-alerta-por-fuertes-lluvias-e-intensa-nueva-ola-de-calor\\\/\",\"name\":\"SMN alerta por fuertes lluvias e intensa nueva ola de calor - Yucat\u00e1n en corto\",\"isPartOf\":{\"@id\":\"https:\\\/\\\/www.yucatanencorto.com\\\/noticias\\\/#website\"},\"primaryImageOfPage\":{\"@id\":\"https:\\\/\\\/www.yucatanencorto.com\\\/noticias\\\/smn-alerta-por-fuertes-lluvias-e-intensa-nueva-ola-de-calor\\\/#primaryimage\"},\"image\":{\"@id\":\"https:\\\/\\\/www.yucatanencorto.com\\\/noticias\\\/smn-alerta-por-fuertes-lluvias-e-intensa-nueva-ola-de-calor\\\/#primaryimage\"},\"thumbnailUrl\":\"https:\\\/\\\/www.yucatanencorto.com\\\/noticias\\\/wp-content\\\/uploads\\\/2025\\\/06\\\/tendremos-panorama-adverso-en-mexico-efectos-de-un-frente-frio-y-posible-ciclon-tropical-la-proxima-semana-temporada-de-lluvias-calor-1747975048727_320.webp\",\"datePublished\":\"2025-06-02T17:13:38+00:00\",\"author\":{\"@id\":\"https:\\\/\\\/www.yucatanencorto.com\\\/noticias\\\/#\\\/schema\\\/person\\\/f0ec40c33447bbc0dc2d01d3006de771\"},\"breadcrumb\":{\"@id\":\"https:\\\/\\\/www.yucatanencorto.com\\\/noticias\\\/smn-alerta-por-fuertes-lluvias-e-intensa-nueva-ola-de-calor\\\/#breadcrumb\"},\"inLanguage\":\"es\",\"potentialAction\":[{\"@type\":\"ReadAction\",\"target\":[\"https:\\\/\\\/www.yucatanencorto.com\\\/noticias\\\/smn-alerta-por-fuertes-lluvias-e-intensa-nueva-ola-de-calor\\\/\"]}]},{\"@type\":\"ImageObject\",\"inLanguage\":\"es\",\"@id\":\"https:\\\/\\\/www.yucatanencorto.com\\\/noticias\\\/smn-alerta-por-fuertes-lluvias-e-intensa-nueva-ola-de-calor\\\/#primaryimage\",\"url\":\"https:\\\/\\\/www.yucatanencorto.com\\\/noticias\\\/wp-content\\\/uploads\\\/2025\\\/06\\\/tendremos-panorama-adverso-en-mexico-efectos-de-un-frente-frio-y-posible-ciclon-tropical-la-proxima-semana-temporada-de-lluvias-calor-1747975048727_320.webp\",\"contentUrl\":\"https:\\\/\\\/www.yucatanencorto.com\\\/noticias\\\/wp-content\\\/uploads\\\/2025\\\/06\\\/tendremos-panorama-adverso-en-mexico-efectos-de-un-frente-frio-y-posible-ciclon-tropical-la-proxima-semana-temporada-de-lluvias-calor-1747975048727_320.webp\",\"width\":320,\"height\":225},{\"@type\":\"BreadcrumbList\",\"@id\":\"https:\\\/\\\/www.yucatanencorto.com\\\/noticias\\\/smn-alerta-por-fuertes-lluvias-e-intensa-nueva-ola-de-calor\\\/#breadcrumb\",\"itemListElement\":[{\"@type\":\"ListItem\",\"position\":1,\"name\":\"Portada\",\"item\":\"https:\\\/\\\/www.yucatanencorto.com\\\/noticias\\\/\"},{\"@type\":\"ListItem\",\"position\":2,\"name\":\"SMN alerta por fuertes lluvias e intensa nueva ola de calor\"}]},{\"@type\":\"WebSite\",\"@id\":\"https:\\\/\\\/www.yucatanencorto.com\\\/noticias\\\/#website\",\"url\":\"https:\\\/\\\/www.yucatanencorto.com\\\/noticias\\\/\",\"name\":\"Yucat\u00e1n en corto\",\"description\":\"Noticias\",\"potentialAction\":[{\"@type\":\"SearchAction\",\"target\":{\"@type\":\"EntryPoint\",\"urlTemplate\":\"https:\\\/\\\/www.yucatanencorto.com\\\/noticias\\\/?s={search_term_string}\"},\"query-input\":{\"@type\":\"PropertyValueSpecification\",\"valueRequired\":true,\"valueName\":\"search_term_string\"}}],\"inLanguage\":\"es\"},{\"@type\":\"Person\",\"@id\":\"https:\\\/\\\/www.yucatanencorto.com\\\/noticias\\\/#\\\/schema\\\/person\\\/f0ec40c33447bbc0dc2d01d3006de771\",\"name\":\"Yucat\u00e1n en Corto\",\"image\":{\"@type\":\"ImageObject\",\"inLanguage\":\"es\",\"@id\":\"https:\\\/\\\/secure.gravatar.com\\\/avatar\\\/20e0a6b626f38fa8e545fb3f80ce566efd790bf8877e65c3a482460cc3e0b5d1?s=96&d=mm&r=g\",\"url\":\"https:\\\/\\\/secure.gravatar.com\\\/avatar\\\/20e0a6b626f38fa8e545fb3f80ce566efd790bf8877e65c3a482460cc3e0b5d1?s=96&d=mm&r=g\",\"contentUrl\":\"https:\\\/\\\/secure.gravatar.com\\\/avatar\\\/20e0a6b626f38fa8e545fb3f80ce566efd790bf8877e65c3a482460cc3e0b5d1?s=96&d=mm&r=g\",\"caption\":\"Yucat\u00e1n en Corto\"},\"url\":\"https:\\\/\\\/www.yucatanencorto.com\\\/noticias\\\/author\\\/editor25\\\/\"}]}<\/script>\n<!-- \/ Yoast SEO plugin. -->","yoast_head_json":{"title":"SMN alerta por fuertes lluvias e intensa nueva ola de calor - Yucat\u00e1n en corto","robots":{"index":"index","follow":"follow","max-snippet":"max-snippet:-1","max-image-preview":"max-image-preview:large","max-video-preview":"max-video-preview:-1"},"canonical":"https:\/\/www.yucatanencorto.com\/noticias\/smn-alerta-por-fuertes-lluvias-e-intensa-nueva-ola-de-calor\/","og_locale":"es_ES","og_type":"article","og_title":"SMN alerta por fuertes lluvias e intensa nueva ola de calor - Yucat\u00e1n en corto","og_description":"El Servicio Meteorol\u00f3gico Nacional (SMN), organismo oficial del Gobierno de M\u00e9xico, ha emitido un pron\u00f3stico de 72 a 96 horas (del lunes 02 al mi\u00e9rcoles 04 de junio de 2025), que incluye advertencias por\u00a0fuertes lluvias\u00a0y una\u00a0intensa nueva ola de calor\u00a0en varios estados del pa\u00eds. A continuaci\u00f3n, se detalla la situaci\u00f3n meteorol\u00f3gica prevista y sus posibles [&hellip;]","og_url":"https:\/\/www.yucatanencorto.com\/noticias\/smn-alerta-por-fuertes-lluvias-e-intensa-nueva-ola-de-calor\/","og_site_name":"Yucat\u00e1n en corto","article_publisher":"http:\/\/www.facebook.com\/yucatanencorto","article_published_time":"2025-06-02T17:13:38+00:00","og_image":[{"width":320,"height":225,"url":"https:\/\/www.yucatanencorto.com\/noticias\/wp-content\/uploads\/2025\/06\/tendremos-panorama-adverso-en-mexico-efectos-de-un-frente-frio-y-posible-ciclon-tropical-la-proxima-semana-temporada-de-lluvias-calor-1747975048727_320.webp","type":"image\/webp"}],"author":"Yucat\u00e1n en Corto","twitter_card":"summary_large_image","twitter_creator":"@yucatanencorto","twitter_site":"@yucatanencorto","twitter_misc":{"Escrito por":"Yucat\u00e1n en Corto","Tiempo de lectura":"6 minutos"},"schema":{"@context":"https:\/\/schema.org","@graph":[{"@type":"Article","@id":"https:\/\/www.yucatanencorto.com\/noticias\/smn-alerta-por-fuertes-lluvias-e-intensa-nueva-ola-de-calor\/#article","isPartOf":{"@id":"https:\/\/www.yucatanencorto.com\/noticias\/smn-alerta-por-fuertes-lluvias-e-intensa-nueva-ola-de-calor\/"},"author":{"name":"Yucat\u00e1n en Corto","@id":"https:\/\/www.yucatanencorto.com\/noticias\/#\/schema\/person\/f0ec40c33447bbc0dc2d01d3006de771"},"headline":"SMN alerta por fuertes lluvias e intensa nueva ola de calor","datePublished":"2025-06-02T17:13:38+00:00","mainEntityOfPage":{"@id":"https:\/\/www.yucatanencorto.com\/noticias\/smn-alerta-por-fuertes-lluvias-e-intensa-nueva-ola-de-calor\/"},"wordCount":1189,"image":{"@id":"https:\/\/www.yucatanencorto.com\/noticias\/smn-alerta-por-fuertes-lluvias-e-intensa-nueva-ola-de-calor\/#primaryimage"},"thumbnailUrl":"https:\/\/www.yucatanencorto.com\/noticias\/wp-content\/uploads\/2025\/06\/tendremos-panorama-adverso-en-mexico-efectos-de-un-frente-frio-y-posible-ciclon-tropical-la-proxima-semana-temporada-de-lluvias-calor-1747975048727_320.webp","articleSection":["Bienestar"],"inLanguage":"es"},{"@type":"WebPage","@id":"https:\/\/www.yucatanencorto.com\/noticias\/smn-alerta-por-fuertes-lluvias-e-intensa-nueva-ola-de-calor\/","url":"https:\/\/www.yucatanencorto.com\/noticias\/smn-alerta-por-fuertes-lluvias-e-intensa-nueva-ola-de-calor\/","name":"SMN alerta por fuertes lluvias e intensa nueva ola de calor - Yucat\u00e1n en corto","isPartOf":{"@id":"https:\/\/www.yucatanencorto.com\/noticias\/#website"},"primaryImageOfPage":{"@id":"https:\/\/www.yucatanencorto.com\/noticias\/smn-alerta-por-fuertes-lluvias-e-intensa-nueva-ola-de-calor\/#primaryimage"},"image":{"@id":"https:\/\/www.yucatanencorto.com\/noticias\/smn-alerta-por-fuertes-lluvias-e-intensa-nueva-ola-de-calor\/#primaryimage"},"thumbnailUrl":"https:\/\/www.yucatanencorto.com\/noticias\/wp-content\/uploads\/2025\/06\/tendremos-panorama-adverso-en-mexico-efectos-de-un-frente-frio-y-posible-ciclon-tropical-la-proxima-semana-temporada-de-lluvias-calor-1747975048727_320.webp","datePublished":"2025-06-02T17:13:38+00:00","author":{"@id":"https:\/\/www.yucatanencorto.com\/noticias\/#\/schema\/person\/f0ec40c33447bbc0dc2d01d3006de771"},"breadcrumb":{"@id":"https:\/\/www.yucatanencorto.com\/noticias\/smn-alerta-por-fuertes-lluvias-e-intensa-nueva-ola-de-calor\/#breadcrumb"},"inLanguage":"es","potentialAction":[{"@type":"ReadAction","target":["https:\/\/www.yucatanencorto.com\/noticias\/smn-alerta-por-fuertes-lluvias-e-intensa-nueva-ola-de-calor\/"]}]},{"@type":"ImageObject","inLanguage":"es","@id":"https:\/\/www.yucatanencorto.com\/noticias\/smn-alerta-por-fuertes-lluvias-e-intensa-nueva-ola-de-calor\/#primaryimage","url":"https:\/\/www.yucatanencorto.com\/noticias\/wp-content\/uploads\/2025\/06\/tendremos-panorama-adverso-en-mexico-efectos-de-un-frente-frio-y-posible-ciclon-tropical-la-proxima-semana-temporada-de-lluvias-calor-1747975048727_320.webp","contentUrl":"https:\/\/www.yucatanencorto.com\/noticias\/wp-content\/uploads\/2025\/06\/tendremos-panorama-adverso-en-mexico-efectos-de-un-frente-frio-y-posible-ciclon-tropical-la-proxima-semana-temporada-de-lluvias-calor-1747975048727_320.webp","width":320,"height":225},{"@type":"BreadcrumbList","@id":"https:\/\/www.yucatanencorto.com\/noticias\/smn-alerta-por-fuertes-lluvias-e-intensa-nueva-ola-de-calor\/#breadcrumb","itemListElement":[{"@type":"ListItem","position":1,"name":"Portada","item":"https:\/\/www.yucatanencorto.com\/noticias\/"},{"@type":"ListItem","position":2,"name":"SMN alerta por fuertes lluvias e intensa nueva ola de calor"}]},{"@type":"WebSite","@id":"https:\/\/www.yucatanencorto.com\/noticias\/#website","url":"https:\/\/www.yucatanencorto.com\/noticias\/","name":"Yucat\u00e1n en corto","description":"Noticias","potentialAction":[{"@type":"SearchAction","target":{"@type":"EntryPoint","urlTemplate":"https:\/\/www.yucatanencorto.com\/noticias\/?s={search_term_string}"},"query-input":{"@type":"PropertyValueSpecification","valueRequired":true,"valueName":"search_term_string"}}],"inLanguage":"es"},{"@type":"Person","@id":"https:\/\/www.yucatanencorto.com\/noticias\/#\/schema\/person\/f0ec40c33447bbc0dc2d01d3006de771","name":"Yucat\u00e1n en Corto","image":{"@type":"ImageObject","inLanguage":"es","@id":"https:\/\/secure.gravatar.com\/avatar\/20e0a6b626f38fa8e545fb3f80ce566efd790bf8877e65c3a482460cc3e0b5d1?s=96&d=mm&r=g","url":"https:\/\/secure.gravatar.com\/avatar\/20e0a6b626f38fa8e545fb3f80ce566efd790bf8877e65c3a482460cc3e0b5d1?s=96&d=mm&r=g","contentUrl":"https:\/\/secure.gravatar.com\/avatar\/20e0a6b626f38fa8e545fb3f80ce566efd790bf8877e65c3a482460cc3e0b5d1?s=96&d=mm&r=g","caption":"Yucat\u00e1n en Corto"},"url":"https:\/\/www.yucatanencorto.com\/noticias\/author\/editor25\/"}]}},"_links":{"self":[{"href":"https:\/\/www.yucatanencorto.com\/noticias\/wp-json\/wp\/v2\/posts\/115236","targetHints":{"allow":["GET"]}}],"collection":[{"href":"https:\/\/www.yucatanencorto.com\/noticias\/wp-json\/wp\/v2\/posts"}],"about":[{"href":"https:\/\/www.yucatanencorto.com\/noticias\/wp-json\/wp\/v2\/types\/post"}],"author":[{"embeddable":true,"href":"https:\/\/www.yucatanencorto.com\/noticias\/wp-json\/wp\/v2\/users\/4"}],"replies":[{"embeddable":true,"href":"https:\/\/www.yucatanencorto.com\/noticias\/wp-json\/wp\/v2\/comments?post=115236"}],"version-history":[{"count":0,"href":"https:\/\/www.yucatanencorto.com\/noticias\/wp-json\/wp\/v2\/posts\/115236\/revisions"}],"wp:featuredmedia":[{"embeddable":true,"href":"https:\/\/www.yucatanencorto.com\/noticias\/wp-json\/wp\/v2\/media\/115237"}],"wp:attachment":[{"href":"https:\/\/www.yucatanencorto.com\/noticias\/wp-json\/wp\/v2\/media?parent=115236"}],"wp:term":[{"taxonomy":"category","embeddable":true,"href":"https:\/\/www.yucatanencorto.com\/noticias\/wp-json\/wp\/v2\/categories?post=115236"},{"taxonomy":"post_tag","embeddable":true,"href":"https:\/\/www.yucatanencorto.com\/noticias\/wp-json\/wp\/v2\/tags?post=115236"}],"curies":[{"name":"wp","href":"https:\/\/api.w.org\/{rel}","templated":true}]}}