{"id":115397,"date":"2025-07-15T09:28:45","date_gmt":"2025-07-15T15:28:45","guid":{"rendered":"https:\/\/www.yucatanencorto.com\/noticias\/?p=115397"},"modified":"2025-07-15T09:55:52","modified_gmt":"2025-07-15T15:55:52","slug":"impone-eu-arancel-a-jitomate-mexicano","status":"publish","type":"post","link":"https:\/\/www.yucatanencorto.com\/noticias\/impone-eu-arancel-a-jitomate-mexicano\/","title":{"rendered":"Impone EU arancel a jitomate mexicano"},"content":{"rendered":"<p data-t=\"{&quot;n&quot;:&quot;blueLinks&quot;,&quot;t&quot;:13,&quot;a&quot;:&quot;click&quot;,&quot;b&quot;:76}\"><img loading=\"lazy\" decoding=\"async\" class=\"alignnone size-full wp-image-115398\" src=\"https:\/\/www.yucatanencorto.com\/noticias\/wp-content\/uploads\/2025\/07\/recetas-jitomates-maduros-e1568685416223-scaled.jpg\" alt=\"\" width=\"768\" height=\"491\" srcset=\"https:\/\/www.yucatanencorto.com\/noticias\/wp-content\/uploads\/2025\/07\/recetas-jitomates-maduros-e1568685416223-scaled.jpg 768w, https:\/\/www.yucatanencorto.com\/noticias\/wp-content\/uploads\/2025\/07\/recetas-jitomates-maduros-e1568685416223-150x96.jpg 150w, https:\/\/www.yucatanencorto.com\/noticias\/wp-content\/uploads\/2025\/07\/recetas-jitomates-maduros-e1568685416223-300x192.jpg 300w, https:\/\/www.yucatanencorto.com\/noticias\/wp-content\/uploads\/2025\/07\/recetas-jitomates-maduros-e1568685416223-696x445.jpg 696w, https:\/\/www.yucatanencorto.com\/noticias\/wp-content\/uploads\/2025\/07\/recetas-jitomates-maduros-e1568685416223-1068x683.jpg 1068w\" sizes=\"auto, (max-width: 768px) 100vw, 768px\" \/><\/p>\n<p data-t=\"{&quot;n&quot;:&quot;blueLinks&quot;,&quot;t&quot;:13,&quot;a&quot;:&quot;click&quot;,&quot;b&quot;:76}\">El\u00a0Departamento de Comercio\u00a0de Estados Unidos anunci\u00f3 en abril su retirada del\u00a0Acuerdo de Suspensi\u00f3n de 2019\u00a0sobre Tomates Frescos de M\u00e9xico. Como parte del mismo, M\u00e9xico ten\u00eda que vender sus tomates a un precio m\u00ednimo y cumplir con otras reglas. El convenio fue objeto de\u00a0revisiones peri\u00f3dicas, pero ambas partes siempre llegaban a un acuerdo que evitaba los aranceles. En esta ocasi\u00f3n, el pacto expir\u00f3 el primer minuto de este lunes\u00a0sin pr\u00f3rroga.<\/p>\n<div class=\"intra-article-module\" data-t=\"{&quot;n&quot;:&quot;intraArticle&quot;,&quot;t&quot;:13}\"><\/div>\n<p data-t=\"{&quot;n&quot;:&quot;blueLinks&quot;,&quot;t&quot;:13,&quot;a&quot;:&quot;click&quot;,&quot;b&quot;:76}\">\u201cLa anulaci\u00f3n del Acuerdo de suspensi\u00f3n de 2019 ya se ha formalizado, lo que permite la imposici\u00f3n del arancel\u2026 A partir de hoy, los env\u00edos de tomate mexicano est\u00e1n sujetos al\u00a0nuevo impuesto. Las empresas deben ajustar sus precios y log\u00edstica, aunque a\u00fan est\u00e1 pendiente la publicaci\u00f3n oficial\u201d, explic\u00f3 una fuente del Departamento de Comercio estadounidense.<\/p>\n<p data-t=\"{&quot;n&quot;:&quot;blueLinks&quot;,&quot;t&quot;:13,&quot;a&quot;:&quot;click&quot;,&quot;b&quot;:76}\">El secretario de Comercio,\u00a0Howard Lutnick, dijo que \u201cM\u00e9xico sigue siendo uno de nuestros m\u00e1s grandes aliados, pero durante mucho tiempo, nuestros granjeros han sido aplastados por pr\u00e1cticas comerciales injustas que reducen los\u00a0precios de productos\u00a0como el jitomate. Eso termina hoy\u201d.<\/p>\n<p class=\"continue-read-break\" data-t=\"{&quot;n&quot;:&quot;blueLinks&quot;,&quot;t&quot;:13,&quot;a&quot;:&quot;click&quot;,&quot;b&quot;:76}\">Por su parte, el Grupo Consultor de Mercados Agr\u00edcolas (GCMA) explic\u00f3 que habr\u00e1 una cuota diferenciada para siete empresas, en un rango de 2.81% y hasta 273.43%, y para el resto de las\u00a0compa\u00f1\u00edas exportadoras\u00a0se aplicar\u00e1 la tasa de 17.09%.<\/p>\n<p data-t=\"{&quot;n&quot;:&quot;blueLinks&quot;,&quot;t&quot;:13,&quot;a&quot;:&quot;click&quot;,&quot;b&quot;:76}\">Ante esto, el gobierno de M\u00e9xico calific\u00f3 como injusta la medida. En un comunicado conjunto, las secretar\u00edas de Econom\u00eda y Agricultura se\u00f1alaron que esta decisi\u00f3n\u00a0perjudica\u00a0tanto a los productores mexicanos como a la\u00a0cadena agroalimentaria de EU.<\/p>\n<p data-t=\"{&quot;n&quot;:&quot;blueLinks&quot;,&quot;t&quot;:13,&quot;a&quot;:&quot;click&quot;,&quot;b&quot;:76}\">El mercado de consumo de tomate fresco en Estados Unidos asciende a 6 mil 500 millones de libras, de las cuales, 4 mil 300 millones son abastecidas por mexicanos, por lo que no hay en corto ni a mediano plazo pa\u00edses en el mundo que lo reemplacen, expusieron los\u00a0organismos agr\u00edcolas del pa\u00eds.<\/p>\n<p data-t=\"{&quot;n&quot;:&quot;blueLinks&quot;,&quot;t&quot;:13,&quot;a&quot;:&quot;click&quot;,&quot;b&quot;:76}\">La Asociaci\u00f3n Mexicana de Horticultura Protegida, la Confederaci\u00f3n de Asociaciones Agr\u00edcolas del Estado de Sinaloa, la Asociaci\u00f3n de Productores de Hortalizas del Yaqui-Mayo, el Consejo Agr\u00edcola de Baja California y el Sistema Producto Tomate Nacional indicaron que buscar\u00e1n un mecanismo que permita normalizar la situaci\u00f3n.<\/p>\n<p data-t=\"{&quot;n&quot;:&quot;blueLinks&quot;,&quot;t&quot;:13,&quot;a&quot;:&quot;click&quot;,&quot;b&quot;:76}\">Agregaron que la imposici\u00f3n de un arancel de 17.09% afectar\u00e1 al cultivo de tomate rojo en Sinaloa que emplea a 50 mil personas.<\/p>\n","protected":false},"excerpt":{"rendered":"<p>El\u00a0Departamento de Comercio\u00a0de Estados Unidos anunci\u00f3 en abril su retirada del\u00a0Acuerdo de Suspensi\u00f3n de 2019\u00a0sobre Tomates Frescos de M\u00e9xico. Como parte del mismo, M\u00e9xico ten\u00eda que vender sus tomates a un precio m\u00ednimo y cumplir con otras reglas. El convenio fue objeto de\u00a0revisiones peri\u00f3dicas, pero ambas partes siempre llegaban a un acuerdo que evitaba los [&hellip;]<\/p>\n","protected":false},"author":4,"featured_media":115398,"comment_status":"closed","ping_status":"closed","sticky":false,"template":"","format":"standard","meta":{"footnotes":""},"categories":[4],"tags":[],"class_list":{"0":"post-115397","1":"post","2":"type-post","3":"status-publish","4":"format-standard","5":"has-post-thumbnail","7":"category-mexico"},"yoast_head":"<!-- This site is optimized with the Yoast SEO plugin v27.5 - https:\/\/yoast.com\/product\/yoast-seo-wordpress\/ -->\n<title>Impone EU arancel a jitomate mexicano - Yucat\u00e1n en corto<\/title>\n<meta name=\"robots\" content=\"index, follow, max-snippet:-1, max-image-preview:large, max-video-preview:-1\" \/>\n<link rel=\"canonical\" href=\"https:\/\/www.yucatanencorto.com\/noticias\/impone-eu-arancel-a-jitomate-mexicano\/\" \/>\n<meta property=\"og:locale\" content=\"es_ES\" \/>\n<meta property=\"og:type\" content=\"article\" \/>\n<meta property=\"og:title\" content=\"Impone EU arancel a jitomate mexicano - Yucat\u00e1n en corto\" \/>\n<meta property=\"og:description\" content=\"El\u00a0Departamento de Comercio\u00a0de Estados Unidos anunci\u00f3 en abril su retirada del\u00a0Acuerdo de Suspensi\u00f3n de 2019\u00a0sobre Tomates Frescos de M\u00e9xico. Como parte del mismo, M\u00e9xico ten\u00eda que vender sus tomates a un precio m\u00ednimo y cumplir con otras reglas. El convenio fue objeto de\u00a0revisiones peri\u00f3dicas, pero ambas partes siempre llegaban a un acuerdo que evitaba los [&hellip;]\" \/>\n<meta property=\"og:url\" content=\"https:\/\/www.yucatanencorto.com\/noticias\/impone-eu-arancel-a-jitomate-mexicano\/\" \/>\n<meta property=\"og:site_name\" content=\"Yucat\u00e1n en corto\" \/>\n<meta property=\"article:publisher\" content=\"http:\/\/www.facebook.com\/yucatanencorto\" \/>\n<meta property=\"article:published_time\" content=\"2025-07-15T15:28:45+00:00\" \/>\n<meta property=\"article:modified_time\" content=\"2025-07-15T15:55:52+00:00\" \/>\n<meta property=\"og:image\" content=\"https:\/\/www.yucatanencorto.com\/noticias\/wp-content\/uploads\/2025\/07\/recetas-jitomates-maduros-e1568685416223-scaled.jpg\" \/>\n\t<meta property=\"og:image:width\" content=\"768\" \/>\n\t<meta property=\"og:image:height\" content=\"491\" \/>\n\t<meta property=\"og:image:type\" content=\"image\/jpeg\" \/>\n<meta name=\"author\" content=\"Yucat\u00e1n en Corto\" \/>\n<meta name=\"twitter:card\" content=\"summary_large_image\" \/>\n<meta name=\"twitter:creator\" content=\"@yucatanencorto\" \/>\n<meta name=\"twitter:site\" content=\"@yucatanencorto\" \/>\n<meta name=\"twitter:label1\" content=\"Escrito por\" \/>\n\t<meta name=\"twitter:data1\" content=\"Yucat\u00e1n en Corto\" \/>\n\t<meta name=\"twitter:label2\" content=\"Tiempo de lectura\" \/>\n\t<meta name=\"twitter:data2\" content=\"3 minutos\" \/>\n<script type=\"application\/ld+json\" class=\"yoast-schema-graph\">{\"@context\":\"https:\\\/\\\/schema.org\",\"@graph\":[{\"@type\":\"Article\",\"@id\":\"https:\\\/\\\/www.yucatanencorto.com\\\/noticias\\\/impone-eu-arancel-a-jitomate-mexicano\\\/#article\",\"isPartOf\":{\"@id\":\"https:\\\/\\\/www.yucatanencorto.com\\\/noticias\\\/impone-eu-arancel-a-jitomate-mexicano\\\/\"},\"author\":{\"name\":\"Yucat\u00e1n en Corto\",\"@id\":\"https:\\\/\\\/www.yucatanencorto.com\\\/noticias\\\/#\\\/schema\\\/person\\\/f0ec40c33447bbc0dc2d01d3006de771\"},\"headline\":\"Impone EU arancel a jitomate mexicano\",\"datePublished\":\"2025-07-15T15:28:45+00:00\",\"dateModified\":\"2025-07-15T15:55:52+00:00\",\"mainEntityOfPage\":{\"@id\":\"https:\\\/\\\/www.yucatanencorto.com\\\/noticias\\\/impone-eu-arancel-a-jitomate-mexicano\\\/\"},\"wordCount\":405,\"image\":{\"@id\":\"https:\\\/\\\/www.yucatanencorto.com\\\/noticias\\\/impone-eu-arancel-a-jitomate-mexicano\\\/#primaryimage\"},\"thumbnailUrl\":\"https:\\\/\\\/www.yucatanencorto.com\\\/noticias\\\/wp-content\\\/uploads\\\/2025\\\/07\\\/recetas-jitomates-maduros-e1568685416223-scaled.jpg\",\"articleSection\":[\"M\u00e9xico\"],\"inLanguage\":\"es\"},{\"@type\":\"WebPage\",\"@id\":\"https:\\\/\\\/www.yucatanencorto.com\\\/noticias\\\/impone-eu-arancel-a-jitomate-mexicano\\\/\",\"url\":\"https:\\\/\\\/www.yucatanencorto.com\\\/noticias\\\/impone-eu-arancel-a-jitomate-mexicano\\\/\",\"name\":\"Impone EU arancel a jitomate mexicano - Yucat\u00e1n en corto\",\"isPartOf\":{\"@id\":\"https:\\\/\\\/www.yucatanencorto.com\\\/noticias\\\/#website\"},\"primaryImageOfPage\":{\"@id\":\"https:\\\/\\\/www.yucatanencorto.com\\\/noticias\\\/impone-eu-arancel-a-jitomate-mexicano\\\/#primaryimage\"},\"image\":{\"@id\":\"https:\\\/\\\/www.yucatanencorto.com\\\/noticias\\\/impone-eu-arancel-a-jitomate-mexicano\\\/#primaryimage\"},\"thumbnailUrl\":\"https:\\\/\\\/www.yucatanencorto.com\\\/noticias\\\/wp-content\\\/uploads\\\/2025\\\/07\\\/recetas-jitomates-maduros-e1568685416223-scaled.jpg\",\"datePublished\":\"2025-07-15T15:28:45+00:00\",\"dateModified\":\"2025-07-15T15:55:52+00:00\",\"author\":{\"@id\":\"https:\\\/\\\/www.yucatanencorto.com\\\/noticias\\\/#\\\/schema\\\/person\\\/f0ec40c33447bbc0dc2d01d3006de771\"},\"breadcrumb\":{\"@id\":\"https:\\\/\\\/www.yucatanencorto.com\\\/noticias\\\/impone-eu-arancel-a-jitomate-mexicano\\\/#breadcrumb\"},\"inLanguage\":\"es\",\"potentialAction\":[{\"@type\":\"ReadAction\",\"target\":[\"https:\\\/\\\/www.yucatanencorto.com\\\/noticias\\\/impone-eu-arancel-a-jitomate-mexicano\\\/\"]}]},{\"@type\":\"ImageObject\",\"inLanguage\":\"es\",\"@id\":\"https:\\\/\\\/www.yucatanencorto.com\\\/noticias\\\/impone-eu-arancel-a-jitomate-mexicano\\\/#primaryimage\",\"url\":\"https:\\\/\\\/www.yucatanencorto.com\\\/noticias\\\/wp-content\\\/uploads\\\/2025\\\/07\\\/recetas-jitomates-maduros-e1568685416223-scaled.jpg\",\"contentUrl\":\"https:\\\/\\\/www.yucatanencorto.com\\\/noticias\\\/wp-content\\\/uploads\\\/2025\\\/07\\\/recetas-jitomates-maduros-e1568685416223-scaled.jpg\",\"width\":768,\"height\":491},{\"@type\":\"BreadcrumbList\",\"@id\":\"https:\\\/\\\/www.yucatanencorto.com\\\/noticias\\\/impone-eu-arancel-a-jitomate-mexicano\\\/#breadcrumb\",\"itemListElement\":[{\"@type\":\"ListItem\",\"position\":1,\"name\":\"Portada\",\"item\":\"https:\\\/\\\/www.yucatanencorto.com\\\/noticias\\\/\"},{\"@type\":\"ListItem\",\"position\":2,\"name\":\"Impone EU arancel a jitomate mexicano\"}]},{\"@type\":\"WebSite\",\"@id\":\"https:\\\/\\\/www.yucatanencorto.com\\\/noticias\\\/#website\",\"url\":\"https:\\\/\\\/www.yucatanencorto.com\\\/noticias\\\/\",\"name\":\"Yucat\u00e1n en corto\",\"description\":\"Noticias\",\"potentialAction\":[{\"@type\":\"SearchAction\",\"target\":{\"@type\":\"EntryPoint\",\"urlTemplate\":\"https:\\\/\\\/www.yucatanencorto.com\\\/noticias\\\/?s={search_term_string}\"},\"query-input\":{\"@type\":\"PropertyValueSpecification\",\"valueRequired\":true,\"valueName\":\"search_term_string\"}}],\"inLanguage\":\"es\"},{\"@type\":\"Person\",\"@id\":\"https:\\\/\\\/www.yucatanencorto.com\\\/noticias\\\/#\\\/schema\\\/person\\\/f0ec40c33447bbc0dc2d01d3006de771\",\"name\":\"Yucat\u00e1n en Corto\",\"image\":{\"@type\":\"ImageObject\",\"inLanguage\":\"es\",\"@id\":\"https:\\\/\\\/secure.gravatar.com\\\/avatar\\\/20e0a6b626f38fa8e545fb3f80ce566efd790bf8877e65c3a482460cc3e0b5d1?s=96&d=mm&r=g\",\"url\":\"https:\\\/\\\/secure.gravatar.com\\\/avatar\\\/20e0a6b626f38fa8e545fb3f80ce566efd790bf8877e65c3a482460cc3e0b5d1?s=96&d=mm&r=g\",\"contentUrl\":\"https:\\\/\\\/secure.gravatar.com\\\/avatar\\\/20e0a6b626f38fa8e545fb3f80ce566efd790bf8877e65c3a482460cc3e0b5d1?s=96&d=mm&r=g\",\"caption\":\"Yucat\u00e1n en Corto\"},\"url\":\"https:\\\/\\\/www.yucatanencorto.com\\\/noticias\\\/author\\\/editor25\\\/\"}]}<\/script>\n<!-- \/ Yoast SEO plugin. -->","yoast_head_json":{"title":"Impone EU arancel a jitomate mexicano - Yucat\u00e1n en corto","robots":{"index":"index","follow":"follow","max-snippet":"max-snippet:-1","max-image-preview":"max-image-preview:large","max-video-preview":"max-video-preview:-1"},"canonical":"https:\/\/www.yucatanencorto.com\/noticias\/impone-eu-arancel-a-jitomate-mexicano\/","og_locale":"es_ES","og_type":"article","og_title":"Impone EU arancel a jitomate mexicano - Yucat\u00e1n en corto","og_description":"El\u00a0Departamento de Comercio\u00a0de Estados Unidos anunci\u00f3 en abril su retirada del\u00a0Acuerdo de Suspensi\u00f3n de 2019\u00a0sobre Tomates Frescos de M\u00e9xico. Como parte del mismo, M\u00e9xico ten\u00eda que vender sus tomates a un precio m\u00ednimo y cumplir con otras reglas. El convenio fue objeto de\u00a0revisiones peri\u00f3dicas, pero ambas partes siempre llegaban a un acuerdo que evitaba los [&hellip;]","og_url":"https:\/\/www.yucatanencorto.com\/noticias\/impone-eu-arancel-a-jitomate-mexicano\/","og_site_name":"Yucat\u00e1n en corto","article_publisher":"http:\/\/www.facebook.com\/yucatanencorto","article_published_time":"2025-07-15T15:28:45+00:00","article_modified_time":"2025-07-15T15:55:52+00:00","og_image":[{"width":768,"height":491,"url":"https:\/\/www.yucatanencorto.com\/noticias\/wp-content\/uploads\/2025\/07\/recetas-jitomates-maduros-e1568685416223-scaled.jpg","type":"image\/jpeg"}],"author":"Yucat\u00e1n en Corto","twitter_card":"summary_large_image","twitter_creator":"@yucatanencorto","twitter_site":"@yucatanencorto","twitter_misc":{"Escrito por":"Yucat\u00e1n en Corto","Tiempo de lectura":"3 minutos"},"schema":{"@context":"https:\/\/schema.org","@graph":[{"@type":"Article","@id":"https:\/\/www.yucatanencorto.com\/noticias\/impone-eu-arancel-a-jitomate-mexicano\/#article","isPartOf":{"@id":"https:\/\/www.yucatanencorto.com\/noticias\/impone-eu-arancel-a-jitomate-mexicano\/"},"author":{"name":"Yucat\u00e1n en Corto","@id":"https:\/\/www.yucatanencorto.com\/noticias\/#\/schema\/person\/f0ec40c33447bbc0dc2d01d3006de771"},"headline":"Impone EU arancel a jitomate mexicano","datePublished":"2025-07-15T15:28:45+00:00","dateModified":"2025-07-15T15:55:52+00:00","mainEntityOfPage":{"@id":"https:\/\/www.yucatanencorto.com\/noticias\/impone-eu-arancel-a-jitomate-mexicano\/"},"wordCount":405,"image":{"@id":"https:\/\/www.yucatanencorto.com\/noticias\/impone-eu-arancel-a-jitomate-mexicano\/#primaryimage"},"thumbnailUrl":"https:\/\/www.yucatanencorto.com\/noticias\/wp-content\/uploads\/2025\/07\/recetas-jitomates-maduros-e1568685416223-scaled.jpg","articleSection":["M\u00e9xico"],"inLanguage":"es"},{"@type":"WebPage","@id":"https:\/\/www.yucatanencorto.com\/noticias\/impone-eu-arancel-a-jitomate-mexicano\/","url":"https:\/\/www.yucatanencorto.com\/noticias\/impone-eu-arancel-a-jitomate-mexicano\/","name":"Impone EU arancel a jitomate mexicano - Yucat\u00e1n en corto","isPartOf":{"@id":"https:\/\/www.yucatanencorto.com\/noticias\/#website"},"primaryImageOfPage":{"@id":"https:\/\/www.yucatanencorto.com\/noticias\/impone-eu-arancel-a-jitomate-mexicano\/#primaryimage"},"image":{"@id":"https:\/\/www.yucatanencorto.com\/noticias\/impone-eu-arancel-a-jitomate-mexicano\/#primaryimage"},"thumbnailUrl":"https:\/\/www.yucatanencorto.com\/noticias\/wp-content\/uploads\/2025\/07\/recetas-jitomates-maduros-e1568685416223-scaled.jpg","datePublished":"2025-07-15T15:28:45+00:00","dateModified":"2025-07-15T15:55:52+00:00","author":{"@id":"https:\/\/www.yucatanencorto.com\/noticias\/#\/schema\/person\/f0ec40c33447bbc0dc2d01d3006de771"},"breadcrumb":{"@id":"https:\/\/www.yucatanencorto.com\/noticias\/impone-eu-arancel-a-jitomate-mexicano\/#breadcrumb"},"inLanguage":"es","potentialAction":[{"@type":"ReadAction","target":["https:\/\/www.yucatanencorto.com\/noticias\/impone-eu-arancel-a-jitomate-mexicano\/"]}]},{"@type":"ImageObject","inLanguage":"es","@id":"https:\/\/www.yucatanencorto.com\/noticias\/impone-eu-arancel-a-jitomate-mexicano\/#primaryimage","url":"https:\/\/www.yucatanencorto.com\/noticias\/wp-content\/uploads\/2025\/07\/recetas-jitomates-maduros-e1568685416223-scaled.jpg","contentUrl":"https:\/\/www.yucatanencorto.com\/noticias\/wp-content\/uploads\/2025\/07\/recetas-jitomates-maduros-e1568685416223-scaled.jpg","width":768,"height":491},{"@type":"BreadcrumbList","@id":"https:\/\/www.yucatanencorto.com\/noticias\/impone-eu-arancel-a-jitomate-mexicano\/#breadcrumb","itemListElement":[{"@type":"ListItem","position":1,"name":"Portada","item":"https:\/\/www.yucatanencorto.com\/noticias\/"},{"@type":"ListItem","position":2,"name":"Impone EU arancel a jitomate mexicano"}]},{"@type":"WebSite","@id":"https:\/\/www.yucatanencorto.com\/noticias\/#website","url":"https:\/\/www.yucatanencorto.com\/noticias\/","name":"Yucat\u00e1n en corto","description":"Noticias","potentialAction":[{"@type":"SearchAction","target":{"@type":"EntryPoint","urlTemplate":"https:\/\/www.yucatanencorto.com\/noticias\/?s={search_term_string}"},"query-input":{"@type":"PropertyValueSpecification","valueRequired":true,"valueName":"search_term_string"}}],"inLanguage":"es"},{"@type":"Person","@id":"https:\/\/www.yucatanencorto.com\/noticias\/#\/schema\/person\/f0ec40c33447bbc0dc2d01d3006de771","name":"Yucat\u00e1n en Corto","image":{"@type":"ImageObject","inLanguage":"es","@id":"https:\/\/secure.gravatar.com\/avatar\/20e0a6b626f38fa8e545fb3f80ce566efd790bf8877e65c3a482460cc3e0b5d1?s=96&d=mm&r=g","url":"https:\/\/secure.gravatar.com\/avatar\/20e0a6b626f38fa8e545fb3f80ce566efd790bf8877e65c3a482460cc3e0b5d1?s=96&d=mm&r=g","contentUrl":"https:\/\/secure.gravatar.com\/avatar\/20e0a6b626f38fa8e545fb3f80ce566efd790bf8877e65c3a482460cc3e0b5d1?s=96&d=mm&r=g","caption":"Yucat\u00e1n en Corto"},"url":"https:\/\/www.yucatanencorto.com\/noticias\/author\/editor25\/"}]}},"_links":{"self":[{"href":"https:\/\/www.yucatanencorto.com\/noticias\/wp-json\/wp\/v2\/posts\/115397","targetHints":{"allow":["GET"]}}],"collection":[{"href":"https:\/\/www.yucatanencorto.com\/noticias\/wp-json\/wp\/v2\/posts"}],"about":[{"href":"https:\/\/www.yucatanencorto.com\/noticias\/wp-json\/wp\/v2\/types\/post"}],"author":[{"embeddable":true,"href":"https:\/\/www.yucatanencorto.com\/noticias\/wp-json\/wp\/v2\/users\/4"}],"replies":[{"embeddable":true,"href":"https:\/\/www.yucatanencorto.com\/noticias\/wp-json\/wp\/v2\/comments?post=115397"}],"version-history":[{"count":1,"href":"https:\/\/www.yucatanencorto.com\/noticias\/wp-json\/wp\/v2\/posts\/115397\/revisions"}],"predecessor-version":[{"id":115399,"href":"https:\/\/www.yucatanencorto.com\/noticias\/wp-json\/wp\/v2\/posts\/115397\/revisions\/115399"}],"wp:featuredmedia":[{"embeddable":true,"href":"https:\/\/www.yucatanencorto.com\/noticias\/wp-json\/wp\/v2\/media\/115398"}],"wp:attachment":[{"href":"https:\/\/www.yucatanencorto.com\/noticias\/wp-json\/wp\/v2\/media?parent=115397"}],"wp:term":[{"taxonomy":"category","embeddable":true,"href":"https:\/\/www.yucatanencorto.com\/noticias\/wp-json\/wp\/v2\/categories?post=115397"},{"taxonomy":"post_tag","embeddable":true,"href":"https:\/\/www.yucatanencorto.com\/noticias\/wp-json\/wp\/v2\/tags?post=115397"}],"curies":[{"name":"wp","href":"https:\/\/api.w.org\/{rel}","templated":true}]}}