{"id":115400,"date":"2025-07-15T09:38:53","date_gmt":"2025-07-15T15:38:53","guid":{"rendered":"https:\/\/www.yucatanencorto.com\/noticias\/?p=115400"},"modified":"2025-07-15T09:38:53","modified_gmt":"2025-07-15T15:38:53","slug":"como-solicitar-incapacidad-por-estres-laboral-ante-el-imss-en-2025","status":"publish","type":"post","link":"https:\/\/www.yucatanencorto.com\/noticias\/como-solicitar-incapacidad-por-estres-laboral-ante-el-imss-en-2025\/","title":{"rendered":"\u00bfC\u00f3mo solicitar incapacidad por estr\u00e9s laboral ante el IMSS en 2025?"},"content":{"rendered":"<p data-t=\"{&quot;n&quot;:&quot;blueLinks&quot;,&quot;t&quot;:13,&quot;a&quot;:&quot;click&quot;,&quot;b&quot;:76}\"><img loading=\"lazy\" decoding=\"async\" class=\"alignnone size-full wp-image-115401\" src=\"https:\/\/www.yucatanencorto.com\/noticias\/wp-content\/uploads\/2025\/07\/gettyimages-1073788362-612x612-1.jpg\" alt=\"\" width=\"612\" height=\"408\" srcset=\"https:\/\/www.yucatanencorto.com\/noticias\/wp-content\/uploads\/2025\/07\/gettyimages-1073788362-612x612-1.jpg 612w, https:\/\/www.yucatanencorto.com\/noticias\/wp-content\/uploads\/2025\/07\/gettyimages-1073788362-612x612-1-150x100.jpg 150w, https:\/\/www.yucatanencorto.com\/noticias\/wp-content\/uploads\/2025\/07\/gettyimages-1073788362-612x612-1-300x200.jpg 300w\" sizes=\"auto, (max-width: 612px) 100vw, 612px\" \/><\/p>\n<p data-t=\"{&quot;n&quot;:&quot;blueLinks&quot;,&quot;t&quot;:13,&quot;a&quot;:&quot;click&quot;,&quot;b&quot;:76}\">Desde hace poco, el Instituto Mexicano del Seguro Social (IMSS)\u00a0reconoce el estr\u00e9s laboral como una causa leg\u00edtima para otorgar una incapacidad m\u00e9dica.<\/p>\n<p data-t=\"{&quot;n&quot;:&quot;blueLinks&quot;,&quot;t&quot;:13,&quot;a&quot;:&quot;click&quot;,&quot;b&quot;:76}\">Esto permite a los trabajadores que enfrentan\u00a0ansiedad, depresi\u00f3n u otras afectaciones emocionales derivadas del entorno laboral recibir atenci\u00f3n m\u00e9dica y apoyo econ\u00f3mico mientras se recuperan.<\/p>\n<div class=\"intra-article-module\" data-t=\"{&quot;n&quot;:&quot;intraArticle&quot;,&quot;t&quot;:13}\"><\/div>\n<p data-t=\"{&quot;n&quot;:&quot;blueLinks&quot;,&quot;t&quot;:13,&quot;a&quot;:&quot;click&quot;,&quot;b&quot;:76}\">El\u00a0reconocimiento del estr\u00e9s como enfermedad profesional\u00a0se basa en la inclusi\u00f3n de trastornos psicosociales en la Ley Federal del Trabajo y en la aplicaci\u00f3n de la Norma Oficial Mexicana NOM-035-STPS, la cual obliga a los empleadores a identificar y\u00a0prevenir factores de riesgo\u00a0como jornadas excesivas, acoso o ambientes laborales t\u00f3xicos.<\/p>\n<h2 class=\"article-sub-heading\">\u00bfQui\u00e9n puede solicitar incapacidad por estr\u00e9s laboral ante el IMSS?<\/h2>\n<p data-t=\"{&quot;n&quot;:&quot;blueLinks&quot;,&quot;t&quot;:13,&quot;a&quot;:&quot;click&quot;,&quot;b&quot;:76}\">Los trabajadores afiliados al\u00a0IMSS\u00a0pueden acceder a una incapacidad m\u00e9dica si presentan un diagn\u00f3stico relacionado con:<\/p>\n<div class=\"article-list-slot\">\n<ul>\n<li data-t=\"{&quot;n&quot;:&quot;blueLinks&quot;,&quot;t&quot;:13,&quot;a&quot;:&quot;click&quot;,&quot;b&quot;:76}\">Estr\u00e9s laboral severo<\/li>\n<li data-t=\"{&quot;n&quot;:&quot;blueLinks&quot;,&quot;t&quot;:13,&quot;a&quot;:&quot;click&quot;,&quot;b&quot;:76}\">Ansiedad generada por el trabajo<\/li>\n<li data-t=\"{&quot;n&quot;:&quot;blueLinks&quot;,&quot;t&quot;:13,&quot;a&quot;:&quot;click&quot;,&quot;b&quot;:76}\">Trastornos de adaptaci\u00f3n<\/li>\n<li data-t=\"{&quot;n&quot;:&quot;blueLinks&quot;,&quot;t&quot;:13,&quot;a&quot;:&quot;click&quot;,&quot;b&quot;:76}\">Depresi\u00f3n asociada a condiciones laborales<\/li>\n<\/ul>\n<\/div>\n<p data-t=\"{&quot;n&quot;:&quot;blueLinks&quot;,&quot;t&quot;:13,&quot;a&quot;:&quot;click&quot;,&quot;b&quot;:76}\">Para que proceda, es necesario que el malestar emocional tenga un v\u00ednculo directo con el entorno de trabajo y que un m\u00e9dico del IMSS confirme que dicha afectaci\u00f3n limita la capacidad laboral del paciente.<\/p>\n<div class=\"intra-article-module\" data-t=\"{&quot;n&quot;:&quot;intraArticle&quot;,&quot;t&quot;:13}\"><\/div>\n<h2 class=\"article-sub-heading\">C\u00f3mo tramitar una incapacidad por estr\u00e9s laboral en el IMSS: paso a paso<\/h2>\n<p data-t=\"{&quot;n&quot;:&quot;blueLinks&quot;,&quot;t&quot;:13,&quot;a&quot;:&quot;click&quot;,&quot;b&quot;:76}\">Agenda una cita m\u00e9dica en el IMSS<\/p>\n<p data-t=\"{&quot;n&quot;:&quot;blueLinks&quot;,&quot;t&quot;:13,&quot;a&quot;:&quot;click&quot;,&quot;b&quot;:76}\">Acude o solicita una cita en tu Unidad de Medicina Familiar (UMF), ya sea presencialmente, en l\u00ednea o por tel\u00e9fono.<\/p>\n<p data-t=\"{&quot;n&quot;:&quot;blueLinks&quot;,&quot;t&quot;:13,&quot;a&quot;:&quot;click&quot;,&quot;b&quot;:76}\">Exp\u00f3n tus s\u00edntomas al m\u00e9dico<\/p>\n<p class=\"continue-read-break\" data-t=\"{&quot;n&quot;:&quot;blueLinks&quot;,&quot;t&quot;:13,&quot;a&quot;:&quot;click&quot;,&quot;b&quot;:76}\">Durante la consulta, detalla tus s\u00edntomas emocionales (como ansiedad, insomnio, irritabilidad o tristeza) y explica c\u00f3mo se relacionan con tu trabajo. El m\u00e9dico determinar\u00e1 si se requiere incapacidad o atenci\u00f3n especializada.<\/p>\n<p data-t=\"{&quot;n&quot;:&quot;blueLinks&quot;,&quot;t&quot;:13,&quot;a&quot;:&quot;click&quot;,&quot;b&quot;:76}\">Obt\u00e9n tu certificado de incapacidad<\/p>\n<p data-t=\"{&quot;n&quot;:&quot;blueLinks&quot;,&quot;t&quot;:13,&quot;a&quot;:&quot;click&quot;,&quot;b&quot;:76}\">Si el diagn\u00f3stico es confirmado, el IMSS emitir\u00e1 el Certificado de Incapacidad Temporal para el Trabajo. La duraci\u00f3n depender\u00e1 del grado de afectaci\u00f3n y puede ser renovable.<\/p>\n<p data-t=\"{&quot;n&quot;:&quot;blueLinks&quot;,&quot;t&quot;:13,&quot;a&quot;:&quot;click&quot;,&quot;b&quot;:76}\">Entrega los documentos necesarios<\/p>\n<div class=\"article-list-slot\">\n<ul>\n<li data-t=\"{&quot;n&quot;:&quot;blueLinks&quot;,&quot;t&quot;:13,&quot;a&quot;:&quot;click&quot;,&quot;b&quot;:76}\">N\u00famero de Seguridad Social (NSS)<\/li>\n<li data-t=\"{&quot;n&quot;:&quot;blueLinks&quot;,&quot;t&quot;:13,&quot;a&quot;:&quot;click&quot;,&quot;b&quot;:76}\">Identificaci\u00f3n oficial (INE o pasaporte)<\/li>\n<li data-t=\"{&quot;n&quot;:&quot;blueLinks&quot;,&quot;t&quot;:13,&quot;a&quot;:&quot;click&quot;,&quot;b&quot;:76}\">Carnet del IMSS<\/li>\n<li data-t=\"{&quot;n&quot;:&quot;blueLinks&quot;,&quot;t&quot;:13,&quot;a&quot;:&quot;click&quot;,&quot;b&quot;:76}\">Reportes m\u00e9dicos previos (si los tienes)<\/li>\n<li data-t=\"{&quot;n&quot;:&quot;blueLinks&quot;,&quot;t&quot;:13,&quot;a&quot;:&quot;click&quot;,&quot;b&quot;:76}\">Asiste a consultas de seguimiento<\/li>\n<\/ul>\n<\/div>\n<p data-t=\"{&quot;n&quot;:&quot;blueLinks&quot;,&quot;t&quot;:13,&quot;a&quot;:&quot;click&quot;,&quot;b&quot;:76}\">El IMSS podr\u00e1 brindarte atenci\u00f3n psicol\u00f3gica o psiqui\u00e1trica para evaluar tu evoluci\u00f3n antes de darte de alta.<\/p>\n<div class=\"intra-article-module\" data-t=\"{&quot;n&quot;:&quot;intraArticle&quot;,&quot;t&quot;:13}\"><\/div>\n<h2 class=\"article-sub-heading\">Recibe tu subsidio por incapacidad<\/h2>\n<p data-t=\"{&quot;n&quot;:&quot;blueLinks&quot;,&quot;t&quot;:13,&quot;a&quot;:&quot;click&quot;,&quot;b&quot;:76}\">Con el certificado, el trabajador tendr\u00e1 derecho a un apoyo econ\u00f3mico que ser\u00e1 depositado directamente en su cuenta bancaria. Tambi\u00e9n deber\u00e1 entregar una copia del documento a su empleador para formalizar la ausencia.<\/p>\n<p data-t=\"{&quot;n&quot;:&quot;blueLinks&quot;,&quot;t&quot;:13,&quot;a&quot;:&quot;click&quot;,&quot;b&quot;:76}\">Empresas tambi\u00e9n deben asumir responsabilidad por el estr\u00e9s laboral<\/p>\n<p data-t=\"{&quot;n&quot;:&quot;blueLinks&quot;,&quot;t&quot;:13,&quot;a&quot;:&quot;click&quot;,&quot;b&quot;:76}\">La NOM-035-STPS establece que los centros de trabajo est\u00e1n obligados a detectar y prevenir condiciones que generen estr\u00e9s laboral, entre ellas:<\/p>\n<div class=\"article-list-slot\">\n<ul>\n<li data-t=\"{&quot;n&quot;:&quot;blueLinks&quot;,&quot;t&quot;:13,&quot;a&quot;:&quot;click&quot;,&quot;b&quot;:76}\">Metas inalcanzables o cargas excesivas<\/li>\n<li data-t=\"{&quot;n&quot;:&quot;blueLinks&quot;,&quot;t&quot;:13,&quot;a&quot;:&quot;click&quot;,&quot;b&quot;:76}\">Falta de liderazgo o jefaturas abusivas<\/li>\n<li data-t=\"{&quot;n&quot;:&quot;blueLinks&quot;,&quot;t&quot;:13,&quot;a&quot;:&quot;click&quot;,&quot;b&quot;:76}\">Horarios prolongados sin descansos<\/li>\n<li data-t=\"{&quot;n&quot;:&quot;blueLinks&quot;,&quot;t&quot;:13,&quot;a&quot;:&quot;click&quot;,&quot;b&quot;:76}\">Ambientes laborales hostiles o con violencia<\/li>\n<li data-t=\"{&quot;n&quot;:&quot;blueLinks&quot;,&quot;t&quot;:13,&quot;a&quot;:&quot;click&quot;,&quot;b&quot;:76}\">Imposibilidad de conciliar vida laboral y personal<\/li>\n<\/ul>\n<\/div>\n<p data-t=\"{&quot;n&quot;:&quot;blueLinks&quot;,&quot;t&quot;:13,&quot;a&quot;:&quot;click&quot;,&quot;b&quot;:76}\">Si una empresa ignora estas obligaciones, puede ser sancionada por la Secretar\u00eda del Trabajo. Asimismo, el trabajador afectado podr\u00eda iniciar un procedimiento para reclamar una indemnizaci\u00f3n por da\u00f1os psicol\u00f3gicos, adem\u00e1s de recibir su incapacidad m\u00e9dica a trav\u00e9s del IMSS.<\/p>\n","protected":false},"excerpt":{"rendered":"<p>Desde hace poco, el Instituto Mexicano del Seguro Social (IMSS)\u00a0reconoce el estr\u00e9s laboral como una causa leg\u00edtima para otorgar una incapacidad m\u00e9dica. Esto permite a los trabajadores que enfrentan\u00a0ansiedad, depresi\u00f3n u otras afectaciones emocionales derivadas del entorno laboral recibir atenci\u00f3n m\u00e9dica y apoyo econ\u00f3mico mientras se recuperan. El\u00a0reconocimiento del estr\u00e9s como enfermedad profesional\u00a0se basa en [&hellip;]<\/p>\n","protected":false},"author":4,"featured_media":115401,"comment_status":"closed","ping_status":"closed","sticky":false,"template":"","format":"standard","meta":{"footnotes":""},"categories":[9976],"tags":[],"class_list":{"0":"post-115400","1":"post","2":"type-post","3":"status-publish","4":"format-standard","5":"has-post-thumbnail","7":"category-salud"},"yoast_head":"<!-- This site is optimized with the Yoast SEO plugin v27.5 - https:\/\/yoast.com\/product\/yoast-seo-wordpress\/ -->\n<title>\u00bfC\u00f3mo solicitar incapacidad por estr\u00e9s laboral ante el IMSS en 2025? - Yucat\u00e1n en corto<\/title>\n<meta name=\"robots\" content=\"index, follow, max-snippet:-1, max-image-preview:large, max-video-preview:-1\" \/>\n<link rel=\"canonical\" href=\"https:\/\/www.yucatanencorto.com\/noticias\/como-solicitar-incapacidad-por-estres-laboral-ante-el-imss-en-2025\/\" \/>\n<meta property=\"og:locale\" content=\"es_ES\" \/>\n<meta property=\"og:type\" content=\"article\" \/>\n<meta property=\"og:title\" content=\"\u00bfC\u00f3mo solicitar incapacidad por estr\u00e9s laboral ante el IMSS en 2025? - Yucat\u00e1n en corto\" \/>\n<meta property=\"og:description\" content=\"Desde hace poco, el Instituto Mexicano del Seguro Social (IMSS)\u00a0reconoce el estr\u00e9s laboral como una causa leg\u00edtima para otorgar una incapacidad m\u00e9dica. Esto permite a los trabajadores que enfrentan\u00a0ansiedad, depresi\u00f3n u otras afectaciones emocionales derivadas del entorno laboral recibir atenci\u00f3n m\u00e9dica y apoyo econ\u00f3mico mientras se recuperan. El\u00a0reconocimiento del estr\u00e9s como enfermedad profesional\u00a0se basa en [&hellip;]\" \/>\n<meta property=\"og:url\" content=\"https:\/\/www.yucatanencorto.com\/noticias\/como-solicitar-incapacidad-por-estres-laboral-ante-el-imss-en-2025\/\" \/>\n<meta property=\"og:site_name\" content=\"Yucat\u00e1n en corto\" \/>\n<meta property=\"article:publisher\" content=\"http:\/\/www.facebook.com\/yucatanencorto\" \/>\n<meta property=\"article:published_time\" content=\"2025-07-15T15:38:53+00:00\" \/>\n<meta property=\"og:image\" content=\"https:\/\/www.yucatanencorto.com\/noticias\/wp-content\/uploads\/2025\/07\/gettyimages-1073788362-612x612-1.jpg\" \/>\n\t<meta property=\"og:image:width\" content=\"612\" \/>\n\t<meta property=\"og:image:height\" content=\"408\" \/>\n\t<meta property=\"og:image:type\" content=\"image\/jpeg\" \/>\n<meta name=\"author\" content=\"Yucat\u00e1n en Corto\" \/>\n<meta name=\"twitter:card\" content=\"summary_large_image\" \/>\n<meta name=\"twitter:creator\" content=\"@yucatanencorto\" \/>\n<meta name=\"twitter:site\" content=\"@yucatanencorto\" \/>\n<meta name=\"twitter:label1\" content=\"Escrito por\" \/>\n\t<meta name=\"twitter:data1\" content=\"Yucat\u00e1n en Corto\" \/>\n\t<meta name=\"twitter:label2\" content=\"Tiempo de lectura\" \/>\n\t<meta name=\"twitter:data2\" content=\"3 minutos\" \/>\n<script type=\"application\/ld+json\" class=\"yoast-schema-graph\">{\"@context\":\"https:\\\/\\\/schema.org\",\"@graph\":[{\"@type\":\"Article\",\"@id\":\"https:\\\/\\\/www.yucatanencorto.com\\\/noticias\\\/como-solicitar-incapacidad-por-estres-laboral-ante-el-imss-en-2025\\\/#article\",\"isPartOf\":{\"@id\":\"https:\\\/\\\/www.yucatanencorto.com\\\/noticias\\\/como-solicitar-incapacidad-por-estres-laboral-ante-el-imss-en-2025\\\/\"},\"author\":{\"name\":\"Yucat\u00e1n en Corto\",\"@id\":\"https:\\\/\\\/www.yucatanencorto.com\\\/noticias\\\/#\\\/schema\\\/person\\\/f0ec40c33447bbc0dc2d01d3006de771\"},\"headline\":\"\u00bfC\u00f3mo solicitar incapacidad por estr\u00e9s laboral ante el IMSS en 2025?\",\"datePublished\":\"2025-07-15T15:38:53+00:00\",\"mainEntityOfPage\":{\"@id\":\"https:\\\/\\\/www.yucatanencorto.com\\\/noticias\\\/como-solicitar-incapacidad-por-estres-laboral-ante-el-imss-en-2025\\\/\"},\"wordCount\":538,\"image\":{\"@id\":\"https:\\\/\\\/www.yucatanencorto.com\\\/noticias\\\/como-solicitar-incapacidad-por-estres-laboral-ante-el-imss-en-2025\\\/#primaryimage\"},\"thumbnailUrl\":\"https:\\\/\\\/www.yucatanencorto.com\\\/noticias\\\/wp-content\\\/uploads\\\/2025\\\/07\\\/gettyimages-1073788362-612x612-1.jpg\",\"articleSection\":[\"Salud\"],\"inLanguage\":\"es\"},{\"@type\":\"WebPage\",\"@id\":\"https:\\\/\\\/www.yucatanencorto.com\\\/noticias\\\/como-solicitar-incapacidad-por-estres-laboral-ante-el-imss-en-2025\\\/\",\"url\":\"https:\\\/\\\/www.yucatanencorto.com\\\/noticias\\\/como-solicitar-incapacidad-por-estres-laboral-ante-el-imss-en-2025\\\/\",\"name\":\"\u00bfC\u00f3mo solicitar incapacidad por estr\u00e9s laboral ante el IMSS en 2025? - Yucat\u00e1n en corto\",\"isPartOf\":{\"@id\":\"https:\\\/\\\/www.yucatanencorto.com\\\/noticias\\\/#website\"},\"primaryImageOfPage\":{\"@id\":\"https:\\\/\\\/www.yucatanencorto.com\\\/noticias\\\/como-solicitar-incapacidad-por-estres-laboral-ante-el-imss-en-2025\\\/#primaryimage\"},\"image\":{\"@id\":\"https:\\\/\\\/www.yucatanencorto.com\\\/noticias\\\/como-solicitar-incapacidad-por-estres-laboral-ante-el-imss-en-2025\\\/#primaryimage\"},\"thumbnailUrl\":\"https:\\\/\\\/www.yucatanencorto.com\\\/noticias\\\/wp-content\\\/uploads\\\/2025\\\/07\\\/gettyimages-1073788362-612x612-1.jpg\",\"datePublished\":\"2025-07-15T15:38:53+00:00\",\"author\":{\"@id\":\"https:\\\/\\\/www.yucatanencorto.com\\\/noticias\\\/#\\\/schema\\\/person\\\/f0ec40c33447bbc0dc2d01d3006de771\"},\"breadcrumb\":{\"@id\":\"https:\\\/\\\/www.yucatanencorto.com\\\/noticias\\\/como-solicitar-incapacidad-por-estres-laboral-ante-el-imss-en-2025\\\/#breadcrumb\"},\"inLanguage\":\"es\",\"potentialAction\":[{\"@type\":\"ReadAction\",\"target\":[\"https:\\\/\\\/www.yucatanencorto.com\\\/noticias\\\/como-solicitar-incapacidad-por-estres-laboral-ante-el-imss-en-2025\\\/\"]}]},{\"@type\":\"ImageObject\",\"inLanguage\":\"es\",\"@id\":\"https:\\\/\\\/www.yucatanencorto.com\\\/noticias\\\/como-solicitar-incapacidad-por-estres-laboral-ante-el-imss-en-2025\\\/#primaryimage\",\"url\":\"https:\\\/\\\/www.yucatanencorto.com\\\/noticias\\\/wp-content\\\/uploads\\\/2025\\\/07\\\/gettyimages-1073788362-612x612-1.jpg\",\"contentUrl\":\"https:\\\/\\\/www.yucatanencorto.com\\\/noticias\\\/wp-content\\\/uploads\\\/2025\\\/07\\\/gettyimages-1073788362-612x612-1.jpg\",\"width\":612,\"height\":408},{\"@type\":\"BreadcrumbList\",\"@id\":\"https:\\\/\\\/www.yucatanencorto.com\\\/noticias\\\/como-solicitar-incapacidad-por-estres-laboral-ante-el-imss-en-2025\\\/#breadcrumb\",\"itemListElement\":[{\"@type\":\"ListItem\",\"position\":1,\"name\":\"Portada\",\"item\":\"https:\\\/\\\/www.yucatanencorto.com\\\/noticias\\\/\"},{\"@type\":\"ListItem\",\"position\":2,\"name\":\"\u00bfC\u00f3mo solicitar incapacidad por estr\u00e9s laboral ante el IMSS en 2025?\"}]},{\"@type\":\"WebSite\",\"@id\":\"https:\\\/\\\/www.yucatanencorto.com\\\/noticias\\\/#website\",\"url\":\"https:\\\/\\\/www.yucatanencorto.com\\\/noticias\\\/\",\"name\":\"Yucat\u00e1n en corto\",\"description\":\"Noticias\",\"potentialAction\":[{\"@type\":\"SearchAction\",\"target\":{\"@type\":\"EntryPoint\",\"urlTemplate\":\"https:\\\/\\\/www.yucatanencorto.com\\\/noticias\\\/?s={search_term_string}\"},\"query-input\":{\"@type\":\"PropertyValueSpecification\",\"valueRequired\":true,\"valueName\":\"search_term_string\"}}],\"inLanguage\":\"es\"},{\"@type\":\"Person\",\"@id\":\"https:\\\/\\\/www.yucatanencorto.com\\\/noticias\\\/#\\\/schema\\\/person\\\/f0ec40c33447bbc0dc2d01d3006de771\",\"name\":\"Yucat\u00e1n en Corto\",\"image\":{\"@type\":\"ImageObject\",\"inLanguage\":\"es\",\"@id\":\"https:\\\/\\\/secure.gravatar.com\\\/avatar\\\/20e0a6b626f38fa8e545fb3f80ce566efd790bf8877e65c3a482460cc3e0b5d1?s=96&d=mm&r=g\",\"url\":\"https:\\\/\\\/secure.gravatar.com\\\/avatar\\\/20e0a6b626f38fa8e545fb3f80ce566efd790bf8877e65c3a482460cc3e0b5d1?s=96&d=mm&r=g\",\"contentUrl\":\"https:\\\/\\\/secure.gravatar.com\\\/avatar\\\/20e0a6b626f38fa8e545fb3f80ce566efd790bf8877e65c3a482460cc3e0b5d1?s=96&d=mm&r=g\",\"caption\":\"Yucat\u00e1n en Corto\"},\"url\":\"https:\\\/\\\/www.yucatanencorto.com\\\/noticias\\\/author\\\/editor25\\\/\"}]}<\/script>\n<!-- \/ Yoast SEO plugin. -->","yoast_head_json":{"title":"\u00bfC\u00f3mo solicitar incapacidad por estr\u00e9s laboral ante el IMSS en 2025? - Yucat\u00e1n en corto","robots":{"index":"index","follow":"follow","max-snippet":"max-snippet:-1","max-image-preview":"max-image-preview:large","max-video-preview":"max-video-preview:-1"},"canonical":"https:\/\/www.yucatanencorto.com\/noticias\/como-solicitar-incapacidad-por-estres-laboral-ante-el-imss-en-2025\/","og_locale":"es_ES","og_type":"article","og_title":"\u00bfC\u00f3mo solicitar incapacidad por estr\u00e9s laboral ante el IMSS en 2025? - Yucat\u00e1n en corto","og_description":"Desde hace poco, el Instituto Mexicano del Seguro Social (IMSS)\u00a0reconoce el estr\u00e9s laboral como una causa leg\u00edtima para otorgar una incapacidad m\u00e9dica. Esto permite a los trabajadores que enfrentan\u00a0ansiedad, depresi\u00f3n u otras afectaciones emocionales derivadas del entorno laboral recibir atenci\u00f3n m\u00e9dica y apoyo econ\u00f3mico mientras se recuperan. El\u00a0reconocimiento del estr\u00e9s como enfermedad profesional\u00a0se basa en [&hellip;]","og_url":"https:\/\/www.yucatanencorto.com\/noticias\/como-solicitar-incapacidad-por-estres-laboral-ante-el-imss-en-2025\/","og_site_name":"Yucat\u00e1n en corto","article_publisher":"http:\/\/www.facebook.com\/yucatanencorto","article_published_time":"2025-07-15T15:38:53+00:00","og_image":[{"width":612,"height":408,"url":"https:\/\/www.yucatanencorto.com\/noticias\/wp-content\/uploads\/2025\/07\/gettyimages-1073788362-612x612-1.jpg","type":"image\/jpeg"}],"author":"Yucat\u00e1n en Corto","twitter_card":"summary_large_image","twitter_creator":"@yucatanencorto","twitter_site":"@yucatanencorto","twitter_misc":{"Escrito por":"Yucat\u00e1n en Corto","Tiempo de lectura":"3 minutos"},"schema":{"@context":"https:\/\/schema.org","@graph":[{"@type":"Article","@id":"https:\/\/www.yucatanencorto.com\/noticias\/como-solicitar-incapacidad-por-estres-laboral-ante-el-imss-en-2025\/#article","isPartOf":{"@id":"https:\/\/www.yucatanencorto.com\/noticias\/como-solicitar-incapacidad-por-estres-laboral-ante-el-imss-en-2025\/"},"author":{"name":"Yucat\u00e1n en Corto","@id":"https:\/\/www.yucatanencorto.com\/noticias\/#\/schema\/person\/f0ec40c33447bbc0dc2d01d3006de771"},"headline":"\u00bfC\u00f3mo solicitar incapacidad por estr\u00e9s laboral ante el IMSS en 2025?","datePublished":"2025-07-15T15:38:53+00:00","mainEntityOfPage":{"@id":"https:\/\/www.yucatanencorto.com\/noticias\/como-solicitar-incapacidad-por-estres-laboral-ante-el-imss-en-2025\/"},"wordCount":538,"image":{"@id":"https:\/\/www.yucatanencorto.com\/noticias\/como-solicitar-incapacidad-por-estres-laboral-ante-el-imss-en-2025\/#primaryimage"},"thumbnailUrl":"https:\/\/www.yucatanencorto.com\/noticias\/wp-content\/uploads\/2025\/07\/gettyimages-1073788362-612x612-1.jpg","articleSection":["Salud"],"inLanguage":"es"},{"@type":"WebPage","@id":"https:\/\/www.yucatanencorto.com\/noticias\/como-solicitar-incapacidad-por-estres-laboral-ante-el-imss-en-2025\/","url":"https:\/\/www.yucatanencorto.com\/noticias\/como-solicitar-incapacidad-por-estres-laboral-ante-el-imss-en-2025\/","name":"\u00bfC\u00f3mo solicitar incapacidad por estr\u00e9s laboral ante el IMSS en 2025? - Yucat\u00e1n en corto","isPartOf":{"@id":"https:\/\/www.yucatanencorto.com\/noticias\/#website"},"primaryImageOfPage":{"@id":"https:\/\/www.yucatanencorto.com\/noticias\/como-solicitar-incapacidad-por-estres-laboral-ante-el-imss-en-2025\/#primaryimage"},"image":{"@id":"https:\/\/www.yucatanencorto.com\/noticias\/como-solicitar-incapacidad-por-estres-laboral-ante-el-imss-en-2025\/#primaryimage"},"thumbnailUrl":"https:\/\/www.yucatanencorto.com\/noticias\/wp-content\/uploads\/2025\/07\/gettyimages-1073788362-612x612-1.jpg","datePublished":"2025-07-15T15:38:53+00:00","author":{"@id":"https:\/\/www.yucatanencorto.com\/noticias\/#\/schema\/person\/f0ec40c33447bbc0dc2d01d3006de771"},"breadcrumb":{"@id":"https:\/\/www.yucatanencorto.com\/noticias\/como-solicitar-incapacidad-por-estres-laboral-ante-el-imss-en-2025\/#breadcrumb"},"inLanguage":"es","potentialAction":[{"@type":"ReadAction","target":["https:\/\/www.yucatanencorto.com\/noticias\/como-solicitar-incapacidad-por-estres-laboral-ante-el-imss-en-2025\/"]}]},{"@type":"ImageObject","inLanguage":"es","@id":"https:\/\/www.yucatanencorto.com\/noticias\/como-solicitar-incapacidad-por-estres-laboral-ante-el-imss-en-2025\/#primaryimage","url":"https:\/\/www.yucatanencorto.com\/noticias\/wp-content\/uploads\/2025\/07\/gettyimages-1073788362-612x612-1.jpg","contentUrl":"https:\/\/www.yucatanencorto.com\/noticias\/wp-content\/uploads\/2025\/07\/gettyimages-1073788362-612x612-1.jpg","width":612,"height":408},{"@type":"BreadcrumbList","@id":"https:\/\/www.yucatanencorto.com\/noticias\/como-solicitar-incapacidad-por-estres-laboral-ante-el-imss-en-2025\/#breadcrumb","itemListElement":[{"@type":"ListItem","position":1,"name":"Portada","item":"https:\/\/www.yucatanencorto.com\/noticias\/"},{"@type":"ListItem","position":2,"name":"\u00bfC\u00f3mo solicitar incapacidad por estr\u00e9s laboral ante el IMSS en 2025?"}]},{"@type":"WebSite","@id":"https:\/\/www.yucatanencorto.com\/noticias\/#website","url":"https:\/\/www.yucatanencorto.com\/noticias\/","name":"Yucat\u00e1n en corto","description":"Noticias","potentialAction":[{"@type":"SearchAction","target":{"@type":"EntryPoint","urlTemplate":"https:\/\/www.yucatanencorto.com\/noticias\/?s={search_term_string}"},"query-input":{"@type":"PropertyValueSpecification","valueRequired":true,"valueName":"search_term_string"}}],"inLanguage":"es"},{"@type":"Person","@id":"https:\/\/www.yucatanencorto.com\/noticias\/#\/schema\/person\/f0ec40c33447bbc0dc2d01d3006de771","name":"Yucat\u00e1n en Corto","image":{"@type":"ImageObject","inLanguage":"es","@id":"https:\/\/secure.gravatar.com\/avatar\/20e0a6b626f38fa8e545fb3f80ce566efd790bf8877e65c3a482460cc3e0b5d1?s=96&d=mm&r=g","url":"https:\/\/secure.gravatar.com\/avatar\/20e0a6b626f38fa8e545fb3f80ce566efd790bf8877e65c3a482460cc3e0b5d1?s=96&d=mm&r=g","contentUrl":"https:\/\/secure.gravatar.com\/avatar\/20e0a6b626f38fa8e545fb3f80ce566efd790bf8877e65c3a482460cc3e0b5d1?s=96&d=mm&r=g","caption":"Yucat\u00e1n en Corto"},"url":"https:\/\/www.yucatanencorto.com\/noticias\/author\/editor25\/"}]}},"_links":{"self":[{"href":"https:\/\/www.yucatanencorto.com\/noticias\/wp-json\/wp\/v2\/posts\/115400","targetHints":{"allow":["GET"]}}],"collection":[{"href":"https:\/\/www.yucatanencorto.com\/noticias\/wp-json\/wp\/v2\/posts"}],"about":[{"href":"https:\/\/www.yucatanencorto.com\/noticias\/wp-json\/wp\/v2\/types\/post"}],"author":[{"embeddable":true,"href":"https:\/\/www.yucatanencorto.com\/noticias\/wp-json\/wp\/v2\/users\/4"}],"replies":[{"embeddable":true,"href":"https:\/\/www.yucatanencorto.com\/noticias\/wp-json\/wp\/v2\/comments?post=115400"}],"version-history":[{"count":1,"href":"https:\/\/www.yucatanencorto.com\/noticias\/wp-json\/wp\/v2\/posts\/115400\/revisions"}],"predecessor-version":[{"id":115402,"href":"https:\/\/www.yucatanencorto.com\/noticias\/wp-json\/wp\/v2\/posts\/115400\/revisions\/115402"}],"wp:featuredmedia":[{"embeddable":true,"href":"https:\/\/www.yucatanencorto.com\/noticias\/wp-json\/wp\/v2\/media\/115401"}],"wp:attachment":[{"href":"https:\/\/www.yucatanencorto.com\/noticias\/wp-json\/wp\/v2\/media?parent=115400"}],"wp:term":[{"taxonomy":"category","embeddable":true,"href":"https:\/\/www.yucatanencorto.com\/noticias\/wp-json\/wp\/v2\/categories?post=115400"},{"taxonomy":"post_tag","embeddable":true,"href":"https:\/\/www.yucatanencorto.com\/noticias\/wp-json\/wp\/v2\/tags?post=115400"}],"curies":[{"name":"wp","href":"https:\/\/api.w.org\/{rel}","templated":true}]}}