{"id":115736,"date":"2025-09-05T17:10:58","date_gmt":"2025-09-05T23:10:58","guid":{"rendered":"https:\/\/www.yucatanencorto.com\/noticias\/?p=115736"},"modified":"2025-09-05T21:12:56","modified_gmt":"2025-09-06T03:12:56","slug":"se-eliminaron-25-conexiones-clandestinas-en-el-parque-de-las-americas","status":"publish","type":"post","link":"https:\/\/www.yucatanencorto.com\/noticias\/se-eliminaron-25-conexiones-clandestinas-en-el-parque-de-las-americas\/","title":{"rendered":"Se eliminaron 25 conexiones clandestinas en el Parque de Las Am\u00e9ricas"},"content":{"rendered":"<p>&nbsp;<\/p>\n<p><img loading=\"lazy\" decoding=\"async\" class=\"alignnone size-full wp-image-115737\" src=\"https:\/\/www.yucatanencorto.com\/noticias\/wp-content\/uploads\/2025\/09\/WhatsApp-Image-2025-09-05-at-16.58.26-1-scaled.jpeg\" alt=\"\" width=\"768\" height=\"512\" srcset=\"https:\/\/www.yucatanencorto.com\/noticias\/wp-content\/uploads\/2025\/09\/WhatsApp-Image-2025-09-05-at-16.58.26-1-scaled.jpeg 768w, https:\/\/www.yucatanencorto.com\/noticias\/wp-content\/uploads\/2025\/09\/WhatsApp-Image-2025-09-05-at-16.58.26-1-150x100.jpeg 150w, https:\/\/www.yucatanencorto.com\/noticias\/wp-content\/uploads\/2025\/09\/WhatsApp-Image-2025-09-05-at-16.58.26-1-300x200.jpeg 300w, https:\/\/www.yucatanencorto.com\/noticias\/wp-content\/uploads\/2025\/09\/WhatsApp-Image-2025-09-05-at-16.58.26-1-696x464.jpeg 696w, https:\/\/www.yucatanencorto.com\/noticias\/wp-content\/uploads\/2025\/09\/WhatsApp-Image-2025-09-05-at-16.58.26-1-1068x712.jpeg 1068w\" sizes=\"auto, (max-width: 768px) 100vw, 768px\" \/><\/p>\n<p>M\u00e9rida, Yucat\u00e1n, viernes 5 de septiembre de 2025.- La seguridad y el bienestar de los ciudadanos son prioridad para el Ayuntamiento de M\u00e9rida que encabeza la presidenta municipal Cecilia Patr\u00f3n Laviada, que impulsa acciones concretas para garantizar que comerciantes y visitantes del Parque de las Am\u00e9ricas puedan disfrutar de un entorno m\u00e1s ordenado, seguro y digno.<\/p>\n<p>En un esfuerzo conjunto entre el Ayuntamiento de M\u00e9rida, la Coordinaci\u00f3n General de Buen Gobierno y la Secretar\u00eda T\u00e9cnica del Servicio P\u00fablico de Mercados, se llev\u00f3 a cabo la instalaci\u00f3n de 18 modernos t\u00f3tems de acero de alta resistencia y larga durabilidad, equipados con un total de 72 contactos el\u00e9ctricos.<\/p>\n<p>Estos nuevos puntos de energ\u00eda permiten a los vendedores acceder al servicio de electricidad de manera formal y segura, sin poner en riesgo a quienes transitan por la zona.<\/p>\n<p>El esquema implementado se caracteriz\u00f3 por la colaboraci\u00f3n entre las autoridades y los propios vendedores: los comerciantes contribuyeron con el costo del material, mientras que el Ayuntamiento aport\u00f3 la mano de obra necesaria. Todo el proceso fue supervisado por la Comisi\u00f3n Federal de Electricidad (CFE), lo que garantiza que las instalaciones cumplen con los est\u00e1ndares oficiales de calidad y seguridad.<\/p>\n<p>De acuerdo con el Secretario T\u00e9cnico del Servicio P\u00fablico de Mercados, Alfonso Lozano Poveda, un total de 20 comerciantes resultaron directamente beneficiados con la instalaci\u00f3n de los t\u00f3tems el\u00e9ctricos.<\/p>\n<p>Estos vendedores ofrecen productos tradicionales como marquesitas, helados, granizados y elotes, que forman parte de la identidad cultural y gastron\u00f3mica del parque.<\/p>\n<p>Con el nuevo sistema, ser\u00e1n los mismos locatarios quienes paguen el consumo el\u00e9ctrico que utilicen, promoviendo as\u00ed la corresponsabilidad y el uso ordenado de los recursos.<\/p>\n<p>Uno de los logros m\u00e1s importantes de esta acci\u00f3n fue la eliminaci\u00f3n de 25 medidores clandestinos que se encontraban en postes y mobiliario urbano a baja altura, lo cual representaba un riesgo evidente, sobre todo para los ni\u00f1os que transitaban por el \u00e1rea. Dichas conexiones irregulares, adem\u00e1s de inseguras, daban una mala imagen al espacio p\u00fablico.<\/p>\n<p>Con la nueva infraestructura ya no ser\u00e1 necesario tender cables improvisados que crucen las calles o pasen por zonas de tr\u00e1nsito peatonal. Esto no solo mejora la est\u00e9tica del lugar, sino que tambi\u00e9n reduce de manera significativa los riesgos de descargas el\u00e9ctricas accidentales que podr\u00edan afectar tanto a vecinos como a visitantes y comerciantes.<\/p>\n<p>\u201cEl beneficio es para todos: locatarios, vecinos y quienes disfrutan del Parque de las Am\u00e9ricas. Ahora contamos con instalaciones seguras que permiten a los vendedores trabajar con tranquilidad y a los ciudadanos disfrutar de un espacio libre de riesgos\u201d, se\u00f1al\u00f3 Lozano Poveda.<\/p>\n<p>Esta acci\u00f3n refleja la visi\u00f3n de la alcaldesa Cecilia Patr\u00f3n Laviada, enfocada en promover un gobierno cercano, responsable y comprometido con la seguridad y el desarrollo de M\u00e9rida.<\/p>\n<p>A trav\u00e9s de proyectos como este, se fortalece la confianza entre autoridades y ciudadan\u00eda, al tiempo que se garantiza el acceso a servicios de manera ordenada y transparente.<\/p>\n<p>El Parque de las Am\u00e9ricas, uno de los espacios m\u00e1s emblem\u00e1ticos de M\u00e9rida, se convierte as\u00ed en ejemplo de c\u00f3mo la colaboraci\u00f3n y la buena gesti\u00f3n pueden transformar la vida comunitaria. La instalaci\u00f3n de t\u00f3tems el\u00e9ctricos no solo resuelve una necesidad pr\u00e1ctica de los comerciantes, sino que tambi\u00e9n representa un paso firme hacia la modernizaci\u00f3n y el cuidado del entorno urbano.<\/p>\n<p>Con estas acciones, el Ayuntamiento reafirma su compromiso de seguir trabajando de la mano con los ciudadanos para mantener a M\u00e9rida como una ciudad segura, limpia y ordenada, donde la tradici\u00f3n y la modernidad se integran en beneficio de todos.<\/p>\n","protected":false},"excerpt":{"rendered":"<p>&nbsp; M\u00e9rida, Yucat\u00e1n, viernes 5 de septiembre de 2025.- La seguridad y el bienestar de los ciudadanos son prioridad para el Ayuntamiento de M\u00e9rida que encabeza la presidenta municipal Cecilia Patr\u00f3n Laviada, que impulsa acciones concretas para garantizar que comerciantes y visitantes del Parque de las Am\u00e9ricas puedan disfrutar de un entorno m\u00e1s ordenado, seguro [&hellip;]<\/p>\n","protected":false},"author":4,"featured_media":115737,"comment_status":"closed","ping_status":"closed","sticky":false,"template":"","format":"standard","meta":{"footnotes":""},"categories":[2],"tags":[],"class_list":{"0":"post-115736","1":"post","2":"type-post","3":"status-publish","4":"format-standard","5":"has-post-thumbnail","7":"category-merida"},"yoast_head":"<!-- This site is optimized with the Yoast SEO plugin v27.4 - https:\/\/yoast.com\/product\/yoast-seo-wordpress\/ -->\n<title>Se eliminaron 25 conexiones clandestinas en el Parque de Las Am\u00e9ricas - Yucat\u00e1n en corto<\/title>\n<meta name=\"robots\" content=\"index, follow, max-snippet:-1, max-image-preview:large, max-video-preview:-1\" \/>\n<link rel=\"canonical\" href=\"https:\/\/www.yucatanencorto.com\/noticias\/se-eliminaron-25-conexiones-clandestinas-en-el-parque-de-las-americas\/\" \/>\n<meta property=\"og:locale\" content=\"es_ES\" \/>\n<meta property=\"og:type\" content=\"article\" \/>\n<meta property=\"og:title\" content=\"Se eliminaron 25 conexiones clandestinas en el Parque de Las Am\u00e9ricas - Yucat\u00e1n en corto\" \/>\n<meta property=\"og:description\" content=\"&nbsp; M\u00e9rida, Yucat\u00e1n, viernes 5 de septiembre de 2025.- La seguridad y el bienestar de los ciudadanos son prioridad para el Ayuntamiento de M\u00e9rida que encabeza la presidenta municipal Cecilia Patr\u00f3n Laviada, que impulsa acciones concretas para garantizar que comerciantes y visitantes del Parque de las Am\u00e9ricas puedan disfrutar de un entorno m\u00e1s ordenado, seguro [&hellip;]\" \/>\n<meta property=\"og:url\" content=\"https:\/\/www.yucatanencorto.com\/noticias\/se-eliminaron-25-conexiones-clandestinas-en-el-parque-de-las-americas\/\" \/>\n<meta property=\"og:site_name\" content=\"Yucat\u00e1n en corto\" \/>\n<meta property=\"article:publisher\" content=\"http:\/\/www.facebook.com\/yucatanencorto\" \/>\n<meta property=\"article:published_time\" content=\"2025-09-05T23:10:58+00:00\" \/>\n<meta property=\"article:modified_time\" content=\"2025-09-06T03:12:56+00:00\" \/>\n<meta property=\"og:image\" content=\"https:\/\/www.yucatanencorto.com\/noticias\/wp-content\/uploads\/2025\/09\/WhatsApp-Image-2025-09-05-at-16.58.26-1-scaled.jpeg\" \/>\n\t<meta property=\"og:image:width\" content=\"768\" \/>\n\t<meta property=\"og:image:height\" content=\"512\" \/>\n\t<meta property=\"og:image:type\" content=\"image\/jpeg\" \/>\n<meta name=\"author\" content=\"Yucat\u00e1n en Corto\" \/>\n<meta name=\"twitter:card\" content=\"summary_large_image\" \/>\n<meta name=\"twitter:creator\" content=\"@yucatanencorto\" \/>\n<meta name=\"twitter:site\" content=\"@yucatanencorto\" \/>\n<meta name=\"twitter:label1\" content=\"Escrito por\" \/>\n\t<meta name=\"twitter:data1\" content=\"Yucat\u00e1n en Corto\" \/>\n\t<meta name=\"twitter:label2\" content=\"Tiempo de lectura\" \/>\n\t<meta name=\"twitter:data2\" content=\"4 minutos\" \/>\n<script type=\"application\/ld+json\" class=\"yoast-schema-graph\">{\"@context\":\"https:\\\/\\\/schema.org\",\"@graph\":[{\"@type\":\"Article\",\"@id\":\"https:\\\/\\\/www.yucatanencorto.com\\\/noticias\\\/se-eliminaron-25-conexiones-clandestinas-en-el-parque-de-las-americas\\\/#article\",\"isPartOf\":{\"@id\":\"https:\\\/\\\/www.yucatanencorto.com\\\/noticias\\\/se-eliminaron-25-conexiones-clandestinas-en-el-parque-de-las-americas\\\/\"},\"author\":{\"name\":\"Yucat\u00e1n en Corto\",\"@id\":\"https:\\\/\\\/www.yucatanencorto.com\\\/noticias\\\/#\\\/schema\\\/person\\\/f0ec40c33447bbc0dc2d01d3006de771\"},\"headline\":\"Se eliminaron 25 conexiones clandestinas en el Parque de Las Am\u00e9ricas\",\"datePublished\":\"2025-09-05T23:10:58+00:00\",\"dateModified\":\"2025-09-06T03:12:56+00:00\",\"mainEntityOfPage\":{\"@id\":\"https:\\\/\\\/www.yucatanencorto.com\\\/noticias\\\/se-eliminaron-25-conexiones-clandestinas-en-el-parque-de-las-americas\\\/\"},\"wordCount\":648,\"image\":{\"@id\":\"https:\\\/\\\/www.yucatanencorto.com\\\/noticias\\\/se-eliminaron-25-conexiones-clandestinas-en-el-parque-de-las-americas\\\/#primaryimage\"},\"thumbnailUrl\":\"https:\\\/\\\/www.yucatanencorto.com\\\/noticias\\\/wp-content\\\/uploads\\\/2025\\\/09\\\/WhatsApp-Image-2025-09-05-at-16.58.26-1-scaled.jpeg\",\"articleSection\":[\"M\u00e9rida\"],\"inLanguage\":\"es\"},{\"@type\":\"WebPage\",\"@id\":\"https:\\\/\\\/www.yucatanencorto.com\\\/noticias\\\/se-eliminaron-25-conexiones-clandestinas-en-el-parque-de-las-americas\\\/\",\"url\":\"https:\\\/\\\/www.yucatanencorto.com\\\/noticias\\\/se-eliminaron-25-conexiones-clandestinas-en-el-parque-de-las-americas\\\/\",\"name\":\"Se eliminaron 25 conexiones clandestinas en el Parque de Las Am\u00e9ricas - Yucat\u00e1n en corto\",\"isPartOf\":{\"@id\":\"https:\\\/\\\/www.yucatanencorto.com\\\/noticias\\\/#website\"},\"primaryImageOfPage\":{\"@id\":\"https:\\\/\\\/www.yucatanencorto.com\\\/noticias\\\/se-eliminaron-25-conexiones-clandestinas-en-el-parque-de-las-americas\\\/#primaryimage\"},\"image\":{\"@id\":\"https:\\\/\\\/www.yucatanencorto.com\\\/noticias\\\/se-eliminaron-25-conexiones-clandestinas-en-el-parque-de-las-americas\\\/#primaryimage\"},\"thumbnailUrl\":\"https:\\\/\\\/www.yucatanencorto.com\\\/noticias\\\/wp-content\\\/uploads\\\/2025\\\/09\\\/WhatsApp-Image-2025-09-05-at-16.58.26-1-scaled.jpeg\",\"datePublished\":\"2025-09-05T23:10:58+00:00\",\"dateModified\":\"2025-09-06T03:12:56+00:00\",\"author\":{\"@id\":\"https:\\\/\\\/www.yucatanencorto.com\\\/noticias\\\/#\\\/schema\\\/person\\\/f0ec40c33447bbc0dc2d01d3006de771\"},\"breadcrumb\":{\"@id\":\"https:\\\/\\\/www.yucatanencorto.com\\\/noticias\\\/se-eliminaron-25-conexiones-clandestinas-en-el-parque-de-las-americas\\\/#breadcrumb\"},\"inLanguage\":\"es\",\"potentialAction\":[{\"@type\":\"ReadAction\",\"target\":[\"https:\\\/\\\/www.yucatanencorto.com\\\/noticias\\\/se-eliminaron-25-conexiones-clandestinas-en-el-parque-de-las-americas\\\/\"]}]},{\"@type\":\"ImageObject\",\"inLanguage\":\"es\",\"@id\":\"https:\\\/\\\/www.yucatanencorto.com\\\/noticias\\\/se-eliminaron-25-conexiones-clandestinas-en-el-parque-de-las-americas\\\/#primaryimage\",\"url\":\"https:\\\/\\\/www.yucatanencorto.com\\\/noticias\\\/wp-content\\\/uploads\\\/2025\\\/09\\\/WhatsApp-Image-2025-09-05-at-16.58.26-1-scaled.jpeg\",\"contentUrl\":\"https:\\\/\\\/www.yucatanencorto.com\\\/noticias\\\/wp-content\\\/uploads\\\/2025\\\/09\\\/WhatsApp-Image-2025-09-05-at-16.58.26-1-scaled.jpeg\",\"width\":768,\"height\":512},{\"@type\":\"BreadcrumbList\",\"@id\":\"https:\\\/\\\/www.yucatanencorto.com\\\/noticias\\\/se-eliminaron-25-conexiones-clandestinas-en-el-parque-de-las-americas\\\/#breadcrumb\",\"itemListElement\":[{\"@type\":\"ListItem\",\"position\":1,\"name\":\"Portada\",\"item\":\"https:\\\/\\\/www.yucatanencorto.com\\\/noticias\\\/\"},{\"@type\":\"ListItem\",\"position\":2,\"name\":\"Se eliminaron 25 conexiones clandestinas en el Parque de Las Am\u00e9ricas\"}]},{\"@type\":\"WebSite\",\"@id\":\"https:\\\/\\\/www.yucatanencorto.com\\\/noticias\\\/#website\",\"url\":\"https:\\\/\\\/www.yucatanencorto.com\\\/noticias\\\/\",\"name\":\"Yucat\u00e1n en corto\",\"description\":\"Noticias\",\"potentialAction\":[{\"@type\":\"SearchAction\",\"target\":{\"@type\":\"EntryPoint\",\"urlTemplate\":\"https:\\\/\\\/www.yucatanencorto.com\\\/noticias\\\/?s={search_term_string}\"},\"query-input\":{\"@type\":\"PropertyValueSpecification\",\"valueRequired\":true,\"valueName\":\"search_term_string\"}}],\"inLanguage\":\"es\"},{\"@type\":\"Person\",\"@id\":\"https:\\\/\\\/www.yucatanencorto.com\\\/noticias\\\/#\\\/schema\\\/person\\\/f0ec40c33447bbc0dc2d01d3006de771\",\"name\":\"Yucat\u00e1n en Corto\",\"image\":{\"@type\":\"ImageObject\",\"inLanguage\":\"es\",\"@id\":\"https:\\\/\\\/secure.gravatar.com\\\/avatar\\\/20e0a6b626f38fa8e545fb3f80ce566efd790bf8877e65c3a482460cc3e0b5d1?s=96&d=mm&r=g\",\"url\":\"https:\\\/\\\/secure.gravatar.com\\\/avatar\\\/20e0a6b626f38fa8e545fb3f80ce566efd790bf8877e65c3a482460cc3e0b5d1?s=96&d=mm&r=g\",\"contentUrl\":\"https:\\\/\\\/secure.gravatar.com\\\/avatar\\\/20e0a6b626f38fa8e545fb3f80ce566efd790bf8877e65c3a482460cc3e0b5d1?s=96&d=mm&r=g\",\"caption\":\"Yucat\u00e1n en Corto\"},\"url\":\"https:\\\/\\\/www.yucatanencorto.com\\\/noticias\\\/author\\\/editor25\\\/\"}]}<\/script>\n<!-- \/ Yoast SEO plugin. -->","yoast_head_json":{"title":"Se eliminaron 25 conexiones clandestinas en el Parque de Las Am\u00e9ricas - Yucat\u00e1n en corto","robots":{"index":"index","follow":"follow","max-snippet":"max-snippet:-1","max-image-preview":"max-image-preview:large","max-video-preview":"max-video-preview:-1"},"canonical":"https:\/\/www.yucatanencorto.com\/noticias\/se-eliminaron-25-conexiones-clandestinas-en-el-parque-de-las-americas\/","og_locale":"es_ES","og_type":"article","og_title":"Se eliminaron 25 conexiones clandestinas en el Parque de Las Am\u00e9ricas - Yucat\u00e1n en corto","og_description":"&nbsp; M\u00e9rida, Yucat\u00e1n, viernes 5 de septiembre de 2025.- La seguridad y el bienestar de los ciudadanos son prioridad para el Ayuntamiento de M\u00e9rida que encabeza la presidenta municipal Cecilia Patr\u00f3n Laviada, que impulsa acciones concretas para garantizar que comerciantes y visitantes del Parque de las Am\u00e9ricas puedan disfrutar de un entorno m\u00e1s ordenado, seguro [&hellip;]","og_url":"https:\/\/www.yucatanencorto.com\/noticias\/se-eliminaron-25-conexiones-clandestinas-en-el-parque-de-las-americas\/","og_site_name":"Yucat\u00e1n en corto","article_publisher":"http:\/\/www.facebook.com\/yucatanencorto","article_published_time":"2025-09-05T23:10:58+00:00","article_modified_time":"2025-09-06T03:12:56+00:00","og_image":[{"width":768,"height":512,"url":"https:\/\/www.yucatanencorto.com\/noticias\/wp-content\/uploads\/2025\/09\/WhatsApp-Image-2025-09-05-at-16.58.26-1-scaled.jpeg","type":"image\/jpeg"}],"author":"Yucat\u00e1n en Corto","twitter_card":"summary_large_image","twitter_creator":"@yucatanencorto","twitter_site":"@yucatanencorto","twitter_misc":{"Escrito por":"Yucat\u00e1n en Corto","Tiempo de lectura":"4 minutos"},"schema":{"@context":"https:\/\/schema.org","@graph":[{"@type":"Article","@id":"https:\/\/www.yucatanencorto.com\/noticias\/se-eliminaron-25-conexiones-clandestinas-en-el-parque-de-las-americas\/#article","isPartOf":{"@id":"https:\/\/www.yucatanencorto.com\/noticias\/se-eliminaron-25-conexiones-clandestinas-en-el-parque-de-las-americas\/"},"author":{"name":"Yucat\u00e1n en Corto","@id":"https:\/\/www.yucatanencorto.com\/noticias\/#\/schema\/person\/f0ec40c33447bbc0dc2d01d3006de771"},"headline":"Se eliminaron 25 conexiones clandestinas en el Parque de Las Am\u00e9ricas","datePublished":"2025-09-05T23:10:58+00:00","dateModified":"2025-09-06T03:12:56+00:00","mainEntityOfPage":{"@id":"https:\/\/www.yucatanencorto.com\/noticias\/se-eliminaron-25-conexiones-clandestinas-en-el-parque-de-las-americas\/"},"wordCount":648,"image":{"@id":"https:\/\/www.yucatanencorto.com\/noticias\/se-eliminaron-25-conexiones-clandestinas-en-el-parque-de-las-americas\/#primaryimage"},"thumbnailUrl":"https:\/\/www.yucatanencorto.com\/noticias\/wp-content\/uploads\/2025\/09\/WhatsApp-Image-2025-09-05-at-16.58.26-1-scaled.jpeg","articleSection":["M\u00e9rida"],"inLanguage":"es"},{"@type":"WebPage","@id":"https:\/\/www.yucatanencorto.com\/noticias\/se-eliminaron-25-conexiones-clandestinas-en-el-parque-de-las-americas\/","url":"https:\/\/www.yucatanencorto.com\/noticias\/se-eliminaron-25-conexiones-clandestinas-en-el-parque-de-las-americas\/","name":"Se eliminaron 25 conexiones clandestinas en el Parque de Las Am\u00e9ricas - Yucat\u00e1n en corto","isPartOf":{"@id":"https:\/\/www.yucatanencorto.com\/noticias\/#website"},"primaryImageOfPage":{"@id":"https:\/\/www.yucatanencorto.com\/noticias\/se-eliminaron-25-conexiones-clandestinas-en-el-parque-de-las-americas\/#primaryimage"},"image":{"@id":"https:\/\/www.yucatanencorto.com\/noticias\/se-eliminaron-25-conexiones-clandestinas-en-el-parque-de-las-americas\/#primaryimage"},"thumbnailUrl":"https:\/\/www.yucatanencorto.com\/noticias\/wp-content\/uploads\/2025\/09\/WhatsApp-Image-2025-09-05-at-16.58.26-1-scaled.jpeg","datePublished":"2025-09-05T23:10:58+00:00","dateModified":"2025-09-06T03:12:56+00:00","author":{"@id":"https:\/\/www.yucatanencorto.com\/noticias\/#\/schema\/person\/f0ec40c33447bbc0dc2d01d3006de771"},"breadcrumb":{"@id":"https:\/\/www.yucatanencorto.com\/noticias\/se-eliminaron-25-conexiones-clandestinas-en-el-parque-de-las-americas\/#breadcrumb"},"inLanguage":"es","potentialAction":[{"@type":"ReadAction","target":["https:\/\/www.yucatanencorto.com\/noticias\/se-eliminaron-25-conexiones-clandestinas-en-el-parque-de-las-americas\/"]}]},{"@type":"ImageObject","inLanguage":"es","@id":"https:\/\/www.yucatanencorto.com\/noticias\/se-eliminaron-25-conexiones-clandestinas-en-el-parque-de-las-americas\/#primaryimage","url":"https:\/\/www.yucatanencorto.com\/noticias\/wp-content\/uploads\/2025\/09\/WhatsApp-Image-2025-09-05-at-16.58.26-1-scaled.jpeg","contentUrl":"https:\/\/www.yucatanencorto.com\/noticias\/wp-content\/uploads\/2025\/09\/WhatsApp-Image-2025-09-05-at-16.58.26-1-scaled.jpeg","width":768,"height":512},{"@type":"BreadcrumbList","@id":"https:\/\/www.yucatanencorto.com\/noticias\/se-eliminaron-25-conexiones-clandestinas-en-el-parque-de-las-americas\/#breadcrumb","itemListElement":[{"@type":"ListItem","position":1,"name":"Portada","item":"https:\/\/www.yucatanencorto.com\/noticias\/"},{"@type":"ListItem","position":2,"name":"Se eliminaron 25 conexiones clandestinas en el Parque de Las Am\u00e9ricas"}]},{"@type":"WebSite","@id":"https:\/\/www.yucatanencorto.com\/noticias\/#website","url":"https:\/\/www.yucatanencorto.com\/noticias\/","name":"Yucat\u00e1n en corto","description":"Noticias","potentialAction":[{"@type":"SearchAction","target":{"@type":"EntryPoint","urlTemplate":"https:\/\/www.yucatanencorto.com\/noticias\/?s={search_term_string}"},"query-input":{"@type":"PropertyValueSpecification","valueRequired":true,"valueName":"search_term_string"}}],"inLanguage":"es"},{"@type":"Person","@id":"https:\/\/www.yucatanencorto.com\/noticias\/#\/schema\/person\/f0ec40c33447bbc0dc2d01d3006de771","name":"Yucat\u00e1n en Corto","image":{"@type":"ImageObject","inLanguage":"es","@id":"https:\/\/secure.gravatar.com\/avatar\/20e0a6b626f38fa8e545fb3f80ce566efd790bf8877e65c3a482460cc3e0b5d1?s=96&d=mm&r=g","url":"https:\/\/secure.gravatar.com\/avatar\/20e0a6b626f38fa8e545fb3f80ce566efd790bf8877e65c3a482460cc3e0b5d1?s=96&d=mm&r=g","contentUrl":"https:\/\/secure.gravatar.com\/avatar\/20e0a6b626f38fa8e545fb3f80ce566efd790bf8877e65c3a482460cc3e0b5d1?s=96&d=mm&r=g","caption":"Yucat\u00e1n en Corto"},"url":"https:\/\/www.yucatanencorto.com\/noticias\/author\/editor25\/"}]}},"_links":{"self":[{"href":"https:\/\/www.yucatanencorto.com\/noticias\/wp-json\/wp\/v2\/posts\/115736","targetHints":{"allow":["GET"]}}],"collection":[{"href":"https:\/\/www.yucatanencorto.com\/noticias\/wp-json\/wp\/v2\/posts"}],"about":[{"href":"https:\/\/www.yucatanencorto.com\/noticias\/wp-json\/wp\/v2\/types\/post"}],"author":[{"embeddable":true,"href":"https:\/\/www.yucatanencorto.com\/noticias\/wp-json\/wp\/v2\/users\/4"}],"replies":[{"embeddable":true,"href":"https:\/\/www.yucatanencorto.com\/noticias\/wp-json\/wp\/v2\/comments?post=115736"}],"version-history":[{"count":1,"href":"https:\/\/www.yucatanencorto.com\/noticias\/wp-json\/wp\/v2\/posts\/115736\/revisions"}],"predecessor-version":[{"id":115738,"href":"https:\/\/www.yucatanencorto.com\/noticias\/wp-json\/wp\/v2\/posts\/115736\/revisions\/115738"}],"wp:featuredmedia":[{"embeddable":true,"href":"https:\/\/www.yucatanencorto.com\/noticias\/wp-json\/wp\/v2\/media\/115737"}],"wp:attachment":[{"href":"https:\/\/www.yucatanencorto.com\/noticias\/wp-json\/wp\/v2\/media?parent=115736"}],"wp:term":[{"taxonomy":"category","embeddable":true,"href":"https:\/\/www.yucatanencorto.com\/noticias\/wp-json\/wp\/v2\/categories?post=115736"},{"taxonomy":"post_tag","embeddable":true,"href":"https:\/\/www.yucatanencorto.com\/noticias\/wp-json\/wp\/v2\/tags?post=115736"}],"curies":[{"name":"wp","href":"https:\/\/api.w.org\/{rel}","templated":true}]}}