{"id":115752,"date":"2025-09-06T19:38:38","date_gmt":"2025-09-07T01:38:38","guid":{"rendered":"https:\/\/www.yucatanencorto.com\/noticias\/?p=115752"},"modified":"2025-09-06T19:38:38","modified_gmt":"2025-09-07T01:38:38","slug":"entregan-la-rehabilitacion-de-area-recreativa-y-cancha-en-la-colonia-maria-luisa","status":"publish","type":"post","link":"https:\/\/www.yucatanencorto.com\/noticias\/entregan-la-rehabilitacion-de-area-recreativa-y-cancha-en-la-colonia-maria-luisa\/","title":{"rendered":"Entregan la rehabilitaci\u00f3n de \u00e1rea recreativa y cancha en la colonia Mar\u00eda Luisa.\u00a0"},"content":{"rendered":"<p><img loading=\"lazy\" decoding=\"async\" class=\"alignnone size-full wp-image-115753\" src=\"https:\/\/www.yucatanencorto.com\/noticias\/wp-content\/uploads\/2025\/09\/WhatsApp-Image-2025-09-06-at-14.05.38-scaled.jpeg\" alt=\"\" width=\"768\" height=\"512\" srcset=\"https:\/\/www.yucatanencorto.com\/noticias\/wp-content\/uploads\/2025\/09\/WhatsApp-Image-2025-09-06-at-14.05.38-scaled.jpeg 768w, https:\/\/www.yucatanencorto.com\/noticias\/wp-content\/uploads\/2025\/09\/WhatsApp-Image-2025-09-06-at-14.05.38-1536x1023.jpeg 1536w, https:\/\/www.yucatanencorto.com\/noticias\/wp-content\/uploads\/2025\/09\/WhatsApp-Image-2025-09-06-at-14.05.38-150x100.jpeg 150w, https:\/\/www.yucatanencorto.com\/noticias\/wp-content\/uploads\/2025\/09\/WhatsApp-Image-2025-09-06-at-14.05.38-300x200.jpeg 300w, https:\/\/www.yucatanencorto.com\/noticias\/wp-content\/uploads\/2025\/09\/WhatsApp-Image-2025-09-06-at-14.05.38-696x464.jpeg 696w, https:\/\/www.yucatanencorto.com\/noticias\/wp-content\/uploads\/2025\/09\/WhatsApp-Image-2025-09-06-at-14.05.38-1068x712.jpeg 1068w\" sizes=\"auto, (max-width: 768px) 100vw, 768px\" \/><\/p>\n<p>M\u00e9rida, Yucat\u00e1n, s\u00e1bado 6 de septiembre de 2025.- En la permanente labor de mejorar los espacios p\u00fablicos para las y los meridanos, la presidenta municipal Cecilia Patr\u00f3n Laviada entreg\u00f3 los trabajos de rehabilitaci\u00f3n del parque y cancha de usos m\u00faltiples de la colonia Mar\u00eda Luisa.<\/p>\n<p>\u201cSeguimos trabajando 24\/7 por mejores obras, de calidad, en las que los ciudadanos decidan. Donde ni\u00f1as, ni\u00f1os, j\u00f3venes, los no tan j\u00f3venes y personas mayores se sientan incluidos para que los hagan suyos\u201d, agreg\u00f3 la alcaldesa.<\/p>\n<p>A vecinas y vecinos la edil reconoci\u00f3 el compromiso de ser promotores para mejorar de este espacio p\u00fablico, ya que a trav\u00e9s del programa Dise\u00f1a tu Ciudad participaron activamente en el dise\u00f1o de su parque.<\/p>\n<p>Esta rehabilitaci\u00f3n tuvo un presupuesto de 3 millones 890 mil 362 pesos y consisti\u00f3 en la intervenci\u00f3n del parque con un m\u00f3dulo nuevo de juegos infantiles, \u00e1reas de picnic, ejercitadores y la rehabilitaci\u00f3n de la cancha de usos m\u00faltiples y de los andadores, atendiendo las necesidades indicadas por la comunidad.<\/p>\n<p>\u201cEso es lo que necesitamos, ciudadanos comprometidos que amen a M\u00e9rida, porque en equipo hicieron posible que este parque hoy se est\u00e9 estrenando con un nuevo rostro para el disfrute de todos los que viven aqu\u00ed en la Mar\u00eda Luisa\u201d, extern\u00f3 Cecilia.<\/p>\n<p>En lo que va de la administraci\u00f3n ya son 38 parques renovados, espacios p\u00fablicos que son un ejemplo claro del compromiso de c\u00f3mo llevar justicia social a cada colonia de la ciudad y sus comisar\u00edas.<\/p>\n<p>En este 2025 se destinar\u00e1n m\u00e1s de 85 millones de pesos de presupuesto participativo para 18 proyectos de rehabilitaci\u00f3n de parques y \u00e1reas deportivas, y que incluye por primera vez un corredor verde en Caucel-Santa Fe.<\/p>\n<p>Ahora se encuentran en la fase de dise\u00f1o para atender las necesidades de cada comunidad.<\/p>\n<p>Gracias a la confianza y trabajo conjunto con la ciudadan\u00eda el Ayuntamiento de M\u00e9rida ha emprendido diversas acciones municipales en parques y espacios p\u00fablicos, ya se cuenta en diferentes puntos de la ciudad y comisar\u00edas con 38 mil nuevas luminarias LED.<\/p>\n<p>Tambi\u00e9n se ha repavimentado m\u00e1s de 100 kil\u00f3metros de calles y se ha dado atenci\u00f3n a cerca de 260 mil baches que complementan una mejor infraestructura urbana y social en toda la ciudad.<\/p>\n<p>En la entrega de estos trabajos estuvieron presentes la regidora Paulina S\u00e1nchez D\u00edaz, y los directores de Obras P\u00fablicas, Sergio Chan Lugo; de Bienestar Humano, Jes\u00fas P\u00e9rez Ballote; de Servicios P\u00fablicos, Luis Jorge Montalvo Duarte, y el Secretario de Participaci\u00f3n y Atenci\u00f3n Ciudadana, Carlos Carrillo Paredes.<\/p>\n","protected":false},"excerpt":{"rendered":"<p>M\u00e9rida, Yucat\u00e1n, s\u00e1bado 6 de septiembre de 2025.- En la permanente labor de mejorar los espacios p\u00fablicos para las y los meridanos, la presidenta municipal Cecilia Patr\u00f3n Laviada entreg\u00f3 los trabajos de rehabilitaci\u00f3n del parque y cancha de usos m\u00faltiples de la colonia Mar\u00eda Luisa. \u201cSeguimos trabajando 24\/7 por mejores obras, de calidad, en las [&hellip;]<\/p>\n","protected":false},"author":4,"featured_media":115753,"comment_status":"closed","ping_status":"closed","sticky":false,"template":"","format":"standard","meta":{"footnotes":""},"categories":[2],"tags":[],"class_list":{"0":"post-115752","1":"post","2":"type-post","3":"status-publish","4":"format-standard","5":"has-post-thumbnail","7":"category-merida"},"yoast_head":"<!-- This site is optimized with the Yoast SEO plugin v27.4 - https:\/\/yoast.com\/product\/yoast-seo-wordpress\/ -->\n<title>Entregan la rehabilitaci\u00f3n de \u00e1rea recreativa y cancha en la colonia Mar\u00eda Luisa.\u00a0 - Yucat\u00e1n en corto<\/title>\n<meta name=\"robots\" content=\"index, follow, max-snippet:-1, max-image-preview:large, max-video-preview:-1\" \/>\n<link rel=\"canonical\" href=\"https:\/\/www.yucatanencorto.com\/noticias\/entregan-la-rehabilitacion-de-area-recreativa-y-cancha-en-la-colonia-maria-luisa\/\" \/>\n<meta property=\"og:locale\" content=\"es_ES\" \/>\n<meta property=\"og:type\" content=\"article\" \/>\n<meta property=\"og:title\" content=\"Entregan la rehabilitaci\u00f3n de \u00e1rea recreativa y cancha en la colonia Mar\u00eda Luisa.\u00a0 - Yucat\u00e1n en corto\" \/>\n<meta property=\"og:description\" content=\"M\u00e9rida, Yucat\u00e1n, s\u00e1bado 6 de septiembre de 2025.- En la permanente labor de mejorar los espacios p\u00fablicos para las y los meridanos, la presidenta municipal Cecilia Patr\u00f3n Laviada entreg\u00f3 los trabajos de rehabilitaci\u00f3n del parque y cancha de usos m\u00faltiples de la colonia Mar\u00eda Luisa. \u201cSeguimos trabajando 24\/7 por mejores obras, de calidad, en las [&hellip;]\" \/>\n<meta property=\"og:url\" content=\"https:\/\/www.yucatanencorto.com\/noticias\/entregan-la-rehabilitacion-de-area-recreativa-y-cancha-en-la-colonia-maria-luisa\/\" \/>\n<meta property=\"og:site_name\" content=\"Yucat\u00e1n en corto\" \/>\n<meta property=\"article:publisher\" content=\"http:\/\/www.facebook.com\/yucatanencorto\" \/>\n<meta property=\"article:published_time\" content=\"2025-09-07T01:38:38+00:00\" \/>\n<meta property=\"og:image\" content=\"https:\/\/www.yucatanencorto.com\/noticias\/wp-content\/uploads\/2025\/09\/WhatsApp-Image-2025-09-06-at-14.05.38-scaled.jpeg\" \/>\n\t<meta property=\"og:image:width\" content=\"768\" \/>\n\t<meta property=\"og:image:height\" content=\"512\" \/>\n\t<meta property=\"og:image:type\" content=\"image\/jpeg\" \/>\n<meta name=\"author\" content=\"Yucat\u00e1n en Corto\" \/>\n<meta name=\"twitter:card\" content=\"summary_large_image\" \/>\n<meta name=\"twitter:creator\" content=\"@yucatanencorto\" \/>\n<meta name=\"twitter:site\" content=\"@yucatanencorto\" \/>\n<meta name=\"twitter:label1\" content=\"Escrito por\" \/>\n\t<meta name=\"twitter:data1\" content=\"Yucat\u00e1n en Corto\" \/>\n\t<meta name=\"twitter:label2\" content=\"Tiempo de lectura\" \/>\n\t<meta name=\"twitter:data2\" content=\"3 minutos\" \/>\n<script type=\"application\/ld+json\" class=\"yoast-schema-graph\">{\"@context\":\"https:\\\/\\\/schema.org\",\"@graph\":[{\"@type\":\"Article\",\"@id\":\"https:\\\/\\\/www.yucatanencorto.com\\\/noticias\\\/entregan-la-rehabilitacion-de-area-recreativa-y-cancha-en-la-colonia-maria-luisa\\\/#article\",\"isPartOf\":{\"@id\":\"https:\\\/\\\/www.yucatanencorto.com\\\/noticias\\\/entregan-la-rehabilitacion-de-area-recreativa-y-cancha-en-la-colonia-maria-luisa\\\/\"},\"author\":{\"name\":\"Yucat\u00e1n en Corto\",\"@id\":\"https:\\\/\\\/www.yucatanencorto.com\\\/noticias\\\/#\\\/schema\\\/person\\\/f0ec40c33447bbc0dc2d01d3006de771\"},\"headline\":\"Entregan la rehabilitaci\u00f3n de \u00e1rea recreativa y cancha en la colonia Mar\u00eda Luisa.\u00a0\",\"datePublished\":\"2025-09-07T01:38:38+00:00\",\"mainEntityOfPage\":{\"@id\":\"https:\\\/\\\/www.yucatanencorto.com\\\/noticias\\\/entregan-la-rehabilitacion-de-area-recreativa-y-cancha-en-la-colonia-maria-luisa\\\/\"},\"wordCount\":464,\"image\":{\"@id\":\"https:\\\/\\\/www.yucatanencorto.com\\\/noticias\\\/entregan-la-rehabilitacion-de-area-recreativa-y-cancha-en-la-colonia-maria-luisa\\\/#primaryimage\"},\"thumbnailUrl\":\"https:\\\/\\\/www.yucatanencorto.com\\\/noticias\\\/wp-content\\\/uploads\\\/2025\\\/09\\\/WhatsApp-Image-2025-09-06-at-14.05.38-scaled.jpeg\",\"articleSection\":[\"M\u00e9rida\"],\"inLanguage\":\"es\"},{\"@type\":\"WebPage\",\"@id\":\"https:\\\/\\\/www.yucatanencorto.com\\\/noticias\\\/entregan-la-rehabilitacion-de-area-recreativa-y-cancha-en-la-colonia-maria-luisa\\\/\",\"url\":\"https:\\\/\\\/www.yucatanencorto.com\\\/noticias\\\/entregan-la-rehabilitacion-de-area-recreativa-y-cancha-en-la-colonia-maria-luisa\\\/\",\"name\":\"Entregan la rehabilitaci\u00f3n de \u00e1rea recreativa y cancha en la colonia Mar\u00eda Luisa.\u00a0 - Yucat\u00e1n en corto\",\"isPartOf\":{\"@id\":\"https:\\\/\\\/www.yucatanencorto.com\\\/noticias\\\/#website\"},\"primaryImageOfPage\":{\"@id\":\"https:\\\/\\\/www.yucatanencorto.com\\\/noticias\\\/entregan-la-rehabilitacion-de-area-recreativa-y-cancha-en-la-colonia-maria-luisa\\\/#primaryimage\"},\"image\":{\"@id\":\"https:\\\/\\\/www.yucatanencorto.com\\\/noticias\\\/entregan-la-rehabilitacion-de-area-recreativa-y-cancha-en-la-colonia-maria-luisa\\\/#primaryimage\"},\"thumbnailUrl\":\"https:\\\/\\\/www.yucatanencorto.com\\\/noticias\\\/wp-content\\\/uploads\\\/2025\\\/09\\\/WhatsApp-Image-2025-09-06-at-14.05.38-scaled.jpeg\",\"datePublished\":\"2025-09-07T01:38:38+00:00\",\"author\":{\"@id\":\"https:\\\/\\\/www.yucatanencorto.com\\\/noticias\\\/#\\\/schema\\\/person\\\/f0ec40c33447bbc0dc2d01d3006de771\"},\"breadcrumb\":{\"@id\":\"https:\\\/\\\/www.yucatanencorto.com\\\/noticias\\\/entregan-la-rehabilitacion-de-area-recreativa-y-cancha-en-la-colonia-maria-luisa\\\/#breadcrumb\"},\"inLanguage\":\"es\",\"potentialAction\":[{\"@type\":\"ReadAction\",\"target\":[\"https:\\\/\\\/www.yucatanencorto.com\\\/noticias\\\/entregan-la-rehabilitacion-de-area-recreativa-y-cancha-en-la-colonia-maria-luisa\\\/\"]}]},{\"@type\":\"ImageObject\",\"inLanguage\":\"es\",\"@id\":\"https:\\\/\\\/www.yucatanencorto.com\\\/noticias\\\/entregan-la-rehabilitacion-de-area-recreativa-y-cancha-en-la-colonia-maria-luisa\\\/#primaryimage\",\"url\":\"https:\\\/\\\/www.yucatanencorto.com\\\/noticias\\\/wp-content\\\/uploads\\\/2025\\\/09\\\/WhatsApp-Image-2025-09-06-at-14.05.38-scaled.jpeg\",\"contentUrl\":\"https:\\\/\\\/www.yucatanencorto.com\\\/noticias\\\/wp-content\\\/uploads\\\/2025\\\/09\\\/WhatsApp-Image-2025-09-06-at-14.05.38-scaled.jpeg\",\"width\":768,\"height\":512},{\"@type\":\"BreadcrumbList\",\"@id\":\"https:\\\/\\\/www.yucatanencorto.com\\\/noticias\\\/entregan-la-rehabilitacion-de-area-recreativa-y-cancha-en-la-colonia-maria-luisa\\\/#breadcrumb\",\"itemListElement\":[{\"@type\":\"ListItem\",\"position\":1,\"name\":\"Portada\",\"item\":\"https:\\\/\\\/www.yucatanencorto.com\\\/noticias\\\/\"},{\"@type\":\"ListItem\",\"position\":2,\"name\":\"Entregan la rehabilitaci\u00f3n de \u00e1rea recreativa y cancha en la colonia Mar\u00eda Luisa.\u00a0\"}]},{\"@type\":\"WebSite\",\"@id\":\"https:\\\/\\\/www.yucatanencorto.com\\\/noticias\\\/#website\",\"url\":\"https:\\\/\\\/www.yucatanencorto.com\\\/noticias\\\/\",\"name\":\"Yucat\u00e1n en corto\",\"description\":\"Noticias\",\"potentialAction\":[{\"@type\":\"SearchAction\",\"target\":{\"@type\":\"EntryPoint\",\"urlTemplate\":\"https:\\\/\\\/www.yucatanencorto.com\\\/noticias\\\/?s={search_term_string}\"},\"query-input\":{\"@type\":\"PropertyValueSpecification\",\"valueRequired\":true,\"valueName\":\"search_term_string\"}}],\"inLanguage\":\"es\"},{\"@type\":\"Person\",\"@id\":\"https:\\\/\\\/www.yucatanencorto.com\\\/noticias\\\/#\\\/schema\\\/person\\\/f0ec40c33447bbc0dc2d01d3006de771\",\"name\":\"Yucat\u00e1n en Corto\",\"image\":{\"@type\":\"ImageObject\",\"inLanguage\":\"es\",\"@id\":\"https:\\\/\\\/secure.gravatar.com\\\/avatar\\\/20e0a6b626f38fa8e545fb3f80ce566efd790bf8877e65c3a482460cc3e0b5d1?s=96&d=mm&r=g\",\"url\":\"https:\\\/\\\/secure.gravatar.com\\\/avatar\\\/20e0a6b626f38fa8e545fb3f80ce566efd790bf8877e65c3a482460cc3e0b5d1?s=96&d=mm&r=g\",\"contentUrl\":\"https:\\\/\\\/secure.gravatar.com\\\/avatar\\\/20e0a6b626f38fa8e545fb3f80ce566efd790bf8877e65c3a482460cc3e0b5d1?s=96&d=mm&r=g\",\"caption\":\"Yucat\u00e1n en Corto\"},\"url\":\"https:\\\/\\\/www.yucatanencorto.com\\\/noticias\\\/author\\\/editor25\\\/\"}]}<\/script>\n<!-- \/ Yoast SEO plugin. -->","yoast_head_json":{"title":"Entregan la rehabilitaci\u00f3n de \u00e1rea recreativa y cancha en la colonia Mar\u00eda Luisa.\u00a0 - Yucat\u00e1n en corto","robots":{"index":"index","follow":"follow","max-snippet":"max-snippet:-1","max-image-preview":"max-image-preview:large","max-video-preview":"max-video-preview:-1"},"canonical":"https:\/\/www.yucatanencorto.com\/noticias\/entregan-la-rehabilitacion-de-area-recreativa-y-cancha-en-la-colonia-maria-luisa\/","og_locale":"es_ES","og_type":"article","og_title":"Entregan la rehabilitaci\u00f3n de \u00e1rea recreativa y cancha en la colonia Mar\u00eda Luisa.\u00a0 - Yucat\u00e1n en corto","og_description":"M\u00e9rida, Yucat\u00e1n, s\u00e1bado 6 de septiembre de 2025.- En la permanente labor de mejorar los espacios p\u00fablicos para las y los meridanos, la presidenta municipal Cecilia Patr\u00f3n Laviada entreg\u00f3 los trabajos de rehabilitaci\u00f3n del parque y cancha de usos m\u00faltiples de la colonia Mar\u00eda Luisa. \u201cSeguimos trabajando 24\/7 por mejores obras, de calidad, en las [&hellip;]","og_url":"https:\/\/www.yucatanencorto.com\/noticias\/entregan-la-rehabilitacion-de-area-recreativa-y-cancha-en-la-colonia-maria-luisa\/","og_site_name":"Yucat\u00e1n en corto","article_publisher":"http:\/\/www.facebook.com\/yucatanencorto","article_published_time":"2025-09-07T01:38:38+00:00","og_image":[{"width":768,"height":512,"url":"https:\/\/www.yucatanencorto.com\/noticias\/wp-content\/uploads\/2025\/09\/WhatsApp-Image-2025-09-06-at-14.05.38-scaled.jpeg","type":"image\/jpeg"}],"author":"Yucat\u00e1n en Corto","twitter_card":"summary_large_image","twitter_creator":"@yucatanencorto","twitter_site":"@yucatanencorto","twitter_misc":{"Escrito por":"Yucat\u00e1n en Corto","Tiempo de lectura":"3 minutos"},"schema":{"@context":"https:\/\/schema.org","@graph":[{"@type":"Article","@id":"https:\/\/www.yucatanencorto.com\/noticias\/entregan-la-rehabilitacion-de-area-recreativa-y-cancha-en-la-colonia-maria-luisa\/#article","isPartOf":{"@id":"https:\/\/www.yucatanencorto.com\/noticias\/entregan-la-rehabilitacion-de-area-recreativa-y-cancha-en-la-colonia-maria-luisa\/"},"author":{"name":"Yucat\u00e1n en Corto","@id":"https:\/\/www.yucatanencorto.com\/noticias\/#\/schema\/person\/f0ec40c33447bbc0dc2d01d3006de771"},"headline":"Entregan la rehabilitaci\u00f3n de \u00e1rea recreativa y cancha en la colonia Mar\u00eda Luisa.\u00a0","datePublished":"2025-09-07T01:38:38+00:00","mainEntityOfPage":{"@id":"https:\/\/www.yucatanencorto.com\/noticias\/entregan-la-rehabilitacion-de-area-recreativa-y-cancha-en-la-colonia-maria-luisa\/"},"wordCount":464,"image":{"@id":"https:\/\/www.yucatanencorto.com\/noticias\/entregan-la-rehabilitacion-de-area-recreativa-y-cancha-en-la-colonia-maria-luisa\/#primaryimage"},"thumbnailUrl":"https:\/\/www.yucatanencorto.com\/noticias\/wp-content\/uploads\/2025\/09\/WhatsApp-Image-2025-09-06-at-14.05.38-scaled.jpeg","articleSection":["M\u00e9rida"],"inLanguage":"es"},{"@type":"WebPage","@id":"https:\/\/www.yucatanencorto.com\/noticias\/entregan-la-rehabilitacion-de-area-recreativa-y-cancha-en-la-colonia-maria-luisa\/","url":"https:\/\/www.yucatanencorto.com\/noticias\/entregan-la-rehabilitacion-de-area-recreativa-y-cancha-en-la-colonia-maria-luisa\/","name":"Entregan la rehabilitaci\u00f3n de \u00e1rea recreativa y cancha en la colonia Mar\u00eda Luisa.\u00a0 - Yucat\u00e1n en corto","isPartOf":{"@id":"https:\/\/www.yucatanencorto.com\/noticias\/#website"},"primaryImageOfPage":{"@id":"https:\/\/www.yucatanencorto.com\/noticias\/entregan-la-rehabilitacion-de-area-recreativa-y-cancha-en-la-colonia-maria-luisa\/#primaryimage"},"image":{"@id":"https:\/\/www.yucatanencorto.com\/noticias\/entregan-la-rehabilitacion-de-area-recreativa-y-cancha-en-la-colonia-maria-luisa\/#primaryimage"},"thumbnailUrl":"https:\/\/www.yucatanencorto.com\/noticias\/wp-content\/uploads\/2025\/09\/WhatsApp-Image-2025-09-06-at-14.05.38-scaled.jpeg","datePublished":"2025-09-07T01:38:38+00:00","author":{"@id":"https:\/\/www.yucatanencorto.com\/noticias\/#\/schema\/person\/f0ec40c33447bbc0dc2d01d3006de771"},"breadcrumb":{"@id":"https:\/\/www.yucatanencorto.com\/noticias\/entregan-la-rehabilitacion-de-area-recreativa-y-cancha-en-la-colonia-maria-luisa\/#breadcrumb"},"inLanguage":"es","potentialAction":[{"@type":"ReadAction","target":["https:\/\/www.yucatanencorto.com\/noticias\/entregan-la-rehabilitacion-de-area-recreativa-y-cancha-en-la-colonia-maria-luisa\/"]}]},{"@type":"ImageObject","inLanguage":"es","@id":"https:\/\/www.yucatanencorto.com\/noticias\/entregan-la-rehabilitacion-de-area-recreativa-y-cancha-en-la-colonia-maria-luisa\/#primaryimage","url":"https:\/\/www.yucatanencorto.com\/noticias\/wp-content\/uploads\/2025\/09\/WhatsApp-Image-2025-09-06-at-14.05.38-scaled.jpeg","contentUrl":"https:\/\/www.yucatanencorto.com\/noticias\/wp-content\/uploads\/2025\/09\/WhatsApp-Image-2025-09-06-at-14.05.38-scaled.jpeg","width":768,"height":512},{"@type":"BreadcrumbList","@id":"https:\/\/www.yucatanencorto.com\/noticias\/entregan-la-rehabilitacion-de-area-recreativa-y-cancha-en-la-colonia-maria-luisa\/#breadcrumb","itemListElement":[{"@type":"ListItem","position":1,"name":"Portada","item":"https:\/\/www.yucatanencorto.com\/noticias\/"},{"@type":"ListItem","position":2,"name":"Entregan la rehabilitaci\u00f3n de \u00e1rea recreativa y cancha en la colonia Mar\u00eda Luisa.\u00a0"}]},{"@type":"WebSite","@id":"https:\/\/www.yucatanencorto.com\/noticias\/#website","url":"https:\/\/www.yucatanencorto.com\/noticias\/","name":"Yucat\u00e1n en corto","description":"Noticias","potentialAction":[{"@type":"SearchAction","target":{"@type":"EntryPoint","urlTemplate":"https:\/\/www.yucatanencorto.com\/noticias\/?s={search_term_string}"},"query-input":{"@type":"PropertyValueSpecification","valueRequired":true,"valueName":"search_term_string"}}],"inLanguage":"es"},{"@type":"Person","@id":"https:\/\/www.yucatanencorto.com\/noticias\/#\/schema\/person\/f0ec40c33447bbc0dc2d01d3006de771","name":"Yucat\u00e1n en Corto","image":{"@type":"ImageObject","inLanguage":"es","@id":"https:\/\/secure.gravatar.com\/avatar\/20e0a6b626f38fa8e545fb3f80ce566efd790bf8877e65c3a482460cc3e0b5d1?s=96&d=mm&r=g","url":"https:\/\/secure.gravatar.com\/avatar\/20e0a6b626f38fa8e545fb3f80ce566efd790bf8877e65c3a482460cc3e0b5d1?s=96&d=mm&r=g","contentUrl":"https:\/\/secure.gravatar.com\/avatar\/20e0a6b626f38fa8e545fb3f80ce566efd790bf8877e65c3a482460cc3e0b5d1?s=96&d=mm&r=g","caption":"Yucat\u00e1n en Corto"},"url":"https:\/\/www.yucatanencorto.com\/noticias\/author\/editor25\/"}]}},"_links":{"self":[{"href":"https:\/\/www.yucatanencorto.com\/noticias\/wp-json\/wp\/v2\/posts\/115752","targetHints":{"allow":["GET"]}}],"collection":[{"href":"https:\/\/www.yucatanencorto.com\/noticias\/wp-json\/wp\/v2\/posts"}],"about":[{"href":"https:\/\/www.yucatanencorto.com\/noticias\/wp-json\/wp\/v2\/types\/post"}],"author":[{"embeddable":true,"href":"https:\/\/www.yucatanencorto.com\/noticias\/wp-json\/wp\/v2\/users\/4"}],"replies":[{"embeddable":true,"href":"https:\/\/www.yucatanencorto.com\/noticias\/wp-json\/wp\/v2\/comments?post=115752"}],"version-history":[{"count":1,"href":"https:\/\/www.yucatanencorto.com\/noticias\/wp-json\/wp\/v2\/posts\/115752\/revisions"}],"predecessor-version":[{"id":115754,"href":"https:\/\/www.yucatanencorto.com\/noticias\/wp-json\/wp\/v2\/posts\/115752\/revisions\/115754"}],"wp:featuredmedia":[{"embeddable":true,"href":"https:\/\/www.yucatanencorto.com\/noticias\/wp-json\/wp\/v2\/media\/115753"}],"wp:attachment":[{"href":"https:\/\/www.yucatanencorto.com\/noticias\/wp-json\/wp\/v2\/media?parent=115752"}],"wp:term":[{"taxonomy":"category","embeddable":true,"href":"https:\/\/www.yucatanencorto.com\/noticias\/wp-json\/wp\/v2\/categories?post=115752"},{"taxonomy":"post_tag","embeddable":true,"href":"https:\/\/www.yucatanencorto.com\/noticias\/wp-json\/wp\/v2\/tags?post=115752"}],"curies":[{"name":"wp","href":"https:\/\/api.w.org\/{rel}","templated":true}]}}