{"id":115765,"date":"2025-09-09T11:54:36","date_gmt":"2025-09-09T17:54:36","guid":{"rendered":"https:\/\/www.yucatanencorto.com\/noticias\/?p=115765"},"modified":"2025-09-09T11:54:36","modified_gmt":"2025-09-09T17:54:36","slug":"adelantan-fecha-para-obtener-la-curp-biometrica","status":"publish","type":"post","link":"https:\/\/www.yucatanencorto.com\/noticias\/adelantan-fecha-para-obtener-la-curp-biometrica\/","title":{"rendered":"Adelantan fecha para obtener la CURP Biom\u00e9trica"},"content":{"rendered":"<p data-t=\"{&quot;n&quot;:&quot;blueLinks&quot;,&quot;t&quot;:13,&quot;a&quot;:&quot;click&quot;,&quot;b&quot;:76}\"><img loading=\"lazy\" decoding=\"async\" class=\"alignnone size-full wp-image-115767\" src=\"https:\/\/www.yucatanencorto.com\/noticias\/wp-content\/uploads\/2025\/09\/AA1M9n2T-1.jpeg\" alt=\"\" width=\"768\" height=\"434\" srcset=\"https:\/\/www.yucatanencorto.com\/noticias\/wp-content\/uploads\/2025\/09\/AA1M9n2T-1.jpeg 768w, https:\/\/www.yucatanencorto.com\/noticias\/wp-content\/uploads\/2025\/09\/AA1M9n2T-1-150x85.jpeg 150w, https:\/\/www.yucatanencorto.com\/noticias\/wp-content\/uploads\/2025\/09\/AA1M9n2T-1-300x170.jpeg 300w, https:\/\/www.yucatanencorto.com\/noticias\/wp-content\/uploads\/2025\/09\/AA1M9n2T-1-696x393.jpeg 696w\" sizes=\"auto, (max-width: 768px) 100vw, 768px\" \/><\/p>\n<p style=\"text-align: left;\" data-t=\"{&quot;n&quot;:&quot;blueLinks&quot;,&quot;t&quot;:13,&quot;a&quot;:&quot;click&quot;,&quot;b&quot;:76}\">La nueva\u00a0CURP biom\u00e9trica\u00a0es una versi\u00f3n m\u00e1s actualizada de la\u00a0Clave \u00danica de Registro de Poblaci\u00f3n en M\u00e9xico, la cual servir\u00e1 como\u00a0una nueva forma de identificaci\u00f3n nacional, tal como funciona en otros pa\u00edses.<\/p>\n<p style=\"text-align: left;\" data-t=\"{&quot;n&quot;:&quot;blueLinks&quot;,&quot;t&quot;:13,&quot;a&quot;:&quot;click&quot;,&quot;b&quot;:76}\">Debido a que este\u00a0es un gran cambio para el pa\u00eds,\u00a0se necesita tomar\u00a0los datos biom\u00e9tricos de todos los mexicanos,\u00a0por lo que comenzar\u00e1 a realizarse el registro\u00a0de manera progresiva, para que\u00a0en el 2026,\u00a0la gran mayor\u00eda\u00a0ya cuente con este documento.<\/p>\n<div class=\"intra-article-module\" style=\"text-align: left;\" data-t=\"{&quot;n&quot;:&quot;intraArticle&quot;,&quot;t&quot;:13}\"><\/div>\n<p style=\"text-align: left;\" data-t=\"{&quot;n&quot;:&quot;blueLinks&quot;,&quot;t&quot;:13,&quot;a&quot;:&quot;click&quot;,&quot;b&quot;:76}\">En gran parte del territorio mexicano\u00a0esta opci\u00f3n se realizar\u00e1 a partir de octubre de 2025. Sin embargo, un estado ha adelentado el registro de la\u00a0nueva\u00a0CURP Biom\u00e9trica\u00a0y aqu\u00ed te decimos\u00a0la nueva fecha.<\/p>\n<h2 class=\"article-sub-heading\" style=\"text-align: left;\">\u00bfCu\u00e1l es la nueva fecha en a que podr\u00e1s tr\u00e1mitar la CURP Biom\u00e9trica?<\/h2>\n<p style=\"text-align: left;\" data-t=\"{&quot;n&quot;:&quot;blueLinks&quot;,&quot;t&quot;:13,&quot;a&quot;:&quot;click&quot;,&quot;b&quot;:76}\">Seg\u00fan lo mencionado por\u00a0Miriam Torres Monroy,\u00a0directora del\u00a0Registro del Estado Familiar,\u00a0inform\u00f3 que\u00a0en el estado de Hidalgo,\u00a0comenzar\u00e1n los tr\u00e1mites para obtener la CURP Biom\u00e9trica\u00a0el pr\u00f3ximo 15 de septiembre.<\/p>\n<p style=\"text-align: left;\" data-t=\"{&quot;n&quot;:&quot;blueLinks&quot;,&quot;t&quot;:13,&quot;a&quot;:&quot;click&quot;,&quot;b&quot;:76}\">La directora mencion\u00f3 en una conferencia de prensa que\u00a0la primera etapa iniciar\u00e1 en septiembre\u00a0para cumplir\u00a0con el plazo establecido por la ley que exige su aplicaci\u00f3n 90 d\u00edas\u00a0tras su publicaci\u00f3n en el\u00a0Diario Oficial de la Federaci\u00f3n (DOF).<\/p>\n<p style=\"text-align: left;\" data-t=\"{&quot;n&quot;:&quot;blueLinks&quot;,&quot;t&quot;:13,&quot;a&quot;:&quot;click&quot;,&quot;b&quot;:76}\">La funcionaria explic\u00f3 que\u00a0en Hidalgo ser\u00e1 el Registro del Estado Familiar\u00a0la instituci\u00f3n responsable de\u00a0capturar todos los datos biom\u00e9tricos\u00a0\u00a0y actualmente\u00a0est\u00e1n en capacitaci\u00f3n cinco personas para realizar el proceso.<\/p>\n<blockquote class=\"blockquote-text\"><p>\u201cTenemos que llegar a todo Hidalgo, ser\u00e1 de manera gradual y no va a ser obligatoria por el momento, ser\u00e1 un tr\u00e1mite voluntario\u201d, apunt\u00f3 la funcionaria estatal.<\/p><\/blockquote>\n<p style=\"text-align: left;\" data-t=\"{&quot;n&quot;:&quot;blueLinks&quot;,&quot;t&quot;:13,&quot;a&quot;:&quot;click&quot;,&quot;b&quot;:76}\">Por el momento\u00a0el tr\u00e1mite de la CURP se realizar\u00e1 en el\u00a0Registro del Estado Familiar\u00a0y luego\u00a0se extender\u00e1 a todo el territorio de Hidalgo con campa\u00f1as de atualizaci\u00f3n.<\/p>\n<p class=\"continue-read-break\" style=\"text-align: left;\" data-t=\"{&quot;n&quot;:&quot;blueLinks&quot;,&quot;t&quot;:13,&quot;a&quot;:&quot;click&quot;,&quot;b&quot;:76}\">En la primera etapa, el registro\u00a0ser\u00e1 obligatorio para trabajadores del gobierno estatal\u00a0y de ayuntamientos,\u00a0as\u00ed como de organismos aut\u00f3nomos.<\/p>\n<h2 class=\"article-sub-heading\">\u00bfCu\u00e1les son los requisitos para obtenr la CURP Biom\u00e9trica?<\/h2>\n<p data-t=\"{&quot;n&quot;:&quot;blueLinks&quot;,&quot;t&quot;:13,&quot;a&quot;:&quot;click&quot;,&quot;b&quot;:76}\">Para tramitar la CURP biom\u00e9trica, los adultos deben presentar en original y copia:<\/p>\n<div class=\"article-list-slot\">\n<ul>\n<li data-t=\"{&quot;n&quot;:&quot;blueLinks&quot;,&quot;t&quot;:13,&quot;a&quot;:&quot;click&quot;,&quot;b&quot;:76}\">Acta de nacimiento actualizada y certificada.<\/li>\n<li data-t=\"{&quot;n&quot;:&quot;blueLinks&quot;,&quot;t&quot;:13,&quot;a&quot;:&quot;click&quot;,&quot;b&quot;:76}\">Identificaci\u00f3n oficial vigente con fotograf\u00eda (INE, pasaporte, c\u00e9dula profesional, licencia de conducir, etc.).<\/li>\n<li data-t=\"{&quot;n&quot;:&quot;blueLinks&quot;,&quot;t&quot;:13,&quot;a&quot;:&quot;click&quot;,&quot;b&quot;:76}\">CURP tradicional validada por RENAPO.<\/li>\n<li data-t=\"{&quot;n&quot;:&quot;blueLinks&quot;,&quot;t&quot;:13,&quot;a&quot;:&quot;click&quot;,&quot;b&quot;:76}\">Comprobante de domicilio reciente (no mayor a 3 meses).<\/li>\n<li data-t=\"{&quot;n&quot;:&quot;blueLinks&quot;,&quot;t&quot;:13,&quot;a&quot;:&quot;click&quot;,&quot;b&quot;:76}\">Correo electr\u00f3nico personal y activo.<\/li>\n<\/ul>\n<\/div>\n<p data-t=\"{&quot;n&quot;:&quot;blueLinks&quot;,&quot;t&quot;:13,&quot;a&quot;:&quot;click&quot;,&quot;b&quot;:76}\">En el caso de menores de edad, se requiere acudir con\u00a0padre, madre o tutor legal, quienes deben\u00a0presentar su propia identificaci\u00f3n oficial\u00a0para acreditar\u00a0parentesco, adem\u00e1s del correo electr\u00f3nico.<\/p>\n","protected":false},"excerpt":{"rendered":"<p>La nueva\u00a0CURP biom\u00e9trica\u00a0es una versi\u00f3n m\u00e1s actualizada de la\u00a0Clave \u00danica de Registro de Poblaci\u00f3n en M\u00e9xico, la cual servir\u00e1 como\u00a0una nueva forma de identificaci\u00f3n nacional, tal como funciona en otros pa\u00edses. Debido a que este\u00a0es un gran cambio para el pa\u00eds,\u00a0se necesita tomar\u00a0los datos biom\u00e9tricos de todos los mexicanos,\u00a0por lo que comenzar\u00e1 a realizarse el [&hellip;]<\/p>\n","protected":false},"author":4,"featured_media":115766,"comment_status":"closed","ping_status":"closed","sticky":false,"template":"","format":"standard","meta":{"footnotes":""},"categories":[4],"tags":[],"class_list":{"0":"post-115765","1":"post","2":"type-post","3":"status-publish","4":"format-standard","5":"has-post-thumbnail","7":"category-mexico"},"yoast_head":"<!-- This site is optimized with the Yoast SEO plugin v27.4 - https:\/\/yoast.com\/product\/yoast-seo-wordpress\/ -->\n<title>Adelantan fecha para obtener la CURP Biom\u00e9trica - Yucat\u00e1n en corto<\/title>\n<meta name=\"robots\" content=\"index, follow, max-snippet:-1, max-image-preview:large, max-video-preview:-1\" \/>\n<link rel=\"canonical\" href=\"https:\/\/www.yucatanencorto.com\/noticias\/adelantan-fecha-para-obtener-la-curp-biometrica\/\" \/>\n<meta property=\"og:locale\" content=\"es_ES\" \/>\n<meta property=\"og:type\" content=\"article\" \/>\n<meta property=\"og:title\" content=\"Adelantan fecha para obtener la CURP Biom\u00e9trica - Yucat\u00e1n en corto\" \/>\n<meta property=\"og:description\" content=\"La nueva\u00a0CURP biom\u00e9trica\u00a0es una versi\u00f3n m\u00e1s actualizada de la\u00a0Clave \u00danica de Registro de Poblaci\u00f3n en M\u00e9xico, la cual servir\u00e1 como\u00a0una nueva forma de identificaci\u00f3n nacional, tal como funciona en otros pa\u00edses. Debido a que este\u00a0es un gran cambio para el pa\u00eds,\u00a0se necesita tomar\u00a0los datos biom\u00e9tricos de todos los mexicanos,\u00a0por lo que comenzar\u00e1 a realizarse el [&hellip;]\" \/>\n<meta property=\"og:url\" content=\"https:\/\/www.yucatanencorto.com\/noticias\/adelantan-fecha-para-obtener-la-curp-biometrica\/\" \/>\n<meta property=\"og:site_name\" content=\"Yucat\u00e1n en corto\" \/>\n<meta property=\"article:publisher\" content=\"http:\/\/www.facebook.com\/yucatanencorto\" \/>\n<meta property=\"article:published_time\" content=\"2025-09-09T17:54:36+00:00\" \/>\n<meta property=\"og:image\" content=\"https:\/\/www.yucatanencorto.com\/noticias\/wp-content\/uploads\/2025\/09\/AA1M9n2T.jpeg\" \/>\n\t<meta property=\"og:image:width\" content=\"768\" \/>\n\t<meta property=\"og:image:height\" content=\"434\" \/>\n\t<meta property=\"og:image:type\" content=\"image\/jpeg\" \/>\n<meta name=\"author\" content=\"Yucat\u00e1n en Corto\" \/>\n<meta name=\"twitter:card\" content=\"summary_large_image\" \/>\n<meta name=\"twitter:creator\" content=\"@yucatanencorto\" \/>\n<meta name=\"twitter:site\" content=\"@yucatanencorto\" \/>\n<meta name=\"twitter:label1\" content=\"Escrito por\" \/>\n\t<meta name=\"twitter:data1\" content=\"Yucat\u00e1n en Corto\" \/>\n\t<meta name=\"twitter:label2\" content=\"Tiempo de lectura\" \/>\n\t<meta name=\"twitter:data2\" content=\"3 minutos\" \/>\n<script type=\"application\/ld+json\" class=\"yoast-schema-graph\">{\"@context\":\"https:\\\/\\\/schema.org\",\"@graph\":[{\"@type\":\"Article\",\"@id\":\"https:\\\/\\\/www.yucatanencorto.com\\\/noticias\\\/adelantan-fecha-para-obtener-la-curp-biometrica\\\/#article\",\"isPartOf\":{\"@id\":\"https:\\\/\\\/www.yucatanencorto.com\\\/noticias\\\/adelantan-fecha-para-obtener-la-curp-biometrica\\\/\"},\"author\":{\"name\":\"Yucat\u00e1n en Corto\",\"@id\":\"https:\\\/\\\/www.yucatanencorto.com\\\/noticias\\\/#\\\/schema\\\/person\\\/f0ec40c33447bbc0dc2d01d3006de771\"},\"headline\":\"Adelantan fecha para obtener la CURP Biom\u00e9trica\",\"datePublished\":\"2025-09-09T17:54:36+00:00\",\"mainEntityOfPage\":{\"@id\":\"https:\\\/\\\/www.yucatanencorto.com\\\/noticias\\\/adelantan-fecha-para-obtener-la-curp-biometrica\\\/\"},\"wordCount\":450,\"image\":{\"@id\":\"https:\\\/\\\/www.yucatanencorto.com\\\/noticias\\\/adelantan-fecha-para-obtener-la-curp-biometrica\\\/#primaryimage\"},\"thumbnailUrl\":\"https:\\\/\\\/www.yucatanencorto.com\\\/noticias\\\/wp-content\\\/uploads\\\/2025\\\/09\\\/AA1M9n2T.jpeg\",\"articleSection\":[\"M\u00e9xico\"],\"inLanguage\":\"es\"},{\"@type\":\"WebPage\",\"@id\":\"https:\\\/\\\/www.yucatanencorto.com\\\/noticias\\\/adelantan-fecha-para-obtener-la-curp-biometrica\\\/\",\"url\":\"https:\\\/\\\/www.yucatanencorto.com\\\/noticias\\\/adelantan-fecha-para-obtener-la-curp-biometrica\\\/\",\"name\":\"Adelantan fecha para obtener la CURP Biom\u00e9trica - Yucat\u00e1n en corto\",\"isPartOf\":{\"@id\":\"https:\\\/\\\/www.yucatanencorto.com\\\/noticias\\\/#website\"},\"primaryImageOfPage\":{\"@id\":\"https:\\\/\\\/www.yucatanencorto.com\\\/noticias\\\/adelantan-fecha-para-obtener-la-curp-biometrica\\\/#primaryimage\"},\"image\":{\"@id\":\"https:\\\/\\\/www.yucatanencorto.com\\\/noticias\\\/adelantan-fecha-para-obtener-la-curp-biometrica\\\/#primaryimage\"},\"thumbnailUrl\":\"https:\\\/\\\/www.yucatanencorto.com\\\/noticias\\\/wp-content\\\/uploads\\\/2025\\\/09\\\/AA1M9n2T.jpeg\",\"datePublished\":\"2025-09-09T17:54:36+00:00\",\"author\":{\"@id\":\"https:\\\/\\\/www.yucatanencorto.com\\\/noticias\\\/#\\\/schema\\\/person\\\/f0ec40c33447bbc0dc2d01d3006de771\"},\"breadcrumb\":{\"@id\":\"https:\\\/\\\/www.yucatanencorto.com\\\/noticias\\\/adelantan-fecha-para-obtener-la-curp-biometrica\\\/#breadcrumb\"},\"inLanguage\":\"es\",\"potentialAction\":[{\"@type\":\"ReadAction\",\"target\":[\"https:\\\/\\\/www.yucatanencorto.com\\\/noticias\\\/adelantan-fecha-para-obtener-la-curp-biometrica\\\/\"]}]},{\"@type\":\"ImageObject\",\"inLanguage\":\"es\",\"@id\":\"https:\\\/\\\/www.yucatanencorto.com\\\/noticias\\\/adelantan-fecha-para-obtener-la-curp-biometrica\\\/#primaryimage\",\"url\":\"https:\\\/\\\/www.yucatanencorto.com\\\/noticias\\\/wp-content\\\/uploads\\\/2025\\\/09\\\/AA1M9n2T.jpeg\",\"contentUrl\":\"https:\\\/\\\/www.yucatanencorto.com\\\/noticias\\\/wp-content\\\/uploads\\\/2025\\\/09\\\/AA1M9n2T.jpeg\",\"width\":768,\"height\":434},{\"@type\":\"BreadcrumbList\",\"@id\":\"https:\\\/\\\/www.yucatanencorto.com\\\/noticias\\\/adelantan-fecha-para-obtener-la-curp-biometrica\\\/#breadcrumb\",\"itemListElement\":[{\"@type\":\"ListItem\",\"position\":1,\"name\":\"Portada\",\"item\":\"https:\\\/\\\/www.yucatanencorto.com\\\/noticias\\\/\"},{\"@type\":\"ListItem\",\"position\":2,\"name\":\"Adelantan fecha para obtener la CURP Biom\u00e9trica\"}]},{\"@type\":\"WebSite\",\"@id\":\"https:\\\/\\\/www.yucatanencorto.com\\\/noticias\\\/#website\",\"url\":\"https:\\\/\\\/www.yucatanencorto.com\\\/noticias\\\/\",\"name\":\"Yucat\u00e1n en corto\",\"description\":\"Noticias\",\"potentialAction\":[{\"@type\":\"SearchAction\",\"target\":{\"@type\":\"EntryPoint\",\"urlTemplate\":\"https:\\\/\\\/www.yucatanencorto.com\\\/noticias\\\/?s={search_term_string}\"},\"query-input\":{\"@type\":\"PropertyValueSpecification\",\"valueRequired\":true,\"valueName\":\"search_term_string\"}}],\"inLanguage\":\"es\"},{\"@type\":\"Person\",\"@id\":\"https:\\\/\\\/www.yucatanencorto.com\\\/noticias\\\/#\\\/schema\\\/person\\\/f0ec40c33447bbc0dc2d01d3006de771\",\"name\":\"Yucat\u00e1n en Corto\",\"image\":{\"@type\":\"ImageObject\",\"inLanguage\":\"es\",\"@id\":\"https:\\\/\\\/secure.gravatar.com\\\/avatar\\\/20e0a6b626f38fa8e545fb3f80ce566efd790bf8877e65c3a482460cc3e0b5d1?s=96&d=mm&r=g\",\"url\":\"https:\\\/\\\/secure.gravatar.com\\\/avatar\\\/20e0a6b626f38fa8e545fb3f80ce566efd790bf8877e65c3a482460cc3e0b5d1?s=96&d=mm&r=g\",\"contentUrl\":\"https:\\\/\\\/secure.gravatar.com\\\/avatar\\\/20e0a6b626f38fa8e545fb3f80ce566efd790bf8877e65c3a482460cc3e0b5d1?s=96&d=mm&r=g\",\"caption\":\"Yucat\u00e1n en Corto\"},\"url\":\"https:\\\/\\\/www.yucatanencorto.com\\\/noticias\\\/author\\\/editor25\\\/\"}]}<\/script>\n<!-- \/ Yoast SEO plugin. -->","yoast_head_json":{"title":"Adelantan fecha para obtener la CURP Biom\u00e9trica - Yucat\u00e1n en corto","robots":{"index":"index","follow":"follow","max-snippet":"max-snippet:-1","max-image-preview":"max-image-preview:large","max-video-preview":"max-video-preview:-1"},"canonical":"https:\/\/www.yucatanencorto.com\/noticias\/adelantan-fecha-para-obtener-la-curp-biometrica\/","og_locale":"es_ES","og_type":"article","og_title":"Adelantan fecha para obtener la CURP Biom\u00e9trica - Yucat\u00e1n en corto","og_description":"La nueva\u00a0CURP biom\u00e9trica\u00a0es una versi\u00f3n m\u00e1s actualizada de la\u00a0Clave \u00danica de Registro de Poblaci\u00f3n en M\u00e9xico, la cual servir\u00e1 como\u00a0una nueva forma de identificaci\u00f3n nacional, tal como funciona en otros pa\u00edses. Debido a que este\u00a0es un gran cambio para el pa\u00eds,\u00a0se necesita tomar\u00a0los datos biom\u00e9tricos de todos los mexicanos,\u00a0por lo que comenzar\u00e1 a realizarse el [&hellip;]","og_url":"https:\/\/www.yucatanencorto.com\/noticias\/adelantan-fecha-para-obtener-la-curp-biometrica\/","og_site_name":"Yucat\u00e1n en corto","article_publisher":"http:\/\/www.facebook.com\/yucatanencorto","article_published_time":"2025-09-09T17:54:36+00:00","og_image":[{"width":768,"height":434,"url":"https:\/\/www.yucatanencorto.com\/noticias\/wp-content\/uploads\/2025\/09\/AA1M9n2T.jpeg","type":"image\/jpeg"}],"author":"Yucat\u00e1n en Corto","twitter_card":"summary_large_image","twitter_creator":"@yucatanencorto","twitter_site":"@yucatanencorto","twitter_misc":{"Escrito por":"Yucat\u00e1n en Corto","Tiempo de lectura":"3 minutos"},"schema":{"@context":"https:\/\/schema.org","@graph":[{"@type":"Article","@id":"https:\/\/www.yucatanencorto.com\/noticias\/adelantan-fecha-para-obtener-la-curp-biometrica\/#article","isPartOf":{"@id":"https:\/\/www.yucatanencorto.com\/noticias\/adelantan-fecha-para-obtener-la-curp-biometrica\/"},"author":{"name":"Yucat\u00e1n en Corto","@id":"https:\/\/www.yucatanencorto.com\/noticias\/#\/schema\/person\/f0ec40c33447bbc0dc2d01d3006de771"},"headline":"Adelantan fecha para obtener la CURP Biom\u00e9trica","datePublished":"2025-09-09T17:54:36+00:00","mainEntityOfPage":{"@id":"https:\/\/www.yucatanencorto.com\/noticias\/adelantan-fecha-para-obtener-la-curp-biometrica\/"},"wordCount":450,"image":{"@id":"https:\/\/www.yucatanencorto.com\/noticias\/adelantan-fecha-para-obtener-la-curp-biometrica\/#primaryimage"},"thumbnailUrl":"https:\/\/www.yucatanencorto.com\/noticias\/wp-content\/uploads\/2025\/09\/AA1M9n2T.jpeg","articleSection":["M\u00e9xico"],"inLanguage":"es"},{"@type":"WebPage","@id":"https:\/\/www.yucatanencorto.com\/noticias\/adelantan-fecha-para-obtener-la-curp-biometrica\/","url":"https:\/\/www.yucatanencorto.com\/noticias\/adelantan-fecha-para-obtener-la-curp-biometrica\/","name":"Adelantan fecha para obtener la CURP Biom\u00e9trica - Yucat\u00e1n en corto","isPartOf":{"@id":"https:\/\/www.yucatanencorto.com\/noticias\/#website"},"primaryImageOfPage":{"@id":"https:\/\/www.yucatanencorto.com\/noticias\/adelantan-fecha-para-obtener-la-curp-biometrica\/#primaryimage"},"image":{"@id":"https:\/\/www.yucatanencorto.com\/noticias\/adelantan-fecha-para-obtener-la-curp-biometrica\/#primaryimage"},"thumbnailUrl":"https:\/\/www.yucatanencorto.com\/noticias\/wp-content\/uploads\/2025\/09\/AA1M9n2T.jpeg","datePublished":"2025-09-09T17:54:36+00:00","author":{"@id":"https:\/\/www.yucatanencorto.com\/noticias\/#\/schema\/person\/f0ec40c33447bbc0dc2d01d3006de771"},"breadcrumb":{"@id":"https:\/\/www.yucatanencorto.com\/noticias\/adelantan-fecha-para-obtener-la-curp-biometrica\/#breadcrumb"},"inLanguage":"es","potentialAction":[{"@type":"ReadAction","target":["https:\/\/www.yucatanencorto.com\/noticias\/adelantan-fecha-para-obtener-la-curp-biometrica\/"]}]},{"@type":"ImageObject","inLanguage":"es","@id":"https:\/\/www.yucatanencorto.com\/noticias\/adelantan-fecha-para-obtener-la-curp-biometrica\/#primaryimage","url":"https:\/\/www.yucatanencorto.com\/noticias\/wp-content\/uploads\/2025\/09\/AA1M9n2T.jpeg","contentUrl":"https:\/\/www.yucatanencorto.com\/noticias\/wp-content\/uploads\/2025\/09\/AA1M9n2T.jpeg","width":768,"height":434},{"@type":"BreadcrumbList","@id":"https:\/\/www.yucatanencorto.com\/noticias\/adelantan-fecha-para-obtener-la-curp-biometrica\/#breadcrumb","itemListElement":[{"@type":"ListItem","position":1,"name":"Portada","item":"https:\/\/www.yucatanencorto.com\/noticias\/"},{"@type":"ListItem","position":2,"name":"Adelantan fecha para obtener la CURP Biom\u00e9trica"}]},{"@type":"WebSite","@id":"https:\/\/www.yucatanencorto.com\/noticias\/#website","url":"https:\/\/www.yucatanencorto.com\/noticias\/","name":"Yucat\u00e1n en corto","description":"Noticias","potentialAction":[{"@type":"SearchAction","target":{"@type":"EntryPoint","urlTemplate":"https:\/\/www.yucatanencorto.com\/noticias\/?s={search_term_string}"},"query-input":{"@type":"PropertyValueSpecification","valueRequired":true,"valueName":"search_term_string"}}],"inLanguage":"es"},{"@type":"Person","@id":"https:\/\/www.yucatanencorto.com\/noticias\/#\/schema\/person\/f0ec40c33447bbc0dc2d01d3006de771","name":"Yucat\u00e1n en Corto","image":{"@type":"ImageObject","inLanguage":"es","@id":"https:\/\/secure.gravatar.com\/avatar\/20e0a6b626f38fa8e545fb3f80ce566efd790bf8877e65c3a482460cc3e0b5d1?s=96&d=mm&r=g","url":"https:\/\/secure.gravatar.com\/avatar\/20e0a6b626f38fa8e545fb3f80ce566efd790bf8877e65c3a482460cc3e0b5d1?s=96&d=mm&r=g","contentUrl":"https:\/\/secure.gravatar.com\/avatar\/20e0a6b626f38fa8e545fb3f80ce566efd790bf8877e65c3a482460cc3e0b5d1?s=96&d=mm&r=g","caption":"Yucat\u00e1n en Corto"},"url":"https:\/\/www.yucatanencorto.com\/noticias\/author\/editor25\/"}]}},"_links":{"self":[{"href":"https:\/\/www.yucatanencorto.com\/noticias\/wp-json\/wp\/v2\/posts\/115765","targetHints":{"allow":["GET"]}}],"collection":[{"href":"https:\/\/www.yucatanencorto.com\/noticias\/wp-json\/wp\/v2\/posts"}],"about":[{"href":"https:\/\/www.yucatanencorto.com\/noticias\/wp-json\/wp\/v2\/types\/post"}],"author":[{"embeddable":true,"href":"https:\/\/www.yucatanencorto.com\/noticias\/wp-json\/wp\/v2\/users\/4"}],"replies":[{"embeddable":true,"href":"https:\/\/www.yucatanencorto.com\/noticias\/wp-json\/wp\/v2\/comments?post=115765"}],"version-history":[{"count":1,"href":"https:\/\/www.yucatanencorto.com\/noticias\/wp-json\/wp\/v2\/posts\/115765\/revisions"}],"predecessor-version":[{"id":115768,"href":"https:\/\/www.yucatanencorto.com\/noticias\/wp-json\/wp\/v2\/posts\/115765\/revisions\/115768"}],"wp:featuredmedia":[{"embeddable":true,"href":"https:\/\/www.yucatanencorto.com\/noticias\/wp-json\/wp\/v2\/media\/115766"}],"wp:attachment":[{"href":"https:\/\/www.yucatanencorto.com\/noticias\/wp-json\/wp\/v2\/media?parent=115765"}],"wp:term":[{"taxonomy":"category","embeddable":true,"href":"https:\/\/www.yucatanencorto.com\/noticias\/wp-json\/wp\/v2\/categories?post=115765"},{"taxonomy":"post_tag","embeddable":true,"href":"https:\/\/www.yucatanencorto.com\/noticias\/wp-json\/wp\/v2\/tags?post=115765"}],"curies":[{"name":"wp","href":"https:\/\/api.w.org\/{rel}","templated":true}]}}