{"id":115769,"date":"2025-09-10T09:57:49","date_gmt":"2025-09-10T15:57:49","guid":{"rendered":"https:\/\/www.yucatanencorto.com\/noticias\/?p=115769"},"modified":"2025-09-10T09:57:49","modified_gmt":"2025-09-10T15:57:49","slug":"sheinbaum-propone-aranceles-de-hasta-50-a-mas-de-mil-productos","status":"publish","type":"post","link":"https:\/\/www.yucatanencorto.com\/noticias\/sheinbaum-propone-aranceles-de-hasta-50-a-mas-de-mil-productos\/","title":{"rendered":"Sheinbaum propone aranceles de hasta 50% a m\u00e1s de mil productos"},"content":{"rendered":"<p data-t=\"{&quot;n&quot;:&quot;blueLinks&quot;,&quot;t&quot;:13,&quot;a&quot;:&quot;click&quot;,&quot;b&quot;:76}\"><img loading=\"lazy\" decoding=\"async\" class=\"alignnone size-full wp-image-115770\" src=\"https:\/\/www.yucatanencorto.com\/noticias\/wp-content\/uploads\/2025\/09\/AA1MfPBu.webp\" alt=\"\" width=\"768\" height=\"428\" srcset=\"https:\/\/www.yucatanencorto.com\/noticias\/wp-content\/uploads\/2025\/09\/AA1MfPBu.webp 768w, https:\/\/www.yucatanencorto.com\/noticias\/wp-content\/uploads\/2025\/09\/AA1MfPBu-150x84.webp 150w, https:\/\/www.yucatanencorto.com\/noticias\/wp-content\/uploads\/2025\/09\/AA1MfPBu-300x167.webp 300w, https:\/\/www.yucatanencorto.com\/noticias\/wp-content\/uploads\/2025\/09\/AA1MfPBu-696x388.webp 696w\" sizes=\"auto, (max-width: 768px) 100vw, 768px\" \/><\/p>\n<p data-t=\"{&quot;n&quot;:&quot;blueLinks&quot;,&quot;t&quot;:13,&quot;a&quot;:&quot;click&quot;,&quot;b&quot;:76}\">La presidenta de M\u00e9xico,\u00a0Claudia Sheinbaum, envi\u00f3 a la C\u00e1mara de Diputados una\u00a0iniciativa de reformas\u00a0a la Ley de los Impuestos Generales de Importaci\u00f3n y Exportaci\u00f3n, con el objetivo de imponer\u00a0aranceles\u00a0de\u00a010, 25, 35 y hasta 50 por ciento\u00a0a la importaci\u00f3n de ciertas mercanc\u00edas provenientes de pa\u00edses con los que M\u00e9xico no tiene\u00a0tratados comerciales.<\/p>\n<div class=\"intra-article-module\" data-t=\"{&quot;n&quot;:&quot;intraArticle&quot;,&quot;t&quot;:13}\"><\/div>\n<h2 class=\"article-sub-heading\">Sectores y productos afectados<\/h2>\n<p data-t=\"{&quot;n&quot;:&quot;blueLinks&quot;,&quot;t&quot;:13,&quot;a&quot;:&quot;click&quot;,&quot;b&quot;:76}\">La propuesta abarca m\u00e1s de mil productos, incluyendo sectores como\u00a0automotriz,\u00a0textil,\u00a0vestido, pl\u00e1stico, sider\u00fargico, electrodom\u00e9sticos, aluminio, juguetes, muebles, calzado, marroquiner\u00eda, papel y cart\u00f3n, motocicletas, remolques y vidrio.<\/p>\n<p data-t=\"{&quot;n&quot;:&quot;blueLinks&quot;,&quot;t&quot;:13,&quot;a&quot;:&quot;click&quot;,&quot;b&quot;:76}\">Entre las\u00a0importaciones\u00a0que pagar\u00edan mayores\u00a0aranceles\u00a0destacan:<\/p>\n<div class=\"article-list-slot\">\n<ul>\n<li data-t=\"{&quot;n&quot;:&quot;blueLinks&quot;,&quot;t&quot;:13,&quot;a&quot;:&quot;click&quot;,&quot;b&quot;:76}\">\n<p data-t=\"{&quot;n&quot;:&quot;blueLinks&quot;,&quot;t&quot;:13,&quot;a&quot;:&quot;click&quot;,&quot;b&quot;:76}\">Acero: varillas, laminados, barras, perfiles, lingotes y tubos.<\/p>\n<\/li>\n<li data-t=\"{&quot;n&quot;:&quot;blueLinks&quot;,&quot;t&quot;:13,&quot;a&quot;:&quot;click&quot;,&quot;b&quot;:76}\">\n<p data-t=\"{&quot;n&quot;:&quot;blueLinks&quot;,&quot;t&quot;:13,&quot;a&quot;:&quot;click&quot;,&quot;b&quot;:76}\">Calzado y ropa: zapatos deportivos, sandalias, telas, vestidos, abrigos y ropa de cama.<\/p>\n<\/li>\n<li data-t=\"{&quot;n&quot;:&quot;blueLinks&quot;,&quot;t&quot;:13,&quot;a&quot;:&quot;click&quot;,&quot;b&quot;:76}\">\n<p data-t=\"{&quot;n&quot;:&quot;blueLinks&quot;,&quot;t&quot;:13,&quot;a&quot;:&quot;click&quot;,&quot;b&quot;:76}\">Art\u00edculos para el hogar y cuidado personal: leches cut\u00e1neas, lacas para el cabello, dent\u00edfricos, polvos y preparaciones para fregar, ba\u00f1eras, duchas, fregaderos y lavabos.<\/p>\n<\/li>\n<\/ul>\n<\/div>\n<h2 class=\"article-sub-heading\">Objetivos de la iniciativa<\/h2>\n<p class=\"continue-read-break\" data-t=\"{&quot;n&quot;:&quot;blueLinks&quot;,&quot;t&quot;:13,&quot;a&quot;:&quot;click&quot;,&quot;b&quot;:76}\">Sheinbaum explic\u00f3 que los\u00a0aranceles\u00a0buscan fortalecer el\u00a0mercado interno, incentivar la producci\u00f3n nacional y\u00a0generar empleos\u00a0para mexicanos. Adem\u00e1s, dijo que la medida permitir\u00e1 armonizar la pol\u00edtica comercial con el\u00a0Plan Nacional de Desarrollo y el Plan M\u00e9xico\u00a0hacia 2030, promoviendo:<\/p>\n<div class=\"intra-article-module\" data-t=\"{&quot;n&quot;:&quot;intraArticle&quot;,&quot;t&quot;:13}\"><\/div>\n<div class=\"article-list-slot\">\n<ul>\n<li data-t=\"{&quot;n&quot;:&quot;blueLinks&quot;,&quot;t&quot;:13,&quot;a&quot;:&quot;click&quot;,&quot;b&quot;:76}\">\n<p data-t=\"{&quot;n&quot;:&quot;blueLinks&quot;,&quot;t&quot;:13,&quot;a&quot;:&quot;click&quot;,&quot;b&quot;:76}\">La participaci\u00f3n de la industria mexicana en cadenas globales de valor.<\/p>\n<\/li>\n<li data-t=\"{&quot;n&quot;:&quot;blueLinks&quot;,&quot;t&quot;:13,&quot;a&quot;:&quot;click&quot;,&quot;b&quot;:76}\">\n<p data-t=\"{&quot;n&quot;:&quot;blueLinks&quot;,&quot;t&quot;:13,&quot;a&quot;:&quot;click&quot;,&quot;b&quot;:76}\">Que al menos 50% de la\u00a0proveedur\u00eda estrat\u00e9gica\u00a0sea nacional.<\/p>\n<\/li>\n<li data-t=\"{&quot;n&quot;:&quot;blueLinks&quot;,&quot;t&quot;:13,&quot;a&quot;:&quot;click&quot;,&quot;b&quot;:76}\">\n<p data-t=\"{&quot;n&quot;:&quot;blueLinks&quot;,&quot;t&quot;:13,&quot;a&quot;:&quot;click&quot;,&quot;b&quot;:76}\">La\u00a0innovaci\u00f3n\u00a0y desarrollo tecnol\u00f3gico.<\/p>\n<\/li>\n<li data-t=\"{&quot;n&quot;:&quot;blueLinks&quot;,&quot;t&quot;:13,&quot;a&quot;:&quot;click&quot;,&quot;b&quot;:76}\">\n<p data-t=\"{&quot;n&quot;:&quot;blueLinks&quot;,&quot;t&quot;:13,&quot;a&quot;:&quot;click&quot;,&quot;b&quot;:76}\">Una econom\u00eda m\u00e1s justa, competitiva y soberana.<\/p>\n<\/li>\n<\/ul>\n<\/div>\n<p class=\"\" data-t=\"{&quot;n&quot;:&quot;blueLinks&quot;,&quot;t&quot;:13,&quot;a&quot;:&quot;click&quot;,&quot;b&quot;:76}\">\n<p>\u201cLos aranceles dejan de concebirse \u00fanicamente como un instrumento recaudatorio y se transforman en una herramienta estrat\u00e9gica de pol\u00edtica econ\u00f3mica y comercial\u201d, destac\u00f3 la presidenta.<\/p>\n<h2 class=\"article-sub-heading\" style=\"text-align: left;\">\u00bfC\u00f3mo se aplicar\u00e1n los\u00a0aranceles?<\/h2>\n<p data-t=\"{&quot;n&quot;:&quot;blueLinks&quot;,&quot;t&quot;:13,&quot;a&quot;:&quot;click&quot;,&quot;b&quot;:76}\">La iniciativa se realizar\u00e1 conforme al\u00a0derecho internacional, ya que los productos originarios de pa\u00edses con los que M\u00e9xico tiene\u00a0tratados comerciales\u00a0seguir\u00e1n recibiendo trato arancelario preferencial, siempre que cumplan los requisitos establecidos.<\/p>\n<p data-t=\"{&quot;n&quot;:&quot;blueLinks&quot;,&quot;t&quot;:13,&quot;a&quot;:&quot;click&quot;,&quot;b&quot;:76}\">El decreto entrar\u00e1 en vigor 30 d\u00edas naturales despu\u00e9s de su publicaci\u00f3n en el Diario Oficial de la Federaci\u00f3n y concluir\u00e1 el 31 de diciembre de 2026. Durante su vigencia, el Ejecutivo Federal podr\u00e1 realizar modificaciones a las fracciones arancelarias seg\u00fan lo estipulado en el art\u00edculo 4\u00b0 de la\u00a0Ley de Comercio Exterior.<\/p>\n","protected":false},"excerpt":{"rendered":"<p>La presidenta de M\u00e9xico,\u00a0Claudia Sheinbaum, envi\u00f3 a la C\u00e1mara de Diputados una\u00a0iniciativa de reformas\u00a0a la Ley de los Impuestos Generales de Importaci\u00f3n y Exportaci\u00f3n, con el objetivo de imponer\u00a0aranceles\u00a0de\u00a010, 25, 35 y hasta 50 por ciento\u00a0a la importaci\u00f3n de ciertas mercanc\u00edas provenientes de pa\u00edses con los que M\u00e9xico no tiene\u00a0tratados comerciales. Sectores y productos afectados [&hellip;]<\/p>\n","protected":false},"author":4,"featured_media":115770,"comment_status":"closed","ping_status":"closed","sticky":false,"template":"","format":"standard","meta":{"footnotes":""},"categories":[4],"tags":[],"class_list":{"0":"post-115769","1":"post","2":"type-post","3":"status-publish","4":"format-standard","5":"has-post-thumbnail","7":"category-mexico"},"yoast_head":"<!-- This site is optimized with the Yoast SEO plugin v27.4 - https:\/\/yoast.com\/product\/yoast-seo-wordpress\/ -->\n<title>Sheinbaum propone aranceles de hasta 50% a m\u00e1s de mil productos - Yucat\u00e1n en corto<\/title>\n<meta name=\"robots\" content=\"index, follow, max-snippet:-1, max-image-preview:large, max-video-preview:-1\" \/>\n<link rel=\"canonical\" href=\"https:\/\/www.yucatanencorto.com\/noticias\/sheinbaum-propone-aranceles-de-hasta-50-a-mas-de-mil-productos\/\" \/>\n<meta property=\"og:locale\" content=\"es_ES\" \/>\n<meta property=\"og:type\" content=\"article\" \/>\n<meta property=\"og:title\" content=\"Sheinbaum propone aranceles de hasta 50% a m\u00e1s de mil productos - Yucat\u00e1n en corto\" \/>\n<meta property=\"og:description\" content=\"La presidenta de M\u00e9xico,\u00a0Claudia Sheinbaum, envi\u00f3 a la C\u00e1mara de Diputados una\u00a0iniciativa de reformas\u00a0a la Ley de los Impuestos Generales de Importaci\u00f3n y Exportaci\u00f3n, con el objetivo de imponer\u00a0aranceles\u00a0de\u00a010, 25, 35 y hasta 50 por ciento\u00a0a la importaci\u00f3n de ciertas mercanc\u00edas provenientes de pa\u00edses con los que M\u00e9xico no tiene\u00a0tratados comerciales. Sectores y productos afectados [&hellip;]\" \/>\n<meta property=\"og:url\" content=\"https:\/\/www.yucatanencorto.com\/noticias\/sheinbaum-propone-aranceles-de-hasta-50-a-mas-de-mil-productos\/\" \/>\n<meta property=\"og:site_name\" content=\"Yucat\u00e1n en corto\" \/>\n<meta property=\"article:publisher\" content=\"http:\/\/www.facebook.com\/yucatanencorto\" \/>\n<meta property=\"article:published_time\" content=\"2025-09-10T15:57:49+00:00\" \/>\n<meta property=\"og:image\" content=\"https:\/\/www.yucatanencorto.com\/noticias\/wp-content\/uploads\/2025\/09\/AA1MfPBu.webp\" \/>\n\t<meta property=\"og:image:width\" content=\"768\" \/>\n\t<meta property=\"og:image:height\" content=\"428\" \/>\n\t<meta property=\"og:image:type\" content=\"image\/webp\" \/>\n<meta name=\"author\" content=\"Yucat\u00e1n en Corto\" \/>\n<meta name=\"twitter:card\" content=\"summary_large_image\" \/>\n<meta name=\"twitter:creator\" content=\"@yucatanencorto\" \/>\n<meta name=\"twitter:site\" content=\"@yucatanencorto\" \/>\n<meta name=\"twitter:label1\" content=\"Escrito por\" \/>\n\t<meta name=\"twitter:data1\" content=\"Yucat\u00e1n en Corto\" \/>\n\t<meta name=\"twitter:label2\" content=\"Tiempo de lectura\" \/>\n\t<meta name=\"twitter:data2\" content=\"2 minutos\" \/>\n<script type=\"application\/ld+json\" class=\"yoast-schema-graph\">{\"@context\":\"https:\\\/\\\/schema.org\",\"@graph\":[{\"@type\":\"Article\",\"@id\":\"https:\\\/\\\/www.yucatanencorto.com\\\/noticias\\\/sheinbaum-propone-aranceles-de-hasta-50-a-mas-de-mil-productos\\\/#article\",\"isPartOf\":{\"@id\":\"https:\\\/\\\/www.yucatanencorto.com\\\/noticias\\\/sheinbaum-propone-aranceles-de-hasta-50-a-mas-de-mil-productos\\\/\"},\"author\":{\"name\":\"Yucat\u00e1n en Corto\",\"@id\":\"https:\\\/\\\/www.yucatanencorto.com\\\/noticias\\\/#\\\/schema\\\/person\\\/f0ec40c33447bbc0dc2d01d3006de771\"},\"headline\":\"Sheinbaum propone aranceles de hasta 50% a m\u00e1s de mil productos\",\"datePublished\":\"2025-09-10T15:57:49+00:00\",\"mainEntityOfPage\":{\"@id\":\"https:\\\/\\\/www.yucatanencorto.com\\\/noticias\\\/sheinbaum-propone-aranceles-de-hasta-50-a-mas-de-mil-productos\\\/\"},\"wordCount\":384,\"image\":{\"@id\":\"https:\\\/\\\/www.yucatanencorto.com\\\/noticias\\\/sheinbaum-propone-aranceles-de-hasta-50-a-mas-de-mil-productos\\\/#primaryimage\"},\"thumbnailUrl\":\"https:\\\/\\\/www.yucatanencorto.com\\\/noticias\\\/wp-content\\\/uploads\\\/2025\\\/09\\\/AA1MfPBu.webp\",\"articleSection\":[\"M\u00e9xico\"],\"inLanguage\":\"es\"},{\"@type\":\"WebPage\",\"@id\":\"https:\\\/\\\/www.yucatanencorto.com\\\/noticias\\\/sheinbaum-propone-aranceles-de-hasta-50-a-mas-de-mil-productos\\\/\",\"url\":\"https:\\\/\\\/www.yucatanencorto.com\\\/noticias\\\/sheinbaum-propone-aranceles-de-hasta-50-a-mas-de-mil-productos\\\/\",\"name\":\"Sheinbaum propone aranceles de hasta 50% a m\u00e1s de mil productos - Yucat\u00e1n en corto\",\"isPartOf\":{\"@id\":\"https:\\\/\\\/www.yucatanencorto.com\\\/noticias\\\/#website\"},\"primaryImageOfPage\":{\"@id\":\"https:\\\/\\\/www.yucatanencorto.com\\\/noticias\\\/sheinbaum-propone-aranceles-de-hasta-50-a-mas-de-mil-productos\\\/#primaryimage\"},\"image\":{\"@id\":\"https:\\\/\\\/www.yucatanencorto.com\\\/noticias\\\/sheinbaum-propone-aranceles-de-hasta-50-a-mas-de-mil-productos\\\/#primaryimage\"},\"thumbnailUrl\":\"https:\\\/\\\/www.yucatanencorto.com\\\/noticias\\\/wp-content\\\/uploads\\\/2025\\\/09\\\/AA1MfPBu.webp\",\"datePublished\":\"2025-09-10T15:57:49+00:00\",\"author\":{\"@id\":\"https:\\\/\\\/www.yucatanencorto.com\\\/noticias\\\/#\\\/schema\\\/person\\\/f0ec40c33447bbc0dc2d01d3006de771\"},\"breadcrumb\":{\"@id\":\"https:\\\/\\\/www.yucatanencorto.com\\\/noticias\\\/sheinbaum-propone-aranceles-de-hasta-50-a-mas-de-mil-productos\\\/#breadcrumb\"},\"inLanguage\":\"es\",\"potentialAction\":[{\"@type\":\"ReadAction\",\"target\":[\"https:\\\/\\\/www.yucatanencorto.com\\\/noticias\\\/sheinbaum-propone-aranceles-de-hasta-50-a-mas-de-mil-productos\\\/\"]}]},{\"@type\":\"ImageObject\",\"inLanguage\":\"es\",\"@id\":\"https:\\\/\\\/www.yucatanencorto.com\\\/noticias\\\/sheinbaum-propone-aranceles-de-hasta-50-a-mas-de-mil-productos\\\/#primaryimage\",\"url\":\"https:\\\/\\\/www.yucatanencorto.com\\\/noticias\\\/wp-content\\\/uploads\\\/2025\\\/09\\\/AA1MfPBu.webp\",\"contentUrl\":\"https:\\\/\\\/www.yucatanencorto.com\\\/noticias\\\/wp-content\\\/uploads\\\/2025\\\/09\\\/AA1MfPBu.webp\",\"width\":768,\"height\":428},{\"@type\":\"BreadcrumbList\",\"@id\":\"https:\\\/\\\/www.yucatanencorto.com\\\/noticias\\\/sheinbaum-propone-aranceles-de-hasta-50-a-mas-de-mil-productos\\\/#breadcrumb\",\"itemListElement\":[{\"@type\":\"ListItem\",\"position\":1,\"name\":\"Portada\",\"item\":\"https:\\\/\\\/www.yucatanencorto.com\\\/noticias\\\/\"},{\"@type\":\"ListItem\",\"position\":2,\"name\":\"Sheinbaum propone aranceles de hasta 50% a m\u00e1s de mil productos\"}]},{\"@type\":\"WebSite\",\"@id\":\"https:\\\/\\\/www.yucatanencorto.com\\\/noticias\\\/#website\",\"url\":\"https:\\\/\\\/www.yucatanencorto.com\\\/noticias\\\/\",\"name\":\"Yucat\u00e1n en corto\",\"description\":\"Noticias\",\"potentialAction\":[{\"@type\":\"SearchAction\",\"target\":{\"@type\":\"EntryPoint\",\"urlTemplate\":\"https:\\\/\\\/www.yucatanencorto.com\\\/noticias\\\/?s={search_term_string}\"},\"query-input\":{\"@type\":\"PropertyValueSpecification\",\"valueRequired\":true,\"valueName\":\"search_term_string\"}}],\"inLanguage\":\"es\"},{\"@type\":\"Person\",\"@id\":\"https:\\\/\\\/www.yucatanencorto.com\\\/noticias\\\/#\\\/schema\\\/person\\\/f0ec40c33447bbc0dc2d01d3006de771\",\"name\":\"Yucat\u00e1n en Corto\",\"image\":{\"@type\":\"ImageObject\",\"inLanguage\":\"es\",\"@id\":\"https:\\\/\\\/secure.gravatar.com\\\/avatar\\\/20e0a6b626f38fa8e545fb3f80ce566efd790bf8877e65c3a482460cc3e0b5d1?s=96&d=mm&r=g\",\"url\":\"https:\\\/\\\/secure.gravatar.com\\\/avatar\\\/20e0a6b626f38fa8e545fb3f80ce566efd790bf8877e65c3a482460cc3e0b5d1?s=96&d=mm&r=g\",\"contentUrl\":\"https:\\\/\\\/secure.gravatar.com\\\/avatar\\\/20e0a6b626f38fa8e545fb3f80ce566efd790bf8877e65c3a482460cc3e0b5d1?s=96&d=mm&r=g\",\"caption\":\"Yucat\u00e1n en Corto\"},\"url\":\"https:\\\/\\\/www.yucatanencorto.com\\\/noticias\\\/author\\\/editor25\\\/\"}]}<\/script>\n<!-- \/ Yoast SEO plugin. -->","yoast_head_json":{"title":"Sheinbaum propone aranceles de hasta 50% a m\u00e1s de mil productos - Yucat\u00e1n en corto","robots":{"index":"index","follow":"follow","max-snippet":"max-snippet:-1","max-image-preview":"max-image-preview:large","max-video-preview":"max-video-preview:-1"},"canonical":"https:\/\/www.yucatanencorto.com\/noticias\/sheinbaum-propone-aranceles-de-hasta-50-a-mas-de-mil-productos\/","og_locale":"es_ES","og_type":"article","og_title":"Sheinbaum propone aranceles de hasta 50% a m\u00e1s de mil productos - Yucat\u00e1n en corto","og_description":"La presidenta de M\u00e9xico,\u00a0Claudia Sheinbaum, envi\u00f3 a la C\u00e1mara de Diputados una\u00a0iniciativa de reformas\u00a0a la Ley de los Impuestos Generales de Importaci\u00f3n y Exportaci\u00f3n, con el objetivo de imponer\u00a0aranceles\u00a0de\u00a010, 25, 35 y hasta 50 por ciento\u00a0a la importaci\u00f3n de ciertas mercanc\u00edas provenientes de pa\u00edses con los que M\u00e9xico no tiene\u00a0tratados comerciales. Sectores y productos afectados [&hellip;]","og_url":"https:\/\/www.yucatanencorto.com\/noticias\/sheinbaum-propone-aranceles-de-hasta-50-a-mas-de-mil-productos\/","og_site_name":"Yucat\u00e1n en corto","article_publisher":"http:\/\/www.facebook.com\/yucatanencorto","article_published_time":"2025-09-10T15:57:49+00:00","og_image":[{"width":768,"height":428,"url":"https:\/\/www.yucatanencorto.com\/noticias\/wp-content\/uploads\/2025\/09\/AA1MfPBu.webp","type":"image\/webp"}],"author":"Yucat\u00e1n en Corto","twitter_card":"summary_large_image","twitter_creator":"@yucatanencorto","twitter_site":"@yucatanencorto","twitter_misc":{"Escrito por":"Yucat\u00e1n en Corto","Tiempo de lectura":"2 minutos"},"schema":{"@context":"https:\/\/schema.org","@graph":[{"@type":"Article","@id":"https:\/\/www.yucatanencorto.com\/noticias\/sheinbaum-propone-aranceles-de-hasta-50-a-mas-de-mil-productos\/#article","isPartOf":{"@id":"https:\/\/www.yucatanencorto.com\/noticias\/sheinbaum-propone-aranceles-de-hasta-50-a-mas-de-mil-productos\/"},"author":{"name":"Yucat\u00e1n en Corto","@id":"https:\/\/www.yucatanencorto.com\/noticias\/#\/schema\/person\/f0ec40c33447bbc0dc2d01d3006de771"},"headline":"Sheinbaum propone aranceles de hasta 50% a m\u00e1s de mil productos","datePublished":"2025-09-10T15:57:49+00:00","mainEntityOfPage":{"@id":"https:\/\/www.yucatanencorto.com\/noticias\/sheinbaum-propone-aranceles-de-hasta-50-a-mas-de-mil-productos\/"},"wordCount":384,"image":{"@id":"https:\/\/www.yucatanencorto.com\/noticias\/sheinbaum-propone-aranceles-de-hasta-50-a-mas-de-mil-productos\/#primaryimage"},"thumbnailUrl":"https:\/\/www.yucatanencorto.com\/noticias\/wp-content\/uploads\/2025\/09\/AA1MfPBu.webp","articleSection":["M\u00e9xico"],"inLanguage":"es"},{"@type":"WebPage","@id":"https:\/\/www.yucatanencorto.com\/noticias\/sheinbaum-propone-aranceles-de-hasta-50-a-mas-de-mil-productos\/","url":"https:\/\/www.yucatanencorto.com\/noticias\/sheinbaum-propone-aranceles-de-hasta-50-a-mas-de-mil-productos\/","name":"Sheinbaum propone aranceles de hasta 50% a m\u00e1s de mil productos - Yucat\u00e1n en corto","isPartOf":{"@id":"https:\/\/www.yucatanencorto.com\/noticias\/#website"},"primaryImageOfPage":{"@id":"https:\/\/www.yucatanencorto.com\/noticias\/sheinbaum-propone-aranceles-de-hasta-50-a-mas-de-mil-productos\/#primaryimage"},"image":{"@id":"https:\/\/www.yucatanencorto.com\/noticias\/sheinbaum-propone-aranceles-de-hasta-50-a-mas-de-mil-productos\/#primaryimage"},"thumbnailUrl":"https:\/\/www.yucatanencorto.com\/noticias\/wp-content\/uploads\/2025\/09\/AA1MfPBu.webp","datePublished":"2025-09-10T15:57:49+00:00","author":{"@id":"https:\/\/www.yucatanencorto.com\/noticias\/#\/schema\/person\/f0ec40c33447bbc0dc2d01d3006de771"},"breadcrumb":{"@id":"https:\/\/www.yucatanencorto.com\/noticias\/sheinbaum-propone-aranceles-de-hasta-50-a-mas-de-mil-productos\/#breadcrumb"},"inLanguage":"es","potentialAction":[{"@type":"ReadAction","target":["https:\/\/www.yucatanencorto.com\/noticias\/sheinbaum-propone-aranceles-de-hasta-50-a-mas-de-mil-productos\/"]}]},{"@type":"ImageObject","inLanguage":"es","@id":"https:\/\/www.yucatanencorto.com\/noticias\/sheinbaum-propone-aranceles-de-hasta-50-a-mas-de-mil-productos\/#primaryimage","url":"https:\/\/www.yucatanencorto.com\/noticias\/wp-content\/uploads\/2025\/09\/AA1MfPBu.webp","contentUrl":"https:\/\/www.yucatanencorto.com\/noticias\/wp-content\/uploads\/2025\/09\/AA1MfPBu.webp","width":768,"height":428},{"@type":"BreadcrumbList","@id":"https:\/\/www.yucatanencorto.com\/noticias\/sheinbaum-propone-aranceles-de-hasta-50-a-mas-de-mil-productos\/#breadcrumb","itemListElement":[{"@type":"ListItem","position":1,"name":"Portada","item":"https:\/\/www.yucatanencorto.com\/noticias\/"},{"@type":"ListItem","position":2,"name":"Sheinbaum propone aranceles de hasta 50% a m\u00e1s de mil productos"}]},{"@type":"WebSite","@id":"https:\/\/www.yucatanencorto.com\/noticias\/#website","url":"https:\/\/www.yucatanencorto.com\/noticias\/","name":"Yucat\u00e1n en corto","description":"Noticias","potentialAction":[{"@type":"SearchAction","target":{"@type":"EntryPoint","urlTemplate":"https:\/\/www.yucatanencorto.com\/noticias\/?s={search_term_string}"},"query-input":{"@type":"PropertyValueSpecification","valueRequired":true,"valueName":"search_term_string"}}],"inLanguage":"es"},{"@type":"Person","@id":"https:\/\/www.yucatanencorto.com\/noticias\/#\/schema\/person\/f0ec40c33447bbc0dc2d01d3006de771","name":"Yucat\u00e1n en Corto","image":{"@type":"ImageObject","inLanguage":"es","@id":"https:\/\/secure.gravatar.com\/avatar\/20e0a6b626f38fa8e545fb3f80ce566efd790bf8877e65c3a482460cc3e0b5d1?s=96&d=mm&r=g","url":"https:\/\/secure.gravatar.com\/avatar\/20e0a6b626f38fa8e545fb3f80ce566efd790bf8877e65c3a482460cc3e0b5d1?s=96&d=mm&r=g","contentUrl":"https:\/\/secure.gravatar.com\/avatar\/20e0a6b626f38fa8e545fb3f80ce566efd790bf8877e65c3a482460cc3e0b5d1?s=96&d=mm&r=g","caption":"Yucat\u00e1n en Corto"},"url":"https:\/\/www.yucatanencorto.com\/noticias\/author\/editor25\/"}]}},"_links":{"self":[{"href":"https:\/\/www.yucatanencorto.com\/noticias\/wp-json\/wp\/v2\/posts\/115769","targetHints":{"allow":["GET"]}}],"collection":[{"href":"https:\/\/www.yucatanencorto.com\/noticias\/wp-json\/wp\/v2\/posts"}],"about":[{"href":"https:\/\/www.yucatanencorto.com\/noticias\/wp-json\/wp\/v2\/types\/post"}],"author":[{"embeddable":true,"href":"https:\/\/www.yucatanencorto.com\/noticias\/wp-json\/wp\/v2\/users\/4"}],"replies":[{"embeddable":true,"href":"https:\/\/www.yucatanencorto.com\/noticias\/wp-json\/wp\/v2\/comments?post=115769"}],"version-history":[{"count":1,"href":"https:\/\/www.yucatanencorto.com\/noticias\/wp-json\/wp\/v2\/posts\/115769\/revisions"}],"predecessor-version":[{"id":115771,"href":"https:\/\/www.yucatanencorto.com\/noticias\/wp-json\/wp\/v2\/posts\/115769\/revisions\/115771"}],"wp:featuredmedia":[{"embeddable":true,"href":"https:\/\/www.yucatanencorto.com\/noticias\/wp-json\/wp\/v2\/media\/115770"}],"wp:attachment":[{"href":"https:\/\/www.yucatanencorto.com\/noticias\/wp-json\/wp\/v2\/media?parent=115769"}],"wp:term":[{"taxonomy":"category","embeddable":true,"href":"https:\/\/www.yucatanencorto.com\/noticias\/wp-json\/wp\/v2\/categories?post=115769"},{"taxonomy":"post_tag","embeddable":true,"href":"https:\/\/www.yucatanencorto.com\/noticias\/wp-json\/wp\/v2\/tags?post=115769"}],"curies":[{"name":"wp","href":"https:\/\/api.w.org\/{rel}","templated":true}]}}