{"id":115772,"date":"2025-09-10T10:01:46","date_gmt":"2025-09-10T16:01:46","guid":{"rendered":"https:\/\/www.yucatanencorto.com\/noticias\/?p=115772"},"modified":"2025-09-10T10:01:46","modified_gmt":"2025-09-10T16:01:46","slug":"iphone-17-precio-en-mexico-versiones-cuando-sale-y-todo-sobre-el-nuevo-telefono-de-apple","status":"publish","type":"post","link":"https:\/\/www.yucatanencorto.com\/noticias\/iphone-17-precio-en-mexico-versiones-cuando-sale-y-todo-sobre-el-nuevo-telefono-de-apple\/","title":{"rendered":"iPhone 17: precio en M\u00e9xico, versiones, cu\u00e1ndo sale y todo sobre el nuevo tel\u00e9fono de Apple"},"content":{"rendered":"<p data-t=\"{&quot;n&quot;:&quot;blueLinks&quot;,&quot;t&quot;:13,&quot;a&quot;:&quot;click&quot;,&quot;b&quot;:76}\"><img loading=\"lazy\" decoding=\"async\" class=\"alignnone size-full wp-image-115773\" src=\"https:\/\/www.yucatanencorto.com\/noticias\/wp-content\/uploads\/2025\/09\/iphone-17-pro-and-pro-max-scaled.webp\" alt=\"\" width=\"768\" height=\"432\" srcset=\"https:\/\/www.yucatanencorto.com\/noticias\/wp-content\/uploads\/2025\/09\/iphone-17-pro-and-pro-max-scaled.webp 768w, https:\/\/www.yucatanencorto.com\/noticias\/wp-content\/uploads\/2025\/09\/iphone-17-pro-and-pro-max-150x84.webp 150w, https:\/\/www.yucatanencorto.com\/noticias\/wp-content\/uploads\/2025\/09\/iphone-17-pro-and-pro-max-300x169.webp 300w, https:\/\/www.yucatanencorto.com\/noticias\/wp-content\/uploads\/2025\/09\/iphone-17-pro-and-pro-max-696x392.webp 696w, https:\/\/www.yucatanencorto.com\/noticias\/wp-content\/uploads\/2025\/09\/iphone-17-pro-and-pro-max-1068x601.webp 1068w\" sizes=\"auto, (max-width: 768px) 100vw, 768px\" \/><\/p>\n<p data-t=\"{&quot;n&quot;:&quot;blueLinks&quot;,&quot;t&quot;:13,&quot;a&quot;:&quot;click&quot;,&quot;b&quot;:76}\">Apple present\u00f3 este martes el\u00a0<b>iPhone 17<\/b>\u00a0, la nueva versi\u00f3n de su tel\u00e9fono insignia que llega con mejoras en dise\u00f1o, rendimiento y funciones. El anuncio se realiz\u00f3 en el marco de su evento anual, donde la compa\u00f1\u00eda adelant\u00f3 que este modelo busca marcar la pauta en la siguiente generaci\u00f3n de dispositivos. A continuaci\u00f3n, te dejamos la\u00a0<b>fecha de preventa<\/b>\u00a0,\u00a0<b>precios en M\u00e9xico<\/b>\u00a0y m\u00e1s.<\/p>\n<p>Fecha de preventa y costos del iPhone 17 Esto es el iPhone 17 Pro Apple se juega m\u00e1s de 1,000 mdd en aranceles mientras prepara su salto de IA<\/p>\n<p data-t=\"{&quot;n&quot;:&quot;blueLinks&quot;,&quot;t&quot;:13,&quot;a&quot;:&quot;click&quot;,&quot;b&quot;:76}\"><b>iPhone 17<\/b><\/p>\n<p>iPhone 17 incorpora bordes redondeados, marco m\u00e1s delgado y Ceramic Shield 2 en la parte frontal. La pantalla es Super Retina XDR de 6.3 pulgadas, con tecnolog\u00eda ProMotion de hasta 120 Hz, brillo m\u00e1ximo de 3,000 nits, reducci\u00f3n de reflejos en 33% y funci\u00f3n Dynamic Island para actividades y alertas. Apple agrega que la c\u00e1mara frontal de 18 MP utiliza un nuevo sensor que ajusta encuadre y zoom en selfies y videollamadas. Tambi\u00e9n integra captura dual, video estabilizado y asistencia de inteligencia artificial para mantener el centro en reuniones virtuales.<\/p>\n<p>En la parte trasera se incluye un sistema Fusion de dos c\u00e1maras de 48 MP con opciones de zoom en .5x, 1x y 2x, adem\u00e1s de modo Noche, estilos fotogr\u00e1ficos, macro y grabaci\u00f3n en 4K a 60 fps con Dolby Vision. Con el chip A19, la CPU de seis n\u00facleos ofrece un incremento de 50% en velocidad y la GPU de cinco n\u00facleos duplica la capacidad de procesamiento.<\/p>\n<p>Apple se\u00f1ala que esta arquitectura impulsa Apple Intelligence y juegos de alta exigencia. La bater\u00eda permite hasta 30 horas de reproducci\u00f3n de video y carga r\u00e1pida que alcanza 50% en 20 minutos con un adaptador de 40 W o m\u00e1s. La memoria de almacenamiento comienza en 256 GB y llega hasta 512 GB. El sistema operativo iOS 26 integra Apple Intelligence con funciones de b\u00fasqueda visual, traducci\u00f3n en vivo, edici\u00f3n de im\u00e1genes, creaci\u00f3n de Genmojis y herramientas de escritura asistida. En conectividad, se a\u00f1aden Wi-Fi 7, Bluetooth 6, 5G y eSIM obligatoria, adem\u00e1s de mensajer\u00eda satelital, detecci\u00f3n de choques y localizaci\u00f3n segura. iPhone 17 Pro llega con dise\u00f1o unibody de aluminio forjado en caliente, optimizado para el rendimiento y la bater\u00eda. La parte trasera est\u00e1 protegida con Ceramic Shield y la frontal con Ceramic Shield 2, que aumenta la resistencia a rayones. Estar\u00e1 disponible en colores naranja c\u00f3smico, azul profundo y plata, con pantallas Super Retina XDR de 6.3 y 6.9 pulgadas que incluyen ProMotion de hasta 120 Hz, m\u00e1s brillo y menos reflejos.<\/p>\n<p>El nuevo chip A19 Pro combina CPU de seis n\u00facleos con un incremento de 50% en velocidad y GPU de seis n\u00facleos con aceleradores neurales que duplican la capacidad de procesamiento. Un sistema de enfriamiento con c\u00e1mara de vapor y la estructura unibody de aluminio disipan el calor para sostener el rendimiento de CPU y GPU en niveles superiores durante periodos prolongados.<\/p>\n<p>Bater\u00eda con autonom\u00eda de hasta 33 horas de reproducci\u00f3n de video en el iPhone 17 Pro y 39 horas en el modelo Pro Max. Este \u00faltimo supera la autonom\u00eda de generaciones anteriores con hasta cuatro horas adicionales. La carga r\u00e1pida permite alcanzar 50% en 20 minutos con un adaptador de alta potencia. Opciones de almacenamiento inician en 256 GB y alcanzan hasta 2 TB en el modelo Pro Max. El sistema de c\u00e1maras traseras Fusion est\u00e1 conformado por tres lentes de 48 MP: principal con teleobjetivo de 2x, ultra gran angular y teleobjetivo de largo alcance que llega a 8x de zoom \u00f3ptico.<\/p>\n<p>El rango total de zoom es de 16x y las capturas predeterminadas son de 24 MP. Funciones adicionales incluyen modo Noche, estilos fotogr\u00e1ficos, borrador y control de c\u00e1mara con un dedo. La c\u00e1mara frontal Center Stage de 18 MP integra un sensor que ajusta autom\u00e1ticamente encuadre y zoom en selfies y videollamadas. Tambi\u00e9n habilita captura dual, video estabilizado y encuadre din\u00e1mico con inteligencia artificial.<\/p>\n<p>En video, el dispositivo graba en 4K a 60 fps en Dolby Vision, en 4K a 120 fps y es el primer iPhone compatible con ProRes RAW, Apple Log 2 y Genlock, con sincronizaci\u00f3n de nivel profesional. El evento en la sede de la compa\u00f1\u00eda en Cupertino, California, se produce en medio de un reordenamiento del comercio mundial provocado por el presidente de Estados Unidos, Donald Trump, y Apple estima que los aranceles le costar\u00e1n m\u00e1s de 1,000 millones de d\u00f3lares en el actual trimestre fiscal.<\/p>\n<p>Los analistas est\u00e1n muy atentos para ver si la compa\u00f1\u00eda aumentar\u00e1 el precio de los iPhones o buscar\u00e1 v\u00edas alternativas para compensar los costes arancelarios, como mantener estables los precios de los modelos base de iPhone mientras aumenta el coste de las versiones con m\u00e1s almacenamiento. Los nuevos iPhones tambi\u00e9n llegan sin actualizaciones significativas de Siri, el asistente virtual de Apple, que la empresa ha aplazado hasta el a\u00f1o que viene.<\/p>\n<p>Mientras tanto, los analistas est\u00e1n muy atentos para ver si Apple, que ha recurrido al creador de ChatGPT OpenAI como socio para impulsar ciertas funciones de inteligencia artificial en sus sistemas operativos, a\u00f1adir\u00e1 m\u00e1s asociaciones de IA a su l\u00ednea antes de la llegada de una Siri renovada. Google, parte del grupo cotizado Alphabet present\u00f3 el mes pasado nuevos tel\u00e9fonos, incluido un modelo plegable, que sirvieron de plataforma para mostrar su modelo de inteligencia artificial Gemini. Con informaci\u00f3n de agencias<\/p>\n","protected":false},"excerpt":{"rendered":"<p>Apple present\u00f3 este martes el\u00a0iPhone 17\u00a0, la nueva versi\u00f3n de su tel\u00e9fono insignia que llega con mejoras en dise\u00f1o, rendimiento y funciones. El anuncio se realiz\u00f3 en el marco de su evento anual, donde la compa\u00f1\u00eda adelant\u00f3 que este modelo busca marcar la pauta en la siguiente generaci\u00f3n de dispositivos. A continuaci\u00f3n, te dejamos la\u00a0fecha [&hellip;]<\/p>\n","protected":false},"author":4,"featured_media":115773,"comment_status":"closed","ping_status":"closed","sticky":false,"template":"","format":"standard","meta":{"footnotes":""},"categories":[11],"tags":[],"class_list":{"0":"post-115772","1":"post","2":"type-post","3":"status-publish","4":"format-standard","5":"has-post-thumbnail","7":"category-tecnologia-y-ciencia"},"yoast_head":"<!-- This site is optimized with the Yoast SEO plugin v27.4 - https:\/\/yoast.com\/product\/yoast-seo-wordpress\/ -->\n<title>iPhone 17: precio en M\u00e9xico, versiones, cu\u00e1ndo sale y todo sobre el nuevo tel\u00e9fono de Apple - Yucat\u00e1n en corto<\/title>\n<meta name=\"robots\" content=\"index, follow, max-snippet:-1, max-image-preview:large, max-video-preview:-1\" \/>\n<link rel=\"canonical\" href=\"https:\/\/www.yucatanencorto.com\/noticias\/iphone-17-precio-en-mexico-versiones-cuando-sale-y-todo-sobre-el-nuevo-telefono-de-apple\/\" \/>\n<meta property=\"og:locale\" content=\"es_ES\" \/>\n<meta property=\"og:type\" content=\"article\" \/>\n<meta property=\"og:title\" content=\"iPhone 17: precio en M\u00e9xico, versiones, cu\u00e1ndo sale y todo sobre el nuevo tel\u00e9fono de Apple - Yucat\u00e1n en corto\" \/>\n<meta property=\"og:description\" content=\"Apple present\u00f3 este martes el\u00a0iPhone 17\u00a0, la nueva versi\u00f3n de su tel\u00e9fono insignia que llega con mejoras en dise\u00f1o, rendimiento y funciones. El anuncio se realiz\u00f3 en el marco de su evento anual, donde la compa\u00f1\u00eda adelant\u00f3 que este modelo busca marcar la pauta en la siguiente generaci\u00f3n de dispositivos. A continuaci\u00f3n, te dejamos la\u00a0fecha [&hellip;]\" \/>\n<meta property=\"og:url\" content=\"https:\/\/www.yucatanencorto.com\/noticias\/iphone-17-precio-en-mexico-versiones-cuando-sale-y-todo-sobre-el-nuevo-telefono-de-apple\/\" \/>\n<meta property=\"og:site_name\" content=\"Yucat\u00e1n en corto\" \/>\n<meta property=\"article:publisher\" content=\"http:\/\/www.facebook.com\/yucatanencorto\" \/>\n<meta property=\"article:published_time\" content=\"2025-09-10T16:01:46+00:00\" \/>\n<meta property=\"og:image\" content=\"https:\/\/www.yucatanencorto.com\/noticias\/wp-content\/uploads\/2025\/09\/iphone-17-pro-and-pro-max-scaled.webp\" \/>\n\t<meta property=\"og:image:width\" content=\"768\" \/>\n\t<meta property=\"og:image:height\" content=\"432\" \/>\n\t<meta property=\"og:image:type\" content=\"image\/webp\" \/>\n<meta name=\"author\" content=\"Yucat\u00e1n en Corto\" \/>\n<meta name=\"twitter:card\" content=\"summary_large_image\" \/>\n<meta name=\"twitter:creator\" content=\"@yucatanencorto\" \/>\n<meta name=\"twitter:site\" content=\"@yucatanencorto\" \/>\n<meta name=\"twitter:label1\" content=\"Escrito por\" \/>\n\t<meta name=\"twitter:data1\" content=\"Yucat\u00e1n en Corto\" \/>\n\t<meta name=\"twitter:label2\" content=\"Tiempo de lectura\" \/>\n\t<meta name=\"twitter:data2\" content=\"5 minutos\" \/>\n<script type=\"application\/ld+json\" class=\"yoast-schema-graph\">{\"@context\":\"https:\\\/\\\/schema.org\",\"@graph\":[{\"@type\":\"Article\",\"@id\":\"https:\\\/\\\/www.yucatanencorto.com\\\/noticias\\\/iphone-17-precio-en-mexico-versiones-cuando-sale-y-todo-sobre-el-nuevo-telefono-de-apple\\\/#article\",\"isPartOf\":{\"@id\":\"https:\\\/\\\/www.yucatanencorto.com\\\/noticias\\\/iphone-17-precio-en-mexico-versiones-cuando-sale-y-todo-sobre-el-nuevo-telefono-de-apple\\\/\"},\"author\":{\"name\":\"Yucat\u00e1n en Corto\",\"@id\":\"https:\\\/\\\/www.yucatanencorto.com\\\/noticias\\\/#\\\/schema\\\/person\\\/f0ec40c33447bbc0dc2d01d3006de771\"},\"headline\":\"iPhone 17: precio en M\u00e9xico, versiones, cu\u00e1ndo sale y todo sobre el nuevo tel\u00e9fono de Apple\",\"datePublished\":\"2025-09-10T16:01:46+00:00\",\"mainEntityOfPage\":{\"@id\":\"https:\\\/\\\/www.yucatanencorto.com\\\/noticias\\\/iphone-17-precio-en-mexico-versiones-cuando-sale-y-todo-sobre-el-nuevo-telefono-de-apple\\\/\"},\"wordCount\":940,\"image\":{\"@id\":\"https:\\\/\\\/www.yucatanencorto.com\\\/noticias\\\/iphone-17-precio-en-mexico-versiones-cuando-sale-y-todo-sobre-el-nuevo-telefono-de-apple\\\/#primaryimage\"},\"thumbnailUrl\":\"https:\\\/\\\/www.yucatanencorto.com\\\/noticias\\\/wp-content\\\/uploads\\\/2025\\\/09\\\/iphone-17-pro-and-pro-max-scaled.webp\",\"articleSection\":[\"Tecnolog\u00eda y Ciencia\"],\"inLanguage\":\"es\"},{\"@type\":\"WebPage\",\"@id\":\"https:\\\/\\\/www.yucatanencorto.com\\\/noticias\\\/iphone-17-precio-en-mexico-versiones-cuando-sale-y-todo-sobre-el-nuevo-telefono-de-apple\\\/\",\"url\":\"https:\\\/\\\/www.yucatanencorto.com\\\/noticias\\\/iphone-17-precio-en-mexico-versiones-cuando-sale-y-todo-sobre-el-nuevo-telefono-de-apple\\\/\",\"name\":\"iPhone 17: precio en M\u00e9xico, versiones, cu\u00e1ndo sale y todo sobre el nuevo tel\u00e9fono de Apple - Yucat\u00e1n en corto\",\"isPartOf\":{\"@id\":\"https:\\\/\\\/www.yucatanencorto.com\\\/noticias\\\/#website\"},\"primaryImageOfPage\":{\"@id\":\"https:\\\/\\\/www.yucatanencorto.com\\\/noticias\\\/iphone-17-precio-en-mexico-versiones-cuando-sale-y-todo-sobre-el-nuevo-telefono-de-apple\\\/#primaryimage\"},\"image\":{\"@id\":\"https:\\\/\\\/www.yucatanencorto.com\\\/noticias\\\/iphone-17-precio-en-mexico-versiones-cuando-sale-y-todo-sobre-el-nuevo-telefono-de-apple\\\/#primaryimage\"},\"thumbnailUrl\":\"https:\\\/\\\/www.yucatanencorto.com\\\/noticias\\\/wp-content\\\/uploads\\\/2025\\\/09\\\/iphone-17-pro-and-pro-max-scaled.webp\",\"datePublished\":\"2025-09-10T16:01:46+00:00\",\"author\":{\"@id\":\"https:\\\/\\\/www.yucatanencorto.com\\\/noticias\\\/#\\\/schema\\\/person\\\/f0ec40c33447bbc0dc2d01d3006de771\"},\"breadcrumb\":{\"@id\":\"https:\\\/\\\/www.yucatanencorto.com\\\/noticias\\\/iphone-17-precio-en-mexico-versiones-cuando-sale-y-todo-sobre-el-nuevo-telefono-de-apple\\\/#breadcrumb\"},\"inLanguage\":\"es\",\"potentialAction\":[{\"@type\":\"ReadAction\",\"target\":[\"https:\\\/\\\/www.yucatanencorto.com\\\/noticias\\\/iphone-17-precio-en-mexico-versiones-cuando-sale-y-todo-sobre-el-nuevo-telefono-de-apple\\\/\"]}]},{\"@type\":\"ImageObject\",\"inLanguage\":\"es\",\"@id\":\"https:\\\/\\\/www.yucatanencorto.com\\\/noticias\\\/iphone-17-precio-en-mexico-versiones-cuando-sale-y-todo-sobre-el-nuevo-telefono-de-apple\\\/#primaryimage\",\"url\":\"https:\\\/\\\/www.yucatanencorto.com\\\/noticias\\\/wp-content\\\/uploads\\\/2025\\\/09\\\/iphone-17-pro-and-pro-max-scaled.webp\",\"contentUrl\":\"https:\\\/\\\/www.yucatanencorto.com\\\/noticias\\\/wp-content\\\/uploads\\\/2025\\\/09\\\/iphone-17-pro-and-pro-max-scaled.webp\",\"width\":768,\"height\":432},{\"@type\":\"BreadcrumbList\",\"@id\":\"https:\\\/\\\/www.yucatanencorto.com\\\/noticias\\\/iphone-17-precio-en-mexico-versiones-cuando-sale-y-todo-sobre-el-nuevo-telefono-de-apple\\\/#breadcrumb\",\"itemListElement\":[{\"@type\":\"ListItem\",\"position\":1,\"name\":\"Portada\",\"item\":\"https:\\\/\\\/www.yucatanencorto.com\\\/noticias\\\/\"},{\"@type\":\"ListItem\",\"position\":2,\"name\":\"iPhone 17: precio en M\u00e9xico, versiones, cu\u00e1ndo sale y todo sobre el nuevo tel\u00e9fono de Apple\"}]},{\"@type\":\"WebSite\",\"@id\":\"https:\\\/\\\/www.yucatanencorto.com\\\/noticias\\\/#website\",\"url\":\"https:\\\/\\\/www.yucatanencorto.com\\\/noticias\\\/\",\"name\":\"Yucat\u00e1n en corto\",\"description\":\"Noticias\",\"potentialAction\":[{\"@type\":\"SearchAction\",\"target\":{\"@type\":\"EntryPoint\",\"urlTemplate\":\"https:\\\/\\\/www.yucatanencorto.com\\\/noticias\\\/?s={search_term_string}\"},\"query-input\":{\"@type\":\"PropertyValueSpecification\",\"valueRequired\":true,\"valueName\":\"search_term_string\"}}],\"inLanguage\":\"es\"},{\"@type\":\"Person\",\"@id\":\"https:\\\/\\\/www.yucatanencorto.com\\\/noticias\\\/#\\\/schema\\\/person\\\/f0ec40c33447bbc0dc2d01d3006de771\",\"name\":\"Yucat\u00e1n en Corto\",\"image\":{\"@type\":\"ImageObject\",\"inLanguage\":\"es\",\"@id\":\"https:\\\/\\\/secure.gravatar.com\\\/avatar\\\/20e0a6b626f38fa8e545fb3f80ce566efd790bf8877e65c3a482460cc3e0b5d1?s=96&d=mm&r=g\",\"url\":\"https:\\\/\\\/secure.gravatar.com\\\/avatar\\\/20e0a6b626f38fa8e545fb3f80ce566efd790bf8877e65c3a482460cc3e0b5d1?s=96&d=mm&r=g\",\"contentUrl\":\"https:\\\/\\\/secure.gravatar.com\\\/avatar\\\/20e0a6b626f38fa8e545fb3f80ce566efd790bf8877e65c3a482460cc3e0b5d1?s=96&d=mm&r=g\",\"caption\":\"Yucat\u00e1n en Corto\"},\"url\":\"https:\\\/\\\/www.yucatanencorto.com\\\/noticias\\\/author\\\/editor25\\\/\"}]}<\/script>\n<!-- \/ Yoast SEO plugin. -->","yoast_head_json":{"title":"iPhone 17: precio en M\u00e9xico, versiones, cu\u00e1ndo sale y todo sobre el nuevo tel\u00e9fono de Apple - Yucat\u00e1n en corto","robots":{"index":"index","follow":"follow","max-snippet":"max-snippet:-1","max-image-preview":"max-image-preview:large","max-video-preview":"max-video-preview:-1"},"canonical":"https:\/\/www.yucatanencorto.com\/noticias\/iphone-17-precio-en-mexico-versiones-cuando-sale-y-todo-sobre-el-nuevo-telefono-de-apple\/","og_locale":"es_ES","og_type":"article","og_title":"iPhone 17: precio en M\u00e9xico, versiones, cu\u00e1ndo sale y todo sobre el nuevo tel\u00e9fono de Apple - Yucat\u00e1n en corto","og_description":"Apple present\u00f3 este martes el\u00a0iPhone 17\u00a0, la nueva versi\u00f3n de su tel\u00e9fono insignia que llega con mejoras en dise\u00f1o, rendimiento y funciones. El anuncio se realiz\u00f3 en el marco de su evento anual, donde la compa\u00f1\u00eda adelant\u00f3 que este modelo busca marcar la pauta en la siguiente generaci\u00f3n de dispositivos. A continuaci\u00f3n, te dejamos la\u00a0fecha [&hellip;]","og_url":"https:\/\/www.yucatanencorto.com\/noticias\/iphone-17-precio-en-mexico-versiones-cuando-sale-y-todo-sobre-el-nuevo-telefono-de-apple\/","og_site_name":"Yucat\u00e1n en corto","article_publisher":"http:\/\/www.facebook.com\/yucatanencorto","article_published_time":"2025-09-10T16:01:46+00:00","og_image":[{"width":768,"height":432,"url":"https:\/\/www.yucatanencorto.com\/noticias\/wp-content\/uploads\/2025\/09\/iphone-17-pro-and-pro-max-scaled.webp","type":"image\/webp"}],"author":"Yucat\u00e1n en Corto","twitter_card":"summary_large_image","twitter_creator":"@yucatanencorto","twitter_site":"@yucatanencorto","twitter_misc":{"Escrito por":"Yucat\u00e1n en Corto","Tiempo de lectura":"5 minutos"},"schema":{"@context":"https:\/\/schema.org","@graph":[{"@type":"Article","@id":"https:\/\/www.yucatanencorto.com\/noticias\/iphone-17-precio-en-mexico-versiones-cuando-sale-y-todo-sobre-el-nuevo-telefono-de-apple\/#article","isPartOf":{"@id":"https:\/\/www.yucatanencorto.com\/noticias\/iphone-17-precio-en-mexico-versiones-cuando-sale-y-todo-sobre-el-nuevo-telefono-de-apple\/"},"author":{"name":"Yucat\u00e1n en Corto","@id":"https:\/\/www.yucatanencorto.com\/noticias\/#\/schema\/person\/f0ec40c33447bbc0dc2d01d3006de771"},"headline":"iPhone 17: precio en M\u00e9xico, versiones, cu\u00e1ndo sale y todo sobre el nuevo tel\u00e9fono de Apple","datePublished":"2025-09-10T16:01:46+00:00","mainEntityOfPage":{"@id":"https:\/\/www.yucatanencorto.com\/noticias\/iphone-17-precio-en-mexico-versiones-cuando-sale-y-todo-sobre-el-nuevo-telefono-de-apple\/"},"wordCount":940,"image":{"@id":"https:\/\/www.yucatanencorto.com\/noticias\/iphone-17-precio-en-mexico-versiones-cuando-sale-y-todo-sobre-el-nuevo-telefono-de-apple\/#primaryimage"},"thumbnailUrl":"https:\/\/www.yucatanencorto.com\/noticias\/wp-content\/uploads\/2025\/09\/iphone-17-pro-and-pro-max-scaled.webp","articleSection":["Tecnolog\u00eda y Ciencia"],"inLanguage":"es"},{"@type":"WebPage","@id":"https:\/\/www.yucatanencorto.com\/noticias\/iphone-17-precio-en-mexico-versiones-cuando-sale-y-todo-sobre-el-nuevo-telefono-de-apple\/","url":"https:\/\/www.yucatanencorto.com\/noticias\/iphone-17-precio-en-mexico-versiones-cuando-sale-y-todo-sobre-el-nuevo-telefono-de-apple\/","name":"iPhone 17: precio en M\u00e9xico, versiones, cu\u00e1ndo sale y todo sobre el nuevo tel\u00e9fono de Apple - Yucat\u00e1n en corto","isPartOf":{"@id":"https:\/\/www.yucatanencorto.com\/noticias\/#website"},"primaryImageOfPage":{"@id":"https:\/\/www.yucatanencorto.com\/noticias\/iphone-17-precio-en-mexico-versiones-cuando-sale-y-todo-sobre-el-nuevo-telefono-de-apple\/#primaryimage"},"image":{"@id":"https:\/\/www.yucatanencorto.com\/noticias\/iphone-17-precio-en-mexico-versiones-cuando-sale-y-todo-sobre-el-nuevo-telefono-de-apple\/#primaryimage"},"thumbnailUrl":"https:\/\/www.yucatanencorto.com\/noticias\/wp-content\/uploads\/2025\/09\/iphone-17-pro-and-pro-max-scaled.webp","datePublished":"2025-09-10T16:01:46+00:00","author":{"@id":"https:\/\/www.yucatanencorto.com\/noticias\/#\/schema\/person\/f0ec40c33447bbc0dc2d01d3006de771"},"breadcrumb":{"@id":"https:\/\/www.yucatanencorto.com\/noticias\/iphone-17-precio-en-mexico-versiones-cuando-sale-y-todo-sobre-el-nuevo-telefono-de-apple\/#breadcrumb"},"inLanguage":"es","potentialAction":[{"@type":"ReadAction","target":["https:\/\/www.yucatanencorto.com\/noticias\/iphone-17-precio-en-mexico-versiones-cuando-sale-y-todo-sobre-el-nuevo-telefono-de-apple\/"]}]},{"@type":"ImageObject","inLanguage":"es","@id":"https:\/\/www.yucatanencorto.com\/noticias\/iphone-17-precio-en-mexico-versiones-cuando-sale-y-todo-sobre-el-nuevo-telefono-de-apple\/#primaryimage","url":"https:\/\/www.yucatanencorto.com\/noticias\/wp-content\/uploads\/2025\/09\/iphone-17-pro-and-pro-max-scaled.webp","contentUrl":"https:\/\/www.yucatanencorto.com\/noticias\/wp-content\/uploads\/2025\/09\/iphone-17-pro-and-pro-max-scaled.webp","width":768,"height":432},{"@type":"BreadcrumbList","@id":"https:\/\/www.yucatanencorto.com\/noticias\/iphone-17-precio-en-mexico-versiones-cuando-sale-y-todo-sobre-el-nuevo-telefono-de-apple\/#breadcrumb","itemListElement":[{"@type":"ListItem","position":1,"name":"Portada","item":"https:\/\/www.yucatanencorto.com\/noticias\/"},{"@type":"ListItem","position":2,"name":"iPhone 17: precio en M\u00e9xico, versiones, cu\u00e1ndo sale y todo sobre el nuevo tel\u00e9fono de Apple"}]},{"@type":"WebSite","@id":"https:\/\/www.yucatanencorto.com\/noticias\/#website","url":"https:\/\/www.yucatanencorto.com\/noticias\/","name":"Yucat\u00e1n en corto","description":"Noticias","potentialAction":[{"@type":"SearchAction","target":{"@type":"EntryPoint","urlTemplate":"https:\/\/www.yucatanencorto.com\/noticias\/?s={search_term_string}"},"query-input":{"@type":"PropertyValueSpecification","valueRequired":true,"valueName":"search_term_string"}}],"inLanguage":"es"},{"@type":"Person","@id":"https:\/\/www.yucatanencorto.com\/noticias\/#\/schema\/person\/f0ec40c33447bbc0dc2d01d3006de771","name":"Yucat\u00e1n en Corto","image":{"@type":"ImageObject","inLanguage":"es","@id":"https:\/\/secure.gravatar.com\/avatar\/20e0a6b626f38fa8e545fb3f80ce566efd790bf8877e65c3a482460cc3e0b5d1?s=96&d=mm&r=g","url":"https:\/\/secure.gravatar.com\/avatar\/20e0a6b626f38fa8e545fb3f80ce566efd790bf8877e65c3a482460cc3e0b5d1?s=96&d=mm&r=g","contentUrl":"https:\/\/secure.gravatar.com\/avatar\/20e0a6b626f38fa8e545fb3f80ce566efd790bf8877e65c3a482460cc3e0b5d1?s=96&d=mm&r=g","caption":"Yucat\u00e1n en Corto"},"url":"https:\/\/www.yucatanencorto.com\/noticias\/author\/editor25\/"}]}},"_links":{"self":[{"href":"https:\/\/www.yucatanencorto.com\/noticias\/wp-json\/wp\/v2\/posts\/115772","targetHints":{"allow":["GET"]}}],"collection":[{"href":"https:\/\/www.yucatanencorto.com\/noticias\/wp-json\/wp\/v2\/posts"}],"about":[{"href":"https:\/\/www.yucatanencorto.com\/noticias\/wp-json\/wp\/v2\/types\/post"}],"author":[{"embeddable":true,"href":"https:\/\/www.yucatanencorto.com\/noticias\/wp-json\/wp\/v2\/users\/4"}],"replies":[{"embeddable":true,"href":"https:\/\/www.yucatanencorto.com\/noticias\/wp-json\/wp\/v2\/comments?post=115772"}],"version-history":[{"count":1,"href":"https:\/\/www.yucatanencorto.com\/noticias\/wp-json\/wp\/v2\/posts\/115772\/revisions"}],"predecessor-version":[{"id":115774,"href":"https:\/\/www.yucatanencorto.com\/noticias\/wp-json\/wp\/v2\/posts\/115772\/revisions\/115774"}],"wp:featuredmedia":[{"embeddable":true,"href":"https:\/\/www.yucatanencorto.com\/noticias\/wp-json\/wp\/v2\/media\/115773"}],"wp:attachment":[{"href":"https:\/\/www.yucatanencorto.com\/noticias\/wp-json\/wp\/v2\/media?parent=115772"}],"wp:term":[{"taxonomy":"category","embeddable":true,"href":"https:\/\/www.yucatanencorto.com\/noticias\/wp-json\/wp\/v2\/categories?post=115772"},{"taxonomy":"post_tag","embeddable":true,"href":"https:\/\/www.yucatanencorto.com\/noticias\/wp-json\/wp\/v2\/tags?post=115772"}],"curies":[{"name":"wp","href":"https:\/\/api.w.org\/{rel}","templated":true}]}}