{"id":115778,"date":"2025-09-10T14:22:38","date_gmt":"2025-09-10T20:22:38","guid":{"rendered":"https:\/\/www.yucatanencorto.com\/noticias\/?p=115778"},"modified":"2025-09-10T14:22:38","modified_gmt":"2025-09-10T20:22:38","slug":"acciones-concretas-en-arborizacion-corredores-verdes-y-biodiversidad-fortalecen-la-ciudad-y-mejoran-la-calidad-de-vida-de-las-y-los-meridanos","status":"publish","type":"post","link":"https:\/\/www.yucatanencorto.com\/noticias\/acciones-concretas-en-arborizacion-corredores-verdes-y-biodiversidad-fortalecen-la-ciudad-y-mejoran-la-calidad-de-vida-de-las-y-los-meridanos\/","title":{"rendered":"Acciones concretas en arborizaci\u00f3n, corredores verdes y biodiversidad fortalecen la ciudad y mejoran la calidad de vida de las y los meridanos"},"content":{"rendered":"<p><img loading=\"lazy\" decoding=\"async\" class=\"alignnone size-full wp-image-115777\" src=\"https:\/\/www.yucatanencorto.com\/noticias\/wp-content\/uploads\/2025\/09\/WhatsApp-Image-2025-09-09-at-18.39.44-scaled.jpeg\" alt=\"\" width=\"768\" height=\"512\" srcset=\"https:\/\/www.yucatanencorto.com\/noticias\/wp-content\/uploads\/2025\/09\/WhatsApp-Image-2025-09-09-at-18.39.44-scaled.jpeg 768w, https:\/\/www.yucatanencorto.com\/noticias\/wp-content\/uploads\/2025\/09\/WhatsApp-Image-2025-09-09-at-18.39.44-1536x1023.jpeg 1536w, https:\/\/www.yucatanencorto.com\/noticias\/wp-content\/uploads\/2025\/09\/WhatsApp-Image-2025-09-09-at-18.39.44-150x100.jpeg 150w, https:\/\/www.yucatanencorto.com\/noticias\/wp-content\/uploads\/2025\/09\/WhatsApp-Image-2025-09-09-at-18.39.44-300x200.jpeg 300w, https:\/\/www.yucatanencorto.com\/noticias\/wp-content\/uploads\/2025\/09\/WhatsApp-Image-2025-09-09-at-18.39.44-696x464.jpeg 696w, https:\/\/www.yucatanencorto.com\/noticias\/wp-content\/uploads\/2025\/09\/WhatsApp-Image-2025-09-09-at-18.39.44-1068x712.jpeg 1068w\" sizes=\"auto, (max-width: 768px) 100vw, 768px\" \/><\/p>\n<p>M\u00e9rida, Yucat\u00e1n, martes 9 de septiembre de 2025.- En M\u00e9rida, el orden urbano y la protecci\u00f3n ambiental se impulsan bajo un modelo de participaci\u00f3n ciudadana en el que cada voz cuenta para un desarrollo en el que nadie se quede atr\u00e1s, afirm\u00f3 la presidenta municipal Cecila Patr\u00f3n Laviada durante su intervenci\u00f3n en el Panel de Alto Nivel Selva Maya en el marco de la Reuni\u00f3n de Directoras y Directores de WWF en Am\u00e9rica Latina y el Caribe.<\/p>\n<p>\u201cComo servidora de la gente, pongo especial \u00e9nfasis en el cuidado de la ciudad. Nuestro objetivo es hacerlo de la mano de quienes la habitan y la disfrutan, fomentando una cultura de respeto hacia los espacios p\u00fablicos, la biodiversidad y el entorno urbano, para garantizar bienestar y calidad de vida para todas y todos\u201d, subray\u00f3 la alcaldesa.<\/p>\n<p>WWF, la organizaci\u00f3n ambiental m\u00e1s grande del mundo con presencia en m\u00e1s de 100 pa\u00edses, eligi\u00f3 este 2025 a M\u00e9rida para reunir a las y los l\u00edderes de 13 pa\u00edses de la regi\u00f3n de Am\u00e9rica Latina y el Caribe, ante quienes se habl\u00f3 de la importancia de la Pen\u00ednsula de Yucat\u00e1n y la Selva Maya en el contexto de los retos de biodiversidad y clim\u00e1ticos, y las contribuciones nacionales y subnacionales a las metas globales.<\/p>\n<p>En la reuni\u00f3n que se realiz\u00f3 en el hotel Hyatt Regency, se discutieron esquemas innovadores de conservaci\u00f3n, as\u00ed como el dise\u00f1o de mecanismos de financiamiento necesarios para cumplir con las metas planteadas.<br \/>\n\u201cEs un honor que M\u00e9rida sea la sede de este espacio clave para el intercambio de ideas y estrategias a favor del medio ambiente\u201d, a\u00f1adi\u00f3 la edil.<\/p>\n<p>Cecilia dijo que la Selva Maya es un tesoro natural y cultural, hogar de una gran biodiversidad de especies y fuente de vida invaluable y por eso es importante y urgente poner este tema en el centro de las agendas y abrir un di\u00e1logo crucial para su conservaci\u00f3n.<br \/>\n\u201cPara M\u00e9rida, recibir este foro es especialmente significativo, porque vivimos un momento clave de desarrollo en el que trabajamos con compromiso firme en la protecci\u00f3n de nuestros recursos naturales, el cuidado del medio ambiente y la conservaci\u00f3n de nuestros pueblos originarios\u201d, subray\u00f3.<br \/>\nLa alcaldesa explic\u00f3 que se planea M\u00e9rida de manera sostenible, para que las generaciones presentes y futuras puedan disfrutar de un entorno m\u00e1s verde, limpio, ordenado y resiliente. La M\u00e9rida con visi\u00f3n de futuro se construye con acciones en el presente, para que sus habitantes perciban los cambios positivos desde ahora.<br \/>\nComparti\u00f3 la estrategia M\u00e9rida Verde que incluye iniciativas para reverdecer la ciudad, como el programa Una familia, un \u00e1rbol, para adoptar especies nativas ornamentales, florales y frutales.<br \/>\nAdem\u00e1s, por primera vez, la ciudadan\u00eda decidi\u00f3 sobre el primer corredor verde de la ciudad, un hito hist\u00f3rico en materia ambiental y ya se declararon 100 \u00e1rboles patrimoniales, que son parte de la historia de M\u00e9rida.<br \/>\nAsimismo se refiri\u00f3 a la Reserva Ecol\u00f3gica Cuxtal, de gran importancia para la preservaci\u00f3n de la flora, fauna y el agua del municipio, y el trabajo que se realiza con WWF para conseguir recursos y hacerla autosuficiente.<br \/>\n\u201cReconocemos y agradecemos profundamente a WWF por hacer posible este evento, que permite a l\u00edderes y especialistas compartir perspectivas y aprendizajes sobre c\u00f3mo planear ciudades de manera inteligente, eficiente y sobre todo sostenible\u201d, concluy\u00f3.<br \/>\nCompartieron con la alcaldesa la mesa panel Neyra Silva Rosado, secretaria de Desarrollo Sustentable del Estado de Yucat\u00e1n; Juan Carlos Romero Gil, director de la Regi\u00f3n Pen\u00ednsula de Yucat\u00e1n y Caribe Mexicano de la Comisi\u00f3n Nacional de \u00c1reas Naturales Protegidas; Carter Roberts, Presidente y CEO de WWF US; Andreas Lenho, director general de WWF Mesoam\u00e9rica, y Mar\u00eda Jos\u00e9 Villanueva Noriega, como moderadora y directora general de WWF M\u00e9xico. Tambi\u00e9n asisti\u00f3 el director de Medio Ambiente y Bienestar Animal, Ra\u00fal Escalante Aguilar.<\/p>\n","protected":false},"excerpt":{"rendered":"<p>M\u00e9rida, Yucat\u00e1n, martes 9 de septiembre de 2025.- En M\u00e9rida, el orden urbano y la protecci\u00f3n ambiental se impulsan bajo un modelo de participaci\u00f3n ciudadana en el que cada voz cuenta para un desarrollo en el que nadie se quede atr\u00e1s, afirm\u00f3 la presidenta municipal Cecila Patr\u00f3n Laviada durante su intervenci\u00f3n en el Panel de [&hellip;]<\/p>\n","protected":false},"author":4,"featured_media":115777,"comment_status":"closed","ping_status":"closed","sticky":false,"template":"","format":"standard","meta":{"footnotes":""},"categories":[2],"tags":[],"class_list":{"0":"post-115778","1":"post","2":"type-post","3":"status-publish","4":"format-standard","5":"has-post-thumbnail","7":"category-merida"},"yoast_head":"<!-- This site is optimized with the Yoast SEO plugin v27.4 - https:\/\/yoast.com\/product\/yoast-seo-wordpress\/ -->\n<title>Acciones concretas en arborizaci\u00f3n, corredores verdes y biodiversidad fortalecen la ciudad y mejoran la calidad de vida de las y los meridanos - Yucat\u00e1n en corto<\/title>\n<meta name=\"robots\" content=\"index, follow, max-snippet:-1, max-image-preview:large, max-video-preview:-1\" \/>\n<link rel=\"canonical\" href=\"https:\/\/www.yucatanencorto.com\/noticias\/acciones-concretas-en-arborizacion-corredores-verdes-y-biodiversidad-fortalecen-la-ciudad-y-mejoran-la-calidad-de-vida-de-las-y-los-meridanos\/\" \/>\n<meta property=\"og:locale\" content=\"es_ES\" \/>\n<meta property=\"og:type\" content=\"article\" \/>\n<meta property=\"og:title\" content=\"Acciones concretas en arborizaci\u00f3n, corredores verdes y biodiversidad fortalecen la ciudad y mejoran la calidad de vida de las y los meridanos - Yucat\u00e1n en corto\" \/>\n<meta property=\"og:description\" content=\"M\u00e9rida, Yucat\u00e1n, martes 9 de septiembre de 2025.- En M\u00e9rida, el orden urbano y la protecci\u00f3n ambiental se impulsan bajo un modelo de participaci\u00f3n ciudadana en el que cada voz cuenta para un desarrollo en el que nadie se quede atr\u00e1s, afirm\u00f3 la presidenta municipal Cecila Patr\u00f3n Laviada durante su intervenci\u00f3n en el Panel de [&hellip;]\" \/>\n<meta property=\"og:url\" content=\"https:\/\/www.yucatanencorto.com\/noticias\/acciones-concretas-en-arborizacion-corredores-verdes-y-biodiversidad-fortalecen-la-ciudad-y-mejoran-la-calidad-de-vida-de-las-y-los-meridanos\/\" \/>\n<meta property=\"og:site_name\" content=\"Yucat\u00e1n en corto\" \/>\n<meta property=\"article:publisher\" content=\"http:\/\/www.facebook.com\/yucatanencorto\" \/>\n<meta property=\"article:published_time\" content=\"2025-09-10T20:22:38+00:00\" \/>\n<meta property=\"og:image\" content=\"https:\/\/www.yucatanencorto.com\/noticias\/wp-content\/uploads\/2025\/09\/WhatsApp-Image-2025-09-09-at-18.39.44-scaled.jpeg\" \/>\n\t<meta property=\"og:image:width\" content=\"768\" \/>\n\t<meta property=\"og:image:height\" content=\"512\" \/>\n\t<meta property=\"og:image:type\" content=\"image\/jpeg\" \/>\n<meta name=\"author\" content=\"Yucat\u00e1n en Corto\" \/>\n<meta name=\"twitter:card\" content=\"summary_large_image\" \/>\n<meta name=\"twitter:creator\" content=\"@yucatanencorto\" \/>\n<meta name=\"twitter:site\" content=\"@yucatanencorto\" \/>\n<meta name=\"twitter:label1\" content=\"Escrito por\" \/>\n\t<meta name=\"twitter:data1\" content=\"Yucat\u00e1n en Corto\" \/>\n\t<meta name=\"twitter:label2\" content=\"Tiempo de lectura\" \/>\n\t<meta name=\"twitter:data2\" content=\"4 minutos\" \/>\n<script type=\"application\/ld+json\" class=\"yoast-schema-graph\">{\"@context\":\"https:\\\/\\\/schema.org\",\"@graph\":[{\"@type\":\"Article\",\"@id\":\"https:\\\/\\\/www.yucatanencorto.com\\\/noticias\\\/acciones-concretas-en-arborizacion-corredores-verdes-y-biodiversidad-fortalecen-la-ciudad-y-mejoran-la-calidad-de-vida-de-las-y-los-meridanos\\\/#article\",\"isPartOf\":{\"@id\":\"https:\\\/\\\/www.yucatanencorto.com\\\/noticias\\\/acciones-concretas-en-arborizacion-corredores-verdes-y-biodiversidad-fortalecen-la-ciudad-y-mejoran-la-calidad-de-vida-de-las-y-los-meridanos\\\/\"},\"author\":{\"name\":\"Yucat\u00e1n en Corto\",\"@id\":\"https:\\\/\\\/www.yucatanencorto.com\\\/noticias\\\/#\\\/schema\\\/person\\\/f0ec40c33447bbc0dc2d01d3006de771\"},\"headline\":\"Acciones concretas en arborizaci\u00f3n, corredores verdes y biodiversidad fortalecen la ciudad y mejoran la calidad de vida de las y los meridanos\",\"datePublished\":\"2025-09-10T20:22:38+00:00\",\"mainEntityOfPage\":{\"@id\":\"https:\\\/\\\/www.yucatanencorto.com\\\/noticias\\\/acciones-concretas-en-arborizacion-corredores-verdes-y-biodiversidad-fortalecen-la-ciudad-y-mejoran-la-calidad-de-vida-de-las-y-los-meridanos\\\/\"},\"wordCount\":698,\"image\":{\"@id\":\"https:\\\/\\\/www.yucatanencorto.com\\\/noticias\\\/acciones-concretas-en-arborizacion-corredores-verdes-y-biodiversidad-fortalecen-la-ciudad-y-mejoran-la-calidad-de-vida-de-las-y-los-meridanos\\\/#primaryimage\"},\"thumbnailUrl\":\"https:\\\/\\\/www.yucatanencorto.com\\\/noticias\\\/wp-content\\\/uploads\\\/2025\\\/09\\\/WhatsApp-Image-2025-09-09-at-18.39.44-scaled.jpeg\",\"articleSection\":[\"M\u00e9rida\"],\"inLanguage\":\"es\"},{\"@type\":\"WebPage\",\"@id\":\"https:\\\/\\\/www.yucatanencorto.com\\\/noticias\\\/acciones-concretas-en-arborizacion-corredores-verdes-y-biodiversidad-fortalecen-la-ciudad-y-mejoran-la-calidad-de-vida-de-las-y-los-meridanos\\\/\",\"url\":\"https:\\\/\\\/www.yucatanencorto.com\\\/noticias\\\/acciones-concretas-en-arborizacion-corredores-verdes-y-biodiversidad-fortalecen-la-ciudad-y-mejoran-la-calidad-de-vida-de-las-y-los-meridanos\\\/\",\"name\":\"Acciones concretas en arborizaci\u00f3n, corredores verdes y biodiversidad fortalecen la ciudad y mejoran la calidad de vida de las y los meridanos - Yucat\u00e1n en corto\",\"isPartOf\":{\"@id\":\"https:\\\/\\\/www.yucatanencorto.com\\\/noticias\\\/#website\"},\"primaryImageOfPage\":{\"@id\":\"https:\\\/\\\/www.yucatanencorto.com\\\/noticias\\\/acciones-concretas-en-arborizacion-corredores-verdes-y-biodiversidad-fortalecen-la-ciudad-y-mejoran-la-calidad-de-vida-de-las-y-los-meridanos\\\/#primaryimage\"},\"image\":{\"@id\":\"https:\\\/\\\/www.yucatanencorto.com\\\/noticias\\\/acciones-concretas-en-arborizacion-corredores-verdes-y-biodiversidad-fortalecen-la-ciudad-y-mejoran-la-calidad-de-vida-de-las-y-los-meridanos\\\/#primaryimage\"},\"thumbnailUrl\":\"https:\\\/\\\/www.yucatanencorto.com\\\/noticias\\\/wp-content\\\/uploads\\\/2025\\\/09\\\/WhatsApp-Image-2025-09-09-at-18.39.44-scaled.jpeg\",\"datePublished\":\"2025-09-10T20:22:38+00:00\",\"author\":{\"@id\":\"https:\\\/\\\/www.yucatanencorto.com\\\/noticias\\\/#\\\/schema\\\/person\\\/f0ec40c33447bbc0dc2d01d3006de771\"},\"breadcrumb\":{\"@id\":\"https:\\\/\\\/www.yucatanencorto.com\\\/noticias\\\/acciones-concretas-en-arborizacion-corredores-verdes-y-biodiversidad-fortalecen-la-ciudad-y-mejoran-la-calidad-de-vida-de-las-y-los-meridanos\\\/#breadcrumb\"},\"inLanguage\":\"es\",\"potentialAction\":[{\"@type\":\"ReadAction\",\"target\":[\"https:\\\/\\\/www.yucatanencorto.com\\\/noticias\\\/acciones-concretas-en-arborizacion-corredores-verdes-y-biodiversidad-fortalecen-la-ciudad-y-mejoran-la-calidad-de-vida-de-las-y-los-meridanos\\\/\"]}]},{\"@type\":\"ImageObject\",\"inLanguage\":\"es\",\"@id\":\"https:\\\/\\\/www.yucatanencorto.com\\\/noticias\\\/acciones-concretas-en-arborizacion-corredores-verdes-y-biodiversidad-fortalecen-la-ciudad-y-mejoran-la-calidad-de-vida-de-las-y-los-meridanos\\\/#primaryimage\",\"url\":\"https:\\\/\\\/www.yucatanencorto.com\\\/noticias\\\/wp-content\\\/uploads\\\/2025\\\/09\\\/WhatsApp-Image-2025-09-09-at-18.39.44-scaled.jpeg\",\"contentUrl\":\"https:\\\/\\\/www.yucatanencorto.com\\\/noticias\\\/wp-content\\\/uploads\\\/2025\\\/09\\\/WhatsApp-Image-2025-09-09-at-18.39.44-scaled.jpeg\",\"width\":768,\"height\":512},{\"@type\":\"BreadcrumbList\",\"@id\":\"https:\\\/\\\/www.yucatanencorto.com\\\/noticias\\\/acciones-concretas-en-arborizacion-corredores-verdes-y-biodiversidad-fortalecen-la-ciudad-y-mejoran-la-calidad-de-vida-de-las-y-los-meridanos\\\/#breadcrumb\",\"itemListElement\":[{\"@type\":\"ListItem\",\"position\":1,\"name\":\"Portada\",\"item\":\"https:\\\/\\\/www.yucatanencorto.com\\\/noticias\\\/\"},{\"@type\":\"ListItem\",\"position\":2,\"name\":\"Acciones concretas en arborizaci\u00f3n, corredores verdes y biodiversidad fortalecen la ciudad y mejoran la calidad de vida de las y los meridanos\"}]},{\"@type\":\"WebSite\",\"@id\":\"https:\\\/\\\/www.yucatanencorto.com\\\/noticias\\\/#website\",\"url\":\"https:\\\/\\\/www.yucatanencorto.com\\\/noticias\\\/\",\"name\":\"Yucat\u00e1n en corto\",\"description\":\"Noticias\",\"potentialAction\":[{\"@type\":\"SearchAction\",\"target\":{\"@type\":\"EntryPoint\",\"urlTemplate\":\"https:\\\/\\\/www.yucatanencorto.com\\\/noticias\\\/?s={search_term_string}\"},\"query-input\":{\"@type\":\"PropertyValueSpecification\",\"valueRequired\":true,\"valueName\":\"search_term_string\"}}],\"inLanguage\":\"es\"},{\"@type\":\"Person\",\"@id\":\"https:\\\/\\\/www.yucatanencorto.com\\\/noticias\\\/#\\\/schema\\\/person\\\/f0ec40c33447bbc0dc2d01d3006de771\",\"name\":\"Yucat\u00e1n en Corto\",\"image\":{\"@type\":\"ImageObject\",\"inLanguage\":\"es\",\"@id\":\"https:\\\/\\\/secure.gravatar.com\\\/avatar\\\/20e0a6b626f38fa8e545fb3f80ce566efd790bf8877e65c3a482460cc3e0b5d1?s=96&d=mm&r=g\",\"url\":\"https:\\\/\\\/secure.gravatar.com\\\/avatar\\\/20e0a6b626f38fa8e545fb3f80ce566efd790bf8877e65c3a482460cc3e0b5d1?s=96&d=mm&r=g\",\"contentUrl\":\"https:\\\/\\\/secure.gravatar.com\\\/avatar\\\/20e0a6b626f38fa8e545fb3f80ce566efd790bf8877e65c3a482460cc3e0b5d1?s=96&d=mm&r=g\",\"caption\":\"Yucat\u00e1n en Corto\"},\"url\":\"https:\\\/\\\/www.yucatanencorto.com\\\/noticias\\\/author\\\/editor25\\\/\"}]}<\/script>\n<!-- \/ Yoast SEO plugin. -->","yoast_head_json":{"title":"Acciones concretas en arborizaci\u00f3n, corredores verdes y biodiversidad fortalecen la ciudad y mejoran la calidad de vida de las y los meridanos - Yucat\u00e1n en corto","robots":{"index":"index","follow":"follow","max-snippet":"max-snippet:-1","max-image-preview":"max-image-preview:large","max-video-preview":"max-video-preview:-1"},"canonical":"https:\/\/www.yucatanencorto.com\/noticias\/acciones-concretas-en-arborizacion-corredores-verdes-y-biodiversidad-fortalecen-la-ciudad-y-mejoran-la-calidad-de-vida-de-las-y-los-meridanos\/","og_locale":"es_ES","og_type":"article","og_title":"Acciones concretas en arborizaci\u00f3n, corredores verdes y biodiversidad fortalecen la ciudad y mejoran la calidad de vida de las y los meridanos - Yucat\u00e1n en corto","og_description":"M\u00e9rida, Yucat\u00e1n, martes 9 de septiembre de 2025.- En M\u00e9rida, el orden urbano y la protecci\u00f3n ambiental se impulsan bajo un modelo de participaci\u00f3n ciudadana en el que cada voz cuenta para un desarrollo en el que nadie se quede atr\u00e1s, afirm\u00f3 la presidenta municipal Cecila Patr\u00f3n Laviada durante su intervenci\u00f3n en el Panel de [&hellip;]","og_url":"https:\/\/www.yucatanencorto.com\/noticias\/acciones-concretas-en-arborizacion-corredores-verdes-y-biodiversidad-fortalecen-la-ciudad-y-mejoran-la-calidad-de-vida-de-las-y-los-meridanos\/","og_site_name":"Yucat\u00e1n en corto","article_publisher":"http:\/\/www.facebook.com\/yucatanencorto","article_published_time":"2025-09-10T20:22:38+00:00","og_image":[{"width":768,"height":512,"url":"https:\/\/www.yucatanencorto.com\/noticias\/wp-content\/uploads\/2025\/09\/WhatsApp-Image-2025-09-09-at-18.39.44-scaled.jpeg","type":"image\/jpeg"}],"author":"Yucat\u00e1n en Corto","twitter_card":"summary_large_image","twitter_creator":"@yucatanencorto","twitter_site":"@yucatanencorto","twitter_misc":{"Escrito por":"Yucat\u00e1n en Corto","Tiempo de lectura":"4 minutos"},"schema":{"@context":"https:\/\/schema.org","@graph":[{"@type":"Article","@id":"https:\/\/www.yucatanencorto.com\/noticias\/acciones-concretas-en-arborizacion-corredores-verdes-y-biodiversidad-fortalecen-la-ciudad-y-mejoran-la-calidad-de-vida-de-las-y-los-meridanos\/#article","isPartOf":{"@id":"https:\/\/www.yucatanencorto.com\/noticias\/acciones-concretas-en-arborizacion-corredores-verdes-y-biodiversidad-fortalecen-la-ciudad-y-mejoran-la-calidad-de-vida-de-las-y-los-meridanos\/"},"author":{"name":"Yucat\u00e1n en Corto","@id":"https:\/\/www.yucatanencorto.com\/noticias\/#\/schema\/person\/f0ec40c33447bbc0dc2d01d3006de771"},"headline":"Acciones concretas en arborizaci\u00f3n, corredores verdes y biodiversidad fortalecen la ciudad y mejoran la calidad de vida de las y los meridanos","datePublished":"2025-09-10T20:22:38+00:00","mainEntityOfPage":{"@id":"https:\/\/www.yucatanencorto.com\/noticias\/acciones-concretas-en-arborizacion-corredores-verdes-y-biodiversidad-fortalecen-la-ciudad-y-mejoran-la-calidad-de-vida-de-las-y-los-meridanos\/"},"wordCount":698,"image":{"@id":"https:\/\/www.yucatanencorto.com\/noticias\/acciones-concretas-en-arborizacion-corredores-verdes-y-biodiversidad-fortalecen-la-ciudad-y-mejoran-la-calidad-de-vida-de-las-y-los-meridanos\/#primaryimage"},"thumbnailUrl":"https:\/\/www.yucatanencorto.com\/noticias\/wp-content\/uploads\/2025\/09\/WhatsApp-Image-2025-09-09-at-18.39.44-scaled.jpeg","articleSection":["M\u00e9rida"],"inLanguage":"es"},{"@type":"WebPage","@id":"https:\/\/www.yucatanencorto.com\/noticias\/acciones-concretas-en-arborizacion-corredores-verdes-y-biodiversidad-fortalecen-la-ciudad-y-mejoran-la-calidad-de-vida-de-las-y-los-meridanos\/","url":"https:\/\/www.yucatanencorto.com\/noticias\/acciones-concretas-en-arborizacion-corredores-verdes-y-biodiversidad-fortalecen-la-ciudad-y-mejoran-la-calidad-de-vida-de-las-y-los-meridanos\/","name":"Acciones concretas en arborizaci\u00f3n, corredores verdes y biodiversidad fortalecen la ciudad y mejoran la calidad de vida de las y los meridanos - Yucat\u00e1n en corto","isPartOf":{"@id":"https:\/\/www.yucatanencorto.com\/noticias\/#website"},"primaryImageOfPage":{"@id":"https:\/\/www.yucatanencorto.com\/noticias\/acciones-concretas-en-arborizacion-corredores-verdes-y-biodiversidad-fortalecen-la-ciudad-y-mejoran-la-calidad-de-vida-de-las-y-los-meridanos\/#primaryimage"},"image":{"@id":"https:\/\/www.yucatanencorto.com\/noticias\/acciones-concretas-en-arborizacion-corredores-verdes-y-biodiversidad-fortalecen-la-ciudad-y-mejoran-la-calidad-de-vida-de-las-y-los-meridanos\/#primaryimage"},"thumbnailUrl":"https:\/\/www.yucatanencorto.com\/noticias\/wp-content\/uploads\/2025\/09\/WhatsApp-Image-2025-09-09-at-18.39.44-scaled.jpeg","datePublished":"2025-09-10T20:22:38+00:00","author":{"@id":"https:\/\/www.yucatanencorto.com\/noticias\/#\/schema\/person\/f0ec40c33447bbc0dc2d01d3006de771"},"breadcrumb":{"@id":"https:\/\/www.yucatanencorto.com\/noticias\/acciones-concretas-en-arborizacion-corredores-verdes-y-biodiversidad-fortalecen-la-ciudad-y-mejoran-la-calidad-de-vida-de-las-y-los-meridanos\/#breadcrumb"},"inLanguage":"es","potentialAction":[{"@type":"ReadAction","target":["https:\/\/www.yucatanencorto.com\/noticias\/acciones-concretas-en-arborizacion-corredores-verdes-y-biodiversidad-fortalecen-la-ciudad-y-mejoran-la-calidad-de-vida-de-las-y-los-meridanos\/"]}]},{"@type":"ImageObject","inLanguage":"es","@id":"https:\/\/www.yucatanencorto.com\/noticias\/acciones-concretas-en-arborizacion-corredores-verdes-y-biodiversidad-fortalecen-la-ciudad-y-mejoran-la-calidad-de-vida-de-las-y-los-meridanos\/#primaryimage","url":"https:\/\/www.yucatanencorto.com\/noticias\/wp-content\/uploads\/2025\/09\/WhatsApp-Image-2025-09-09-at-18.39.44-scaled.jpeg","contentUrl":"https:\/\/www.yucatanencorto.com\/noticias\/wp-content\/uploads\/2025\/09\/WhatsApp-Image-2025-09-09-at-18.39.44-scaled.jpeg","width":768,"height":512},{"@type":"BreadcrumbList","@id":"https:\/\/www.yucatanencorto.com\/noticias\/acciones-concretas-en-arborizacion-corredores-verdes-y-biodiversidad-fortalecen-la-ciudad-y-mejoran-la-calidad-de-vida-de-las-y-los-meridanos\/#breadcrumb","itemListElement":[{"@type":"ListItem","position":1,"name":"Portada","item":"https:\/\/www.yucatanencorto.com\/noticias\/"},{"@type":"ListItem","position":2,"name":"Acciones concretas en arborizaci\u00f3n, corredores verdes y biodiversidad fortalecen la ciudad y mejoran la calidad de vida de las y los meridanos"}]},{"@type":"WebSite","@id":"https:\/\/www.yucatanencorto.com\/noticias\/#website","url":"https:\/\/www.yucatanencorto.com\/noticias\/","name":"Yucat\u00e1n en corto","description":"Noticias","potentialAction":[{"@type":"SearchAction","target":{"@type":"EntryPoint","urlTemplate":"https:\/\/www.yucatanencorto.com\/noticias\/?s={search_term_string}"},"query-input":{"@type":"PropertyValueSpecification","valueRequired":true,"valueName":"search_term_string"}}],"inLanguage":"es"},{"@type":"Person","@id":"https:\/\/www.yucatanencorto.com\/noticias\/#\/schema\/person\/f0ec40c33447bbc0dc2d01d3006de771","name":"Yucat\u00e1n en Corto","image":{"@type":"ImageObject","inLanguage":"es","@id":"https:\/\/secure.gravatar.com\/avatar\/20e0a6b626f38fa8e545fb3f80ce566efd790bf8877e65c3a482460cc3e0b5d1?s=96&d=mm&r=g","url":"https:\/\/secure.gravatar.com\/avatar\/20e0a6b626f38fa8e545fb3f80ce566efd790bf8877e65c3a482460cc3e0b5d1?s=96&d=mm&r=g","contentUrl":"https:\/\/secure.gravatar.com\/avatar\/20e0a6b626f38fa8e545fb3f80ce566efd790bf8877e65c3a482460cc3e0b5d1?s=96&d=mm&r=g","caption":"Yucat\u00e1n en Corto"},"url":"https:\/\/www.yucatanencorto.com\/noticias\/author\/editor25\/"}]}},"_links":{"self":[{"href":"https:\/\/www.yucatanencorto.com\/noticias\/wp-json\/wp\/v2\/posts\/115778","targetHints":{"allow":["GET"]}}],"collection":[{"href":"https:\/\/www.yucatanencorto.com\/noticias\/wp-json\/wp\/v2\/posts"}],"about":[{"href":"https:\/\/www.yucatanencorto.com\/noticias\/wp-json\/wp\/v2\/types\/post"}],"author":[{"embeddable":true,"href":"https:\/\/www.yucatanencorto.com\/noticias\/wp-json\/wp\/v2\/users\/4"}],"replies":[{"embeddable":true,"href":"https:\/\/www.yucatanencorto.com\/noticias\/wp-json\/wp\/v2\/comments?post=115778"}],"version-history":[{"count":1,"href":"https:\/\/www.yucatanencorto.com\/noticias\/wp-json\/wp\/v2\/posts\/115778\/revisions"}],"predecessor-version":[{"id":115779,"href":"https:\/\/www.yucatanencorto.com\/noticias\/wp-json\/wp\/v2\/posts\/115778\/revisions\/115779"}],"wp:featuredmedia":[{"embeddable":true,"href":"https:\/\/www.yucatanencorto.com\/noticias\/wp-json\/wp\/v2\/media\/115777"}],"wp:attachment":[{"href":"https:\/\/www.yucatanencorto.com\/noticias\/wp-json\/wp\/v2\/media?parent=115778"}],"wp:term":[{"taxonomy":"category","embeddable":true,"href":"https:\/\/www.yucatanencorto.com\/noticias\/wp-json\/wp\/v2\/categories?post=115778"},{"taxonomy":"post_tag","embeddable":true,"href":"https:\/\/www.yucatanencorto.com\/noticias\/wp-json\/wp\/v2\/tags?post=115778"}],"curies":[{"name":"wp","href":"https:\/\/api.w.org\/{rel}","templated":true}]}}