{"id":115802,"date":"2025-09-15T19:31:10","date_gmt":"2025-09-16T01:31:10","guid":{"rendered":"https:\/\/www.yucatanencorto.com\/noticias\/?p=115802"},"modified":"2025-09-15T19:31:10","modified_gmt":"2025-09-16T01:31:10","slug":"se-realizo-la-sesion-solemne-con-motivo-del-215-aniversario-del-inicio-de-la-independencia-de-mexico","status":"publish","type":"post","link":"https:\/\/www.yucatanencorto.com\/noticias\/se-realizo-la-sesion-solemne-con-motivo-del-215-aniversario-del-inicio-de-la-independencia-de-mexico\/","title":{"rendered":"Se realiz\u00f3 la sesi\u00f3n solemne con motivo del 215 aniversario del inicio de la Independencia de M\u00e9xico"},"content":{"rendered":"<p><img loading=\"lazy\" decoding=\"async\" class=\"alignnone size-full wp-image-115803\" src=\"https:\/\/www.yucatanencorto.com\/noticias\/wp-content\/uploads\/2025\/09\/WhatsApp-Image-2025-09-15-at-17.56.54-scaled.jpeg\" alt=\"\" width=\"768\" height=\"512\" srcset=\"https:\/\/www.yucatanencorto.com\/noticias\/wp-content\/uploads\/2025\/09\/WhatsApp-Image-2025-09-15-at-17.56.54-scaled.jpeg 768w, https:\/\/www.yucatanencorto.com\/noticias\/wp-content\/uploads\/2025\/09\/WhatsApp-Image-2025-09-15-at-17.56.54-150x100.jpeg 150w, https:\/\/www.yucatanencorto.com\/noticias\/wp-content\/uploads\/2025\/09\/WhatsApp-Image-2025-09-15-at-17.56.54-300x200.jpeg 300w, https:\/\/www.yucatanencorto.com\/noticias\/wp-content\/uploads\/2025\/09\/WhatsApp-Image-2025-09-15-at-17.56.54-696x464.jpeg 696w, https:\/\/www.yucatanencorto.com\/noticias\/wp-content\/uploads\/2025\/09\/WhatsApp-Image-2025-09-15-at-17.56.54-1068x712.jpeg 1068w\" sizes=\"auto, (max-width: 768px) 100vw, 768px\" \/><\/p>\n<p>M\u00e9rida, Yucat\u00e1n, lunes 15 de septiembre de 2025.- \u201cHoy, refrendamos una M\u00e9rida que camina junto a M\u00e9xico, con distintos rostros, historias y lenguas, pero con un mismo coraz\u00f3n que late fuerte por su gente\u201d, afirm\u00f3 la presidenta municipal Cecilia Patr\u00f3n Laviada en sesi\u00f3n solemne de Cabildo con motivo del aniversario n\u00famero 215 del inicio de la Independencia de M\u00e9xico.<\/p>\n<p>Acompa\u00f1ada de representantes de los tres poderes, sociedad civil, regidores y funcionarios municipales, la alcaldesa destac\u00f3 que las y los meridanos deben sentirse orgullosos de construir d\u00eda a d\u00eda una sociedad unida, donde la colaboraci\u00f3n y el compromiso ciudadano son fundamentales para el desarrollo y bienestar de la comunidad.<\/p>\n<p>\u201cPorque no hay victoria sin unidad y M\u00e9rida es ejemplo de esta gran virtud\u201d, dijo.<\/p>\n<p>En la sesi\u00f3n solemne, que se realiz\u00f3 en el auditorio \u201cSilvio Zavala Vallado\u201d del Centro Cultural de M\u00e9rida \u201cOlimpo\u201d y que tuvo como oradora hu\u00e9sped a la maestra Raquel Esther Araujo Madera, Cecilia Patr\u00f3n enfatiz\u00f3 que el Ayuntamiento es aliado de las mujeres, \u201cporque sin ellas no hay historia, sin ellas no hay futuro, sin ellas no hay revoluci\u00f3n ni cambio posible\u201d.<\/p>\n<p>En su mensaje la presidenta municipal, rindi\u00f3 homenaje a mujeres como Josefa Ortiz de Dom\u00ednguez, Leona Vicario, Gertrudis Bocanegra, Manuela Herrera, Mar\u00eda Petra, Rita P\u00e9rez y muchas otras, quienes jugaron un papel fundamental en el movimiento de Independencia de M\u00e9xico cuyas voces y legados siguen resonando en la memoria hist\u00f3rica del pa\u00eds.<\/p>\n<p>Mencion\u00f3 que sus historias de lucha y determinaci\u00f3n a\u00fan siguen presentes recordando que incluso en los momentos m\u00e1s dif\u00edciles, la llama de la esperanza no se apaga, y que no se pierde la guerra, aunque se pierda una batalla.<\/p>\n<p>Reconoci\u00f3 el esfuerzo y dedicaci\u00f3n de cada meridano y meridana que trabaja d\u00eda a d\u00eda por un futuro mejor para sus familias y destac\u00f3 que su compromiso es con un \u00edmpetu insurgente que busca abrir nuevos caminos para la comunidad, donde nadie sobra y nadie se queda atr\u00e1s, y donde todos forman parte de un mismo pulso que une comunidad y patria, historia y futuro.<\/p>\n<p>\u201cLa Independencia que fue lucha y palabra, hoy se siente en cada esquina, en cada barrio, colonia y comisar\u00eda, en la resiliencia de nuestras mujeres, hombres, ni\u00f1as, ni\u00f1os, j\u00f3venes, y adultos mayores a quienes cuidamos, protegemos y acompa\u00f1amos\u201d.<\/p>\n<p>Se\u00f1al\u00f3 que en esta brecha M\u00e9rida crece y tambi\u00e9n se fortalece gracias a la diversidad de voces, voluntades y visiones frescas que la juventud aporta, impulsada por sus sue\u00f1os y su energ\u00eda, sin pedir permiso para hacerlos realidad.<\/p>\n<p>Asimismo recalc\u00f3 la importancia de preservar nuestras ra\u00edces mayas y honrar la tierra sagrada, as\u00ed como reconocer el valor y la voz de los pueblos originarios y remarc\u00f3 que la justicia social seguir\u00e1 siendo el principal estandarte de su administraci\u00f3n, caracterizada por un estilo de gobierno cercano y humano.<\/p>\n<p>En su intervenci\u00f3n, la oradora hu\u00e9sped, Raquel Esther Araujo Madera, destac\u00f3 la importancia de encontrar sentido en el presente a trav\u00e9s de las historias que contamos y las ideas que compartimos. En un mundo dominado por la tecnolog\u00eda y la inmediatez, enfatiz\u00f3 la necesidad de hacer del d\u00eda a d\u00eda una aventura extraordinaria y de construir un presente m\u00e1s generoso y amable para todos.<\/p>\n<p>Araujo Madera tambi\u00e9n subray\u00f3 la importancia de la aceptaci\u00f3n y la comprensi\u00f3n en una ciudad multicultural, donde la diversidad es una riqueza que nos permite crecer y aprender. Celebr\u00f3 la libertad de expresi\u00f3n, la posibilidad de acceder a la informaci\u00f3n y la apreciaci\u00f3n del arte, destacando que estas son fundamentales para nuestra vida interior y nuestra capacidad de imaginar y pensar de manera cr\u00edtica.<\/p>\n<p>Sin embargo, la oradora tambi\u00e9n llam\u00f3 la atenci\u00f3n sobre la crisis medioambiental que estamos viviendo, destacando la contradicci\u00f3n entre nuestra relaci\u00f3n con la naturaleza y nuestros h\u00e1bitos diarios. Se\u00f1al\u00f3 que peque\u00f1os actos de cuidado y conciencia pueden hacer una gran diferencia, como ceder el paso al peat\u00f3n, cuidar al ciclista o simplemente echar agua a los \u00e1rboles.<\/p>\n<p>Finalmente, Araujo Madera enfatiz\u00f3 la importancia del arte y la educaci\u00f3n como herramientas para percibir la realidad de manera singular y estimular nuestra subjetividad e identidad. Conmemorando el 215 aniversario de la Independencia de M\u00e9xico, dese\u00f3 paz y alegr\u00eda para todos, y destac\u00f3 que M\u00e9rida es un lugar donde el arte y la vida hermosa y compleja que vivimos en este siglo pueden celebrarse y disfrutarse.<\/p>\n<p>Como parte del acto protocolario, se realizaron los honores correspondientes al l\u00e1baro patrio. La rese\u00f1a con motivo del aniversario del inicio de la Independencia, estuvo a cargo del regidor Eddie Maldonado Uh y la presentaci\u00f3n de la oradora hu\u00e9sped la hizo la regidora Gabriela Santinelli Recio.<\/p>\n<p>En representaci\u00f3n del gobernador Joaqu\u00edn D\u00edaz Mena asisti\u00f3 el secretario de Gobierno, Omar P\u00e9rez Avil\u00e9s, Tambi\u00e9n asistieron Mario Alejandro Cuevas Mena, presidente de la Mesa Directiva del Congreso del Estado de Yucat\u00e1n, y Erika Beatriz Torres L\u00f3pez, magistrada presidenta del Tribunal Superior de Justicia y del Consejo de la Judicatura.<\/p>\n<p>Tambi\u00e9n estuvieron presentes Mar\u00eda Sof\u00eda Paz Patr\u00f3n, as\u00ed como los ex alcaldes de M\u00e9rida Ana Rosa Pay\u00e1n Cervera, Ang\u00e9lica Araujo Lara, Mar\u00eda Fritz Sierra, Luis Correa Mena y Manuel Fuentes Alcocer.<\/p>\n<p>Por la ma\u00f1ana, la alcaldesa acudi\u00f3 a la celebraci\u00f3n eucar\u00edstica oficiada en la catedral de San Ildefonso con motivo del 215 aniversario del inicio de la Independencia de M\u00e9xico.<\/p>\n","protected":false},"excerpt":{"rendered":"<p>M\u00e9rida, Yucat\u00e1n, lunes 15 de septiembre de 2025.- \u201cHoy, refrendamos una M\u00e9rida que camina junto a M\u00e9xico, con distintos rostros, historias y lenguas, pero con un mismo coraz\u00f3n que late fuerte por su gente\u201d, afirm\u00f3 la presidenta municipal Cecilia Patr\u00f3n Laviada en sesi\u00f3n solemne de Cabildo con motivo del aniversario n\u00famero 215 del inicio de [&hellip;]<\/p>\n","protected":false},"author":4,"featured_media":115803,"comment_status":"closed","ping_status":"closed","sticky":false,"template":"","format":"standard","meta":{"footnotes":""},"categories":[2],"tags":[],"class_list":{"0":"post-115802","1":"post","2":"type-post","3":"status-publish","4":"format-standard","5":"has-post-thumbnail","7":"category-merida"},"yoast_head":"<!-- This site is optimized with the Yoast SEO plugin v27.4 - https:\/\/yoast.com\/product\/yoast-seo-wordpress\/ -->\n<title>Se realiz\u00f3 la sesi\u00f3n solemne con motivo del 215 aniversario del inicio de la Independencia de M\u00e9xico - Yucat\u00e1n en corto<\/title>\n<meta name=\"robots\" content=\"index, follow, max-snippet:-1, max-image-preview:large, max-video-preview:-1\" \/>\n<link rel=\"canonical\" href=\"https:\/\/www.yucatanencorto.com\/noticias\/se-realizo-la-sesion-solemne-con-motivo-del-215-aniversario-del-inicio-de-la-independencia-de-mexico\/\" \/>\n<meta property=\"og:locale\" content=\"es_ES\" \/>\n<meta property=\"og:type\" content=\"article\" \/>\n<meta property=\"og:title\" content=\"Se realiz\u00f3 la sesi\u00f3n solemne con motivo del 215 aniversario del inicio de la Independencia de M\u00e9xico - Yucat\u00e1n en corto\" \/>\n<meta property=\"og:description\" content=\"M\u00e9rida, Yucat\u00e1n, lunes 15 de septiembre de 2025.- \u201cHoy, refrendamos una M\u00e9rida que camina junto a M\u00e9xico, con distintos rostros, historias y lenguas, pero con un mismo coraz\u00f3n que late fuerte por su gente\u201d, afirm\u00f3 la presidenta municipal Cecilia Patr\u00f3n Laviada en sesi\u00f3n solemne de Cabildo con motivo del aniversario n\u00famero 215 del inicio de [&hellip;]\" \/>\n<meta property=\"og:url\" content=\"https:\/\/www.yucatanencorto.com\/noticias\/se-realizo-la-sesion-solemne-con-motivo-del-215-aniversario-del-inicio-de-la-independencia-de-mexico\/\" \/>\n<meta property=\"og:site_name\" content=\"Yucat\u00e1n en corto\" \/>\n<meta property=\"article:publisher\" content=\"http:\/\/www.facebook.com\/yucatanencorto\" \/>\n<meta property=\"article:published_time\" content=\"2025-09-16T01:31:10+00:00\" \/>\n<meta property=\"og:image\" content=\"https:\/\/www.yucatanencorto.com\/noticias\/wp-content\/uploads\/2025\/09\/WhatsApp-Image-2025-09-15-at-17.56.54-scaled.jpeg\" \/>\n\t<meta property=\"og:image:width\" content=\"768\" \/>\n\t<meta property=\"og:image:height\" content=\"512\" \/>\n\t<meta property=\"og:image:type\" content=\"image\/jpeg\" \/>\n<meta name=\"author\" content=\"Yucat\u00e1n en Corto\" \/>\n<meta name=\"twitter:card\" content=\"summary_large_image\" \/>\n<meta name=\"twitter:creator\" content=\"@yucatanencorto\" \/>\n<meta name=\"twitter:site\" content=\"@yucatanencorto\" \/>\n<meta name=\"twitter:label1\" content=\"Escrito por\" \/>\n\t<meta name=\"twitter:data1\" content=\"Yucat\u00e1n en Corto\" \/>\n\t<meta name=\"twitter:label2\" content=\"Tiempo de lectura\" \/>\n\t<meta name=\"twitter:data2\" content=\"5 minutos\" \/>\n<script type=\"application\/ld+json\" class=\"yoast-schema-graph\">{\"@context\":\"https:\\\/\\\/schema.org\",\"@graph\":[{\"@type\":\"Article\",\"@id\":\"https:\\\/\\\/www.yucatanencorto.com\\\/noticias\\\/se-realizo-la-sesion-solemne-con-motivo-del-215-aniversario-del-inicio-de-la-independencia-de-mexico\\\/#article\",\"isPartOf\":{\"@id\":\"https:\\\/\\\/www.yucatanencorto.com\\\/noticias\\\/se-realizo-la-sesion-solemne-con-motivo-del-215-aniversario-del-inicio-de-la-independencia-de-mexico\\\/\"},\"author\":{\"name\":\"Yucat\u00e1n en Corto\",\"@id\":\"https:\\\/\\\/www.yucatanencorto.com\\\/noticias\\\/#\\\/schema\\\/person\\\/f0ec40c33447bbc0dc2d01d3006de771\"},\"headline\":\"Se realiz\u00f3 la sesi\u00f3n solemne con motivo del 215 aniversario del inicio de la Independencia de M\u00e9xico\",\"datePublished\":\"2025-09-16T01:31:10+00:00\",\"mainEntityOfPage\":{\"@id\":\"https:\\\/\\\/www.yucatanencorto.com\\\/noticias\\\/se-realizo-la-sesion-solemne-con-motivo-del-215-aniversario-del-inicio-de-la-independencia-de-mexico\\\/\"},\"wordCount\":982,\"image\":{\"@id\":\"https:\\\/\\\/www.yucatanencorto.com\\\/noticias\\\/se-realizo-la-sesion-solemne-con-motivo-del-215-aniversario-del-inicio-de-la-independencia-de-mexico\\\/#primaryimage\"},\"thumbnailUrl\":\"https:\\\/\\\/www.yucatanencorto.com\\\/noticias\\\/wp-content\\\/uploads\\\/2025\\\/09\\\/WhatsApp-Image-2025-09-15-at-17.56.54-scaled.jpeg\",\"articleSection\":[\"M\u00e9rida\"],\"inLanguage\":\"es\"},{\"@type\":\"WebPage\",\"@id\":\"https:\\\/\\\/www.yucatanencorto.com\\\/noticias\\\/se-realizo-la-sesion-solemne-con-motivo-del-215-aniversario-del-inicio-de-la-independencia-de-mexico\\\/\",\"url\":\"https:\\\/\\\/www.yucatanencorto.com\\\/noticias\\\/se-realizo-la-sesion-solemne-con-motivo-del-215-aniversario-del-inicio-de-la-independencia-de-mexico\\\/\",\"name\":\"Se realiz\u00f3 la sesi\u00f3n solemne con motivo del 215 aniversario del inicio de la Independencia de M\u00e9xico - Yucat\u00e1n en corto\",\"isPartOf\":{\"@id\":\"https:\\\/\\\/www.yucatanencorto.com\\\/noticias\\\/#website\"},\"primaryImageOfPage\":{\"@id\":\"https:\\\/\\\/www.yucatanencorto.com\\\/noticias\\\/se-realizo-la-sesion-solemne-con-motivo-del-215-aniversario-del-inicio-de-la-independencia-de-mexico\\\/#primaryimage\"},\"image\":{\"@id\":\"https:\\\/\\\/www.yucatanencorto.com\\\/noticias\\\/se-realizo-la-sesion-solemne-con-motivo-del-215-aniversario-del-inicio-de-la-independencia-de-mexico\\\/#primaryimage\"},\"thumbnailUrl\":\"https:\\\/\\\/www.yucatanencorto.com\\\/noticias\\\/wp-content\\\/uploads\\\/2025\\\/09\\\/WhatsApp-Image-2025-09-15-at-17.56.54-scaled.jpeg\",\"datePublished\":\"2025-09-16T01:31:10+00:00\",\"author\":{\"@id\":\"https:\\\/\\\/www.yucatanencorto.com\\\/noticias\\\/#\\\/schema\\\/person\\\/f0ec40c33447bbc0dc2d01d3006de771\"},\"breadcrumb\":{\"@id\":\"https:\\\/\\\/www.yucatanencorto.com\\\/noticias\\\/se-realizo-la-sesion-solemne-con-motivo-del-215-aniversario-del-inicio-de-la-independencia-de-mexico\\\/#breadcrumb\"},\"inLanguage\":\"es\",\"potentialAction\":[{\"@type\":\"ReadAction\",\"target\":[\"https:\\\/\\\/www.yucatanencorto.com\\\/noticias\\\/se-realizo-la-sesion-solemne-con-motivo-del-215-aniversario-del-inicio-de-la-independencia-de-mexico\\\/\"]}]},{\"@type\":\"ImageObject\",\"inLanguage\":\"es\",\"@id\":\"https:\\\/\\\/www.yucatanencorto.com\\\/noticias\\\/se-realizo-la-sesion-solemne-con-motivo-del-215-aniversario-del-inicio-de-la-independencia-de-mexico\\\/#primaryimage\",\"url\":\"https:\\\/\\\/www.yucatanencorto.com\\\/noticias\\\/wp-content\\\/uploads\\\/2025\\\/09\\\/WhatsApp-Image-2025-09-15-at-17.56.54-scaled.jpeg\",\"contentUrl\":\"https:\\\/\\\/www.yucatanencorto.com\\\/noticias\\\/wp-content\\\/uploads\\\/2025\\\/09\\\/WhatsApp-Image-2025-09-15-at-17.56.54-scaled.jpeg\",\"width\":768,\"height\":512},{\"@type\":\"BreadcrumbList\",\"@id\":\"https:\\\/\\\/www.yucatanencorto.com\\\/noticias\\\/se-realizo-la-sesion-solemne-con-motivo-del-215-aniversario-del-inicio-de-la-independencia-de-mexico\\\/#breadcrumb\",\"itemListElement\":[{\"@type\":\"ListItem\",\"position\":1,\"name\":\"Portada\",\"item\":\"https:\\\/\\\/www.yucatanencorto.com\\\/noticias\\\/\"},{\"@type\":\"ListItem\",\"position\":2,\"name\":\"Se realiz\u00f3 la sesi\u00f3n solemne con motivo del 215 aniversario del inicio de la Independencia de M\u00e9xico\"}]},{\"@type\":\"WebSite\",\"@id\":\"https:\\\/\\\/www.yucatanencorto.com\\\/noticias\\\/#website\",\"url\":\"https:\\\/\\\/www.yucatanencorto.com\\\/noticias\\\/\",\"name\":\"Yucat\u00e1n en corto\",\"description\":\"Noticias\",\"potentialAction\":[{\"@type\":\"SearchAction\",\"target\":{\"@type\":\"EntryPoint\",\"urlTemplate\":\"https:\\\/\\\/www.yucatanencorto.com\\\/noticias\\\/?s={search_term_string}\"},\"query-input\":{\"@type\":\"PropertyValueSpecification\",\"valueRequired\":true,\"valueName\":\"search_term_string\"}}],\"inLanguage\":\"es\"},{\"@type\":\"Person\",\"@id\":\"https:\\\/\\\/www.yucatanencorto.com\\\/noticias\\\/#\\\/schema\\\/person\\\/f0ec40c33447bbc0dc2d01d3006de771\",\"name\":\"Yucat\u00e1n en Corto\",\"image\":{\"@type\":\"ImageObject\",\"inLanguage\":\"es\",\"@id\":\"https:\\\/\\\/secure.gravatar.com\\\/avatar\\\/20e0a6b626f38fa8e545fb3f80ce566efd790bf8877e65c3a482460cc3e0b5d1?s=96&d=mm&r=g\",\"url\":\"https:\\\/\\\/secure.gravatar.com\\\/avatar\\\/20e0a6b626f38fa8e545fb3f80ce566efd790bf8877e65c3a482460cc3e0b5d1?s=96&d=mm&r=g\",\"contentUrl\":\"https:\\\/\\\/secure.gravatar.com\\\/avatar\\\/20e0a6b626f38fa8e545fb3f80ce566efd790bf8877e65c3a482460cc3e0b5d1?s=96&d=mm&r=g\",\"caption\":\"Yucat\u00e1n en Corto\"},\"url\":\"https:\\\/\\\/www.yucatanencorto.com\\\/noticias\\\/author\\\/editor25\\\/\"}]}<\/script>\n<!-- \/ Yoast SEO plugin. -->","yoast_head_json":{"title":"Se realiz\u00f3 la sesi\u00f3n solemne con motivo del 215 aniversario del inicio de la Independencia de M\u00e9xico - Yucat\u00e1n en corto","robots":{"index":"index","follow":"follow","max-snippet":"max-snippet:-1","max-image-preview":"max-image-preview:large","max-video-preview":"max-video-preview:-1"},"canonical":"https:\/\/www.yucatanencorto.com\/noticias\/se-realizo-la-sesion-solemne-con-motivo-del-215-aniversario-del-inicio-de-la-independencia-de-mexico\/","og_locale":"es_ES","og_type":"article","og_title":"Se realiz\u00f3 la sesi\u00f3n solemne con motivo del 215 aniversario del inicio de la Independencia de M\u00e9xico - Yucat\u00e1n en corto","og_description":"M\u00e9rida, Yucat\u00e1n, lunes 15 de septiembre de 2025.- \u201cHoy, refrendamos una M\u00e9rida que camina junto a M\u00e9xico, con distintos rostros, historias y lenguas, pero con un mismo coraz\u00f3n que late fuerte por su gente\u201d, afirm\u00f3 la presidenta municipal Cecilia Patr\u00f3n Laviada en sesi\u00f3n solemne de Cabildo con motivo del aniversario n\u00famero 215 del inicio de [&hellip;]","og_url":"https:\/\/www.yucatanencorto.com\/noticias\/se-realizo-la-sesion-solemne-con-motivo-del-215-aniversario-del-inicio-de-la-independencia-de-mexico\/","og_site_name":"Yucat\u00e1n en corto","article_publisher":"http:\/\/www.facebook.com\/yucatanencorto","article_published_time":"2025-09-16T01:31:10+00:00","og_image":[{"width":768,"height":512,"url":"https:\/\/www.yucatanencorto.com\/noticias\/wp-content\/uploads\/2025\/09\/WhatsApp-Image-2025-09-15-at-17.56.54-scaled.jpeg","type":"image\/jpeg"}],"author":"Yucat\u00e1n en Corto","twitter_card":"summary_large_image","twitter_creator":"@yucatanencorto","twitter_site":"@yucatanencorto","twitter_misc":{"Escrito por":"Yucat\u00e1n en Corto","Tiempo de lectura":"5 minutos"},"schema":{"@context":"https:\/\/schema.org","@graph":[{"@type":"Article","@id":"https:\/\/www.yucatanencorto.com\/noticias\/se-realizo-la-sesion-solemne-con-motivo-del-215-aniversario-del-inicio-de-la-independencia-de-mexico\/#article","isPartOf":{"@id":"https:\/\/www.yucatanencorto.com\/noticias\/se-realizo-la-sesion-solemne-con-motivo-del-215-aniversario-del-inicio-de-la-independencia-de-mexico\/"},"author":{"name":"Yucat\u00e1n en Corto","@id":"https:\/\/www.yucatanencorto.com\/noticias\/#\/schema\/person\/f0ec40c33447bbc0dc2d01d3006de771"},"headline":"Se realiz\u00f3 la sesi\u00f3n solemne con motivo del 215 aniversario del inicio de la Independencia de M\u00e9xico","datePublished":"2025-09-16T01:31:10+00:00","mainEntityOfPage":{"@id":"https:\/\/www.yucatanencorto.com\/noticias\/se-realizo-la-sesion-solemne-con-motivo-del-215-aniversario-del-inicio-de-la-independencia-de-mexico\/"},"wordCount":982,"image":{"@id":"https:\/\/www.yucatanencorto.com\/noticias\/se-realizo-la-sesion-solemne-con-motivo-del-215-aniversario-del-inicio-de-la-independencia-de-mexico\/#primaryimage"},"thumbnailUrl":"https:\/\/www.yucatanencorto.com\/noticias\/wp-content\/uploads\/2025\/09\/WhatsApp-Image-2025-09-15-at-17.56.54-scaled.jpeg","articleSection":["M\u00e9rida"],"inLanguage":"es"},{"@type":"WebPage","@id":"https:\/\/www.yucatanencorto.com\/noticias\/se-realizo-la-sesion-solemne-con-motivo-del-215-aniversario-del-inicio-de-la-independencia-de-mexico\/","url":"https:\/\/www.yucatanencorto.com\/noticias\/se-realizo-la-sesion-solemne-con-motivo-del-215-aniversario-del-inicio-de-la-independencia-de-mexico\/","name":"Se realiz\u00f3 la sesi\u00f3n solemne con motivo del 215 aniversario del inicio de la Independencia de M\u00e9xico - Yucat\u00e1n en corto","isPartOf":{"@id":"https:\/\/www.yucatanencorto.com\/noticias\/#website"},"primaryImageOfPage":{"@id":"https:\/\/www.yucatanencorto.com\/noticias\/se-realizo-la-sesion-solemne-con-motivo-del-215-aniversario-del-inicio-de-la-independencia-de-mexico\/#primaryimage"},"image":{"@id":"https:\/\/www.yucatanencorto.com\/noticias\/se-realizo-la-sesion-solemne-con-motivo-del-215-aniversario-del-inicio-de-la-independencia-de-mexico\/#primaryimage"},"thumbnailUrl":"https:\/\/www.yucatanencorto.com\/noticias\/wp-content\/uploads\/2025\/09\/WhatsApp-Image-2025-09-15-at-17.56.54-scaled.jpeg","datePublished":"2025-09-16T01:31:10+00:00","author":{"@id":"https:\/\/www.yucatanencorto.com\/noticias\/#\/schema\/person\/f0ec40c33447bbc0dc2d01d3006de771"},"breadcrumb":{"@id":"https:\/\/www.yucatanencorto.com\/noticias\/se-realizo-la-sesion-solemne-con-motivo-del-215-aniversario-del-inicio-de-la-independencia-de-mexico\/#breadcrumb"},"inLanguage":"es","potentialAction":[{"@type":"ReadAction","target":["https:\/\/www.yucatanencorto.com\/noticias\/se-realizo-la-sesion-solemne-con-motivo-del-215-aniversario-del-inicio-de-la-independencia-de-mexico\/"]}]},{"@type":"ImageObject","inLanguage":"es","@id":"https:\/\/www.yucatanencorto.com\/noticias\/se-realizo-la-sesion-solemne-con-motivo-del-215-aniversario-del-inicio-de-la-independencia-de-mexico\/#primaryimage","url":"https:\/\/www.yucatanencorto.com\/noticias\/wp-content\/uploads\/2025\/09\/WhatsApp-Image-2025-09-15-at-17.56.54-scaled.jpeg","contentUrl":"https:\/\/www.yucatanencorto.com\/noticias\/wp-content\/uploads\/2025\/09\/WhatsApp-Image-2025-09-15-at-17.56.54-scaled.jpeg","width":768,"height":512},{"@type":"BreadcrumbList","@id":"https:\/\/www.yucatanencorto.com\/noticias\/se-realizo-la-sesion-solemne-con-motivo-del-215-aniversario-del-inicio-de-la-independencia-de-mexico\/#breadcrumb","itemListElement":[{"@type":"ListItem","position":1,"name":"Portada","item":"https:\/\/www.yucatanencorto.com\/noticias\/"},{"@type":"ListItem","position":2,"name":"Se realiz\u00f3 la sesi\u00f3n solemne con motivo del 215 aniversario del inicio de la Independencia de M\u00e9xico"}]},{"@type":"WebSite","@id":"https:\/\/www.yucatanencorto.com\/noticias\/#website","url":"https:\/\/www.yucatanencorto.com\/noticias\/","name":"Yucat\u00e1n en corto","description":"Noticias","potentialAction":[{"@type":"SearchAction","target":{"@type":"EntryPoint","urlTemplate":"https:\/\/www.yucatanencorto.com\/noticias\/?s={search_term_string}"},"query-input":{"@type":"PropertyValueSpecification","valueRequired":true,"valueName":"search_term_string"}}],"inLanguage":"es"},{"@type":"Person","@id":"https:\/\/www.yucatanencorto.com\/noticias\/#\/schema\/person\/f0ec40c33447bbc0dc2d01d3006de771","name":"Yucat\u00e1n en Corto","image":{"@type":"ImageObject","inLanguage":"es","@id":"https:\/\/secure.gravatar.com\/avatar\/20e0a6b626f38fa8e545fb3f80ce566efd790bf8877e65c3a482460cc3e0b5d1?s=96&d=mm&r=g","url":"https:\/\/secure.gravatar.com\/avatar\/20e0a6b626f38fa8e545fb3f80ce566efd790bf8877e65c3a482460cc3e0b5d1?s=96&d=mm&r=g","contentUrl":"https:\/\/secure.gravatar.com\/avatar\/20e0a6b626f38fa8e545fb3f80ce566efd790bf8877e65c3a482460cc3e0b5d1?s=96&d=mm&r=g","caption":"Yucat\u00e1n en Corto"},"url":"https:\/\/www.yucatanencorto.com\/noticias\/author\/editor25\/"}]}},"_links":{"self":[{"href":"https:\/\/www.yucatanencorto.com\/noticias\/wp-json\/wp\/v2\/posts\/115802","targetHints":{"allow":["GET"]}}],"collection":[{"href":"https:\/\/www.yucatanencorto.com\/noticias\/wp-json\/wp\/v2\/posts"}],"about":[{"href":"https:\/\/www.yucatanencorto.com\/noticias\/wp-json\/wp\/v2\/types\/post"}],"author":[{"embeddable":true,"href":"https:\/\/www.yucatanencorto.com\/noticias\/wp-json\/wp\/v2\/users\/4"}],"replies":[{"embeddable":true,"href":"https:\/\/www.yucatanencorto.com\/noticias\/wp-json\/wp\/v2\/comments?post=115802"}],"version-history":[{"count":1,"href":"https:\/\/www.yucatanencorto.com\/noticias\/wp-json\/wp\/v2\/posts\/115802\/revisions"}],"predecessor-version":[{"id":115804,"href":"https:\/\/www.yucatanencorto.com\/noticias\/wp-json\/wp\/v2\/posts\/115802\/revisions\/115804"}],"wp:featuredmedia":[{"embeddable":true,"href":"https:\/\/www.yucatanencorto.com\/noticias\/wp-json\/wp\/v2\/media\/115803"}],"wp:attachment":[{"href":"https:\/\/www.yucatanencorto.com\/noticias\/wp-json\/wp\/v2\/media?parent=115802"}],"wp:term":[{"taxonomy":"category","embeddable":true,"href":"https:\/\/www.yucatanencorto.com\/noticias\/wp-json\/wp\/v2\/categories?post=115802"},{"taxonomy":"post_tag","embeddable":true,"href":"https:\/\/www.yucatanencorto.com\/noticias\/wp-json\/wp\/v2\/tags?post=115802"}],"curies":[{"name":"wp","href":"https:\/\/api.w.org\/{rel}","templated":true}]}}