{"id":115805,"date":"2025-09-15T19:41:18","date_gmt":"2025-09-16T01:41:18","guid":{"rendered":"https:\/\/www.yucatanencorto.com\/noticias\/?p=115805"},"modified":"2025-09-15T19:41:30","modified_gmt":"2025-09-16T01:41:30","slug":"se-han-recolectaron-1-mil-180-toneladas-de-residuos-en-150-puntos-visitados-en-colonias-y-comisarias","status":"publish","type":"post","link":"https:\/\/www.yucatanencorto.com\/noticias\/se-han-recolectaron-1-mil-180-toneladas-de-residuos-en-150-puntos-visitados-en-colonias-y-comisarias\/","title":{"rendered":"Se han recolectaron 1 mil 180 toneladas de residuos en 150 puntos visitados en colonias y comisar\u00edas"},"content":{"rendered":"<p><img loading=\"lazy\" decoding=\"async\" class=\"alignnone size-full wp-image-115806\" src=\"https:\/\/www.yucatanencorto.com\/noticias\/wp-content\/uploads\/2025\/09\/WhatsApp-Image-2025-09-15-at-18.16.13-2-scaled.jpeg\" alt=\"\" width=\"768\" height=\"512\" srcset=\"https:\/\/www.yucatanencorto.com\/noticias\/wp-content\/uploads\/2025\/09\/WhatsApp-Image-2025-09-15-at-18.16.13-2-scaled.jpeg 768w, https:\/\/www.yucatanencorto.com\/noticias\/wp-content\/uploads\/2025\/09\/WhatsApp-Image-2025-09-15-at-18.16.13-2-1536x1023.jpeg 1536w, https:\/\/www.yucatanencorto.com\/noticias\/wp-content\/uploads\/2025\/09\/WhatsApp-Image-2025-09-15-at-18.16.13-2-150x100.jpeg 150w, https:\/\/www.yucatanencorto.com\/noticias\/wp-content\/uploads\/2025\/09\/WhatsApp-Image-2025-09-15-at-18.16.13-2-300x200.jpeg 300w, https:\/\/www.yucatanencorto.com\/noticias\/wp-content\/uploads\/2025\/09\/WhatsApp-Image-2025-09-15-at-18.16.13-2-696x464.jpeg 696w, https:\/\/www.yucatanencorto.com\/noticias\/wp-content\/uploads\/2025\/09\/WhatsApp-Image-2025-09-15-at-18.16.13-2-1068x712.jpeg 1068w\" sizes=\"auto, (max-width: 768px) 100vw, 768px\" \/><\/p>\n<p>M\u00e9rida, Yucat\u00e1n, lunes 15 de septiembre de 2025.- M\u00e1s de 2 mil 500 toneladas de desechos se han sacado de las calles mediante el programa M\u00e9rida Limpia, que implement\u00f3 el Ayuntamiento de M\u00e9rida que encabeza la presidenta municipal Cecilia Patr\u00f3n Laviada.<\/p>\n<p>\u201cLa pol\u00edtica p\u00fablica para gesti\u00f3n y manejo de residuos involucra la participaci\u00f3n de vecinas y vecinos, una nueva polic\u00eda ecol\u00f3gica y mega puntos verdes, entre otras acciones que han sido abrazadas por las y los meridanos\u201d, afirm\u00f3 la edil.<\/p>\n<p>Durante la acostumbrada reuni\u00f3n semanal con los medios de comunicaci\u00f3n, la alcaldesa record\u00f3 que se realizaron 10 Mega Operativos de Limpieza en colonias y uno en el Centro Hist\u00f3rico, con la participaci\u00f3n de 850 brigadistas que atendieron 662 manzanas.<\/p>\n<p>\u201cRecolectaron 839 toneladas de residuos, bachearon 5 mil 812 metros cuadrados, desasolvaron 834 rejillas, atendieron 534 animales de compa\u00f1\u00eda con el<br \/>\nEsterim\u00f3vi, plantaron 522 \u00e1rboles y dieron en adopci\u00f3n otros 314 ejemplares mediante Una Familia, Un \u00c1rbol\u201d, indic\u00f3.<\/p>\n<p>La \u201cFeria de Salud\u201d brind\u00f3 servicios de consulta m\u00e9dica y atenci\u00f3n dental y 780 comercios fueron sensibilizados con el programa D.A.R.E.<\/p>\n<p>Por otra parte, con 23 contenedores M\u00e9rida Limpia se recolectaron 1 mil 180 toneladas de residuos en 150 puntos visitados en colonias y comisar\u00edas.<\/p>\n<p>Cecilia reconoci\u00f3 el apoyo de Grupo Yucat\u00e1n y la C\u00e1mara de la Industria de la Construcci\u00f3n (CMIC) delegaci\u00f3n Yucat\u00e1n, que donaron siete y dos contenedores, respectivamente.<\/p>\n<p>Del 18 al 30 de septiembre, los contenedores estar\u00e1n ubicados en diversas colonias y parques de la ciudad: Parque Misne II (C 4-A x 15-C y 15-E), Parque El Tri\u00e1ngulo (C 22 x 26 Diag y 31) en Las Brisas, Parque San Pablo Oriente (C 12 x 29-A y 29-B) y Parque El Rey (C 6-C x 21-B y 25-A) en Vergel IV.<\/p>\n<p>Tambi\u00e9n en la Unidad Deportiva Fernando Valenzuela (C 141-A x 50) en San Jos\u00e9 Tecoh, Parque Vergel I (C 10-C x 15-B y 15-C), Parque San Jos\u00e9 Vergel (C 19 x 16 y 18) y Parque San Jos\u00e9 Vergel III (C 14 x 21-B y 23). Adem\u00e1s, se ubicar\u00e1n en Parque Antonia Jim\u00e9nez Trava (C 27-A x 10 y 12) y Parque Vergel II (C 29-B x 10-C y 29-C) en Vergel II.<\/p>\n<p>Asimismo estar\u00e1n en San Marcos Sustentable (C 104 x 656 y 658, C 100 x calle B\u00faho), Parque Fraccionamiento Kukulc\u00e1n (C 2-Sur x 49-A y 58) y Comisar\u00eda Santa Cruz Palomeque (C 85 x 83-A y 85). Tambi\u00e9n se encontrar\u00e1n en Parque Arqueo-Ecol\u00f3gico del Poniente (C 130 x 67-E y 67-G) y Parque del Prado de Chuburn\u00e1 (C 26 x 11-D y 11-E).<\/p>\n<p>Adem\u00e1s, Cecilia Patr\u00f3n se refiri\u00f3 a los 15 Mega Puntos Verdes alrededor de la ciudad, en los que se han recolectado 1 mil 829 toneladas.<\/p>\n<p>Como parte del Operativo de Limpieza de Predios ya se intervinieron 42 detectados como acumuladores, en los que se retiraron 508 toneladas de<br \/>\nbasura y adem\u00e1s se dio atenci\u00f3n a la salud integral y emocional de las personas beneficiarias y rescate de animales de compa\u00f1\u00eda.<\/p>\n<p>En Mercados se han realizado 3 mil 700 acciones de limpieza en los techos, as\u00ed como mantenimiento y mejoras en la infraestructura. Estas acciones incluyen control larvario, pintura, limpieza de drenaje, plomer\u00eda, construcci\u00f3n de rampas de acceso, resane de paredes y mejora de pisos.<\/p>\n<p>Tambi\u00e9n se han llevado a cabo eventos promocionales, con una asistencia de 5 mil 020 personas en siete eventos, con el objetivo de atraer a m\u00e1s clientes. Asimismo, se han implementado medidas de seguridad adicionales, como vigilancia nocturna, rondines de vigilancia y cambio de l\u00e1mparas en pasillos.<\/p>\n<p>En la Central de Abastos se instal\u00f3 una nueva caseta de vigilancia, construcci\u00f3n de la rotonda publicitaria y mantenimiento y remodelaci\u00f3n del ba\u00f1o, de los andenes de las naves. Adem\u00e1s de eventos promocionales como los tianguis de las \u00e1nimas, navide\u00f1o y festival de la primavera.<\/p>\n<p>La alcaldesa reiter\u00f3 los cambios en el Reglamento para la Gesti\u00f3n Integral de Residuos S\u00f3lidos del Municipio de M\u00e9rida que eleva las multas a personas f\u00edsicas de 10 a 500 Unidades<br \/>\nde Medida y Actualizaci\u00f3n (UMA) por depositar en la v\u00eda p\u00fablica los residuos del barrido de los predios, residuos s\u00f3lidos o lixiviados y utilizar los basureros peatonales para<br \/>\nresiduos que no sean los generados por los transe\u00fantes.<\/p>\n<p>Destac\u00f3 la creaci\u00f3n de la Polic\u00eda Ecol\u00f3gica con seis elementos, dos cuatrimotos y un veh\u00edculo.<\/p>\n<p>Finalmente destac\u00f3 la alcaldesa la gesti\u00f3n de residuos s\u00f3lidos con m\u00e1s de 390 mil toneladas recolectadas con 11 nuevas unidades y 161 equipos, ocho nuevas rutas para el Operativo<br \/>\nCentro Hist\u00f3rico y se recolectaron montoneras en 150 sitios, con un total de 200 toneladas retiradas.<\/p>\n<p>Todas las empresas recolectoras ofrecieron servicios especiales para particulares, comercios y tambi\u00e9n recolecci\u00f3n expr\u00e9s.<\/p>\n<p>El relleno sanitario recibe<br \/>\n1 mil 314 toneladas de residuos al d\u00eda. Desde diciembre, el Centro Integral de Procesamiento de Residuos (CIPRES) de Red Ambiental ha estado a cargo de la operaci\u00f3n con notables mejoras en el manejo.<\/p>\n<p>Carnaval<\/p>\n<p>En nota aparte, Cecilia Patr\u00f3n inform\u00f3 que arrancan los preparativos para el Carnaval de M\u00e9rida 2026 con el lanzamiento de las convocatorias para selecci\u00f3n de reyes y comparsas.<\/p>\n<p>Para comparsas, el 17 de septiembre hay una junta informativa de representantes a las 17:00 horas, en el Centro Cultural Olimpo. Del 18 al 30 de septiembre ser\u00e1n las inscripciones al concurso, de 9 a 14 horas en las Oficinas del Comit\u00e9 del Carnaval.<\/p>\n<p>El 19 de septiembre se lanza la convocatoria de reyes, y del 22 al 26 de septiembre ser\u00e1n las inscripciones de 9 a 14 horas, tambi\u00e9n en las Oficinas del Comit\u00e9 del Carnaval.<\/p>\n","protected":false},"excerpt":{"rendered":"<p>M\u00e9rida, Yucat\u00e1n, lunes 15 de septiembre de 2025.- M\u00e1s de 2 mil 500 toneladas de desechos se han sacado de las calles mediante el programa M\u00e9rida Limpia, que implement\u00f3 el Ayuntamiento de M\u00e9rida que encabeza la presidenta municipal Cecilia Patr\u00f3n Laviada. \u201cLa pol\u00edtica p\u00fablica para gesti\u00f3n y manejo de residuos involucra la participaci\u00f3n de vecinas [&hellip;]<\/p>\n","protected":false},"author":4,"featured_media":115806,"comment_status":"closed","ping_status":"closed","sticky":false,"template":"","format":"video","meta":{"footnotes":""},"categories":[3],"tags":[],"class_list":{"0":"post-115805","1":"post","2":"type-post","3":"status-publish","4":"format-video","5":"has-post-thumbnail","7":"category-yucatan","8":"post_format-post-format-video"},"yoast_head":"<!-- This site is optimized with the Yoast SEO plugin v27.4 - https:\/\/yoast.com\/product\/yoast-seo-wordpress\/ -->\n<title>Se han recolectaron 1 mil 180 toneladas de residuos en 150 puntos visitados en colonias y comisar\u00edas - Yucat\u00e1n en corto<\/title>\n<meta name=\"robots\" content=\"index, follow, max-snippet:-1, max-image-preview:large, max-video-preview:-1\" \/>\n<link rel=\"canonical\" href=\"https:\/\/www.yucatanencorto.com\/noticias\/se-han-recolectaron-1-mil-180-toneladas-de-residuos-en-150-puntos-visitados-en-colonias-y-comisarias\/\" \/>\n<meta property=\"og:locale\" content=\"es_ES\" \/>\n<meta property=\"og:type\" content=\"article\" \/>\n<meta property=\"og:title\" content=\"Se han recolectaron 1 mil 180 toneladas de residuos en 150 puntos visitados en colonias y comisar\u00edas - Yucat\u00e1n en corto\" \/>\n<meta property=\"og:description\" content=\"M\u00e9rida, Yucat\u00e1n, lunes 15 de septiembre de 2025.- M\u00e1s de 2 mil 500 toneladas de desechos se han sacado de las calles mediante el programa M\u00e9rida Limpia, que implement\u00f3 el Ayuntamiento de M\u00e9rida que encabeza la presidenta municipal Cecilia Patr\u00f3n Laviada. \u201cLa pol\u00edtica p\u00fablica para gesti\u00f3n y manejo de residuos involucra la participaci\u00f3n de vecinas [&hellip;]\" \/>\n<meta property=\"og:url\" content=\"https:\/\/www.yucatanencorto.com\/noticias\/se-han-recolectaron-1-mil-180-toneladas-de-residuos-en-150-puntos-visitados-en-colonias-y-comisarias\/\" \/>\n<meta property=\"og:site_name\" content=\"Yucat\u00e1n en corto\" \/>\n<meta property=\"article:publisher\" content=\"http:\/\/www.facebook.com\/yucatanencorto\" \/>\n<meta property=\"article:published_time\" content=\"2025-09-16T01:41:18+00:00\" \/>\n<meta property=\"article:modified_time\" content=\"2025-09-16T01:41:30+00:00\" \/>\n<meta property=\"og:image\" content=\"https:\/\/www.yucatanencorto.com\/noticias\/wp-content\/uploads\/2025\/09\/WhatsApp-Image-2025-09-15-at-18.16.13-2-scaled.jpeg\" \/>\n\t<meta property=\"og:image:width\" content=\"768\" \/>\n\t<meta property=\"og:image:height\" content=\"512\" \/>\n\t<meta property=\"og:image:type\" content=\"image\/jpeg\" \/>\n<meta name=\"author\" content=\"Yucat\u00e1n en Corto\" \/>\n<meta name=\"twitter:card\" content=\"summary_large_image\" \/>\n<meta name=\"twitter:creator\" content=\"@yucatanencorto\" \/>\n<meta name=\"twitter:site\" content=\"@yucatanencorto\" \/>\n<meta name=\"twitter:label1\" content=\"Escrito por\" \/>\n\t<meta name=\"twitter:data1\" content=\"Yucat\u00e1n en Corto\" \/>\n\t<meta name=\"twitter:label2\" content=\"Tiempo de lectura\" \/>\n\t<meta name=\"twitter:data2\" content=\"5 minutos\" \/>\n<script type=\"application\/ld+json\" class=\"yoast-schema-graph\">{\"@context\":\"https:\\\/\\\/schema.org\",\"@graph\":[{\"@type\":\"Article\",\"@id\":\"https:\\\/\\\/www.yucatanencorto.com\\\/noticias\\\/se-han-recolectaron-1-mil-180-toneladas-de-residuos-en-150-puntos-visitados-en-colonias-y-comisarias\\\/#article\",\"isPartOf\":{\"@id\":\"https:\\\/\\\/www.yucatanencorto.com\\\/noticias\\\/se-han-recolectaron-1-mil-180-toneladas-de-residuos-en-150-puntos-visitados-en-colonias-y-comisarias\\\/\"},\"author\":{\"name\":\"Yucat\u00e1n en Corto\",\"@id\":\"https:\\\/\\\/www.yucatanencorto.com\\\/noticias\\\/#\\\/schema\\\/person\\\/f0ec40c33447bbc0dc2d01d3006de771\"},\"headline\":\"Se han recolectaron 1 mil 180 toneladas de residuos en 150 puntos visitados en colonias y comisar\u00edas\",\"datePublished\":\"2025-09-16T01:41:18+00:00\",\"dateModified\":\"2025-09-16T01:41:30+00:00\",\"mainEntityOfPage\":{\"@id\":\"https:\\\/\\\/www.yucatanencorto.com\\\/noticias\\\/se-han-recolectaron-1-mil-180-toneladas-de-residuos-en-150-puntos-visitados-en-colonias-y-comisarias\\\/\"},\"wordCount\":950,\"image\":{\"@id\":\"https:\\\/\\\/www.yucatanencorto.com\\\/noticias\\\/se-han-recolectaron-1-mil-180-toneladas-de-residuos-en-150-puntos-visitados-en-colonias-y-comisarias\\\/#primaryimage\"},\"thumbnailUrl\":\"https:\\\/\\\/www.yucatanencorto.com\\\/noticias\\\/wp-content\\\/uploads\\\/2025\\\/09\\\/WhatsApp-Image-2025-09-15-at-18.16.13-2-scaled.jpeg\",\"articleSection\":[\"Yucat\u00e1n\"],\"inLanguage\":\"es\"},{\"@type\":\"WebPage\",\"@id\":\"https:\\\/\\\/www.yucatanencorto.com\\\/noticias\\\/se-han-recolectaron-1-mil-180-toneladas-de-residuos-en-150-puntos-visitados-en-colonias-y-comisarias\\\/\",\"url\":\"https:\\\/\\\/www.yucatanencorto.com\\\/noticias\\\/se-han-recolectaron-1-mil-180-toneladas-de-residuos-en-150-puntos-visitados-en-colonias-y-comisarias\\\/\",\"name\":\"Se han recolectaron 1 mil 180 toneladas de residuos en 150 puntos visitados en colonias y comisar\u00edas - Yucat\u00e1n en corto\",\"isPartOf\":{\"@id\":\"https:\\\/\\\/www.yucatanencorto.com\\\/noticias\\\/#website\"},\"primaryImageOfPage\":{\"@id\":\"https:\\\/\\\/www.yucatanencorto.com\\\/noticias\\\/se-han-recolectaron-1-mil-180-toneladas-de-residuos-en-150-puntos-visitados-en-colonias-y-comisarias\\\/#primaryimage\"},\"image\":{\"@id\":\"https:\\\/\\\/www.yucatanencorto.com\\\/noticias\\\/se-han-recolectaron-1-mil-180-toneladas-de-residuos-en-150-puntos-visitados-en-colonias-y-comisarias\\\/#primaryimage\"},\"thumbnailUrl\":\"https:\\\/\\\/www.yucatanencorto.com\\\/noticias\\\/wp-content\\\/uploads\\\/2025\\\/09\\\/WhatsApp-Image-2025-09-15-at-18.16.13-2-scaled.jpeg\",\"datePublished\":\"2025-09-16T01:41:18+00:00\",\"dateModified\":\"2025-09-16T01:41:30+00:00\",\"author\":{\"@id\":\"https:\\\/\\\/www.yucatanencorto.com\\\/noticias\\\/#\\\/schema\\\/person\\\/f0ec40c33447bbc0dc2d01d3006de771\"},\"breadcrumb\":{\"@id\":\"https:\\\/\\\/www.yucatanencorto.com\\\/noticias\\\/se-han-recolectaron-1-mil-180-toneladas-de-residuos-en-150-puntos-visitados-en-colonias-y-comisarias\\\/#breadcrumb\"},\"inLanguage\":\"es\",\"potentialAction\":[{\"@type\":\"ReadAction\",\"target\":[\"https:\\\/\\\/www.yucatanencorto.com\\\/noticias\\\/se-han-recolectaron-1-mil-180-toneladas-de-residuos-en-150-puntos-visitados-en-colonias-y-comisarias\\\/\"]}]},{\"@type\":\"ImageObject\",\"inLanguage\":\"es\",\"@id\":\"https:\\\/\\\/www.yucatanencorto.com\\\/noticias\\\/se-han-recolectaron-1-mil-180-toneladas-de-residuos-en-150-puntos-visitados-en-colonias-y-comisarias\\\/#primaryimage\",\"url\":\"https:\\\/\\\/www.yucatanencorto.com\\\/noticias\\\/wp-content\\\/uploads\\\/2025\\\/09\\\/WhatsApp-Image-2025-09-15-at-18.16.13-2-scaled.jpeg\",\"contentUrl\":\"https:\\\/\\\/www.yucatanencorto.com\\\/noticias\\\/wp-content\\\/uploads\\\/2025\\\/09\\\/WhatsApp-Image-2025-09-15-at-18.16.13-2-scaled.jpeg\",\"width\":768,\"height\":512},{\"@type\":\"BreadcrumbList\",\"@id\":\"https:\\\/\\\/www.yucatanencorto.com\\\/noticias\\\/se-han-recolectaron-1-mil-180-toneladas-de-residuos-en-150-puntos-visitados-en-colonias-y-comisarias\\\/#breadcrumb\",\"itemListElement\":[{\"@type\":\"ListItem\",\"position\":1,\"name\":\"Portada\",\"item\":\"https:\\\/\\\/www.yucatanencorto.com\\\/noticias\\\/\"},{\"@type\":\"ListItem\",\"position\":2,\"name\":\"Se han recolectaron 1 mil 180 toneladas de residuos en 150 puntos visitados en colonias y comisar\u00edas\"}]},{\"@type\":\"WebSite\",\"@id\":\"https:\\\/\\\/www.yucatanencorto.com\\\/noticias\\\/#website\",\"url\":\"https:\\\/\\\/www.yucatanencorto.com\\\/noticias\\\/\",\"name\":\"Yucat\u00e1n en corto\",\"description\":\"Noticias\",\"potentialAction\":[{\"@type\":\"SearchAction\",\"target\":{\"@type\":\"EntryPoint\",\"urlTemplate\":\"https:\\\/\\\/www.yucatanencorto.com\\\/noticias\\\/?s={search_term_string}\"},\"query-input\":{\"@type\":\"PropertyValueSpecification\",\"valueRequired\":true,\"valueName\":\"search_term_string\"}}],\"inLanguage\":\"es\"},{\"@type\":\"Person\",\"@id\":\"https:\\\/\\\/www.yucatanencorto.com\\\/noticias\\\/#\\\/schema\\\/person\\\/f0ec40c33447bbc0dc2d01d3006de771\",\"name\":\"Yucat\u00e1n en Corto\",\"image\":{\"@type\":\"ImageObject\",\"inLanguage\":\"es\",\"@id\":\"https:\\\/\\\/secure.gravatar.com\\\/avatar\\\/20e0a6b626f38fa8e545fb3f80ce566efd790bf8877e65c3a482460cc3e0b5d1?s=96&d=mm&r=g\",\"url\":\"https:\\\/\\\/secure.gravatar.com\\\/avatar\\\/20e0a6b626f38fa8e545fb3f80ce566efd790bf8877e65c3a482460cc3e0b5d1?s=96&d=mm&r=g\",\"contentUrl\":\"https:\\\/\\\/secure.gravatar.com\\\/avatar\\\/20e0a6b626f38fa8e545fb3f80ce566efd790bf8877e65c3a482460cc3e0b5d1?s=96&d=mm&r=g\",\"caption\":\"Yucat\u00e1n en Corto\"},\"url\":\"https:\\\/\\\/www.yucatanencorto.com\\\/noticias\\\/author\\\/editor25\\\/\"}]}<\/script>\n<!-- \/ Yoast SEO plugin. -->","yoast_head_json":{"title":"Se han recolectaron 1 mil 180 toneladas de residuos en 150 puntos visitados en colonias y comisar\u00edas - Yucat\u00e1n en corto","robots":{"index":"index","follow":"follow","max-snippet":"max-snippet:-1","max-image-preview":"max-image-preview:large","max-video-preview":"max-video-preview:-1"},"canonical":"https:\/\/www.yucatanencorto.com\/noticias\/se-han-recolectaron-1-mil-180-toneladas-de-residuos-en-150-puntos-visitados-en-colonias-y-comisarias\/","og_locale":"es_ES","og_type":"article","og_title":"Se han recolectaron 1 mil 180 toneladas de residuos en 150 puntos visitados en colonias y comisar\u00edas - Yucat\u00e1n en corto","og_description":"M\u00e9rida, Yucat\u00e1n, lunes 15 de septiembre de 2025.- M\u00e1s de 2 mil 500 toneladas de desechos se han sacado de las calles mediante el programa M\u00e9rida Limpia, que implement\u00f3 el Ayuntamiento de M\u00e9rida que encabeza la presidenta municipal Cecilia Patr\u00f3n Laviada. \u201cLa pol\u00edtica p\u00fablica para gesti\u00f3n y manejo de residuos involucra la participaci\u00f3n de vecinas [&hellip;]","og_url":"https:\/\/www.yucatanencorto.com\/noticias\/se-han-recolectaron-1-mil-180-toneladas-de-residuos-en-150-puntos-visitados-en-colonias-y-comisarias\/","og_site_name":"Yucat\u00e1n en corto","article_publisher":"http:\/\/www.facebook.com\/yucatanencorto","article_published_time":"2025-09-16T01:41:18+00:00","article_modified_time":"2025-09-16T01:41:30+00:00","og_image":[{"width":768,"height":512,"url":"https:\/\/www.yucatanencorto.com\/noticias\/wp-content\/uploads\/2025\/09\/WhatsApp-Image-2025-09-15-at-18.16.13-2-scaled.jpeg","type":"image\/jpeg"}],"author":"Yucat\u00e1n en Corto","twitter_card":"summary_large_image","twitter_creator":"@yucatanencorto","twitter_site":"@yucatanencorto","twitter_misc":{"Escrito por":"Yucat\u00e1n en Corto","Tiempo de lectura":"5 minutos"},"schema":{"@context":"https:\/\/schema.org","@graph":[{"@type":"Article","@id":"https:\/\/www.yucatanencorto.com\/noticias\/se-han-recolectaron-1-mil-180-toneladas-de-residuos-en-150-puntos-visitados-en-colonias-y-comisarias\/#article","isPartOf":{"@id":"https:\/\/www.yucatanencorto.com\/noticias\/se-han-recolectaron-1-mil-180-toneladas-de-residuos-en-150-puntos-visitados-en-colonias-y-comisarias\/"},"author":{"name":"Yucat\u00e1n en Corto","@id":"https:\/\/www.yucatanencorto.com\/noticias\/#\/schema\/person\/f0ec40c33447bbc0dc2d01d3006de771"},"headline":"Se han recolectaron 1 mil 180 toneladas de residuos en 150 puntos visitados en colonias y comisar\u00edas","datePublished":"2025-09-16T01:41:18+00:00","dateModified":"2025-09-16T01:41:30+00:00","mainEntityOfPage":{"@id":"https:\/\/www.yucatanencorto.com\/noticias\/se-han-recolectaron-1-mil-180-toneladas-de-residuos-en-150-puntos-visitados-en-colonias-y-comisarias\/"},"wordCount":950,"image":{"@id":"https:\/\/www.yucatanencorto.com\/noticias\/se-han-recolectaron-1-mil-180-toneladas-de-residuos-en-150-puntos-visitados-en-colonias-y-comisarias\/#primaryimage"},"thumbnailUrl":"https:\/\/www.yucatanencorto.com\/noticias\/wp-content\/uploads\/2025\/09\/WhatsApp-Image-2025-09-15-at-18.16.13-2-scaled.jpeg","articleSection":["Yucat\u00e1n"],"inLanguage":"es"},{"@type":"WebPage","@id":"https:\/\/www.yucatanencorto.com\/noticias\/se-han-recolectaron-1-mil-180-toneladas-de-residuos-en-150-puntos-visitados-en-colonias-y-comisarias\/","url":"https:\/\/www.yucatanencorto.com\/noticias\/se-han-recolectaron-1-mil-180-toneladas-de-residuos-en-150-puntos-visitados-en-colonias-y-comisarias\/","name":"Se han recolectaron 1 mil 180 toneladas de residuos en 150 puntos visitados en colonias y comisar\u00edas - Yucat\u00e1n en corto","isPartOf":{"@id":"https:\/\/www.yucatanencorto.com\/noticias\/#website"},"primaryImageOfPage":{"@id":"https:\/\/www.yucatanencorto.com\/noticias\/se-han-recolectaron-1-mil-180-toneladas-de-residuos-en-150-puntos-visitados-en-colonias-y-comisarias\/#primaryimage"},"image":{"@id":"https:\/\/www.yucatanencorto.com\/noticias\/se-han-recolectaron-1-mil-180-toneladas-de-residuos-en-150-puntos-visitados-en-colonias-y-comisarias\/#primaryimage"},"thumbnailUrl":"https:\/\/www.yucatanencorto.com\/noticias\/wp-content\/uploads\/2025\/09\/WhatsApp-Image-2025-09-15-at-18.16.13-2-scaled.jpeg","datePublished":"2025-09-16T01:41:18+00:00","dateModified":"2025-09-16T01:41:30+00:00","author":{"@id":"https:\/\/www.yucatanencorto.com\/noticias\/#\/schema\/person\/f0ec40c33447bbc0dc2d01d3006de771"},"breadcrumb":{"@id":"https:\/\/www.yucatanencorto.com\/noticias\/se-han-recolectaron-1-mil-180-toneladas-de-residuos-en-150-puntos-visitados-en-colonias-y-comisarias\/#breadcrumb"},"inLanguage":"es","potentialAction":[{"@type":"ReadAction","target":["https:\/\/www.yucatanencorto.com\/noticias\/se-han-recolectaron-1-mil-180-toneladas-de-residuos-en-150-puntos-visitados-en-colonias-y-comisarias\/"]}]},{"@type":"ImageObject","inLanguage":"es","@id":"https:\/\/www.yucatanencorto.com\/noticias\/se-han-recolectaron-1-mil-180-toneladas-de-residuos-en-150-puntos-visitados-en-colonias-y-comisarias\/#primaryimage","url":"https:\/\/www.yucatanencorto.com\/noticias\/wp-content\/uploads\/2025\/09\/WhatsApp-Image-2025-09-15-at-18.16.13-2-scaled.jpeg","contentUrl":"https:\/\/www.yucatanencorto.com\/noticias\/wp-content\/uploads\/2025\/09\/WhatsApp-Image-2025-09-15-at-18.16.13-2-scaled.jpeg","width":768,"height":512},{"@type":"BreadcrumbList","@id":"https:\/\/www.yucatanencorto.com\/noticias\/se-han-recolectaron-1-mil-180-toneladas-de-residuos-en-150-puntos-visitados-en-colonias-y-comisarias\/#breadcrumb","itemListElement":[{"@type":"ListItem","position":1,"name":"Portada","item":"https:\/\/www.yucatanencorto.com\/noticias\/"},{"@type":"ListItem","position":2,"name":"Se han recolectaron 1 mil 180 toneladas de residuos en 150 puntos visitados en colonias y comisar\u00edas"}]},{"@type":"WebSite","@id":"https:\/\/www.yucatanencorto.com\/noticias\/#website","url":"https:\/\/www.yucatanencorto.com\/noticias\/","name":"Yucat\u00e1n en corto","description":"Noticias","potentialAction":[{"@type":"SearchAction","target":{"@type":"EntryPoint","urlTemplate":"https:\/\/www.yucatanencorto.com\/noticias\/?s={search_term_string}"},"query-input":{"@type":"PropertyValueSpecification","valueRequired":true,"valueName":"search_term_string"}}],"inLanguage":"es"},{"@type":"Person","@id":"https:\/\/www.yucatanencorto.com\/noticias\/#\/schema\/person\/f0ec40c33447bbc0dc2d01d3006de771","name":"Yucat\u00e1n en Corto","image":{"@type":"ImageObject","inLanguage":"es","@id":"https:\/\/secure.gravatar.com\/avatar\/20e0a6b626f38fa8e545fb3f80ce566efd790bf8877e65c3a482460cc3e0b5d1?s=96&d=mm&r=g","url":"https:\/\/secure.gravatar.com\/avatar\/20e0a6b626f38fa8e545fb3f80ce566efd790bf8877e65c3a482460cc3e0b5d1?s=96&d=mm&r=g","contentUrl":"https:\/\/secure.gravatar.com\/avatar\/20e0a6b626f38fa8e545fb3f80ce566efd790bf8877e65c3a482460cc3e0b5d1?s=96&d=mm&r=g","caption":"Yucat\u00e1n en Corto"},"url":"https:\/\/www.yucatanencorto.com\/noticias\/author\/editor25\/"}]}},"_links":{"self":[{"href":"https:\/\/www.yucatanencorto.com\/noticias\/wp-json\/wp\/v2\/posts\/115805","targetHints":{"allow":["GET"]}}],"collection":[{"href":"https:\/\/www.yucatanencorto.com\/noticias\/wp-json\/wp\/v2\/posts"}],"about":[{"href":"https:\/\/www.yucatanencorto.com\/noticias\/wp-json\/wp\/v2\/types\/post"}],"author":[{"embeddable":true,"href":"https:\/\/www.yucatanencorto.com\/noticias\/wp-json\/wp\/v2\/users\/4"}],"replies":[{"embeddable":true,"href":"https:\/\/www.yucatanencorto.com\/noticias\/wp-json\/wp\/v2\/comments?post=115805"}],"version-history":[{"count":1,"href":"https:\/\/www.yucatanencorto.com\/noticias\/wp-json\/wp\/v2\/posts\/115805\/revisions"}],"predecessor-version":[{"id":115807,"href":"https:\/\/www.yucatanencorto.com\/noticias\/wp-json\/wp\/v2\/posts\/115805\/revisions\/115807"}],"wp:featuredmedia":[{"embeddable":true,"href":"https:\/\/www.yucatanencorto.com\/noticias\/wp-json\/wp\/v2\/media\/115806"}],"wp:attachment":[{"href":"https:\/\/www.yucatanencorto.com\/noticias\/wp-json\/wp\/v2\/media?parent=115805"}],"wp:term":[{"taxonomy":"category","embeddable":true,"href":"https:\/\/www.yucatanencorto.com\/noticias\/wp-json\/wp\/v2\/categories?post=115805"},{"taxonomy":"post_tag","embeddable":true,"href":"https:\/\/www.yucatanencorto.com\/noticias\/wp-json\/wp\/v2\/tags?post=115805"}],"curies":[{"name":"wp","href":"https:\/\/api.w.org\/{rel}","templated":true}]}}