{"id":115808,"date":"2025-09-17T13:48:18","date_gmt":"2025-09-17T19:48:18","guid":{"rendered":"https:\/\/www.yucatanencorto.com\/noticias\/?p=115808"},"modified":"2025-09-17T13:48:18","modified_gmt":"2025-09-17T19:48:18","slug":"madre-dejo-que-caimanes-mataran-a-su-hijo-con-autismo-tenia-12-anos","status":"publish","type":"post","link":"https:\/\/www.yucatanencorto.com\/noticias\/madre-dejo-que-caimanes-mataran-a-su-hijo-con-autismo-tenia-12-anos\/","title":{"rendered":"Madre dej\u00f3 que caimanes mataran a su hijo con autismo, ten\u00eda 12 a\u00f1os"},"content":{"rendered":"<p data-t=\"{&quot;n&quot;:&quot;blueLinks&quot;,&quot;t&quot;:13,&quot;a&quot;:&quot;click&quot;,&quot;b&quot;:76}\"><img loading=\"lazy\" decoding=\"async\" class=\"alignnone size-full wp-image-115809\" src=\"https:\/\/www.yucatanencorto.com\/noticias\/wp-content\/uploads\/2025\/09\/AA1MKFX2.jpeg\" alt=\"\" width=\"768\" height=\"433\" srcset=\"https:\/\/www.yucatanencorto.com\/noticias\/wp-content\/uploads\/2025\/09\/AA1MKFX2.jpeg 768w, https:\/\/www.yucatanencorto.com\/noticias\/wp-content\/uploads\/2025\/09\/AA1MKFX2-150x85.jpeg 150w, https:\/\/www.yucatanencorto.com\/noticias\/wp-content\/uploads\/2025\/09\/AA1MKFX2-300x169.jpeg 300w, https:\/\/www.yucatanencorto.com\/noticias\/wp-content\/uploads\/2025\/09\/AA1MKFX2-696x392.jpeg 696w\" sizes=\"auto, (max-width: 768px) 100vw, 768px\" \/><\/p>\n<p data-t=\"{&quot;n&quot;:&quot;blueLinks&quot;,&quot;t&quot;:13,&quot;a&quot;:&quot;click&quot;,&quot;b&quot;:76}\">Autoridades de Estados Unidos investigan a\u00a0Hilda V\u00e1squez, una mujer de 34 a\u00f1os residente en Nueva Orleans, tras la muerte de su hijo menor, Bryan, de 12 a\u00f1os.<\/p>\n<p data-t=\"{&quot;n&quot;:&quot;blueLinks&quot;,&quot;t&quot;:13,&quot;a&quot;:&quot;click&quot;,&quot;b&quot;:76}\">Seg\u00fan los informes oficiales,\u00a0la madre habr\u00eda permitido que caimanes atacaran al menor, quien fue hallado sin vida en una laguna cercana a su hogar.<\/p>\n<div class=\"intra-article-module\" data-t=\"{&quot;n&quot;:&quot;intraArticle&quot;,&quot;t&quot;:13}\"><\/div>\n<p data-t=\"{&quot;n&quot;:&quot;blueLinks&quot;,&quot;t&quot;:13,&quot;a&quot;:&quot;click&quot;,&quot;b&quot;:76}\">El caso comenz\u00f3 el\u00a026 de agosto, cuando la polic\u00eda recibi\u00f3 el reporte del hallazgo del cuerpo de Bryan. El ni\u00f1o, quien ten\u00eda autismo, hab\u00eda desaparecido\u00a0dos semanas antes, luego de salir por la ventana de su habitaci\u00f3n durante la madrugada.<\/p>\n<p data-t=\"{&quot;n&quot;:&quot;blueLinks&quot;,&quot;t&quot;:13,&quot;a&quot;:&quot;click&quot;,&quot;b&quot;:76}\">Im\u00e1genes de vigilancia lo mostraron cerca de una laguna, lo que inici\u00f3 una intensa b\u00fasqueda que incluy\u00f3 la participaci\u00f3n de la\u00a0Marina Cajun Unida, buzos voluntarios y vecinos de la zona. Finalmente,\u00a0un dron ayud\u00f3 a localizar el cuerpo sumergido\u00a0mientras varios caimanes rondaban el \u00e1rea.<\/p>\n<p data-t=\"{&quot;n&quot;:&quot;blueLinks&quot;,&quot;t&quot;:13,&quot;a&quot;:&quot;click&quot;,&quot;b&quot;:76}\">Los rescatistas se\u00f1alaron que los reptiles, de entre\u00a0seis y diez pies de largo, parec\u00edan retener el cuerpo bajo el agua, haciendo que el rescate fuera arriesgado y doloroso.<\/p>\n<h2 class=\"article-sub-heading\">Historial de negligencia y nuevas acusaciones<\/h2>\n<p data-t=\"{&quot;n&quot;:&quot;blueLinks&quot;,&quot;t&quot;:13,&quot;a&quot;:&quot;click&quot;,&quot;b&quot;:76}\">Documentos judiciales revelaron que\u00a0Hilda V\u00e1squez\u00a0ya ten\u00eda un historial de abuso y negligencia. En\u00a02014, Bryan sufri\u00f3 fracturas de cr\u00e1neo y piernas cuando era apenas un beb\u00e9, lo que gener\u00f3 investigaciones del\u00a0Departamento de Servicios para Ni\u00f1os y Familias (DCFS).<\/p>\n<p data-t=\"{&quot;n&quot;:&quot;blueLinks&quot;,&quot;t&quot;:13,&quot;a&quot;:&quot;click&quot;,&quot;b&quot;:76}\">A pesar de estos antecedentes, V\u00e1squez mantuvo la custodia de sus hijos. En\u00a0julio de este a\u00f1o, pruebas recientes detectaron\u00a0coca\u00edna en la madre y su beb\u00e9 reci\u00e9n nacido, lo que llev\u00f3 a la fiscal\u00eda a calificarla como \u201cun peligro para la sociedad y para sus propios hijos\u201d.<\/p>\n<div class=\"intra-article-module\" data-t=\"{&quot;n&quot;:&quot;intraArticle&quot;,&quot;t&quot;:13}\"><\/div>\n<p class=\"continue-read-break\" data-t=\"{&quot;n&quot;:&quot;blueLinks&quot;,&quot;t&quot;:13,&quot;a&quot;:&quot;click&quot;,&quot;b&quot;:76}\">En la audiencia m\u00e1s reciente, los fiscales solicitaron que V\u00e1squez permanezca\u00a0detenida sin derecho a fianza, argumentando que sus acciones no solo provocaron la muerte de Bryan, sino que tambi\u00e9n pusieron en riesgo a sus otros hijos.<\/p>\n<p data-t=\"{&quot;n&quot;:&quot;blueLinks&quot;,&quot;t&quot;:13,&quot;a&quot;:&quot;click&quot;,&quot;b&quot;:76}\">El juez\u00a0Jonathan Friedman\u00a0orden\u00f3 que la mujer permanezca bajo custodia y alejada de sus tres hijos sobrevivientes. En su contra se investigan\u00a0cargos de homicidio por negligencia y crueldad en segundo grado hacia un menor.<\/p>\n<p data-t=\"{&quot;n&quot;:&quot;blueLinks&quot;,&quot;t&quot;:13,&quot;a&quot;:&quot;click&quot;,&quot;b&quot;:76}\">Seg\u00fan el Heraldo de M\u00e9xico, Bryan era un ni\u00f1o autista que no hablaba y que sol\u00eda escaparse de casa con frecuencia. La madrugada del\u00a014 de agosto, sali\u00f3 por la ventana de su cuarto y fue visto cerca de la laguna. No se report\u00f3 su desaparici\u00f3n hasta varias horas despu\u00e9s, alrededor de las 10:20 de la ma\u00f1ana.<\/p>\n<p data-t=\"{&quot;n&quot;:&quot;blueLinks&quot;,&quot;t&quot;:13,&quot;a&quot;:&quot;click&quot;,&quot;b&quot;:76}\">Por seguridad, el\u00a0Departamento de Vida Silvestre y Pesca de Luisiana\u00a0retir\u00f3 a los caimanes de la laguna donde fue encontrado el ni\u00f1o.<\/p>\n","protected":false},"excerpt":{"rendered":"<p>Autoridades de Estados Unidos investigan a\u00a0Hilda V\u00e1squez, una mujer de 34 a\u00f1os residente en Nueva Orleans, tras la muerte de su hijo menor, Bryan, de 12 a\u00f1os. Seg\u00fan los informes oficiales,\u00a0la madre habr\u00eda permitido que caimanes atacaran al menor, quien fue hallado sin vida en una laguna cercana a su hogar. El caso comenz\u00f3 el\u00a026 [&hellip;]<\/p>\n","protected":false},"author":4,"featured_media":0,"comment_status":"closed","ping_status":"closed","sticky":false,"template":"","format":"standard","meta":{"footnotes":""},"categories":[4],"tags":[],"class_list":{"0":"post-115808","1":"post","2":"type-post","3":"status-publish","4":"format-standard","6":"category-mexico"},"yoast_head":"<!-- This site is optimized with the Yoast SEO plugin v27.4 - https:\/\/yoast.com\/product\/yoast-seo-wordpress\/ -->\n<title>Madre dej\u00f3 que caimanes mataran a su hijo con autismo, ten\u00eda 12 a\u00f1os - Yucat\u00e1n en corto<\/title>\n<meta name=\"robots\" content=\"index, follow, max-snippet:-1, max-image-preview:large, max-video-preview:-1\" \/>\n<link rel=\"canonical\" href=\"https:\/\/www.yucatanencorto.com\/noticias\/madre-dejo-que-caimanes-mataran-a-su-hijo-con-autismo-tenia-12-anos\/\" \/>\n<meta property=\"og:locale\" content=\"es_ES\" \/>\n<meta property=\"og:type\" content=\"article\" \/>\n<meta property=\"og:title\" content=\"Madre dej\u00f3 que caimanes mataran a su hijo con autismo, ten\u00eda 12 a\u00f1os - Yucat\u00e1n en corto\" \/>\n<meta property=\"og:description\" content=\"Autoridades de Estados Unidos investigan a\u00a0Hilda V\u00e1squez, una mujer de 34 a\u00f1os residente en Nueva Orleans, tras la muerte de su hijo menor, Bryan, de 12 a\u00f1os. Seg\u00fan los informes oficiales,\u00a0la madre habr\u00eda permitido que caimanes atacaran al menor, quien fue hallado sin vida en una laguna cercana a su hogar. El caso comenz\u00f3 el\u00a026 [&hellip;]\" \/>\n<meta property=\"og:url\" content=\"https:\/\/www.yucatanencorto.com\/noticias\/madre-dejo-que-caimanes-mataran-a-su-hijo-con-autismo-tenia-12-anos\/\" \/>\n<meta property=\"og:site_name\" content=\"Yucat\u00e1n en corto\" \/>\n<meta property=\"article:publisher\" content=\"http:\/\/www.facebook.com\/yucatanencorto\" \/>\n<meta property=\"article:published_time\" content=\"2025-09-17T19:48:18+00:00\" \/>\n<meta property=\"og:image\" content=\"https:\/\/www.yucatanencorto.com\/noticias\/wp-content\/uploads\/2025\/09\/AA1MKFX2.jpeg\" \/>\n\t<meta property=\"og:image:width\" content=\"768\" \/>\n\t<meta property=\"og:image:height\" content=\"433\" \/>\n\t<meta property=\"og:image:type\" content=\"image\/jpeg\" \/>\n<meta name=\"author\" content=\"Yucat\u00e1n en Corto\" \/>\n<meta name=\"twitter:card\" content=\"summary_large_image\" \/>\n<meta name=\"twitter:creator\" content=\"@yucatanencorto\" \/>\n<meta name=\"twitter:site\" content=\"@yucatanencorto\" \/>\n<meta name=\"twitter:label1\" content=\"Escrito por\" \/>\n\t<meta name=\"twitter:data1\" content=\"Yucat\u00e1n en Corto\" \/>\n\t<meta name=\"twitter:label2\" content=\"Tiempo de lectura\" \/>\n\t<meta name=\"twitter:data2\" content=\"3 minutos\" \/>\n<script type=\"application\/ld+json\" class=\"yoast-schema-graph\">{\"@context\":\"https:\\\/\\\/schema.org\",\"@graph\":[{\"@type\":\"Article\",\"@id\":\"https:\\\/\\\/www.yucatanencorto.com\\\/noticias\\\/madre-dejo-que-caimanes-mataran-a-su-hijo-con-autismo-tenia-12-anos\\\/#article\",\"isPartOf\":{\"@id\":\"https:\\\/\\\/www.yucatanencorto.com\\\/noticias\\\/madre-dejo-que-caimanes-mataran-a-su-hijo-con-autismo-tenia-12-anos\\\/\"},\"author\":{\"name\":\"Yucat\u00e1n en Corto\",\"@id\":\"https:\\\/\\\/www.yucatanencorto.com\\\/noticias\\\/#\\\/schema\\\/person\\\/f0ec40c33447bbc0dc2d01d3006de771\"},\"headline\":\"Madre dej\u00f3 que caimanes mataran a su hijo con autismo, ten\u00eda 12 a\u00f1os\",\"datePublished\":\"2025-09-17T19:48:18+00:00\",\"mainEntityOfPage\":{\"@id\":\"https:\\\/\\\/www.yucatanencorto.com\\\/noticias\\\/madre-dejo-que-caimanes-mataran-a-su-hijo-con-autismo-tenia-12-anos\\\/\"},\"wordCount\":460,\"image\":{\"@id\":\"https:\\\/\\\/www.yucatanencorto.com\\\/noticias\\\/madre-dejo-que-caimanes-mataran-a-su-hijo-con-autismo-tenia-12-anos\\\/#primaryimage\"},\"thumbnailUrl\":\"https:\\\/\\\/www.yucatanencorto.com\\\/noticias\\\/wp-content\\\/uploads\\\/2025\\\/09\\\/AA1MKFX2.jpeg\",\"articleSection\":[\"M\u00e9xico\"],\"inLanguage\":\"es\"},{\"@type\":\"WebPage\",\"@id\":\"https:\\\/\\\/www.yucatanencorto.com\\\/noticias\\\/madre-dejo-que-caimanes-mataran-a-su-hijo-con-autismo-tenia-12-anos\\\/\",\"url\":\"https:\\\/\\\/www.yucatanencorto.com\\\/noticias\\\/madre-dejo-que-caimanes-mataran-a-su-hijo-con-autismo-tenia-12-anos\\\/\",\"name\":\"Madre dej\u00f3 que caimanes mataran a su hijo con autismo, ten\u00eda 12 a\u00f1os - Yucat\u00e1n en corto\",\"isPartOf\":{\"@id\":\"https:\\\/\\\/www.yucatanencorto.com\\\/noticias\\\/#website\"},\"primaryImageOfPage\":{\"@id\":\"https:\\\/\\\/www.yucatanencorto.com\\\/noticias\\\/madre-dejo-que-caimanes-mataran-a-su-hijo-con-autismo-tenia-12-anos\\\/#primaryimage\"},\"image\":{\"@id\":\"https:\\\/\\\/www.yucatanencorto.com\\\/noticias\\\/madre-dejo-que-caimanes-mataran-a-su-hijo-con-autismo-tenia-12-anos\\\/#primaryimage\"},\"thumbnailUrl\":\"https:\\\/\\\/www.yucatanencorto.com\\\/noticias\\\/wp-content\\\/uploads\\\/2025\\\/09\\\/AA1MKFX2.jpeg\",\"datePublished\":\"2025-09-17T19:48:18+00:00\",\"author\":{\"@id\":\"https:\\\/\\\/www.yucatanencorto.com\\\/noticias\\\/#\\\/schema\\\/person\\\/f0ec40c33447bbc0dc2d01d3006de771\"},\"breadcrumb\":{\"@id\":\"https:\\\/\\\/www.yucatanencorto.com\\\/noticias\\\/madre-dejo-que-caimanes-mataran-a-su-hijo-con-autismo-tenia-12-anos\\\/#breadcrumb\"},\"inLanguage\":\"es\",\"potentialAction\":[{\"@type\":\"ReadAction\",\"target\":[\"https:\\\/\\\/www.yucatanencorto.com\\\/noticias\\\/madre-dejo-que-caimanes-mataran-a-su-hijo-con-autismo-tenia-12-anos\\\/\"]}]},{\"@type\":\"ImageObject\",\"inLanguage\":\"es\",\"@id\":\"https:\\\/\\\/www.yucatanencorto.com\\\/noticias\\\/madre-dejo-que-caimanes-mataran-a-su-hijo-con-autismo-tenia-12-anos\\\/#primaryimage\",\"url\":\"https:\\\/\\\/www.yucatanencorto.com\\\/noticias\\\/wp-content\\\/uploads\\\/2025\\\/09\\\/AA1MKFX2.jpeg\",\"contentUrl\":\"https:\\\/\\\/www.yucatanencorto.com\\\/noticias\\\/wp-content\\\/uploads\\\/2025\\\/09\\\/AA1MKFX2.jpeg\",\"width\":768,\"height\":433},{\"@type\":\"BreadcrumbList\",\"@id\":\"https:\\\/\\\/www.yucatanencorto.com\\\/noticias\\\/madre-dejo-que-caimanes-mataran-a-su-hijo-con-autismo-tenia-12-anos\\\/#breadcrumb\",\"itemListElement\":[{\"@type\":\"ListItem\",\"position\":1,\"name\":\"Portada\",\"item\":\"https:\\\/\\\/www.yucatanencorto.com\\\/noticias\\\/\"},{\"@type\":\"ListItem\",\"position\":2,\"name\":\"Madre dej\u00f3 que caimanes mataran a su hijo con autismo, ten\u00eda 12 a\u00f1os\"}]},{\"@type\":\"WebSite\",\"@id\":\"https:\\\/\\\/www.yucatanencorto.com\\\/noticias\\\/#website\",\"url\":\"https:\\\/\\\/www.yucatanencorto.com\\\/noticias\\\/\",\"name\":\"Yucat\u00e1n en corto\",\"description\":\"Noticias\",\"potentialAction\":[{\"@type\":\"SearchAction\",\"target\":{\"@type\":\"EntryPoint\",\"urlTemplate\":\"https:\\\/\\\/www.yucatanencorto.com\\\/noticias\\\/?s={search_term_string}\"},\"query-input\":{\"@type\":\"PropertyValueSpecification\",\"valueRequired\":true,\"valueName\":\"search_term_string\"}}],\"inLanguage\":\"es\"},{\"@type\":\"Person\",\"@id\":\"https:\\\/\\\/www.yucatanencorto.com\\\/noticias\\\/#\\\/schema\\\/person\\\/f0ec40c33447bbc0dc2d01d3006de771\",\"name\":\"Yucat\u00e1n en Corto\",\"image\":{\"@type\":\"ImageObject\",\"inLanguage\":\"es\",\"@id\":\"https:\\\/\\\/secure.gravatar.com\\\/avatar\\\/20e0a6b626f38fa8e545fb3f80ce566efd790bf8877e65c3a482460cc3e0b5d1?s=96&d=mm&r=g\",\"url\":\"https:\\\/\\\/secure.gravatar.com\\\/avatar\\\/20e0a6b626f38fa8e545fb3f80ce566efd790bf8877e65c3a482460cc3e0b5d1?s=96&d=mm&r=g\",\"contentUrl\":\"https:\\\/\\\/secure.gravatar.com\\\/avatar\\\/20e0a6b626f38fa8e545fb3f80ce566efd790bf8877e65c3a482460cc3e0b5d1?s=96&d=mm&r=g\",\"caption\":\"Yucat\u00e1n en Corto\"},\"url\":\"https:\\\/\\\/www.yucatanencorto.com\\\/noticias\\\/author\\\/editor25\\\/\"}]}<\/script>\n<!-- \/ Yoast SEO plugin. -->","yoast_head_json":{"title":"Madre dej\u00f3 que caimanes mataran a su hijo con autismo, ten\u00eda 12 a\u00f1os - Yucat\u00e1n en corto","robots":{"index":"index","follow":"follow","max-snippet":"max-snippet:-1","max-image-preview":"max-image-preview:large","max-video-preview":"max-video-preview:-1"},"canonical":"https:\/\/www.yucatanencorto.com\/noticias\/madre-dejo-que-caimanes-mataran-a-su-hijo-con-autismo-tenia-12-anos\/","og_locale":"es_ES","og_type":"article","og_title":"Madre dej\u00f3 que caimanes mataran a su hijo con autismo, ten\u00eda 12 a\u00f1os - Yucat\u00e1n en corto","og_description":"Autoridades de Estados Unidos investigan a\u00a0Hilda V\u00e1squez, una mujer de 34 a\u00f1os residente en Nueva Orleans, tras la muerte de su hijo menor, Bryan, de 12 a\u00f1os. Seg\u00fan los informes oficiales,\u00a0la madre habr\u00eda permitido que caimanes atacaran al menor, quien fue hallado sin vida en una laguna cercana a su hogar. El caso comenz\u00f3 el\u00a026 [&hellip;]","og_url":"https:\/\/www.yucatanencorto.com\/noticias\/madre-dejo-que-caimanes-mataran-a-su-hijo-con-autismo-tenia-12-anos\/","og_site_name":"Yucat\u00e1n en corto","article_publisher":"http:\/\/www.facebook.com\/yucatanencorto","article_published_time":"2025-09-17T19:48:18+00:00","og_image":[{"width":768,"height":433,"url":"https:\/\/www.yucatanencorto.com\/noticias\/wp-content\/uploads\/2025\/09\/AA1MKFX2.jpeg","type":"image\/jpeg"}],"author":"Yucat\u00e1n en Corto","twitter_card":"summary_large_image","twitter_creator":"@yucatanencorto","twitter_site":"@yucatanencorto","twitter_misc":{"Escrito por":"Yucat\u00e1n en Corto","Tiempo de lectura":"3 minutos"},"schema":{"@context":"https:\/\/schema.org","@graph":[{"@type":"Article","@id":"https:\/\/www.yucatanencorto.com\/noticias\/madre-dejo-que-caimanes-mataran-a-su-hijo-con-autismo-tenia-12-anos\/#article","isPartOf":{"@id":"https:\/\/www.yucatanencorto.com\/noticias\/madre-dejo-que-caimanes-mataran-a-su-hijo-con-autismo-tenia-12-anos\/"},"author":{"name":"Yucat\u00e1n en Corto","@id":"https:\/\/www.yucatanencorto.com\/noticias\/#\/schema\/person\/f0ec40c33447bbc0dc2d01d3006de771"},"headline":"Madre dej\u00f3 que caimanes mataran a su hijo con autismo, ten\u00eda 12 a\u00f1os","datePublished":"2025-09-17T19:48:18+00:00","mainEntityOfPage":{"@id":"https:\/\/www.yucatanencorto.com\/noticias\/madre-dejo-que-caimanes-mataran-a-su-hijo-con-autismo-tenia-12-anos\/"},"wordCount":460,"image":{"@id":"https:\/\/www.yucatanencorto.com\/noticias\/madre-dejo-que-caimanes-mataran-a-su-hijo-con-autismo-tenia-12-anos\/#primaryimage"},"thumbnailUrl":"https:\/\/www.yucatanencorto.com\/noticias\/wp-content\/uploads\/2025\/09\/AA1MKFX2.jpeg","articleSection":["M\u00e9xico"],"inLanguage":"es"},{"@type":"WebPage","@id":"https:\/\/www.yucatanencorto.com\/noticias\/madre-dejo-que-caimanes-mataran-a-su-hijo-con-autismo-tenia-12-anos\/","url":"https:\/\/www.yucatanencorto.com\/noticias\/madre-dejo-que-caimanes-mataran-a-su-hijo-con-autismo-tenia-12-anos\/","name":"Madre dej\u00f3 que caimanes mataran a su hijo con autismo, ten\u00eda 12 a\u00f1os - Yucat\u00e1n en corto","isPartOf":{"@id":"https:\/\/www.yucatanencorto.com\/noticias\/#website"},"primaryImageOfPage":{"@id":"https:\/\/www.yucatanencorto.com\/noticias\/madre-dejo-que-caimanes-mataran-a-su-hijo-con-autismo-tenia-12-anos\/#primaryimage"},"image":{"@id":"https:\/\/www.yucatanencorto.com\/noticias\/madre-dejo-que-caimanes-mataran-a-su-hijo-con-autismo-tenia-12-anos\/#primaryimage"},"thumbnailUrl":"https:\/\/www.yucatanencorto.com\/noticias\/wp-content\/uploads\/2025\/09\/AA1MKFX2.jpeg","datePublished":"2025-09-17T19:48:18+00:00","author":{"@id":"https:\/\/www.yucatanencorto.com\/noticias\/#\/schema\/person\/f0ec40c33447bbc0dc2d01d3006de771"},"breadcrumb":{"@id":"https:\/\/www.yucatanencorto.com\/noticias\/madre-dejo-que-caimanes-mataran-a-su-hijo-con-autismo-tenia-12-anos\/#breadcrumb"},"inLanguage":"es","potentialAction":[{"@type":"ReadAction","target":["https:\/\/www.yucatanencorto.com\/noticias\/madre-dejo-que-caimanes-mataran-a-su-hijo-con-autismo-tenia-12-anos\/"]}]},{"@type":"ImageObject","inLanguage":"es","@id":"https:\/\/www.yucatanencorto.com\/noticias\/madre-dejo-que-caimanes-mataran-a-su-hijo-con-autismo-tenia-12-anos\/#primaryimage","url":"https:\/\/www.yucatanencorto.com\/noticias\/wp-content\/uploads\/2025\/09\/AA1MKFX2.jpeg","contentUrl":"https:\/\/www.yucatanencorto.com\/noticias\/wp-content\/uploads\/2025\/09\/AA1MKFX2.jpeg","width":768,"height":433},{"@type":"BreadcrumbList","@id":"https:\/\/www.yucatanencorto.com\/noticias\/madre-dejo-que-caimanes-mataran-a-su-hijo-con-autismo-tenia-12-anos\/#breadcrumb","itemListElement":[{"@type":"ListItem","position":1,"name":"Portada","item":"https:\/\/www.yucatanencorto.com\/noticias\/"},{"@type":"ListItem","position":2,"name":"Madre dej\u00f3 que caimanes mataran a su hijo con autismo, ten\u00eda 12 a\u00f1os"}]},{"@type":"WebSite","@id":"https:\/\/www.yucatanencorto.com\/noticias\/#website","url":"https:\/\/www.yucatanencorto.com\/noticias\/","name":"Yucat\u00e1n en corto","description":"Noticias","potentialAction":[{"@type":"SearchAction","target":{"@type":"EntryPoint","urlTemplate":"https:\/\/www.yucatanencorto.com\/noticias\/?s={search_term_string}"},"query-input":{"@type":"PropertyValueSpecification","valueRequired":true,"valueName":"search_term_string"}}],"inLanguage":"es"},{"@type":"Person","@id":"https:\/\/www.yucatanencorto.com\/noticias\/#\/schema\/person\/f0ec40c33447bbc0dc2d01d3006de771","name":"Yucat\u00e1n en Corto","image":{"@type":"ImageObject","inLanguage":"es","@id":"https:\/\/secure.gravatar.com\/avatar\/20e0a6b626f38fa8e545fb3f80ce566efd790bf8877e65c3a482460cc3e0b5d1?s=96&d=mm&r=g","url":"https:\/\/secure.gravatar.com\/avatar\/20e0a6b626f38fa8e545fb3f80ce566efd790bf8877e65c3a482460cc3e0b5d1?s=96&d=mm&r=g","contentUrl":"https:\/\/secure.gravatar.com\/avatar\/20e0a6b626f38fa8e545fb3f80ce566efd790bf8877e65c3a482460cc3e0b5d1?s=96&d=mm&r=g","caption":"Yucat\u00e1n en Corto"},"url":"https:\/\/www.yucatanencorto.com\/noticias\/author\/editor25\/"}]}},"_links":{"self":[{"href":"https:\/\/www.yucatanencorto.com\/noticias\/wp-json\/wp\/v2\/posts\/115808","targetHints":{"allow":["GET"]}}],"collection":[{"href":"https:\/\/www.yucatanencorto.com\/noticias\/wp-json\/wp\/v2\/posts"}],"about":[{"href":"https:\/\/www.yucatanencorto.com\/noticias\/wp-json\/wp\/v2\/types\/post"}],"author":[{"embeddable":true,"href":"https:\/\/www.yucatanencorto.com\/noticias\/wp-json\/wp\/v2\/users\/4"}],"replies":[{"embeddable":true,"href":"https:\/\/www.yucatanencorto.com\/noticias\/wp-json\/wp\/v2\/comments?post=115808"}],"version-history":[{"count":1,"href":"https:\/\/www.yucatanencorto.com\/noticias\/wp-json\/wp\/v2\/posts\/115808\/revisions"}],"predecessor-version":[{"id":115810,"href":"https:\/\/www.yucatanencorto.com\/noticias\/wp-json\/wp\/v2\/posts\/115808\/revisions\/115810"}],"wp:attachment":[{"href":"https:\/\/www.yucatanencorto.com\/noticias\/wp-json\/wp\/v2\/media?parent=115808"}],"wp:term":[{"taxonomy":"category","embeddable":true,"href":"https:\/\/www.yucatanencorto.com\/noticias\/wp-json\/wp\/v2\/categories?post=115808"},{"taxonomy":"post_tag","embeddable":true,"href":"https:\/\/www.yucatanencorto.com\/noticias\/wp-json\/wp\/v2\/tags?post=115808"}],"curies":[{"name":"wp","href":"https:\/\/api.w.org\/{rel}","templated":true}]}}