{"id":115811,"date":"2025-09-17T13:50:59","date_gmt":"2025-09-17T19:50:59","guid":{"rendered":"https:\/\/www.yucatanencorto.com\/noticias\/?p=115811"},"modified":"2025-09-17T13:50:59","modified_gmt":"2025-09-17T19:50:59","slug":"suman-20-muertos-por-explosion-de-pipa-de-gas-en-iztapalapa-31-personas-siguen-hospitalizadas","status":"publish","type":"post","link":"https:\/\/www.yucatanencorto.com\/noticias\/suman-20-muertos-por-explosion-de-pipa-de-gas-en-iztapalapa-31-personas-siguen-hospitalizadas\/","title":{"rendered":"Suman 20 muertos por explosi\u00f3n de pipa de gas en Iztapalapa; 31 personas siguen hospitalizadas"},"content":{"rendered":"<p data-t=\"{&quot;n&quot;:&quot;blueLinks&quot;,&quot;t&quot;:13,&quot;a&quot;:&quot;click&quot;,&quot;b&quot;:76}\"><img loading=\"lazy\" decoding=\"async\" class=\"alignnone size-full wp-image-115812\" src=\"https:\/\/www.yucatanencorto.com\/noticias\/wp-content\/uploads\/2025\/09\/D53LKMOSZJACNEN3T4RCVHIZYE-scaled.avif\" alt=\"\" width=\"768\" height=\"432\" srcset=\"https:\/\/www.yucatanencorto.com\/noticias\/wp-content\/uploads\/2025\/09\/D53LKMOSZJACNEN3T4RCVHIZYE-scaled.avif 768w, https:\/\/www.yucatanencorto.com\/noticias\/wp-content\/uploads\/2025\/09\/D53LKMOSZJACNEN3T4RCVHIZYE-150x84.avif 150w, https:\/\/www.yucatanencorto.com\/noticias\/wp-content\/uploads\/2025\/09\/D53LKMOSZJACNEN3T4RCVHIZYE-300x169.avif 300w, https:\/\/www.yucatanencorto.com\/noticias\/wp-content\/uploads\/2025\/09\/D53LKMOSZJACNEN3T4RCVHIZYE-696x392.avif 696w\" sizes=\"auto, (max-width: 768px) 100vw, 768px\" \/><\/p>\n<p data-t=\"{&quot;n&quot;:&quot;blueLinks&quot;,&quot;t&quot;:13,&quot;a&quot;:&quot;click&quot;,&quot;b&quot;:76}\">La\u00a0Secretar\u00eda de Salud\u00a0de la Ciudad de M\u00e9xico confirm\u00f3 que la\u00a0cifra de fallecidos por la explosi\u00f3n de una pipa de gas en el\u00a0Puente de la Concordia\u00a0en Iztapalapa, aument\u00f3 a 20 personas.<\/p>\n<p data-t=\"{&quot;n&quot;:&quot;blueLinks&quot;,&quot;t&quot;:13,&quot;a&quot;:&quot;click&quot;,&quot;b&quot;:76}\">En la lista de personas finadas, las autoridades a\u00f1adieron el nombre de\u00a0Eduardo Romero Armas\u00a0de 30 a\u00f1os, quien estaba internado en el Hospital \u201cDr. Victorio de la Fuente Narv\u00e1ez\u201d, conocido como Magdalena de las Salinas.<\/p>\n<div class=\"intra-article-module\" data-t=\"{&quot;n&quot;:&quot;intraArticle&quot;,&quot;t&quot;:13}\"><\/div>\n<p data-t=\"{&quot;n&quot;:&quot;blueLinks&quot;,&quot;t&quot;:13,&quot;a&quot;:&quot;click&quot;,&quot;b&quot;:76}\">Al corte de las 10:00 de la ma\u00f1ana de este mi\u00e9rcoles 17 de septiembre, se report\u00f3 que\u00a031 personas contin\u00faan internadas\u00a0en diferentes hospitales de la capital y\u00a033 han sido dadas de alta.<\/p>\n<p data-t=\"{&quot;n&quot;:&quot;blueLinks&quot;,&quot;t&quot;:13,&quot;a&quot;:&quot;click&quot;,&quot;b&quot;:76}\">Este martes se confirm\u00f3 la muerte de\u00a0Fernando Soto Mungu\u00eda, de 34 a\u00f1os, quien era el chofer de la pipa que explot\u00f3\u00a0el pasado 10 de septiembre; as\u00ed como Oswaldo Guti\u00e9rrez Espinoza, de 30 a\u00f1os; Gilberto Ar\u00f3n, de 47 a\u00f1os, quien estaba internado en el Hospital de Fray \u201cDr. Victorio de la Fuente Narv\u00e1ez\u201d; Edgar Santiago \u00c1lvarez, de 51 a\u00f1os, quien estaba en el ISSSTE Zaragoza; y Omar Alejandro Garc\u00eda Escorsa de 28 a\u00f1os, quien estaba en el Hospital General Regional 197 Texcoco.<\/p>\n<p class=\"continue-read-break\" data-t=\"{&quot;n&quot;:&quot;blueLinks&quot;,&quot;t&quot;:13,&quot;a&quot;:&quot;click&quot;,&quot;b&quot;:76}\">Entre las personas que perdieron la vida en la tragedia tambi\u00e9n se encuentra la se\u00f1ora Alicia Mat\u00edas Teodoro, de 49 a\u00f1os, quien falleci\u00f3 el pasado viernes 12 de septiembre, luego de presentar quemaduras en m\u00e1s del 90% de su cuerpo, tras proteger a su nieta de dos a\u00f1os durante la explosi\u00f3n.<\/p>\n<p data-t=\"{&quot;n&quot;:&quot;blueLinks&quot;,&quot;t&quot;:13,&quot;a&quot;:&quot;click&quot;,&quot;b&quot;:76}\">Armando Antill\u00f3n Ch\u00e1vez, de 45 a\u00f1os; Daniela Barrag\u00e1n, de 19 a\u00f1os; Misael Cano Rodr\u00edguez, de 39 a\u00f1os; Irving Uriel Carrillo Reyes, de 20 a\u00f1os; Carlos Iv\u00e1n Contreras Salinas, de 29 a\u00f1os; Juan Carlos Bonilla S\u00e1nchez, de 40 a\u00f1os; Oscar Rub\u00e9n Uriel Cortez Cisneros, de 57 a\u00f1os; Eduardo Noe Garc\u00eda Morales; Jos\u00e9 Gabriel Hern\u00e1ndez Mendez de 17 a\u00f1os; Juan Antonio Hern\u00e1ndez Betancourt; Jorge Islas Flores; Carlos S\u00e1nchez Blas, de 15 a\u00f1os; y Jes\u00fas Jos\u00e9 Tovar Garc\u00eda de 40 a\u00f1os, perdieron tambi\u00e9n la vida tras la tragedia.<\/p>\n","protected":false},"excerpt":{"rendered":"<p>La\u00a0Secretar\u00eda de Salud\u00a0de la Ciudad de M\u00e9xico confirm\u00f3 que la\u00a0cifra de fallecidos por la explosi\u00f3n de una pipa de gas en el\u00a0Puente de la Concordia\u00a0en Iztapalapa, aument\u00f3 a 20 personas. En la lista de personas finadas, las autoridades a\u00f1adieron el nombre de\u00a0Eduardo Romero Armas\u00a0de 30 a\u00f1os, quien estaba internado en el Hospital \u201cDr. Victorio de [&hellip;]<\/p>\n","protected":false},"author":4,"featured_media":115812,"comment_status":"closed","ping_status":"closed","sticky":false,"template":"","format":"standard","meta":{"footnotes":""},"categories":[4],"tags":[],"class_list":{"0":"post-115811","1":"post","2":"type-post","3":"status-publish","4":"format-standard","5":"has-post-thumbnail","7":"category-mexico"},"yoast_head":"<!-- This site is optimized with the Yoast SEO plugin v27.4 - https:\/\/yoast.com\/product\/yoast-seo-wordpress\/ -->\n<title>Suman 20 muertos por explosi\u00f3n de pipa de gas en Iztapalapa; 31 personas siguen hospitalizadas - Yucat\u00e1n en corto<\/title>\n<meta name=\"robots\" content=\"index, follow, max-snippet:-1, max-image-preview:large, max-video-preview:-1\" \/>\n<link rel=\"canonical\" href=\"https:\/\/www.yucatanencorto.com\/noticias\/suman-20-muertos-por-explosion-de-pipa-de-gas-en-iztapalapa-31-personas-siguen-hospitalizadas\/\" \/>\n<meta property=\"og:locale\" content=\"es_ES\" \/>\n<meta property=\"og:type\" content=\"article\" \/>\n<meta property=\"og:title\" content=\"Suman 20 muertos por explosi\u00f3n de pipa de gas en Iztapalapa; 31 personas siguen hospitalizadas - Yucat\u00e1n en corto\" \/>\n<meta property=\"og:description\" content=\"La\u00a0Secretar\u00eda de Salud\u00a0de la Ciudad de M\u00e9xico confirm\u00f3 que la\u00a0cifra de fallecidos por la explosi\u00f3n de una pipa de gas en el\u00a0Puente de la Concordia\u00a0en Iztapalapa, aument\u00f3 a 20 personas. En la lista de personas finadas, las autoridades a\u00f1adieron el nombre de\u00a0Eduardo Romero Armas\u00a0de 30 a\u00f1os, quien estaba internado en el Hospital \u201cDr. Victorio de [&hellip;]\" \/>\n<meta property=\"og:url\" content=\"https:\/\/www.yucatanencorto.com\/noticias\/suman-20-muertos-por-explosion-de-pipa-de-gas-en-iztapalapa-31-personas-siguen-hospitalizadas\/\" \/>\n<meta property=\"og:site_name\" content=\"Yucat\u00e1n en corto\" \/>\n<meta property=\"article:publisher\" content=\"http:\/\/www.facebook.com\/yucatanencorto\" \/>\n<meta property=\"article:published_time\" content=\"2025-09-17T19:50:59+00:00\" \/>\n<meta name=\"author\" content=\"Yucat\u00e1n en Corto\" \/>\n<meta name=\"twitter:card\" content=\"summary_large_image\" \/>\n<meta name=\"twitter:creator\" content=\"@yucatanencorto\" \/>\n<meta name=\"twitter:site\" content=\"@yucatanencorto\" \/>\n<meta name=\"twitter:label1\" content=\"Escrito por\" \/>\n\t<meta name=\"twitter:data1\" content=\"Yucat\u00e1n en Corto\" \/>\n\t<meta name=\"twitter:label2\" content=\"Tiempo de lectura\" \/>\n\t<meta name=\"twitter:data2\" content=\"2 minutos\" \/>\n<script type=\"application\/ld+json\" class=\"yoast-schema-graph\">{\"@context\":\"https:\\\/\\\/schema.org\",\"@graph\":[{\"@type\":\"Article\",\"@id\":\"https:\\\/\\\/www.yucatanencorto.com\\\/noticias\\\/suman-20-muertos-por-explosion-de-pipa-de-gas-en-iztapalapa-31-personas-siguen-hospitalizadas\\\/#article\",\"isPartOf\":{\"@id\":\"https:\\\/\\\/www.yucatanencorto.com\\\/noticias\\\/suman-20-muertos-por-explosion-de-pipa-de-gas-en-iztapalapa-31-personas-siguen-hospitalizadas\\\/\"},\"author\":{\"name\":\"Yucat\u00e1n en Corto\",\"@id\":\"https:\\\/\\\/www.yucatanencorto.com\\\/noticias\\\/#\\\/schema\\\/person\\\/f0ec40c33447bbc0dc2d01d3006de771\"},\"headline\":\"Suman 20 muertos por explosi\u00f3n de pipa de gas en Iztapalapa; 31 personas siguen hospitalizadas\",\"datePublished\":\"2025-09-17T19:50:59+00:00\",\"mainEntityOfPage\":{\"@id\":\"https:\\\/\\\/www.yucatanencorto.com\\\/noticias\\\/suman-20-muertos-por-explosion-de-pipa-de-gas-en-iztapalapa-31-personas-siguen-hospitalizadas\\\/\"},\"wordCount\":362,\"image\":{\"@id\":\"https:\\\/\\\/www.yucatanencorto.com\\\/noticias\\\/suman-20-muertos-por-explosion-de-pipa-de-gas-en-iztapalapa-31-personas-siguen-hospitalizadas\\\/#primaryimage\"},\"thumbnailUrl\":\"https:\\\/\\\/www.yucatanencorto.com\\\/noticias\\\/wp-content\\\/uploads\\\/2025\\\/09\\\/D53LKMOSZJACNEN3T4RCVHIZYE-scaled.avif\",\"articleSection\":[\"M\u00e9xico\"],\"inLanguage\":\"es\"},{\"@type\":\"WebPage\",\"@id\":\"https:\\\/\\\/www.yucatanencorto.com\\\/noticias\\\/suman-20-muertos-por-explosion-de-pipa-de-gas-en-iztapalapa-31-personas-siguen-hospitalizadas\\\/\",\"url\":\"https:\\\/\\\/www.yucatanencorto.com\\\/noticias\\\/suman-20-muertos-por-explosion-de-pipa-de-gas-en-iztapalapa-31-personas-siguen-hospitalizadas\\\/\",\"name\":\"Suman 20 muertos por explosi\u00f3n de pipa de gas en Iztapalapa; 31 personas siguen hospitalizadas - Yucat\u00e1n en corto\",\"isPartOf\":{\"@id\":\"https:\\\/\\\/www.yucatanencorto.com\\\/noticias\\\/#website\"},\"primaryImageOfPage\":{\"@id\":\"https:\\\/\\\/www.yucatanencorto.com\\\/noticias\\\/suman-20-muertos-por-explosion-de-pipa-de-gas-en-iztapalapa-31-personas-siguen-hospitalizadas\\\/#primaryimage\"},\"image\":{\"@id\":\"https:\\\/\\\/www.yucatanencorto.com\\\/noticias\\\/suman-20-muertos-por-explosion-de-pipa-de-gas-en-iztapalapa-31-personas-siguen-hospitalizadas\\\/#primaryimage\"},\"thumbnailUrl\":\"https:\\\/\\\/www.yucatanencorto.com\\\/noticias\\\/wp-content\\\/uploads\\\/2025\\\/09\\\/D53LKMOSZJACNEN3T4RCVHIZYE-scaled.avif\",\"datePublished\":\"2025-09-17T19:50:59+00:00\",\"author\":{\"@id\":\"https:\\\/\\\/www.yucatanencorto.com\\\/noticias\\\/#\\\/schema\\\/person\\\/f0ec40c33447bbc0dc2d01d3006de771\"},\"breadcrumb\":{\"@id\":\"https:\\\/\\\/www.yucatanencorto.com\\\/noticias\\\/suman-20-muertos-por-explosion-de-pipa-de-gas-en-iztapalapa-31-personas-siguen-hospitalizadas\\\/#breadcrumb\"},\"inLanguage\":\"es\",\"potentialAction\":[{\"@type\":\"ReadAction\",\"target\":[\"https:\\\/\\\/www.yucatanencorto.com\\\/noticias\\\/suman-20-muertos-por-explosion-de-pipa-de-gas-en-iztapalapa-31-personas-siguen-hospitalizadas\\\/\"]}]},{\"@type\":\"ImageObject\",\"inLanguage\":\"es\",\"@id\":\"https:\\\/\\\/www.yucatanencorto.com\\\/noticias\\\/suman-20-muertos-por-explosion-de-pipa-de-gas-en-iztapalapa-31-personas-siguen-hospitalizadas\\\/#primaryimage\",\"url\":\"https:\\\/\\\/www.yucatanencorto.com\\\/noticias\\\/wp-content\\\/uploads\\\/2025\\\/09\\\/D53LKMOSZJACNEN3T4RCVHIZYE-scaled.avif\",\"contentUrl\":\"https:\\\/\\\/www.yucatanencorto.com\\\/noticias\\\/wp-content\\\/uploads\\\/2025\\\/09\\\/D53LKMOSZJACNEN3T4RCVHIZYE-scaled.avif\",\"width\":768,\"height\":432},{\"@type\":\"BreadcrumbList\",\"@id\":\"https:\\\/\\\/www.yucatanencorto.com\\\/noticias\\\/suman-20-muertos-por-explosion-de-pipa-de-gas-en-iztapalapa-31-personas-siguen-hospitalizadas\\\/#breadcrumb\",\"itemListElement\":[{\"@type\":\"ListItem\",\"position\":1,\"name\":\"Portada\",\"item\":\"https:\\\/\\\/www.yucatanencorto.com\\\/noticias\\\/\"},{\"@type\":\"ListItem\",\"position\":2,\"name\":\"Suman 20 muertos por explosi\u00f3n de pipa de gas en Iztapalapa; 31 personas siguen hospitalizadas\"}]},{\"@type\":\"WebSite\",\"@id\":\"https:\\\/\\\/www.yucatanencorto.com\\\/noticias\\\/#website\",\"url\":\"https:\\\/\\\/www.yucatanencorto.com\\\/noticias\\\/\",\"name\":\"Yucat\u00e1n en corto\",\"description\":\"Noticias\",\"potentialAction\":[{\"@type\":\"SearchAction\",\"target\":{\"@type\":\"EntryPoint\",\"urlTemplate\":\"https:\\\/\\\/www.yucatanencorto.com\\\/noticias\\\/?s={search_term_string}\"},\"query-input\":{\"@type\":\"PropertyValueSpecification\",\"valueRequired\":true,\"valueName\":\"search_term_string\"}}],\"inLanguage\":\"es\"},{\"@type\":\"Person\",\"@id\":\"https:\\\/\\\/www.yucatanencorto.com\\\/noticias\\\/#\\\/schema\\\/person\\\/f0ec40c33447bbc0dc2d01d3006de771\",\"name\":\"Yucat\u00e1n en Corto\",\"image\":{\"@type\":\"ImageObject\",\"inLanguage\":\"es\",\"@id\":\"https:\\\/\\\/secure.gravatar.com\\\/avatar\\\/20e0a6b626f38fa8e545fb3f80ce566efd790bf8877e65c3a482460cc3e0b5d1?s=96&d=mm&r=g\",\"url\":\"https:\\\/\\\/secure.gravatar.com\\\/avatar\\\/20e0a6b626f38fa8e545fb3f80ce566efd790bf8877e65c3a482460cc3e0b5d1?s=96&d=mm&r=g\",\"contentUrl\":\"https:\\\/\\\/secure.gravatar.com\\\/avatar\\\/20e0a6b626f38fa8e545fb3f80ce566efd790bf8877e65c3a482460cc3e0b5d1?s=96&d=mm&r=g\",\"caption\":\"Yucat\u00e1n en Corto\"},\"url\":\"https:\\\/\\\/www.yucatanencorto.com\\\/noticias\\\/author\\\/editor25\\\/\"}]}<\/script>\n<!-- \/ Yoast SEO plugin. -->","yoast_head_json":{"title":"Suman 20 muertos por explosi\u00f3n de pipa de gas en Iztapalapa; 31 personas siguen hospitalizadas - Yucat\u00e1n en corto","robots":{"index":"index","follow":"follow","max-snippet":"max-snippet:-1","max-image-preview":"max-image-preview:large","max-video-preview":"max-video-preview:-1"},"canonical":"https:\/\/www.yucatanencorto.com\/noticias\/suman-20-muertos-por-explosion-de-pipa-de-gas-en-iztapalapa-31-personas-siguen-hospitalizadas\/","og_locale":"es_ES","og_type":"article","og_title":"Suman 20 muertos por explosi\u00f3n de pipa de gas en Iztapalapa; 31 personas siguen hospitalizadas - Yucat\u00e1n en corto","og_description":"La\u00a0Secretar\u00eda de Salud\u00a0de la Ciudad de M\u00e9xico confirm\u00f3 que la\u00a0cifra de fallecidos por la explosi\u00f3n de una pipa de gas en el\u00a0Puente de la Concordia\u00a0en Iztapalapa, aument\u00f3 a 20 personas. En la lista de personas finadas, las autoridades a\u00f1adieron el nombre de\u00a0Eduardo Romero Armas\u00a0de 30 a\u00f1os, quien estaba internado en el Hospital \u201cDr. Victorio de [&hellip;]","og_url":"https:\/\/www.yucatanencorto.com\/noticias\/suman-20-muertos-por-explosion-de-pipa-de-gas-en-iztapalapa-31-personas-siguen-hospitalizadas\/","og_site_name":"Yucat\u00e1n en corto","article_publisher":"http:\/\/www.facebook.com\/yucatanencorto","article_published_time":"2025-09-17T19:50:59+00:00","author":"Yucat\u00e1n en Corto","twitter_card":"summary_large_image","twitter_creator":"@yucatanencorto","twitter_site":"@yucatanencorto","twitter_misc":{"Escrito por":"Yucat\u00e1n en Corto","Tiempo de lectura":"2 minutos"},"schema":{"@context":"https:\/\/schema.org","@graph":[{"@type":"Article","@id":"https:\/\/www.yucatanencorto.com\/noticias\/suman-20-muertos-por-explosion-de-pipa-de-gas-en-iztapalapa-31-personas-siguen-hospitalizadas\/#article","isPartOf":{"@id":"https:\/\/www.yucatanencorto.com\/noticias\/suman-20-muertos-por-explosion-de-pipa-de-gas-en-iztapalapa-31-personas-siguen-hospitalizadas\/"},"author":{"name":"Yucat\u00e1n en Corto","@id":"https:\/\/www.yucatanencorto.com\/noticias\/#\/schema\/person\/f0ec40c33447bbc0dc2d01d3006de771"},"headline":"Suman 20 muertos por explosi\u00f3n de pipa de gas en Iztapalapa; 31 personas siguen hospitalizadas","datePublished":"2025-09-17T19:50:59+00:00","mainEntityOfPage":{"@id":"https:\/\/www.yucatanencorto.com\/noticias\/suman-20-muertos-por-explosion-de-pipa-de-gas-en-iztapalapa-31-personas-siguen-hospitalizadas\/"},"wordCount":362,"image":{"@id":"https:\/\/www.yucatanencorto.com\/noticias\/suman-20-muertos-por-explosion-de-pipa-de-gas-en-iztapalapa-31-personas-siguen-hospitalizadas\/#primaryimage"},"thumbnailUrl":"https:\/\/www.yucatanencorto.com\/noticias\/wp-content\/uploads\/2025\/09\/D53LKMOSZJACNEN3T4RCVHIZYE-scaled.avif","articleSection":["M\u00e9xico"],"inLanguage":"es"},{"@type":"WebPage","@id":"https:\/\/www.yucatanencorto.com\/noticias\/suman-20-muertos-por-explosion-de-pipa-de-gas-en-iztapalapa-31-personas-siguen-hospitalizadas\/","url":"https:\/\/www.yucatanencorto.com\/noticias\/suman-20-muertos-por-explosion-de-pipa-de-gas-en-iztapalapa-31-personas-siguen-hospitalizadas\/","name":"Suman 20 muertos por explosi\u00f3n de pipa de gas en Iztapalapa; 31 personas siguen hospitalizadas - Yucat\u00e1n en corto","isPartOf":{"@id":"https:\/\/www.yucatanencorto.com\/noticias\/#website"},"primaryImageOfPage":{"@id":"https:\/\/www.yucatanencorto.com\/noticias\/suman-20-muertos-por-explosion-de-pipa-de-gas-en-iztapalapa-31-personas-siguen-hospitalizadas\/#primaryimage"},"image":{"@id":"https:\/\/www.yucatanencorto.com\/noticias\/suman-20-muertos-por-explosion-de-pipa-de-gas-en-iztapalapa-31-personas-siguen-hospitalizadas\/#primaryimage"},"thumbnailUrl":"https:\/\/www.yucatanencorto.com\/noticias\/wp-content\/uploads\/2025\/09\/D53LKMOSZJACNEN3T4RCVHIZYE-scaled.avif","datePublished":"2025-09-17T19:50:59+00:00","author":{"@id":"https:\/\/www.yucatanencorto.com\/noticias\/#\/schema\/person\/f0ec40c33447bbc0dc2d01d3006de771"},"breadcrumb":{"@id":"https:\/\/www.yucatanencorto.com\/noticias\/suman-20-muertos-por-explosion-de-pipa-de-gas-en-iztapalapa-31-personas-siguen-hospitalizadas\/#breadcrumb"},"inLanguage":"es","potentialAction":[{"@type":"ReadAction","target":["https:\/\/www.yucatanencorto.com\/noticias\/suman-20-muertos-por-explosion-de-pipa-de-gas-en-iztapalapa-31-personas-siguen-hospitalizadas\/"]}]},{"@type":"ImageObject","inLanguage":"es","@id":"https:\/\/www.yucatanencorto.com\/noticias\/suman-20-muertos-por-explosion-de-pipa-de-gas-en-iztapalapa-31-personas-siguen-hospitalizadas\/#primaryimage","url":"https:\/\/www.yucatanencorto.com\/noticias\/wp-content\/uploads\/2025\/09\/D53LKMOSZJACNEN3T4RCVHIZYE-scaled.avif","contentUrl":"https:\/\/www.yucatanencorto.com\/noticias\/wp-content\/uploads\/2025\/09\/D53LKMOSZJACNEN3T4RCVHIZYE-scaled.avif","width":768,"height":432},{"@type":"BreadcrumbList","@id":"https:\/\/www.yucatanencorto.com\/noticias\/suman-20-muertos-por-explosion-de-pipa-de-gas-en-iztapalapa-31-personas-siguen-hospitalizadas\/#breadcrumb","itemListElement":[{"@type":"ListItem","position":1,"name":"Portada","item":"https:\/\/www.yucatanencorto.com\/noticias\/"},{"@type":"ListItem","position":2,"name":"Suman 20 muertos por explosi\u00f3n de pipa de gas en Iztapalapa; 31 personas siguen hospitalizadas"}]},{"@type":"WebSite","@id":"https:\/\/www.yucatanencorto.com\/noticias\/#website","url":"https:\/\/www.yucatanencorto.com\/noticias\/","name":"Yucat\u00e1n en corto","description":"Noticias","potentialAction":[{"@type":"SearchAction","target":{"@type":"EntryPoint","urlTemplate":"https:\/\/www.yucatanencorto.com\/noticias\/?s={search_term_string}"},"query-input":{"@type":"PropertyValueSpecification","valueRequired":true,"valueName":"search_term_string"}}],"inLanguage":"es"},{"@type":"Person","@id":"https:\/\/www.yucatanencorto.com\/noticias\/#\/schema\/person\/f0ec40c33447bbc0dc2d01d3006de771","name":"Yucat\u00e1n en Corto","image":{"@type":"ImageObject","inLanguage":"es","@id":"https:\/\/secure.gravatar.com\/avatar\/20e0a6b626f38fa8e545fb3f80ce566efd790bf8877e65c3a482460cc3e0b5d1?s=96&d=mm&r=g","url":"https:\/\/secure.gravatar.com\/avatar\/20e0a6b626f38fa8e545fb3f80ce566efd790bf8877e65c3a482460cc3e0b5d1?s=96&d=mm&r=g","contentUrl":"https:\/\/secure.gravatar.com\/avatar\/20e0a6b626f38fa8e545fb3f80ce566efd790bf8877e65c3a482460cc3e0b5d1?s=96&d=mm&r=g","caption":"Yucat\u00e1n en Corto"},"url":"https:\/\/www.yucatanencorto.com\/noticias\/author\/editor25\/"}]}},"_links":{"self":[{"href":"https:\/\/www.yucatanencorto.com\/noticias\/wp-json\/wp\/v2\/posts\/115811","targetHints":{"allow":["GET"]}}],"collection":[{"href":"https:\/\/www.yucatanencorto.com\/noticias\/wp-json\/wp\/v2\/posts"}],"about":[{"href":"https:\/\/www.yucatanencorto.com\/noticias\/wp-json\/wp\/v2\/types\/post"}],"author":[{"embeddable":true,"href":"https:\/\/www.yucatanencorto.com\/noticias\/wp-json\/wp\/v2\/users\/4"}],"replies":[{"embeddable":true,"href":"https:\/\/www.yucatanencorto.com\/noticias\/wp-json\/wp\/v2\/comments?post=115811"}],"version-history":[{"count":1,"href":"https:\/\/www.yucatanencorto.com\/noticias\/wp-json\/wp\/v2\/posts\/115811\/revisions"}],"predecessor-version":[{"id":115813,"href":"https:\/\/www.yucatanencorto.com\/noticias\/wp-json\/wp\/v2\/posts\/115811\/revisions\/115813"}],"wp:featuredmedia":[{"embeddable":true,"href":"https:\/\/www.yucatanencorto.com\/noticias\/wp-json\/wp\/v2\/media\/115812"}],"wp:attachment":[{"href":"https:\/\/www.yucatanencorto.com\/noticias\/wp-json\/wp\/v2\/media?parent=115811"}],"wp:term":[{"taxonomy":"category","embeddable":true,"href":"https:\/\/www.yucatanencorto.com\/noticias\/wp-json\/wp\/v2\/categories?post=115811"},{"taxonomy":"post_tag","embeddable":true,"href":"https:\/\/www.yucatanencorto.com\/noticias\/wp-json\/wp\/v2\/tags?post=115811"}],"curies":[{"name":"wp","href":"https:\/\/api.w.org\/{rel}","templated":true}]}}