{"id":115819,"date":"2025-09-18T15:20:04","date_gmt":"2025-09-18T21:20:04","guid":{"rendered":"https:\/\/www.yucatanencorto.com\/noticias\/?p=115819"},"modified":"2025-09-18T15:20:04","modified_gmt":"2025-09-18T21:20:04","slug":"aprueban-por-mayoria-calificada-convenios-para-brindar-atencion-medica-odontologica-nutricional-y-de-laboratorio","status":"publish","type":"post","link":"https:\/\/www.yucatanencorto.com\/noticias\/aprueban-por-mayoria-calificada-convenios-para-brindar-atencion-medica-odontologica-nutricional-y-de-laboratorio\/","title":{"rendered":"Aprueban por mayor\u00eda calificada convenios para brindar atenci\u00f3n m\u00e9dica, odontol\u00f3gica, nutricional y de laboratorio"},"content":{"rendered":"<p><img loading=\"lazy\" decoding=\"async\" class=\"alignnone size-full wp-image-115820\" src=\"https:\/\/www.yucatanencorto.com\/noticias\/wp-content\/uploads\/2025\/09\/WhatsApp-Image-2025-09-18-at-15.14.44-1-scaled.jpeg\" alt=\"\" width=\"768\" height=\"512\" srcset=\"https:\/\/www.yucatanencorto.com\/noticias\/wp-content\/uploads\/2025\/09\/WhatsApp-Image-2025-09-18-at-15.14.44-1-scaled.jpeg 768w, https:\/\/www.yucatanencorto.com\/noticias\/wp-content\/uploads\/2025\/09\/WhatsApp-Image-2025-09-18-at-15.14.44-1-150x100.jpeg 150w, https:\/\/www.yucatanencorto.com\/noticias\/wp-content\/uploads\/2025\/09\/WhatsApp-Image-2025-09-18-at-15.14.44-1-300x200.jpeg 300w, https:\/\/www.yucatanencorto.com\/noticias\/wp-content\/uploads\/2025\/09\/WhatsApp-Image-2025-09-18-at-15.14.44-1-696x464.jpeg 696w, https:\/\/www.yucatanencorto.com\/noticias\/wp-content\/uploads\/2025\/09\/WhatsApp-Image-2025-09-18-at-15.14.44-1-1068x712.jpeg 1068w\" sizes=\"auto, (max-width: 768px) 100vw, 768px\" \/><\/p>\n<p>M\u00e9rida, Yucat\u00e1n, jueves 18 de septiembre de 2025.- El Cabildo de M\u00e9rida aprob\u00f3 por mayor\u00eda calificada que el Ayuntamiento contribuya al acceso a servicios de salud a bajo costo para las familias, mediante la implementaci\u00f3n de seis Centros de Medicina Preventiva Integral (CMPI), que la presidenta municipal Cecilia Patr\u00f3n Laviada calific\u00f3 como un acierto en beneficio de las y los meridianos.<\/p>\n<p>\u201cLo m\u00e1s importante es la certeza de que nuestro Ayuntamiento siempre est\u00e1 en la b\u00fasqueda de generar o ampliar las oportunidades de acceso a los servicios de salud de las familias en condici\u00f3n de vulnerabilidad\u201d, destac\u00f3 la alcaldesa.<\/p>\n<p>Durante la sesi\u00f3n extraordinaria de este jueves, los regidores autorizaron la firma de convenio con la persona moral denominada \u201cCongregaci\u00f3n Mariana Trinitaria\u00bb, Asociaci\u00f3n Civil y la persona moral denominada \u201cAtenci\u00f3n Integral Com\u201d, Sociedad An\u00f3nima de Capital Variable.<\/p>\n<p>\u201cEl Cabildo da soluciones a las necesidades de las familias meridanas. Por eso es que estamos aqu\u00ed reunidos, hablando y tomando decisiones sobre de qu\u00e9 otras formas podemos hacer para que haya mejores servicios de salud en el municipio\u201d, apunt\u00f3 la primera edil.<\/p>\n<p>Detall\u00f3 que en los \u00faltimos a\u00f1os creci\u00f3 la poblaci\u00f3n que carece de acceso a la salud y, por ello, atender esta necesidad desde los gobiernos municipales garantiza el acceso a este derecho humano.<\/p>\n<p>Los Centros de Medicina Preventiva Integral (CMPI) contar\u00e1n con servicios de salud en turnos de 12 horas, matutino y vespertino, de lunes a domingos y d\u00edas festivos. Bajo el esquema b\u00e1sico para consulta m\u00e9dica, nutricional y odontol\u00f3gica operar\u00e1n de 8 de la ma\u00f1ana a 8 de la noche, en las colonias San Jos\u00e9 Tzal, Melit\u00f3n Salazar, La Reja, Azcorra y Manuel Crescencia Rej\u00f3n. En estos dos \u00faltimos se contar\u00e1 con laboratorios a bajo costo.<\/p>\n<p>\u201cSiempre buscaremos priorizar lo que m\u00e1s es importante para todas y todos, su salud y las de sus familias, por ello agradezco a las regidoras y regidores, el trabajo que se hace d\u00eda a d\u00eda en favor de las y los meridianos\u201d.<\/p>\n<p>Cabe destacar que Constituci\u00f3n no mandata que los ayuntamientos tengan competencias en la atenci\u00f3n a la salud de la poblaci\u00f3n, sin embargo, la primera edil indic\u00f3 que, desde el primer d\u00eda de su administraci\u00f3n, estando cerca de la gente se han llevado acciones para coadyuvar con el sector salud tomando decisiones que impulsen una mejor calidad de vida.<\/p>\n<p>El Ayuntamiento de M\u00e9rida cuenta con 24 m\u00f3dulos en los cuatro puntos cardinales de la ciudad, y que han tenido mejoras para un mejor servicio de atenci\u00f3n, adem\u00e1s en materia de la salud mental, hoy se cuenta con cuatro m\u00f3dulos Alma Nova en el sur, oriente, poniente y en el norte de la ciudad, y recientemente con un m\u00f3dulo m\u00f3vil de atenci\u00f3n a la salud mental de primer contacto que recorre escuelas, colonias y comisar\u00edas.<\/p>\n<p>Tambi\u00e9n se aprob\u00f3 la celebraci\u00f3n de un Convenio de Colaboraci\u00f3n con la persona moral denominada \u201cCruz Roja Mexicana\u201d, Instituci\u00f3n de Asistencia Privada, que desde hace muchos a\u00f1os es aliada del Ayuntamiento de M\u00e9rida, la cual es una instituci\u00f3n de asistencia privada no gubernamental, humanitaria, imparcial, neutral e independiente; que tienen como objetivo el preservar la salud, la vida y aliviar el sufrimiento humano de la poblaci\u00f3n en situaci\u00f3n de vulnerabilidad.<\/p>\n<p>En otro punto, el Cabildo autoriz\u00f3 por unanimidad regularizar mediante inmatriculaci\u00f3n administrativa, siete vialidades y un inmueble que es parque, a fin de que le sean otorgados la certeza jur\u00eddica a dichos predios y est\u00e9n al servicio de las y los ciudadanos.<\/p>\n<p>\u201cDe esta manera, seguimos trabajando 24\/7 para y por las y los meridanos; llegando a m\u00e1s lugares, dando soluciones y haciendo lo que nunca se hab\u00eda hecho y siempre se necesit\u00f3, con justicia social y mejorando la calidad de vida de todas y todos\u201d, concluy\u00f3 la alcaldesa.<\/p>\n","protected":false},"excerpt":{"rendered":"<p>M\u00e9rida, Yucat\u00e1n, jueves 18 de septiembre de 2025.- El Cabildo de M\u00e9rida aprob\u00f3 por mayor\u00eda calificada que el Ayuntamiento contribuya al acceso a servicios de salud a bajo costo para las familias, mediante la implementaci\u00f3n de seis Centros de Medicina Preventiva Integral (CMPI), que la presidenta municipal Cecilia Patr\u00f3n Laviada calific\u00f3 como un acierto en [&hellip;]<\/p>\n","protected":false},"author":4,"featured_media":115820,"comment_status":"closed","ping_status":"closed","sticky":false,"template":"","format":"standard","meta":{"footnotes":""},"categories":[2],"tags":[],"class_list":{"0":"post-115819","1":"post","2":"type-post","3":"status-publish","4":"format-standard","5":"has-post-thumbnail","7":"category-merida"},"yoast_head":"<!-- This site is optimized with the Yoast SEO plugin v27.4 - https:\/\/yoast.com\/product\/yoast-seo-wordpress\/ -->\n<title>Aprueban por mayor\u00eda calificada convenios para brindar atenci\u00f3n m\u00e9dica, odontol\u00f3gica, nutricional y de laboratorio - Yucat\u00e1n en corto<\/title>\n<meta name=\"robots\" content=\"index, follow, max-snippet:-1, max-image-preview:large, max-video-preview:-1\" \/>\n<link rel=\"canonical\" href=\"https:\/\/www.yucatanencorto.com\/noticias\/aprueban-por-mayoria-calificada-convenios-para-brindar-atencion-medica-odontologica-nutricional-y-de-laboratorio\/\" \/>\n<meta property=\"og:locale\" content=\"es_ES\" \/>\n<meta property=\"og:type\" content=\"article\" \/>\n<meta property=\"og:title\" content=\"Aprueban por mayor\u00eda calificada convenios para brindar atenci\u00f3n m\u00e9dica, odontol\u00f3gica, nutricional y de laboratorio - Yucat\u00e1n en corto\" \/>\n<meta property=\"og:description\" content=\"M\u00e9rida, Yucat\u00e1n, jueves 18 de septiembre de 2025.- El Cabildo de M\u00e9rida aprob\u00f3 por mayor\u00eda calificada que el Ayuntamiento contribuya al acceso a servicios de salud a bajo costo para las familias, mediante la implementaci\u00f3n de seis Centros de Medicina Preventiva Integral (CMPI), que la presidenta municipal Cecilia Patr\u00f3n Laviada calific\u00f3 como un acierto en [&hellip;]\" \/>\n<meta property=\"og:url\" content=\"https:\/\/www.yucatanencorto.com\/noticias\/aprueban-por-mayoria-calificada-convenios-para-brindar-atencion-medica-odontologica-nutricional-y-de-laboratorio\/\" \/>\n<meta property=\"og:site_name\" content=\"Yucat\u00e1n en corto\" \/>\n<meta property=\"article:publisher\" content=\"http:\/\/www.facebook.com\/yucatanencorto\" \/>\n<meta property=\"article:published_time\" content=\"2025-09-18T21:20:04+00:00\" \/>\n<meta property=\"og:image\" content=\"https:\/\/www.yucatanencorto.com\/noticias\/wp-content\/uploads\/2025\/09\/WhatsApp-Image-2025-09-18-at-15.14.44-1-scaled.jpeg\" \/>\n\t<meta property=\"og:image:width\" content=\"768\" \/>\n\t<meta property=\"og:image:height\" content=\"512\" \/>\n\t<meta property=\"og:image:type\" content=\"image\/jpeg\" \/>\n<meta name=\"author\" content=\"Yucat\u00e1n en Corto\" \/>\n<meta name=\"twitter:card\" content=\"summary_large_image\" \/>\n<meta name=\"twitter:creator\" content=\"@yucatanencorto\" \/>\n<meta name=\"twitter:site\" content=\"@yucatanencorto\" \/>\n<meta name=\"twitter:label1\" content=\"Escrito por\" \/>\n\t<meta name=\"twitter:data1\" content=\"Yucat\u00e1n en Corto\" \/>\n\t<meta name=\"twitter:label2\" content=\"Tiempo de lectura\" \/>\n\t<meta name=\"twitter:data2\" content=\"4 minutos\" \/>\n<script type=\"application\/ld+json\" class=\"yoast-schema-graph\">{\"@context\":\"https:\\\/\\\/schema.org\",\"@graph\":[{\"@type\":\"Article\",\"@id\":\"https:\\\/\\\/www.yucatanencorto.com\\\/noticias\\\/aprueban-por-mayoria-calificada-convenios-para-brindar-atencion-medica-odontologica-nutricional-y-de-laboratorio\\\/#article\",\"isPartOf\":{\"@id\":\"https:\\\/\\\/www.yucatanencorto.com\\\/noticias\\\/aprueban-por-mayoria-calificada-convenios-para-brindar-atencion-medica-odontologica-nutricional-y-de-laboratorio\\\/\"},\"author\":{\"name\":\"Yucat\u00e1n en Corto\",\"@id\":\"https:\\\/\\\/www.yucatanencorto.com\\\/noticias\\\/#\\\/schema\\\/person\\\/f0ec40c33447bbc0dc2d01d3006de771\"},\"headline\":\"Aprueban por mayor\u00eda calificada convenios para brindar atenci\u00f3n m\u00e9dica, odontol\u00f3gica, nutricional y de laboratorio\",\"datePublished\":\"2025-09-18T21:20:04+00:00\",\"mainEntityOfPage\":{\"@id\":\"https:\\\/\\\/www.yucatanencorto.com\\\/noticias\\\/aprueban-por-mayoria-calificada-convenios-para-brindar-atencion-medica-odontologica-nutricional-y-de-laboratorio\\\/\"},\"wordCount\":688,\"image\":{\"@id\":\"https:\\\/\\\/www.yucatanencorto.com\\\/noticias\\\/aprueban-por-mayoria-calificada-convenios-para-brindar-atencion-medica-odontologica-nutricional-y-de-laboratorio\\\/#primaryimage\"},\"thumbnailUrl\":\"https:\\\/\\\/www.yucatanencorto.com\\\/noticias\\\/wp-content\\\/uploads\\\/2025\\\/09\\\/WhatsApp-Image-2025-09-18-at-15.14.44-1-scaled.jpeg\",\"articleSection\":[\"M\u00e9rida\"],\"inLanguage\":\"es\"},{\"@type\":\"WebPage\",\"@id\":\"https:\\\/\\\/www.yucatanencorto.com\\\/noticias\\\/aprueban-por-mayoria-calificada-convenios-para-brindar-atencion-medica-odontologica-nutricional-y-de-laboratorio\\\/\",\"url\":\"https:\\\/\\\/www.yucatanencorto.com\\\/noticias\\\/aprueban-por-mayoria-calificada-convenios-para-brindar-atencion-medica-odontologica-nutricional-y-de-laboratorio\\\/\",\"name\":\"Aprueban por mayor\u00eda calificada convenios para brindar atenci\u00f3n m\u00e9dica, odontol\u00f3gica, nutricional y de laboratorio - Yucat\u00e1n en corto\",\"isPartOf\":{\"@id\":\"https:\\\/\\\/www.yucatanencorto.com\\\/noticias\\\/#website\"},\"primaryImageOfPage\":{\"@id\":\"https:\\\/\\\/www.yucatanencorto.com\\\/noticias\\\/aprueban-por-mayoria-calificada-convenios-para-brindar-atencion-medica-odontologica-nutricional-y-de-laboratorio\\\/#primaryimage\"},\"image\":{\"@id\":\"https:\\\/\\\/www.yucatanencorto.com\\\/noticias\\\/aprueban-por-mayoria-calificada-convenios-para-brindar-atencion-medica-odontologica-nutricional-y-de-laboratorio\\\/#primaryimage\"},\"thumbnailUrl\":\"https:\\\/\\\/www.yucatanencorto.com\\\/noticias\\\/wp-content\\\/uploads\\\/2025\\\/09\\\/WhatsApp-Image-2025-09-18-at-15.14.44-1-scaled.jpeg\",\"datePublished\":\"2025-09-18T21:20:04+00:00\",\"author\":{\"@id\":\"https:\\\/\\\/www.yucatanencorto.com\\\/noticias\\\/#\\\/schema\\\/person\\\/f0ec40c33447bbc0dc2d01d3006de771\"},\"breadcrumb\":{\"@id\":\"https:\\\/\\\/www.yucatanencorto.com\\\/noticias\\\/aprueban-por-mayoria-calificada-convenios-para-brindar-atencion-medica-odontologica-nutricional-y-de-laboratorio\\\/#breadcrumb\"},\"inLanguage\":\"es\",\"potentialAction\":[{\"@type\":\"ReadAction\",\"target\":[\"https:\\\/\\\/www.yucatanencorto.com\\\/noticias\\\/aprueban-por-mayoria-calificada-convenios-para-brindar-atencion-medica-odontologica-nutricional-y-de-laboratorio\\\/\"]}]},{\"@type\":\"ImageObject\",\"inLanguage\":\"es\",\"@id\":\"https:\\\/\\\/www.yucatanencorto.com\\\/noticias\\\/aprueban-por-mayoria-calificada-convenios-para-brindar-atencion-medica-odontologica-nutricional-y-de-laboratorio\\\/#primaryimage\",\"url\":\"https:\\\/\\\/www.yucatanencorto.com\\\/noticias\\\/wp-content\\\/uploads\\\/2025\\\/09\\\/WhatsApp-Image-2025-09-18-at-15.14.44-1-scaled.jpeg\",\"contentUrl\":\"https:\\\/\\\/www.yucatanencorto.com\\\/noticias\\\/wp-content\\\/uploads\\\/2025\\\/09\\\/WhatsApp-Image-2025-09-18-at-15.14.44-1-scaled.jpeg\",\"width\":768,\"height\":512},{\"@type\":\"BreadcrumbList\",\"@id\":\"https:\\\/\\\/www.yucatanencorto.com\\\/noticias\\\/aprueban-por-mayoria-calificada-convenios-para-brindar-atencion-medica-odontologica-nutricional-y-de-laboratorio\\\/#breadcrumb\",\"itemListElement\":[{\"@type\":\"ListItem\",\"position\":1,\"name\":\"Portada\",\"item\":\"https:\\\/\\\/www.yucatanencorto.com\\\/noticias\\\/\"},{\"@type\":\"ListItem\",\"position\":2,\"name\":\"Aprueban por mayor\u00eda calificada convenios para brindar atenci\u00f3n m\u00e9dica, odontol\u00f3gica, nutricional y de laboratorio\"}]},{\"@type\":\"WebSite\",\"@id\":\"https:\\\/\\\/www.yucatanencorto.com\\\/noticias\\\/#website\",\"url\":\"https:\\\/\\\/www.yucatanencorto.com\\\/noticias\\\/\",\"name\":\"Yucat\u00e1n en corto\",\"description\":\"Noticias\",\"potentialAction\":[{\"@type\":\"SearchAction\",\"target\":{\"@type\":\"EntryPoint\",\"urlTemplate\":\"https:\\\/\\\/www.yucatanencorto.com\\\/noticias\\\/?s={search_term_string}\"},\"query-input\":{\"@type\":\"PropertyValueSpecification\",\"valueRequired\":true,\"valueName\":\"search_term_string\"}}],\"inLanguage\":\"es\"},{\"@type\":\"Person\",\"@id\":\"https:\\\/\\\/www.yucatanencorto.com\\\/noticias\\\/#\\\/schema\\\/person\\\/f0ec40c33447bbc0dc2d01d3006de771\",\"name\":\"Yucat\u00e1n en Corto\",\"image\":{\"@type\":\"ImageObject\",\"inLanguage\":\"es\",\"@id\":\"https:\\\/\\\/secure.gravatar.com\\\/avatar\\\/20e0a6b626f38fa8e545fb3f80ce566efd790bf8877e65c3a482460cc3e0b5d1?s=96&d=mm&r=g\",\"url\":\"https:\\\/\\\/secure.gravatar.com\\\/avatar\\\/20e0a6b626f38fa8e545fb3f80ce566efd790bf8877e65c3a482460cc3e0b5d1?s=96&d=mm&r=g\",\"contentUrl\":\"https:\\\/\\\/secure.gravatar.com\\\/avatar\\\/20e0a6b626f38fa8e545fb3f80ce566efd790bf8877e65c3a482460cc3e0b5d1?s=96&d=mm&r=g\",\"caption\":\"Yucat\u00e1n en Corto\"},\"url\":\"https:\\\/\\\/www.yucatanencorto.com\\\/noticias\\\/author\\\/editor25\\\/\"}]}<\/script>\n<!-- \/ Yoast SEO plugin. -->","yoast_head_json":{"title":"Aprueban por mayor\u00eda calificada convenios para brindar atenci\u00f3n m\u00e9dica, odontol\u00f3gica, nutricional y de laboratorio - Yucat\u00e1n en corto","robots":{"index":"index","follow":"follow","max-snippet":"max-snippet:-1","max-image-preview":"max-image-preview:large","max-video-preview":"max-video-preview:-1"},"canonical":"https:\/\/www.yucatanencorto.com\/noticias\/aprueban-por-mayoria-calificada-convenios-para-brindar-atencion-medica-odontologica-nutricional-y-de-laboratorio\/","og_locale":"es_ES","og_type":"article","og_title":"Aprueban por mayor\u00eda calificada convenios para brindar atenci\u00f3n m\u00e9dica, odontol\u00f3gica, nutricional y de laboratorio - Yucat\u00e1n en corto","og_description":"M\u00e9rida, Yucat\u00e1n, jueves 18 de septiembre de 2025.- El Cabildo de M\u00e9rida aprob\u00f3 por mayor\u00eda calificada que el Ayuntamiento contribuya al acceso a servicios de salud a bajo costo para las familias, mediante la implementaci\u00f3n de seis Centros de Medicina Preventiva Integral (CMPI), que la presidenta municipal Cecilia Patr\u00f3n Laviada calific\u00f3 como un acierto en [&hellip;]","og_url":"https:\/\/www.yucatanencorto.com\/noticias\/aprueban-por-mayoria-calificada-convenios-para-brindar-atencion-medica-odontologica-nutricional-y-de-laboratorio\/","og_site_name":"Yucat\u00e1n en corto","article_publisher":"http:\/\/www.facebook.com\/yucatanencorto","article_published_time":"2025-09-18T21:20:04+00:00","og_image":[{"width":768,"height":512,"url":"https:\/\/www.yucatanencorto.com\/noticias\/wp-content\/uploads\/2025\/09\/WhatsApp-Image-2025-09-18-at-15.14.44-1-scaled.jpeg","type":"image\/jpeg"}],"author":"Yucat\u00e1n en Corto","twitter_card":"summary_large_image","twitter_creator":"@yucatanencorto","twitter_site":"@yucatanencorto","twitter_misc":{"Escrito por":"Yucat\u00e1n en Corto","Tiempo de lectura":"4 minutos"},"schema":{"@context":"https:\/\/schema.org","@graph":[{"@type":"Article","@id":"https:\/\/www.yucatanencorto.com\/noticias\/aprueban-por-mayoria-calificada-convenios-para-brindar-atencion-medica-odontologica-nutricional-y-de-laboratorio\/#article","isPartOf":{"@id":"https:\/\/www.yucatanencorto.com\/noticias\/aprueban-por-mayoria-calificada-convenios-para-brindar-atencion-medica-odontologica-nutricional-y-de-laboratorio\/"},"author":{"name":"Yucat\u00e1n en Corto","@id":"https:\/\/www.yucatanencorto.com\/noticias\/#\/schema\/person\/f0ec40c33447bbc0dc2d01d3006de771"},"headline":"Aprueban por mayor\u00eda calificada convenios para brindar atenci\u00f3n m\u00e9dica, odontol\u00f3gica, nutricional y de laboratorio","datePublished":"2025-09-18T21:20:04+00:00","mainEntityOfPage":{"@id":"https:\/\/www.yucatanencorto.com\/noticias\/aprueban-por-mayoria-calificada-convenios-para-brindar-atencion-medica-odontologica-nutricional-y-de-laboratorio\/"},"wordCount":688,"image":{"@id":"https:\/\/www.yucatanencorto.com\/noticias\/aprueban-por-mayoria-calificada-convenios-para-brindar-atencion-medica-odontologica-nutricional-y-de-laboratorio\/#primaryimage"},"thumbnailUrl":"https:\/\/www.yucatanencorto.com\/noticias\/wp-content\/uploads\/2025\/09\/WhatsApp-Image-2025-09-18-at-15.14.44-1-scaled.jpeg","articleSection":["M\u00e9rida"],"inLanguage":"es"},{"@type":"WebPage","@id":"https:\/\/www.yucatanencorto.com\/noticias\/aprueban-por-mayoria-calificada-convenios-para-brindar-atencion-medica-odontologica-nutricional-y-de-laboratorio\/","url":"https:\/\/www.yucatanencorto.com\/noticias\/aprueban-por-mayoria-calificada-convenios-para-brindar-atencion-medica-odontologica-nutricional-y-de-laboratorio\/","name":"Aprueban por mayor\u00eda calificada convenios para brindar atenci\u00f3n m\u00e9dica, odontol\u00f3gica, nutricional y de laboratorio - Yucat\u00e1n en corto","isPartOf":{"@id":"https:\/\/www.yucatanencorto.com\/noticias\/#website"},"primaryImageOfPage":{"@id":"https:\/\/www.yucatanencorto.com\/noticias\/aprueban-por-mayoria-calificada-convenios-para-brindar-atencion-medica-odontologica-nutricional-y-de-laboratorio\/#primaryimage"},"image":{"@id":"https:\/\/www.yucatanencorto.com\/noticias\/aprueban-por-mayoria-calificada-convenios-para-brindar-atencion-medica-odontologica-nutricional-y-de-laboratorio\/#primaryimage"},"thumbnailUrl":"https:\/\/www.yucatanencorto.com\/noticias\/wp-content\/uploads\/2025\/09\/WhatsApp-Image-2025-09-18-at-15.14.44-1-scaled.jpeg","datePublished":"2025-09-18T21:20:04+00:00","author":{"@id":"https:\/\/www.yucatanencorto.com\/noticias\/#\/schema\/person\/f0ec40c33447bbc0dc2d01d3006de771"},"breadcrumb":{"@id":"https:\/\/www.yucatanencorto.com\/noticias\/aprueban-por-mayoria-calificada-convenios-para-brindar-atencion-medica-odontologica-nutricional-y-de-laboratorio\/#breadcrumb"},"inLanguage":"es","potentialAction":[{"@type":"ReadAction","target":["https:\/\/www.yucatanencorto.com\/noticias\/aprueban-por-mayoria-calificada-convenios-para-brindar-atencion-medica-odontologica-nutricional-y-de-laboratorio\/"]}]},{"@type":"ImageObject","inLanguage":"es","@id":"https:\/\/www.yucatanencorto.com\/noticias\/aprueban-por-mayoria-calificada-convenios-para-brindar-atencion-medica-odontologica-nutricional-y-de-laboratorio\/#primaryimage","url":"https:\/\/www.yucatanencorto.com\/noticias\/wp-content\/uploads\/2025\/09\/WhatsApp-Image-2025-09-18-at-15.14.44-1-scaled.jpeg","contentUrl":"https:\/\/www.yucatanencorto.com\/noticias\/wp-content\/uploads\/2025\/09\/WhatsApp-Image-2025-09-18-at-15.14.44-1-scaled.jpeg","width":768,"height":512},{"@type":"BreadcrumbList","@id":"https:\/\/www.yucatanencorto.com\/noticias\/aprueban-por-mayoria-calificada-convenios-para-brindar-atencion-medica-odontologica-nutricional-y-de-laboratorio\/#breadcrumb","itemListElement":[{"@type":"ListItem","position":1,"name":"Portada","item":"https:\/\/www.yucatanencorto.com\/noticias\/"},{"@type":"ListItem","position":2,"name":"Aprueban por mayor\u00eda calificada convenios para brindar atenci\u00f3n m\u00e9dica, odontol\u00f3gica, nutricional y de laboratorio"}]},{"@type":"WebSite","@id":"https:\/\/www.yucatanencorto.com\/noticias\/#website","url":"https:\/\/www.yucatanencorto.com\/noticias\/","name":"Yucat\u00e1n en corto","description":"Noticias","potentialAction":[{"@type":"SearchAction","target":{"@type":"EntryPoint","urlTemplate":"https:\/\/www.yucatanencorto.com\/noticias\/?s={search_term_string}"},"query-input":{"@type":"PropertyValueSpecification","valueRequired":true,"valueName":"search_term_string"}}],"inLanguage":"es"},{"@type":"Person","@id":"https:\/\/www.yucatanencorto.com\/noticias\/#\/schema\/person\/f0ec40c33447bbc0dc2d01d3006de771","name":"Yucat\u00e1n en Corto","image":{"@type":"ImageObject","inLanguage":"es","@id":"https:\/\/secure.gravatar.com\/avatar\/20e0a6b626f38fa8e545fb3f80ce566efd790bf8877e65c3a482460cc3e0b5d1?s=96&d=mm&r=g","url":"https:\/\/secure.gravatar.com\/avatar\/20e0a6b626f38fa8e545fb3f80ce566efd790bf8877e65c3a482460cc3e0b5d1?s=96&d=mm&r=g","contentUrl":"https:\/\/secure.gravatar.com\/avatar\/20e0a6b626f38fa8e545fb3f80ce566efd790bf8877e65c3a482460cc3e0b5d1?s=96&d=mm&r=g","caption":"Yucat\u00e1n en Corto"},"url":"https:\/\/www.yucatanencorto.com\/noticias\/author\/editor25\/"}]}},"_links":{"self":[{"href":"https:\/\/www.yucatanencorto.com\/noticias\/wp-json\/wp\/v2\/posts\/115819","targetHints":{"allow":["GET"]}}],"collection":[{"href":"https:\/\/www.yucatanencorto.com\/noticias\/wp-json\/wp\/v2\/posts"}],"about":[{"href":"https:\/\/www.yucatanencorto.com\/noticias\/wp-json\/wp\/v2\/types\/post"}],"author":[{"embeddable":true,"href":"https:\/\/www.yucatanencorto.com\/noticias\/wp-json\/wp\/v2\/users\/4"}],"replies":[{"embeddable":true,"href":"https:\/\/www.yucatanencorto.com\/noticias\/wp-json\/wp\/v2\/comments?post=115819"}],"version-history":[{"count":1,"href":"https:\/\/www.yucatanencorto.com\/noticias\/wp-json\/wp\/v2\/posts\/115819\/revisions"}],"predecessor-version":[{"id":115821,"href":"https:\/\/www.yucatanencorto.com\/noticias\/wp-json\/wp\/v2\/posts\/115819\/revisions\/115821"}],"wp:featuredmedia":[{"embeddable":true,"href":"https:\/\/www.yucatanencorto.com\/noticias\/wp-json\/wp\/v2\/media\/115820"}],"wp:attachment":[{"href":"https:\/\/www.yucatanencorto.com\/noticias\/wp-json\/wp\/v2\/media?parent=115819"}],"wp:term":[{"taxonomy":"category","embeddable":true,"href":"https:\/\/www.yucatanencorto.com\/noticias\/wp-json\/wp\/v2\/categories?post=115819"},{"taxonomy":"post_tag","embeddable":true,"href":"https:\/\/www.yucatanencorto.com\/noticias\/wp-json\/wp\/v2\/tags?post=115819"}],"curies":[{"name":"wp","href":"https:\/\/api.w.org\/{rel}","templated":true}]}}