{"id":115822,"date":"2025-09-18T15:59:57","date_gmt":"2025-09-18T21:59:57","guid":{"rendered":"https:\/\/www.yucatanencorto.com\/noticias\/?p=115822"},"modified":"2025-09-18T15:59:57","modified_gmt":"2025-09-18T21:59:57","slug":"se-anuncio-una-nueva-edicio-del-merida-restaurant-week","status":"publish","type":"post","link":"https:\/\/www.yucatanencorto.com\/noticias\/se-anuncio-una-nueva-edicio-del-merida-restaurant-week\/","title":{"rendered":"Se anunci\u00f3 una nueva edici\u00f3 del M\u00e9rida Restaurant Week"},"content":{"rendered":"<p><img loading=\"lazy\" decoding=\"async\" class=\"alignnone size-full wp-image-115823\" src=\"https:\/\/www.yucatanencorto.com\/noticias\/wp-content\/uploads\/2025\/09\/WhatsApp-Image-2025-09-18-at-15.57.17-2-scaled.jpeg\" alt=\"\" width=\"768\" height=\"512\" srcset=\"https:\/\/www.yucatanencorto.com\/noticias\/wp-content\/uploads\/2025\/09\/WhatsApp-Image-2025-09-18-at-15.57.17-2-scaled.jpeg 768w, https:\/\/www.yucatanencorto.com\/noticias\/wp-content\/uploads\/2025\/09\/WhatsApp-Image-2025-09-18-at-15.57.17-2-1536x1024.jpeg 1536w, https:\/\/www.yucatanencorto.com\/noticias\/wp-content\/uploads\/2025\/09\/WhatsApp-Image-2025-09-18-at-15.57.17-2-150x100.jpeg 150w, https:\/\/www.yucatanencorto.com\/noticias\/wp-content\/uploads\/2025\/09\/WhatsApp-Image-2025-09-18-at-15.57.17-2-300x200.jpeg 300w, https:\/\/www.yucatanencorto.com\/noticias\/wp-content\/uploads\/2025\/09\/WhatsApp-Image-2025-09-18-at-15.57.17-2-696x464.jpeg 696w, https:\/\/www.yucatanencorto.com\/noticias\/wp-content\/uploads\/2025\/09\/WhatsApp-Image-2025-09-18-at-15.57.17-2-1068x712.jpeg 1068w\" sizes=\"auto, (max-width: 768px) 100vw, 768px\" \/><\/p>\n<p>M\u00e9rida, Yucat\u00e1n, jueves 18 de septiembre de 2025.- M\u00e9rida vuelve a ser epicentro del turismo gastron\u00f3mico nacional e internacional con el \u201cM\u00e9rida Restaurant Week\u201d, evento en el que se podr\u00e1 disfrutar de lo mejor de la cocina yucateca e internacional en amplia variedad de restaurantes, afirm\u00f3 la presidenta municipal Cecilia Patr\u00f3n Laviada.<\/p>\n<p>\u201cM\u00e9rida es cultura, es fiesta, es historia, es comunidad\u2026 \u00a1y tambi\u00e9n es sabor!<br \/>\nAqu\u00ed se come bien, aqu\u00ed se disfruta, aqu\u00ed nos unimos alrededor de la mesa. Hoy M\u00e9rida es parte de la red de ciudades creativas de la Unesco y es reconocida como ciudad gastron\u00f3mica\u201d, expres\u00f3 Cecilia.<\/p>\n<p>La alcaldesa encabez\u00f3 la rueda de prensa junto a Claudia Gonz\u00e1lez G\u00f3ngora, presidenta de la C\u00e1mara Nacional de la Industria de Restaurantes y Alimentos Condimentados (CANIRAC) Yucat\u00e1n y del Consejo Coordinador Empresarial (CCE), para dar a conocer los detalles de la s\u00e9ptima edici\u00f3n de la fiesta gastron\u00f3mica programada del 29 de septiembre al 5 de octubre. La celebraci\u00f3n coincidir\u00e1 con el primer Festival de Jazz de M\u00e9rida, que se llevar\u00e1 a cabo del 1 al 4 de octubre<\/p>\n<p>Enfatiz\u00f3 que M\u00e9rida es la capital cultural y gastron\u00f3mica del sureste, por lo que este evento no solo es una celebraci\u00f3n de la gastronom\u00eda, sino que tambi\u00e9n genera empleos y oportunidades para las familias meridanas donde los peque\u00f1os negocios y restaurantes locales pueden beneficiarse de la derrama econ\u00f3mica que genera el evento.<\/p>\n<p>\u201cCada restaurante que participa es un embajador de nuestra cultura gastron\u00f3mica, un guardi\u00e1n de nuestras tradiciones y un motor de la creatividad meridana, recordemos que el turismo genera 17 pesos de cada 100 pesos que se generan en la entidad, y es muy importante porque a trav\u00e9s del turismo tambi\u00e9n se logra la justicia social y que m\u00e1s familias puedan tener mejores ingresos\u201d, enfatiz\u00f3.<\/p>\n<p>Adem\u00e1s, Cecilia destac\u00f3 que este a\u00f1o el Restaurant Week coincidir\u00e1 con el primer Festival de Jazz de M\u00e9rida, que se llevar\u00e1 a cabo del 1 al 4 de octubre. Durante este encuentro, los asistentes podr\u00e1n disfrutar de la mejor m\u00fasica con talento local, nacional e internacional, y luego deleitarse con los sabores m\u00e1s ricos en restaurantes con promociones accesibles para todos los gustos y presupuestos.<\/p>\n<p>\u201cVan a ser d\u00edas maravillosos para nuestra ciudad, para que todos disfrutemos y sobre todo para que vivamos la comunidad, si M\u00e9rida es una ciudad en armon\u00eda y en paz, es porque vive en comunidad y eso es lo que fomentamos con acciones como el Restaurant Week, como el Festival de Jazz de M\u00e9rida, para que la gente disfrute de su ciudad y la goce\u201d, expres\u00f3.<br \/>\nPor su parte, Claudia Gonz\u00e1lez, presidenta de la Canirac Yucat\u00e1n asegur\u00f3 que en la s\u00e9ptima edici\u00f3n del M\u00e9rida Restaurant Week, los restaurantes participantes estar\u00e1n ofreciendo platillos y men\u00fas especiales con precios de $199, $299 y $499 que ofrecen lo mejor de la gastronom\u00eda local, nacional e internacional e incluye plato fuerte, bebida y entrada o postre.<\/p>\n<p>La ubicaci\u00f3n de los restaurantes participantes, as\u00ed como el men\u00fa correspondiente a cada precio se pueden encontrar en el link www.meridarestaurantweek.com<br \/>\nLos men\u00fas especiales estar\u00e1n disponibles durante el horario habitual, algunos para desayunar, comer o cenar en el lugar. Los restaurantes participantes son del municipio de M\u00e9rida y del interior del estado adheridos a Canirac.<\/p>\n<p>Cabe recordar que M\u00e9rida es la ciudad m\u00e1s competitiva del sureste, seg\u00fan el IMCO; la ciudad m\u00e1s segura de M\u00e9xico, de acuerdo con el Secretariado Ejecutivo del Sistema Nacional de Seguridad P\u00fablica 2025; y una de las m\u00e1s seguras de Am\u00e9rica, reconocida por la revista internacional CEO World.<\/p>\n<p>En el pres\u00eddium estuvieron presentes Jorge Ermilo Barrera Novelo, secretario de Econom\u00eda y Trabajo del Estado de Yucat\u00e1n, y Flora Zapata Mendiolea, coordinadora general de Justicia Social y Desarrollo Humano del Ayuntamiento de M\u00e9rida.<\/p>\n","protected":false},"excerpt":{"rendered":"<p>M\u00e9rida, Yucat\u00e1n, jueves 18 de septiembre de 2025.- M\u00e9rida vuelve a ser epicentro del turismo gastron\u00f3mico nacional e internacional con el \u201cM\u00e9rida Restaurant Week\u201d, evento en el que se podr\u00e1 disfrutar de lo mejor de la cocina yucateca e internacional en amplia variedad de restaurantes, afirm\u00f3 la presidenta municipal Cecilia Patr\u00f3n Laviada. \u201cM\u00e9rida es cultura, [&hellip;]<\/p>\n","protected":false},"author":4,"featured_media":115823,"comment_status":"closed","ping_status":"closed","sticky":false,"template":"","format":"standard","meta":{"footnotes":""},"categories":[2],"tags":[],"class_list":{"0":"post-115822","1":"post","2":"type-post","3":"status-publish","4":"format-standard","5":"has-post-thumbnail","7":"category-merida"},"yoast_head":"<!-- This site is optimized with the Yoast SEO plugin v27.4 - https:\/\/yoast.com\/product\/yoast-seo-wordpress\/ -->\n<title>Se anunci\u00f3 una nueva edici\u00f3 del M\u00e9rida Restaurant Week - Yucat\u00e1n en corto<\/title>\n<meta name=\"robots\" content=\"index, follow, max-snippet:-1, max-image-preview:large, max-video-preview:-1\" \/>\n<link rel=\"canonical\" href=\"https:\/\/www.yucatanencorto.com\/noticias\/se-anuncio-una-nueva-edicio-del-merida-restaurant-week\/\" \/>\n<meta property=\"og:locale\" content=\"es_ES\" \/>\n<meta property=\"og:type\" content=\"article\" \/>\n<meta property=\"og:title\" content=\"Se anunci\u00f3 una nueva edici\u00f3 del M\u00e9rida Restaurant Week - Yucat\u00e1n en corto\" \/>\n<meta property=\"og:description\" content=\"M\u00e9rida, Yucat\u00e1n, jueves 18 de septiembre de 2025.- M\u00e9rida vuelve a ser epicentro del turismo gastron\u00f3mico nacional e internacional con el \u201cM\u00e9rida Restaurant Week\u201d, evento en el que se podr\u00e1 disfrutar de lo mejor de la cocina yucateca e internacional en amplia variedad de restaurantes, afirm\u00f3 la presidenta municipal Cecilia Patr\u00f3n Laviada. \u201cM\u00e9rida es cultura, [&hellip;]\" \/>\n<meta property=\"og:url\" content=\"https:\/\/www.yucatanencorto.com\/noticias\/se-anuncio-una-nueva-edicio-del-merida-restaurant-week\/\" \/>\n<meta property=\"og:site_name\" content=\"Yucat\u00e1n en corto\" \/>\n<meta property=\"article:publisher\" content=\"http:\/\/www.facebook.com\/yucatanencorto\" \/>\n<meta property=\"article:published_time\" content=\"2025-09-18T21:59:57+00:00\" \/>\n<meta property=\"og:image\" content=\"https:\/\/www.yucatanencorto.com\/noticias\/wp-content\/uploads\/2025\/09\/WhatsApp-Image-2025-09-18-at-15.57.17-2-scaled.jpeg\" \/>\n\t<meta property=\"og:image:width\" content=\"768\" \/>\n\t<meta property=\"og:image:height\" content=\"512\" \/>\n\t<meta property=\"og:image:type\" content=\"image\/jpeg\" \/>\n<meta name=\"author\" content=\"Yucat\u00e1n en Corto\" \/>\n<meta name=\"twitter:card\" content=\"summary_large_image\" \/>\n<meta name=\"twitter:creator\" content=\"@yucatanencorto\" \/>\n<meta name=\"twitter:site\" content=\"@yucatanencorto\" \/>\n<meta name=\"twitter:label1\" content=\"Escrito por\" \/>\n\t<meta name=\"twitter:data1\" content=\"Yucat\u00e1n en Corto\" \/>\n\t<meta name=\"twitter:label2\" content=\"Tiempo de lectura\" \/>\n\t<meta name=\"twitter:data2\" content=\"4 minutos\" \/>\n<script type=\"application\/ld+json\" class=\"yoast-schema-graph\">{\"@context\":\"https:\\\/\\\/schema.org\",\"@graph\":[{\"@type\":\"Article\",\"@id\":\"https:\\\/\\\/www.yucatanencorto.com\\\/noticias\\\/se-anuncio-una-nueva-edicio-del-merida-restaurant-week\\\/#article\",\"isPartOf\":{\"@id\":\"https:\\\/\\\/www.yucatanencorto.com\\\/noticias\\\/se-anuncio-una-nueva-edicio-del-merida-restaurant-week\\\/\"},\"author\":{\"name\":\"Yucat\u00e1n en Corto\",\"@id\":\"https:\\\/\\\/www.yucatanencorto.com\\\/noticias\\\/#\\\/schema\\\/person\\\/f0ec40c33447bbc0dc2d01d3006de771\"},\"headline\":\"Se anunci\u00f3 una nueva edici\u00f3 del M\u00e9rida Restaurant Week\",\"datePublished\":\"2025-09-18T21:59:57+00:00\",\"mainEntityOfPage\":{\"@id\":\"https:\\\/\\\/www.yucatanencorto.com\\\/noticias\\\/se-anuncio-una-nueva-edicio-del-merida-restaurant-week\\\/\"},\"wordCount\":682,\"image\":{\"@id\":\"https:\\\/\\\/www.yucatanencorto.com\\\/noticias\\\/se-anuncio-una-nueva-edicio-del-merida-restaurant-week\\\/#primaryimage\"},\"thumbnailUrl\":\"https:\\\/\\\/www.yucatanencorto.com\\\/noticias\\\/wp-content\\\/uploads\\\/2025\\\/09\\\/WhatsApp-Image-2025-09-18-at-15.57.17-2-scaled.jpeg\",\"articleSection\":[\"M\u00e9rida\"],\"inLanguage\":\"es\"},{\"@type\":\"WebPage\",\"@id\":\"https:\\\/\\\/www.yucatanencorto.com\\\/noticias\\\/se-anuncio-una-nueva-edicio-del-merida-restaurant-week\\\/\",\"url\":\"https:\\\/\\\/www.yucatanencorto.com\\\/noticias\\\/se-anuncio-una-nueva-edicio-del-merida-restaurant-week\\\/\",\"name\":\"Se anunci\u00f3 una nueva edici\u00f3 del M\u00e9rida Restaurant Week - Yucat\u00e1n en corto\",\"isPartOf\":{\"@id\":\"https:\\\/\\\/www.yucatanencorto.com\\\/noticias\\\/#website\"},\"primaryImageOfPage\":{\"@id\":\"https:\\\/\\\/www.yucatanencorto.com\\\/noticias\\\/se-anuncio-una-nueva-edicio-del-merida-restaurant-week\\\/#primaryimage\"},\"image\":{\"@id\":\"https:\\\/\\\/www.yucatanencorto.com\\\/noticias\\\/se-anuncio-una-nueva-edicio-del-merida-restaurant-week\\\/#primaryimage\"},\"thumbnailUrl\":\"https:\\\/\\\/www.yucatanencorto.com\\\/noticias\\\/wp-content\\\/uploads\\\/2025\\\/09\\\/WhatsApp-Image-2025-09-18-at-15.57.17-2-scaled.jpeg\",\"datePublished\":\"2025-09-18T21:59:57+00:00\",\"author\":{\"@id\":\"https:\\\/\\\/www.yucatanencorto.com\\\/noticias\\\/#\\\/schema\\\/person\\\/f0ec40c33447bbc0dc2d01d3006de771\"},\"breadcrumb\":{\"@id\":\"https:\\\/\\\/www.yucatanencorto.com\\\/noticias\\\/se-anuncio-una-nueva-edicio-del-merida-restaurant-week\\\/#breadcrumb\"},\"inLanguage\":\"es\",\"potentialAction\":[{\"@type\":\"ReadAction\",\"target\":[\"https:\\\/\\\/www.yucatanencorto.com\\\/noticias\\\/se-anuncio-una-nueva-edicio-del-merida-restaurant-week\\\/\"]}]},{\"@type\":\"ImageObject\",\"inLanguage\":\"es\",\"@id\":\"https:\\\/\\\/www.yucatanencorto.com\\\/noticias\\\/se-anuncio-una-nueva-edicio-del-merida-restaurant-week\\\/#primaryimage\",\"url\":\"https:\\\/\\\/www.yucatanencorto.com\\\/noticias\\\/wp-content\\\/uploads\\\/2025\\\/09\\\/WhatsApp-Image-2025-09-18-at-15.57.17-2-scaled.jpeg\",\"contentUrl\":\"https:\\\/\\\/www.yucatanencorto.com\\\/noticias\\\/wp-content\\\/uploads\\\/2025\\\/09\\\/WhatsApp-Image-2025-09-18-at-15.57.17-2-scaled.jpeg\",\"width\":768,\"height\":512},{\"@type\":\"BreadcrumbList\",\"@id\":\"https:\\\/\\\/www.yucatanencorto.com\\\/noticias\\\/se-anuncio-una-nueva-edicio-del-merida-restaurant-week\\\/#breadcrumb\",\"itemListElement\":[{\"@type\":\"ListItem\",\"position\":1,\"name\":\"Portada\",\"item\":\"https:\\\/\\\/www.yucatanencorto.com\\\/noticias\\\/\"},{\"@type\":\"ListItem\",\"position\":2,\"name\":\"Se anunci\u00f3 una nueva edici\u00f3 del M\u00e9rida Restaurant Week\"}]},{\"@type\":\"WebSite\",\"@id\":\"https:\\\/\\\/www.yucatanencorto.com\\\/noticias\\\/#website\",\"url\":\"https:\\\/\\\/www.yucatanencorto.com\\\/noticias\\\/\",\"name\":\"Yucat\u00e1n en corto\",\"description\":\"Noticias\",\"potentialAction\":[{\"@type\":\"SearchAction\",\"target\":{\"@type\":\"EntryPoint\",\"urlTemplate\":\"https:\\\/\\\/www.yucatanencorto.com\\\/noticias\\\/?s={search_term_string}\"},\"query-input\":{\"@type\":\"PropertyValueSpecification\",\"valueRequired\":true,\"valueName\":\"search_term_string\"}}],\"inLanguage\":\"es\"},{\"@type\":\"Person\",\"@id\":\"https:\\\/\\\/www.yucatanencorto.com\\\/noticias\\\/#\\\/schema\\\/person\\\/f0ec40c33447bbc0dc2d01d3006de771\",\"name\":\"Yucat\u00e1n en Corto\",\"image\":{\"@type\":\"ImageObject\",\"inLanguage\":\"es\",\"@id\":\"https:\\\/\\\/secure.gravatar.com\\\/avatar\\\/20e0a6b626f38fa8e545fb3f80ce566efd790bf8877e65c3a482460cc3e0b5d1?s=96&d=mm&r=g\",\"url\":\"https:\\\/\\\/secure.gravatar.com\\\/avatar\\\/20e0a6b626f38fa8e545fb3f80ce566efd790bf8877e65c3a482460cc3e0b5d1?s=96&d=mm&r=g\",\"contentUrl\":\"https:\\\/\\\/secure.gravatar.com\\\/avatar\\\/20e0a6b626f38fa8e545fb3f80ce566efd790bf8877e65c3a482460cc3e0b5d1?s=96&d=mm&r=g\",\"caption\":\"Yucat\u00e1n en Corto\"},\"url\":\"https:\\\/\\\/www.yucatanencorto.com\\\/noticias\\\/author\\\/editor25\\\/\"}]}<\/script>\n<!-- \/ Yoast SEO plugin. -->","yoast_head_json":{"title":"Se anunci\u00f3 una nueva edici\u00f3 del M\u00e9rida Restaurant Week - Yucat\u00e1n en corto","robots":{"index":"index","follow":"follow","max-snippet":"max-snippet:-1","max-image-preview":"max-image-preview:large","max-video-preview":"max-video-preview:-1"},"canonical":"https:\/\/www.yucatanencorto.com\/noticias\/se-anuncio-una-nueva-edicio-del-merida-restaurant-week\/","og_locale":"es_ES","og_type":"article","og_title":"Se anunci\u00f3 una nueva edici\u00f3 del M\u00e9rida Restaurant Week - Yucat\u00e1n en corto","og_description":"M\u00e9rida, Yucat\u00e1n, jueves 18 de septiembre de 2025.- M\u00e9rida vuelve a ser epicentro del turismo gastron\u00f3mico nacional e internacional con el \u201cM\u00e9rida Restaurant Week\u201d, evento en el que se podr\u00e1 disfrutar de lo mejor de la cocina yucateca e internacional en amplia variedad de restaurantes, afirm\u00f3 la presidenta municipal Cecilia Patr\u00f3n Laviada. \u201cM\u00e9rida es cultura, [&hellip;]","og_url":"https:\/\/www.yucatanencorto.com\/noticias\/se-anuncio-una-nueva-edicio-del-merida-restaurant-week\/","og_site_name":"Yucat\u00e1n en corto","article_publisher":"http:\/\/www.facebook.com\/yucatanencorto","article_published_time":"2025-09-18T21:59:57+00:00","og_image":[{"width":768,"height":512,"url":"https:\/\/www.yucatanencorto.com\/noticias\/wp-content\/uploads\/2025\/09\/WhatsApp-Image-2025-09-18-at-15.57.17-2-scaled.jpeg","type":"image\/jpeg"}],"author":"Yucat\u00e1n en Corto","twitter_card":"summary_large_image","twitter_creator":"@yucatanencorto","twitter_site":"@yucatanencorto","twitter_misc":{"Escrito por":"Yucat\u00e1n en Corto","Tiempo de lectura":"4 minutos"},"schema":{"@context":"https:\/\/schema.org","@graph":[{"@type":"Article","@id":"https:\/\/www.yucatanencorto.com\/noticias\/se-anuncio-una-nueva-edicio-del-merida-restaurant-week\/#article","isPartOf":{"@id":"https:\/\/www.yucatanencorto.com\/noticias\/se-anuncio-una-nueva-edicio-del-merida-restaurant-week\/"},"author":{"name":"Yucat\u00e1n en Corto","@id":"https:\/\/www.yucatanencorto.com\/noticias\/#\/schema\/person\/f0ec40c33447bbc0dc2d01d3006de771"},"headline":"Se anunci\u00f3 una nueva edici\u00f3 del M\u00e9rida Restaurant Week","datePublished":"2025-09-18T21:59:57+00:00","mainEntityOfPage":{"@id":"https:\/\/www.yucatanencorto.com\/noticias\/se-anuncio-una-nueva-edicio-del-merida-restaurant-week\/"},"wordCount":682,"image":{"@id":"https:\/\/www.yucatanencorto.com\/noticias\/se-anuncio-una-nueva-edicio-del-merida-restaurant-week\/#primaryimage"},"thumbnailUrl":"https:\/\/www.yucatanencorto.com\/noticias\/wp-content\/uploads\/2025\/09\/WhatsApp-Image-2025-09-18-at-15.57.17-2-scaled.jpeg","articleSection":["M\u00e9rida"],"inLanguage":"es"},{"@type":"WebPage","@id":"https:\/\/www.yucatanencorto.com\/noticias\/se-anuncio-una-nueva-edicio-del-merida-restaurant-week\/","url":"https:\/\/www.yucatanencorto.com\/noticias\/se-anuncio-una-nueva-edicio-del-merida-restaurant-week\/","name":"Se anunci\u00f3 una nueva edici\u00f3 del M\u00e9rida Restaurant Week - Yucat\u00e1n en corto","isPartOf":{"@id":"https:\/\/www.yucatanencorto.com\/noticias\/#website"},"primaryImageOfPage":{"@id":"https:\/\/www.yucatanencorto.com\/noticias\/se-anuncio-una-nueva-edicio-del-merida-restaurant-week\/#primaryimage"},"image":{"@id":"https:\/\/www.yucatanencorto.com\/noticias\/se-anuncio-una-nueva-edicio-del-merida-restaurant-week\/#primaryimage"},"thumbnailUrl":"https:\/\/www.yucatanencorto.com\/noticias\/wp-content\/uploads\/2025\/09\/WhatsApp-Image-2025-09-18-at-15.57.17-2-scaled.jpeg","datePublished":"2025-09-18T21:59:57+00:00","author":{"@id":"https:\/\/www.yucatanencorto.com\/noticias\/#\/schema\/person\/f0ec40c33447bbc0dc2d01d3006de771"},"breadcrumb":{"@id":"https:\/\/www.yucatanencorto.com\/noticias\/se-anuncio-una-nueva-edicio-del-merida-restaurant-week\/#breadcrumb"},"inLanguage":"es","potentialAction":[{"@type":"ReadAction","target":["https:\/\/www.yucatanencorto.com\/noticias\/se-anuncio-una-nueva-edicio-del-merida-restaurant-week\/"]}]},{"@type":"ImageObject","inLanguage":"es","@id":"https:\/\/www.yucatanencorto.com\/noticias\/se-anuncio-una-nueva-edicio-del-merida-restaurant-week\/#primaryimage","url":"https:\/\/www.yucatanencorto.com\/noticias\/wp-content\/uploads\/2025\/09\/WhatsApp-Image-2025-09-18-at-15.57.17-2-scaled.jpeg","contentUrl":"https:\/\/www.yucatanencorto.com\/noticias\/wp-content\/uploads\/2025\/09\/WhatsApp-Image-2025-09-18-at-15.57.17-2-scaled.jpeg","width":768,"height":512},{"@type":"BreadcrumbList","@id":"https:\/\/www.yucatanencorto.com\/noticias\/se-anuncio-una-nueva-edicio-del-merida-restaurant-week\/#breadcrumb","itemListElement":[{"@type":"ListItem","position":1,"name":"Portada","item":"https:\/\/www.yucatanencorto.com\/noticias\/"},{"@type":"ListItem","position":2,"name":"Se anunci\u00f3 una nueva edici\u00f3 del M\u00e9rida Restaurant Week"}]},{"@type":"WebSite","@id":"https:\/\/www.yucatanencorto.com\/noticias\/#website","url":"https:\/\/www.yucatanencorto.com\/noticias\/","name":"Yucat\u00e1n en corto","description":"Noticias","potentialAction":[{"@type":"SearchAction","target":{"@type":"EntryPoint","urlTemplate":"https:\/\/www.yucatanencorto.com\/noticias\/?s={search_term_string}"},"query-input":{"@type":"PropertyValueSpecification","valueRequired":true,"valueName":"search_term_string"}}],"inLanguage":"es"},{"@type":"Person","@id":"https:\/\/www.yucatanencorto.com\/noticias\/#\/schema\/person\/f0ec40c33447bbc0dc2d01d3006de771","name":"Yucat\u00e1n en Corto","image":{"@type":"ImageObject","inLanguage":"es","@id":"https:\/\/secure.gravatar.com\/avatar\/20e0a6b626f38fa8e545fb3f80ce566efd790bf8877e65c3a482460cc3e0b5d1?s=96&d=mm&r=g","url":"https:\/\/secure.gravatar.com\/avatar\/20e0a6b626f38fa8e545fb3f80ce566efd790bf8877e65c3a482460cc3e0b5d1?s=96&d=mm&r=g","contentUrl":"https:\/\/secure.gravatar.com\/avatar\/20e0a6b626f38fa8e545fb3f80ce566efd790bf8877e65c3a482460cc3e0b5d1?s=96&d=mm&r=g","caption":"Yucat\u00e1n en Corto"},"url":"https:\/\/www.yucatanencorto.com\/noticias\/author\/editor25\/"}]}},"_links":{"self":[{"href":"https:\/\/www.yucatanencorto.com\/noticias\/wp-json\/wp\/v2\/posts\/115822","targetHints":{"allow":["GET"]}}],"collection":[{"href":"https:\/\/www.yucatanencorto.com\/noticias\/wp-json\/wp\/v2\/posts"}],"about":[{"href":"https:\/\/www.yucatanencorto.com\/noticias\/wp-json\/wp\/v2\/types\/post"}],"author":[{"embeddable":true,"href":"https:\/\/www.yucatanencorto.com\/noticias\/wp-json\/wp\/v2\/users\/4"}],"replies":[{"embeddable":true,"href":"https:\/\/www.yucatanencorto.com\/noticias\/wp-json\/wp\/v2\/comments?post=115822"}],"version-history":[{"count":1,"href":"https:\/\/www.yucatanencorto.com\/noticias\/wp-json\/wp\/v2\/posts\/115822\/revisions"}],"predecessor-version":[{"id":115824,"href":"https:\/\/www.yucatanencorto.com\/noticias\/wp-json\/wp\/v2\/posts\/115822\/revisions\/115824"}],"wp:featuredmedia":[{"embeddable":true,"href":"https:\/\/www.yucatanencorto.com\/noticias\/wp-json\/wp\/v2\/media\/115823"}],"wp:attachment":[{"href":"https:\/\/www.yucatanencorto.com\/noticias\/wp-json\/wp\/v2\/media?parent=115822"}],"wp:term":[{"taxonomy":"category","embeddable":true,"href":"https:\/\/www.yucatanencorto.com\/noticias\/wp-json\/wp\/v2\/categories?post=115822"},{"taxonomy":"post_tag","embeddable":true,"href":"https:\/\/www.yucatanencorto.com\/noticias\/wp-json\/wp\/v2\/tags?post=115822"}],"curies":[{"name":"wp","href":"https:\/\/api.w.org\/{rel}","templated":true}]}}