{"id":115825,"date":"2025-09-19T17:23:36","date_gmt":"2025-09-19T23:23:36","guid":{"rendered":"https:\/\/www.yucatanencorto.com\/noticias\/?p=115825"},"modified":"2025-09-19T17:23:36","modified_gmt":"2025-09-19T23:23:36","slug":"merida-fortalece-la-cultura-de-prevencion-con-su-participacion-en-el-simulacro-nacional-de-proteccion-civil","status":"publish","type":"post","link":"https:\/\/www.yucatanencorto.com\/noticias\/merida-fortalece-la-cultura-de-prevencion-con-su-participacion-en-el-simulacro-nacional-de-proteccion-civil\/","title":{"rendered":"M\u00e9rida fortalece la cultura de prevenci\u00f3n con su participaci\u00f3n en el Simulacro Nacional de Protecci\u00f3n Civil."},"content":{"rendered":"<p><img loading=\"lazy\" decoding=\"async\" class=\"alignnone size-full wp-image-115826\" src=\"https:\/\/www.yucatanencorto.com\/noticias\/wp-content\/uploads\/2025\/09\/WhatsApp-Image-2025-09-19-at-17.13.39-scaled.jpeg\" alt=\"\" width=\"768\" height=\"512\" srcset=\"https:\/\/www.yucatanencorto.com\/noticias\/wp-content\/uploads\/2025\/09\/WhatsApp-Image-2025-09-19-at-17.13.39-scaled.jpeg 768w, https:\/\/www.yucatanencorto.com\/noticias\/wp-content\/uploads\/2025\/09\/WhatsApp-Image-2025-09-19-at-17.13.39-1536x1024.jpeg 1536w, https:\/\/www.yucatanencorto.com\/noticias\/wp-content\/uploads\/2025\/09\/WhatsApp-Image-2025-09-19-at-17.13.39-150x100.jpeg 150w, https:\/\/www.yucatanencorto.com\/noticias\/wp-content\/uploads\/2025\/09\/WhatsApp-Image-2025-09-19-at-17.13.39-300x200.jpeg 300w, https:\/\/www.yucatanencorto.com\/noticias\/wp-content\/uploads\/2025\/09\/WhatsApp-Image-2025-09-19-at-17.13.39-696x464.jpeg 696w, https:\/\/www.yucatanencorto.com\/noticias\/wp-content\/uploads\/2025\/09\/WhatsApp-Image-2025-09-19-at-17.13.39-1068x712.jpeg 1068w\" sizes=\"auto, (max-width: 768px) 100vw, 768px\" \/><\/p>\n<p>M\u00e9rida, Yucat\u00e1n, viernes 19 de septiembre de 2025.- En el marco del D\u00eda Nacional de Protecci\u00f3n Civil, el Ayuntamiento de M\u00e9rida realiz\u00f3 el simulacro de evacuaci\u00f3n desde Palacio Municipal y el Centro Cultural Olimpo, como parte del Segundo Simulacro Nacional 2025, teniendo como objetivo esfortalecer la capacidad de respuesta de las instituciones y la ciudadan\u00eda ante una emergencia real para una mejor cultura de la prevenci\u00f3n.<\/p>\n<p>La presidenta municipal Cecilia Patr\u00f3n Laviada agradeci\u00f3 la participaci\u00f3n de brigadistas, funcionarios y trabajadores de comercios aleda\u00f1os que se sumaron al ejercicio.<\/p>\n<p>\u201cEstamos aqu\u00ed reunidos como ejemplo de la prevenci\u00f3n, de la responsabilidad de auto cuidarnos, as\u00ed que estaremos siempre atentos, recordando esta fecha como parte de nuestra historia para tomar las precauciones debidas ante cualquier siniestro o fen\u00f3meno de la naturaleza\u201d, afirm\u00f3 la alcaldesa durante el mensaje dirigido a las y los participantes.<\/p>\n<p>El simulacro inici\u00f3 a las 12:00 horas con la hip\u00f3tesis de un conato de incendio en el \u00e1rea del Jard\u00edn de Compositores del Palacio Municipal. Tras sonar la alarma, brigadistas capacitados guiaron al personal y a la ciudadan\u00eda hacia los puntos de reuni\u00f3n seguros localizados en los alrededores y en la Plaza Principal. De manera simult\u00e1nea, se evacu\u00f3 al personal y visitantes del Centro Cultural Olimpo.<\/p>\n<p>En el ejercicio participaron 266 brigadistas multifuncionales de distintas dependencias municipales, quienes coordinaron el desalojo ordenado, la verificaci\u00f3n de las instalaciones y la extinci\u00f3n controlada de la hip\u00f3tesis de incendio.<\/p>\n<p>La coordinaci\u00f3n municipal de Protecci\u00f3n Civil inform\u00f3 que el tiempo total de evacuaci\u00f3n cumpli\u00f3 con los est\u00e1ndares establecidos, y reiter\u00f3 que estas pr\u00e1cticas permiten identificar \u00e1reas de mejora en rutas, tiempos de respuesta y procedimientos de seguridad.<\/p>\n<p>Adem\u00e1s del personal municipal, se sumaron establecimientos ubicados en el Centro Hist\u00f3rico como helader\u00edas, farmacias, restaurantes, zapater\u00edas y comercios locales, que replicaron el ejercicio para sensibilizar a empleados y clientes sobre la importancia de actuar con rapidez y orden.<\/p>\n<p>En M\u00e9rida cada vez la cultura de la prevenci\u00f3n es m\u00e1s activa, en la que la Coordinaci\u00f3n Municipal de Protecci\u00f3n Civil a trav\u00e9s de su titular, Miguel Dar\u00edo Soto Herrera, se informa que se han verificado 757 simulacros con un total de 29 mil 303 participantes en lo que va de la administraci\u00f3n.<\/p>\n<p>De igual forma se destaca la impartici\u00f3n de cursos de capacitaci\u00f3n a los funcionarios municipales para atender alguna emergencia por conato de incendio o por temporada de huracanes, ejercicios que ayudan a mantener activo nuestro sistema de prevenci\u00f3n municipal y nuestra forma de responder ante una situaci\u00f3n de emergencia.<\/p>\n<p>Durante su intervenci\u00f3n, Cecilia Patr\u00f3n tambi\u00e9n record\u00f3 la relevancia de conmemorar esta fecha y mantener viva la memoria de quienes perdieron la vida en los sismos de 1985 y del 2017.<\/p>\n<p>\u201cM\u00e9xico est\u00e1 organizado, el Ayuntamiento de M\u00e9rida est\u00e1 organizado y coordinado con quienes viven en la ciudad, siempre cuidando y protegiendo lo m\u00e1s valioso que tenemos en nuestra ciudad, que es la vida humana, que son las meridanas y los meridanos\u201d, expres\u00f3.<\/p>\n<p>La mun\u00edcipe subray\u00f3 que M\u00e9rida es ejemplo de participaci\u00f3n ciudadana y que este tipo de acciones fortalecen la confianza de las y los habitantes, con el que M\u00e9rida reafirma su compromiso con la seguridad, la prevenci\u00f3n y la cultura de la protecci\u00f3n civil, consolidando el trabajo coordinado entre ciudadan\u00eda, comercios y gobierno municipal.<\/p>\n<p>En este ejercicio ciudadano estuvieron tambi\u00e9n presentes la coordinadora general de Justicia Social y Desarrollo Humano, Flora Zapata Mendiolea; la directora de Gobernaci\u00f3n, Carmen Guadalupe Gonz\u00e1lez Mart\u00edn, y el Director de la Polic\u00eda Municipal, Comisario Rafael Jes\u00fas Chaires Cuevas.<\/p>\n","protected":false},"excerpt":{"rendered":"<p>M\u00e9rida, Yucat\u00e1n, viernes 19 de septiembre de 2025.- En el marco del D\u00eda Nacional de Protecci\u00f3n Civil, el Ayuntamiento de M\u00e9rida realiz\u00f3 el simulacro de evacuaci\u00f3n desde Palacio Municipal y el Centro Cultural Olimpo, como parte del Segundo Simulacro Nacional 2025, teniendo como objetivo esfortalecer la capacidad de respuesta de las instituciones y la ciudadan\u00eda [&hellip;]<\/p>\n","protected":false},"author":4,"featured_media":115826,"comment_status":"closed","ping_status":"closed","sticky":false,"template":"","format":"standard","meta":{"footnotes":""},"categories":[2],"tags":[],"class_list":{"0":"post-115825","1":"post","2":"type-post","3":"status-publish","4":"format-standard","5":"has-post-thumbnail","7":"category-merida"},"yoast_head":"<!-- This site is optimized with the Yoast SEO plugin v27.4 - https:\/\/yoast.com\/product\/yoast-seo-wordpress\/ -->\n<title>M\u00e9rida fortalece la cultura de prevenci\u00f3n con su participaci\u00f3n en el Simulacro Nacional de Protecci\u00f3n Civil. - Yucat\u00e1n en corto<\/title>\n<meta name=\"robots\" content=\"index, follow, max-snippet:-1, max-image-preview:large, max-video-preview:-1\" \/>\n<link rel=\"canonical\" href=\"https:\/\/www.yucatanencorto.com\/noticias\/merida-fortalece-la-cultura-de-prevencion-con-su-participacion-en-el-simulacro-nacional-de-proteccion-civil\/\" \/>\n<meta property=\"og:locale\" content=\"es_ES\" \/>\n<meta property=\"og:type\" content=\"article\" \/>\n<meta property=\"og:title\" content=\"M\u00e9rida fortalece la cultura de prevenci\u00f3n con su participaci\u00f3n en el Simulacro Nacional de Protecci\u00f3n Civil. - Yucat\u00e1n en corto\" \/>\n<meta property=\"og:description\" content=\"M\u00e9rida, Yucat\u00e1n, viernes 19 de septiembre de 2025.- En el marco del D\u00eda Nacional de Protecci\u00f3n Civil, el Ayuntamiento de M\u00e9rida realiz\u00f3 el simulacro de evacuaci\u00f3n desde Palacio Municipal y el Centro Cultural Olimpo, como parte del Segundo Simulacro Nacional 2025, teniendo como objetivo esfortalecer la capacidad de respuesta de las instituciones y la ciudadan\u00eda [&hellip;]\" \/>\n<meta property=\"og:url\" content=\"https:\/\/www.yucatanencorto.com\/noticias\/merida-fortalece-la-cultura-de-prevencion-con-su-participacion-en-el-simulacro-nacional-de-proteccion-civil\/\" \/>\n<meta property=\"og:site_name\" content=\"Yucat\u00e1n en corto\" \/>\n<meta property=\"article:publisher\" content=\"http:\/\/www.facebook.com\/yucatanencorto\" \/>\n<meta property=\"article:published_time\" content=\"2025-09-19T23:23:36+00:00\" \/>\n<meta property=\"og:image\" content=\"https:\/\/www.yucatanencorto.com\/noticias\/wp-content\/uploads\/2025\/09\/WhatsApp-Image-2025-09-19-at-17.13.39-scaled.jpeg\" \/>\n\t<meta property=\"og:image:width\" content=\"768\" \/>\n\t<meta property=\"og:image:height\" content=\"512\" \/>\n\t<meta property=\"og:image:type\" content=\"image\/jpeg\" \/>\n<meta name=\"author\" content=\"Yucat\u00e1n en Corto\" \/>\n<meta name=\"twitter:card\" content=\"summary_large_image\" \/>\n<meta name=\"twitter:creator\" content=\"@yucatanencorto\" \/>\n<meta name=\"twitter:site\" content=\"@yucatanencorto\" \/>\n<meta name=\"twitter:label1\" content=\"Escrito por\" \/>\n\t<meta name=\"twitter:data1\" content=\"Yucat\u00e1n en Corto\" \/>\n\t<meta name=\"twitter:label2\" content=\"Tiempo de lectura\" \/>\n\t<meta name=\"twitter:data2\" content=\"4 minutos\" \/>\n<script type=\"application\/ld+json\" class=\"yoast-schema-graph\">{\"@context\":\"https:\\\/\\\/schema.org\",\"@graph\":[{\"@type\":\"Article\",\"@id\":\"https:\\\/\\\/www.yucatanencorto.com\\\/noticias\\\/merida-fortalece-la-cultura-de-prevencion-con-su-participacion-en-el-simulacro-nacional-de-proteccion-civil\\\/#article\",\"isPartOf\":{\"@id\":\"https:\\\/\\\/www.yucatanencorto.com\\\/noticias\\\/merida-fortalece-la-cultura-de-prevencion-con-su-participacion-en-el-simulacro-nacional-de-proteccion-civil\\\/\"},\"author\":{\"name\":\"Yucat\u00e1n en Corto\",\"@id\":\"https:\\\/\\\/www.yucatanencorto.com\\\/noticias\\\/#\\\/schema\\\/person\\\/f0ec40c33447bbc0dc2d01d3006de771\"},\"headline\":\"M\u00e9rida fortalece la cultura de prevenci\u00f3n con su participaci\u00f3n en el Simulacro Nacional de Protecci\u00f3n Civil.\",\"datePublished\":\"2025-09-19T23:23:36+00:00\",\"mainEntityOfPage\":{\"@id\":\"https:\\\/\\\/www.yucatanencorto.com\\\/noticias\\\/merida-fortalece-la-cultura-de-prevencion-con-su-participacion-en-el-simulacro-nacional-de-proteccion-civil\\\/\"},\"wordCount\":651,\"image\":{\"@id\":\"https:\\\/\\\/www.yucatanencorto.com\\\/noticias\\\/merida-fortalece-la-cultura-de-prevencion-con-su-participacion-en-el-simulacro-nacional-de-proteccion-civil\\\/#primaryimage\"},\"thumbnailUrl\":\"https:\\\/\\\/www.yucatanencorto.com\\\/noticias\\\/wp-content\\\/uploads\\\/2025\\\/09\\\/WhatsApp-Image-2025-09-19-at-17.13.39-scaled.jpeg\",\"articleSection\":[\"M\u00e9rida\"],\"inLanguage\":\"es\"},{\"@type\":\"WebPage\",\"@id\":\"https:\\\/\\\/www.yucatanencorto.com\\\/noticias\\\/merida-fortalece-la-cultura-de-prevencion-con-su-participacion-en-el-simulacro-nacional-de-proteccion-civil\\\/\",\"url\":\"https:\\\/\\\/www.yucatanencorto.com\\\/noticias\\\/merida-fortalece-la-cultura-de-prevencion-con-su-participacion-en-el-simulacro-nacional-de-proteccion-civil\\\/\",\"name\":\"M\u00e9rida fortalece la cultura de prevenci\u00f3n con su participaci\u00f3n en el Simulacro Nacional de Protecci\u00f3n Civil. - Yucat\u00e1n en corto\",\"isPartOf\":{\"@id\":\"https:\\\/\\\/www.yucatanencorto.com\\\/noticias\\\/#website\"},\"primaryImageOfPage\":{\"@id\":\"https:\\\/\\\/www.yucatanencorto.com\\\/noticias\\\/merida-fortalece-la-cultura-de-prevencion-con-su-participacion-en-el-simulacro-nacional-de-proteccion-civil\\\/#primaryimage\"},\"image\":{\"@id\":\"https:\\\/\\\/www.yucatanencorto.com\\\/noticias\\\/merida-fortalece-la-cultura-de-prevencion-con-su-participacion-en-el-simulacro-nacional-de-proteccion-civil\\\/#primaryimage\"},\"thumbnailUrl\":\"https:\\\/\\\/www.yucatanencorto.com\\\/noticias\\\/wp-content\\\/uploads\\\/2025\\\/09\\\/WhatsApp-Image-2025-09-19-at-17.13.39-scaled.jpeg\",\"datePublished\":\"2025-09-19T23:23:36+00:00\",\"author\":{\"@id\":\"https:\\\/\\\/www.yucatanencorto.com\\\/noticias\\\/#\\\/schema\\\/person\\\/f0ec40c33447bbc0dc2d01d3006de771\"},\"breadcrumb\":{\"@id\":\"https:\\\/\\\/www.yucatanencorto.com\\\/noticias\\\/merida-fortalece-la-cultura-de-prevencion-con-su-participacion-en-el-simulacro-nacional-de-proteccion-civil\\\/#breadcrumb\"},\"inLanguage\":\"es\",\"potentialAction\":[{\"@type\":\"ReadAction\",\"target\":[\"https:\\\/\\\/www.yucatanencorto.com\\\/noticias\\\/merida-fortalece-la-cultura-de-prevencion-con-su-participacion-en-el-simulacro-nacional-de-proteccion-civil\\\/\"]}]},{\"@type\":\"ImageObject\",\"inLanguage\":\"es\",\"@id\":\"https:\\\/\\\/www.yucatanencorto.com\\\/noticias\\\/merida-fortalece-la-cultura-de-prevencion-con-su-participacion-en-el-simulacro-nacional-de-proteccion-civil\\\/#primaryimage\",\"url\":\"https:\\\/\\\/www.yucatanencorto.com\\\/noticias\\\/wp-content\\\/uploads\\\/2025\\\/09\\\/WhatsApp-Image-2025-09-19-at-17.13.39-scaled.jpeg\",\"contentUrl\":\"https:\\\/\\\/www.yucatanencorto.com\\\/noticias\\\/wp-content\\\/uploads\\\/2025\\\/09\\\/WhatsApp-Image-2025-09-19-at-17.13.39-scaled.jpeg\",\"width\":768,\"height\":512},{\"@type\":\"BreadcrumbList\",\"@id\":\"https:\\\/\\\/www.yucatanencorto.com\\\/noticias\\\/merida-fortalece-la-cultura-de-prevencion-con-su-participacion-en-el-simulacro-nacional-de-proteccion-civil\\\/#breadcrumb\",\"itemListElement\":[{\"@type\":\"ListItem\",\"position\":1,\"name\":\"Portada\",\"item\":\"https:\\\/\\\/www.yucatanencorto.com\\\/noticias\\\/\"},{\"@type\":\"ListItem\",\"position\":2,\"name\":\"M\u00e9rida fortalece la cultura de prevenci\u00f3n con su participaci\u00f3n en el Simulacro Nacional de Protecci\u00f3n Civil.\"}]},{\"@type\":\"WebSite\",\"@id\":\"https:\\\/\\\/www.yucatanencorto.com\\\/noticias\\\/#website\",\"url\":\"https:\\\/\\\/www.yucatanencorto.com\\\/noticias\\\/\",\"name\":\"Yucat\u00e1n en corto\",\"description\":\"Noticias\",\"potentialAction\":[{\"@type\":\"SearchAction\",\"target\":{\"@type\":\"EntryPoint\",\"urlTemplate\":\"https:\\\/\\\/www.yucatanencorto.com\\\/noticias\\\/?s={search_term_string}\"},\"query-input\":{\"@type\":\"PropertyValueSpecification\",\"valueRequired\":true,\"valueName\":\"search_term_string\"}}],\"inLanguage\":\"es\"},{\"@type\":\"Person\",\"@id\":\"https:\\\/\\\/www.yucatanencorto.com\\\/noticias\\\/#\\\/schema\\\/person\\\/f0ec40c33447bbc0dc2d01d3006de771\",\"name\":\"Yucat\u00e1n en Corto\",\"image\":{\"@type\":\"ImageObject\",\"inLanguage\":\"es\",\"@id\":\"https:\\\/\\\/secure.gravatar.com\\\/avatar\\\/20e0a6b626f38fa8e545fb3f80ce566efd790bf8877e65c3a482460cc3e0b5d1?s=96&d=mm&r=g\",\"url\":\"https:\\\/\\\/secure.gravatar.com\\\/avatar\\\/20e0a6b626f38fa8e545fb3f80ce566efd790bf8877e65c3a482460cc3e0b5d1?s=96&d=mm&r=g\",\"contentUrl\":\"https:\\\/\\\/secure.gravatar.com\\\/avatar\\\/20e0a6b626f38fa8e545fb3f80ce566efd790bf8877e65c3a482460cc3e0b5d1?s=96&d=mm&r=g\",\"caption\":\"Yucat\u00e1n en Corto\"},\"url\":\"https:\\\/\\\/www.yucatanencorto.com\\\/noticias\\\/author\\\/editor25\\\/\"}]}<\/script>\n<!-- \/ Yoast SEO plugin. -->","yoast_head_json":{"title":"M\u00e9rida fortalece la cultura de prevenci\u00f3n con su participaci\u00f3n en el Simulacro Nacional de Protecci\u00f3n Civil. - Yucat\u00e1n en corto","robots":{"index":"index","follow":"follow","max-snippet":"max-snippet:-1","max-image-preview":"max-image-preview:large","max-video-preview":"max-video-preview:-1"},"canonical":"https:\/\/www.yucatanencorto.com\/noticias\/merida-fortalece-la-cultura-de-prevencion-con-su-participacion-en-el-simulacro-nacional-de-proteccion-civil\/","og_locale":"es_ES","og_type":"article","og_title":"M\u00e9rida fortalece la cultura de prevenci\u00f3n con su participaci\u00f3n en el Simulacro Nacional de Protecci\u00f3n Civil. - Yucat\u00e1n en corto","og_description":"M\u00e9rida, Yucat\u00e1n, viernes 19 de septiembre de 2025.- En el marco del D\u00eda Nacional de Protecci\u00f3n Civil, el Ayuntamiento de M\u00e9rida realiz\u00f3 el simulacro de evacuaci\u00f3n desde Palacio Municipal y el Centro Cultural Olimpo, como parte del Segundo Simulacro Nacional 2025, teniendo como objetivo esfortalecer la capacidad de respuesta de las instituciones y la ciudadan\u00eda [&hellip;]","og_url":"https:\/\/www.yucatanencorto.com\/noticias\/merida-fortalece-la-cultura-de-prevencion-con-su-participacion-en-el-simulacro-nacional-de-proteccion-civil\/","og_site_name":"Yucat\u00e1n en corto","article_publisher":"http:\/\/www.facebook.com\/yucatanencorto","article_published_time":"2025-09-19T23:23:36+00:00","og_image":[{"width":768,"height":512,"url":"https:\/\/www.yucatanencorto.com\/noticias\/wp-content\/uploads\/2025\/09\/WhatsApp-Image-2025-09-19-at-17.13.39-scaled.jpeg","type":"image\/jpeg"}],"author":"Yucat\u00e1n en Corto","twitter_card":"summary_large_image","twitter_creator":"@yucatanencorto","twitter_site":"@yucatanencorto","twitter_misc":{"Escrito por":"Yucat\u00e1n en Corto","Tiempo de lectura":"4 minutos"},"schema":{"@context":"https:\/\/schema.org","@graph":[{"@type":"Article","@id":"https:\/\/www.yucatanencorto.com\/noticias\/merida-fortalece-la-cultura-de-prevencion-con-su-participacion-en-el-simulacro-nacional-de-proteccion-civil\/#article","isPartOf":{"@id":"https:\/\/www.yucatanencorto.com\/noticias\/merida-fortalece-la-cultura-de-prevencion-con-su-participacion-en-el-simulacro-nacional-de-proteccion-civil\/"},"author":{"name":"Yucat\u00e1n en Corto","@id":"https:\/\/www.yucatanencorto.com\/noticias\/#\/schema\/person\/f0ec40c33447bbc0dc2d01d3006de771"},"headline":"M\u00e9rida fortalece la cultura de prevenci\u00f3n con su participaci\u00f3n en el Simulacro Nacional de Protecci\u00f3n Civil.","datePublished":"2025-09-19T23:23:36+00:00","mainEntityOfPage":{"@id":"https:\/\/www.yucatanencorto.com\/noticias\/merida-fortalece-la-cultura-de-prevencion-con-su-participacion-en-el-simulacro-nacional-de-proteccion-civil\/"},"wordCount":651,"image":{"@id":"https:\/\/www.yucatanencorto.com\/noticias\/merida-fortalece-la-cultura-de-prevencion-con-su-participacion-en-el-simulacro-nacional-de-proteccion-civil\/#primaryimage"},"thumbnailUrl":"https:\/\/www.yucatanencorto.com\/noticias\/wp-content\/uploads\/2025\/09\/WhatsApp-Image-2025-09-19-at-17.13.39-scaled.jpeg","articleSection":["M\u00e9rida"],"inLanguage":"es"},{"@type":"WebPage","@id":"https:\/\/www.yucatanencorto.com\/noticias\/merida-fortalece-la-cultura-de-prevencion-con-su-participacion-en-el-simulacro-nacional-de-proteccion-civil\/","url":"https:\/\/www.yucatanencorto.com\/noticias\/merida-fortalece-la-cultura-de-prevencion-con-su-participacion-en-el-simulacro-nacional-de-proteccion-civil\/","name":"M\u00e9rida fortalece la cultura de prevenci\u00f3n con su participaci\u00f3n en el Simulacro Nacional de Protecci\u00f3n Civil. - Yucat\u00e1n en corto","isPartOf":{"@id":"https:\/\/www.yucatanencorto.com\/noticias\/#website"},"primaryImageOfPage":{"@id":"https:\/\/www.yucatanencorto.com\/noticias\/merida-fortalece-la-cultura-de-prevencion-con-su-participacion-en-el-simulacro-nacional-de-proteccion-civil\/#primaryimage"},"image":{"@id":"https:\/\/www.yucatanencorto.com\/noticias\/merida-fortalece-la-cultura-de-prevencion-con-su-participacion-en-el-simulacro-nacional-de-proteccion-civil\/#primaryimage"},"thumbnailUrl":"https:\/\/www.yucatanencorto.com\/noticias\/wp-content\/uploads\/2025\/09\/WhatsApp-Image-2025-09-19-at-17.13.39-scaled.jpeg","datePublished":"2025-09-19T23:23:36+00:00","author":{"@id":"https:\/\/www.yucatanencorto.com\/noticias\/#\/schema\/person\/f0ec40c33447bbc0dc2d01d3006de771"},"breadcrumb":{"@id":"https:\/\/www.yucatanencorto.com\/noticias\/merida-fortalece-la-cultura-de-prevencion-con-su-participacion-en-el-simulacro-nacional-de-proteccion-civil\/#breadcrumb"},"inLanguage":"es","potentialAction":[{"@type":"ReadAction","target":["https:\/\/www.yucatanencorto.com\/noticias\/merida-fortalece-la-cultura-de-prevencion-con-su-participacion-en-el-simulacro-nacional-de-proteccion-civil\/"]}]},{"@type":"ImageObject","inLanguage":"es","@id":"https:\/\/www.yucatanencorto.com\/noticias\/merida-fortalece-la-cultura-de-prevencion-con-su-participacion-en-el-simulacro-nacional-de-proteccion-civil\/#primaryimage","url":"https:\/\/www.yucatanencorto.com\/noticias\/wp-content\/uploads\/2025\/09\/WhatsApp-Image-2025-09-19-at-17.13.39-scaled.jpeg","contentUrl":"https:\/\/www.yucatanencorto.com\/noticias\/wp-content\/uploads\/2025\/09\/WhatsApp-Image-2025-09-19-at-17.13.39-scaled.jpeg","width":768,"height":512},{"@type":"BreadcrumbList","@id":"https:\/\/www.yucatanencorto.com\/noticias\/merida-fortalece-la-cultura-de-prevencion-con-su-participacion-en-el-simulacro-nacional-de-proteccion-civil\/#breadcrumb","itemListElement":[{"@type":"ListItem","position":1,"name":"Portada","item":"https:\/\/www.yucatanencorto.com\/noticias\/"},{"@type":"ListItem","position":2,"name":"M\u00e9rida fortalece la cultura de prevenci\u00f3n con su participaci\u00f3n en el Simulacro Nacional de Protecci\u00f3n Civil."}]},{"@type":"WebSite","@id":"https:\/\/www.yucatanencorto.com\/noticias\/#website","url":"https:\/\/www.yucatanencorto.com\/noticias\/","name":"Yucat\u00e1n en corto","description":"Noticias","potentialAction":[{"@type":"SearchAction","target":{"@type":"EntryPoint","urlTemplate":"https:\/\/www.yucatanencorto.com\/noticias\/?s={search_term_string}"},"query-input":{"@type":"PropertyValueSpecification","valueRequired":true,"valueName":"search_term_string"}}],"inLanguage":"es"},{"@type":"Person","@id":"https:\/\/www.yucatanencorto.com\/noticias\/#\/schema\/person\/f0ec40c33447bbc0dc2d01d3006de771","name":"Yucat\u00e1n en Corto","image":{"@type":"ImageObject","inLanguage":"es","@id":"https:\/\/secure.gravatar.com\/avatar\/20e0a6b626f38fa8e545fb3f80ce566efd790bf8877e65c3a482460cc3e0b5d1?s=96&d=mm&r=g","url":"https:\/\/secure.gravatar.com\/avatar\/20e0a6b626f38fa8e545fb3f80ce566efd790bf8877e65c3a482460cc3e0b5d1?s=96&d=mm&r=g","contentUrl":"https:\/\/secure.gravatar.com\/avatar\/20e0a6b626f38fa8e545fb3f80ce566efd790bf8877e65c3a482460cc3e0b5d1?s=96&d=mm&r=g","caption":"Yucat\u00e1n en Corto"},"url":"https:\/\/www.yucatanencorto.com\/noticias\/author\/editor25\/"}]}},"_links":{"self":[{"href":"https:\/\/www.yucatanencorto.com\/noticias\/wp-json\/wp\/v2\/posts\/115825","targetHints":{"allow":["GET"]}}],"collection":[{"href":"https:\/\/www.yucatanencorto.com\/noticias\/wp-json\/wp\/v2\/posts"}],"about":[{"href":"https:\/\/www.yucatanencorto.com\/noticias\/wp-json\/wp\/v2\/types\/post"}],"author":[{"embeddable":true,"href":"https:\/\/www.yucatanencorto.com\/noticias\/wp-json\/wp\/v2\/users\/4"}],"replies":[{"embeddable":true,"href":"https:\/\/www.yucatanencorto.com\/noticias\/wp-json\/wp\/v2\/comments?post=115825"}],"version-history":[{"count":1,"href":"https:\/\/www.yucatanencorto.com\/noticias\/wp-json\/wp\/v2\/posts\/115825\/revisions"}],"predecessor-version":[{"id":115827,"href":"https:\/\/www.yucatanencorto.com\/noticias\/wp-json\/wp\/v2\/posts\/115825\/revisions\/115827"}],"wp:featuredmedia":[{"embeddable":true,"href":"https:\/\/www.yucatanencorto.com\/noticias\/wp-json\/wp\/v2\/media\/115826"}],"wp:attachment":[{"href":"https:\/\/www.yucatanencorto.com\/noticias\/wp-json\/wp\/v2\/media?parent=115825"}],"wp:term":[{"taxonomy":"category","embeddable":true,"href":"https:\/\/www.yucatanencorto.com\/noticias\/wp-json\/wp\/v2\/categories?post=115825"},{"taxonomy":"post_tag","embeddable":true,"href":"https:\/\/www.yucatanencorto.com\/noticias\/wp-json\/wp\/v2\/tags?post=115825"}],"curies":[{"name":"wp","href":"https:\/\/api.w.org\/{rel}","templated":true}]}}