{"id":115843,"date":"2025-09-22T15:37:27","date_gmt":"2025-09-22T21:37:27","guid":{"rendered":"https:\/\/www.yucatanencorto.com\/noticias\/?p=115843"},"modified":"2025-09-22T15:37:27","modified_gmt":"2025-09-22T21:37:27","slug":"atenderan-la-prevencion-de-adicciones-en-las-juventudes","status":"publish","type":"post","link":"https:\/\/www.yucatanencorto.com\/noticias\/atenderan-la-prevencion-de-adicciones-en-las-juventudes\/","title":{"rendered":"Atender\u00e1n la prevenci\u00f3n de adicciones en las juventudes"},"content":{"rendered":"<p><img loading=\"lazy\" decoding=\"async\" class=\"alignnone size-full wp-image-115844\" src=\"https:\/\/www.yucatanencorto.com\/noticias\/wp-content\/uploads\/2025\/09\/WhatsApp-Image-2025-09-22-at-15.09.07-3.jpeg\" alt=\"\" width=\"765\" height=\"544\" srcset=\"https:\/\/www.yucatanencorto.com\/noticias\/wp-content\/uploads\/2025\/09\/WhatsApp-Image-2025-09-22-at-15.09.07-3.jpeg 765w, https:\/\/www.yucatanencorto.com\/noticias\/wp-content\/uploads\/2025\/09\/WhatsApp-Image-2025-09-22-at-15.09.07-3-150x107.jpeg 150w, https:\/\/www.yucatanencorto.com\/noticias\/wp-content\/uploads\/2025\/09\/WhatsApp-Image-2025-09-22-at-15.09.07-3-300x213.jpeg 300w, https:\/\/www.yucatanencorto.com\/noticias\/wp-content\/uploads\/2025\/09\/WhatsApp-Image-2025-09-22-at-15.09.07-3-696x495.jpeg 696w\" sizes=\"auto, (max-width: 765px) 100vw, 765px\" \/><\/p>\n<p>M\u00e9rida, Yucat\u00e1n, lunes 22 de septiembre de 2025. &#8211; Para tener un impacto social por una M\u00e9rida m\u00e1s saludable y libre de adicciones, la presidenta municipal Cecilia Patr\u00f3n Laviada reitero la invitaci\u00f3n a las juventudes a participar en la creaci\u00f3n de pol\u00edticas p\u00fablicas mediante la segunda edici\u00f3n del Laboratorio de Innovaci\u00f3n Social.<\/p>\n<p>\u201cSer\u00e1 un espacio donde nuestros j\u00f3venes proyectar\u00e1n sus ideas para la construcci\u00f3n de una sociedad m\u00e1s segura y saludable, atendiendo uno de los grandes temas que son de su inter\u00e9s, la prevenci\u00f3n de las adicciones, y mediante su participaci\u00f3n activa se buscar\u00e1n las mejores soluciones que aplicaremos desde el Ayuntamiento\u201d, indic\u00f3 la mun\u00edcipe.<\/p>\n<p>La Secretar\u00eda de Participaci\u00f3n y Atenci\u00f3n Ciudadana convoca a las y los j\u00f3venes de entre 18 y 29 a\u00f1os interesados en participar, a qu\u00e9 se registren en l\u00ednea en decide.merida.gob.mx hasta el 6 de octubre de este a\u00f1o.<\/p>\n<p>Deben ser residentes en el municipio de M\u00e9rida y adjuntar identificaci\u00f3n oficial, curr\u00edculum vitae y carta de exposici\u00f3n de motivos, entre otros requisitos que pueden consultar en la convocatoria ubicada en la misma p\u00e1gina web.<\/p>\n<p>El encuentro se llevar\u00e1 a cabo el s\u00e1bado 18 de octubre de 2025, a partir de las 8:00 de la ma\u00f1ana, en las instalaciones de la C\u00e1mara Mexicana de la Industria de la Construcci\u00f3n (CMIC), donde se espera la participaci\u00f3n de 100 j\u00f3venes seleccionados.<\/p>\n<p>Durante 12 horas continuas de trabajo colaborativo, formando equipos de 10 personas, las y los asistentes transformar\u00e1n sus ideas en acciones, programas o servicios que pueden convertirse en pol\u00edticas p\u00fablicas innovadoras y de gran impacto social que abone a la prevenci\u00f3n de adicciones.<\/p>\n<p>Por su parte el Secretario de Participaci\u00f3n y Atenci\u00f3n Ciudadana, Carlos Carrillo Paredes indic\u00f3 que este segundo Laboratorio de Innovaci\u00f3n Social es un espacio que impulsa la creatividad y el talento juvenil para dise\u00f1ar propuestas que fortalezcan la prevenci\u00f3n de adicciones en nuestra comunidad.<\/p>\n<p>\u201cAdem\u00e1s de un espacio de reflexi\u00f3n y creaci\u00f3n, el Laboratorio ofrece a las juventudes una experiencia \u00fanica. Al igual que en la edici\u00f3n pasada, las y los participantes contar\u00e1n con diferentes herramientas y acompa\u00f1amiento para concretar sus ideas en proyectos viables\u201d, indic\u00f3.<\/p>\n<p>El funcionario de la dependencia agreg\u00f3 que durante el desarrollo de este ejercicio participativo se contar\u00e1 con un ambiente recreativo y de socializaci\u00f3n, que convierte el encuentro en un espacio de aprendizaje din\u00e1mico y divertido, una sala de descanso habilitada con \u00e1reas lounge y zona de juegos para la relajaci\u00f3n y pausas entre sesiones, alimentos durante toda la jornada, y activaciones para el fomento de la convivencia y el intercambio de ideas.<\/p>\n<p>En ese sentido estos elementos han hecho del Laboratorio no s\u00f3lo un foro de innovaci\u00f3n, sino tambi\u00e9n una jornada de experiencias inolvidables en la que se combina el trabajo con la oportunidad de conocerse, descansar y divertirse, y sobre todo de crear ideas para el bien com\u00fan de su ciudad.<\/p>\n<p>La presidenta municipal record\u00f3 que en la primera edici\u00f3n, enfocada a la salud mental, el Laboratorio reuni\u00f3 a 100 j\u00f3venes provenientes de instituciones como la UADY, Universidad Marista, Tec Milenio, Vizcaya de las Am\u00e9ricas, UVM, entre otras.<\/p>\n<p>Los proyectos presentados y que resultaron ganadores recibieron reconocimiento y premiaci\u00f3n, y vieron consolidado su aportaci\u00f3n en una pol\u00edtica p\u00fablica activa a trav\u00e9s de la Unidad M\u00f3vil de Salud Mental, que hoy recorre las escuelas del municipio y colonias y comisar\u00edas en atenci\u00f3n a la salud mental de las y los meridanos.<\/p>\n<p>\u201cEsto marc\u00f3 el inicio de un esfuerzo colectivo por una M\u00e9rida m\u00e1s segura y saludable, en donde las juventudes son escuchadas y tomadas en cuenta, porque as\u00ed nos hemos comprometido ser el la escucha y la acci\u00f3n de las y los meridanos para seguir mejorando nuestra ciudad y sus comisar\u00edas, y para tender la mano a m\u00e1s juventudes\u201d, hizo hincapi\u00e9 Cecilia Patr\u00f3n.<\/p>\n<p>Cabe destacar que los proyectos ganadores recibir\u00e1n un premio de 15 mil pesos para el primer lugar; 10 mil para el segundo lugar y 5 mil para el tercer lugar, adem\u00e1s de ver consolidado su proyecto en un bien para la comunidad con un futuro m\u00e1s sano y fortalecido para las juventudes.<\/p>\n","protected":false},"excerpt":{"rendered":"<p>M\u00e9rida, Yucat\u00e1n, lunes 22 de septiembre de 2025. &#8211; Para tener un impacto social por una M\u00e9rida m\u00e1s saludable y libre de adicciones, la presidenta municipal Cecilia Patr\u00f3n Laviada reitero la invitaci\u00f3n a las juventudes a participar en la creaci\u00f3n de pol\u00edticas p\u00fablicas mediante la segunda edici\u00f3n del Laboratorio de Innovaci\u00f3n Social. \u201cSer\u00e1 un espacio [&hellip;]<\/p>\n","protected":false},"author":4,"featured_media":115844,"comment_status":"closed","ping_status":"closed","sticky":false,"template":"","format":"standard","meta":{"footnotes":""},"categories":[2],"tags":[],"class_list":{"0":"post-115843","1":"post","2":"type-post","3":"status-publish","4":"format-standard","5":"has-post-thumbnail","7":"category-merida"},"yoast_head":"<!-- This site is optimized with the Yoast SEO plugin v27.4 - https:\/\/yoast.com\/product\/yoast-seo-wordpress\/ -->\n<title>Atender\u00e1n la prevenci\u00f3n de adicciones en las juventudes - Yucat\u00e1n en corto<\/title>\n<meta name=\"robots\" content=\"index, follow, max-snippet:-1, max-image-preview:large, max-video-preview:-1\" \/>\n<link rel=\"canonical\" href=\"https:\/\/www.yucatanencorto.com\/noticias\/atenderan-la-prevencion-de-adicciones-en-las-juventudes\/\" \/>\n<meta property=\"og:locale\" content=\"es_ES\" \/>\n<meta property=\"og:type\" content=\"article\" \/>\n<meta property=\"og:title\" content=\"Atender\u00e1n la prevenci\u00f3n de adicciones en las juventudes - Yucat\u00e1n en corto\" \/>\n<meta property=\"og:description\" content=\"M\u00e9rida, Yucat\u00e1n, lunes 22 de septiembre de 2025. &#8211; Para tener un impacto social por una M\u00e9rida m\u00e1s saludable y libre de adicciones, la presidenta municipal Cecilia Patr\u00f3n Laviada reitero la invitaci\u00f3n a las juventudes a participar en la creaci\u00f3n de pol\u00edticas p\u00fablicas mediante la segunda edici\u00f3n del Laboratorio de Innovaci\u00f3n Social. \u201cSer\u00e1 un espacio [&hellip;]\" \/>\n<meta property=\"og:url\" content=\"https:\/\/www.yucatanencorto.com\/noticias\/atenderan-la-prevencion-de-adicciones-en-las-juventudes\/\" \/>\n<meta property=\"og:site_name\" content=\"Yucat\u00e1n en corto\" \/>\n<meta property=\"article:publisher\" content=\"http:\/\/www.facebook.com\/yucatanencorto\" \/>\n<meta property=\"article:published_time\" content=\"2025-09-22T21:37:27+00:00\" \/>\n<meta property=\"og:image\" content=\"https:\/\/www.yucatanencorto.com\/noticias\/wp-content\/uploads\/2025\/09\/WhatsApp-Image-2025-09-22-at-15.09.07-3.jpeg\" \/>\n\t<meta property=\"og:image:width\" content=\"765\" \/>\n\t<meta property=\"og:image:height\" content=\"544\" \/>\n\t<meta property=\"og:image:type\" content=\"image\/jpeg\" \/>\n<meta name=\"author\" content=\"Yucat\u00e1n en Corto\" \/>\n<meta name=\"twitter:card\" content=\"summary_large_image\" \/>\n<meta name=\"twitter:creator\" content=\"@yucatanencorto\" \/>\n<meta name=\"twitter:site\" content=\"@yucatanencorto\" \/>\n<meta name=\"twitter:label1\" content=\"Escrito por\" \/>\n\t<meta name=\"twitter:data1\" content=\"Yucat\u00e1n en Corto\" \/>\n\t<meta name=\"twitter:label2\" content=\"Tiempo de lectura\" \/>\n\t<meta name=\"twitter:data2\" content=\"4 minutos\" \/>\n<script type=\"application\/ld+json\" class=\"yoast-schema-graph\">{\"@context\":\"https:\\\/\\\/schema.org\",\"@graph\":[{\"@type\":\"Article\",\"@id\":\"https:\\\/\\\/www.yucatanencorto.com\\\/noticias\\\/atenderan-la-prevencion-de-adicciones-en-las-juventudes\\\/#article\",\"isPartOf\":{\"@id\":\"https:\\\/\\\/www.yucatanencorto.com\\\/noticias\\\/atenderan-la-prevencion-de-adicciones-en-las-juventudes\\\/\"},\"author\":{\"name\":\"Yucat\u00e1n en Corto\",\"@id\":\"https:\\\/\\\/www.yucatanencorto.com\\\/noticias\\\/#\\\/schema\\\/person\\\/f0ec40c33447bbc0dc2d01d3006de771\"},\"headline\":\"Atender\u00e1n la prevenci\u00f3n de adicciones en las juventudes\",\"datePublished\":\"2025-09-22T21:37:27+00:00\",\"mainEntityOfPage\":{\"@id\":\"https:\\\/\\\/www.yucatanencorto.com\\\/noticias\\\/atenderan-la-prevencion-de-adicciones-en-las-juventudes\\\/\"},\"wordCount\":754,\"image\":{\"@id\":\"https:\\\/\\\/www.yucatanencorto.com\\\/noticias\\\/atenderan-la-prevencion-de-adicciones-en-las-juventudes\\\/#primaryimage\"},\"thumbnailUrl\":\"https:\\\/\\\/www.yucatanencorto.com\\\/noticias\\\/wp-content\\\/uploads\\\/2025\\\/09\\\/WhatsApp-Image-2025-09-22-at-15.09.07-3.jpeg\",\"articleSection\":[\"M\u00e9rida\"],\"inLanguage\":\"es\"},{\"@type\":\"WebPage\",\"@id\":\"https:\\\/\\\/www.yucatanencorto.com\\\/noticias\\\/atenderan-la-prevencion-de-adicciones-en-las-juventudes\\\/\",\"url\":\"https:\\\/\\\/www.yucatanencorto.com\\\/noticias\\\/atenderan-la-prevencion-de-adicciones-en-las-juventudes\\\/\",\"name\":\"Atender\u00e1n la prevenci\u00f3n de adicciones en las juventudes - Yucat\u00e1n en corto\",\"isPartOf\":{\"@id\":\"https:\\\/\\\/www.yucatanencorto.com\\\/noticias\\\/#website\"},\"primaryImageOfPage\":{\"@id\":\"https:\\\/\\\/www.yucatanencorto.com\\\/noticias\\\/atenderan-la-prevencion-de-adicciones-en-las-juventudes\\\/#primaryimage\"},\"image\":{\"@id\":\"https:\\\/\\\/www.yucatanencorto.com\\\/noticias\\\/atenderan-la-prevencion-de-adicciones-en-las-juventudes\\\/#primaryimage\"},\"thumbnailUrl\":\"https:\\\/\\\/www.yucatanencorto.com\\\/noticias\\\/wp-content\\\/uploads\\\/2025\\\/09\\\/WhatsApp-Image-2025-09-22-at-15.09.07-3.jpeg\",\"datePublished\":\"2025-09-22T21:37:27+00:00\",\"author\":{\"@id\":\"https:\\\/\\\/www.yucatanencorto.com\\\/noticias\\\/#\\\/schema\\\/person\\\/f0ec40c33447bbc0dc2d01d3006de771\"},\"breadcrumb\":{\"@id\":\"https:\\\/\\\/www.yucatanencorto.com\\\/noticias\\\/atenderan-la-prevencion-de-adicciones-en-las-juventudes\\\/#breadcrumb\"},\"inLanguage\":\"es\",\"potentialAction\":[{\"@type\":\"ReadAction\",\"target\":[\"https:\\\/\\\/www.yucatanencorto.com\\\/noticias\\\/atenderan-la-prevencion-de-adicciones-en-las-juventudes\\\/\"]}]},{\"@type\":\"ImageObject\",\"inLanguage\":\"es\",\"@id\":\"https:\\\/\\\/www.yucatanencorto.com\\\/noticias\\\/atenderan-la-prevencion-de-adicciones-en-las-juventudes\\\/#primaryimage\",\"url\":\"https:\\\/\\\/www.yucatanencorto.com\\\/noticias\\\/wp-content\\\/uploads\\\/2025\\\/09\\\/WhatsApp-Image-2025-09-22-at-15.09.07-3.jpeg\",\"contentUrl\":\"https:\\\/\\\/www.yucatanencorto.com\\\/noticias\\\/wp-content\\\/uploads\\\/2025\\\/09\\\/WhatsApp-Image-2025-09-22-at-15.09.07-3.jpeg\",\"width\":765,\"height\":544},{\"@type\":\"BreadcrumbList\",\"@id\":\"https:\\\/\\\/www.yucatanencorto.com\\\/noticias\\\/atenderan-la-prevencion-de-adicciones-en-las-juventudes\\\/#breadcrumb\",\"itemListElement\":[{\"@type\":\"ListItem\",\"position\":1,\"name\":\"Portada\",\"item\":\"https:\\\/\\\/www.yucatanencorto.com\\\/noticias\\\/\"},{\"@type\":\"ListItem\",\"position\":2,\"name\":\"Atender\u00e1n la prevenci\u00f3n de adicciones en las juventudes\"}]},{\"@type\":\"WebSite\",\"@id\":\"https:\\\/\\\/www.yucatanencorto.com\\\/noticias\\\/#website\",\"url\":\"https:\\\/\\\/www.yucatanencorto.com\\\/noticias\\\/\",\"name\":\"Yucat\u00e1n en corto\",\"description\":\"Noticias\",\"potentialAction\":[{\"@type\":\"SearchAction\",\"target\":{\"@type\":\"EntryPoint\",\"urlTemplate\":\"https:\\\/\\\/www.yucatanencorto.com\\\/noticias\\\/?s={search_term_string}\"},\"query-input\":{\"@type\":\"PropertyValueSpecification\",\"valueRequired\":true,\"valueName\":\"search_term_string\"}}],\"inLanguage\":\"es\"},{\"@type\":\"Person\",\"@id\":\"https:\\\/\\\/www.yucatanencorto.com\\\/noticias\\\/#\\\/schema\\\/person\\\/f0ec40c33447bbc0dc2d01d3006de771\",\"name\":\"Yucat\u00e1n en Corto\",\"image\":{\"@type\":\"ImageObject\",\"inLanguage\":\"es\",\"@id\":\"https:\\\/\\\/secure.gravatar.com\\\/avatar\\\/20e0a6b626f38fa8e545fb3f80ce566efd790bf8877e65c3a482460cc3e0b5d1?s=96&d=mm&r=g\",\"url\":\"https:\\\/\\\/secure.gravatar.com\\\/avatar\\\/20e0a6b626f38fa8e545fb3f80ce566efd790bf8877e65c3a482460cc3e0b5d1?s=96&d=mm&r=g\",\"contentUrl\":\"https:\\\/\\\/secure.gravatar.com\\\/avatar\\\/20e0a6b626f38fa8e545fb3f80ce566efd790bf8877e65c3a482460cc3e0b5d1?s=96&d=mm&r=g\",\"caption\":\"Yucat\u00e1n en Corto\"},\"url\":\"https:\\\/\\\/www.yucatanencorto.com\\\/noticias\\\/author\\\/editor25\\\/\"}]}<\/script>\n<!-- \/ Yoast SEO plugin. -->","yoast_head_json":{"title":"Atender\u00e1n la prevenci\u00f3n de adicciones en las juventudes - Yucat\u00e1n en corto","robots":{"index":"index","follow":"follow","max-snippet":"max-snippet:-1","max-image-preview":"max-image-preview:large","max-video-preview":"max-video-preview:-1"},"canonical":"https:\/\/www.yucatanencorto.com\/noticias\/atenderan-la-prevencion-de-adicciones-en-las-juventudes\/","og_locale":"es_ES","og_type":"article","og_title":"Atender\u00e1n la prevenci\u00f3n de adicciones en las juventudes - Yucat\u00e1n en corto","og_description":"M\u00e9rida, Yucat\u00e1n, lunes 22 de septiembre de 2025. &#8211; Para tener un impacto social por una M\u00e9rida m\u00e1s saludable y libre de adicciones, la presidenta municipal Cecilia Patr\u00f3n Laviada reitero la invitaci\u00f3n a las juventudes a participar en la creaci\u00f3n de pol\u00edticas p\u00fablicas mediante la segunda edici\u00f3n del Laboratorio de Innovaci\u00f3n Social. \u201cSer\u00e1 un espacio [&hellip;]","og_url":"https:\/\/www.yucatanencorto.com\/noticias\/atenderan-la-prevencion-de-adicciones-en-las-juventudes\/","og_site_name":"Yucat\u00e1n en corto","article_publisher":"http:\/\/www.facebook.com\/yucatanencorto","article_published_time":"2025-09-22T21:37:27+00:00","og_image":[{"width":765,"height":544,"url":"https:\/\/www.yucatanencorto.com\/noticias\/wp-content\/uploads\/2025\/09\/WhatsApp-Image-2025-09-22-at-15.09.07-3.jpeg","type":"image\/jpeg"}],"author":"Yucat\u00e1n en Corto","twitter_card":"summary_large_image","twitter_creator":"@yucatanencorto","twitter_site":"@yucatanencorto","twitter_misc":{"Escrito por":"Yucat\u00e1n en Corto","Tiempo de lectura":"4 minutos"},"schema":{"@context":"https:\/\/schema.org","@graph":[{"@type":"Article","@id":"https:\/\/www.yucatanencorto.com\/noticias\/atenderan-la-prevencion-de-adicciones-en-las-juventudes\/#article","isPartOf":{"@id":"https:\/\/www.yucatanencorto.com\/noticias\/atenderan-la-prevencion-de-adicciones-en-las-juventudes\/"},"author":{"name":"Yucat\u00e1n en Corto","@id":"https:\/\/www.yucatanencorto.com\/noticias\/#\/schema\/person\/f0ec40c33447bbc0dc2d01d3006de771"},"headline":"Atender\u00e1n la prevenci\u00f3n de adicciones en las juventudes","datePublished":"2025-09-22T21:37:27+00:00","mainEntityOfPage":{"@id":"https:\/\/www.yucatanencorto.com\/noticias\/atenderan-la-prevencion-de-adicciones-en-las-juventudes\/"},"wordCount":754,"image":{"@id":"https:\/\/www.yucatanencorto.com\/noticias\/atenderan-la-prevencion-de-adicciones-en-las-juventudes\/#primaryimage"},"thumbnailUrl":"https:\/\/www.yucatanencorto.com\/noticias\/wp-content\/uploads\/2025\/09\/WhatsApp-Image-2025-09-22-at-15.09.07-3.jpeg","articleSection":["M\u00e9rida"],"inLanguage":"es"},{"@type":"WebPage","@id":"https:\/\/www.yucatanencorto.com\/noticias\/atenderan-la-prevencion-de-adicciones-en-las-juventudes\/","url":"https:\/\/www.yucatanencorto.com\/noticias\/atenderan-la-prevencion-de-adicciones-en-las-juventudes\/","name":"Atender\u00e1n la prevenci\u00f3n de adicciones en las juventudes - Yucat\u00e1n en corto","isPartOf":{"@id":"https:\/\/www.yucatanencorto.com\/noticias\/#website"},"primaryImageOfPage":{"@id":"https:\/\/www.yucatanencorto.com\/noticias\/atenderan-la-prevencion-de-adicciones-en-las-juventudes\/#primaryimage"},"image":{"@id":"https:\/\/www.yucatanencorto.com\/noticias\/atenderan-la-prevencion-de-adicciones-en-las-juventudes\/#primaryimage"},"thumbnailUrl":"https:\/\/www.yucatanencorto.com\/noticias\/wp-content\/uploads\/2025\/09\/WhatsApp-Image-2025-09-22-at-15.09.07-3.jpeg","datePublished":"2025-09-22T21:37:27+00:00","author":{"@id":"https:\/\/www.yucatanencorto.com\/noticias\/#\/schema\/person\/f0ec40c33447bbc0dc2d01d3006de771"},"breadcrumb":{"@id":"https:\/\/www.yucatanencorto.com\/noticias\/atenderan-la-prevencion-de-adicciones-en-las-juventudes\/#breadcrumb"},"inLanguage":"es","potentialAction":[{"@type":"ReadAction","target":["https:\/\/www.yucatanencorto.com\/noticias\/atenderan-la-prevencion-de-adicciones-en-las-juventudes\/"]}]},{"@type":"ImageObject","inLanguage":"es","@id":"https:\/\/www.yucatanencorto.com\/noticias\/atenderan-la-prevencion-de-adicciones-en-las-juventudes\/#primaryimage","url":"https:\/\/www.yucatanencorto.com\/noticias\/wp-content\/uploads\/2025\/09\/WhatsApp-Image-2025-09-22-at-15.09.07-3.jpeg","contentUrl":"https:\/\/www.yucatanencorto.com\/noticias\/wp-content\/uploads\/2025\/09\/WhatsApp-Image-2025-09-22-at-15.09.07-3.jpeg","width":765,"height":544},{"@type":"BreadcrumbList","@id":"https:\/\/www.yucatanencorto.com\/noticias\/atenderan-la-prevencion-de-adicciones-en-las-juventudes\/#breadcrumb","itemListElement":[{"@type":"ListItem","position":1,"name":"Portada","item":"https:\/\/www.yucatanencorto.com\/noticias\/"},{"@type":"ListItem","position":2,"name":"Atender\u00e1n la prevenci\u00f3n de adicciones en las juventudes"}]},{"@type":"WebSite","@id":"https:\/\/www.yucatanencorto.com\/noticias\/#website","url":"https:\/\/www.yucatanencorto.com\/noticias\/","name":"Yucat\u00e1n en corto","description":"Noticias","potentialAction":[{"@type":"SearchAction","target":{"@type":"EntryPoint","urlTemplate":"https:\/\/www.yucatanencorto.com\/noticias\/?s={search_term_string}"},"query-input":{"@type":"PropertyValueSpecification","valueRequired":true,"valueName":"search_term_string"}}],"inLanguage":"es"},{"@type":"Person","@id":"https:\/\/www.yucatanencorto.com\/noticias\/#\/schema\/person\/f0ec40c33447bbc0dc2d01d3006de771","name":"Yucat\u00e1n en Corto","image":{"@type":"ImageObject","inLanguage":"es","@id":"https:\/\/secure.gravatar.com\/avatar\/20e0a6b626f38fa8e545fb3f80ce566efd790bf8877e65c3a482460cc3e0b5d1?s=96&d=mm&r=g","url":"https:\/\/secure.gravatar.com\/avatar\/20e0a6b626f38fa8e545fb3f80ce566efd790bf8877e65c3a482460cc3e0b5d1?s=96&d=mm&r=g","contentUrl":"https:\/\/secure.gravatar.com\/avatar\/20e0a6b626f38fa8e545fb3f80ce566efd790bf8877e65c3a482460cc3e0b5d1?s=96&d=mm&r=g","caption":"Yucat\u00e1n en Corto"},"url":"https:\/\/www.yucatanencorto.com\/noticias\/author\/editor25\/"}]}},"_links":{"self":[{"href":"https:\/\/www.yucatanencorto.com\/noticias\/wp-json\/wp\/v2\/posts\/115843","targetHints":{"allow":["GET"]}}],"collection":[{"href":"https:\/\/www.yucatanencorto.com\/noticias\/wp-json\/wp\/v2\/posts"}],"about":[{"href":"https:\/\/www.yucatanencorto.com\/noticias\/wp-json\/wp\/v2\/types\/post"}],"author":[{"embeddable":true,"href":"https:\/\/www.yucatanencorto.com\/noticias\/wp-json\/wp\/v2\/users\/4"}],"replies":[{"embeddable":true,"href":"https:\/\/www.yucatanencorto.com\/noticias\/wp-json\/wp\/v2\/comments?post=115843"}],"version-history":[{"count":1,"href":"https:\/\/www.yucatanencorto.com\/noticias\/wp-json\/wp\/v2\/posts\/115843\/revisions"}],"predecessor-version":[{"id":115845,"href":"https:\/\/www.yucatanencorto.com\/noticias\/wp-json\/wp\/v2\/posts\/115843\/revisions\/115845"}],"wp:featuredmedia":[{"embeddable":true,"href":"https:\/\/www.yucatanencorto.com\/noticias\/wp-json\/wp\/v2\/media\/115844"}],"wp:attachment":[{"href":"https:\/\/www.yucatanencorto.com\/noticias\/wp-json\/wp\/v2\/media?parent=115843"}],"wp:term":[{"taxonomy":"category","embeddable":true,"href":"https:\/\/www.yucatanencorto.com\/noticias\/wp-json\/wp\/v2\/categories?post=115843"},{"taxonomy":"post_tag","embeddable":true,"href":"https:\/\/www.yucatanencorto.com\/noticias\/wp-json\/wp\/v2\/tags?post=115843"}],"curies":[{"name":"wp","href":"https:\/\/api.w.org\/{rel}","templated":true}]}}