{"id":115855,"date":"2025-09-24T17:02:42","date_gmt":"2025-09-24T23:02:42","guid":{"rendered":"https:\/\/www.yucatanencorto.com\/noticias\/?p=115855"},"modified":"2025-09-24T17:04:26","modified_gmt":"2025-09-24T23:04:26","slug":"programas-fortalecen-de-manera-directa-los-ingresos-y-la-economia-de-las-familias-meridanas","status":"publish","type":"post","link":"https:\/\/www.yucatanencorto.com\/noticias\/programas-fortalecen-de-manera-directa-los-ingresos-y-la-economia-de-las-familias-meridanas\/","title":{"rendered":"Programas fortalecen de manera directa los ingresos y la econom\u00eda de las familias meridanas."},"content":{"rendered":"<p><img loading=\"lazy\" decoding=\"async\" class=\"alignnone size-full wp-image-115856\" src=\"https:\/\/www.yucatanencorto.com\/noticias\/wp-content\/uploads\/2025\/09\/WhatsApp-Image-2025-09-24-at-16.55.47-1-scaled.jpeg\" alt=\"\" width=\"768\" height=\"512\" srcset=\"https:\/\/www.yucatanencorto.com\/noticias\/wp-content\/uploads\/2025\/09\/WhatsApp-Image-2025-09-24-at-16.55.47-1-scaled.jpeg 768w, https:\/\/www.yucatanencorto.com\/noticias\/wp-content\/uploads\/2025\/09\/WhatsApp-Image-2025-09-24-at-16.55.47-1-150x100.jpeg 150w, https:\/\/www.yucatanencorto.com\/noticias\/wp-content\/uploads\/2025\/09\/WhatsApp-Image-2025-09-24-at-16.55.47-1-300x200.jpeg 300w, https:\/\/www.yucatanencorto.com\/noticias\/wp-content\/uploads\/2025\/09\/WhatsApp-Image-2025-09-24-at-16.55.47-1-696x464.jpeg 696w, https:\/\/www.yucatanencorto.com\/noticias\/wp-content\/uploads\/2025\/09\/WhatsApp-Image-2025-09-24-at-16.55.47-1-1068x712.jpeg 1068w\" sizes=\"auto, (max-width: 768px) 100vw, 768px\" \/><\/p>\n<p>M\u00e9rida contin\u00faa con los \u00edndices de pobreza laboral m\u00e1s bajos del pa\u00eds, indic\u00f3 la presidenta municipal Cecilia Patr\u00f3n Laviada al compartir las diferentes acciones y avances que se han tenido en el municipio en materia de combate a la pobreza.<\/p>\n<p>\u201cEn M\u00e9rida, 8 de cada 10 personas cuentan con ingreso laboral suficiente para la alimentaci\u00f3n, un logro mayor en comparaci\u00f3n a nivel nacional. Esa es nuestra tarea de todos los d\u00edas, que las familias puedan ganar m\u00e1s\u201d, inform\u00f3 la primera edil.<\/p>\n<p>Durante la acostumbrada reuni\u00f3n semanal con los medios de comunicaci\u00f3n, dijo que sin duda es un resultado sin precedentes para la capital yucateca, pero que no se conformar\u00e1n con lo alcanzado, sino redoblar\u00e1n esfuerzos para que las familias tengan un mayor ingreso.<\/p>\n<p>Se han emprendido distintas acciones en el Ayuntamiento de M\u00e9rida en la que m\u00e1s de 200 personas han sido beneficiadas con el cr\u00e9dito \u201cDe Mujer a Mujer\u201d un apoyo econ\u00f3mico de hasta 200 mil pesos que va de la mano del acompa\u00f1amiento en su autoempleo o emprendimiento.<\/p>\n<p>Son 52 personas emprendedoras que han sido beneficiadas con cr\u00e9ditos de los programas municipales de Mi primer Cr\u00e9dito, Micromer y Macromer, cr\u00e9ditos de hasta 50 mil, 150 mil y 350 mil pesos, respectivamente; y 106 becas \u201cMujeres Construyendo su Autonom\u00eda\u201d otorgadas para el desarrollo de nuevas habilidades y fortalecimiento de su independencia econ\u00f3mica.<\/p>\n<p>Cecilia Patr\u00f3n puntualiz\u00f3 que estos programas para mejorar el ingreso familiar tambi\u00e9n van de la mano de otras pol\u00edticas p\u00fablicas que brindan un mayor alcance para disminuir la pobreza y generar prosperidad compartida con verdadera justicia social mediante la mejora de vivienda y servicios p\u00fablicos.<\/p>\n<p>Tan solo en lo que va de este gobierno municipal se han entregado 391 acciones de vivienda que incluyen cuartos para ba\u00f1os y cocina, dormitorios, pisos y techos firmes, y fosas s\u00e9pticas, al igual que 486 mejoras en vivienda mediante de Enchula tu Casa.<\/p>\n<p>\u201cCon este apoyo de enchular sus viviendas, tambi\u00e9n entregamos 429 tinacos subsidiados con el programa Creciendo Contigo, un trabajo en equipo en la que el ciudadano por una parte y el Ayuntamiento otra mediante la Congregaci\u00f3n Mariana Trinitaria, buscando un descuento para que las familias puedan un mejor acceso al agua\u201d comparti\u00f3 la alcaldesa.<\/p>\n<p>En ese sentido tambi\u00e9n inform\u00f3 que se han rehabilitado 8 sistemas de agua potable en 7 comisar\u00edas, principalmente en el sur de la ciudad, adelantando que hoy se encuentran 12 m\u00e1s en proceso de obra y 6 est\u00e1n por iniciar en este a\u00f1o.<\/p>\n<p>Y como parte de mejorar la calidad de vida hoy se cuenta 38 mil nuevas luminarias LED en varias colonias y comisar\u00edas de la ciudad, y 100 nuevos kil\u00f3metros de calles repavimentadas y construidas con recursos propios y hasta por medio de ahorros, haciendo m\u00e1s con menos.<\/p>\n<p>Acompa\u00f1ada de la Coordinadora General de Justicia Social y Desarrollo Humano, Flora Zapata Mendiolea, y el Director de Desarrollo Social y Combate a la Pobreza, Arturo Le\u00f3n Itz\u00e1, la presidenta municipal record\u00f3 que parte dar m\u00e1s oportunidades a las familias meridanas se transformaron los Centros de Desarrollo Integral en 22 \u201cCentros Aprende\u201d, contando con m\u00e1s de 60 espacios y cursos para el autoempleo y talento meridano.<\/p>\n<p>Apost\u00e1ndole a la educaci\u00f3n para disminuci\u00f3n de la brecha de desigualdades y aspiraciones a un empleo o calidad de vida se han otorgado 599 becas de Excelencia Universitaria y beneficiado a 1 mil 772 estudiantes con Becas para Cursos Proped\u00e9uticos.<\/p>\n<p>\u201cPorque no podemos hablar de bajos niveles de pobreza si no hablamos tambi\u00e9n de atenci\u00f3n m\u00e9dica para cuidar la salud, con nuestra propia infraestructura municipal se han dado 217 mil 032 atenciones m\u00e9dicas y acercado la salud a quienes m\u00e1s lo necesitan con M\u00e9dico a Domicilio con base a 3 mil 743 consultas\u201d, recapitul\u00f3 Patr\u00f3n Laviada.<\/p>\n<p>Al igual resalt\u00f3 los 131 mil 390 servicios m\u00e9dicos a mujeres meridanas, la entrega gratuita a 4 mil 726 personas de escasos recursos y de grupos vulnerables, y los 1 mil 091 aparatos ortop\u00e9dicos entregados para mejorar la movilidad.<\/p>\n<p>En su intervenci\u00f3n final Cecilia Patr\u00f3n extern\u00f3 que \u201cNuestro objetivo es que alcance para m\u00e1s, poner los recursos donde se necesita, y as\u00ed seguiremos trabajando para el combate a la pobreza, que es para nosotros sumamente importante, una agenda y compromiso permanente dentro del Ayuntamiento de M\u00e9rida\u201d.<\/p>\n","protected":false},"excerpt":{"rendered":"<p>M\u00e9rida contin\u00faa con los \u00edndices de pobreza laboral m\u00e1s bajos del pa\u00eds, indic\u00f3 la presidenta municipal Cecilia Patr\u00f3n Laviada al compartir las diferentes acciones y avances que se han tenido en el municipio en materia de combate a la pobreza. \u201cEn M\u00e9rida, 8 de cada 10 personas cuentan con ingreso laboral suficiente para la alimentaci\u00f3n, [&hellip;]<\/p>\n","protected":false},"author":4,"featured_media":115856,"comment_status":"closed","ping_status":"closed","sticky":false,"template":"","format":"standard","meta":{"footnotes":""},"categories":[2],"tags":[],"class_list":{"0":"post-115855","1":"post","2":"type-post","3":"status-publish","4":"format-standard","5":"has-post-thumbnail","7":"category-merida"},"yoast_head":"<!-- This site is optimized with the Yoast SEO plugin v27.4 - https:\/\/yoast.com\/product\/yoast-seo-wordpress\/ -->\n<title>Programas fortalecen de manera directa los ingresos y la econom\u00eda de las familias meridanas. - Yucat\u00e1n en corto<\/title>\n<meta name=\"robots\" content=\"index, follow, max-snippet:-1, max-image-preview:large, max-video-preview:-1\" \/>\n<link rel=\"canonical\" href=\"https:\/\/www.yucatanencorto.com\/noticias\/programas-fortalecen-de-manera-directa-los-ingresos-y-la-economia-de-las-familias-meridanas\/\" \/>\n<meta property=\"og:locale\" content=\"es_ES\" \/>\n<meta property=\"og:type\" content=\"article\" \/>\n<meta property=\"og:title\" content=\"Programas fortalecen de manera directa los ingresos y la econom\u00eda de las familias meridanas. - Yucat\u00e1n en corto\" \/>\n<meta property=\"og:description\" content=\"M\u00e9rida contin\u00faa con los \u00edndices de pobreza laboral m\u00e1s bajos del pa\u00eds, indic\u00f3 la presidenta municipal Cecilia Patr\u00f3n Laviada al compartir las diferentes acciones y avances que se han tenido en el municipio en materia de combate a la pobreza. \u201cEn M\u00e9rida, 8 de cada 10 personas cuentan con ingreso laboral suficiente para la alimentaci\u00f3n, [&hellip;]\" \/>\n<meta property=\"og:url\" content=\"https:\/\/www.yucatanencorto.com\/noticias\/programas-fortalecen-de-manera-directa-los-ingresos-y-la-economia-de-las-familias-meridanas\/\" \/>\n<meta property=\"og:site_name\" content=\"Yucat\u00e1n en corto\" \/>\n<meta property=\"article:publisher\" content=\"http:\/\/www.facebook.com\/yucatanencorto\" \/>\n<meta property=\"article:published_time\" content=\"2025-09-24T23:02:42+00:00\" \/>\n<meta property=\"article:modified_time\" content=\"2025-09-24T23:04:26+00:00\" \/>\n<meta property=\"og:image\" content=\"https:\/\/www.yucatanencorto.com\/noticias\/wp-content\/uploads\/2025\/09\/WhatsApp-Image-2025-09-24-at-16.55.47-1-scaled.jpeg\" \/>\n\t<meta property=\"og:image:width\" content=\"768\" \/>\n\t<meta property=\"og:image:height\" content=\"512\" \/>\n\t<meta property=\"og:image:type\" content=\"image\/jpeg\" \/>\n<meta name=\"author\" content=\"Yucat\u00e1n en Corto\" \/>\n<meta name=\"twitter:card\" content=\"summary_large_image\" \/>\n<meta name=\"twitter:creator\" content=\"@yucatanencorto\" \/>\n<meta name=\"twitter:site\" content=\"@yucatanencorto\" \/>\n<meta name=\"twitter:label1\" content=\"Escrito por\" \/>\n\t<meta name=\"twitter:data1\" content=\"Yucat\u00e1n en Corto\" \/>\n\t<meta name=\"twitter:label2\" content=\"Tiempo de lectura\" \/>\n\t<meta name=\"twitter:data2\" content=\"4 minutos\" \/>\n<script type=\"application\/ld+json\" class=\"yoast-schema-graph\">{\"@context\":\"https:\\\/\\\/schema.org\",\"@graph\":[{\"@type\":\"Article\",\"@id\":\"https:\\\/\\\/www.yucatanencorto.com\\\/noticias\\\/programas-fortalecen-de-manera-directa-los-ingresos-y-la-economia-de-las-familias-meridanas\\\/#article\",\"isPartOf\":{\"@id\":\"https:\\\/\\\/www.yucatanencorto.com\\\/noticias\\\/programas-fortalecen-de-manera-directa-los-ingresos-y-la-economia-de-las-familias-meridanas\\\/\"},\"author\":{\"name\":\"Yucat\u00e1n en Corto\",\"@id\":\"https:\\\/\\\/www.yucatanencorto.com\\\/noticias\\\/#\\\/schema\\\/person\\\/f0ec40c33447bbc0dc2d01d3006de771\"},\"headline\":\"Programas fortalecen de manera directa los ingresos y la econom\u00eda de las familias meridanas.\",\"datePublished\":\"2025-09-24T23:02:42+00:00\",\"dateModified\":\"2025-09-24T23:04:26+00:00\",\"mainEntityOfPage\":{\"@id\":\"https:\\\/\\\/www.yucatanencorto.com\\\/noticias\\\/programas-fortalecen-de-manera-directa-los-ingresos-y-la-economia-de-las-familias-meridanas\\\/\"},\"wordCount\":748,\"image\":{\"@id\":\"https:\\\/\\\/www.yucatanencorto.com\\\/noticias\\\/programas-fortalecen-de-manera-directa-los-ingresos-y-la-economia-de-las-familias-meridanas\\\/#primaryimage\"},\"thumbnailUrl\":\"https:\\\/\\\/www.yucatanencorto.com\\\/noticias\\\/wp-content\\\/uploads\\\/2025\\\/09\\\/WhatsApp-Image-2025-09-24-at-16.55.47-1-scaled.jpeg\",\"articleSection\":[\"M\u00e9rida\"],\"inLanguage\":\"es\"},{\"@type\":\"WebPage\",\"@id\":\"https:\\\/\\\/www.yucatanencorto.com\\\/noticias\\\/programas-fortalecen-de-manera-directa-los-ingresos-y-la-economia-de-las-familias-meridanas\\\/\",\"url\":\"https:\\\/\\\/www.yucatanencorto.com\\\/noticias\\\/programas-fortalecen-de-manera-directa-los-ingresos-y-la-economia-de-las-familias-meridanas\\\/\",\"name\":\"Programas fortalecen de manera directa los ingresos y la econom\u00eda de las familias meridanas. - Yucat\u00e1n en corto\",\"isPartOf\":{\"@id\":\"https:\\\/\\\/www.yucatanencorto.com\\\/noticias\\\/#website\"},\"primaryImageOfPage\":{\"@id\":\"https:\\\/\\\/www.yucatanencorto.com\\\/noticias\\\/programas-fortalecen-de-manera-directa-los-ingresos-y-la-economia-de-las-familias-meridanas\\\/#primaryimage\"},\"image\":{\"@id\":\"https:\\\/\\\/www.yucatanencorto.com\\\/noticias\\\/programas-fortalecen-de-manera-directa-los-ingresos-y-la-economia-de-las-familias-meridanas\\\/#primaryimage\"},\"thumbnailUrl\":\"https:\\\/\\\/www.yucatanencorto.com\\\/noticias\\\/wp-content\\\/uploads\\\/2025\\\/09\\\/WhatsApp-Image-2025-09-24-at-16.55.47-1-scaled.jpeg\",\"datePublished\":\"2025-09-24T23:02:42+00:00\",\"dateModified\":\"2025-09-24T23:04:26+00:00\",\"author\":{\"@id\":\"https:\\\/\\\/www.yucatanencorto.com\\\/noticias\\\/#\\\/schema\\\/person\\\/f0ec40c33447bbc0dc2d01d3006de771\"},\"breadcrumb\":{\"@id\":\"https:\\\/\\\/www.yucatanencorto.com\\\/noticias\\\/programas-fortalecen-de-manera-directa-los-ingresos-y-la-economia-de-las-familias-meridanas\\\/#breadcrumb\"},\"inLanguage\":\"es\",\"potentialAction\":[{\"@type\":\"ReadAction\",\"target\":[\"https:\\\/\\\/www.yucatanencorto.com\\\/noticias\\\/programas-fortalecen-de-manera-directa-los-ingresos-y-la-economia-de-las-familias-meridanas\\\/\"]}]},{\"@type\":\"ImageObject\",\"inLanguage\":\"es\",\"@id\":\"https:\\\/\\\/www.yucatanencorto.com\\\/noticias\\\/programas-fortalecen-de-manera-directa-los-ingresos-y-la-economia-de-las-familias-meridanas\\\/#primaryimage\",\"url\":\"https:\\\/\\\/www.yucatanencorto.com\\\/noticias\\\/wp-content\\\/uploads\\\/2025\\\/09\\\/WhatsApp-Image-2025-09-24-at-16.55.47-1-scaled.jpeg\",\"contentUrl\":\"https:\\\/\\\/www.yucatanencorto.com\\\/noticias\\\/wp-content\\\/uploads\\\/2025\\\/09\\\/WhatsApp-Image-2025-09-24-at-16.55.47-1-scaled.jpeg\",\"width\":768,\"height\":512},{\"@type\":\"BreadcrumbList\",\"@id\":\"https:\\\/\\\/www.yucatanencorto.com\\\/noticias\\\/programas-fortalecen-de-manera-directa-los-ingresos-y-la-economia-de-las-familias-meridanas\\\/#breadcrumb\",\"itemListElement\":[{\"@type\":\"ListItem\",\"position\":1,\"name\":\"Portada\",\"item\":\"https:\\\/\\\/www.yucatanencorto.com\\\/noticias\\\/\"},{\"@type\":\"ListItem\",\"position\":2,\"name\":\"Programas fortalecen de manera directa los ingresos y la econom\u00eda de las familias meridanas.\"}]},{\"@type\":\"WebSite\",\"@id\":\"https:\\\/\\\/www.yucatanencorto.com\\\/noticias\\\/#website\",\"url\":\"https:\\\/\\\/www.yucatanencorto.com\\\/noticias\\\/\",\"name\":\"Yucat\u00e1n en corto\",\"description\":\"Noticias\",\"potentialAction\":[{\"@type\":\"SearchAction\",\"target\":{\"@type\":\"EntryPoint\",\"urlTemplate\":\"https:\\\/\\\/www.yucatanencorto.com\\\/noticias\\\/?s={search_term_string}\"},\"query-input\":{\"@type\":\"PropertyValueSpecification\",\"valueRequired\":true,\"valueName\":\"search_term_string\"}}],\"inLanguage\":\"es\"},{\"@type\":\"Person\",\"@id\":\"https:\\\/\\\/www.yucatanencorto.com\\\/noticias\\\/#\\\/schema\\\/person\\\/f0ec40c33447bbc0dc2d01d3006de771\",\"name\":\"Yucat\u00e1n en Corto\",\"image\":{\"@type\":\"ImageObject\",\"inLanguage\":\"es\",\"@id\":\"https:\\\/\\\/secure.gravatar.com\\\/avatar\\\/20e0a6b626f38fa8e545fb3f80ce566efd790bf8877e65c3a482460cc3e0b5d1?s=96&d=mm&r=g\",\"url\":\"https:\\\/\\\/secure.gravatar.com\\\/avatar\\\/20e0a6b626f38fa8e545fb3f80ce566efd790bf8877e65c3a482460cc3e0b5d1?s=96&d=mm&r=g\",\"contentUrl\":\"https:\\\/\\\/secure.gravatar.com\\\/avatar\\\/20e0a6b626f38fa8e545fb3f80ce566efd790bf8877e65c3a482460cc3e0b5d1?s=96&d=mm&r=g\",\"caption\":\"Yucat\u00e1n en Corto\"},\"url\":\"https:\\\/\\\/www.yucatanencorto.com\\\/noticias\\\/author\\\/editor25\\\/\"}]}<\/script>\n<!-- \/ Yoast SEO plugin. -->","yoast_head_json":{"title":"Programas fortalecen de manera directa los ingresos y la econom\u00eda de las familias meridanas. - Yucat\u00e1n en corto","robots":{"index":"index","follow":"follow","max-snippet":"max-snippet:-1","max-image-preview":"max-image-preview:large","max-video-preview":"max-video-preview:-1"},"canonical":"https:\/\/www.yucatanencorto.com\/noticias\/programas-fortalecen-de-manera-directa-los-ingresos-y-la-economia-de-las-familias-meridanas\/","og_locale":"es_ES","og_type":"article","og_title":"Programas fortalecen de manera directa los ingresos y la econom\u00eda de las familias meridanas. - Yucat\u00e1n en corto","og_description":"M\u00e9rida contin\u00faa con los \u00edndices de pobreza laboral m\u00e1s bajos del pa\u00eds, indic\u00f3 la presidenta municipal Cecilia Patr\u00f3n Laviada al compartir las diferentes acciones y avances que se han tenido en el municipio en materia de combate a la pobreza. \u201cEn M\u00e9rida, 8 de cada 10 personas cuentan con ingreso laboral suficiente para la alimentaci\u00f3n, [&hellip;]","og_url":"https:\/\/www.yucatanencorto.com\/noticias\/programas-fortalecen-de-manera-directa-los-ingresos-y-la-economia-de-las-familias-meridanas\/","og_site_name":"Yucat\u00e1n en corto","article_publisher":"http:\/\/www.facebook.com\/yucatanencorto","article_published_time":"2025-09-24T23:02:42+00:00","article_modified_time":"2025-09-24T23:04:26+00:00","og_image":[{"width":768,"height":512,"url":"https:\/\/www.yucatanencorto.com\/noticias\/wp-content\/uploads\/2025\/09\/WhatsApp-Image-2025-09-24-at-16.55.47-1-scaled.jpeg","type":"image\/jpeg"}],"author":"Yucat\u00e1n en Corto","twitter_card":"summary_large_image","twitter_creator":"@yucatanencorto","twitter_site":"@yucatanencorto","twitter_misc":{"Escrito por":"Yucat\u00e1n en Corto","Tiempo de lectura":"4 minutos"},"schema":{"@context":"https:\/\/schema.org","@graph":[{"@type":"Article","@id":"https:\/\/www.yucatanencorto.com\/noticias\/programas-fortalecen-de-manera-directa-los-ingresos-y-la-economia-de-las-familias-meridanas\/#article","isPartOf":{"@id":"https:\/\/www.yucatanencorto.com\/noticias\/programas-fortalecen-de-manera-directa-los-ingresos-y-la-economia-de-las-familias-meridanas\/"},"author":{"name":"Yucat\u00e1n en Corto","@id":"https:\/\/www.yucatanencorto.com\/noticias\/#\/schema\/person\/f0ec40c33447bbc0dc2d01d3006de771"},"headline":"Programas fortalecen de manera directa los ingresos y la econom\u00eda de las familias meridanas.","datePublished":"2025-09-24T23:02:42+00:00","dateModified":"2025-09-24T23:04:26+00:00","mainEntityOfPage":{"@id":"https:\/\/www.yucatanencorto.com\/noticias\/programas-fortalecen-de-manera-directa-los-ingresos-y-la-economia-de-las-familias-meridanas\/"},"wordCount":748,"image":{"@id":"https:\/\/www.yucatanencorto.com\/noticias\/programas-fortalecen-de-manera-directa-los-ingresos-y-la-economia-de-las-familias-meridanas\/#primaryimage"},"thumbnailUrl":"https:\/\/www.yucatanencorto.com\/noticias\/wp-content\/uploads\/2025\/09\/WhatsApp-Image-2025-09-24-at-16.55.47-1-scaled.jpeg","articleSection":["M\u00e9rida"],"inLanguage":"es"},{"@type":"WebPage","@id":"https:\/\/www.yucatanencorto.com\/noticias\/programas-fortalecen-de-manera-directa-los-ingresos-y-la-economia-de-las-familias-meridanas\/","url":"https:\/\/www.yucatanencorto.com\/noticias\/programas-fortalecen-de-manera-directa-los-ingresos-y-la-economia-de-las-familias-meridanas\/","name":"Programas fortalecen de manera directa los ingresos y la econom\u00eda de las familias meridanas. - Yucat\u00e1n en corto","isPartOf":{"@id":"https:\/\/www.yucatanencorto.com\/noticias\/#website"},"primaryImageOfPage":{"@id":"https:\/\/www.yucatanencorto.com\/noticias\/programas-fortalecen-de-manera-directa-los-ingresos-y-la-economia-de-las-familias-meridanas\/#primaryimage"},"image":{"@id":"https:\/\/www.yucatanencorto.com\/noticias\/programas-fortalecen-de-manera-directa-los-ingresos-y-la-economia-de-las-familias-meridanas\/#primaryimage"},"thumbnailUrl":"https:\/\/www.yucatanencorto.com\/noticias\/wp-content\/uploads\/2025\/09\/WhatsApp-Image-2025-09-24-at-16.55.47-1-scaled.jpeg","datePublished":"2025-09-24T23:02:42+00:00","dateModified":"2025-09-24T23:04:26+00:00","author":{"@id":"https:\/\/www.yucatanencorto.com\/noticias\/#\/schema\/person\/f0ec40c33447bbc0dc2d01d3006de771"},"breadcrumb":{"@id":"https:\/\/www.yucatanencorto.com\/noticias\/programas-fortalecen-de-manera-directa-los-ingresos-y-la-economia-de-las-familias-meridanas\/#breadcrumb"},"inLanguage":"es","potentialAction":[{"@type":"ReadAction","target":["https:\/\/www.yucatanencorto.com\/noticias\/programas-fortalecen-de-manera-directa-los-ingresos-y-la-economia-de-las-familias-meridanas\/"]}]},{"@type":"ImageObject","inLanguage":"es","@id":"https:\/\/www.yucatanencorto.com\/noticias\/programas-fortalecen-de-manera-directa-los-ingresos-y-la-economia-de-las-familias-meridanas\/#primaryimage","url":"https:\/\/www.yucatanencorto.com\/noticias\/wp-content\/uploads\/2025\/09\/WhatsApp-Image-2025-09-24-at-16.55.47-1-scaled.jpeg","contentUrl":"https:\/\/www.yucatanencorto.com\/noticias\/wp-content\/uploads\/2025\/09\/WhatsApp-Image-2025-09-24-at-16.55.47-1-scaled.jpeg","width":768,"height":512},{"@type":"BreadcrumbList","@id":"https:\/\/www.yucatanencorto.com\/noticias\/programas-fortalecen-de-manera-directa-los-ingresos-y-la-economia-de-las-familias-meridanas\/#breadcrumb","itemListElement":[{"@type":"ListItem","position":1,"name":"Portada","item":"https:\/\/www.yucatanencorto.com\/noticias\/"},{"@type":"ListItem","position":2,"name":"Programas fortalecen de manera directa los ingresos y la econom\u00eda de las familias meridanas."}]},{"@type":"WebSite","@id":"https:\/\/www.yucatanencorto.com\/noticias\/#website","url":"https:\/\/www.yucatanencorto.com\/noticias\/","name":"Yucat\u00e1n en corto","description":"Noticias","potentialAction":[{"@type":"SearchAction","target":{"@type":"EntryPoint","urlTemplate":"https:\/\/www.yucatanencorto.com\/noticias\/?s={search_term_string}"},"query-input":{"@type":"PropertyValueSpecification","valueRequired":true,"valueName":"search_term_string"}}],"inLanguage":"es"},{"@type":"Person","@id":"https:\/\/www.yucatanencorto.com\/noticias\/#\/schema\/person\/f0ec40c33447bbc0dc2d01d3006de771","name":"Yucat\u00e1n en Corto","image":{"@type":"ImageObject","inLanguage":"es","@id":"https:\/\/secure.gravatar.com\/avatar\/20e0a6b626f38fa8e545fb3f80ce566efd790bf8877e65c3a482460cc3e0b5d1?s=96&d=mm&r=g","url":"https:\/\/secure.gravatar.com\/avatar\/20e0a6b626f38fa8e545fb3f80ce566efd790bf8877e65c3a482460cc3e0b5d1?s=96&d=mm&r=g","contentUrl":"https:\/\/secure.gravatar.com\/avatar\/20e0a6b626f38fa8e545fb3f80ce566efd790bf8877e65c3a482460cc3e0b5d1?s=96&d=mm&r=g","caption":"Yucat\u00e1n en Corto"},"url":"https:\/\/www.yucatanencorto.com\/noticias\/author\/editor25\/"}]}},"_links":{"self":[{"href":"https:\/\/www.yucatanencorto.com\/noticias\/wp-json\/wp\/v2\/posts\/115855","targetHints":{"allow":["GET"]}}],"collection":[{"href":"https:\/\/www.yucatanencorto.com\/noticias\/wp-json\/wp\/v2\/posts"}],"about":[{"href":"https:\/\/www.yucatanencorto.com\/noticias\/wp-json\/wp\/v2\/types\/post"}],"author":[{"embeddable":true,"href":"https:\/\/www.yucatanencorto.com\/noticias\/wp-json\/wp\/v2\/users\/4"}],"replies":[{"embeddable":true,"href":"https:\/\/www.yucatanencorto.com\/noticias\/wp-json\/wp\/v2\/comments?post=115855"}],"version-history":[{"count":2,"href":"https:\/\/www.yucatanencorto.com\/noticias\/wp-json\/wp\/v2\/posts\/115855\/revisions"}],"predecessor-version":[{"id":115858,"href":"https:\/\/www.yucatanencorto.com\/noticias\/wp-json\/wp\/v2\/posts\/115855\/revisions\/115858"}],"wp:featuredmedia":[{"embeddable":true,"href":"https:\/\/www.yucatanencorto.com\/noticias\/wp-json\/wp\/v2\/media\/115856"}],"wp:attachment":[{"href":"https:\/\/www.yucatanencorto.com\/noticias\/wp-json\/wp\/v2\/media?parent=115855"}],"wp:term":[{"taxonomy":"category","embeddable":true,"href":"https:\/\/www.yucatanencorto.com\/noticias\/wp-json\/wp\/v2\/categories?post=115855"},{"taxonomy":"post_tag","embeddable":true,"href":"https:\/\/www.yucatanencorto.com\/noticias\/wp-json\/wp\/v2\/tags?post=115855"}],"curies":[{"name":"wp","href":"https:\/\/api.w.org\/{rel}","templated":true}]}}