{"id":115864,"date":"2025-09-25T16:28:52","date_gmt":"2025-09-25T22:28:52","guid":{"rendered":"https:\/\/www.yucatanencorto.com\/noticias\/?p=115864"},"modified":"2025-09-25T16:28:52","modified_gmt":"2025-09-25T22:28:52","slug":"invitan-a-ninez-y-juventudes-yucatecas-a-mostrar-su-talento-cientifico-2","status":"publish","type":"post","link":"https:\/\/www.yucatanencorto.com\/noticias\/invitan-a-ninez-y-juventudes-yucatecas-a-mostrar-su-talento-cientifico-2\/","title":{"rendered":"Invitan a ni\u00f1ez y juventudes yucatecas a mostrar su talento cient\u00edfico"},"content":{"rendered":"<p><img loading=\"lazy\" decoding=\"async\" class=\"alignnone size-full wp-image-115865\" src=\"https:\/\/www.yucatanencorto.com\/noticias\/wp-content\/uploads\/2025\/09\/WhatsApp-Image-2025-09-25-at-16.03.59-scaled.jpeg\" alt=\"\" width=\"768\" height=\"512\" srcset=\"https:\/\/www.yucatanencorto.com\/noticias\/wp-content\/uploads\/2025\/09\/WhatsApp-Image-2025-09-25-at-16.03.59-scaled.jpeg 768w, https:\/\/www.yucatanencorto.com\/noticias\/wp-content\/uploads\/2025\/09\/WhatsApp-Image-2025-09-25-at-16.03.59-1536x1023.jpeg 1536w, https:\/\/www.yucatanencorto.com\/noticias\/wp-content\/uploads\/2025\/09\/WhatsApp-Image-2025-09-25-at-16.03.59-150x100.jpeg 150w, https:\/\/www.yucatanencorto.com\/noticias\/wp-content\/uploads\/2025\/09\/WhatsApp-Image-2025-09-25-at-16.03.59-300x200.jpeg 300w, https:\/\/www.yucatanencorto.com\/noticias\/wp-content\/uploads\/2025\/09\/WhatsApp-Image-2025-09-25-at-16.03.59-696x464.jpeg 696w, https:\/\/www.yucatanencorto.com\/noticias\/wp-content\/uploads\/2025\/09\/WhatsApp-Image-2025-09-25-at-16.03.59-1068x712.jpeg 1068w\" sizes=\"auto, (max-width: 768px) 100vw, 768px\" \/><\/p>\n<p>&nbsp;<\/p>\n<p>M\u00e9rida, Yucat\u00e1n, a 25 de septiembre de 2025<\/p>\n<p>La Secretar\u00eda de Ciencia, Humanidades, Tecnolog\u00eda e Innovaci\u00f3n (Secihti) anuncia la convocatoria \u201cExpoCiencias 2025\u201d, con una bolsa de premios en efectivo por 320 mil pesos.<\/p>\n<p>Con el prop\u00f3sito de fomentar la participaci\u00f3n de estudiantes de todos los niveles educativos en proyectos de impacto cient\u00edfico y de divulgaci\u00f3n, el Gobierno del Estado, a trav\u00e9s de la Secretar\u00eda de Ciencia, Humanidades, Tecnolog\u00eda e Innovaci\u00f3n (Secihti),\u00a0lanz\u00f3\u00a0la convocatoria para la decimocuarta edici\u00f3n de la \u201cExpoCiencias Yucat\u00e1n 2025\u201d.<\/p>\n<p>El concurso contempla cuatro categor\u00edas: \u201cPandilla Kids\u201d, dirigida a ni\u00f1as y ni\u00f1os de 3\u00b0, 4\u00b0 y 5\u00b0 de primaria; \u201cPandilla Cient\u00edfica Juvenil\u201d, para estudiantes de secundaria; as\u00ed como\u00a0categor\u00edas de\u00a0Media superior y Educaci\u00f3n superior. Se reconocer\u00e1 a los\u00a0primeros y segundos lugares\u00a0de cada rubro con 50 mil y 30 mil pesos, respectivamente, sumando un total de 320 mil pesos en premios.<\/p>\n<p>La subsecretaria de Ciencia y Humanidades, Alpha Tavera Escalante, inform\u00f3 que los proyectos deber\u00e1n inscribirse en alguna de las siguientes \u00e1reas de conocimiento: medio ambiente; ciencias agropecuarias y alimentos; ciencias sociales; divulgaci\u00f3n de la ciencia; innovaci\u00f3n y desarrollo tecnol\u00f3gico.<\/p>\n<p>Sobre este \u00faltimo rubro, la funcionaria destac\u00f3\u00a0tres \u00e1reas principales: software y computaci\u00f3n, inteligencia artificial, as\u00ed como tecnolog\u00eda y ciencias de los materiales, y anticip\u00f3 que las y los ganadores de los primeros y segundos lugares tambi\u00e9n obtendr\u00e1n su pase a la \u201cExpoCiencias Nacional\u201d, que se celebrar\u00e1 en diciembre en Tampico, Tamaulipas.<\/p>\n<p>\u201cEs una gran oportunidad, no solo por los premios en efectivo, sino para destacarse\u00a0a nivel estatal, con la posibilidad de avanzar\u00a0al \u00e1mbito nacional y, si el proyecto es realmente sobresaliente, llegar incluso al internacional\u201d, explic\u00f3 la funcionaria, quien precis\u00f3 que la primera etapa de la convocatoria, correspondiente al registro,\u00a0cerrar\u00e1\u00a0el 30 de septiembre.<\/p>\n<p>Entre los requisitos principales\u00a0se incluye\u00a0elaborar un video de m\u00e1ximo cinco minutos en el cual las y los participantes presenten su propuesta. Para m\u00e1s informaci\u00f3n,\u00a0los interesados pueden consultar\u00a0las redes sociales de la Secihti y la p\u00e1gina ciencia.yucatan.gob.mx, o comunicarse al tel\u00e9fono (999) 926-36-51, ext. 55425.<\/p>\n","protected":false},"excerpt":{"rendered":"<p>&nbsp; M\u00e9rida, Yucat\u00e1n, a 25 de septiembre de 2025 La Secretar\u00eda de Ciencia, Humanidades, Tecnolog\u00eda e Innovaci\u00f3n (Secihti) anuncia la convocatoria \u201cExpoCiencias 2025\u201d, con una bolsa de premios en efectivo por 320 mil pesos. Con el prop\u00f3sito de fomentar la participaci\u00f3n de estudiantes de todos los niveles educativos en proyectos de impacto cient\u00edfico y de [&hellip;]<\/p>\n","protected":false},"author":4,"featured_media":115865,"comment_status":"closed","ping_status":"closed","sticky":false,"template":"","format":"standard","meta":{"footnotes":""},"categories":[3],"tags":[],"class_list":{"0":"post-115864","1":"post","2":"type-post","3":"status-publish","4":"format-standard","5":"has-post-thumbnail","7":"category-yucatan"},"yoast_head":"<!-- This site is optimized with the Yoast SEO plugin v27.5 - https:\/\/yoast.com\/product\/yoast-seo-wordpress\/ -->\n<title>Invitan a ni\u00f1ez y juventudes yucatecas a mostrar su talento cient\u00edfico - Yucat\u00e1n en corto<\/title>\n<meta name=\"robots\" content=\"index, follow, max-snippet:-1, max-image-preview:large, max-video-preview:-1\" \/>\n<link rel=\"canonical\" href=\"https:\/\/www.yucatanencorto.com\/noticias\/invitan-a-ninez-y-juventudes-yucatecas-a-mostrar-su-talento-cientifico-2\/\" \/>\n<meta property=\"og:locale\" content=\"es_ES\" \/>\n<meta property=\"og:type\" content=\"article\" \/>\n<meta property=\"og:title\" content=\"Invitan a ni\u00f1ez y juventudes yucatecas a mostrar su talento cient\u00edfico - Yucat\u00e1n en corto\" \/>\n<meta property=\"og:description\" content=\"&nbsp; M\u00e9rida, Yucat\u00e1n, a 25 de septiembre de 2025 La Secretar\u00eda de Ciencia, Humanidades, Tecnolog\u00eda e Innovaci\u00f3n (Secihti) anuncia la convocatoria \u201cExpoCiencias 2025\u201d, con una bolsa de premios en efectivo por 320 mil pesos. Con el prop\u00f3sito de fomentar la participaci\u00f3n de estudiantes de todos los niveles educativos en proyectos de impacto cient\u00edfico y de [&hellip;]\" \/>\n<meta property=\"og:url\" content=\"https:\/\/www.yucatanencorto.com\/noticias\/invitan-a-ninez-y-juventudes-yucatecas-a-mostrar-su-talento-cientifico-2\/\" \/>\n<meta property=\"og:site_name\" content=\"Yucat\u00e1n en corto\" \/>\n<meta property=\"article:publisher\" content=\"http:\/\/www.facebook.com\/yucatanencorto\" \/>\n<meta property=\"article:published_time\" content=\"2025-09-25T22:28:52+00:00\" \/>\n<meta property=\"og:image\" content=\"https:\/\/www.yucatanencorto.com\/noticias\/wp-content\/uploads\/2025\/09\/WhatsApp-Image-2025-09-25-at-16.03.59-scaled.jpeg\" \/>\n\t<meta property=\"og:image:width\" content=\"768\" \/>\n\t<meta property=\"og:image:height\" content=\"512\" \/>\n\t<meta property=\"og:image:type\" content=\"image\/jpeg\" \/>\n<meta name=\"author\" content=\"Yucat\u00e1n en Corto\" \/>\n<meta name=\"twitter:card\" content=\"summary_large_image\" \/>\n<meta name=\"twitter:creator\" content=\"@yucatanencorto\" \/>\n<meta name=\"twitter:site\" content=\"@yucatanencorto\" \/>\n<meta name=\"twitter:label1\" content=\"Escrito por\" \/>\n\t<meta name=\"twitter:data1\" content=\"Yucat\u00e1n en Corto\" \/>\n\t<meta name=\"twitter:label2\" content=\"Tiempo de lectura\" \/>\n\t<meta name=\"twitter:data2\" content=\"2 minutos\" \/>\n<script type=\"application\/ld+json\" class=\"yoast-schema-graph\">{\"@context\":\"https:\\\/\\\/schema.org\",\"@graph\":[{\"@type\":\"Article\",\"@id\":\"https:\\\/\\\/www.yucatanencorto.com\\\/noticias\\\/invitan-a-ninez-y-juventudes-yucatecas-a-mostrar-su-talento-cientifico-2\\\/#article\",\"isPartOf\":{\"@id\":\"https:\\\/\\\/www.yucatanencorto.com\\\/noticias\\\/invitan-a-ninez-y-juventudes-yucatecas-a-mostrar-su-talento-cientifico-2\\\/\"},\"author\":{\"name\":\"Yucat\u00e1n en Corto\",\"@id\":\"https:\\\/\\\/www.yucatanencorto.com\\\/noticias\\\/#\\\/schema\\\/person\\\/f0ec40c33447bbc0dc2d01d3006de771\"},\"headline\":\"Invitan a ni\u00f1ez y juventudes yucatecas a mostrar su talento cient\u00edfico\",\"datePublished\":\"2025-09-25T22:28:52+00:00\",\"mainEntityOfPage\":{\"@id\":\"https:\\\/\\\/www.yucatanencorto.com\\\/noticias\\\/invitan-a-ninez-y-juventudes-yucatecas-a-mostrar-su-talento-cientifico-2\\\/\"},\"wordCount\":379,\"image\":{\"@id\":\"https:\\\/\\\/www.yucatanencorto.com\\\/noticias\\\/invitan-a-ninez-y-juventudes-yucatecas-a-mostrar-su-talento-cientifico-2\\\/#primaryimage\"},\"thumbnailUrl\":\"https:\\\/\\\/www.yucatanencorto.com\\\/noticias\\\/wp-content\\\/uploads\\\/2025\\\/09\\\/WhatsApp-Image-2025-09-25-at-16.03.59-scaled.jpeg\",\"articleSection\":[\"Yucat\u00e1n\"],\"inLanguage\":\"es\"},{\"@type\":\"WebPage\",\"@id\":\"https:\\\/\\\/www.yucatanencorto.com\\\/noticias\\\/invitan-a-ninez-y-juventudes-yucatecas-a-mostrar-su-talento-cientifico-2\\\/\",\"url\":\"https:\\\/\\\/www.yucatanencorto.com\\\/noticias\\\/invitan-a-ninez-y-juventudes-yucatecas-a-mostrar-su-talento-cientifico-2\\\/\",\"name\":\"Invitan a ni\u00f1ez y juventudes yucatecas a mostrar su talento cient\u00edfico - Yucat\u00e1n en corto\",\"isPartOf\":{\"@id\":\"https:\\\/\\\/www.yucatanencorto.com\\\/noticias\\\/#website\"},\"primaryImageOfPage\":{\"@id\":\"https:\\\/\\\/www.yucatanencorto.com\\\/noticias\\\/invitan-a-ninez-y-juventudes-yucatecas-a-mostrar-su-talento-cientifico-2\\\/#primaryimage\"},\"image\":{\"@id\":\"https:\\\/\\\/www.yucatanencorto.com\\\/noticias\\\/invitan-a-ninez-y-juventudes-yucatecas-a-mostrar-su-talento-cientifico-2\\\/#primaryimage\"},\"thumbnailUrl\":\"https:\\\/\\\/www.yucatanencorto.com\\\/noticias\\\/wp-content\\\/uploads\\\/2025\\\/09\\\/WhatsApp-Image-2025-09-25-at-16.03.59-scaled.jpeg\",\"datePublished\":\"2025-09-25T22:28:52+00:00\",\"author\":{\"@id\":\"https:\\\/\\\/www.yucatanencorto.com\\\/noticias\\\/#\\\/schema\\\/person\\\/f0ec40c33447bbc0dc2d01d3006de771\"},\"breadcrumb\":{\"@id\":\"https:\\\/\\\/www.yucatanencorto.com\\\/noticias\\\/invitan-a-ninez-y-juventudes-yucatecas-a-mostrar-su-talento-cientifico-2\\\/#breadcrumb\"},\"inLanguage\":\"es\",\"potentialAction\":[{\"@type\":\"ReadAction\",\"target\":[\"https:\\\/\\\/www.yucatanencorto.com\\\/noticias\\\/invitan-a-ninez-y-juventudes-yucatecas-a-mostrar-su-talento-cientifico-2\\\/\"]}]},{\"@type\":\"ImageObject\",\"inLanguage\":\"es\",\"@id\":\"https:\\\/\\\/www.yucatanencorto.com\\\/noticias\\\/invitan-a-ninez-y-juventudes-yucatecas-a-mostrar-su-talento-cientifico-2\\\/#primaryimage\",\"url\":\"https:\\\/\\\/www.yucatanencorto.com\\\/noticias\\\/wp-content\\\/uploads\\\/2025\\\/09\\\/WhatsApp-Image-2025-09-25-at-16.03.59-scaled.jpeg\",\"contentUrl\":\"https:\\\/\\\/www.yucatanencorto.com\\\/noticias\\\/wp-content\\\/uploads\\\/2025\\\/09\\\/WhatsApp-Image-2025-09-25-at-16.03.59-scaled.jpeg\",\"width\":768,\"height\":512},{\"@type\":\"BreadcrumbList\",\"@id\":\"https:\\\/\\\/www.yucatanencorto.com\\\/noticias\\\/invitan-a-ninez-y-juventudes-yucatecas-a-mostrar-su-talento-cientifico-2\\\/#breadcrumb\",\"itemListElement\":[{\"@type\":\"ListItem\",\"position\":1,\"name\":\"Portada\",\"item\":\"https:\\\/\\\/www.yucatanencorto.com\\\/noticias\\\/\"},{\"@type\":\"ListItem\",\"position\":2,\"name\":\"Invitan a ni\u00f1ez y juventudes yucatecas a mostrar su talento cient\u00edfico\"}]},{\"@type\":\"WebSite\",\"@id\":\"https:\\\/\\\/www.yucatanencorto.com\\\/noticias\\\/#website\",\"url\":\"https:\\\/\\\/www.yucatanencorto.com\\\/noticias\\\/\",\"name\":\"Yucat\u00e1n en corto\",\"description\":\"Noticias\",\"potentialAction\":[{\"@type\":\"SearchAction\",\"target\":{\"@type\":\"EntryPoint\",\"urlTemplate\":\"https:\\\/\\\/www.yucatanencorto.com\\\/noticias\\\/?s={search_term_string}\"},\"query-input\":{\"@type\":\"PropertyValueSpecification\",\"valueRequired\":true,\"valueName\":\"search_term_string\"}}],\"inLanguage\":\"es\"},{\"@type\":\"Person\",\"@id\":\"https:\\\/\\\/www.yucatanencorto.com\\\/noticias\\\/#\\\/schema\\\/person\\\/f0ec40c33447bbc0dc2d01d3006de771\",\"name\":\"Yucat\u00e1n en Corto\",\"image\":{\"@type\":\"ImageObject\",\"inLanguage\":\"es\",\"@id\":\"https:\\\/\\\/secure.gravatar.com\\\/avatar\\\/20e0a6b626f38fa8e545fb3f80ce566efd790bf8877e65c3a482460cc3e0b5d1?s=96&d=mm&r=g\",\"url\":\"https:\\\/\\\/secure.gravatar.com\\\/avatar\\\/20e0a6b626f38fa8e545fb3f80ce566efd790bf8877e65c3a482460cc3e0b5d1?s=96&d=mm&r=g\",\"contentUrl\":\"https:\\\/\\\/secure.gravatar.com\\\/avatar\\\/20e0a6b626f38fa8e545fb3f80ce566efd790bf8877e65c3a482460cc3e0b5d1?s=96&d=mm&r=g\",\"caption\":\"Yucat\u00e1n en Corto\"},\"url\":\"https:\\\/\\\/www.yucatanencorto.com\\\/noticias\\\/author\\\/editor25\\\/\"}]}<\/script>\n<!-- \/ Yoast SEO plugin. -->","yoast_head_json":{"title":"Invitan a ni\u00f1ez y juventudes yucatecas a mostrar su talento cient\u00edfico - Yucat\u00e1n en corto","robots":{"index":"index","follow":"follow","max-snippet":"max-snippet:-1","max-image-preview":"max-image-preview:large","max-video-preview":"max-video-preview:-1"},"canonical":"https:\/\/www.yucatanencorto.com\/noticias\/invitan-a-ninez-y-juventudes-yucatecas-a-mostrar-su-talento-cientifico-2\/","og_locale":"es_ES","og_type":"article","og_title":"Invitan a ni\u00f1ez y juventudes yucatecas a mostrar su talento cient\u00edfico - Yucat\u00e1n en corto","og_description":"&nbsp; M\u00e9rida, Yucat\u00e1n, a 25 de septiembre de 2025 La Secretar\u00eda de Ciencia, Humanidades, Tecnolog\u00eda e Innovaci\u00f3n (Secihti) anuncia la convocatoria \u201cExpoCiencias 2025\u201d, con una bolsa de premios en efectivo por 320 mil pesos. Con el prop\u00f3sito de fomentar la participaci\u00f3n de estudiantes de todos los niveles educativos en proyectos de impacto cient\u00edfico y de [&hellip;]","og_url":"https:\/\/www.yucatanencorto.com\/noticias\/invitan-a-ninez-y-juventudes-yucatecas-a-mostrar-su-talento-cientifico-2\/","og_site_name":"Yucat\u00e1n en corto","article_publisher":"http:\/\/www.facebook.com\/yucatanencorto","article_published_time":"2025-09-25T22:28:52+00:00","og_image":[{"width":768,"height":512,"url":"https:\/\/www.yucatanencorto.com\/noticias\/wp-content\/uploads\/2025\/09\/WhatsApp-Image-2025-09-25-at-16.03.59-scaled.jpeg","type":"image\/jpeg"}],"author":"Yucat\u00e1n en Corto","twitter_card":"summary_large_image","twitter_creator":"@yucatanencorto","twitter_site":"@yucatanencorto","twitter_misc":{"Escrito por":"Yucat\u00e1n en Corto","Tiempo de lectura":"2 minutos"},"schema":{"@context":"https:\/\/schema.org","@graph":[{"@type":"Article","@id":"https:\/\/www.yucatanencorto.com\/noticias\/invitan-a-ninez-y-juventudes-yucatecas-a-mostrar-su-talento-cientifico-2\/#article","isPartOf":{"@id":"https:\/\/www.yucatanencorto.com\/noticias\/invitan-a-ninez-y-juventudes-yucatecas-a-mostrar-su-talento-cientifico-2\/"},"author":{"name":"Yucat\u00e1n en Corto","@id":"https:\/\/www.yucatanencorto.com\/noticias\/#\/schema\/person\/f0ec40c33447bbc0dc2d01d3006de771"},"headline":"Invitan a ni\u00f1ez y juventudes yucatecas a mostrar su talento cient\u00edfico","datePublished":"2025-09-25T22:28:52+00:00","mainEntityOfPage":{"@id":"https:\/\/www.yucatanencorto.com\/noticias\/invitan-a-ninez-y-juventudes-yucatecas-a-mostrar-su-talento-cientifico-2\/"},"wordCount":379,"image":{"@id":"https:\/\/www.yucatanencorto.com\/noticias\/invitan-a-ninez-y-juventudes-yucatecas-a-mostrar-su-talento-cientifico-2\/#primaryimage"},"thumbnailUrl":"https:\/\/www.yucatanencorto.com\/noticias\/wp-content\/uploads\/2025\/09\/WhatsApp-Image-2025-09-25-at-16.03.59-scaled.jpeg","articleSection":["Yucat\u00e1n"],"inLanguage":"es"},{"@type":"WebPage","@id":"https:\/\/www.yucatanencorto.com\/noticias\/invitan-a-ninez-y-juventudes-yucatecas-a-mostrar-su-talento-cientifico-2\/","url":"https:\/\/www.yucatanencorto.com\/noticias\/invitan-a-ninez-y-juventudes-yucatecas-a-mostrar-su-talento-cientifico-2\/","name":"Invitan a ni\u00f1ez y juventudes yucatecas a mostrar su talento cient\u00edfico - Yucat\u00e1n en corto","isPartOf":{"@id":"https:\/\/www.yucatanencorto.com\/noticias\/#website"},"primaryImageOfPage":{"@id":"https:\/\/www.yucatanencorto.com\/noticias\/invitan-a-ninez-y-juventudes-yucatecas-a-mostrar-su-talento-cientifico-2\/#primaryimage"},"image":{"@id":"https:\/\/www.yucatanencorto.com\/noticias\/invitan-a-ninez-y-juventudes-yucatecas-a-mostrar-su-talento-cientifico-2\/#primaryimage"},"thumbnailUrl":"https:\/\/www.yucatanencorto.com\/noticias\/wp-content\/uploads\/2025\/09\/WhatsApp-Image-2025-09-25-at-16.03.59-scaled.jpeg","datePublished":"2025-09-25T22:28:52+00:00","author":{"@id":"https:\/\/www.yucatanencorto.com\/noticias\/#\/schema\/person\/f0ec40c33447bbc0dc2d01d3006de771"},"breadcrumb":{"@id":"https:\/\/www.yucatanencorto.com\/noticias\/invitan-a-ninez-y-juventudes-yucatecas-a-mostrar-su-talento-cientifico-2\/#breadcrumb"},"inLanguage":"es","potentialAction":[{"@type":"ReadAction","target":["https:\/\/www.yucatanencorto.com\/noticias\/invitan-a-ninez-y-juventudes-yucatecas-a-mostrar-su-talento-cientifico-2\/"]}]},{"@type":"ImageObject","inLanguage":"es","@id":"https:\/\/www.yucatanencorto.com\/noticias\/invitan-a-ninez-y-juventudes-yucatecas-a-mostrar-su-talento-cientifico-2\/#primaryimage","url":"https:\/\/www.yucatanencorto.com\/noticias\/wp-content\/uploads\/2025\/09\/WhatsApp-Image-2025-09-25-at-16.03.59-scaled.jpeg","contentUrl":"https:\/\/www.yucatanencorto.com\/noticias\/wp-content\/uploads\/2025\/09\/WhatsApp-Image-2025-09-25-at-16.03.59-scaled.jpeg","width":768,"height":512},{"@type":"BreadcrumbList","@id":"https:\/\/www.yucatanencorto.com\/noticias\/invitan-a-ninez-y-juventudes-yucatecas-a-mostrar-su-talento-cientifico-2\/#breadcrumb","itemListElement":[{"@type":"ListItem","position":1,"name":"Portada","item":"https:\/\/www.yucatanencorto.com\/noticias\/"},{"@type":"ListItem","position":2,"name":"Invitan a ni\u00f1ez y juventudes yucatecas a mostrar su talento cient\u00edfico"}]},{"@type":"WebSite","@id":"https:\/\/www.yucatanencorto.com\/noticias\/#website","url":"https:\/\/www.yucatanencorto.com\/noticias\/","name":"Yucat\u00e1n en corto","description":"Noticias","potentialAction":[{"@type":"SearchAction","target":{"@type":"EntryPoint","urlTemplate":"https:\/\/www.yucatanencorto.com\/noticias\/?s={search_term_string}"},"query-input":{"@type":"PropertyValueSpecification","valueRequired":true,"valueName":"search_term_string"}}],"inLanguage":"es"},{"@type":"Person","@id":"https:\/\/www.yucatanencorto.com\/noticias\/#\/schema\/person\/f0ec40c33447bbc0dc2d01d3006de771","name":"Yucat\u00e1n en Corto","image":{"@type":"ImageObject","inLanguage":"es","@id":"https:\/\/secure.gravatar.com\/avatar\/20e0a6b626f38fa8e545fb3f80ce566efd790bf8877e65c3a482460cc3e0b5d1?s=96&d=mm&r=g","url":"https:\/\/secure.gravatar.com\/avatar\/20e0a6b626f38fa8e545fb3f80ce566efd790bf8877e65c3a482460cc3e0b5d1?s=96&d=mm&r=g","contentUrl":"https:\/\/secure.gravatar.com\/avatar\/20e0a6b626f38fa8e545fb3f80ce566efd790bf8877e65c3a482460cc3e0b5d1?s=96&d=mm&r=g","caption":"Yucat\u00e1n en Corto"},"url":"https:\/\/www.yucatanencorto.com\/noticias\/author\/editor25\/"}]}},"_links":{"self":[{"href":"https:\/\/www.yucatanencorto.com\/noticias\/wp-json\/wp\/v2\/posts\/115864","targetHints":{"allow":["GET"]}}],"collection":[{"href":"https:\/\/www.yucatanencorto.com\/noticias\/wp-json\/wp\/v2\/posts"}],"about":[{"href":"https:\/\/www.yucatanencorto.com\/noticias\/wp-json\/wp\/v2\/types\/post"}],"author":[{"embeddable":true,"href":"https:\/\/www.yucatanencorto.com\/noticias\/wp-json\/wp\/v2\/users\/4"}],"replies":[{"embeddable":true,"href":"https:\/\/www.yucatanencorto.com\/noticias\/wp-json\/wp\/v2\/comments?post=115864"}],"version-history":[{"count":1,"href":"https:\/\/www.yucatanencorto.com\/noticias\/wp-json\/wp\/v2\/posts\/115864\/revisions"}],"predecessor-version":[{"id":115866,"href":"https:\/\/www.yucatanencorto.com\/noticias\/wp-json\/wp\/v2\/posts\/115864\/revisions\/115866"}],"wp:featuredmedia":[{"embeddable":true,"href":"https:\/\/www.yucatanencorto.com\/noticias\/wp-json\/wp\/v2\/media\/115865"}],"wp:attachment":[{"href":"https:\/\/www.yucatanencorto.com\/noticias\/wp-json\/wp\/v2\/media?parent=115864"}],"wp:term":[{"taxonomy":"category","embeddable":true,"href":"https:\/\/www.yucatanencorto.com\/noticias\/wp-json\/wp\/v2\/categories?post=115864"},{"taxonomy":"post_tag","embeddable":true,"href":"https:\/\/www.yucatanencorto.com\/noticias\/wp-json\/wp\/v2\/tags?post=115864"}],"curies":[{"name":"wp","href":"https:\/\/api.w.org\/{rel}","templated":true}]}}