{"id":115867,"date":"2025-09-25T16:37:42","date_gmt":"2025-09-25T22:37:42","guid":{"rendered":"https:\/\/www.yucatanencorto.com\/noticias\/?p=115867"},"modified":"2025-09-25T16:37:42","modified_gmt":"2025-09-25T22:37:42","slug":"mejoran-la-calidad-de-vida-de-las-personas-con-discapacidad","status":"publish","type":"post","link":"https:\/\/www.yucatanencorto.com\/noticias\/mejoran-la-calidad-de-vida-de-las-personas-con-discapacidad\/","title":{"rendered":"Mejoran la calidad de vida de las personas con discapacidad."},"content":{"rendered":"<p><img loading=\"lazy\" decoding=\"async\" class=\"alignnone size-full wp-image-115868\" src=\"https:\/\/www.yucatanencorto.com\/noticias\/wp-content\/uploads\/2025\/09\/WhatsApp-Image-2025-09-25-at-16.27.44-1-scaled.jpeg\" alt=\"\" width=\"768\" height=\"431\" srcset=\"https:\/\/www.yucatanencorto.com\/noticias\/wp-content\/uploads\/2025\/09\/WhatsApp-Image-2025-09-25-at-16.27.44-1-scaled.jpeg 768w, https:\/\/www.yucatanencorto.com\/noticias\/wp-content\/uploads\/2025\/09\/WhatsApp-Image-2025-09-25-at-16.27.44-1-1536x862.jpeg 1536w, https:\/\/www.yucatanencorto.com\/noticias\/wp-content\/uploads\/2025\/09\/WhatsApp-Image-2025-09-25-at-16.27.44-1-2048x1150.jpeg 2048w, https:\/\/www.yucatanencorto.com\/noticias\/wp-content\/uploads\/2025\/09\/WhatsApp-Image-2025-09-25-at-16.27.44-1-150x84.jpeg 150w, https:\/\/www.yucatanencorto.com\/noticias\/wp-content\/uploads\/2025\/09\/WhatsApp-Image-2025-09-25-at-16.27.44-1-300x168.jpeg 300w, https:\/\/www.yucatanencorto.com\/noticias\/wp-content\/uploads\/2025\/09\/WhatsApp-Image-2025-09-25-at-16.27.44-1-696x391.jpeg 696w, https:\/\/www.yucatanencorto.com\/noticias\/wp-content\/uploads\/2025\/09\/WhatsApp-Image-2025-09-25-at-16.27.44-1-1068x599.jpeg 1068w, https:\/\/www.yucatanencorto.com\/noticias\/wp-content\/uploads\/2025\/09\/WhatsApp-Image-2025-09-25-at-16.27.44-1-1920x1078.jpeg 1920w\" sizes=\"auto, (max-width: 768px) 100vw, 768px\" \/><\/p>\n<p>M\u00e9rida, Yucat\u00e1n, jueves 25 de septiembre de 2025.- Con el compromiso de seguir construyendo una M\u00e9rida m\u00e1s incluyente y solidaria, el Ayuntamiento de M\u00e9rida, a trav\u00e9s del DIF Municipal, realiz\u00f3 una nueva entrega de aparatos ortop\u00e9dicos a 10 personas con alguna discapacidad para favorecer su rehabilitaci\u00f3n o compensaci\u00f3n de limitaciones motrices y\/o sensoriales, y mejorando as\u00ed su calidad de vida.<\/p>\n<p>El Director del DIF Municipal, Gerardo L\u00f3pez Fern\u00e1ndez, destac\u00f3 la importancia de la confianza de la ciudadan\u00eda en el Ayuntamiento: \u201cde la mano de la alcaldesa Cecilia Patr\u00f3n Laviada, trabajamos de cerca para conocer las necesidades de la gente, atendiendolos de manera directa, mediante diversas v\u00edas donde nos hacen llegar sus solicitudes como el Mi\u00e9rcoles Ciudadano, las redes sociales, las mesas de atenci\u00f3n, entre otras\u201d.<\/p>\n<p>Desde el inicio de la administraci\u00f3n municipal, se han entregado m\u00e1s de 1 mil aparatos ortop\u00e9dicos a personas con necesidades especiales con una inversi\u00f3n superior a 3 millones 500 mil pesos.<\/p>\n<p>Un ejemplo es el de Mar\u00eda Nicanora Dzib Pech, de 78 a\u00f1os, quien padece desgaste de huesos, por lo que su hermana Mar\u00eda Florentina Dzib Pech realiz\u00f3 la solicitud de apoyo.<\/p>\n<p>Tras la visita del equipo de Trabajo Social y Rehabilitaci\u00f3n, se determin\u00f3 que un andador ser\u00eda el aparato m\u00e1s adecuado para devolverle movilidad y mejorar su bienestar. La familia agradeci\u00f3 la r\u00e1pida entrega y la atenci\u00f3n personalizada brindada.<\/p>\n<p>Con estas acciones, el Ayuntamiento de M\u00e9rida a trav\u00e9s del DIF Municipal contin\u00faa trabajando para llevar justicia social a las familias de la ciudad y sus comisar\u00edas.<\/p>\n","protected":false},"excerpt":{"rendered":"<p>M\u00e9rida, Yucat\u00e1n, jueves 25 de septiembre de 2025.- Con el compromiso de seguir construyendo una M\u00e9rida m\u00e1s incluyente y solidaria, el Ayuntamiento de M\u00e9rida, a trav\u00e9s del DIF Municipal, realiz\u00f3 una nueva entrega de aparatos ortop\u00e9dicos a 10 personas con alguna discapacidad para favorecer su rehabilitaci\u00f3n o compensaci\u00f3n de limitaciones motrices y\/o sensoriales, y mejorando [&hellip;]<\/p>\n","protected":false},"author":4,"featured_media":115868,"comment_status":"closed","ping_status":"closed","sticky":false,"template":"","format":"standard","meta":{"footnotes":""},"categories":[2],"tags":[],"class_list":{"0":"post-115867","1":"post","2":"type-post","3":"status-publish","4":"format-standard","5":"has-post-thumbnail","7":"category-merida"},"yoast_head":"<!-- This site is optimized with the Yoast SEO plugin v27.5 - https:\/\/yoast.com\/product\/yoast-seo-wordpress\/ -->\n<title>Mejoran la calidad de vida de las personas con discapacidad. - Yucat\u00e1n en corto<\/title>\n<meta name=\"robots\" content=\"index, follow, max-snippet:-1, max-image-preview:large, max-video-preview:-1\" \/>\n<link rel=\"canonical\" href=\"https:\/\/www.yucatanencorto.com\/noticias\/mejoran-la-calidad-de-vida-de-las-personas-con-discapacidad\/\" \/>\n<meta property=\"og:locale\" content=\"es_ES\" \/>\n<meta property=\"og:type\" content=\"article\" \/>\n<meta property=\"og:title\" content=\"Mejoran la calidad de vida de las personas con discapacidad. - Yucat\u00e1n en corto\" \/>\n<meta property=\"og:description\" content=\"M\u00e9rida, Yucat\u00e1n, jueves 25 de septiembre de 2025.- Con el compromiso de seguir construyendo una M\u00e9rida m\u00e1s incluyente y solidaria, el Ayuntamiento de M\u00e9rida, a trav\u00e9s del DIF Municipal, realiz\u00f3 una nueva entrega de aparatos ortop\u00e9dicos a 10 personas con alguna discapacidad para favorecer su rehabilitaci\u00f3n o compensaci\u00f3n de limitaciones motrices y\/o sensoriales, y mejorando [&hellip;]\" \/>\n<meta property=\"og:url\" content=\"https:\/\/www.yucatanencorto.com\/noticias\/mejoran-la-calidad-de-vida-de-las-personas-con-discapacidad\/\" \/>\n<meta property=\"og:site_name\" content=\"Yucat\u00e1n en corto\" \/>\n<meta property=\"article:publisher\" content=\"http:\/\/www.facebook.com\/yucatanencorto\" \/>\n<meta property=\"article:published_time\" content=\"2025-09-25T22:37:42+00:00\" \/>\n<meta property=\"og:image\" content=\"https:\/\/www.yucatanencorto.com\/noticias\/wp-content\/uploads\/2025\/09\/WhatsApp-Image-2025-09-25-at-16.27.44-1-scaled.jpeg\" \/>\n\t<meta property=\"og:image:width\" content=\"768\" \/>\n\t<meta property=\"og:image:height\" content=\"431\" \/>\n\t<meta property=\"og:image:type\" content=\"image\/jpeg\" \/>\n<meta name=\"author\" content=\"Yucat\u00e1n en Corto\" \/>\n<meta name=\"twitter:card\" content=\"summary_large_image\" \/>\n<meta name=\"twitter:creator\" content=\"@yucatanencorto\" \/>\n<meta name=\"twitter:site\" content=\"@yucatanencorto\" \/>\n<meta name=\"twitter:label1\" content=\"Escrito por\" \/>\n\t<meta name=\"twitter:data1\" content=\"Yucat\u00e1n en Corto\" \/>\n\t<meta name=\"twitter:label2\" content=\"Tiempo de lectura\" \/>\n\t<meta name=\"twitter:data2\" content=\"2 minutos\" \/>\n<script type=\"application\/ld+json\" class=\"yoast-schema-graph\">{\"@context\":\"https:\\\/\\\/schema.org\",\"@graph\":[{\"@type\":\"Article\",\"@id\":\"https:\\\/\\\/www.yucatanencorto.com\\\/noticias\\\/mejoran-la-calidad-de-vida-de-las-personas-con-discapacidad\\\/#article\",\"isPartOf\":{\"@id\":\"https:\\\/\\\/www.yucatanencorto.com\\\/noticias\\\/mejoran-la-calidad-de-vida-de-las-personas-con-discapacidad\\\/\"},\"author\":{\"name\":\"Yucat\u00e1n en Corto\",\"@id\":\"https:\\\/\\\/www.yucatanencorto.com\\\/noticias\\\/#\\\/schema\\\/person\\\/f0ec40c33447bbc0dc2d01d3006de771\"},\"headline\":\"Mejoran la calidad de vida de las personas con discapacidad.\",\"datePublished\":\"2025-09-25T22:37:42+00:00\",\"mainEntityOfPage\":{\"@id\":\"https:\\\/\\\/www.yucatanencorto.com\\\/noticias\\\/mejoran-la-calidad-de-vida-de-las-personas-con-discapacidad\\\/\"},\"wordCount\":289,\"image\":{\"@id\":\"https:\\\/\\\/www.yucatanencorto.com\\\/noticias\\\/mejoran-la-calidad-de-vida-de-las-personas-con-discapacidad\\\/#primaryimage\"},\"thumbnailUrl\":\"https:\\\/\\\/www.yucatanencorto.com\\\/noticias\\\/wp-content\\\/uploads\\\/2025\\\/09\\\/WhatsApp-Image-2025-09-25-at-16.27.44-1-scaled.jpeg\",\"articleSection\":[\"M\u00e9rida\"],\"inLanguage\":\"es\"},{\"@type\":\"WebPage\",\"@id\":\"https:\\\/\\\/www.yucatanencorto.com\\\/noticias\\\/mejoran-la-calidad-de-vida-de-las-personas-con-discapacidad\\\/\",\"url\":\"https:\\\/\\\/www.yucatanencorto.com\\\/noticias\\\/mejoran-la-calidad-de-vida-de-las-personas-con-discapacidad\\\/\",\"name\":\"Mejoran la calidad de vida de las personas con discapacidad. - Yucat\u00e1n en corto\",\"isPartOf\":{\"@id\":\"https:\\\/\\\/www.yucatanencorto.com\\\/noticias\\\/#website\"},\"primaryImageOfPage\":{\"@id\":\"https:\\\/\\\/www.yucatanencorto.com\\\/noticias\\\/mejoran-la-calidad-de-vida-de-las-personas-con-discapacidad\\\/#primaryimage\"},\"image\":{\"@id\":\"https:\\\/\\\/www.yucatanencorto.com\\\/noticias\\\/mejoran-la-calidad-de-vida-de-las-personas-con-discapacidad\\\/#primaryimage\"},\"thumbnailUrl\":\"https:\\\/\\\/www.yucatanencorto.com\\\/noticias\\\/wp-content\\\/uploads\\\/2025\\\/09\\\/WhatsApp-Image-2025-09-25-at-16.27.44-1-scaled.jpeg\",\"datePublished\":\"2025-09-25T22:37:42+00:00\",\"author\":{\"@id\":\"https:\\\/\\\/www.yucatanencorto.com\\\/noticias\\\/#\\\/schema\\\/person\\\/f0ec40c33447bbc0dc2d01d3006de771\"},\"breadcrumb\":{\"@id\":\"https:\\\/\\\/www.yucatanencorto.com\\\/noticias\\\/mejoran-la-calidad-de-vida-de-las-personas-con-discapacidad\\\/#breadcrumb\"},\"inLanguage\":\"es\",\"potentialAction\":[{\"@type\":\"ReadAction\",\"target\":[\"https:\\\/\\\/www.yucatanencorto.com\\\/noticias\\\/mejoran-la-calidad-de-vida-de-las-personas-con-discapacidad\\\/\"]}]},{\"@type\":\"ImageObject\",\"inLanguage\":\"es\",\"@id\":\"https:\\\/\\\/www.yucatanencorto.com\\\/noticias\\\/mejoran-la-calidad-de-vida-de-las-personas-con-discapacidad\\\/#primaryimage\",\"url\":\"https:\\\/\\\/www.yucatanencorto.com\\\/noticias\\\/wp-content\\\/uploads\\\/2025\\\/09\\\/WhatsApp-Image-2025-09-25-at-16.27.44-1-scaled.jpeg\",\"contentUrl\":\"https:\\\/\\\/www.yucatanencorto.com\\\/noticias\\\/wp-content\\\/uploads\\\/2025\\\/09\\\/WhatsApp-Image-2025-09-25-at-16.27.44-1-scaled.jpeg\",\"width\":768,\"height\":431},{\"@type\":\"BreadcrumbList\",\"@id\":\"https:\\\/\\\/www.yucatanencorto.com\\\/noticias\\\/mejoran-la-calidad-de-vida-de-las-personas-con-discapacidad\\\/#breadcrumb\",\"itemListElement\":[{\"@type\":\"ListItem\",\"position\":1,\"name\":\"Portada\",\"item\":\"https:\\\/\\\/www.yucatanencorto.com\\\/noticias\\\/\"},{\"@type\":\"ListItem\",\"position\":2,\"name\":\"Mejoran la calidad de vida de las personas con discapacidad.\"}]},{\"@type\":\"WebSite\",\"@id\":\"https:\\\/\\\/www.yucatanencorto.com\\\/noticias\\\/#website\",\"url\":\"https:\\\/\\\/www.yucatanencorto.com\\\/noticias\\\/\",\"name\":\"Yucat\u00e1n en corto\",\"description\":\"Noticias\",\"potentialAction\":[{\"@type\":\"SearchAction\",\"target\":{\"@type\":\"EntryPoint\",\"urlTemplate\":\"https:\\\/\\\/www.yucatanencorto.com\\\/noticias\\\/?s={search_term_string}\"},\"query-input\":{\"@type\":\"PropertyValueSpecification\",\"valueRequired\":true,\"valueName\":\"search_term_string\"}}],\"inLanguage\":\"es\"},{\"@type\":\"Person\",\"@id\":\"https:\\\/\\\/www.yucatanencorto.com\\\/noticias\\\/#\\\/schema\\\/person\\\/f0ec40c33447bbc0dc2d01d3006de771\",\"name\":\"Yucat\u00e1n en Corto\",\"image\":{\"@type\":\"ImageObject\",\"inLanguage\":\"es\",\"@id\":\"https:\\\/\\\/secure.gravatar.com\\\/avatar\\\/20e0a6b626f38fa8e545fb3f80ce566efd790bf8877e65c3a482460cc3e0b5d1?s=96&d=mm&r=g\",\"url\":\"https:\\\/\\\/secure.gravatar.com\\\/avatar\\\/20e0a6b626f38fa8e545fb3f80ce566efd790bf8877e65c3a482460cc3e0b5d1?s=96&d=mm&r=g\",\"contentUrl\":\"https:\\\/\\\/secure.gravatar.com\\\/avatar\\\/20e0a6b626f38fa8e545fb3f80ce566efd790bf8877e65c3a482460cc3e0b5d1?s=96&d=mm&r=g\",\"caption\":\"Yucat\u00e1n en Corto\"},\"url\":\"https:\\\/\\\/www.yucatanencorto.com\\\/noticias\\\/author\\\/editor25\\\/\"}]}<\/script>\n<!-- \/ Yoast SEO plugin. -->","yoast_head_json":{"title":"Mejoran la calidad de vida de las personas con discapacidad. - Yucat\u00e1n en corto","robots":{"index":"index","follow":"follow","max-snippet":"max-snippet:-1","max-image-preview":"max-image-preview:large","max-video-preview":"max-video-preview:-1"},"canonical":"https:\/\/www.yucatanencorto.com\/noticias\/mejoran-la-calidad-de-vida-de-las-personas-con-discapacidad\/","og_locale":"es_ES","og_type":"article","og_title":"Mejoran la calidad de vida de las personas con discapacidad. - Yucat\u00e1n en corto","og_description":"M\u00e9rida, Yucat\u00e1n, jueves 25 de septiembre de 2025.- Con el compromiso de seguir construyendo una M\u00e9rida m\u00e1s incluyente y solidaria, el Ayuntamiento de M\u00e9rida, a trav\u00e9s del DIF Municipal, realiz\u00f3 una nueva entrega de aparatos ortop\u00e9dicos a 10 personas con alguna discapacidad para favorecer su rehabilitaci\u00f3n o compensaci\u00f3n de limitaciones motrices y\/o sensoriales, y mejorando [&hellip;]","og_url":"https:\/\/www.yucatanencorto.com\/noticias\/mejoran-la-calidad-de-vida-de-las-personas-con-discapacidad\/","og_site_name":"Yucat\u00e1n en corto","article_publisher":"http:\/\/www.facebook.com\/yucatanencorto","article_published_time":"2025-09-25T22:37:42+00:00","og_image":[{"width":768,"height":431,"url":"https:\/\/www.yucatanencorto.com\/noticias\/wp-content\/uploads\/2025\/09\/WhatsApp-Image-2025-09-25-at-16.27.44-1-scaled.jpeg","type":"image\/jpeg"}],"author":"Yucat\u00e1n en Corto","twitter_card":"summary_large_image","twitter_creator":"@yucatanencorto","twitter_site":"@yucatanencorto","twitter_misc":{"Escrito por":"Yucat\u00e1n en Corto","Tiempo de lectura":"2 minutos"},"schema":{"@context":"https:\/\/schema.org","@graph":[{"@type":"Article","@id":"https:\/\/www.yucatanencorto.com\/noticias\/mejoran-la-calidad-de-vida-de-las-personas-con-discapacidad\/#article","isPartOf":{"@id":"https:\/\/www.yucatanencorto.com\/noticias\/mejoran-la-calidad-de-vida-de-las-personas-con-discapacidad\/"},"author":{"name":"Yucat\u00e1n en Corto","@id":"https:\/\/www.yucatanencorto.com\/noticias\/#\/schema\/person\/f0ec40c33447bbc0dc2d01d3006de771"},"headline":"Mejoran la calidad de vida de las personas con discapacidad.","datePublished":"2025-09-25T22:37:42+00:00","mainEntityOfPage":{"@id":"https:\/\/www.yucatanencorto.com\/noticias\/mejoran-la-calidad-de-vida-de-las-personas-con-discapacidad\/"},"wordCount":289,"image":{"@id":"https:\/\/www.yucatanencorto.com\/noticias\/mejoran-la-calidad-de-vida-de-las-personas-con-discapacidad\/#primaryimage"},"thumbnailUrl":"https:\/\/www.yucatanencorto.com\/noticias\/wp-content\/uploads\/2025\/09\/WhatsApp-Image-2025-09-25-at-16.27.44-1-scaled.jpeg","articleSection":["M\u00e9rida"],"inLanguage":"es"},{"@type":"WebPage","@id":"https:\/\/www.yucatanencorto.com\/noticias\/mejoran-la-calidad-de-vida-de-las-personas-con-discapacidad\/","url":"https:\/\/www.yucatanencorto.com\/noticias\/mejoran-la-calidad-de-vida-de-las-personas-con-discapacidad\/","name":"Mejoran la calidad de vida de las personas con discapacidad. - Yucat\u00e1n en corto","isPartOf":{"@id":"https:\/\/www.yucatanencorto.com\/noticias\/#website"},"primaryImageOfPage":{"@id":"https:\/\/www.yucatanencorto.com\/noticias\/mejoran-la-calidad-de-vida-de-las-personas-con-discapacidad\/#primaryimage"},"image":{"@id":"https:\/\/www.yucatanencorto.com\/noticias\/mejoran-la-calidad-de-vida-de-las-personas-con-discapacidad\/#primaryimage"},"thumbnailUrl":"https:\/\/www.yucatanencorto.com\/noticias\/wp-content\/uploads\/2025\/09\/WhatsApp-Image-2025-09-25-at-16.27.44-1-scaled.jpeg","datePublished":"2025-09-25T22:37:42+00:00","author":{"@id":"https:\/\/www.yucatanencorto.com\/noticias\/#\/schema\/person\/f0ec40c33447bbc0dc2d01d3006de771"},"breadcrumb":{"@id":"https:\/\/www.yucatanencorto.com\/noticias\/mejoran-la-calidad-de-vida-de-las-personas-con-discapacidad\/#breadcrumb"},"inLanguage":"es","potentialAction":[{"@type":"ReadAction","target":["https:\/\/www.yucatanencorto.com\/noticias\/mejoran-la-calidad-de-vida-de-las-personas-con-discapacidad\/"]}]},{"@type":"ImageObject","inLanguage":"es","@id":"https:\/\/www.yucatanencorto.com\/noticias\/mejoran-la-calidad-de-vida-de-las-personas-con-discapacidad\/#primaryimage","url":"https:\/\/www.yucatanencorto.com\/noticias\/wp-content\/uploads\/2025\/09\/WhatsApp-Image-2025-09-25-at-16.27.44-1-scaled.jpeg","contentUrl":"https:\/\/www.yucatanencorto.com\/noticias\/wp-content\/uploads\/2025\/09\/WhatsApp-Image-2025-09-25-at-16.27.44-1-scaled.jpeg","width":768,"height":431},{"@type":"BreadcrumbList","@id":"https:\/\/www.yucatanencorto.com\/noticias\/mejoran-la-calidad-de-vida-de-las-personas-con-discapacidad\/#breadcrumb","itemListElement":[{"@type":"ListItem","position":1,"name":"Portada","item":"https:\/\/www.yucatanencorto.com\/noticias\/"},{"@type":"ListItem","position":2,"name":"Mejoran la calidad de vida de las personas con discapacidad."}]},{"@type":"WebSite","@id":"https:\/\/www.yucatanencorto.com\/noticias\/#website","url":"https:\/\/www.yucatanencorto.com\/noticias\/","name":"Yucat\u00e1n en corto","description":"Noticias","potentialAction":[{"@type":"SearchAction","target":{"@type":"EntryPoint","urlTemplate":"https:\/\/www.yucatanencorto.com\/noticias\/?s={search_term_string}"},"query-input":{"@type":"PropertyValueSpecification","valueRequired":true,"valueName":"search_term_string"}}],"inLanguage":"es"},{"@type":"Person","@id":"https:\/\/www.yucatanencorto.com\/noticias\/#\/schema\/person\/f0ec40c33447bbc0dc2d01d3006de771","name":"Yucat\u00e1n en Corto","image":{"@type":"ImageObject","inLanguage":"es","@id":"https:\/\/secure.gravatar.com\/avatar\/20e0a6b626f38fa8e545fb3f80ce566efd790bf8877e65c3a482460cc3e0b5d1?s=96&d=mm&r=g","url":"https:\/\/secure.gravatar.com\/avatar\/20e0a6b626f38fa8e545fb3f80ce566efd790bf8877e65c3a482460cc3e0b5d1?s=96&d=mm&r=g","contentUrl":"https:\/\/secure.gravatar.com\/avatar\/20e0a6b626f38fa8e545fb3f80ce566efd790bf8877e65c3a482460cc3e0b5d1?s=96&d=mm&r=g","caption":"Yucat\u00e1n en Corto"},"url":"https:\/\/www.yucatanencorto.com\/noticias\/author\/editor25\/"}]}},"_links":{"self":[{"href":"https:\/\/www.yucatanencorto.com\/noticias\/wp-json\/wp\/v2\/posts\/115867","targetHints":{"allow":["GET"]}}],"collection":[{"href":"https:\/\/www.yucatanencorto.com\/noticias\/wp-json\/wp\/v2\/posts"}],"about":[{"href":"https:\/\/www.yucatanencorto.com\/noticias\/wp-json\/wp\/v2\/types\/post"}],"author":[{"embeddable":true,"href":"https:\/\/www.yucatanencorto.com\/noticias\/wp-json\/wp\/v2\/users\/4"}],"replies":[{"embeddable":true,"href":"https:\/\/www.yucatanencorto.com\/noticias\/wp-json\/wp\/v2\/comments?post=115867"}],"version-history":[{"count":1,"href":"https:\/\/www.yucatanencorto.com\/noticias\/wp-json\/wp\/v2\/posts\/115867\/revisions"}],"predecessor-version":[{"id":115869,"href":"https:\/\/www.yucatanencorto.com\/noticias\/wp-json\/wp\/v2\/posts\/115867\/revisions\/115869"}],"wp:featuredmedia":[{"embeddable":true,"href":"https:\/\/www.yucatanencorto.com\/noticias\/wp-json\/wp\/v2\/media\/115868"}],"wp:attachment":[{"href":"https:\/\/www.yucatanencorto.com\/noticias\/wp-json\/wp\/v2\/media?parent=115867"}],"wp:term":[{"taxonomy":"category","embeddable":true,"href":"https:\/\/www.yucatanencorto.com\/noticias\/wp-json\/wp\/v2\/categories?post=115867"},{"taxonomy":"post_tag","embeddable":true,"href":"https:\/\/www.yucatanencorto.com\/noticias\/wp-json\/wp\/v2\/tags?post=115867"}],"curies":[{"name":"wp","href":"https:\/\/api.w.org\/{rel}","templated":true}]}}