{"id":115870,"date":"2025-09-25T16:39:20","date_gmt":"2025-09-25T22:39:20","guid":{"rendered":"https:\/\/www.yucatanencorto.com\/noticias\/?p=115870"},"modified":"2025-09-25T16:39:20","modified_gmt":"2025-09-25T22:39:20","slug":"fortalece-yucatan-su-presencia-turistica-en-europa","status":"publish","type":"post","link":"https:\/\/www.yucatanencorto.com\/noticias\/fortalece-yucatan-su-presencia-turistica-en-europa\/","title":{"rendered":"Fortalece Yucat\u00e1n su presencia tur\u00edstica en Europa"},"content":{"rendered":"<p><img loading=\"lazy\" decoding=\"async\" class=\"alignnone size-full wp-image-115872\" src=\"https:\/\/www.yucatanencorto.com\/noticias\/wp-content\/uploads\/2025\/09\/WhatsApp-Image-2025-09-25-at-16.28.43-scaled.jpeg\" alt=\"\" width=\"768\" height=\"531\" srcset=\"https:\/\/www.yucatanencorto.com\/noticias\/wp-content\/uploads\/2025\/09\/WhatsApp-Image-2025-09-25-at-16.28.43-scaled.jpeg 768w, https:\/\/www.yucatanencorto.com\/noticias\/wp-content\/uploads\/2025\/09\/WhatsApp-Image-2025-09-25-at-16.28.43-150x104.jpeg 150w, https:\/\/www.yucatanencorto.com\/noticias\/wp-content\/uploads\/2025\/09\/WhatsApp-Image-2025-09-25-at-16.28.43-218x150.jpeg 218w, https:\/\/www.yucatanencorto.com\/noticias\/wp-content\/uploads\/2025\/09\/WhatsApp-Image-2025-09-25-at-16.28.43-300x208.jpeg 300w, https:\/\/www.yucatanencorto.com\/noticias\/wp-content\/uploads\/2025\/09\/WhatsApp-Image-2025-09-25-at-16.28.43-696x482.jpeg 696w, https:\/\/www.yucatanencorto.com\/noticias\/wp-content\/uploads\/2025\/09\/WhatsApp-Image-2025-09-25-at-16.28.43-1068x739.jpeg 1068w\" sizes=\"auto, (max-width: 768px) 100vw, 768px\" \/><\/p>\n<p>&nbsp;<\/p>\n<p>Par\u00eds, Francia, a 25 de septiembre de 2025<\/p>\n<p>El estado particip\u00f3 en la feria Top RESA realizada en Par\u00eds, presentando su oferta cultural y tur\u00edstica a operadores y compradores del viejo continente.<\/p>\n<p>Con el objetivo de\u00a0promocionar\u00a0a Yucat\u00e1n en Francia, uno de los mercados emisores de turismo m\u00e1s importantes de Europa, el estado particip\u00f3 en la feria IFTM International and French Travel Market (Top RESA),\u00a0celebrada\u00a0del 23 al 25 de septiembre en el Centro de Convenciones de Puerta de Versalles en Par\u00eds.<\/p>\n<p>La entidad form\u00f3 parte del pabell\u00f3n de M\u00e9xico,\u00a0junto a\u00a0destinos como Chiapas, Quintana Roo y Caribe Mexicano, Puebla y Jalisco, as\u00ed como la empresa Tren Maya y el Grupo Mundo Maya, adem\u00e1s de diversos operadores y agencias de viajes mexicanas,\u00a0consolidando as\u00ed una representaci\u00f3n conjunta\u00a0del pa\u00eds y la regi\u00f3n ante compradores y profesionales del turismo.<\/p>\n<p>Durante los tres d\u00edas de actividades, la delegaci\u00f3n de Yucat\u00e1n\u00a0realiz\u00f3\u00a0m\u00e1s de 60 citas de negocios con operadores, agentes de viajes, compradores y vendedores interesados en\u00a0incluir\u00a0el producto tur\u00edstico yucateco en sus cat\u00e1logos.<\/p>\n<p>En representaci\u00f3n del Gobierno que encabeza\u00a0Joaqu\u00edn D\u00edaz Mena, asistieron por parte de la Secretar\u00eda de Fomento Tur\u00edstico de Yucat\u00e1n (Sefotur) la subsecretaria de Promoci\u00f3n Tur\u00edstica, Elizabeth Cole Guerrero; el subsecretario de Desarrollo Tur\u00edstico Sustentable, Ra\u00fal Paz Noriega; y Diana Rodr\u00edguez Brito, l\u00edder de proyectos para el mercado europeo.<\/p>\n<p>El corte de list\u00f3n del pabell\u00f3n fue\u00a0realizado\u00a0por la embajadora de M\u00e9xico en Francia, Blanca Jim\u00e9nez Cisneros,\u00a0acompa\u00f1ada por\u00a0representantes de las delegaciones participantes.<\/p>\n<p>Durante este acto, Paz Noriega destac\u00f3 el\u00a0inter\u00e9s creciente\u00a0del mercado franc\u00e9s en la cultura y la oferta tur\u00edstica de Yucat\u00e1n, con especial atenci\u00f3n en productos como Chich\u00e9n Itz\u00e1, Uxmal, Valladolid, M\u00e9rida y zonas de playa,\u00a0que constituyen alternativas atractivas\u00a0dentro de la oferta mexicana.<\/p>\n<p>La cultura maya, por su prestigio e identidad,\u00a0sigue siendo\u00a0uno de los principales elementos de conexi\u00f3n con los viajeros franceses. De acuerdo con el Sistema de Inteligencia Tur\u00edstica de Yucat\u00e1n (Simty), el mercado franc\u00e9s\u00a0se posicion\u00f3\u00a0en el primer semestre de 2025 como el cuarto que m\u00e1s visit\u00f3 Yucat\u00e1n,\u00a0despu\u00e9s del mexicano, estadounidense e ingl\u00e9s.<\/p>\n<p>Con estas acciones, Yucat\u00e1n\u00a0refuerza\u00a0su posicionamiento en Europa y\u00a0consolida\u00a0relaciones estrat\u00e9gicas que permitir\u00e1n atraer un mayor n\u00famero de visitantes internacionales en los pr\u00f3ximos a\u00f1os.<\/p>\n","protected":false},"excerpt":{"rendered":"<p>&nbsp; Par\u00eds, Francia, a 25 de septiembre de 2025 El estado particip\u00f3 en la feria Top RESA realizada en Par\u00eds, presentando su oferta cultural y tur\u00edstica a operadores y compradores del viejo continente. Con el objetivo de\u00a0promocionar\u00a0a Yucat\u00e1n en Francia, uno de los mercados emisores de turismo m\u00e1s importantes de Europa, el estado particip\u00f3 en [&hellip;]<\/p>\n","protected":false},"author":4,"featured_media":115872,"comment_status":"closed","ping_status":"closed","sticky":false,"template":"","format":"standard","meta":{"footnotes":""},"categories":[2],"tags":[],"class_list":{"0":"post-115870","1":"post","2":"type-post","3":"status-publish","4":"format-standard","5":"has-post-thumbnail","7":"category-merida"},"yoast_head":"<!-- This site is optimized with the Yoast SEO plugin v27.5 - https:\/\/yoast.com\/product\/yoast-seo-wordpress\/ -->\n<title>Fortalece Yucat\u00e1n su presencia tur\u00edstica en Europa - Yucat\u00e1n en corto<\/title>\n<meta name=\"robots\" content=\"index, follow, max-snippet:-1, max-image-preview:large, max-video-preview:-1\" \/>\n<link rel=\"canonical\" href=\"https:\/\/www.yucatanencorto.com\/noticias\/fortalece-yucatan-su-presencia-turistica-en-europa\/\" \/>\n<meta property=\"og:locale\" content=\"es_ES\" \/>\n<meta property=\"og:type\" content=\"article\" \/>\n<meta property=\"og:title\" content=\"Fortalece Yucat\u00e1n su presencia tur\u00edstica en Europa - Yucat\u00e1n en corto\" \/>\n<meta property=\"og:description\" content=\"&nbsp; Par\u00eds, Francia, a 25 de septiembre de 2025 El estado particip\u00f3 en la feria Top RESA realizada en Par\u00eds, presentando su oferta cultural y tur\u00edstica a operadores y compradores del viejo continente. Con el objetivo de\u00a0promocionar\u00a0a Yucat\u00e1n en Francia, uno de los mercados emisores de turismo m\u00e1s importantes de Europa, el estado particip\u00f3 en [&hellip;]\" \/>\n<meta property=\"og:url\" content=\"https:\/\/www.yucatanencorto.com\/noticias\/fortalece-yucatan-su-presencia-turistica-en-europa\/\" \/>\n<meta property=\"og:site_name\" content=\"Yucat\u00e1n en corto\" \/>\n<meta property=\"article:publisher\" content=\"http:\/\/www.facebook.com\/yucatanencorto\" \/>\n<meta property=\"article:published_time\" content=\"2025-09-25T22:39:20+00:00\" \/>\n<meta property=\"og:image\" content=\"https:\/\/www.yucatanencorto.com\/noticias\/wp-content\/uploads\/2025\/09\/WhatsApp-Image-2025-09-25-at-16.28.43-scaled.jpeg\" \/>\n\t<meta property=\"og:image:width\" content=\"768\" \/>\n\t<meta property=\"og:image:height\" content=\"531\" \/>\n\t<meta property=\"og:image:type\" content=\"image\/jpeg\" \/>\n<meta name=\"author\" content=\"Yucat\u00e1n en Corto\" \/>\n<meta name=\"twitter:card\" content=\"summary_large_image\" \/>\n<meta name=\"twitter:creator\" content=\"@yucatanencorto\" \/>\n<meta name=\"twitter:site\" content=\"@yucatanencorto\" \/>\n<meta name=\"twitter:label1\" content=\"Escrito por\" \/>\n\t<meta name=\"twitter:data1\" content=\"Yucat\u00e1n en Corto\" \/>\n\t<meta name=\"twitter:label2\" content=\"Tiempo de lectura\" \/>\n\t<meta name=\"twitter:data2\" content=\"3 minutos\" \/>\n<script type=\"application\/ld+json\" class=\"yoast-schema-graph\">{\"@context\":\"https:\\\/\\\/schema.org\",\"@graph\":[{\"@type\":\"Article\",\"@id\":\"https:\\\/\\\/www.yucatanencorto.com\\\/noticias\\\/fortalece-yucatan-su-presencia-turistica-en-europa\\\/#article\",\"isPartOf\":{\"@id\":\"https:\\\/\\\/www.yucatanencorto.com\\\/noticias\\\/fortalece-yucatan-su-presencia-turistica-en-europa\\\/\"},\"author\":{\"name\":\"Yucat\u00e1n en Corto\",\"@id\":\"https:\\\/\\\/www.yucatanencorto.com\\\/noticias\\\/#\\\/schema\\\/person\\\/f0ec40c33447bbc0dc2d01d3006de771\"},\"headline\":\"Fortalece Yucat\u00e1n su presencia tur\u00edstica en Europa\",\"datePublished\":\"2025-09-25T22:39:20+00:00\",\"mainEntityOfPage\":{\"@id\":\"https:\\\/\\\/www.yucatanencorto.com\\\/noticias\\\/fortalece-yucatan-su-presencia-turistica-en-europa\\\/\"},\"wordCount\":437,\"image\":{\"@id\":\"https:\\\/\\\/www.yucatanencorto.com\\\/noticias\\\/fortalece-yucatan-su-presencia-turistica-en-europa\\\/#primaryimage\"},\"thumbnailUrl\":\"https:\\\/\\\/www.yucatanencorto.com\\\/noticias\\\/wp-content\\\/uploads\\\/2025\\\/09\\\/WhatsApp-Image-2025-09-25-at-16.28.43-scaled.jpeg\",\"articleSection\":[\"M\u00e9rida\"],\"inLanguage\":\"es\"},{\"@type\":\"WebPage\",\"@id\":\"https:\\\/\\\/www.yucatanencorto.com\\\/noticias\\\/fortalece-yucatan-su-presencia-turistica-en-europa\\\/\",\"url\":\"https:\\\/\\\/www.yucatanencorto.com\\\/noticias\\\/fortalece-yucatan-su-presencia-turistica-en-europa\\\/\",\"name\":\"Fortalece Yucat\u00e1n su presencia tur\u00edstica en Europa - Yucat\u00e1n en corto\",\"isPartOf\":{\"@id\":\"https:\\\/\\\/www.yucatanencorto.com\\\/noticias\\\/#website\"},\"primaryImageOfPage\":{\"@id\":\"https:\\\/\\\/www.yucatanencorto.com\\\/noticias\\\/fortalece-yucatan-su-presencia-turistica-en-europa\\\/#primaryimage\"},\"image\":{\"@id\":\"https:\\\/\\\/www.yucatanencorto.com\\\/noticias\\\/fortalece-yucatan-su-presencia-turistica-en-europa\\\/#primaryimage\"},\"thumbnailUrl\":\"https:\\\/\\\/www.yucatanencorto.com\\\/noticias\\\/wp-content\\\/uploads\\\/2025\\\/09\\\/WhatsApp-Image-2025-09-25-at-16.28.43-scaled.jpeg\",\"datePublished\":\"2025-09-25T22:39:20+00:00\",\"author\":{\"@id\":\"https:\\\/\\\/www.yucatanencorto.com\\\/noticias\\\/#\\\/schema\\\/person\\\/f0ec40c33447bbc0dc2d01d3006de771\"},\"breadcrumb\":{\"@id\":\"https:\\\/\\\/www.yucatanencorto.com\\\/noticias\\\/fortalece-yucatan-su-presencia-turistica-en-europa\\\/#breadcrumb\"},\"inLanguage\":\"es\",\"potentialAction\":[{\"@type\":\"ReadAction\",\"target\":[\"https:\\\/\\\/www.yucatanencorto.com\\\/noticias\\\/fortalece-yucatan-su-presencia-turistica-en-europa\\\/\"]}]},{\"@type\":\"ImageObject\",\"inLanguage\":\"es\",\"@id\":\"https:\\\/\\\/www.yucatanencorto.com\\\/noticias\\\/fortalece-yucatan-su-presencia-turistica-en-europa\\\/#primaryimage\",\"url\":\"https:\\\/\\\/www.yucatanencorto.com\\\/noticias\\\/wp-content\\\/uploads\\\/2025\\\/09\\\/WhatsApp-Image-2025-09-25-at-16.28.43-scaled.jpeg\",\"contentUrl\":\"https:\\\/\\\/www.yucatanencorto.com\\\/noticias\\\/wp-content\\\/uploads\\\/2025\\\/09\\\/WhatsApp-Image-2025-09-25-at-16.28.43-scaled.jpeg\",\"width\":768,\"height\":531},{\"@type\":\"BreadcrumbList\",\"@id\":\"https:\\\/\\\/www.yucatanencorto.com\\\/noticias\\\/fortalece-yucatan-su-presencia-turistica-en-europa\\\/#breadcrumb\",\"itemListElement\":[{\"@type\":\"ListItem\",\"position\":1,\"name\":\"Portada\",\"item\":\"https:\\\/\\\/www.yucatanencorto.com\\\/noticias\\\/\"},{\"@type\":\"ListItem\",\"position\":2,\"name\":\"Fortalece Yucat\u00e1n su presencia tur\u00edstica en Europa\"}]},{\"@type\":\"WebSite\",\"@id\":\"https:\\\/\\\/www.yucatanencorto.com\\\/noticias\\\/#website\",\"url\":\"https:\\\/\\\/www.yucatanencorto.com\\\/noticias\\\/\",\"name\":\"Yucat\u00e1n en corto\",\"description\":\"Noticias\",\"potentialAction\":[{\"@type\":\"SearchAction\",\"target\":{\"@type\":\"EntryPoint\",\"urlTemplate\":\"https:\\\/\\\/www.yucatanencorto.com\\\/noticias\\\/?s={search_term_string}\"},\"query-input\":{\"@type\":\"PropertyValueSpecification\",\"valueRequired\":true,\"valueName\":\"search_term_string\"}}],\"inLanguage\":\"es\"},{\"@type\":\"Person\",\"@id\":\"https:\\\/\\\/www.yucatanencorto.com\\\/noticias\\\/#\\\/schema\\\/person\\\/f0ec40c33447bbc0dc2d01d3006de771\",\"name\":\"Yucat\u00e1n en Corto\",\"image\":{\"@type\":\"ImageObject\",\"inLanguage\":\"es\",\"@id\":\"https:\\\/\\\/secure.gravatar.com\\\/avatar\\\/20e0a6b626f38fa8e545fb3f80ce566efd790bf8877e65c3a482460cc3e0b5d1?s=96&d=mm&r=g\",\"url\":\"https:\\\/\\\/secure.gravatar.com\\\/avatar\\\/20e0a6b626f38fa8e545fb3f80ce566efd790bf8877e65c3a482460cc3e0b5d1?s=96&d=mm&r=g\",\"contentUrl\":\"https:\\\/\\\/secure.gravatar.com\\\/avatar\\\/20e0a6b626f38fa8e545fb3f80ce566efd790bf8877e65c3a482460cc3e0b5d1?s=96&d=mm&r=g\",\"caption\":\"Yucat\u00e1n en Corto\"},\"url\":\"https:\\\/\\\/www.yucatanencorto.com\\\/noticias\\\/author\\\/editor25\\\/\"}]}<\/script>\n<!-- \/ Yoast SEO plugin. -->","yoast_head_json":{"title":"Fortalece Yucat\u00e1n su presencia tur\u00edstica en Europa - Yucat\u00e1n en corto","robots":{"index":"index","follow":"follow","max-snippet":"max-snippet:-1","max-image-preview":"max-image-preview:large","max-video-preview":"max-video-preview:-1"},"canonical":"https:\/\/www.yucatanencorto.com\/noticias\/fortalece-yucatan-su-presencia-turistica-en-europa\/","og_locale":"es_ES","og_type":"article","og_title":"Fortalece Yucat\u00e1n su presencia tur\u00edstica en Europa - Yucat\u00e1n en corto","og_description":"&nbsp; Par\u00eds, Francia, a 25 de septiembre de 2025 El estado particip\u00f3 en la feria Top RESA realizada en Par\u00eds, presentando su oferta cultural y tur\u00edstica a operadores y compradores del viejo continente. Con el objetivo de\u00a0promocionar\u00a0a Yucat\u00e1n en Francia, uno de los mercados emisores de turismo m\u00e1s importantes de Europa, el estado particip\u00f3 en [&hellip;]","og_url":"https:\/\/www.yucatanencorto.com\/noticias\/fortalece-yucatan-su-presencia-turistica-en-europa\/","og_site_name":"Yucat\u00e1n en corto","article_publisher":"http:\/\/www.facebook.com\/yucatanencorto","article_published_time":"2025-09-25T22:39:20+00:00","og_image":[{"width":768,"height":531,"url":"https:\/\/www.yucatanencorto.com\/noticias\/wp-content\/uploads\/2025\/09\/WhatsApp-Image-2025-09-25-at-16.28.43-scaled.jpeg","type":"image\/jpeg"}],"author":"Yucat\u00e1n en Corto","twitter_card":"summary_large_image","twitter_creator":"@yucatanencorto","twitter_site":"@yucatanencorto","twitter_misc":{"Escrito por":"Yucat\u00e1n en Corto","Tiempo de lectura":"3 minutos"},"schema":{"@context":"https:\/\/schema.org","@graph":[{"@type":"Article","@id":"https:\/\/www.yucatanencorto.com\/noticias\/fortalece-yucatan-su-presencia-turistica-en-europa\/#article","isPartOf":{"@id":"https:\/\/www.yucatanencorto.com\/noticias\/fortalece-yucatan-su-presencia-turistica-en-europa\/"},"author":{"name":"Yucat\u00e1n en Corto","@id":"https:\/\/www.yucatanencorto.com\/noticias\/#\/schema\/person\/f0ec40c33447bbc0dc2d01d3006de771"},"headline":"Fortalece Yucat\u00e1n su presencia tur\u00edstica en Europa","datePublished":"2025-09-25T22:39:20+00:00","mainEntityOfPage":{"@id":"https:\/\/www.yucatanencorto.com\/noticias\/fortalece-yucatan-su-presencia-turistica-en-europa\/"},"wordCount":437,"image":{"@id":"https:\/\/www.yucatanencorto.com\/noticias\/fortalece-yucatan-su-presencia-turistica-en-europa\/#primaryimage"},"thumbnailUrl":"https:\/\/www.yucatanencorto.com\/noticias\/wp-content\/uploads\/2025\/09\/WhatsApp-Image-2025-09-25-at-16.28.43-scaled.jpeg","articleSection":["M\u00e9rida"],"inLanguage":"es"},{"@type":"WebPage","@id":"https:\/\/www.yucatanencorto.com\/noticias\/fortalece-yucatan-su-presencia-turistica-en-europa\/","url":"https:\/\/www.yucatanencorto.com\/noticias\/fortalece-yucatan-su-presencia-turistica-en-europa\/","name":"Fortalece Yucat\u00e1n su presencia tur\u00edstica en Europa - Yucat\u00e1n en corto","isPartOf":{"@id":"https:\/\/www.yucatanencorto.com\/noticias\/#website"},"primaryImageOfPage":{"@id":"https:\/\/www.yucatanencorto.com\/noticias\/fortalece-yucatan-su-presencia-turistica-en-europa\/#primaryimage"},"image":{"@id":"https:\/\/www.yucatanencorto.com\/noticias\/fortalece-yucatan-su-presencia-turistica-en-europa\/#primaryimage"},"thumbnailUrl":"https:\/\/www.yucatanencorto.com\/noticias\/wp-content\/uploads\/2025\/09\/WhatsApp-Image-2025-09-25-at-16.28.43-scaled.jpeg","datePublished":"2025-09-25T22:39:20+00:00","author":{"@id":"https:\/\/www.yucatanencorto.com\/noticias\/#\/schema\/person\/f0ec40c33447bbc0dc2d01d3006de771"},"breadcrumb":{"@id":"https:\/\/www.yucatanencorto.com\/noticias\/fortalece-yucatan-su-presencia-turistica-en-europa\/#breadcrumb"},"inLanguage":"es","potentialAction":[{"@type":"ReadAction","target":["https:\/\/www.yucatanencorto.com\/noticias\/fortalece-yucatan-su-presencia-turistica-en-europa\/"]}]},{"@type":"ImageObject","inLanguage":"es","@id":"https:\/\/www.yucatanencorto.com\/noticias\/fortalece-yucatan-su-presencia-turistica-en-europa\/#primaryimage","url":"https:\/\/www.yucatanencorto.com\/noticias\/wp-content\/uploads\/2025\/09\/WhatsApp-Image-2025-09-25-at-16.28.43-scaled.jpeg","contentUrl":"https:\/\/www.yucatanencorto.com\/noticias\/wp-content\/uploads\/2025\/09\/WhatsApp-Image-2025-09-25-at-16.28.43-scaled.jpeg","width":768,"height":531},{"@type":"BreadcrumbList","@id":"https:\/\/www.yucatanencorto.com\/noticias\/fortalece-yucatan-su-presencia-turistica-en-europa\/#breadcrumb","itemListElement":[{"@type":"ListItem","position":1,"name":"Portada","item":"https:\/\/www.yucatanencorto.com\/noticias\/"},{"@type":"ListItem","position":2,"name":"Fortalece Yucat\u00e1n su presencia tur\u00edstica en Europa"}]},{"@type":"WebSite","@id":"https:\/\/www.yucatanencorto.com\/noticias\/#website","url":"https:\/\/www.yucatanencorto.com\/noticias\/","name":"Yucat\u00e1n en corto","description":"Noticias","potentialAction":[{"@type":"SearchAction","target":{"@type":"EntryPoint","urlTemplate":"https:\/\/www.yucatanencorto.com\/noticias\/?s={search_term_string}"},"query-input":{"@type":"PropertyValueSpecification","valueRequired":true,"valueName":"search_term_string"}}],"inLanguage":"es"},{"@type":"Person","@id":"https:\/\/www.yucatanencorto.com\/noticias\/#\/schema\/person\/f0ec40c33447bbc0dc2d01d3006de771","name":"Yucat\u00e1n en Corto","image":{"@type":"ImageObject","inLanguage":"es","@id":"https:\/\/secure.gravatar.com\/avatar\/20e0a6b626f38fa8e545fb3f80ce566efd790bf8877e65c3a482460cc3e0b5d1?s=96&d=mm&r=g","url":"https:\/\/secure.gravatar.com\/avatar\/20e0a6b626f38fa8e545fb3f80ce566efd790bf8877e65c3a482460cc3e0b5d1?s=96&d=mm&r=g","contentUrl":"https:\/\/secure.gravatar.com\/avatar\/20e0a6b626f38fa8e545fb3f80ce566efd790bf8877e65c3a482460cc3e0b5d1?s=96&d=mm&r=g","caption":"Yucat\u00e1n en Corto"},"url":"https:\/\/www.yucatanencorto.com\/noticias\/author\/editor25\/"}]}},"_links":{"self":[{"href":"https:\/\/www.yucatanencorto.com\/noticias\/wp-json\/wp\/v2\/posts\/115870","targetHints":{"allow":["GET"]}}],"collection":[{"href":"https:\/\/www.yucatanencorto.com\/noticias\/wp-json\/wp\/v2\/posts"}],"about":[{"href":"https:\/\/www.yucatanencorto.com\/noticias\/wp-json\/wp\/v2\/types\/post"}],"author":[{"embeddable":true,"href":"https:\/\/www.yucatanencorto.com\/noticias\/wp-json\/wp\/v2\/users\/4"}],"replies":[{"embeddable":true,"href":"https:\/\/www.yucatanencorto.com\/noticias\/wp-json\/wp\/v2\/comments?post=115870"}],"version-history":[{"count":1,"href":"https:\/\/www.yucatanencorto.com\/noticias\/wp-json\/wp\/v2\/posts\/115870\/revisions"}],"predecessor-version":[{"id":115873,"href":"https:\/\/www.yucatanencorto.com\/noticias\/wp-json\/wp\/v2\/posts\/115870\/revisions\/115873"}],"wp:featuredmedia":[{"embeddable":true,"href":"https:\/\/www.yucatanencorto.com\/noticias\/wp-json\/wp\/v2\/media\/115872"}],"wp:attachment":[{"href":"https:\/\/www.yucatanencorto.com\/noticias\/wp-json\/wp\/v2\/media?parent=115870"}],"wp:term":[{"taxonomy":"category","embeddable":true,"href":"https:\/\/www.yucatanencorto.com\/noticias\/wp-json\/wp\/v2\/categories?post=115870"},{"taxonomy":"post_tag","embeddable":true,"href":"https:\/\/www.yucatanencorto.com\/noticias\/wp-json\/wp\/v2\/tags?post=115870"}],"curies":[{"name":"wp","href":"https:\/\/api.w.org\/{rel}","templated":true}]}}