{"id":115874,"date":"2025-09-26T11:24:16","date_gmt":"2025-09-26T17:24:16","guid":{"rendered":"https:\/\/www.yucatanencorto.com\/noticias\/?p=115874"},"modified":"2025-09-26T11:24:16","modified_gmt":"2025-09-26T17:24:16","slug":"turismo-sustentable-en-celestun-fortalece-lazos-con-agencias-de-viajes","status":"publish","type":"post","link":"https:\/\/www.yucatanencorto.com\/noticias\/turismo-sustentable-en-celestun-fortalece-lazos-con-agencias-de-viajes\/","title":{"rendered":"Turismo sustentable en Celest\u00fan fortalece lazos con agencias de viajes"},"content":{"rendered":"<p>&nbsp;<\/p>\n<p><img loading=\"lazy\" decoding=\"async\" class=\"alignnone size-full wp-image-115875\" src=\"https:\/\/www.yucatanencorto.com\/noticias\/wp-content\/uploads\/2025\/09\/WhatsApp-Image-2025-09-26-at-11.00.02-scaled.jpeg\" alt=\"\" width=\"768\" height=\"512\" srcset=\"https:\/\/www.yucatanencorto.com\/noticias\/wp-content\/uploads\/2025\/09\/WhatsApp-Image-2025-09-26-at-11.00.02-scaled.jpeg 768w, https:\/\/www.yucatanencorto.com\/noticias\/wp-content\/uploads\/2025\/09\/WhatsApp-Image-2025-09-26-at-11.00.02-1536x1023.jpeg 1536w, https:\/\/www.yucatanencorto.com\/noticias\/wp-content\/uploads\/2025\/09\/WhatsApp-Image-2025-09-26-at-11.00.02-150x100.jpeg 150w, https:\/\/www.yucatanencorto.com\/noticias\/wp-content\/uploads\/2025\/09\/WhatsApp-Image-2025-09-26-at-11.00.02-300x200.jpeg 300w, https:\/\/www.yucatanencorto.com\/noticias\/wp-content\/uploads\/2025\/09\/WhatsApp-Image-2025-09-26-at-11.00.02-696x464.jpeg 696w, https:\/\/www.yucatanencorto.com\/noticias\/wp-content\/uploads\/2025\/09\/WhatsApp-Image-2025-09-26-at-11.00.02-1068x712.jpeg 1068w\" sizes=\"auto, (max-width: 768px) 100vw, 768px\" \/><\/p>\n<p>Celest\u00fan, Yucat\u00e1n, a 26 de septiembre de 2025<\/p>\n<p>La capacitaci\u00f3n constante y la coordinaci\u00f3n entre cooperativas, Gobierno del Renacimiento Maya y sector privado consolidan al puerto como referente del ecoturismo en Yucat\u00e1n.<\/p>\n<p>Postales naturales de\u00a0Isla P\u00e1jaros, el arco de manglares que conduce al ojo de agua Baldiosera y la elegancia del flamenco del Caribe\u00a0fueron compartidas con representantes de agencias tur\u00edsticas por cooperativistas locales, quienes presentaron de primera mano el modelo de turismo sustentable que han consolidado a lo largo de los a\u00f1os.<\/p>\n<p>Este encuentro, organizado por el\u00a0Patronato de las Unidades de Servicios Culturales y Tur\u00edsticos del Estado de Yucat\u00e1n (Cultur), permiti\u00f3 que las y los visitantes convivieran con prestadores de servicios del Parador Tur\u00edstico de Celest\u00fan, quienes agradecieron el respaldo del Gobierno del Estado, encabezado por el\u00a0Gobernador Joaqu\u00edn D\u00edaz Mena, por impulsar estas vinculaciones que fortalecen a las familias dedicadas a preservar y difundir la\u00a0Reserva de la Biosfera de Celest\u00fan, parte del corredor de humedales de la costa yucateca.<\/p>\n<p>\u201cQueremos dar un mejor servicio y, en conjunto con el Gobierno del Estado y Cultur, lograr que Celest\u00fan se conozca a nivel nacional e internacional. Una de las riquezas m\u00e1s grandes que tenemos en Yucat\u00e1n es la calidad de su gente, y eso le da un valor enorme a nuestro municipio\u201d, expres\u00f3 el cooperativista\u00a0Ismael Pinto Castillo, del Parador Tur\u00edstico de Celest\u00fan.<\/p>\n<p>El director general de Cultur,\u00a0Clemente Escalante Alcocer, acompa\u00f1ado por\u00a0Mar\u00eda Elena Guti\u00e9rrez Reyes, directora de Comercializaci\u00f3n de Cultur, y\u00a0Margarita Navarro Favela, directora de Planeaci\u00f3n Tur\u00edstica de la Secretar\u00eda de Fomento Tur\u00edstico (Sefotur), reconoci\u00f3 el compromiso del capital humano del parador, particularmente en materia de capacitaci\u00f3n, ya que han participado en cursos de primeros auxilios y en temas vinculados con la atenci\u00f3n a visitantes.<\/p>\n<p>\u201cEl Gobernador nos ha encomendado generar c\u00edrculos virtuosos y coordinarnos con la iniciativa privada y los tres niveles de gobierno para cumplir con la normatividad en flora y fauna. Reconozco a las y los cooperativistas por su esfuerzo en la capacitaci\u00f3n permanente y en garantizar que todo est\u00e9 listo para recibir de la mejor manera al turismo\u201d, se\u00f1al\u00f3 Escalante Alcocer.<\/p>\n<p>Durante el recorrido en lancha por la\u00a0R\u00eda Celest\u00fan, reconocida por la Unesco en el Programa sobre el Hombre y la Biosfera (MAB), las y los tour operadores escucharon de los lugare\u00f1os datos relevantes sobre la reserva y constataron que los paseos se realizan con pleno respeto al medio ambiente. En la visita observaron\u00a0garzas, patos, gaviotas y flamencos j\u00f3venes.<\/p>\n<p>\u201cEs maravilloso, es una experiencia que ahora podemos compartir con nuestros clientes. Celest\u00fan tiene mucho que ofrecer, y es positivo que la administraci\u00f3n actual promueva lo mejor de nuestro estado\u201d, destac\u00f3\u00a0Vianey George, de la empresa Mayan Heritage.<\/p>\n<p>La\u00a0Reserva de la R\u00eda Celest\u00fan, con una superficie superior a\u00a081 mil hect\u00e1reas\u00a0en los estados de Yucat\u00e1n y Campeche, es un ecosistema \u00fanico que alberga diferentes tipos de manglar y recibe a colonias de flamencos.<\/p>\n<p>El\u00a0Parador Tur\u00edstico Cultur de Celest\u00fan\u00a0est\u00e1 abierto de lunes a domingo de 9:00 a 17:00 horas y ofrece una experiencia plena de conocimiento y respeto por la naturaleza, con servicios dise\u00f1ados para promover un turismo responsable y sostenible.<\/p>\n","protected":false},"excerpt":{"rendered":"<p>&nbsp; Celest\u00fan, Yucat\u00e1n, a 26 de septiembre de 2025 La capacitaci\u00f3n constante y la coordinaci\u00f3n entre cooperativas, Gobierno del Renacimiento Maya y sector privado consolidan al puerto como referente del ecoturismo en Yucat\u00e1n. Postales naturales de\u00a0Isla P\u00e1jaros, el arco de manglares que conduce al ojo de agua Baldiosera y la elegancia del flamenco del Caribe\u00a0fueron [&hellip;]<\/p>\n","protected":false},"author":4,"featured_media":115875,"comment_status":"closed","ping_status":"closed","sticky":false,"template":"","format":"standard","meta":{"footnotes":""},"categories":[3],"tags":[],"class_list":{"0":"post-115874","1":"post","2":"type-post","3":"status-publish","4":"format-standard","5":"has-post-thumbnail","7":"category-yucatan"},"yoast_head":"<!-- This site is optimized with the Yoast SEO plugin v27.5 - https:\/\/yoast.com\/product\/yoast-seo-wordpress\/ -->\n<title>Turismo sustentable en Celest\u00fan fortalece lazos con agencias de viajes - Yucat\u00e1n en corto<\/title>\n<meta name=\"robots\" content=\"index, follow, max-snippet:-1, max-image-preview:large, max-video-preview:-1\" \/>\n<link rel=\"canonical\" href=\"https:\/\/www.yucatanencorto.com\/noticias\/turismo-sustentable-en-celestun-fortalece-lazos-con-agencias-de-viajes\/\" \/>\n<meta property=\"og:locale\" content=\"es_ES\" \/>\n<meta property=\"og:type\" content=\"article\" \/>\n<meta property=\"og:title\" content=\"Turismo sustentable en Celest\u00fan fortalece lazos con agencias de viajes - Yucat\u00e1n en corto\" \/>\n<meta property=\"og:description\" content=\"&nbsp; Celest\u00fan, Yucat\u00e1n, a 26 de septiembre de 2025 La capacitaci\u00f3n constante y la coordinaci\u00f3n entre cooperativas, Gobierno del Renacimiento Maya y sector privado consolidan al puerto como referente del ecoturismo en Yucat\u00e1n. Postales naturales de\u00a0Isla P\u00e1jaros, el arco de manglares que conduce al ojo de agua Baldiosera y la elegancia del flamenco del Caribe\u00a0fueron [&hellip;]\" \/>\n<meta property=\"og:url\" content=\"https:\/\/www.yucatanencorto.com\/noticias\/turismo-sustentable-en-celestun-fortalece-lazos-con-agencias-de-viajes\/\" \/>\n<meta property=\"og:site_name\" content=\"Yucat\u00e1n en corto\" \/>\n<meta property=\"article:publisher\" content=\"http:\/\/www.facebook.com\/yucatanencorto\" \/>\n<meta property=\"article:published_time\" content=\"2025-09-26T17:24:16+00:00\" \/>\n<meta property=\"og:image\" content=\"https:\/\/www.yucatanencorto.com\/noticias\/wp-content\/uploads\/2025\/09\/WhatsApp-Image-2025-09-26-at-11.00.02-scaled.jpeg\" \/>\n\t<meta property=\"og:image:width\" content=\"768\" \/>\n\t<meta property=\"og:image:height\" content=\"512\" \/>\n\t<meta property=\"og:image:type\" content=\"image\/jpeg\" \/>\n<meta name=\"author\" content=\"Yucat\u00e1n en Corto\" \/>\n<meta name=\"twitter:card\" content=\"summary_large_image\" \/>\n<meta name=\"twitter:creator\" content=\"@yucatanencorto\" \/>\n<meta name=\"twitter:site\" content=\"@yucatanencorto\" \/>\n<meta name=\"twitter:label1\" content=\"Escrito por\" \/>\n\t<meta name=\"twitter:data1\" content=\"Yucat\u00e1n en Corto\" \/>\n\t<meta name=\"twitter:label2\" content=\"Tiempo de lectura\" \/>\n\t<meta name=\"twitter:data2\" content=\"3 minutos\" \/>\n<script type=\"application\/ld+json\" class=\"yoast-schema-graph\">{\"@context\":\"https:\\\/\\\/schema.org\",\"@graph\":[{\"@type\":\"Article\",\"@id\":\"https:\\\/\\\/www.yucatanencorto.com\\\/noticias\\\/turismo-sustentable-en-celestun-fortalece-lazos-con-agencias-de-viajes\\\/#article\",\"isPartOf\":{\"@id\":\"https:\\\/\\\/www.yucatanencorto.com\\\/noticias\\\/turismo-sustentable-en-celestun-fortalece-lazos-con-agencias-de-viajes\\\/\"},\"author\":{\"name\":\"Yucat\u00e1n en Corto\",\"@id\":\"https:\\\/\\\/www.yucatanencorto.com\\\/noticias\\\/#\\\/schema\\\/person\\\/f0ec40c33447bbc0dc2d01d3006de771\"},\"headline\":\"Turismo sustentable en Celest\u00fan fortalece lazos con agencias de viajes\",\"datePublished\":\"2025-09-26T17:24:16+00:00\",\"mainEntityOfPage\":{\"@id\":\"https:\\\/\\\/www.yucatanencorto.com\\\/noticias\\\/turismo-sustentable-en-celestun-fortalece-lazos-con-agencias-de-viajes\\\/\"},\"wordCount\":578,\"image\":{\"@id\":\"https:\\\/\\\/www.yucatanencorto.com\\\/noticias\\\/turismo-sustentable-en-celestun-fortalece-lazos-con-agencias-de-viajes\\\/#primaryimage\"},\"thumbnailUrl\":\"https:\\\/\\\/www.yucatanencorto.com\\\/noticias\\\/wp-content\\\/uploads\\\/2025\\\/09\\\/WhatsApp-Image-2025-09-26-at-11.00.02-scaled.jpeg\",\"articleSection\":[\"Yucat\u00e1n\"],\"inLanguage\":\"es\"},{\"@type\":\"WebPage\",\"@id\":\"https:\\\/\\\/www.yucatanencorto.com\\\/noticias\\\/turismo-sustentable-en-celestun-fortalece-lazos-con-agencias-de-viajes\\\/\",\"url\":\"https:\\\/\\\/www.yucatanencorto.com\\\/noticias\\\/turismo-sustentable-en-celestun-fortalece-lazos-con-agencias-de-viajes\\\/\",\"name\":\"Turismo sustentable en Celest\u00fan fortalece lazos con agencias de viajes - Yucat\u00e1n en corto\",\"isPartOf\":{\"@id\":\"https:\\\/\\\/www.yucatanencorto.com\\\/noticias\\\/#website\"},\"primaryImageOfPage\":{\"@id\":\"https:\\\/\\\/www.yucatanencorto.com\\\/noticias\\\/turismo-sustentable-en-celestun-fortalece-lazos-con-agencias-de-viajes\\\/#primaryimage\"},\"image\":{\"@id\":\"https:\\\/\\\/www.yucatanencorto.com\\\/noticias\\\/turismo-sustentable-en-celestun-fortalece-lazos-con-agencias-de-viajes\\\/#primaryimage\"},\"thumbnailUrl\":\"https:\\\/\\\/www.yucatanencorto.com\\\/noticias\\\/wp-content\\\/uploads\\\/2025\\\/09\\\/WhatsApp-Image-2025-09-26-at-11.00.02-scaled.jpeg\",\"datePublished\":\"2025-09-26T17:24:16+00:00\",\"author\":{\"@id\":\"https:\\\/\\\/www.yucatanencorto.com\\\/noticias\\\/#\\\/schema\\\/person\\\/f0ec40c33447bbc0dc2d01d3006de771\"},\"breadcrumb\":{\"@id\":\"https:\\\/\\\/www.yucatanencorto.com\\\/noticias\\\/turismo-sustentable-en-celestun-fortalece-lazos-con-agencias-de-viajes\\\/#breadcrumb\"},\"inLanguage\":\"es\",\"potentialAction\":[{\"@type\":\"ReadAction\",\"target\":[\"https:\\\/\\\/www.yucatanencorto.com\\\/noticias\\\/turismo-sustentable-en-celestun-fortalece-lazos-con-agencias-de-viajes\\\/\"]}]},{\"@type\":\"ImageObject\",\"inLanguage\":\"es\",\"@id\":\"https:\\\/\\\/www.yucatanencorto.com\\\/noticias\\\/turismo-sustentable-en-celestun-fortalece-lazos-con-agencias-de-viajes\\\/#primaryimage\",\"url\":\"https:\\\/\\\/www.yucatanencorto.com\\\/noticias\\\/wp-content\\\/uploads\\\/2025\\\/09\\\/WhatsApp-Image-2025-09-26-at-11.00.02-scaled.jpeg\",\"contentUrl\":\"https:\\\/\\\/www.yucatanencorto.com\\\/noticias\\\/wp-content\\\/uploads\\\/2025\\\/09\\\/WhatsApp-Image-2025-09-26-at-11.00.02-scaled.jpeg\",\"width\":768,\"height\":512},{\"@type\":\"BreadcrumbList\",\"@id\":\"https:\\\/\\\/www.yucatanencorto.com\\\/noticias\\\/turismo-sustentable-en-celestun-fortalece-lazos-con-agencias-de-viajes\\\/#breadcrumb\",\"itemListElement\":[{\"@type\":\"ListItem\",\"position\":1,\"name\":\"Portada\",\"item\":\"https:\\\/\\\/www.yucatanencorto.com\\\/noticias\\\/\"},{\"@type\":\"ListItem\",\"position\":2,\"name\":\"Turismo sustentable en Celest\u00fan fortalece lazos con agencias de viajes\"}]},{\"@type\":\"WebSite\",\"@id\":\"https:\\\/\\\/www.yucatanencorto.com\\\/noticias\\\/#website\",\"url\":\"https:\\\/\\\/www.yucatanencorto.com\\\/noticias\\\/\",\"name\":\"Yucat\u00e1n en corto\",\"description\":\"Noticias\",\"potentialAction\":[{\"@type\":\"SearchAction\",\"target\":{\"@type\":\"EntryPoint\",\"urlTemplate\":\"https:\\\/\\\/www.yucatanencorto.com\\\/noticias\\\/?s={search_term_string}\"},\"query-input\":{\"@type\":\"PropertyValueSpecification\",\"valueRequired\":true,\"valueName\":\"search_term_string\"}}],\"inLanguage\":\"es\"},{\"@type\":\"Person\",\"@id\":\"https:\\\/\\\/www.yucatanencorto.com\\\/noticias\\\/#\\\/schema\\\/person\\\/f0ec40c33447bbc0dc2d01d3006de771\",\"name\":\"Yucat\u00e1n en Corto\",\"image\":{\"@type\":\"ImageObject\",\"inLanguage\":\"es\",\"@id\":\"https:\\\/\\\/secure.gravatar.com\\\/avatar\\\/20e0a6b626f38fa8e545fb3f80ce566efd790bf8877e65c3a482460cc3e0b5d1?s=96&d=mm&r=g\",\"url\":\"https:\\\/\\\/secure.gravatar.com\\\/avatar\\\/20e0a6b626f38fa8e545fb3f80ce566efd790bf8877e65c3a482460cc3e0b5d1?s=96&d=mm&r=g\",\"contentUrl\":\"https:\\\/\\\/secure.gravatar.com\\\/avatar\\\/20e0a6b626f38fa8e545fb3f80ce566efd790bf8877e65c3a482460cc3e0b5d1?s=96&d=mm&r=g\",\"caption\":\"Yucat\u00e1n en Corto\"},\"url\":\"https:\\\/\\\/www.yucatanencorto.com\\\/noticias\\\/author\\\/editor25\\\/\"}]}<\/script>\n<!-- \/ Yoast SEO plugin. -->","yoast_head_json":{"title":"Turismo sustentable en Celest\u00fan fortalece lazos con agencias de viajes - Yucat\u00e1n en corto","robots":{"index":"index","follow":"follow","max-snippet":"max-snippet:-1","max-image-preview":"max-image-preview:large","max-video-preview":"max-video-preview:-1"},"canonical":"https:\/\/www.yucatanencorto.com\/noticias\/turismo-sustentable-en-celestun-fortalece-lazos-con-agencias-de-viajes\/","og_locale":"es_ES","og_type":"article","og_title":"Turismo sustentable en Celest\u00fan fortalece lazos con agencias de viajes - Yucat\u00e1n en corto","og_description":"&nbsp; Celest\u00fan, Yucat\u00e1n, a 26 de septiembre de 2025 La capacitaci\u00f3n constante y la coordinaci\u00f3n entre cooperativas, Gobierno del Renacimiento Maya y sector privado consolidan al puerto como referente del ecoturismo en Yucat\u00e1n. Postales naturales de\u00a0Isla P\u00e1jaros, el arco de manglares que conduce al ojo de agua Baldiosera y la elegancia del flamenco del Caribe\u00a0fueron [&hellip;]","og_url":"https:\/\/www.yucatanencorto.com\/noticias\/turismo-sustentable-en-celestun-fortalece-lazos-con-agencias-de-viajes\/","og_site_name":"Yucat\u00e1n en corto","article_publisher":"http:\/\/www.facebook.com\/yucatanencorto","article_published_time":"2025-09-26T17:24:16+00:00","og_image":[{"width":768,"height":512,"url":"https:\/\/www.yucatanencorto.com\/noticias\/wp-content\/uploads\/2025\/09\/WhatsApp-Image-2025-09-26-at-11.00.02-scaled.jpeg","type":"image\/jpeg"}],"author":"Yucat\u00e1n en Corto","twitter_card":"summary_large_image","twitter_creator":"@yucatanencorto","twitter_site":"@yucatanencorto","twitter_misc":{"Escrito por":"Yucat\u00e1n en Corto","Tiempo de lectura":"3 minutos"},"schema":{"@context":"https:\/\/schema.org","@graph":[{"@type":"Article","@id":"https:\/\/www.yucatanencorto.com\/noticias\/turismo-sustentable-en-celestun-fortalece-lazos-con-agencias-de-viajes\/#article","isPartOf":{"@id":"https:\/\/www.yucatanencorto.com\/noticias\/turismo-sustentable-en-celestun-fortalece-lazos-con-agencias-de-viajes\/"},"author":{"name":"Yucat\u00e1n en Corto","@id":"https:\/\/www.yucatanencorto.com\/noticias\/#\/schema\/person\/f0ec40c33447bbc0dc2d01d3006de771"},"headline":"Turismo sustentable en Celest\u00fan fortalece lazos con agencias de viajes","datePublished":"2025-09-26T17:24:16+00:00","mainEntityOfPage":{"@id":"https:\/\/www.yucatanencorto.com\/noticias\/turismo-sustentable-en-celestun-fortalece-lazos-con-agencias-de-viajes\/"},"wordCount":578,"image":{"@id":"https:\/\/www.yucatanencorto.com\/noticias\/turismo-sustentable-en-celestun-fortalece-lazos-con-agencias-de-viajes\/#primaryimage"},"thumbnailUrl":"https:\/\/www.yucatanencorto.com\/noticias\/wp-content\/uploads\/2025\/09\/WhatsApp-Image-2025-09-26-at-11.00.02-scaled.jpeg","articleSection":["Yucat\u00e1n"],"inLanguage":"es"},{"@type":"WebPage","@id":"https:\/\/www.yucatanencorto.com\/noticias\/turismo-sustentable-en-celestun-fortalece-lazos-con-agencias-de-viajes\/","url":"https:\/\/www.yucatanencorto.com\/noticias\/turismo-sustentable-en-celestun-fortalece-lazos-con-agencias-de-viajes\/","name":"Turismo sustentable en Celest\u00fan fortalece lazos con agencias de viajes - Yucat\u00e1n en corto","isPartOf":{"@id":"https:\/\/www.yucatanencorto.com\/noticias\/#website"},"primaryImageOfPage":{"@id":"https:\/\/www.yucatanencorto.com\/noticias\/turismo-sustentable-en-celestun-fortalece-lazos-con-agencias-de-viajes\/#primaryimage"},"image":{"@id":"https:\/\/www.yucatanencorto.com\/noticias\/turismo-sustentable-en-celestun-fortalece-lazos-con-agencias-de-viajes\/#primaryimage"},"thumbnailUrl":"https:\/\/www.yucatanencorto.com\/noticias\/wp-content\/uploads\/2025\/09\/WhatsApp-Image-2025-09-26-at-11.00.02-scaled.jpeg","datePublished":"2025-09-26T17:24:16+00:00","author":{"@id":"https:\/\/www.yucatanencorto.com\/noticias\/#\/schema\/person\/f0ec40c33447bbc0dc2d01d3006de771"},"breadcrumb":{"@id":"https:\/\/www.yucatanencorto.com\/noticias\/turismo-sustentable-en-celestun-fortalece-lazos-con-agencias-de-viajes\/#breadcrumb"},"inLanguage":"es","potentialAction":[{"@type":"ReadAction","target":["https:\/\/www.yucatanencorto.com\/noticias\/turismo-sustentable-en-celestun-fortalece-lazos-con-agencias-de-viajes\/"]}]},{"@type":"ImageObject","inLanguage":"es","@id":"https:\/\/www.yucatanencorto.com\/noticias\/turismo-sustentable-en-celestun-fortalece-lazos-con-agencias-de-viajes\/#primaryimage","url":"https:\/\/www.yucatanencorto.com\/noticias\/wp-content\/uploads\/2025\/09\/WhatsApp-Image-2025-09-26-at-11.00.02-scaled.jpeg","contentUrl":"https:\/\/www.yucatanencorto.com\/noticias\/wp-content\/uploads\/2025\/09\/WhatsApp-Image-2025-09-26-at-11.00.02-scaled.jpeg","width":768,"height":512},{"@type":"BreadcrumbList","@id":"https:\/\/www.yucatanencorto.com\/noticias\/turismo-sustentable-en-celestun-fortalece-lazos-con-agencias-de-viajes\/#breadcrumb","itemListElement":[{"@type":"ListItem","position":1,"name":"Portada","item":"https:\/\/www.yucatanencorto.com\/noticias\/"},{"@type":"ListItem","position":2,"name":"Turismo sustentable en Celest\u00fan fortalece lazos con agencias de viajes"}]},{"@type":"WebSite","@id":"https:\/\/www.yucatanencorto.com\/noticias\/#website","url":"https:\/\/www.yucatanencorto.com\/noticias\/","name":"Yucat\u00e1n en corto","description":"Noticias","potentialAction":[{"@type":"SearchAction","target":{"@type":"EntryPoint","urlTemplate":"https:\/\/www.yucatanencorto.com\/noticias\/?s={search_term_string}"},"query-input":{"@type":"PropertyValueSpecification","valueRequired":true,"valueName":"search_term_string"}}],"inLanguage":"es"},{"@type":"Person","@id":"https:\/\/www.yucatanencorto.com\/noticias\/#\/schema\/person\/f0ec40c33447bbc0dc2d01d3006de771","name":"Yucat\u00e1n en Corto","image":{"@type":"ImageObject","inLanguage":"es","@id":"https:\/\/secure.gravatar.com\/avatar\/20e0a6b626f38fa8e545fb3f80ce566efd790bf8877e65c3a482460cc3e0b5d1?s=96&d=mm&r=g","url":"https:\/\/secure.gravatar.com\/avatar\/20e0a6b626f38fa8e545fb3f80ce566efd790bf8877e65c3a482460cc3e0b5d1?s=96&d=mm&r=g","contentUrl":"https:\/\/secure.gravatar.com\/avatar\/20e0a6b626f38fa8e545fb3f80ce566efd790bf8877e65c3a482460cc3e0b5d1?s=96&d=mm&r=g","caption":"Yucat\u00e1n en Corto"},"url":"https:\/\/www.yucatanencorto.com\/noticias\/author\/editor25\/"}]}},"_links":{"self":[{"href":"https:\/\/www.yucatanencorto.com\/noticias\/wp-json\/wp\/v2\/posts\/115874","targetHints":{"allow":["GET"]}}],"collection":[{"href":"https:\/\/www.yucatanencorto.com\/noticias\/wp-json\/wp\/v2\/posts"}],"about":[{"href":"https:\/\/www.yucatanencorto.com\/noticias\/wp-json\/wp\/v2\/types\/post"}],"author":[{"embeddable":true,"href":"https:\/\/www.yucatanencorto.com\/noticias\/wp-json\/wp\/v2\/users\/4"}],"replies":[{"embeddable":true,"href":"https:\/\/www.yucatanencorto.com\/noticias\/wp-json\/wp\/v2\/comments?post=115874"}],"version-history":[{"count":1,"href":"https:\/\/www.yucatanencorto.com\/noticias\/wp-json\/wp\/v2\/posts\/115874\/revisions"}],"predecessor-version":[{"id":115876,"href":"https:\/\/www.yucatanencorto.com\/noticias\/wp-json\/wp\/v2\/posts\/115874\/revisions\/115876"}],"wp:featuredmedia":[{"embeddable":true,"href":"https:\/\/www.yucatanencorto.com\/noticias\/wp-json\/wp\/v2\/media\/115875"}],"wp:attachment":[{"href":"https:\/\/www.yucatanencorto.com\/noticias\/wp-json\/wp\/v2\/media?parent=115874"}],"wp:term":[{"taxonomy":"category","embeddable":true,"href":"https:\/\/www.yucatanencorto.com\/noticias\/wp-json\/wp\/v2\/categories?post=115874"},{"taxonomy":"post_tag","embeddable":true,"href":"https:\/\/www.yucatanencorto.com\/noticias\/wp-json\/wp\/v2\/tags?post=115874"}],"curies":[{"name":"wp","href":"https:\/\/api.w.org\/{rel}","templated":true}]}}