{"id":115878,"date":"2025-09-30T13:14:00","date_gmt":"2025-09-30T19:14:00","guid":{"rendered":"https:\/\/www.yucatanencorto.com\/noticias\/?p=115878"},"modified":"2025-09-30T13:14:00","modified_gmt":"2025-09-30T19:14:00","slug":"inicia-la-semana-nacional-de-vacunacion-antirrabica-canina-y-felina-2025","status":"publish","type":"post","link":"https:\/\/www.yucatanencorto.com\/noticias\/inicia-la-semana-nacional-de-vacunacion-antirrabica-canina-y-felina-2025\/","title":{"rendered":"Inicia la Semana Nacional de Vacunaci\u00f3n Antirr\u00e1bica Canina y Felina 2025 \u00a0"},"content":{"rendered":"<p><img loading=\"lazy\" decoding=\"async\" class=\"alignnone size-full wp-image-115879\" src=\"https:\/\/www.yucatanencorto.com\/noticias\/wp-content\/uploads\/2025\/09\/WhatsApp-Image-2025-09-30-at-11.48.38-3-scaled.jpeg\" alt=\"\" width=\"768\" height=\"512\" srcset=\"https:\/\/www.yucatanencorto.com\/noticias\/wp-content\/uploads\/2025\/09\/WhatsApp-Image-2025-09-30-at-11.48.38-3-scaled.jpeg 768w, https:\/\/www.yucatanencorto.com\/noticias\/wp-content\/uploads\/2025\/09\/WhatsApp-Image-2025-09-30-at-11.48.38-3-1536x1024.jpeg 1536w, https:\/\/www.yucatanencorto.com\/noticias\/wp-content\/uploads\/2025\/09\/WhatsApp-Image-2025-09-30-at-11.48.38-3-2048x1366.jpeg 2048w, https:\/\/www.yucatanencorto.com\/noticias\/wp-content\/uploads\/2025\/09\/WhatsApp-Image-2025-09-30-at-11.48.38-3-150x100.jpeg 150w, https:\/\/www.yucatanencorto.com\/noticias\/wp-content\/uploads\/2025\/09\/WhatsApp-Image-2025-09-30-at-11.48.38-3-300x200.jpeg 300w, https:\/\/www.yucatanencorto.com\/noticias\/wp-content\/uploads\/2025\/09\/WhatsApp-Image-2025-09-30-at-11.48.38-3-696x464.jpeg 696w, https:\/\/www.yucatanencorto.com\/noticias\/wp-content\/uploads\/2025\/09\/WhatsApp-Image-2025-09-30-at-11.48.38-3-1068x712.jpeg 1068w, https:\/\/www.yucatanencorto.com\/noticias\/wp-content\/uploads\/2025\/09\/WhatsApp-Image-2025-09-30-at-11.48.38-3-1920x1280.jpeg 1920w\" sizes=\"auto, (max-width: 768px) 100vw, 768px\" \/><\/p>\n<p>El Gobernador Joaqu\u00edn D\u00edaz Mena supervis\u00f3 en Kanas\u00edn el arranque de la jornada, que en Yucat\u00e1n contempla la aplicaci\u00f3n gratuita de m\u00e1s de 414 mil dosis.<\/p>\n<p>El Gobernador Joaqu\u00edn D\u00edaz Mena encabez\u00f3 el inicio de la Semana Nacional de Vacunaci\u00f3n Antirr\u00e1bica Canina y Felina 2025, programa que\u00a0contempla\u00a0la aplicaci\u00f3n gratuita de m\u00e1s de 414 mil dosis en todo\u00a0Yucat\u00e1n,\u00a0con el prop\u00f3sito\u00a0de promover el bienestar de los animales de compa\u00f1\u00eda y, al mismo tiempo, proteger a las familias y comunidades.<\/p>\n<p>En Kanas\u00edn, el mandatario\u00a0supervis\u00f3 el arranque\u00a0de esta jornada, para la cual\u00a0se habilitaron\u00a0274 puestos de vacunaci\u00f3n en todo el estado,\u00a0con el fin de garantizar la cobertura en cada municipio y salvaguardar la salud\u00a0de m\u00e1s de dos millones de habitantes.<\/p>\n<p>Cuidar a las mascotas, se\u00f1al\u00f3 D\u00edaz Mena, no es solo\u00a0un acto de responsabilidad, sino\u00a0tambi\u00e9n de amor, pues\u00a0dependen de\u00a0las personas\u00a0para vivir con dignidad, contar con alimento, refugio, salud y, sobre todo, cari\u00f1o.\u00a0Subray\u00f3 que\u00a0el bienestar animal no debe ser un lujo, sino un derecho\u00a0que debe garantizarse\u00a0con respeto.<\/p>\n<p>Desde el Centro de Salud Urbano de Kanas\u00edn, el Gobernador destac\u00f3 que Yucat\u00e1n\u00a0acumula\u00a027 a\u00f1os sin registrar\u00a0casos\u00a0de rabia humana transmitida por perros, logro\u00a0alcanzado\u00a0gracias a la concientizaci\u00f3n promovida\u00a0de manera continua, as\u00ed como al trabajo de brigadistas, veterinarios, personal de salud y voluntarios que\u00a0suman esfuerzos para que la comunidad participe en estas campa\u00f1as.<\/p>\n<p>A\u00f1adi\u00f3 que\u00a0las mascotas no son simples acompa\u00f1antes, sino parte de la familia, y que con su alegr\u00eda recuerdan a diario lo que significa la lealtad y la entrega incondicional. Por ello \u2014dijo\u2014 su administraci\u00f3n seguir\u00e1 apostando por la prevenci\u00f3n,\u00a0porque prevenir es m\u00e1s humano, justo y responsable que esperar a curar una enfermedad.<\/p>\n<p>D\u00edaz Mena agradeci\u00f3 a la presidenta Claudia Sheinbaum Pardo por respaldar estas campa\u00f1as de prevenci\u00f3n con recursos y coordinaci\u00f3n, lo que permite que Yucat\u00e1n\u00a0se mantenga como referente nacional en el cuidado de la salud p\u00fablica y el bienestar animal.<\/p>\n<p>Por su parte, la titular de la Secretar\u00eda de Salud de Yucat\u00e1n (SSY), Judith Elena Ortega Canto, llam\u00f3 a no bajar la guardia,\u00a0subrayando que\u00a0la vacunaci\u00f3n anual es indispensable, incluso\u00a0para las mascotas que permanecen dentro del hogar.<\/p>\n<p>Invitamos\u00a0a todas las personas que tengan perros y gatos a acudir al puesto m\u00e1s cercano y vacunarlos. No hay excusas: es r\u00e1pido, gratuito y puede salvar vidas,\u00a0enfatiz\u00f3 la funcionaria.<\/p>\n<p>En el evento participaron la diputada federal Jessica Said\u00e9n Quiroz; el legislador local Samuel Lizama Gasca; el director de Prevenci\u00f3n y Protecci\u00f3n de Riesgos para la Salud, Javier Balam L\u00f3pez; la subdirectora de Salud P\u00fablica de la SSY, Marbella Perera Rivero; y el representante del Ayuntamiento de Kanas\u00edn, Jorge Iv\u00e1n May Coll\u00ed.<\/p>\n<p>Tambi\u00e9n estuvieron presentes el jefe de la Jurisdicci\u00f3n Sanitaria No. 1, Miguel \u00c1ngel Moreno Camelo; el responsable del Programa Estatal de Zoonosis, Daly Gabino Mart\u00ednez Ortiz; la directora del Centro de Salud Urbano de Kanas\u00edn, Claudia Ramos Farjat; y el director de Planeaci\u00f3n y Desarrollo de la SSY, Alberto Alcocer Gamboa.<\/p>\n","protected":false},"excerpt":{"rendered":"<p>El Gobernador Joaqu\u00edn D\u00edaz Mena supervis\u00f3 en Kanas\u00edn el arranque de la jornada, que en Yucat\u00e1n contempla la aplicaci\u00f3n gratuita de m\u00e1s de 414 mil dosis. El Gobernador Joaqu\u00edn D\u00edaz Mena encabez\u00f3 el inicio de la Semana Nacional de Vacunaci\u00f3n Antirr\u00e1bica Canina y Felina 2025, programa que\u00a0contempla\u00a0la aplicaci\u00f3n gratuita de m\u00e1s de 414 mil dosis [&hellip;]<\/p>\n","protected":false},"author":4,"featured_media":0,"comment_status":"closed","ping_status":"closed","sticky":false,"template":"","format":"standard","meta":{"footnotes":""},"categories":[3],"tags":[],"class_list":{"0":"post-115878","1":"post","2":"type-post","3":"status-publish","4":"format-standard","6":"category-yucatan"},"yoast_head":"<!-- This site is optimized with the Yoast SEO plugin v27.5 - https:\/\/yoast.com\/product\/yoast-seo-wordpress\/ -->\n<title>Inicia la Semana Nacional de Vacunaci\u00f3n Antirr\u00e1bica Canina y Felina 2025 \u00a0 - Yucat\u00e1n en corto<\/title>\n<meta name=\"robots\" content=\"index, follow, max-snippet:-1, max-image-preview:large, max-video-preview:-1\" \/>\n<link rel=\"canonical\" href=\"https:\/\/www.yucatanencorto.com\/noticias\/inicia-la-semana-nacional-de-vacunacion-antirrabica-canina-y-felina-2025\/\" \/>\n<meta property=\"og:locale\" content=\"es_ES\" \/>\n<meta property=\"og:type\" content=\"article\" \/>\n<meta property=\"og:title\" content=\"Inicia la Semana Nacional de Vacunaci\u00f3n Antirr\u00e1bica Canina y Felina 2025 \u00a0 - Yucat\u00e1n en corto\" \/>\n<meta property=\"og:description\" content=\"El Gobernador Joaqu\u00edn D\u00edaz Mena supervis\u00f3 en Kanas\u00edn el arranque de la jornada, que en Yucat\u00e1n contempla la aplicaci\u00f3n gratuita de m\u00e1s de 414 mil dosis. El Gobernador Joaqu\u00edn D\u00edaz Mena encabez\u00f3 el inicio de la Semana Nacional de Vacunaci\u00f3n Antirr\u00e1bica Canina y Felina 2025, programa que\u00a0contempla\u00a0la aplicaci\u00f3n gratuita de m\u00e1s de 414 mil dosis [&hellip;]\" \/>\n<meta property=\"og:url\" content=\"https:\/\/www.yucatanencorto.com\/noticias\/inicia-la-semana-nacional-de-vacunacion-antirrabica-canina-y-felina-2025\/\" \/>\n<meta property=\"og:site_name\" content=\"Yucat\u00e1n en corto\" \/>\n<meta property=\"article:publisher\" content=\"http:\/\/www.facebook.com\/yucatanencorto\" \/>\n<meta property=\"article:published_time\" content=\"2025-09-30T19:14:00+00:00\" \/>\n<meta property=\"og:image\" content=\"https:\/\/www.yucatanencorto.com\/noticias\/wp-content\/uploads\/2025\/09\/WhatsApp-Image-2025-09-30-at-11.48.38-3-scaled.jpeg\" \/>\n\t<meta property=\"og:image:width\" content=\"768\" \/>\n\t<meta property=\"og:image:height\" content=\"512\" \/>\n\t<meta property=\"og:image:type\" content=\"image\/jpeg\" \/>\n<meta name=\"author\" content=\"Yucat\u00e1n en Corto\" \/>\n<meta name=\"twitter:card\" content=\"summary_large_image\" \/>\n<meta name=\"twitter:creator\" content=\"@yucatanencorto\" \/>\n<meta name=\"twitter:site\" content=\"@yucatanencorto\" \/>\n<meta name=\"twitter:label1\" content=\"Escrito por\" \/>\n\t<meta name=\"twitter:data1\" content=\"Yucat\u00e1n en Corto\" \/>\n\t<meta name=\"twitter:label2\" content=\"Tiempo de lectura\" \/>\n\t<meta name=\"twitter:data2\" content=\"3 minutos\" \/>\n<script type=\"application\/ld+json\" class=\"yoast-schema-graph\">{\"@context\":\"https:\\\/\\\/schema.org\",\"@graph\":[{\"@type\":\"Article\",\"@id\":\"https:\\\/\\\/www.yucatanencorto.com\\\/noticias\\\/inicia-la-semana-nacional-de-vacunacion-antirrabica-canina-y-felina-2025\\\/#article\",\"isPartOf\":{\"@id\":\"https:\\\/\\\/www.yucatanencorto.com\\\/noticias\\\/inicia-la-semana-nacional-de-vacunacion-antirrabica-canina-y-felina-2025\\\/\"},\"author\":{\"name\":\"Yucat\u00e1n en Corto\",\"@id\":\"https:\\\/\\\/www.yucatanencorto.com\\\/noticias\\\/#\\\/schema\\\/person\\\/f0ec40c33447bbc0dc2d01d3006de771\"},\"headline\":\"Inicia la Semana Nacional de Vacunaci\u00f3n Antirr\u00e1bica Canina y Felina 2025 \u00a0\",\"datePublished\":\"2025-09-30T19:14:00+00:00\",\"mainEntityOfPage\":{\"@id\":\"https:\\\/\\\/www.yucatanencorto.com\\\/noticias\\\/inicia-la-semana-nacional-de-vacunacion-antirrabica-canina-y-felina-2025\\\/\"},\"wordCount\":567,\"image\":{\"@id\":\"https:\\\/\\\/www.yucatanencorto.com\\\/noticias\\\/inicia-la-semana-nacional-de-vacunacion-antirrabica-canina-y-felina-2025\\\/#primaryimage\"},\"thumbnailUrl\":\"https:\\\/\\\/www.yucatanencorto.com\\\/noticias\\\/wp-content\\\/uploads\\\/2025\\\/09\\\/WhatsApp-Image-2025-09-30-at-11.48.38-3-scaled.jpeg\",\"articleSection\":[\"Yucat\u00e1n\"],\"inLanguage\":\"es\"},{\"@type\":\"WebPage\",\"@id\":\"https:\\\/\\\/www.yucatanencorto.com\\\/noticias\\\/inicia-la-semana-nacional-de-vacunacion-antirrabica-canina-y-felina-2025\\\/\",\"url\":\"https:\\\/\\\/www.yucatanencorto.com\\\/noticias\\\/inicia-la-semana-nacional-de-vacunacion-antirrabica-canina-y-felina-2025\\\/\",\"name\":\"Inicia la Semana Nacional de Vacunaci\u00f3n Antirr\u00e1bica Canina y Felina 2025 \u00a0 - Yucat\u00e1n en corto\",\"isPartOf\":{\"@id\":\"https:\\\/\\\/www.yucatanencorto.com\\\/noticias\\\/#website\"},\"primaryImageOfPage\":{\"@id\":\"https:\\\/\\\/www.yucatanencorto.com\\\/noticias\\\/inicia-la-semana-nacional-de-vacunacion-antirrabica-canina-y-felina-2025\\\/#primaryimage\"},\"image\":{\"@id\":\"https:\\\/\\\/www.yucatanencorto.com\\\/noticias\\\/inicia-la-semana-nacional-de-vacunacion-antirrabica-canina-y-felina-2025\\\/#primaryimage\"},\"thumbnailUrl\":\"https:\\\/\\\/www.yucatanencorto.com\\\/noticias\\\/wp-content\\\/uploads\\\/2025\\\/09\\\/WhatsApp-Image-2025-09-30-at-11.48.38-3-scaled.jpeg\",\"datePublished\":\"2025-09-30T19:14:00+00:00\",\"author\":{\"@id\":\"https:\\\/\\\/www.yucatanencorto.com\\\/noticias\\\/#\\\/schema\\\/person\\\/f0ec40c33447bbc0dc2d01d3006de771\"},\"breadcrumb\":{\"@id\":\"https:\\\/\\\/www.yucatanencorto.com\\\/noticias\\\/inicia-la-semana-nacional-de-vacunacion-antirrabica-canina-y-felina-2025\\\/#breadcrumb\"},\"inLanguage\":\"es\",\"potentialAction\":[{\"@type\":\"ReadAction\",\"target\":[\"https:\\\/\\\/www.yucatanencorto.com\\\/noticias\\\/inicia-la-semana-nacional-de-vacunacion-antirrabica-canina-y-felina-2025\\\/\"]}]},{\"@type\":\"ImageObject\",\"inLanguage\":\"es\",\"@id\":\"https:\\\/\\\/www.yucatanencorto.com\\\/noticias\\\/inicia-la-semana-nacional-de-vacunacion-antirrabica-canina-y-felina-2025\\\/#primaryimage\",\"url\":\"https:\\\/\\\/www.yucatanencorto.com\\\/noticias\\\/wp-content\\\/uploads\\\/2025\\\/09\\\/WhatsApp-Image-2025-09-30-at-11.48.38-3-scaled.jpeg\",\"contentUrl\":\"https:\\\/\\\/www.yucatanencorto.com\\\/noticias\\\/wp-content\\\/uploads\\\/2025\\\/09\\\/WhatsApp-Image-2025-09-30-at-11.48.38-3-scaled.jpeg\",\"width\":768,\"height\":512},{\"@type\":\"BreadcrumbList\",\"@id\":\"https:\\\/\\\/www.yucatanencorto.com\\\/noticias\\\/inicia-la-semana-nacional-de-vacunacion-antirrabica-canina-y-felina-2025\\\/#breadcrumb\",\"itemListElement\":[{\"@type\":\"ListItem\",\"position\":1,\"name\":\"Portada\",\"item\":\"https:\\\/\\\/www.yucatanencorto.com\\\/noticias\\\/\"},{\"@type\":\"ListItem\",\"position\":2,\"name\":\"Inicia la Semana Nacional de Vacunaci\u00f3n Antirr\u00e1bica Canina y Felina 2025 \u00a0\"}]},{\"@type\":\"WebSite\",\"@id\":\"https:\\\/\\\/www.yucatanencorto.com\\\/noticias\\\/#website\",\"url\":\"https:\\\/\\\/www.yucatanencorto.com\\\/noticias\\\/\",\"name\":\"Yucat\u00e1n en corto\",\"description\":\"Noticias\",\"potentialAction\":[{\"@type\":\"SearchAction\",\"target\":{\"@type\":\"EntryPoint\",\"urlTemplate\":\"https:\\\/\\\/www.yucatanencorto.com\\\/noticias\\\/?s={search_term_string}\"},\"query-input\":{\"@type\":\"PropertyValueSpecification\",\"valueRequired\":true,\"valueName\":\"search_term_string\"}}],\"inLanguage\":\"es\"},{\"@type\":\"Person\",\"@id\":\"https:\\\/\\\/www.yucatanencorto.com\\\/noticias\\\/#\\\/schema\\\/person\\\/f0ec40c33447bbc0dc2d01d3006de771\",\"name\":\"Yucat\u00e1n en Corto\",\"image\":{\"@type\":\"ImageObject\",\"inLanguage\":\"es\",\"@id\":\"https:\\\/\\\/secure.gravatar.com\\\/avatar\\\/20e0a6b626f38fa8e545fb3f80ce566efd790bf8877e65c3a482460cc3e0b5d1?s=96&d=mm&r=g\",\"url\":\"https:\\\/\\\/secure.gravatar.com\\\/avatar\\\/20e0a6b626f38fa8e545fb3f80ce566efd790bf8877e65c3a482460cc3e0b5d1?s=96&d=mm&r=g\",\"contentUrl\":\"https:\\\/\\\/secure.gravatar.com\\\/avatar\\\/20e0a6b626f38fa8e545fb3f80ce566efd790bf8877e65c3a482460cc3e0b5d1?s=96&d=mm&r=g\",\"caption\":\"Yucat\u00e1n en Corto\"},\"url\":\"https:\\\/\\\/www.yucatanencorto.com\\\/noticias\\\/author\\\/editor25\\\/\"}]}<\/script>\n<!-- \/ Yoast SEO plugin. -->","yoast_head_json":{"title":"Inicia la Semana Nacional de Vacunaci\u00f3n Antirr\u00e1bica Canina y Felina 2025 \u00a0 - Yucat\u00e1n en corto","robots":{"index":"index","follow":"follow","max-snippet":"max-snippet:-1","max-image-preview":"max-image-preview:large","max-video-preview":"max-video-preview:-1"},"canonical":"https:\/\/www.yucatanencorto.com\/noticias\/inicia-la-semana-nacional-de-vacunacion-antirrabica-canina-y-felina-2025\/","og_locale":"es_ES","og_type":"article","og_title":"Inicia la Semana Nacional de Vacunaci\u00f3n Antirr\u00e1bica Canina y Felina 2025 \u00a0 - Yucat\u00e1n en corto","og_description":"El Gobernador Joaqu\u00edn D\u00edaz Mena supervis\u00f3 en Kanas\u00edn el arranque de la jornada, que en Yucat\u00e1n contempla la aplicaci\u00f3n gratuita de m\u00e1s de 414 mil dosis. El Gobernador Joaqu\u00edn D\u00edaz Mena encabez\u00f3 el inicio de la Semana Nacional de Vacunaci\u00f3n Antirr\u00e1bica Canina y Felina 2025, programa que\u00a0contempla\u00a0la aplicaci\u00f3n gratuita de m\u00e1s de 414 mil dosis [&hellip;]","og_url":"https:\/\/www.yucatanencorto.com\/noticias\/inicia-la-semana-nacional-de-vacunacion-antirrabica-canina-y-felina-2025\/","og_site_name":"Yucat\u00e1n en corto","article_publisher":"http:\/\/www.facebook.com\/yucatanencorto","article_published_time":"2025-09-30T19:14:00+00:00","og_image":[{"width":768,"height":512,"url":"https:\/\/www.yucatanencorto.com\/noticias\/wp-content\/uploads\/2025\/09\/WhatsApp-Image-2025-09-30-at-11.48.38-3-scaled.jpeg","type":"image\/jpeg"}],"author":"Yucat\u00e1n en Corto","twitter_card":"summary_large_image","twitter_creator":"@yucatanencorto","twitter_site":"@yucatanencorto","twitter_misc":{"Escrito por":"Yucat\u00e1n en Corto","Tiempo de lectura":"3 minutos"},"schema":{"@context":"https:\/\/schema.org","@graph":[{"@type":"Article","@id":"https:\/\/www.yucatanencorto.com\/noticias\/inicia-la-semana-nacional-de-vacunacion-antirrabica-canina-y-felina-2025\/#article","isPartOf":{"@id":"https:\/\/www.yucatanencorto.com\/noticias\/inicia-la-semana-nacional-de-vacunacion-antirrabica-canina-y-felina-2025\/"},"author":{"name":"Yucat\u00e1n en Corto","@id":"https:\/\/www.yucatanencorto.com\/noticias\/#\/schema\/person\/f0ec40c33447bbc0dc2d01d3006de771"},"headline":"Inicia la Semana Nacional de Vacunaci\u00f3n Antirr\u00e1bica Canina y Felina 2025 \u00a0","datePublished":"2025-09-30T19:14:00+00:00","mainEntityOfPage":{"@id":"https:\/\/www.yucatanencorto.com\/noticias\/inicia-la-semana-nacional-de-vacunacion-antirrabica-canina-y-felina-2025\/"},"wordCount":567,"image":{"@id":"https:\/\/www.yucatanencorto.com\/noticias\/inicia-la-semana-nacional-de-vacunacion-antirrabica-canina-y-felina-2025\/#primaryimage"},"thumbnailUrl":"https:\/\/www.yucatanencorto.com\/noticias\/wp-content\/uploads\/2025\/09\/WhatsApp-Image-2025-09-30-at-11.48.38-3-scaled.jpeg","articleSection":["Yucat\u00e1n"],"inLanguage":"es"},{"@type":"WebPage","@id":"https:\/\/www.yucatanencorto.com\/noticias\/inicia-la-semana-nacional-de-vacunacion-antirrabica-canina-y-felina-2025\/","url":"https:\/\/www.yucatanencorto.com\/noticias\/inicia-la-semana-nacional-de-vacunacion-antirrabica-canina-y-felina-2025\/","name":"Inicia la Semana Nacional de Vacunaci\u00f3n Antirr\u00e1bica Canina y Felina 2025 \u00a0 - Yucat\u00e1n en corto","isPartOf":{"@id":"https:\/\/www.yucatanencorto.com\/noticias\/#website"},"primaryImageOfPage":{"@id":"https:\/\/www.yucatanencorto.com\/noticias\/inicia-la-semana-nacional-de-vacunacion-antirrabica-canina-y-felina-2025\/#primaryimage"},"image":{"@id":"https:\/\/www.yucatanencorto.com\/noticias\/inicia-la-semana-nacional-de-vacunacion-antirrabica-canina-y-felina-2025\/#primaryimage"},"thumbnailUrl":"https:\/\/www.yucatanencorto.com\/noticias\/wp-content\/uploads\/2025\/09\/WhatsApp-Image-2025-09-30-at-11.48.38-3-scaled.jpeg","datePublished":"2025-09-30T19:14:00+00:00","author":{"@id":"https:\/\/www.yucatanencorto.com\/noticias\/#\/schema\/person\/f0ec40c33447bbc0dc2d01d3006de771"},"breadcrumb":{"@id":"https:\/\/www.yucatanencorto.com\/noticias\/inicia-la-semana-nacional-de-vacunacion-antirrabica-canina-y-felina-2025\/#breadcrumb"},"inLanguage":"es","potentialAction":[{"@type":"ReadAction","target":["https:\/\/www.yucatanencorto.com\/noticias\/inicia-la-semana-nacional-de-vacunacion-antirrabica-canina-y-felina-2025\/"]}]},{"@type":"ImageObject","inLanguage":"es","@id":"https:\/\/www.yucatanencorto.com\/noticias\/inicia-la-semana-nacional-de-vacunacion-antirrabica-canina-y-felina-2025\/#primaryimage","url":"https:\/\/www.yucatanencorto.com\/noticias\/wp-content\/uploads\/2025\/09\/WhatsApp-Image-2025-09-30-at-11.48.38-3-scaled.jpeg","contentUrl":"https:\/\/www.yucatanencorto.com\/noticias\/wp-content\/uploads\/2025\/09\/WhatsApp-Image-2025-09-30-at-11.48.38-3-scaled.jpeg","width":768,"height":512},{"@type":"BreadcrumbList","@id":"https:\/\/www.yucatanencorto.com\/noticias\/inicia-la-semana-nacional-de-vacunacion-antirrabica-canina-y-felina-2025\/#breadcrumb","itemListElement":[{"@type":"ListItem","position":1,"name":"Portada","item":"https:\/\/www.yucatanencorto.com\/noticias\/"},{"@type":"ListItem","position":2,"name":"Inicia la Semana Nacional de Vacunaci\u00f3n Antirr\u00e1bica Canina y Felina 2025 \u00a0"}]},{"@type":"WebSite","@id":"https:\/\/www.yucatanencorto.com\/noticias\/#website","url":"https:\/\/www.yucatanencorto.com\/noticias\/","name":"Yucat\u00e1n en corto","description":"Noticias","potentialAction":[{"@type":"SearchAction","target":{"@type":"EntryPoint","urlTemplate":"https:\/\/www.yucatanencorto.com\/noticias\/?s={search_term_string}"},"query-input":{"@type":"PropertyValueSpecification","valueRequired":true,"valueName":"search_term_string"}}],"inLanguage":"es"},{"@type":"Person","@id":"https:\/\/www.yucatanencorto.com\/noticias\/#\/schema\/person\/f0ec40c33447bbc0dc2d01d3006de771","name":"Yucat\u00e1n en Corto","image":{"@type":"ImageObject","inLanguage":"es","@id":"https:\/\/secure.gravatar.com\/avatar\/20e0a6b626f38fa8e545fb3f80ce566efd790bf8877e65c3a482460cc3e0b5d1?s=96&d=mm&r=g","url":"https:\/\/secure.gravatar.com\/avatar\/20e0a6b626f38fa8e545fb3f80ce566efd790bf8877e65c3a482460cc3e0b5d1?s=96&d=mm&r=g","contentUrl":"https:\/\/secure.gravatar.com\/avatar\/20e0a6b626f38fa8e545fb3f80ce566efd790bf8877e65c3a482460cc3e0b5d1?s=96&d=mm&r=g","caption":"Yucat\u00e1n en Corto"},"url":"https:\/\/www.yucatanencorto.com\/noticias\/author\/editor25\/"}]}},"_links":{"self":[{"href":"https:\/\/www.yucatanencorto.com\/noticias\/wp-json\/wp\/v2\/posts\/115878","targetHints":{"allow":["GET"]}}],"collection":[{"href":"https:\/\/www.yucatanencorto.com\/noticias\/wp-json\/wp\/v2\/posts"}],"about":[{"href":"https:\/\/www.yucatanencorto.com\/noticias\/wp-json\/wp\/v2\/types\/post"}],"author":[{"embeddable":true,"href":"https:\/\/www.yucatanencorto.com\/noticias\/wp-json\/wp\/v2\/users\/4"}],"replies":[{"embeddable":true,"href":"https:\/\/www.yucatanencorto.com\/noticias\/wp-json\/wp\/v2\/comments?post=115878"}],"version-history":[{"count":1,"href":"https:\/\/www.yucatanencorto.com\/noticias\/wp-json\/wp\/v2\/posts\/115878\/revisions"}],"predecessor-version":[{"id":115880,"href":"https:\/\/www.yucatanencorto.com\/noticias\/wp-json\/wp\/v2\/posts\/115878\/revisions\/115880"}],"wp:attachment":[{"href":"https:\/\/www.yucatanencorto.com\/noticias\/wp-json\/wp\/v2\/media?parent=115878"}],"wp:term":[{"taxonomy":"category","embeddable":true,"href":"https:\/\/www.yucatanencorto.com\/noticias\/wp-json\/wp\/v2\/categories?post=115878"},{"taxonomy":"post_tag","embeddable":true,"href":"https:\/\/www.yucatanencorto.com\/noticias\/wp-json\/wp\/v2\/tags?post=115878"}],"curies":[{"name":"wp","href":"https:\/\/api.w.org\/{rel}","templated":true}]}}