{"id":115992,"date":"2025-10-16T13:32:35","date_gmt":"2025-10-16T19:32:35","guid":{"rendered":"https:\/\/www.yucatanencorto.com\/noticias\/?p=115992"},"modified":"2025-10-16T13:32:35","modified_gmt":"2025-10-16T19:32:35","slug":"invitan-a-centros-de-atencion-multiple-a-participar-en-desfile-por-la-revolucion-mexicana","status":"publish","type":"post","link":"https:\/\/www.yucatanencorto.com\/noticias\/invitan-a-centros-de-atencion-multiple-a-participar-en-desfile-por-la-revolucion-mexicana\/","title":{"rendered":"Invitan a Centros de Atenci\u00f3n M\u00faltiple a participar en desfile por la Revoluci\u00f3n Mexicana"},"content":{"rendered":"<p><img loading=\"lazy\" decoding=\"async\" class=\"alignnone size-full wp-image-115993\" src=\"https:\/\/www.yucatanencorto.com\/noticias\/wp-content\/uploads\/2025\/10\/WhatsApp-Image-2025-10-16-at-13.18.59-3-scaled.jpeg\" alt=\"\" width=\"768\" height=\"512\" srcset=\"https:\/\/www.yucatanencorto.com\/noticias\/wp-content\/uploads\/2025\/10\/WhatsApp-Image-2025-10-16-at-13.18.59-3-scaled.jpeg 768w, https:\/\/www.yucatanencorto.com\/noticias\/wp-content\/uploads\/2025\/10\/WhatsApp-Image-2025-10-16-at-13.18.59-3-150x100.jpeg 150w, https:\/\/www.yucatanencorto.com\/noticias\/wp-content\/uploads\/2025\/10\/WhatsApp-Image-2025-10-16-at-13.18.59-3-300x200.jpeg 300w, https:\/\/www.yucatanencorto.com\/noticias\/wp-content\/uploads\/2025\/10\/WhatsApp-Image-2025-10-16-at-13.18.59-3-696x464.jpeg 696w, https:\/\/www.yucatanencorto.com\/noticias\/wp-content\/uploads\/2025\/10\/WhatsApp-Image-2025-10-16-at-13.18.59-3-1068x712.jpeg 1068w\" sizes=\"auto, (max-width: 768px) 100vw, 768px\" \/><\/p>\n<p>M\u00e9rida, Yucat\u00e1n, a 16 de octubre de 2025<\/p>\n<p>La Secretar\u00eda de Educaci\u00f3n del estado convoca a los CAM a integrarse al desfile c\u00edvico-deportivo, que incluir\u00e1 competencias en tres categor\u00edas y premiaci\u00f3n en efectivo para los contingentes ganadores.<\/p>\n<p>La Secretar\u00eda de Educaci\u00f3n del Gobierno del Estado de Yucat\u00e1n (Segey), a trav\u00e9s de la Coordinaci\u00f3n de Educaci\u00f3n F\u00edsica, invita a los Centros de Atenci\u00f3n M\u00faltiple (CAM) a participar en el Desfile C\u00edvico Deportivo con motivo del 115 aniversario de la Revoluci\u00f3n Social Mexicana, con el prop\u00f3sito de promover la inclusi\u00f3n educativa y fortalecer la integraci\u00f3n social, cultural y c\u00edvica de alumnas y alumnos.<\/p>\n<p>El desfile se realizar\u00e1 el 7 de noviembre en el centro hist\u00f3rico de M\u00e9rida, y contar\u00e1 con la participaci\u00f3n de estudiantes de los CAM, tanto de la capital como del interior del estado, en las categor\u00edas de Tabla R\u00edtmica, Estampa Alusiva y Escolta de Bandera.<\/p>\n<p>De acuerdo con la convocatoria, los contingentes de Tabla R\u00edtmica y Estampa Alusiva deber\u00e1n estar integrados entre 12 y 30 participantes, mientras que la Escolta de Bandera estar\u00e1 conformada por 6 integrantes. Las inscripciones deber\u00e1n realizarse antes del 24 de octubre, de manera virtual, a trav\u00e9s del enlace: https:\/\/educacion.yucatan.gob.mx\/eventoscivicos\/.<\/p>\n<p>Para acceder al registro, ser\u00e1 necesario solicitar previamente usuario y contrase\u00f1a al correo dptodeporteescolar@gmail.com, tr\u00e1mite que deber\u00e1 gestionar el representante de cada CAM.<\/p>\n<p>Por cada categor\u00eda se premiar\u00e1 \u00fanicamente al primer lugar, designado por un jurado calificador integrado por docentes de las direcciones de Educaci\u00f3n F\u00edsica y Educaci\u00f3n Art\u00edstica, ubicados en dos puestos de evaluaci\u00f3n durante el desfile.<\/p>\n<p>Los premios en efectivo ser\u00e1n los siguientes: 9,000 pesos para Estampa Alusiva, 8,000 pesos para Tabla R\u00edtmica y 6,000 pesos para Escolta de Bandera. El orden de participaci\u00f3n ser\u00e1 definido mediante sorteo virtual, que se llevar\u00e1 a cabo el mi\u00e9rcoles 29 de octubre.<\/p>\n<p>Para mayor informaci\u00f3n, la convocatoria completa puede consultarse en la p\u00e1gina web educacion.yucatan.gob.mx o comunic\u00e1ndose al Departamento de Deporte Escolar y Cultura F\u00edsica de la Direcci\u00f3n de Educaci\u00f3n F\u00edsica, al tel\u00e9fono 9999 20 22 02 ext. 56324.<\/p>\n","protected":false},"excerpt":{"rendered":"<p>M\u00e9rida, Yucat\u00e1n, a 16 de octubre de 2025 La Secretar\u00eda de Educaci\u00f3n del estado convoca a los CAM a integrarse al desfile c\u00edvico-deportivo, que incluir\u00e1 competencias en tres categor\u00edas y premiaci\u00f3n en efectivo para los contingentes ganadores. La Secretar\u00eda de Educaci\u00f3n del Gobierno del Estado de Yucat\u00e1n (Segey), a trav\u00e9s de la Coordinaci\u00f3n de Educaci\u00f3n [&hellip;]<\/p>\n","protected":false},"author":4,"featured_media":115993,"comment_status":"closed","ping_status":"closed","sticky":false,"template":"","format":"standard","meta":{"footnotes":""},"categories":[3],"tags":[],"class_list":{"0":"post-115992","1":"post","2":"type-post","3":"status-publish","4":"format-standard","5":"has-post-thumbnail","7":"category-yucatan"},"yoast_head":"<!-- This site is optimized with the Yoast SEO plugin v27.4 - https:\/\/yoast.com\/product\/yoast-seo-wordpress\/ -->\n<title>Invitan a Centros de Atenci\u00f3n M\u00faltiple a participar en desfile por la Revoluci\u00f3n Mexicana - Yucat\u00e1n en corto<\/title>\n<meta name=\"robots\" content=\"index, follow, max-snippet:-1, max-image-preview:large, max-video-preview:-1\" \/>\n<link rel=\"canonical\" href=\"https:\/\/www.yucatanencorto.com\/noticias\/invitan-a-centros-de-atencion-multiple-a-participar-en-desfile-por-la-revolucion-mexicana\/\" \/>\n<meta property=\"og:locale\" content=\"es_ES\" \/>\n<meta property=\"og:type\" content=\"article\" \/>\n<meta property=\"og:title\" content=\"Invitan a Centros de Atenci\u00f3n M\u00faltiple a participar en desfile por la Revoluci\u00f3n Mexicana - Yucat\u00e1n en corto\" \/>\n<meta property=\"og:description\" content=\"M\u00e9rida, Yucat\u00e1n, a 16 de octubre de 2025 La Secretar\u00eda de Educaci\u00f3n del estado convoca a los CAM a integrarse al desfile c\u00edvico-deportivo, que incluir\u00e1 competencias en tres categor\u00edas y premiaci\u00f3n en efectivo para los contingentes ganadores. La Secretar\u00eda de Educaci\u00f3n del Gobierno del Estado de Yucat\u00e1n (Segey), a trav\u00e9s de la Coordinaci\u00f3n de Educaci\u00f3n [&hellip;]\" \/>\n<meta property=\"og:url\" content=\"https:\/\/www.yucatanencorto.com\/noticias\/invitan-a-centros-de-atencion-multiple-a-participar-en-desfile-por-la-revolucion-mexicana\/\" \/>\n<meta property=\"og:site_name\" content=\"Yucat\u00e1n en corto\" \/>\n<meta property=\"article:publisher\" content=\"http:\/\/www.facebook.com\/yucatanencorto\" \/>\n<meta property=\"article:published_time\" content=\"2025-10-16T19:32:35+00:00\" \/>\n<meta property=\"og:image\" content=\"https:\/\/www.yucatanencorto.com\/noticias\/wp-content\/uploads\/2025\/10\/WhatsApp-Image-2025-10-16-at-13.18.59-3-scaled.jpeg\" \/>\n\t<meta property=\"og:image:width\" content=\"768\" \/>\n\t<meta property=\"og:image:height\" content=\"512\" \/>\n\t<meta property=\"og:image:type\" content=\"image\/jpeg\" \/>\n<meta name=\"author\" content=\"Yucat\u00e1n en Corto\" \/>\n<meta name=\"twitter:card\" content=\"summary_large_image\" \/>\n<meta name=\"twitter:creator\" content=\"@yucatanencorto\" \/>\n<meta name=\"twitter:site\" content=\"@yucatanencorto\" \/>\n<meta name=\"twitter:label1\" content=\"Escrito por\" \/>\n\t<meta name=\"twitter:data1\" content=\"Yucat\u00e1n en Corto\" \/>\n\t<meta name=\"twitter:label2\" content=\"Tiempo de lectura\" \/>\n\t<meta name=\"twitter:data2\" content=\"2 minutos\" \/>\n<script type=\"application\/ld+json\" class=\"yoast-schema-graph\">{\"@context\":\"https:\\\/\\\/schema.org\",\"@graph\":[{\"@type\":\"Article\",\"@id\":\"https:\\\/\\\/www.yucatanencorto.com\\\/noticias\\\/invitan-a-centros-de-atencion-multiple-a-participar-en-desfile-por-la-revolucion-mexicana\\\/#article\",\"isPartOf\":{\"@id\":\"https:\\\/\\\/www.yucatanencorto.com\\\/noticias\\\/invitan-a-centros-de-atencion-multiple-a-participar-en-desfile-por-la-revolucion-mexicana\\\/\"},\"author\":{\"name\":\"Yucat\u00e1n en Corto\",\"@id\":\"https:\\\/\\\/www.yucatanencorto.com\\\/noticias\\\/#\\\/schema\\\/person\\\/f0ec40c33447bbc0dc2d01d3006de771\"},\"headline\":\"Invitan a Centros de Atenci\u00f3n M\u00faltiple a participar en desfile por la Revoluci\u00f3n Mexicana\",\"datePublished\":\"2025-10-16T19:32:35+00:00\",\"mainEntityOfPage\":{\"@id\":\"https:\\\/\\\/www.yucatanencorto.com\\\/noticias\\\/invitan-a-centros-de-atencion-multiple-a-participar-en-desfile-por-la-revolucion-mexicana\\\/\"},\"wordCount\":394,\"image\":{\"@id\":\"https:\\\/\\\/www.yucatanencorto.com\\\/noticias\\\/invitan-a-centros-de-atencion-multiple-a-participar-en-desfile-por-la-revolucion-mexicana\\\/#primaryimage\"},\"thumbnailUrl\":\"https:\\\/\\\/www.yucatanencorto.com\\\/noticias\\\/wp-content\\\/uploads\\\/2025\\\/10\\\/WhatsApp-Image-2025-10-16-at-13.18.59-3-scaled.jpeg\",\"articleSection\":[\"Yucat\u00e1n\"],\"inLanguage\":\"es\"},{\"@type\":\"WebPage\",\"@id\":\"https:\\\/\\\/www.yucatanencorto.com\\\/noticias\\\/invitan-a-centros-de-atencion-multiple-a-participar-en-desfile-por-la-revolucion-mexicana\\\/\",\"url\":\"https:\\\/\\\/www.yucatanencorto.com\\\/noticias\\\/invitan-a-centros-de-atencion-multiple-a-participar-en-desfile-por-la-revolucion-mexicana\\\/\",\"name\":\"Invitan a Centros de Atenci\u00f3n M\u00faltiple a participar en desfile por la Revoluci\u00f3n Mexicana - Yucat\u00e1n en corto\",\"isPartOf\":{\"@id\":\"https:\\\/\\\/www.yucatanencorto.com\\\/noticias\\\/#website\"},\"primaryImageOfPage\":{\"@id\":\"https:\\\/\\\/www.yucatanencorto.com\\\/noticias\\\/invitan-a-centros-de-atencion-multiple-a-participar-en-desfile-por-la-revolucion-mexicana\\\/#primaryimage\"},\"image\":{\"@id\":\"https:\\\/\\\/www.yucatanencorto.com\\\/noticias\\\/invitan-a-centros-de-atencion-multiple-a-participar-en-desfile-por-la-revolucion-mexicana\\\/#primaryimage\"},\"thumbnailUrl\":\"https:\\\/\\\/www.yucatanencorto.com\\\/noticias\\\/wp-content\\\/uploads\\\/2025\\\/10\\\/WhatsApp-Image-2025-10-16-at-13.18.59-3-scaled.jpeg\",\"datePublished\":\"2025-10-16T19:32:35+00:00\",\"author\":{\"@id\":\"https:\\\/\\\/www.yucatanencorto.com\\\/noticias\\\/#\\\/schema\\\/person\\\/f0ec40c33447bbc0dc2d01d3006de771\"},\"breadcrumb\":{\"@id\":\"https:\\\/\\\/www.yucatanencorto.com\\\/noticias\\\/invitan-a-centros-de-atencion-multiple-a-participar-en-desfile-por-la-revolucion-mexicana\\\/#breadcrumb\"},\"inLanguage\":\"es\",\"potentialAction\":[{\"@type\":\"ReadAction\",\"target\":[\"https:\\\/\\\/www.yucatanencorto.com\\\/noticias\\\/invitan-a-centros-de-atencion-multiple-a-participar-en-desfile-por-la-revolucion-mexicana\\\/\"]}]},{\"@type\":\"ImageObject\",\"inLanguage\":\"es\",\"@id\":\"https:\\\/\\\/www.yucatanencorto.com\\\/noticias\\\/invitan-a-centros-de-atencion-multiple-a-participar-en-desfile-por-la-revolucion-mexicana\\\/#primaryimage\",\"url\":\"https:\\\/\\\/www.yucatanencorto.com\\\/noticias\\\/wp-content\\\/uploads\\\/2025\\\/10\\\/WhatsApp-Image-2025-10-16-at-13.18.59-3-scaled.jpeg\",\"contentUrl\":\"https:\\\/\\\/www.yucatanencorto.com\\\/noticias\\\/wp-content\\\/uploads\\\/2025\\\/10\\\/WhatsApp-Image-2025-10-16-at-13.18.59-3-scaled.jpeg\",\"width\":768,\"height\":512},{\"@type\":\"BreadcrumbList\",\"@id\":\"https:\\\/\\\/www.yucatanencorto.com\\\/noticias\\\/invitan-a-centros-de-atencion-multiple-a-participar-en-desfile-por-la-revolucion-mexicana\\\/#breadcrumb\",\"itemListElement\":[{\"@type\":\"ListItem\",\"position\":1,\"name\":\"Portada\",\"item\":\"https:\\\/\\\/www.yucatanencorto.com\\\/noticias\\\/\"},{\"@type\":\"ListItem\",\"position\":2,\"name\":\"Invitan a Centros de Atenci\u00f3n M\u00faltiple a participar en desfile por la Revoluci\u00f3n Mexicana\"}]},{\"@type\":\"WebSite\",\"@id\":\"https:\\\/\\\/www.yucatanencorto.com\\\/noticias\\\/#website\",\"url\":\"https:\\\/\\\/www.yucatanencorto.com\\\/noticias\\\/\",\"name\":\"Yucat\u00e1n en corto\",\"description\":\"Noticias\",\"potentialAction\":[{\"@type\":\"SearchAction\",\"target\":{\"@type\":\"EntryPoint\",\"urlTemplate\":\"https:\\\/\\\/www.yucatanencorto.com\\\/noticias\\\/?s={search_term_string}\"},\"query-input\":{\"@type\":\"PropertyValueSpecification\",\"valueRequired\":true,\"valueName\":\"search_term_string\"}}],\"inLanguage\":\"es\"},{\"@type\":\"Person\",\"@id\":\"https:\\\/\\\/www.yucatanencorto.com\\\/noticias\\\/#\\\/schema\\\/person\\\/f0ec40c33447bbc0dc2d01d3006de771\",\"name\":\"Yucat\u00e1n en Corto\",\"image\":{\"@type\":\"ImageObject\",\"inLanguage\":\"es\",\"@id\":\"https:\\\/\\\/secure.gravatar.com\\\/avatar\\\/20e0a6b626f38fa8e545fb3f80ce566efd790bf8877e65c3a482460cc3e0b5d1?s=96&d=mm&r=g\",\"url\":\"https:\\\/\\\/secure.gravatar.com\\\/avatar\\\/20e0a6b626f38fa8e545fb3f80ce566efd790bf8877e65c3a482460cc3e0b5d1?s=96&d=mm&r=g\",\"contentUrl\":\"https:\\\/\\\/secure.gravatar.com\\\/avatar\\\/20e0a6b626f38fa8e545fb3f80ce566efd790bf8877e65c3a482460cc3e0b5d1?s=96&d=mm&r=g\",\"caption\":\"Yucat\u00e1n en Corto\"},\"url\":\"https:\\\/\\\/www.yucatanencorto.com\\\/noticias\\\/author\\\/editor25\\\/\"}]}<\/script>\n<!-- \/ Yoast SEO plugin. -->","yoast_head_json":{"title":"Invitan a Centros de Atenci\u00f3n M\u00faltiple a participar en desfile por la Revoluci\u00f3n Mexicana - Yucat\u00e1n en corto","robots":{"index":"index","follow":"follow","max-snippet":"max-snippet:-1","max-image-preview":"max-image-preview:large","max-video-preview":"max-video-preview:-1"},"canonical":"https:\/\/www.yucatanencorto.com\/noticias\/invitan-a-centros-de-atencion-multiple-a-participar-en-desfile-por-la-revolucion-mexicana\/","og_locale":"es_ES","og_type":"article","og_title":"Invitan a Centros de Atenci\u00f3n M\u00faltiple a participar en desfile por la Revoluci\u00f3n Mexicana - Yucat\u00e1n en corto","og_description":"M\u00e9rida, Yucat\u00e1n, a 16 de octubre de 2025 La Secretar\u00eda de Educaci\u00f3n del estado convoca a los CAM a integrarse al desfile c\u00edvico-deportivo, que incluir\u00e1 competencias en tres categor\u00edas y premiaci\u00f3n en efectivo para los contingentes ganadores. La Secretar\u00eda de Educaci\u00f3n del Gobierno del Estado de Yucat\u00e1n (Segey), a trav\u00e9s de la Coordinaci\u00f3n de Educaci\u00f3n [&hellip;]","og_url":"https:\/\/www.yucatanencorto.com\/noticias\/invitan-a-centros-de-atencion-multiple-a-participar-en-desfile-por-la-revolucion-mexicana\/","og_site_name":"Yucat\u00e1n en corto","article_publisher":"http:\/\/www.facebook.com\/yucatanencorto","article_published_time":"2025-10-16T19:32:35+00:00","og_image":[{"width":768,"height":512,"url":"https:\/\/www.yucatanencorto.com\/noticias\/wp-content\/uploads\/2025\/10\/WhatsApp-Image-2025-10-16-at-13.18.59-3-scaled.jpeg","type":"image\/jpeg"}],"author":"Yucat\u00e1n en Corto","twitter_card":"summary_large_image","twitter_creator":"@yucatanencorto","twitter_site":"@yucatanencorto","twitter_misc":{"Escrito por":"Yucat\u00e1n en Corto","Tiempo de lectura":"2 minutos"},"schema":{"@context":"https:\/\/schema.org","@graph":[{"@type":"Article","@id":"https:\/\/www.yucatanencorto.com\/noticias\/invitan-a-centros-de-atencion-multiple-a-participar-en-desfile-por-la-revolucion-mexicana\/#article","isPartOf":{"@id":"https:\/\/www.yucatanencorto.com\/noticias\/invitan-a-centros-de-atencion-multiple-a-participar-en-desfile-por-la-revolucion-mexicana\/"},"author":{"name":"Yucat\u00e1n en Corto","@id":"https:\/\/www.yucatanencorto.com\/noticias\/#\/schema\/person\/f0ec40c33447bbc0dc2d01d3006de771"},"headline":"Invitan a Centros de Atenci\u00f3n M\u00faltiple a participar en desfile por la Revoluci\u00f3n Mexicana","datePublished":"2025-10-16T19:32:35+00:00","mainEntityOfPage":{"@id":"https:\/\/www.yucatanencorto.com\/noticias\/invitan-a-centros-de-atencion-multiple-a-participar-en-desfile-por-la-revolucion-mexicana\/"},"wordCount":394,"image":{"@id":"https:\/\/www.yucatanencorto.com\/noticias\/invitan-a-centros-de-atencion-multiple-a-participar-en-desfile-por-la-revolucion-mexicana\/#primaryimage"},"thumbnailUrl":"https:\/\/www.yucatanencorto.com\/noticias\/wp-content\/uploads\/2025\/10\/WhatsApp-Image-2025-10-16-at-13.18.59-3-scaled.jpeg","articleSection":["Yucat\u00e1n"],"inLanguage":"es"},{"@type":"WebPage","@id":"https:\/\/www.yucatanencorto.com\/noticias\/invitan-a-centros-de-atencion-multiple-a-participar-en-desfile-por-la-revolucion-mexicana\/","url":"https:\/\/www.yucatanencorto.com\/noticias\/invitan-a-centros-de-atencion-multiple-a-participar-en-desfile-por-la-revolucion-mexicana\/","name":"Invitan a Centros de Atenci\u00f3n M\u00faltiple a participar en desfile por la Revoluci\u00f3n Mexicana - Yucat\u00e1n en corto","isPartOf":{"@id":"https:\/\/www.yucatanencorto.com\/noticias\/#website"},"primaryImageOfPage":{"@id":"https:\/\/www.yucatanencorto.com\/noticias\/invitan-a-centros-de-atencion-multiple-a-participar-en-desfile-por-la-revolucion-mexicana\/#primaryimage"},"image":{"@id":"https:\/\/www.yucatanencorto.com\/noticias\/invitan-a-centros-de-atencion-multiple-a-participar-en-desfile-por-la-revolucion-mexicana\/#primaryimage"},"thumbnailUrl":"https:\/\/www.yucatanencorto.com\/noticias\/wp-content\/uploads\/2025\/10\/WhatsApp-Image-2025-10-16-at-13.18.59-3-scaled.jpeg","datePublished":"2025-10-16T19:32:35+00:00","author":{"@id":"https:\/\/www.yucatanencorto.com\/noticias\/#\/schema\/person\/f0ec40c33447bbc0dc2d01d3006de771"},"breadcrumb":{"@id":"https:\/\/www.yucatanencorto.com\/noticias\/invitan-a-centros-de-atencion-multiple-a-participar-en-desfile-por-la-revolucion-mexicana\/#breadcrumb"},"inLanguage":"es","potentialAction":[{"@type":"ReadAction","target":["https:\/\/www.yucatanencorto.com\/noticias\/invitan-a-centros-de-atencion-multiple-a-participar-en-desfile-por-la-revolucion-mexicana\/"]}]},{"@type":"ImageObject","inLanguage":"es","@id":"https:\/\/www.yucatanencorto.com\/noticias\/invitan-a-centros-de-atencion-multiple-a-participar-en-desfile-por-la-revolucion-mexicana\/#primaryimage","url":"https:\/\/www.yucatanencorto.com\/noticias\/wp-content\/uploads\/2025\/10\/WhatsApp-Image-2025-10-16-at-13.18.59-3-scaled.jpeg","contentUrl":"https:\/\/www.yucatanencorto.com\/noticias\/wp-content\/uploads\/2025\/10\/WhatsApp-Image-2025-10-16-at-13.18.59-3-scaled.jpeg","width":768,"height":512},{"@type":"BreadcrumbList","@id":"https:\/\/www.yucatanencorto.com\/noticias\/invitan-a-centros-de-atencion-multiple-a-participar-en-desfile-por-la-revolucion-mexicana\/#breadcrumb","itemListElement":[{"@type":"ListItem","position":1,"name":"Portada","item":"https:\/\/www.yucatanencorto.com\/noticias\/"},{"@type":"ListItem","position":2,"name":"Invitan a Centros de Atenci\u00f3n M\u00faltiple a participar en desfile por la Revoluci\u00f3n Mexicana"}]},{"@type":"WebSite","@id":"https:\/\/www.yucatanencorto.com\/noticias\/#website","url":"https:\/\/www.yucatanencorto.com\/noticias\/","name":"Yucat\u00e1n en corto","description":"Noticias","potentialAction":[{"@type":"SearchAction","target":{"@type":"EntryPoint","urlTemplate":"https:\/\/www.yucatanencorto.com\/noticias\/?s={search_term_string}"},"query-input":{"@type":"PropertyValueSpecification","valueRequired":true,"valueName":"search_term_string"}}],"inLanguage":"es"},{"@type":"Person","@id":"https:\/\/www.yucatanencorto.com\/noticias\/#\/schema\/person\/f0ec40c33447bbc0dc2d01d3006de771","name":"Yucat\u00e1n en Corto","image":{"@type":"ImageObject","inLanguage":"es","@id":"https:\/\/secure.gravatar.com\/avatar\/20e0a6b626f38fa8e545fb3f80ce566efd790bf8877e65c3a482460cc3e0b5d1?s=96&d=mm&r=g","url":"https:\/\/secure.gravatar.com\/avatar\/20e0a6b626f38fa8e545fb3f80ce566efd790bf8877e65c3a482460cc3e0b5d1?s=96&d=mm&r=g","contentUrl":"https:\/\/secure.gravatar.com\/avatar\/20e0a6b626f38fa8e545fb3f80ce566efd790bf8877e65c3a482460cc3e0b5d1?s=96&d=mm&r=g","caption":"Yucat\u00e1n en Corto"},"url":"https:\/\/www.yucatanencorto.com\/noticias\/author\/editor25\/"}]}},"_links":{"self":[{"href":"https:\/\/www.yucatanencorto.com\/noticias\/wp-json\/wp\/v2\/posts\/115992","targetHints":{"allow":["GET"]}}],"collection":[{"href":"https:\/\/www.yucatanencorto.com\/noticias\/wp-json\/wp\/v2\/posts"}],"about":[{"href":"https:\/\/www.yucatanencorto.com\/noticias\/wp-json\/wp\/v2\/types\/post"}],"author":[{"embeddable":true,"href":"https:\/\/www.yucatanencorto.com\/noticias\/wp-json\/wp\/v2\/users\/4"}],"replies":[{"embeddable":true,"href":"https:\/\/www.yucatanencorto.com\/noticias\/wp-json\/wp\/v2\/comments?post=115992"}],"version-history":[{"count":1,"href":"https:\/\/www.yucatanencorto.com\/noticias\/wp-json\/wp\/v2\/posts\/115992\/revisions"}],"predecessor-version":[{"id":115994,"href":"https:\/\/www.yucatanencorto.com\/noticias\/wp-json\/wp\/v2\/posts\/115992\/revisions\/115994"}],"wp:featuredmedia":[{"embeddable":true,"href":"https:\/\/www.yucatanencorto.com\/noticias\/wp-json\/wp\/v2\/media\/115993"}],"wp:attachment":[{"href":"https:\/\/www.yucatanencorto.com\/noticias\/wp-json\/wp\/v2\/media?parent=115992"}],"wp:term":[{"taxonomy":"category","embeddable":true,"href":"https:\/\/www.yucatanencorto.com\/noticias\/wp-json\/wp\/v2\/categories?post=115992"},{"taxonomy":"post_tag","embeddable":true,"href":"https:\/\/www.yucatanencorto.com\/noticias\/wp-json\/wp\/v2\/tags?post=115992"}],"curies":[{"name":"wp","href":"https:\/\/api.w.org\/{rel}","templated":true}]}}