{"id":115995,"date":"2025-10-16T13:38:48","date_gmt":"2025-10-16T19:38:48","guid":{"rendered":"https:\/\/www.yucatanencorto.com\/noticias\/?p=115995"},"modified":"2025-10-16T13:38:48","modified_gmt":"2025-10-16T19:38:48","slug":"en-yucatan-no-se-tolerara-el-maltrato-animal","status":"publish","type":"post","link":"https:\/\/www.yucatanencorto.com\/noticias\/en-yucatan-no-se-tolerara-el-maltrato-animal\/","title":{"rendered":"En Yucat\u00e1n no se tolerar\u00e1 el maltrato animal"},"content":{"rendered":"<p>&nbsp;<\/p>\n<p><img loading=\"lazy\" decoding=\"async\" class=\"alignnone size-full wp-image-115996\" src=\"https:\/\/www.yucatanencorto.com\/noticias\/wp-content\/uploads\/2025\/10\/WhatsApp-Image-2025-10-16-at-12.21.00-2-scaled.jpeg\" alt=\"\" width=\"768\" height=\"512\" srcset=\"https:\/\/www.yucatanencorto.com\/noticias\/wp-content\/uploads\/2025\/10\/WhatsApp-Image-2025-10-16-at-12.21.00-2-scaled.jpeg 768w, https:\/\/www.yucatanencorto.com\/noticias\/wp-content\/uploads\/2025\/10\/WhatsApp-Image-2025-10-16-at-12.21.00-2-150x100.jpeg 150w, https:\/\/www.yucatanencorto.com\/noticias\/wp-content\/uploads\/2025\/10\/WhatsApp-Image-2025-10-16-at-12.21.00-2-300x200.jpeg 300w, https:\/\/www.yucatanencorto.com\/noticias\/wp-content\/uploads\/2025\/10\/WhatsApp-Image-2025-10-16-at-12.21.00-2-696x464.jpeg 696w, https:\/\/www.yucatanencorto.com\/noticias\/wp-content\/uploads\/2025\/10\/WhatsApp-Image-2025-10-16-at-12.21.00-2-1068x712.jpeg 1068w\" sizes=\"auto, (max-width: 768px) 100vw, 768px\" \/><\/p>\n<p>M\u00e9rida, Yucat\u00e1n, a 16 de octubre de 2025<\/p>\n<p>En la Mesa Estatal de Seguridad, Joaqu\u00edn D\u00edaz Mena destac\u00f3 la coordinaci\u00f3n entre instituciones y llam\u00f3 a no tolerar ninguna forma de violencia, incluida la crueldad contra los animales.<\/p>\n<p>Mantener a Yucat\u00e1n como un estado seguro no es un logro que se presume, sino una tarea diaria, afirm\u00f3 el Gobernador Joaqu\u00edn D\u00edaz Mena al presidir la Mesa Estatal para la Construcci\u00f3n de Paz y Seguridad en Yucat\u00e1n.<\/p>\n<p>El mandatario estatal reiter\u00f3 que preservar los niveles de seguridad en el estado es un esfuerzo compartido, por lo que agradeci\u00f3 a las instancias de los tres \u00f3rdenes de gobierno por su colaboraci\u00f3n, coordinaci\u00f3n, vigilancia y cercan\u00eda con la ciudadan\u00eda.<\/p>\n<p>\u201cComo cada semana, nos reunimos con un prop\u00f3sito muy claro: analizar con objetividad la situaci\u00f3n de seguridad en Yucat\u00e1n, evaluar los resultados y reforzar las acciones donde sea necesario. Porque mantener a Yucat\u00e1n como uno de los estados m\u00e1s seguros del pa\u00eds no es un logro que se presume, es una responsabilidad que se asume todos los d\u00edas\u201d, se\u00f1al\u00f3 D\u00edaz Mena.<\/p>\n<p>Respecto a los casos recientes de crueldad animal, el Gobernador afirm\u00f3 que en Yucat\u00e1n no hay cabida para ninguna forma de violencia, por lo que instruy\u00f3 a la Secretar\u00eda de Seguridad P\u00fablica y a la Fiscal\u00eda General del Estado a dar seguimiento puntual a las denuncias, investigar con todo rigor y aplicar las sanciones que establece la ley.<\/p>\n<p>Acompa\u00f1ado del secretario de Seguridad P\u00fablica, comandante Luis Felipe Said\u00e9n Ojeda, el titular del Ejecutivo estatal reconoci\u00f3 el trabajo de la polic\u00eda estatal por los programas de proximidad social que se implementan en colonias de M\u00e9rida con ni\u00f1as, ni\u00f1os y j\u00f3venes, promoviendo la cultura de la legalidad, la prevenci\u00f3n del delito y acercando la labor policial a la comunidad.<\/p>\n<p>En la reuni\u00f3n estuvieron el secretario general de Gobierno, Omar P\u00e9rez Avil\u00e9s; el jefe de Estado Mayor de la Novena Zona Naval en Yucat\u00e1n, contralmirante V\u00edctor Omar Mendoza Aguilar; el comandante de la 32\/a Zona Militar, general de brigada Bernardo Reginaldo Reyes Herrera; y el fiscal general del Estado, Juan Manuel Le\u00f3n Le\u00f3n.<\/p>\n<p>Asimismo, participaron el segundo comandante del 28\/o Batall\u00f3n de la Guardia Nacional en Yucat\u00e1n, teniente coronel Jaime Eliud Gonz\u00e1lez Escamilla; el secretario ejecutivo del Sistema Estatal de Seguridad P\u00fablica, Carlos Mart\u00edn Pacheco Medina; as\u00ed como representantes de diversas instancias de los tres niveles de gobierno.<\/p>\n","protected":false},"excerpt":{"rendered":"<p>&nbsp; M\u00e9rida, Yucat\u00e1n, a 16 de octubre de 2025 En la Mesa Estatal de Seguridad, Joaqu\u00edn D\u00edaz Mena destac\u00f3 la coordinaci\u00f3n entre instituciones y llam\u00f3 a no tolerar ninguna forma de violencia, incluida la crueldad contra los animales. Mantener a Yucat\u00e1n como un estado seguro no es un logro que se presume, sino una tarea [&hellip;]<\/p>\n","protected":false},"author":4,"featured_media":115996,"comment_status":"closed","ping_status":"closed","sticky":false,"template":"","format":"standard","meta":{"footnotes":""},"categories":[3],"tags":[],"class_list":{"0":"post-115995","1":"post","2":"type-post","3":"status-publish","4":"format-standard","5":"has-post-thumbnail","7":"category-yucatan"},"yoast_head":"<!-- This site is optimized with the Yoast SEO plugin v27.4 - https:\/\/yoast.com\/product\/yoast-seo-wordpress\/ -->\n<title>En Yucat\u00e1n no se tolerar\u00e1 el maltrato animal - Yucat\u00e1n en corto<\/title>\n<meta name=\"robots\" content=\"index, follow, max-snippet:-1, max-image-preview:large, max-video-preview:-1\" \/>\n<link rel=\"canonical\" href=\"https:\/\/www.yucatanencorto.com\/noticias\/en-yucatan-no-se-tolerara-el-maltrato-animal\/\" \/>\n<meta property=\"og:locale\" content=\"es_ES\" \/>\n<meta property=\"og:type\" content=\"article\" \/>\n<meta property=\"og:title\" content=\"En Yucat\u00e1n no se tolerar\u00e1 el maltrato animal - Yucat\u00e1n en corto\" \/>\n<meta property=\"og:description\" content=\"&nbsp; M\u00e9rida, Yucat\u00e1n, a 16 de octubre de 2025 En la Mesa Estatal de Seguridad, Joaqu\u00edn D\u00edaz Mena destac\u00f3 la coordinaci\u00f3n entre instituciones y llam\u00f3 a no tolerar ninguna forma de violencia, incluida la crueldad contra los animales. Mantener a Yucat\u00e1n como un estado seguro no es un logro que se presume, sino una tarea [&hellip;]\" \/>\n<meta property=\"og:url\" content=\"https:\/\/www.yucatanencorto.com\/noticias\/en-yucatan-no-se-tolerara-el-maltrato-animal\/\" \/>\n<meta property=\"og:site_name\" content=\"Yucat\u00e1n en corto\" \/>\n<meta property=\"article:publisher\" content=\"http:\/\/www.facebook.com\/yucatanencorto\" \/>\n<meta property=\"article:published_time\" content=\"2025-10-16T19:38:48+00:00\" \/>\n<meta property=\"og:image\" content=\"https:\/\/www.yucatanencorto.com\/noticias\/wp-content\/uploads\/2025\/10\/WhatsApp-Image-2025-10-16-at-12.21.00-2-scaled.jpeg\" \/>\n\t<meta property=\"og:image:width\" content=\"768\" \/>\n\t<meta property=\"og:image:height\" content=\"512\" \/>\n\t<meta property=\"og:image:type\" content=\"image\/jpeg\" \/>\n<meta name=\"author\" content=\"Yucat\u00e1n en Corto\" \/>\n<meta name=\"twitter:card\" content=\"summary_large_image\" \/>\n<meta name=\"twitter:creator\" content=\"@yucatanencorto\" \/>\n<meta name=\"twitter:site\" content=\"@yucatanencorto\" \/>\n<meta name=\"twitter:label1\" content=\"Escrito por\" \/>\n\t<meta name=\"twitter:data1\" content=\"Yucat\u00e1n en Corto\" \/>\n\t<meta name=\"twitter:label2\" content=\"Tiempo de lectura\" \/>\n\t<meta name=\"twitter:data2\" content=\"3 minutos\" \/>\n<script type=\"application\/ld+json\" class=\"yoast-schema-graph\">{\"@context\":\"https:\\\/\\\/schema.org\",\"@graph\":[{\"@type\":\"Article\",\"@id\":\"https:\\\/\\\/www.yucatanencorto.com\\\/noticias\\\/en-yucatan-no-se-tolerara-el-maltrato-animal\\\/#article\",\"isPartOf\":{\"@id\":\"https:\\\/\\\/www.yucatanencorto.com\\\/noticias\\\/en-yucatan-no-se-tolerara-el-maltrato-animal\\\/\"},\"author\":{\"name\":\"Yucat\u00e1n en Corto\",\"@id\":\"https:\\\/\\\/www.yucatanencorto.com\\\/noticias\\\/#\\\/schema\\\/person\\\/f0ec40c33447bbc0dc2d01d3006de771\"},\"headline\":\"En Yucat\u00e1n no se tolerar\u00e1 el maltrato animal\",\"datePublished\":\"2025-10-16T19:38:48+00:00\",\"mainEntityOfPage\":{\"@id\":\"https:\\\/\\\/www.yucatanencorto.com\\\/noticias\\\/en-yucatan-no-se-tolerara-el-maltrato-animal\\\/\"},\"wordCount\":447,\"image\":{\"@id\":\"https:\\\/\\\/www.yucatanencorto.com\\\/noticias\\\/en-yucatan-no-se-tolerara-el-maltrato-animal\\\/#primaryimage\"},\"thumbnailUrl\":\"https:\\\/\\\/www.yucatanencorto.com\\\/noticias\\\/wp-content\\\/uploads\\\/2025\\\/10\\\/WhatsApp-Image-2025-10-16-at-12.21.00-2-scaled.jpeg\",\"articleSection\":[\"Yucat\u00e1n\"],\"inLanguage\":\"es\"},{\"@type\":\"WebPage\",\"@id\":\"https:\\\/\\\/www.yucatanencorto.com\\\/noticias\\\/en-yucatan-no-se-tolerara-el-maltrato-animal\\\/\",\"url\":\"https:\\\/\\\/www.yucatanencorto.com\\\/noticias\\\/en-yucatan-no-se-tolerara-el-maltrato-animal\\\/\",\"name\":\"En Yucat\u00e1n no se tolerar\u00e1 el maltrato animal - Yucat\u00e1n en corto\",\"isPartOf\":{\"@id\":\"https:\\\/\\\/www.yucatanencorto.com\\\/noticias\\\/#website\"},\"primaryImageOfPage\":{\"@id\":\"https:\\\/\\\/www.yucatanencorto.com\\\/noticias\\\/en-yucatan-no-se-tolerara-el-maltrato-animal\\\/#primaryimage\"},\"image\":{\"@id\":\"https:\\\/\\\/www.yucatanencorto.com\\\/noticias\\\/en-yucatan-no-se-tolerara-el-maltrato-animal\\\/#primaryimage\"},\"thumbnailUrl\":\"https:\\\/\\\/www.yucatanencorto.com\\\/noticias\\\/wp-content\\\/uploads\\\/2025\\\/10\\\/WhatsApp-Image-2025-10-16-at-12.21.00-2-scaled.jpeg\",\"datePublished\":\"2025-10-16T19:38:48+00:00\",\"author\":{\"@id\":\"https:\\\/\\\/www.yucatanencorto.com\\\/noticias\\\/#\\\/schema\\\/person\\\/f0ec40c33447bbc0dc2d01d3006de771\"},\"breadcrumb\":{\"@id\":\"https:\\\/\\\/www.yucatanencorto.com\\\/noticias\\\/en-yucatan-no-se-tolerara-el-maltrato-animal\\\/#breadcrumb\"},\"inLanguage\":\"es\",\"potentialAction\":[{\"@type\":\"ReadAction\",\"target\":[\"https:\\\/\\\/www.yucatanencorto.com\\\/noticias\\\/en-yucatan-no-se-tolerara-el-maltrato-animal\\\/\"]}]},{\"@type\":\"ImageObject\",\"inLanguage\":\"es\",\"@id\":\"https:\\\/\\\/www.yucatanencorto.com\\\/noticias\\\/en-yucatan-no-se-tolerara-el-maltrato-animal\\\/#primaryimage\",\"url\":\"https:\\\/\\\/www.yucatanencorto.com\\\/noticias\\\/wp-content\\\/uploads\\\/2025\\\/10\\\/WhatsApp-Image-2025-10-16-at-12.21.00-2-scaled.jpeg\",\"contentUrl\":\"https:\\\/\\\/www.yucatanencorto.com\\\/noticias\\\/wp-content\\\/uploads\\\/2025\\\/10\\\/WhatsApp-Image-2025-10-16-at-12.21.00-2-scaled.jpeg\",\"width\":768,\"height\":512},{\"@type\":\"BreadcrumbList\",\"@id\":\"https:\\\/\\\/www.yucatanencorto.com\\\/noticias\\\/en-yucatan-no-se-tolerara-el-maltrato-animal\\\/#breadcrumb\",\"itemListElement\":[{\"@type\":\"ListItem\",\"position\":1,\"name\":\"Portada\",\"item\":\"https:\\\/\\\/www.yucatanencorto.com\\\/noticias\\\/\"},{\"@type\":\"ListItem\",\"position\":2,\"name\":\"En Yucat\u00e1n no se tolerar\u00e1 el maltrato animal\"}]},{\"@type\":\"WebSite\",\"@id\":\"https:\\\/\\\/www.yucatanencorto.com\\\/noticias\\\/#website\",\"url\":\"https:\\\/\\\/www.yucatanencorto.com\\\/noticias\\\/\",\"name\":\"Yucat\u00e1n en corto\",\"description\":\"Noticias\",\"potentialAction\":[{\"@type\":\"SearchAction\",\"target\":{\"@type\":\"EntryPoint\",\"urlTemplate\":\"https:\\\/\\\/www.yucatanencorto.com\\\/noticias\\\/?s={search_term_string}\"},\"query-input\":{\"@type\":\"PropertyValueSpecification\",\"valueRequired\":true,\"valueName\":\"search_term_string\"}}],\"inLanguage\":\"es\"},{\"@type\":\"Person\",\"@id\":\"https:\\\/\\\/www.yucatanencorto.com\\\/noticias\\\/#\\\/schema\\\/person\\\/f0ec40c33447bbc0dc2d01d3006de771\",\"name\":\"Yucat\u00e1n en Corto\",\"image\":{\"@type\":\"ImageObject\",\"inLanguage\":\"es\",\"@id\":\"https:\\\/\\\/secure.gravatar.com\\\/avatar\\\/20e0a6b626f38fa8e545fb3f80ce566efd790bf8877e65c3a482460cc3e0b5d1?s=96&d=mm&r=g\",\"url\":\"https:\\\/\\\/secure.gravatar.com\\\/avatar\\\/20e0a6b626f38fa8e545fb3f80ce566efd790bf8877e65c3a482460cc3e0b5d1?s=96&d=mm&r=g\",\"contentUrl\":\"https:\\\/\\\/secure.gravatar.com\\\/avatar\\\/20e0a6b626f38fa8e545fb3f80ce566efd790bf8877e65c3a482460cc3e0b5d1?s=96&d=mm&r=g\",\"caption\":\"Yucat\u00e1n en Corto\"},\"url\":\"https:\\\/\\\/www.yucatanencorto.com\\\/noticias\\\/author\\\/editor25\\\/\"}]}<\/script>\n<!-- \/ Yoast SEO plugin. -->","yoast_head_json":{"title":"En Yucat\u00e1n no se tolerar\u00e1 el maltrato animal - Yucat\u00e1n en corto","robots":{"index":"index","follow":"follow","max-snippet":"max-snippet:-1","max-image-preview":"max-image-preview:large","max-video-preview":"max-video-preview:-1"},"canonical":"https:\/\/www.yucatanencorto.com\/noticias\/en-yucatan-no-se-tolerara-el-maltrato-animal\/","og_locale":"es_ES","og_type":"article","og_title":"En Yucat\u00e1n no se tolerar\u00e1 el maltrato animal - Yucat\u00e1n en corto","og_description":"&nbsp; M\u00e9rida, Yucat\u00e1n, a 16 de octubre de 2025 En la Mesa Estatal de Seguridad, Joaqu\u00edn D\u00edaz Mena destac\u00f3 la coordinaci\u00f3n entre instituciones y llam\u00f3 a no tolerar ninguna forma de violencia, incluida la crueldad contra los animales. Mantener a Yucat\u00e1n como un estado seguro no es un logro que se presume, sino una tarea [&hellip;]","og_url":"https:\/\/www.yucatanencorto.com\/noticias\/en-yucatan-no-se-tolerara-el-maltrato-animal\/","og_site_name":"Yucat\u00e1n en corto","article_publisher":"http:\/\/www.facebook.com\/yucatanencorto","article_published_time":"2025-10-16T19:38:48+00:00","og_image":[{"width":768,"height":512,"url":"https:\/\/www.yucatanencorto.com\/noticias\/wp-content\/uploads\/2025\/10\/WhatsApp-Image-2025-10-16-at-12.21.00-2-scaled.jpeg","type":"image\/jpeg"}],"author":"Yucat\u00e1n en Corto","twitter_card":"summary_large_image","twitter_creator":"@yucatanencorto","twitter_site":"@yucatanencorto","twitter_misc":{"Escrito por":"Yucat\u00e1n en Corto","Tiempo de lectura":"3 minutos"},"schema":{"@context":"https:\/\/schema.org","@graph":[{"@type":"Article","@id":"https:\/\/www.yucatanencorto.com\/noticias\/en-yucatan-no-se-tolerara-el-maltrato-animal\/#article","isPartOf":{"@id":"https:\/\/www.yucatanencorto.com\/noticias\/en-yucatan-no-se-tolerara-el-maltrato-animal\/"},"author":{"name":"Yucat\u00e1n en Corto","@id":"https:\/\/www.yucatanencorto.com\/noticias\/#\/schema\/person\/f0ec40c33447bbc0dc2d01d3006de771"},"headline":"En Yucat\u00e1n no se tolerar\u00e1 el maltrato animal","datePublished":"2025-10-16T19:38:48+00:00","mainEntityOfPage":{"@id":"https:\/\/www.yucatanencorto.com\/noticias\/en-yucatan-no-se-tolerara-el-maltrato-animal\/"},"wordCount":447,"image":{"@id":"https:\/\/www.yucatanencorto.com\/noticias\/en-yucatan-no-se-tolerara-el-maltrato-animal\/#primaryimage"},"thumbnailUrl":"https:\/\/www.yucatanencorto.com\/noticias\/wp-content\/uploads\/2025\/10\/WhatsApp-Image-2025-10-16-at-12.21.00-2-scaled.jpeg","articleSection":["Yucat\u00e1n"],"inLanguage":"es"},{"@type":"WebPage","@id":"https:\/\/www.yucatanencorto.com\/noticias\/en-yucatan-no-se-tolerara-el-maltrato-animal\/","url":"https:\/\/www.yucatanencorto.com\/noticias\/en-yucatan-no-se-tolerara-el-maltrato-animal\/","name":"En Yucat\u00e1n no se tolerar\u00e1 el maltrato animal - Yucat\u00e1n en corto","isPartOf":{"@id":"https:\/\/www.yucatanencorto.com\/noticias\/#website"},"primaryImageOfPage":{"@id":"https:\/\/www.yucatanencorto.com\/noticias\/en-yucatan-no-se-tolerara-el-maltrato-animal\/#primaryimage"},"image":{"@id":"https:\/\/www.yucatanencorto.com\/noticias\/en-yucatan-no-se-tolerara-el-maltrato-animal\/#primaryimage"},"thumbnailUrl":"https:\/\/www.yucatanencorto.com\/noticias\/wp-content\/uploads\/2025\/10\/WhatsApp-Image-2025-10-16-at-12.21.00-2-scaled.jpeg","datePublished":"2025-10-16T19:38:48+00:00","author":{"@id":"https:\/\/www.yucatanencorto.com\/noticias\/#\/schema\/person\/f0ec40c33447bbc0dc2d01d3006de771"},"breadcrumb":{"@id":"https:\/\/www.yucatanencorto.com\/noticias\/en-yucatan-no-se-tolerara-el-maltrato-animal\/#breadcrumb"},"inLanguage":"es","potentialAction":[{"@type":"ReadAction","target":["https:\/\/www.yucatanencorto.com\/noticias\/en-yucatan-no-se-tolerara-el-maltrato-animal\/"]}]},{"@type":"ImageObject","inLanguage":"es","@id":"https:\/\/www.yucatanencorto.com\/noticias\/en-yucatan-no-se-tolerara-el-maltrato-animal\/#primaryimage","url":"https:\/\/www.yucatanencorto.com\/noticias\/wp-content\/uploads\/2025\/10\/WhatsApp-Image-2025-10-16-at-12.21.00-2-scaled.jpeg","contentUrl":"https:\/\/www.yucatanencorto.com\/noticias\/wp-content\/uploads\/2025\/10\/WhatsApp-Image-2025-10-16-at-12.21.00-2-scaled.jpeg","width":768,"height":512},{"@type":"BreadcrumbList","@id":"https:\/\/www.yucatanencorto.com\/noticias\/en-yucatan-no-se-tolerara-el-maltrato-animal\/#breadcrumb","itemListElement":[{"@type":"ListItem","position":1,"name":"Portada","item":"https:\/\/www.yucatanencorto.com\/noticias\/"},{"@type":"ListItem","position":2,"name":"En Yucat\u00e1n no se tolerar\u00e1 el maltrato animal"}]},{"@type":"WebSite","@id":"https:\/\/www.yucatanencorto.com\/noticias\/#website","url":"https:\/\/www.yucatanencorto.com\/noticias\/","name":"Yucat\u00e1n en corto","description":"Noticias","potentialAction":[{"@type":"SearchAction","target":{"@type":"EntryPoint","urlTemplate":"https:\/\/www.yucatanencorto.com\/noticias\/?s={search_term_string}"},"query-input":{"@type":"PropertyValueSpecification","valueRequired":true,"valueName":"search_term_string"}}],"inLanguage":"es"},{"@type":"Person","@id":"https:\/\/www.yucatanencorto.com\/noticias\/#\/schema\/person\/f0ec40c33447bbc0dc2d01d3006de771","name":"Yucat\u00e1n en Corto","image":{"@type":"ImageObject","inLanguage":"es","@id":"https:\/\/secure.gravatar.com\/avatar\/20e0a6b626f38fa8e545fb3f80ce566efd790bf8877e65c3a482460cc3e0b5d1?s=96&d=mm&r=g","url":"https:\/\/secure.gravatar.com\/avatar\/20e0a6b626f38fa8e545fb3f80ce566efd790bf8877e65c3a482460cc3e0b5d1?s=96&d=mm&r=g","contentUrl":"https:\/\/secure.gravatar.com\/avatar\/20e0a6b626f38fa8e545fb3f80ce566efd790bf8877e65c3a482460cc3e0b5d1?s=96&d=mm&r=g","caption":"Yucat\u00e1n en Corto"},"url":"https:\/\/www.yucatanencorto.com\/noticias\/author\/editor25\/"}]}},"_links":{"self":[{"href":"https:\/\/www.yucatanencorto.com\/noticias\/wp-json\/wp\/v2\/posts\/115995","targetHints":{"allow":["GET"]}}],"collection":[{"href":"https:\/\/www.yucatanencorto.com\/noticias\/wp-json\/wp\/v2\/posts"}],"about":[{"href":"https:\/\/www.yucatanencorto.com\/noticias\/wp-json\/wp\/v2\/types\/post"}],"author":[{"embeddable":true,"href":"https:\/\/www.yucatanencorto.com\/noticias\/wp-json\/wp\/v2\/users\/4"}],"replies":[{"embeddable":true,"href":"https:\/\/www.yucatanencorto.com\/noticias\/wp-json\/wp\/v2\/comments?post=115995"}],"version-history":[{"count":1,"href":"https:\/\/www.yucatanencorto.com\/noticias\/wp-json\/wp\/v2\/posts\/115995\/revisions"}],"predecessor-version":[{"id":115997,"href":"https:\/\/www.yucatanencorto.com\/noticias\/wp-json\/wp\/v2\/posts\/115995\/revisions\/115997"}],"wp:featuredmedia":[{"embeddable":true,"href":"https:\/\/www.yucatanencorto.com\/noticias\/wp-json\/wp\/v2\/media\/115996"}],"wp:attachment":[{"href":"https:\/\/www.yucatanencorto.com\/noticias\/wp-json\/wp\/v2\/media?parent=115995"}],"wp:term":[{"taxonomy":"category","embeddable":true,"href":"https:\/\/www.yucatanencorto.com\/noticias\/wp-json\/wp\/v2\/categories?post=115995"},{"taxonomy":"post_tag","embeddable":true,"href":"https:\/\/www.yucatanencorto.com\/noticias\/wp-json\/wp\/v2\/tags?post=115995"}],"curies":[{"name":"wp","href":"https:\/\/api.w.org\/{rel}","templated":true}]}}