{"id":115998,"date":"2025-10-16T13:48:29","date_gmt":"2025-10-16T19:48:29","guid":{"rendered":"https:\/\/www.yucatanencorto.com\/noticias\/?p=115998"},"modified":"2025-10-16T13:48:29","modified_gmt":"2025-10-16T19:48:29","slug":"se-pone-en-marcha-en-kanasin-plan-emergente-de-bacheo","status":"publish","type":"post","link":"https:\/\/www.yucatanencorto.com\/noticias\/se-pone-en-marcha-en-kanasin-plan-emergente-de-bacheo\/","title":{"rendered":"Se pone en marcha en Kanas\u00edn Plan Emergente de Bacheo"},"content":{"rendered":"<p><img loading=\"lazy\" decoding=\"async\" class=\"alignnone size-full wp-image-115999\" src=\"https:\/\/www.yucatanencorto.com\/noticias\/wp-content\/uploads\/2025\/10\/WhatsApp-Image-2025-10-16-at-13.05.13-2-scaled.jpeg\" alt=\"\" width=\"747\" height=\"768\" srcset=\"https:\/\/www.yucatanencorto.com\/noticias\/wp-content\/uploads\/2025\/10\/WhatsApp-Image-2025-10-16-at-13.05.13-2-scaled.jpeg 747w, https:\/\/www.yucatanencorto.com\/noticias\/wp-content\/uploads\/2025\/10\/WhatsApp-Image-2025-10-16-at-13.05.13-2-768x790.jpeg 768w, https:\/\/www.yucatanencorto.com\/noticias\/wp-content\/uploads\/2025\/10\/WhatsApp-Image-2025-10-16-at-13.05.13-2-150x154.jpeg 150w, https:\/\/www.yucatanencorto.com\/noticias\/wp-content\/uploads\/2025\/10\/WhatsApp-Image-2025-10-16-at-13.05.13-2-300x309.jpeg 300w, https:\/\/www.yucatanencorto.com\/noticias\/wp-content\/uploads\/2025\/10\/WhatsApp-Image-2025-10-16-at-13.05.13-2-696x716.jpeg 696w, https:\/\/www.yucatanencorto.com\/noticias\/wp-content\/uploads\/2025\/10\/WhatsApp-Image-2025-10-16-at-13.05.13-2-1068x1098.jpeg 1068w\" sizes=\"auto, (max-width: 747px) 100vw, 747px\" \/><\/p>\n<p>&nbsp;<\/p>\n<p>El alcalde Edwin Boj\u00f3rquez Ram\u00edrez anunci\u00f3 la puesta en marcha de un Plan Emergente de Bacheo para el municipio de Kanas\u00edn para las pr\u00f3ximas semanas, con el objetivo de intensificar este tipo de trabajos en beneficio de las y los kanasinenses.<\/p>\n<p>Indic\u00f3 que aument\u00f3 el n\u00famero de cuadrillas que dar\u00e1n atenci\u00f3n a este tema y para ello se han dividido los trabajos en el municipio en tres zonas: norte y sur de #Kanas\u00edn, as\u00ed como cabecera municipal.<\/p>\n<p>Subray\u00f3 que para el Ayuntamiento de Kanas\u00edn el tema de bacheo es una de sus prioridades y \u201cvamos a trabajar muy fuerte para atender el mayor n\u00famero de reportes en el municipio\u201d.<\/p>\n<p>Destac\u00f3 que las precipitaciones que cayeron recientemente no permitieron avanzar de manera adecuada, pero \u201cen estos d\u00edas, ya con buenas condiciones meteorol\u00f3gicas, hemos aumentado los trabajos de manera importante para atender vialidades en colonias, fraccionamientos y comisar\u00edas\u201d.<\/p>\n<p>Indic\u00f3 que uno de los principales objetivos de este Plan Emergente de Bacheo es mejorar la movilidad, garantizando un traslado m\u00e1s seguro para peatones y automovilistas en el municipio.<\/p>\n","protected":false},"excerpt":{"rendered":"<p>&nbsp; El alcalde Edwin Boj\u00f3rquez Ram\u00edrez anunci\u00f3 la puesta en marcha de un Plan Emergente de Bacheo para el municipio de Kanas\u00edn para las pr\u00f3ximas semanas, con el objetivo de intensificar este tipo de trabajos en beneficio de las y los kanasinenses. Indic\u00f3 que aument\u00f3 el n\u00famero de cuadrillas que dar\u00e1n atenci\u00f3n a este tema [&hellip;]<\/p>\n","protected":false},"author":4,"featured_media":115999,"comment_status":"closed","ping_status":"closed","sticky":false,"template":"","format":"standard","meta":{"footnotes":""},"categories":[3],"tags":[],"class_list":{"0":"post-115998","1":"post","2":"type-post","3":"status-publish","4":"format-standard","5":"has-post-thumbnail","7":"category-yucatan"},"yoast_head":"<!-- This site is optimized with the Yoast SEO plugin v27.4 - https:\/\/yoast.com\/product\/yoast-seo-wordpress\/ -->\n<title>Se pone en marcha en Kanas\u00edn Plan Emergente de Bacheo - Yucat\u00e1n en corto<\/title>\n<meta name=\"robots\" content=\"index, follow, max-snippet:-1, max-image-preview:large, max-video-preview:-1\" \/>\n<link rel=\"canonical\" href=\"https:\/\/www.yucatanencorto.com\/noticias\/se-pone-en-marcha-en-kanasin-plan-emergente-de-bacheo\/\" \/>\n<meta property=\"og:locale\" content=\"es_ES\" \/>\n<meta property=\"og:type\" content=\"article\" \/>\n<meta property=\"og:title\" content=\"Se pone en marcha en Kanas\u00edn Plan Emergente de Bacheo - Yucat\u00e1n en corto\" \/>\n<meta property=\"og:description\" content=\"&nbsp; El alcalde Edwin Boj\u00f3rquez Ram\u00edrez anunci\u00f3 la puesta en marcha de un Plan Emergente de Bacheo para el municipio de Kanas\u00edn para las pr\u00f3ximas semanas, con el objetivo de intensificar este tipo de trabajos en beneficio de las y los kanasinenses. Indic\u00f3 que aument\u00f3 el n\u00famero de cuadrillas que dar\u00e1n atenci\u00f3n a este tema [&hellip;]\" \/>\n<meta property=\"og:url\" content=\"https:\/\/www.yucatanencorto.com\/noticias\/se-pone-en-marcha-en-kanasin-plan-emergente-de-bacheo\/\" \/>\n<meta property=\"og:site_name\" content=\"Yucat\u00e1n en corto\" \/>\n<meta property=\"article:publisher\" content=\"http:\/\/www.facebook.com\/yucatanencorto\" \/>\n<meta property=\"article:published_time\" content=\"2025-10-16T19:48:29+00:00\" \/>\n<meta property=\"og:image\" content=\"https:\/\/www.yucatanencorto.com\/noticias\/wp-content\/uploads\/2025\/10\/WhatsApp-Image-2025-10-16-at-13.05.13-2-scaled.jpeg\" \/>\n\t<meta property=\"og:image:width\" content=\"747\" \/>\n\t<meta property=\"og:image:height\" content=\"768\" \/>\n\t<meta property=\"og:image:type\" content=\"image\/jpeg\" \/>\n<meta name=\"author\" content=\"Yucat\u00e1n en Corto\" \/>\n<meta name=\"twitter:card\" content=\"summary_large_image\" \/>\n<meta name=\"twitter:creator\" content=\"@yucatanencorto\" \/>\n<meta name=\"twitter:site\" content=\"@yucatanencorto\" \/>\n<meta name=\"twitter:label1\" content=\"Escrito por\" \/>\n\t<meta name=\"twitter:data1\" content=\"Yucat\u00e1n en Corto\" \/>\n\t<meta name=\"twitter:label2\" content=\"Tiempo de lectura\" \/>\n\t<meta name=\"twitter:data2\" content=\"2 minutos\" \/>\n<script type=\"application\/ld+json\" class=\"yoast-schema-graph\">{\"@context\":\"https:\\\/\\\/schema.org\",\"@graph\":[{\"@type\":\"Article\",\"@id\":\"https:\\\/\\\/www.yucatanencorto.com\\\/noticias\\\/se-pone-en-marcha-en-kanasin-plan-emergente-de-bacheo\\\/#article\",\"isPartOf\":{\"@id\":\"https:\\\/\\\/www.yucatanencorto.com\\\/noticias\\\/se-pone-en-marcha-en-kanasin-plan-emergente-de-bacheo\\\/\"},\"author\":{\"name\":\"Yucat\u00e1n en Corto\",\"@id\":\"https:\\\/\\\/www.yucatanencorto.com\\\/noticias\\\/#\\\/schema\\\/person\\\/f0ec40c33447bbc0dc2d01d3006de771\"},\"headline\":\"Se pone en marcha en Kanas\u00edn Plan Emergente de Bacheo\",\"datePublished\":\"2025-10-16T19:48:29+00:00\",\"mainEntityOfPage\":{\"@id\":\"https:\\\/\\\/www.yucatanencorto.com\\\/noticias\\\/se-pone-en-marcha-en-kanasin-plan-emergente-de-bacheo\\\/\"},\"wordCount\":201,\"image\":{\"@id\":\"https:\\\/\\\/www.yucatanencorto.com\\\/noticias\\\/se-pone-en-marcha-en-kanasin-plan-emergente-de-bacheo\\\/#primaryimage\"},\"thumbnailUrl\":\"https:\\\/\\\/www.yucatanencorto.com\\\/noticias\\\/wp-content\\\/uploads\\\/2025\\\/10\\\/WhatsApp-Image-2025-10-16-at-13.05.13-2-scaled.jpeg\",\"articleSection\":[\"Yucat\u00e1n\"],\"inLanguage\":\"es\"},{\"@type\":\"WebPage\",\"@id\":\"https:\\\/\\\/www.yucatanencorto.com\\\/noticias\\\/se-pone-en-marcha-en-kanasin-plan-emergente-de-bacheo\\\/\",\"url\":\"https:\\\/\\\/www.yucatanencorto.com\\\/noticias\\\/se-pone-en-marcha-en-kanasin-plan-emergente-de-bacheo\\\/\",\"name\":\"Se pone en marcha en Kanas\u00edn Plan Emergente de Bacheo - Yucat\u00e1n en corto\",\"isPartOf\":{\"@id\":\"https:\\\/\\\/www.yucatanencorto.com\\\/noticias\\\/#website\"},\"primaryImageOfPage\":{\"@id\":\"https:\\\/\\\/www.yucatanencorto.com\\\/noticias\\\/se-pone-en-marcha-en-kanasin-plan-emergente-de-bacheo\\\/#primaryimage\"},\"image\":{\"@id\":\"https:\\\/\\\/www.yucatanencorto.com\\\/noticias\\\/se-pone-en-marcha-en-kanasin-plan-emergente-de-bacheo\\\/#primaryimage\"},\"thumbnailUrl\":\"https:\\\/\\\/www.yucatanencorto.com\\\/noticias\\\/wp-content\\\/uploads\\\/2025\\\/10\\\/WhatsApp-Image-2025-10-16-at-13.05.13-2-scaled.jpeg\",\"datePublished\":\"2025-10-16T19:48:29+00:00\",\"author\":{\"@id\":\"https:\\\/\\\/www.yucatanencorto.com\\\/noticias\\\/#\\\/schema\\\/person\\\/f0ec40c33447bbc0dc2d01d3006de771\"},\"breadcrumb\":{\"@id\":\"https:\\\/\\\/www.yucatanencorto.com\\\/noticias\\\/se-pone-en-marcha-en-kanasin-plan-emergente-de-bacheo\\\/#breadcrumb\"},\"inLanguage\":\"es\",\"potentialAction\":[{\"@type\":\"ReadAction\",\"target\":[\"https:\\\/\\\/www.yucatanencorto.com\\\/noticias\\\/se-pone-en-marcha-en-kanasin-plan-emergente-de-bacheo\\\/\"]}]},{\"@type\":\"ImageObject\",\"inLanguage\":\"es\",\"@id\":\"https:\\\/\\\/www.yucatanencorto.com\\\/noticias\\\/se-pone-en-marcha-en-kanasin-plan-emergente-de-bacheo\\\/#primaryimage\",\"url\":\"https:\\\/\\\/www.yucatanencorto.com\\\/noticias\\\/wp-content\\\/uploads\\\/2025\\\/10\\\/WhatsApp-Image-2025-10-16-at-13.05.13-2-scaled.jpeg\",\"contentUrl\":\"https:\\\/\\\/www.yucatanencorto.com\\\/noticias\\\/wp-content\\\/uploads\\\/2025\\\/10\\\/WhatsApp-Image-2025-10-16-at-13.05.13-2-scaled.jpeg\",\"width\":747,\"height\":768},{\"@type\":\"BreadcrumbList\",\"@id\":\"https:\\\/\\\/www.yucatanencorto.com\\\/noticias\\\/se-pone-en-marcha-en-kanasin-plan-emergente-de-bacheo\\\/#breadcrumb\",\"itemListElement\":[{\"@type\":\"ListItem\",\"position\":1,\"name\":\"Portada\",\"item\":\"https:\\\/\\\/www.yucatanencorto.com\\\/noticias\\\/\"},{\"@type\":\"ListItem\",\"position\":2,\"name\":\"Se pone en marcha en Kanas\u00edn Plan Emergente de Bacheo\"}]},{\"@type\":\"WebSite\",\"@id\":\"https:\\\/\\\/www.yucatanencorto.com\\\/noticias\\\/#website\",\"url\":\"https:\\\/\\\/www.yucatanencorto.com\\\/noticias\\\/\",\"name\":\"Yucat\u00e1n en corto\",\"description\":\"Noticias\",\"potentialAction\":[{\"@type\":\"SearchAction\",\"target\":{\"@type\":\"EntryPoint\",\"urlTemplate\":\"https:\\\/\\\/www.yucatanencorto.com\\\/noticias\\\/?s={search_term_string}\"},\"query-input\":{\"@type\":\"PropertyValueSpecification\",\"valueRequired\":true,\"valueName\":\"search_term_string\"}}],\"inLanguage\":\"es\"},{\"@type\":\"Person\",\"@id\":\"https:\\\/\\\/www.yucatanencorto.com\\\/noticias\\\/#\\\/schema\\\/person\\\/f0ec40c33447bbc0dc2d01d3006de771\",\"name\":\"Yucat\u00e1n en Corto\",\"image\":{\"@type\":\"ImageObject\",\"inLanguage\":\"es\",\"@id\":\"https:\\\/\\\/secure.gravatar.com\\\/avatar\\\/20e0a6b626f38fa8e545fb3f80ce566efd790bf8877e65c3a482460cc3e0b5d1?s=96&d=mm&r=g\",\"url\":\"https:\\\/\\\/secure.gravatar.com\\\/avatar\\\/20e0a6b626f38fa8e545fb3f80ce566efd790bf8877e65c3a482460cc3e0b5d1?s=96&d=mm&r=g\",\"contentUrl\":\"https:\\\/\\\/secure.gravatar.com\\\/avatar\\\/20e0a6b626f38fa8e545fb3f80ce566efd790bf8877e65c3a482460cc3e0b5d1?s=96&d=mm&r=g\",\"caption\":\"Yucat\u00e1n en Corto\"},\"url\":\"https:\\\/\\\/www.yucatanencorto.com\\\/noticias\\\/author\\\/editor25\\\/\"}]}<\/script>\n<!-- \/ Yoast SEO plugin. -->","yoast_head_json":{"title":"Se pone en marcha en Kanas\u00edn Plan Emergente de Bacheo - Yucat\u00e1n en corto","robots":{"index":"index","follow":"follow","max-snippet":"max-snippet:-1","max-image-preview":"max-image-preview:large","max-video-preview":"max-video-preview:-1"},"canonical":"https:\/\/www.yucatanencorto.com\/noticias\/se-pone-en-marcha-en-kanasin-plan-emergente-de-bacheo\/","og_locale":"es_ES","og_type":"article","og_title":"Se pone en marcha en Kanas\u00edn Plan Emergente de Bacheo - Yucat\u00e1n en corto","og_description":"&nbsp; El alcalde Edwin Boj\u00f3rquez Ram\u00edrez anunci\u00f3 la puesta en marcha de un Plan Emergente de Bacheo para el municipio de Kanas\u00edn para las pr\u00f3ximas semanas, con el objetivo de intensificar este tipo de trabajos en beneficio de las y los kanasinenses. Indic\u00f3 que aument\u00f3 el n\u00famero de cuadrillas que dar\u00e1n atenci\u00f3n a este tema [&hellip;]","og_url":"https:\/\/www.yucatanencorto.com\/noticias\/se-pone-en-marcha-en-kanasin-plan-emergente-de-bacheo\/","og_site_name":"Yucat\u00e1n en corto","article_publisher":"http:\/\/www.facebook.com\/yucatanencorto","article_published_time":"2025-10-16T19:48:29+00:00","og_image":[{"width":747,"height":768,"url":"https:\/\/www.yucatanencorto.com\/noticias\/wp-content\/uploads\/2025\/10\/WhatsApp-Image-2025-10-16-at-13.05.13-2-scaled.jpeg","type":"image\/jpeg"}],"author":"Yucat\u00e1n en Corto","twitter_card":"summary_large_image","twitter_creator":"@yucatanencorto","twitter_site":"@yucatanencorto","twitter_misc":{"Escrito por":"Yucat\u00e1n en Corto","Tiempo de lectura":"2 minutos"},"schema":{"@context":"https:\/\/schema.org","@graph":[{"@type":"Article","@id":"https:\/\/www.yucatanencorto.com\/noticias\/se-pone-en-marcha-en-kanasin-plan-emergente-de-bacheo\/#article","isPartOf":{"@id":"https:\/\/www.yucatanencorto.com\/noticias\/se-pone-en-marcha-en-kanasin-plan-emergente-de-bacheo\/"},"author":{"name":"Yucat\u00e1n en Corto","@id":"https:\/\/www.yucatanencorto.com\/noticias\/#\/schema\/person\/f0ec40c33447bbc0dc2d01d3006de771"},"headline":"Se pone en marcha en Kanas\u00edn Plan Emergente de Bacheo","datePublished":"2025-10-16T19:48:29+00:00","mainEntityOfPage":{"@id":"https:\/\/www.yucatanencorto.com\/noticias\/se-pone-en-marcha-en-kanasin-plan-emergente-de-bacheo\/"},"wordCount":201,"image":{"@id":"https:\/\/www.yucatanencorto.com\/noticias\/se-pone-en-marcha-en-kanasin-plan-emergente-de-bacheo\/#primaryimage"},"thumbnailUrl":"https:\/\/www.yucatanencorto.com\/noticias\/wp-content\/uploads\/2025\/10\/WhatsApp-Image-2025-10-16-at-13.05.13-2-scaled.jpeg","articleSection":["Yucat\u00e1n"],"inLanguage":"es"},{"@type":"WebPage","@id":"https:\/\/www.yucatanencorto.com\/noticias\/se-pone-en-marcha-en-kanasin-plan-emergente-de-bacheo\/","url":"https:\/\/www.yucatanencorto.com\/noticias\/se-pone-en-marcha-en-kanasin-plan-emergente-de-bacheo\/","name":"Se pone en marcha en Kanas\u00edn Plan Emergente de Bacheo - Yucat\u00e1n en corto","isPartOf":{"@id":"https:\/\/www.yucatanencorto.com\/noticias\/#website"},"primaryImageOfPage":{"@id":"https:\/\/www.yucatanencorto.com\/noticias\/se-pone-en-marcha-en-kanasin-plan-emergente-de-bacheo\/#primaryimage"},"image":{"@id":"https:\/\/www.yucatanencorto.com\/noticias\/se-pone-en-marcha-en-kanasin-plan-emergente-de-bacheo\/#primaryimage"},"thumbnailUrl":"https:\/\/www.yucatanencorto.com\/noticias\/wp-content\/uploads\/2025\/10\/WhatsApp-Image-2025-10-16-at-13.05.13-2-scaled.jpeg","datePublished":"2025-10-16T19:48:29+00:00","author":{"@id":"https:\/\/www.yucatanencorto.com\/noticias\/#\/schema\/person\/f0ec40c33447bbc0dc2d01d3006de771"},"breadcrumb":{"@id":"https:\/\/www.yucatanencorto.com\/noticias\/se-pone-en-marcha-en-kanasin-plan-emergente-de-bacheo\/#breadcrumb"},"inLanguage":"es","potentialAction":[{"@type":"ReadAction","target":["https:\/\/www.yucatanencorto.com\/noticias\/se-pone-en-marcha-en-kanasin-plan-emergente-de-bacheo\/"]}]},{"@type":"ImageObject","inLanguage":"es","@id":"https:\/\/www.yucatanencorto.com\/noticias\/se-pone-en-marcha-en-kanasin-plan-emergente-de-bacheo\/#primaryimage","url":"https:\/\/www.yucatanencorto.com\/noticias\/wp-content\/uploads\/2025\/10\/WhatsApp-Image-2025-10-16-at-13.05.13-2-scaled.jpeg","contentUrl":"https:\/\/www.yucatanencorto.com\/noticias\/wp-content\/uploads\/2025\/10\/WhatsApp-Image-2025-10-16-at-13.05.13-2-scaled.jpeg","width":747,"height":768},{"@type":"BreadcrumbList","@id":"https:\/\/www.yucatanencorto.com\/noticias\/se-pone-en-marcha-en-kanasin-plan-emergente-de-bacheo\/#breadcrumb","itemListElement":[{"@type":"ListItem","position":1,"name":"Portada","item":"https:\/\/www.yucatanencorto.com\/noticias\/"},{"@type":"ListItem","position":2,"name":"Se pone en marcha en Kanas\u00edn Plan Emergente de Bacheo"}]},{"@type":"WebSite","@id":"https:\/\/www.yucatanencorto.com\/noticias\/#website","url":"https:\/\/www.yucatanencorto.com\/noticias\/","name":"Yucat\u00e1n en corto","description":"Noticias","potentialAction":[{"@type":"SearchAction","target":{"@type":"EntryPoint","urlTemplate":"https:\/\/www.yucatanencorto.com\/noticias\/?s={search_term_string}"},"query-input":{"@type":"PropertyValueSpecification","valueRequired":true,"valueName":"search_term_string"}}],"inLanguage":"es"},{"@type":"Person","@id":"https:\/\/www.yucatanencorto.com\/noticias\/#\/schema\/person\/f0ec40c33447bbc0dc2d01d3006de771","name":"Yucat\u00e1n en Corto","image":{"@type":"ImageObject","inLanguage":"es","@id":"https:\/\/secure.gravatar.com\/avatar\/20e0a6b626f38fa8e545fb3f80ce566efd790bf8877e65c3a482460cc3e0b5d1?s=96&d=mm&r=g","url":"https:\/\/secure.gravatar.com\/avatar\/20e0a6b626f38fa8e545fb3f80ce566efd790bf8877e65c3a482460cc3e0b5d1?s=96&d=mm&r=g","contentUrl":"https:\/\/secure.gravatar.com\/avatar\/20e0a6b626f38fa8e545fb3f80ce566efd790bf8877e65c3a482460cc3e0b5d1?s=96&d=mm&r=g","caption":"Yucat\u00e1n en Corto"},"url":"https:\/\/www.yucatanencorto.com\/noticias\/author\/editor25\/"}]}},"_links":{"self":[{"href":"https:\/\/www.yucatanencorto.com\/noticias\/wp-json\/wp\/v2\/posts\/115998","targetHints":{"allow":["GET"]}}],"collection":[{"href":"https:\/\/www.yucatanencorto.com\/noticias\/wp-json\/wp\/v2\/posts"}],"about":[{"href":"https:\/\/www.yucatanencorto.com\/noticias\/wp-json\/wp\/v2\/types\/post"}],"author":[{"embeddable":true,"href":"https:\/\/www.yucatanencorto.com\/noticias\/wp-json\/wp\/v2\/users\/4"}],"replies":[{"embeddable":true,"href":"https:\/\/www.yucatanencorto.com\/noticias\/wp-json\/wp\/v2\/comments?post=115998"}],"version-history":[{"count":1,"href":"https:\/\/www.yucatanencorto.com\/noticias\/wp-json\/wp\/v2\/posts\/115998\/revisions"}],"predecessor-version":[{"id":116000,"href":"https:\/\/www.yucatanencorto.com\/noticias\/wp-json\/wp\/v2\/posts\/115998\/revisions\/116000"}],"wp:featuredmedia":[{"embeddable":true,"href":"https:\/\/www.yucatanencorto.com\/noticias\/wp-json\/wp\/v2\/media\/115999"}],"wp:attachment":[{"href":"https:\/\/www.yucatanencorto.com\/noticias\/wp-json\/wp\/v2\/media?parent=115998"}],"wp:term":[{"taxonomy":"category","embeddable":true,"href":"https:\/\/www.yucatanencorto.com\/noticias\/wp-json\/wp\/v2\/categories?post=115998"},{"taxonomy":"post_tag","embeddable":true,"href":"https:\/\/www.yucatanencorto.com\/noticias\/wp-json\/wp\/v2\/tags?post=115998"}],"curies":[{"name":"wp","href":"https:\/\/api.w.org\/{rel}","templated":true}]}}