{"id":116032,"date":"2025-10-22T18:19:09","date_gmt":"2025-10-23T00:19:09","guid":{"rendered":"https:\/\/www.yucatanencorto.com\/noticias\/?p=116032"},"modified":"2025-10-22T18:19:09","modified_gmt":"2025-10-23T00:19:09","slug":"envian-mas-de-10-toneladas-de-ayuda-humanitaria-parten-rumbo-a-veracruz-para-apoyar-a-las-familias-damnificadas","status":"publish","type":"post","link":"https:\/\/www.yucatanencorto.com\/noticias\/envian-mas-de-10-toneladas-de-ayuda-humanitaria-parten-rumbo-a-veracruz-para-apoyar-a-las-familias-damnificadas\/","title":{"rendered":"Env\u00edan m\u00e1s de 10 toneladas de ayuda humanitaria parten rumbo a Veracruz para apoyar a las familias damnificadas."},"content":{"rendered":"<p><img loading=\"lazy\" decoding=\"async\" class=\"alignnone size-full wp-image-116033\" src=\"https:\/\/www.yucatanencorto.com\/noticias\/wp-content\/uploads\/2025\/10\/WhatsApp-Image-2025-10-22-at-17.01.01-3-scaled.jpeg\" alt=\"\" width=\"768\" height=\"512\" srcset=\"https:\/\/www.yucatanencorto.com\/noticias\/wp-content\/uploads\/2025\/10\/WhatsApp-Image-2025-10-22-at-17.01.01-3-scaled.jpeg 768w, https:\/\/www.yucatanencorto.com\/noticias\/wp-content\/uploads\/2025\/10\/WhatsApp-Image-2025-10-22-at-17.01.01-3-150x100.jpeg 150w, https:\/\/www.yucatanencorto.com\/noticias\/wp-content\/uploads\/2025\/10\/WhatsApp-Image-2025-10-22-at-17.01.01-3-300x200.jpeg 300w, https:\/\/www.yucatanencorto.com\/noticias\/wp-content\/uploads\/2025\/10\/WhatsApp-Image-2025-10-22-at-17.01.01-3-696x464.jpeg 696w, https:\/\/www.yucatanencorto.com\/noticias\/wp-content\/uploads\/2025\/10\/WhatsApp-Image-2025-10-22-at-17.01.01-3-1068x713.jpeg 1068w\" sizes=\"auto, (max-width: 768px) 100vw, 768px\" \/><\/p>\n<p>M\u00e9rida, Yucat\u00e1n, mi\u00e9rcoles 22 de octubre de 2025.- Muestra de la solidaridad que caracteriza a las y los meridanos, el Ayuntamiento de M\u00e9rida que encabeza la presidenta municipal Cecilia Patr\u00f3n Laviada reuni\u00f3 10 toneladas de v\u00edveres y art\u00edculos de primera necesidad para apoyar a las familias damnificadas por las inundaciones en varias comunidades de Veracruz.<\/p>\n<p>La convocatoria tuvo alta respuesta de la comunidad meridana, incluyendo escuelas, universidades, asociaciones civiles y religiosas, que aportaron de manera generosa ropa, art\u00edculos de higiene personal, alimentos no perecederos, agua y alimento para mascotas.<\/p>\n<p>\u201cDesde que iniciamos el nuevo estilo de gobernar M\u00e9rida, nos comprometimos a mejorar la vida de la gente y a priorizar su bienestar en todo momento. Gobernamos con sensibilidad, empat\u00eda y solidaridad, dirigiendo nuestras acciones a quienes m\u00e1s necesitan nuestra ayuda y en esta ocasi\u00f3n nos unimos en torno a nuestros compatriotas de Veracruz\u201d, afirm\u00f3 la alcaldesa.<\/p>\n<p>Cecilia Patr\u00f3n, inform\u00f3 que el env\u00edo de ayuda se lleva a cabo en colaboraci\u00f3n con Aliarse por Yucat\u00e1n, ADO y Aliarse por Veracruz, como parte de la red Aliarse por M\u00e9xico, que impulsa la responsabilidad social empresarial para crear entornos m\u00e1s justos, solidarios y dignos para todos.<\/p>\n<p>La alcaldesa expres\u00f3 su agradecimiento a la comunidad meridana por su solidaridad y colaboraci\u00f3n, enfatizando que su respuesta demuestra que en M\u00e9rida la calidez es una cualidad que se vive y se comparte, fortaleciendo los lazos de unidad y apoyo.<\/p>\n<p>\u201cEntendemos el dolor que conlleva la p\u00e9rdida a la que se han enfrentado quienes resultaron afectados, perdieron sus casas, e incluso perdieron a seres queridos y animalitos de compa\u00f1\u00eda. A todas y todos, les extendemos un abrazo solidario, queremos que sepan que no est\u00e1n solas ni solos. M\u00e9rida est\u00e1 con ustedes\u201d, expres\u00f3.<\/p>\n<p>Agreg\u00f3 que camiones de la empresa ADO cargados con ayuda humanitaria partir\u00e1n hoy mismo rumbo a Veracruz para entregar estos apoyos a las familias damnificadas.<\/p>\n<p>Como se recordar\u00e1, el Ayuntamiento de M\u00e9rida instal\u00f3 el centro de acopio en el m\u00f3dulo de Atenci\u00f3n Ciudadana, ubicado en los bajos del Palacio Municipal, para apoyar a las familias afectadas por las intensas lluvias y severas inundaciones en el estado de Veracruz.<\/p>\n<p>Entre lo recolectado est\u00e1 agua, alimentos no perecederos y art\u00edculos de limpieza e higiene personal, como ropa, pa\u00f1ales, medicinas, alimento para mascotas, toallas femeninas, jab\u00f3n neutro, pasta dental y leche en polvo.<\/p>\n<p>La ayuda se enviar\u00e1 a los poblados de Poza Rica, \u00c1lamo Temapache, Espinal, El Higo, Zontecomatl\u00e1n, Papantla, Guti\u00e9rrez Zamora y Coyutla.<\/p>\n<p>\u201cHoy, nuestras hermanas y hermanos de Veracruz se encuentran en una situaci\u00f3n muy vulnerable que requiere de nuestro total apoyo. C\u00f3mo Ayuntamiento aliado de la gente, ayudamos a quienes fueron afectados por las inundaciones\u201d, concluy\u00f3 la presidenta municipal.<\/p>\n","protected":false},"excerpt":{"rendered":"<p>M\u00e9rida, Yucat\u00e1n, mi\u00e9rcoles 22 de octubre de 2025.- Muestra de la solidaridad que caracteriza a las y los meridanos, el Ayuntamiento de M\u00e9rida que encabeza la presidenta municipal Cecilia Patr\u00f3n Laviada reuni\u00f3 10 toneladas de v\u00edveres y art\u00edculos de primera necesidad para apoyar a las familias damnificadas por las inundaciones en varias comunidades de Veracruz. [&hellip;]<\/p>\n","protected":false},"author":4,"featured_media":116033,"comment_status":"closed","ping_status":"closed","sticky":false,"template":"","format":"standard","meta":{"footnotes":""},"categories":[2],"tags":[],"class_list":{"0":"post-116032","1":"post","2":"type-post","3":"status-publish","4":"format-standard","5":"has-post-thumbnail","7":"category-merida"},"yoast_head":"<!-- This site is optimized with the Yoast SEO plugin v27.4 - https:\/\/yoast.com\/product\/yoast-seo-wordpress\/ -->\n<title>Env\u00edan m\u00e1s de 10 toneladas de ayuda humanitaria parten rumbo a Veracruz para apoyar a las familias damnificadas. - Yucat\u00e1n en corto<\/title>\n<meta name=\"robots\" content=\"index, follow, max-snippet:-1, max-image-preview:large, max-video-preview:-1\" \/>\n<link rel=\"canonical\" href=\"https:\/\/www.yucatanencorto.com\/noticias\/envian-mas-de-10-toneladas-de-ayuda-humanitaria-parten-rumbo-a-veracruz-para-apoyar-a-las-familias-damnificadas\/\" \/>\n<meta property=\"og:locale\" content=\"es_ES\" \/>\n<meta property=\"og:type\" content=\"article\" \/>\n<meta property=\"og:title\" content=\"Env\u00edan m\u00e1s de 10 toneladas de ayuda humanitaria parten rumbo a Veracruz para apoyar a las familias damnificadas. - Yucat\u00e1n en corto\" \/>\n<meta property=\"og:description\" content=\"M\u00e9rida, Yucat\u00e1n, mi\u00e9rcoles 22 de octubre de 2025.- Muestra de la solidaridad que caracteriza a las y los meridanos, el Ayuntamiento de M\u00e9rida que encabeza la presidenta municipal Cecilia Patr\u00f3n Laviada reuni\u00f3 10 toneladas de v\u00edveres y art\u00edculos de primera necesidad para apoyar a las familias damnificadas por las inundaciones en varias comunidades de Veracruz. [&hellip;]\" \/>\n<meta property=\"og:url\" content=\"https:\/\/www.yucatanencorto.com\/noticias\/envian-mas-de-10-toneladas-de-ayuda-humanitaria-parten-rumbo-a-veracruz-para-apoyar-a-las-familias-damnificadas\/\" \/>\n<meta property=\"og:site_name\" content=\"Yucat\u00e1n en corto\" \/>\n<meta property=\"article:publisher\" content=\"http:\/\/www.facebook.com\/yucatanencorto\" \/>\n<meta property=\"article:published_time\" content=\"2025-10-23T00:19:09+00:00\" \/>\n<meta property=\"og:image\" content=\"https:\/\/www.yucatanencorto.com\/noticias\/wp-content\/uploads\/2025\/10\/WhatsApp-Image-2025-10-22-at-17.01.01-3-scaled.jpeg\" \/>\n\t<meta property=\"og:image:width\" content=\"768\" \/>\n\t<meta property=\"og:image:height\" content=\"512\" \/>\n\t<meta property=\"og:image:type\" content=\"image\/jpeg\" \/>\n<meta name=\"author\" content=\"Yucat\u00e1n en Corto\" \/>\n<meta name=\"twitter:card\" content=\"summary_large_image\" \/>\n<meta name=\"twitter:creator\" content=\"@yucatanencorto\" \/>\n<meta name=\"twitter:site\" content=\"@yucatanencorto\" \/>\n<meta name=\"twitter:label1\" content=\"Escrito por\" \/>\n\t<meta name=\"twitter:data1\" content=\"Yucat\u00e1n en Corto\" \/>\n\t<meta name=\"twitter:label2\" content=\"Tiempo de lectura\" \/>\n\t<meta name=\"twitter:data2\" content=\"3 minutos\" \/>\n<script type=\"application\/ld+json\" class=\"yoast-schema-graph\">{\"@context\":\"https:\\\/\\\/schema.org\",\"@graph\":[{\"@type\":\"Article\",\"@id\":\"https:\\\/\\\/www.yucatanencorto.com\\\/noticias\\\/envian-mas-de-10-toneladas-de-ayuda-humanitaria-parten-rumbo-a-veracruz-para-apoyar-a-las-familias-damnificadas\\\/#article\",\"isPartOf\":{\"@id\":\"https:\\\/\\\/www.yucatanencorto.com\\\/noticias\\\/envian-mas-de-10-toneladas-de-ayuda-humanitaria-parten-rumbo-a-veracruz-para-apoyar-a-las-familias-damnificadas\\\/\"},\"author\":{\"name\":\"Yucat\u00e1n en Corto\",\"@id\":\"https:\\\/\\\/www.yucatanencorto.com\\\/noticias\\\/#\\\/schema\\\/person\\\/f0ec40c33447bbc0dc2d01d3006de771\"},\"headline\":\"Env\u00edan m\u00e1s de 10 toneladas de ayuda humanitaria parten rumbo a Veracruz para apoyar a las familias damnificadas.\",\"datePublished\":\"2025-10-23T00:19:09+00:00\",\"mainEntityOfPage\":{\"@id\":\"https:\\\/\\\/www.yucatanencorto.com\\\/noticias\\\/envian-mas-de-10-toneladas-de-ayuda-humanitaria-parten-rumbo-a-veracruz-para-apoyar-a-las-familias-damnificadas\\\/\"},\"wordCount\":496,\"image\":{\"@id\":\"https:\\\/\\\/www.yucatanencorto.com\\\/noticias\\\/envian-mas-de-10-toneladas-de-ayuda-humanitaria-parten-rumbo-a-veracruz-para-apoyar-a-las-familias-damnificadas\\\/#primaryimage\"},\"thumbnailUrl\":\"https:\\\/\\\/www.yucatanencorto.com\\\/noticias\\\/wp-content\\\/uploads\\\/2025\\\/10\\\/WhatsApp-Image-2025-10-22-at-17.01.01-3-scaled.jpeg\",\"articleSection\":[\"M\u00e9rida\"],\"inLanguage\":\"es\"},{\"@type\":\"WebPage\",\"@id\":\"https:\\\/\\\/www.yucatanencorto.com\\\/noticias\\\/envian-mas-de-10-toneladas-de-ayuda-humanitaria-parten-rumbo-a-veracruz-para-apoyar-a-las-familias-damnificadas\\\/\",\"url\":\"https:\\\/\\\/www.yucatanencorto.com\\\/noticias\\\/envian-mas-de-10-toneladas-de-ayuda-humanitaria-parten-rumbo-a-veracruz-para-apoyar-a-las-familias-damnificadas\\\/\",\"name\":\"Env\u00edan m\u00e1s de 10 toneladas de ayuda humanitaria parten rumbo a Veracruz para apoyar a las familias damnificadas. - Yucat\u00e1n en corto\",\"isPartOf\":{\"@id\":\"https:\\\/\\\/www.yucatanencorto.com\\\/noticias\\\/#website\"},\"primaryImageOfPage\":{\"@id\":\"https:\\\/\\\/www.yucatanencorto.com\\\/noticias\\\/envian-mas-de-10-toneladas-de-ayuda-humanitaria-parten-rumbo-a-veracruz-para-apoyar-a-las-familias-damnificadas\\\/#primaryimage\"},\"image\":{\"@id\":\"https:\\\/\\\/www.yucatanencorto.com\\\/noticias\\\/envian-mas-de-10-toneladas-de-ayuda-humanitaria-parten-rumbo-a-veracruz-para-apoyar-a-las-familias-damnificadas\\\/#primaryimage\"},\"thumbnailUrl\":\"https:\\\/\\\/www.yucatanencorto.com\\\/noticias\\\/wp-content\\\/uploads\\\/2025\\\/10\\\/WhatsApp-Image-2025-10-22-at-17.01.01-3-scaled.jpeg\",\"datePublished\":\"2025-10-23T00:19:09+00:00\",\"author\":{\"@id\":\"https:\\\/\\\/www.yucatanencorto.com\\\/noticias\\\/#\\\/schema\\\/person\\\/f0ec40c33447bbc0dc2d01d3006de771\"},\"breadcrumb\":{\"@id\":\"https:\\\/\\\/www.yucatanencorto.com\\\/noticias\\\/envian-mas-de-10-toneladas-de-ayuda-humanitaria-parten-rumbo-a-veracruz-para-apoyar-a-las-familias-damnificadas\\\/#breadcrumb\"},\"inLanguage\":\"es\",\"potentialAction\":[{\"@type\":\"ReadAction\",\"target\":[\"https:\\\/\\\/www.yucatanencorto.com\\\/noticias\\\/envian-mas-de-10-toneladas-de-ayuda-humanitaria-parten-rumbo-a-veracruz-para-apoyar-a-las-familias-damnificadas\\\/\"]}]},{\"@type\":\"ImageObject\",\"inLanguage\":\"es\",\"@id\":\"https:\\\/\\\/www.yucatanencorto.com\\\/noticias\\\/envian-mas-de-10-toneladas-de-ayuda-humanitaria-parten-rumbo-a-veracruz-para-apoyar-a-las-familias-damnificadas\\\/#primaryimage\",\"url\":\"https:\\\/\\\/www.yucatanencorto.com\\\/noticias\\\/wp-content\\\/uploads\\\/2025\\\/10\\\/WhatsApp-Image-2025-10-22-at-17.01.01-3-scaled.jpeg\",\"contentUrl\":\"https:\\\/\\\/www.yucatanencorto.com\\\/noticias\\\/wp-content\\\/uploads\\\/2025\\\/10\\\/WhatsApp-Image-2025-10-22-at-17.01.01-3-scaled.jpeg\",\"width\":768,\"height\":512},{\"@type\":\"BreadcrumbList\",\"@id\":\"https:\\\/\\\/www.yucatanencorto.com\\\/noticias\\\/envian-mas-de-10-toneladas-de-ayuda-humanitaria-parten-rumbo-a-veracruz-para-apoyar-a-las-familias-damnificadas\\\/#breadcrumb\",\"itemListElement\":[{\"@type\":\"ListItem\",\"position\":1,\"name\":\"Portada\",\"item\":\"https:\\\/\\\/www.yucatanencorto.com\\\/noticias\\\/\"},{\"@type\":\"ListItem\",\"position\":2,\"name\":\"Env\u00edan m\u00e1s de 10 toneladas de ayuda humanitaria parten rumbo a Veracruz para apoyar a las familias damnificadas.\"}]},{\"@type\":\"WebSite\",\"@id\":\"https:\\\/\\\/www.yucatanencorto.com\\\/noticias\\\/#website\",\"url\":\"https:\\\/\\\/www.yucatanencorto.com\\\/noticias\\\/\",\"name\":\"Yucat\u00e1n en corto\",\"description\":\"Noticias\",\"potentialAction\":[{\"@type\":\"SearchAction\",\"target\":{\"@type\":\"EntryPoint\",\"urlTemplate\":\"https:\\\/\\\/www.yucatanencorto.com\\\/noticias\\\/?s={search_term_string}\"},\"query-input\":{\"@type\":\"PropertyValueSpecification\",\"valueRequired\":true,\"valueName\":\"search_term_string\"}}],\"inLanguage\":\"es\"},{\"@type\":\"Person\",\"@id\":\"https:\\\/\\\/www.yucatanencorto.com\\\/noticias\\\/#\\\/schema\\\/person\\\/f0ec40c33447bbc0dc2d01d3006de771\",\"name\":\"Yucat\u00e1n en Corto\",\"image\":{\"@type\":\"ImageObject\",\"inLanguage\":\"es\",\"@id\":\"https:\\\/\\\/secure.gravatar.com\\\/avatar\\\/20e0a6b626f38fa8e545fb3f80ce566efd790bf8877e65c3a482460cc3e0b5d1?s=96&d=mm&r=g\",\"url\":\"https:\\\/\\\/secure.gravatar.com\\\/avatar\\\/20e0a6b626f38fa8e545fb3f80ce566efd790bf8877e65c3a482460cc3e0b5d1?s=96&d=mm&r=g\",\"contentUrl\":\"https:\\\/\\\/secure.gravatar.com\\\/avatar\\\/20e0a6b626f38fa8e545fb3f80ce566efd790bf8877e65c3a482460cc3e0b5d1?s=96&d=mm&r=g\",\"caption\":\"Yucat\u00e1n en Corto\"},\"url\":\"https:\\\/\\\/www.yucatanencorto.com\\\/noticias\\\/author\\\/editor25\\\/\"}]}<\/script>\n<!-- \/ Yoast SEO plugin. -->","yoast_head_json":{"title":"Env\u00edan m\u00e1s de 10 toneladas de ayuda humanitaria parten rumbo a Veracruz para apoyar a las familias damnificadas. - Yucat\u00e1n en corto","robots":{"index":"index","follow":"follow","max-snippet":"max-snippet:-1","max-image-preview":"max-image-preview:large","max-video-preview":"max-video-preview:-1"},"canonical":"https:\/\/www.yucatanencorto.com\/noticias\/envian-mas-de-10-toneladas-de-ayuda-humanitaria-parten-rumbo-a-veracruz-para-apoyar-a-las-familias-damnificadas\/","og_locale":"es_ES","og_type":"article","og_title":"Env\u00edan m\u00e1s de 10 toneladas de ayuda humanitaria parten rumbo a Veracruz para apoyar a las familias damnificadas. - Yucat\u00e1n en corto","og_description":"M\u00e9rida, Yucat\u00e1n, mi\u00e9rcoles 22 de octubre de 2025.- Muestra de la solidaridad que caracteriza a las y los meridanos, el Ayuntamiento de M\u00e9rida que encabeza la presidenta municipal Cecilia Patr\u00f3n Laviada reuni\u00f3 10 toneladas de v\u00edveres y art\u00edculos de primera necesidad para apoyar a las familias damnificadas por las inundaciones en varias comunidades de Veracruz. [&hellip;]","og_url":"https:\/\/www.yucatanencorto.com\/noticias\/envian-mas-de-10-toneladas-de-ayuda-humanitaria-parten-rumbo-a-veracruz-para-apoyar-a-las-familias-damnificadas\/","og_site_name":"Yucat\u00e1n en corto","article_publisher":"http:\/\/www.facebook.com\/yucatanencorto","article_published_time":"2025-10-23T00:19:09+00:00","og_image":[{"width":768,"height":512,"url":"https:\/\/www.yucatanencorto.com\/noticias\/wp-content\/uploads\/2025\/10\/WhatsApp-Image-2025-10-22-at-17.01.01-3-scaled.jpeg","type":"image\/jpeg"}],"author":"Yucat\u00e1n en Corto","twitter_card":"summary_large_image","twitter_creator":"@yucatanencorto","twitter_site":"@yucatanencorto","twitter_misc":{"Escrito por":"Yucat\u00e1n en Corto","Tiempo de lectura":"3 minutos"},"schema":{"@context":"https:\/\/schema.org","@graph":[{"@type":"Article","@id":"https:\/\/www.yucatanencorto.com\/noticias\/envian-mas-de-10-toneladas-de-ayuda-humanitaria-parten-rumbo-a-veracruz-para-apoyar-a-las-familias-damnificadas\/#article","isPartOf":{"@id":"https:\/\/www.yucatanencorto.com\/noticias\/envian-mas-de-10-toneladas-de-ayuda-humanitaria-parten-rumbo-a-veracruz-para-apoyar-a-las-familias-damnificadas\/"},"author":{"name":"Yucat\u00e1n en Corto","@id":"https:\/\/www.yucatanencorto.com\/noticias\/#\/schema\/person\/f0ec40c33447bbc0dc2d01d3006de771"},"headline":"Env\u00edan m\u00e1s de 10 toneladas de ayuda humanitaria parten rumbo a Veracruz para apoyar a las familias damnificadas.","datePublished":"2025-10-23T00:19:09+00:00","mainEntityOfPage":{"@id":"https:\/\/www.yucatanencorto.com\/noticias\/envian-mas-de-10-toneladas-de-ayuda-humanitaria-parten-rumbo-a-veracruz-para-apoyar-a-las-familias-damnificadas\/"},"wordCount":496,"image":{"@id":"https:\/\/www.yucatanencorto.com\/noticias\/envian-mas-de-10-toneladas-de-ayuda-humanitaria-parten-rumbo-a-veracruz-para-apoyar-a-las-familias-damnificadas\/#primaryimage"},"thumbnailUrl":"https:\/\/www.yucatanencorto.com\/noticias\/wp-content\/uploads\/2025\/10\/WhatsApp-Image-2025-10-22-at-17.01.01-3-scaled.jpeg","articleSection":["M\u00e9rida"],"inLanguage":"es"},{"@type":"WebPage","@id":"https:\/\/www.yucatanencorto.com\/noticias\/envian-mas-de-10-toneladas-de-ayuda-humanitaria-parten-rumbo-a-veracruz-para-apoyar-a-las-familias-damnificadas\/","url":"https:\/\/www.yucatanencorto.com\/noticias\/envian-mas-de-10-toneladas-de-ayuda-humanitaria-parten-rumbo-a-veracruz-para-apoyar-a-las-familias-damnificadas\/","name":"Env\u00edan m\u00e1s de 10 toneladas de ayuda humanitaria parten rumbo a Veracruz para apoyar a las familias damnificadas. - Yucat\u00e1n en corto","isPartOf":{"@id":"https:\/\/www.yucatanencorto.com\/noticias\/#website"},"primaryImageOfPage":{"@id":"https:\/\/www.yucatanencorto.com\/noticias\/envian-mas-de-10-toneladas-de-ayuda-humanitaria-parten-rumbo-a-veracruz-para-apoyar-a-las-familias-damnificadas\/#primaryimage"},"image":{"@id":"https:\/\/www.yucatanencorto.com\/noticias\/envian-mas-de-10-toneladas-de-ayuda-humanitaria-parten-rumbo-a-veracruz-para-apoyar-a-las-familias-damnificadas\/#primaryimage"},"thumbnailUrl":"https:\/\/www.yucatanencorto.com\/noticias\/wp-content\/uploads\/2025\/10\/WhatsApp-Image-2025-10-22-at-17.01.01-3-scaled.jpeg","datePublished":"2025-10-23T00:19:09+00:00","author":{"@id":"https:\/\/www.yucatanencorto.com\/noticias\/#\/schema\/person\/f0ec40c33447bbc0dc2d01d3006de771"},"breadcrumb":{"@id":"https:\/\/www.yucatanencorto.com\/noticias\/envian-mas-de-10-toneladas-de-ayuda-humanitaria-parten-rumbo-a-veracruz-para-apoyar-a-las-familias-damnificadas\/#breadcrumb"},"inLanguage":"es","potentialAction":[{"@type":"ReadAction","target":["https:\/\/www.yucatanencorto.com\/noticias\/envian-mas-de-10-toneladas-de-ayuda-humanitaria-parten-rumbo-a-veracruz-para-apoyar-a-las-familias-damnificadas\/"]}]},{"@type":"ImageObject","inLanguage":"es","@id":"https:\/\/www.yucatanencorto.com\/noticias\/envian-mas-de-10-toneladas-de-ayuda-humanitaria-parten-rumbo-a-veracruz-para-apoyar-a-las-familias-damnificadas\/#primaryimage","url":"https:\/\/www.yucatanencorto.com\/noticias\/wp-content\/uploads\/2025\/10\/WhatsApp-Image-2025-10-22-at-17.01.01-3-scaled.jpeg","contentUrl":"https:\/\/www.yucatanencorto.com\/noticias\/wp-content\/uploads\/2025\/10\/WhatsApp-Image-2025-10-22-at-17.01.01-3-scaled.jpeg","width":768,"height":512},{"@type":"BreadcrumbList","@id":"https:\/\/www.yucatanencorto.com\/noticias\/envian-mas-de-10-toneladas-de-ayuda-humanitaria-parten-rumbo-a-veracruz-para-apoyar-a-las-familias-damnificadas\/#breadcrumb","itemListElement":[{"@type":"ListItem","position":1,"name":"Portada","item":"https:\/\/www.yucatanencorto.com\/noticias\/"},{"@type":"ListItem","position":2,"name":"Env\u00edan m\u00e1s de 10 toneladas de ayuda humanitaria parten rumbo a Veracruz para apoyar a las familias damnificadas."}]},{"@type":"WebSite","@id":"https:\/\/www.yucatanencorto.com\/noticias\/#website","url":"https:\/\/www.yucatanencorto.com\/noticias\/","name":"Yucat\u00e1n en corto","description":"Noticias","potentialAction":[{"@type":"SearchAction","target":{"@type":"EntryPoint","urlTemplate":"https:\/\/www.yucatanencorto.com\/noticias\/?s={search_term_string}"},"query-input":{"@type":"PropertyValueSpecification","valueRequired":true,"valueName":"search_term_string"}}],"inLanguage":"es"},{"@type":"Person","@id":"https:\/\/www.yucatanencorto.com\/noticias\/#\/schema\/person\/f0ec40c33447bbc0dc2d01d3006de771","name":"Yucat\u00e1n en Corto","image":{"@type":"ImageObject","inLanguage":"es","@id":"https:\/\/secure.gravatar.com\/avatar\/20e0a6b626f38fa8e545fb3f80ce566efd790bf8877e65c3a482460cc3e0b5d1?s=96&d=mm&r=g","url":"https:\/\/secure.gravatar.com\/avatar\/20e0a6b626f38fa8e545fb3f80ce566efd790bf8877e65c3a482460cc3e0b5d1?s=96&d=mm&r=g","contentUrl":"https:\/\/secure.gravatar.com\/avatar\/20e0a6b626f38fa8e545fb3f80ce566efd790bf8877e65c3a482460cc3e0b5d1?s=96&d=mm&r=g","caption":"Yucat\u00e1n en Corto"},"url":"https:\/\/www.yucatanencorto.com\/noticias\/author\/editor25\/"}]}},"_links":{"self":[{"href":"https:\/\/www.yucatanencorto.com\/noticias\/wp-json\/wp\/v2\/posts\/116032","targetHints":{"allow":["GET"]}}],"collection":[{"href":"https:\/\/www.yucatanencorto.com\/noticias\/wp-json\/wp\/v2\/posts"}],"about":[{"href":"https:\/\/www.yucatanencorto.com\/noticias\/wp-json\/wp\/v2\/types\/post"}],"author":[{"embeddable":true,"href":"https:\/\/www.yucatanencorto.com\/noticias\/wp-json\/wp\/v2\/users\/4"}],"replies":[{"embeddable":true,"href":"https:\/\/www.yucatanencorto.com\/noticias\/wp-json\/wp\/v2\/comments?post=116032"}],"version-history":[{"count":1,"href":"https:\/\/www.yucatanencorto.com\/noticias\/wp-json\/wp\/v2\/posts\/116032\/revisions"}],"predecessor-version":[{"id":116034,"href":"https:\/\/www.yucatanencorto.com\/noticias\/wp-json\/wp\/v2\/posts\/116032\/revisions\/116034"}],"wp:featuredmedia":[{"embeddable":true,"href":"https:\/\/www.yucatanencorto.com\/noticias\/wp-json\/wp\/v2\/media\/116033"}],"wp:attachment":[{"href":"https:\/\/www.yucatanencorto.com\/noticias\/wp-json\/wp\/v2\/media?parent=116032"}],"wp:term":[{"taxonomy":"category","embeddable":true,"href":"https:\/\/www.yucatanencorto.com\/noticias\/wp-json\/wp\/v2\/categories?post=116032"},{"taxonomy":"post_tag","embeddable":true,"href":"https:\/\/www.yucatanencorto.com\/noticias\/wp-json\/wp\/v2\/tags?post=116032"}],"curies":[{"name":"wp","href":"https:\/\/api.w.org\/{rel}","templated":true}]}}