{"id":116035,"date":"2025-10-22T18:23:27","date_gmt":"2025-10-23T00:23:27","guid":{"rendered":"https:\/\/www.yucatanencorto.com\/noticias\/?p=116035"},"modified":"2025-10-22T18:23:27","modified_gmt":"2025-10-23T00:23:27","slug":"save-the-children-e-instituto-de-las-mujeres-de-merida-realizan-el-primer-foro-ninas-imparables","status":"publish","type":"post","link":"https:\/\/www.yucatanencorto.com\/noticias\/save-the-children-e-instituto-de-las-mujeres-de-merida-realizan-el-primer-foro-ninas-imparables\/","title":{"rendered":"Save the Children e Instituto de las Mujeres de M\u00e9rida realizan el primer foro \u201cNi\u00f1as Imparables\u201d"},"content":{"rendered":"<p>&nbsp;<\/p>\n<p><img loading=\"lazy\" decoding=\"async\" class=\"alignnone size-full wp-image-116036\" src=\"https:\/\/www.yucatanencorto.com\/noticias\/wp-content\/uploads\/2025\/10\/WhatsApp-Image-2025-10-22-at-18.15.53-scaled.jpeg\" alt=\"\" width=\"768\" height=\"512\" srcset=\"https:\/\/www.yucatanencorto.com\/noticias\/wp-content\/uploads\/2025\/10\/WhatsApp-Image-2025-10-22-at-18.15.53-scaled.jpeg 768w, https:\/\/www.yucatanencorto.com\/noticias\/wp-content\/uploads\/2025\/10\/WhatsApp-Image-2025-10-22-at-18.15.53-150x100.jpeg 150w, https:\/\/www.yucatanencorto.com\/noticias\/wp-content\/uploads\/2025\/10\/WhatsApp-Image-2025-10-22-at-18.15.53-300x200.jpeg 300w, https:\/\/www.yucatanencorto.com\/noticias\/wp-content\/uploads\/2025\/10\/WhatsApp-Image-2025-10-22-at-18.15.53-696x464.jpeg 696w, https:\/\/www.yucatanencorto.com\/noticias\/wp-content\/uploads\/2025\/10\/WhatsApp-Image-2025-10-22-at-18.15.53-1068x712.jpeg 1068w\" sizes=\"auto, (max-width: 768px) 100vw, 768px\" \/><\/p>\n<p>M\u00e9rida, Yucat\u00e1n, mi\u00e9rcoles 22 de octubre de 2025.- Save the Children y el Instituto de las Mujeres del Ayuntamiento de M\u00e9rida realizaron el primer Foro de \u201cNi\u00f1as Imparables\u201d con el objetivo de fortalecer la reflexi\u00f3n y el activismo de ni\u00f1as de 10 a 13 a\u00f1os.<\/p>\n<p>En este espacio, las ni\u00f1as participaron en distintas mesas de trabajo que formaron parte de un \u201cLaboratorio de ideas\u201d dise\u00f1ado para impulsar la reflexi\u00f3n, el trabajo colaborativo, fomentar la participaci\u00f3n y promover la prevenci\u00f3n de la violencia.<\/p>\n<p>M\u00e1s de 60 ni\u00f1as y alrededor de 90 adultos formaron parte de distintos talleres de sensibilizaci\u00f3n sobre participaci\u00f3n infantil dirigidos al personal operativo del Instituto de las Mujeres y de otras instancias municipales, as\u00ed como madres, padres, personas cuidadoras y representantes de organizaciones de la sociedad civil.<\/p>\n<p>Adem\u00e1s hubo un di\u00e1logo entre ni\u00f1as y autoridades en el que compartieron experiencias, aprendizaje y compromisos para fortalecer la participaci\u00f3n de las ni\u00f1as en la agenda p\u00fablica y pol\u00edtica local.<br \/>\nEl contexto mexicano ha presentado hist\u00f3ricamente desaf\u00edos que limitan el poder de decisi\u00f3n de las ni\u00f1as y adolescentes; uno de los m\u00e1s importantes es la violencia de g\u00e9nero. Las ni\u00f1as, adolescentes y mujeres en situaci\u00f3n de violencia viven acompa\u00f1adas del miedo, el cual puede entenderse como un proceso psicol\u00f3gico y fisiol\u00f3gico, pero tambi\u00e9n como un fen\u00f3meno pol\u00edtico y social que inhibe la acci\u00f3n de las personas y las inmoviliza.<\/p>\n<p>Por eso es fundamental crear espacios de comunidad y participaci\u00f3n colectiva que les ayude a recuperar su poder, pues cuando las ni\u00f1as y adolescentes ejercen plenamente sus derechos y son escuchadas, podr\u00e1n encontrar las condiciones necesarias de que les permitan tomar decisiones propias, actuar de manera protag\u00f3nica en sus entornos, participar en los asuntos que les conciernen, pensar y actuar con autonom\u00eda, y ser visibles y reconocidas en sus comunidades.<\/p>\n<p>Iniciativas como el \u201cLaboratorio de ideas\u201d y el foro de \u201cNi\u00f1as Imparables\u201d buscan fortalecer estas capacidades y garantizar que las voces de ni\u00f1as y adolescentes sean escuchadas en los espacios donde se toman decisiones que afectan sus vidas.<\/p>\n<p>\u201cMe siento feliz y contenta de formar parte del club porque puedo ayudar a otras ni\u00f1as a defender sus derechos. Son importantes estos espacios solo para las ni\u00f1as porque podemos decir lo que pensamos y sentirnos escuchadas y en confianza\u201d, comparti\u00f3 una de las participantes.<\/p>\n<p>\u201cGracias a que soy parte del club de Save the Children me siento alegre y en confianza de hablar con las personas y decir lo que pienso a mis compa\u00f1eras y maestras\u201d, indic\u00f3 otra de las peque\u00f1as.<br \/>\n\u201cLo que m\u00e1s me ha gustado son las actividades que hacemos con todas las ni\u00f1as y la manera en la que aprendemos a protegernos, tambi\u00e9n nos sentimos seguras, en confianza y valoradas\u201d, a\u00f1adi\u00f3 otra asistente.<\/p>\n<p>En este sentido, Patricia L\u00f3pez C\u00e1rdenas, coordinadora Nacional de Incidencia Pol\u00edtica y Temas Globales de Save the Children, se\u00f1al\u00f3 que una sociedad libre de violencia permite entornos seguros y saludables para que ni\u00f1as, ni\u00f1os y adolescentes puedan desarrollarse plenamente y alcanzar todo su potencial.<br \/>\nEs por eso que este foro representa una oportunidad para que las ni\u00f1as expresen sus ideas y participen activamente en la construcci\u00f3n de un mundo donde puedan vivir libres, seguras y felices.<\/p>\n<p>Por su parte, Yahayra Centeno Ceballos, directora del Instituto de las Mujeres, mencion\u00f3 que para el Ayuntamiento de M\u00e9rida y para la alcaldesa Cecilia Patr\u00f3n Laviada, el empoderamiento de las ni\u00f1as es una prioridad.<br \/>\n\u201cDesde el Instituto de las Mujeres trabajamos para escucharlas, acompa\u00f1arlas y brindarles herramientas que fortalezcan su confianza, su autonom\u00eda y su participaci\u00f3n en la comunidad\u201d, asegur\u00f3.<\/p>\n<p>Este tipo de actividades forman parte de las acciones que impulsa el Ayuntamiento, a trav\u00e9s del Instituto de las Mujeres, para promover entornos seguros, igualitarios y libres de violencia, donde cada ni\u00f1a pueda crecer con libertad y desarrollar todo su potencial.<br \/>\n\u201cEn colaboraci\u00f3n con Save the Children, seguimos impulsando espacios de di\u00e1logo, aprendizaje y reflexi\u00f3n que inspiran a las ni\u00f1as a reconocer su voz como parte del cambio. Porque en M\u00e9rida, cada ni\u00f1a cuenta, y su voz tambi\u00e9n transforma el futuro de nuestra ciudad\u201d.<\/p>\n<p>Ejercer el derecho a la participaci\u00f3n es primordial para que las ni\u00f1as y adolescentes fortalezcan su poder de decisi\u00f3n y acci\u00f3n en sus entornos cotidianos: las familias, las escuelas, las comunidades, los grupos sociales y las instituciones de gobierno y representaci\u00f3n popular.<\/p>\n<p>Solo a trav\u00e9s del reconocimiento pleno de su derecho a participar y de la creaci\u00f3n de espacios seguros donde puedan ejercerlo, ser\u00e1 posible construir entornos libres de violencia y avanzar hacia una sociedad m\u00e1s justa, equitativa e incluyente, finaliz\u00f3 Yahayra.<\/p>\n","protected":false},"excerpt":{"rendered":"<p>&nbsp; M\u00e9rida, Yucat\u00e1n, mi\u00e9rcoles 22 de octubre de 2025.- Save the Children y el Instituto de las Mujeres del Ayuntamiento de M\u00e9rida realizaron el primer Foro de \u201cNi\u00f1as Imparables\u201d con el objetivo de fortalecer la reflexi\u00f3n y el activismo de ni\u00f1as de 10 a 13 a\u00f1os. En este espacio, las ni\u00f1as participaron en distintas mesas [&hellip;]<\/p>\n","protected":false},"author":4,"featured_media":116036,"comment_status":"closed","ping_status":"closed","sticky":false,"template":"","format":"standard","meta":{"footnotes":""},"categories":[2],"tags":[],"class_list":{"0":"post-116035","1":"post","2":"type-post","3":"status-publish","4":"format-standard","5":"has-post-thumbnail","7":"category-merida"},"yoast_head":"<!-- This site is optimized with the Yoast SEO plugin v27.5 - https:\/\/yoast.com\/product\/yoast-seo-wordpress\/ -->\n<title>Save the Children e Instituto de las Mujeres de M\u00e9rida realizan el primer foro \u201cNi\u00f1as Imparables\u201d - Yucat\u00e1n en corto<\/title>\n<meta name=\"robots\" content=\"index, follow, max-snippet:-1, max-image-preview:large, max-video-preview:-1\" \/>\n<link rel=\"canonical\" href=\"https:\/\/www.yucatanencorto.com\/noticias\/save-the-children-e-instituto-de-las-mujeres-de-merida-realizan-el-primer-foro-ninas-imparables\/\" \/>\n<meta property=\"og:locale\" content=\"es_ES\" \/>\n<meta property=\"og:type\" content=\"article\" \/>\n<meta property=\"og:title\" content=\"Save the Children e Instituto de las Mujeres de M\u00e9rida realizan el primer foro \u201cNi\u00f1as Imparables\u201d - Yucat\u00e1n en corto\" \/>\n<meta property=\"og:description\" content=\"&nbsp; M\u00e9rida, Yucat\u00e1n, mi\u00e9rcoles 22 de octubre de 2025.- Save the Children y el Instituto de las Mujeres del Ayuntamiento de M\u00e9rida realizaron el primer Foro de \u201cNi\u00f1as Imparables\u201d con el objetivo de fortalecer la reflexi\u00f3n y el activismo de ni\u00f1as de 10 a 13 a\u00f1os. En este espacio, las ni\u00f1as participaron en distintas mesas [&hellip;]\" \/>\n<meta property=\"og:url\" content=\"https:\/\/www.yucatanencorto.com\/noticias\/save-the-children-e-instituto-de-las-mujeres-de-merida-realizan-el-primer-foro-ninas-imparables\/\" \/>\n<meta property=\"og:site_name\" content=\"Yucat\u00e1n en corto\" \/>\n<meta property=\"article:publisher\" content=\"http:\/\/www.facebook.com\/yucatanencorto\" \/>\n<meta property=\"article:published_time\" content=\"2025-10-23T00:23:27+00:00\" \/>\n<meta property=\"og:image\" content=\"https:\/\/www.yucatanencorto.com\/noticias\/wp-content\/uploads\/2025\/10\/WhatsApp-Image-2025-10-22-at-18.15.53-scaled.jpeg\" \/>\n\t<meta property=\"og:image:width\" content=\"768\" \/>\n\t<meta property=\"og:image:height\" content=\"512\" \/>\n\t<meta property=\"og:image:type\" content=\"image\/jpeg\" \/>\n<meta name=\"author\" content=\"Yucat\u00e1n en Corto\" \/>\n<meta name=\"twitter:card\" content=\"summary_large_image\" \/>\n<meta name=\"twitter:creator\" content=\"@yucatanencorto\" \/>\n<meta name=\"twitter:site\" content=\"@yucatanencorto\" \/>\n<meta name=\"twitter:label1\" content=\"Escrito por\" \/>\n\t<meta name=\"twitter:data1\" content=\"Yucat\u00e1n en Corto\" \/>\n\t<meta name=\"twitter:label2\" content=\"Tiempo de lectura\" \/>\n\t<meta name=\"twitter:data2\" content=\"4 minutos\" \/>\n<script type=\"application\/ld+json\" class=\"yoast-schema-graph\">{\"@context\":\"https:\\\/\\\/schema.org\",\"@graph\":[{\"@type\":\"Article\",\"@id\":\"https:\\\/\\\/www.yucatanencorto.com\\\/noticias\\\/save-the-children-e-instituto-de-las-mujeres-de-merida-realizan-el-primer-foro-ninas-imparables\\\/#article\",\"isPartOf\":{\"@id\":\"https:\\\/\\\/www.yucatanencorto.com\\\/noticias\\\/save-the-children-e-instituto-de-las-mujeres-de-merida-realizan-el-primer-foro-ninas-imparables\\\/\"},\"author\":{\"name\":\"Yucat\u00e1n en Corto\",\"@id\":\"https:\\\/\\\/www.yucatanencorto.com\\\/noticias\\\/#\\\/schema\\\/person\\\/f0ec40c33447bbc0dc2d01d3006de771\"},\"headline\":\"Save the Children e Instituto de las Mujeres de M\u00e9rida realizan el primer foro \u201cNi\u00f1as Imparables\u201d\",\"datePublished\":\"2025-10-23T00:23:27+00:00\",\"mainEntityOfPage\":{\"@id\":\"https:\\\/\\\/www.yucatanencorto.com\\\/noticias\\\/save-the-children-e-instituto-de-las-mujeres-de-merida-realizan-el-primer-foro-ninas-imparables\\\/\"},\"wordCount\":854,\"image\":{\"@id\":\"https:\\\/\\\/www.yucatanencorto.com\\\/noticias\\\/save-the-children-e-instituto-de-las-mujeres-de-merida-realizan-el-primer-foro-ninas-imparables\\\/#primaryimage\"},\"thumbnailUrl\":\"https:\\\/\\\/www.yucatanencorto.com\\\/noticias\\\/wp-content\\\/uploads\\\/2025\\\/10\\\/WhatsApp-Image-2025-10-22-at-18.15.53-scaled.jpeg\",\"articleSection\":[\"M\u00e9rida\"],\"inLanguage\":\"es\"},{\"@type\":\"WebPage\",\"@id\":\"https:\\\/\\\/www.yucatanencorto.com\\\/noticias\\\/save-the-children-e-instituto-de-las-mujeres-de-merida-realizan-el-primer-foro-ninas-imparables\\\/\",\"url\":\"https:\\\/\\\/www.yucatanencorto.com\\\/noticias\\\/save-the-children-e-instituto-de-las-mujeres-de-merida-realizan-el-primer-foro-ninas-imparables\\\/\",\"name\":\"Save the Children e Instituto de las Mujeres de M\u00e9rida realizan el primer foro \u201cNi\u00f1as Imparables\u201d - Yucat\u00e1n en corto\",\"isPartOf\":{\"@id\":\"https:\\\/\\\/www.yucatanencorto.com\\\/noticias\\\/#website\"},\"primaryImageOfPage\":{\"@id\":\"https:\\\/\\\/www.yucatanencorto.com\\\/noticias\\\/save-the-children-e-instituto-de-las-mujeres-de-merida-realizan-el-primer-foro-ninas-imparables\\\/#primaryimage\"},\"image\":{\"@id\":\"https:\\\/\\\/www.yucatanencorto.com\\\/noticias\\\/save-the-children-e-instituto-de-las-mujeres-de-merida-realizan-el-primer-foro-ninas-imparables\\\/#primaryimage\"},\"thumbnailUrl\":\"https:\\\/\\\/www.yucatanencorto.com\\\/noticias\\\/wp-content\\\/uploads\\\/2025\\\/10\\\/WhatsApp-Image-2025-10-22-at-18.15.53-scaled.jpeg\",\"datePublished\":\"2025-10-23T00:23:27+00:00\",\"author\":{\"@id\":\"https:\\\/\\\/www.yucatanencorto.com\\\/noticias\\\/#\\\/schema\\\/person\\\/f0ec40c33447bbc0dc2d01d3006de771\"},\"breadcrumb\":{\"@id\":\"https:\\\/\\\/www.yucatanencorto.com\\\/noticias\\\/save-the-children-e-instituto-de-las-mujeres-de-merida-realizan-el-primer-foro-ninas-imparables\\\/#breadcrumb\"},\"inLanguage\":\"es\",\"potentialAction\":[{\"@type\":\"ReadAction\",\"target\":[\"https:\\\/\\\/www.yucatanencorto.com\\\/noticias\\\/save-the-children-e-instituto-de-las-mujeres-de-merida-realizan-el-primer-foro-ninas-imparables\\\/\"]}]},{\"@type\":\"ImageObject\",\"inLanguage\":\"es\",\"@id\":\"https:\\\/\\\/www.yucatanencorto.com\\\/noticias\\\/save-the-children-e-instituto-de-las-mujeres-de-merida-realizan-el-primer-foro-ninas-imparables\\\/#primaryimage\",\"url\":\"https:\\\/\\\/www.yucatanencorto.com\\\/noticias\\\/wp-content\\\/uploads\\\/2025\\\/10\\\/WhatsApp-Image-2025-10-22-at-18.15.53-scaled.jpeg\",\"contentUrl\":\"https:\\\/\\\/www.yucatanencorto.com\\\/noticias\\\/wp-content\\\/uploads\\\/2025\\\/10\\\/WhatsApp-Image-2025-10-22-at-18.15.53-scaled.jpeg\",\"width\":768,\"height\":512},{\"@type\":\"BreadcrumbList\",\"@id\":\"https:\\\/\\\/www.yucatanencorto.com\\\/noticias\\\/save-the-children-e-instituto-de-las-mujeres-de-merida-realizan-el-primer-foro-ninas-imparables\\\/#breadcrumb\",\"itemListElement\":[{\"@type\":\"ListItem\",\"position\":1,\"name\":\"Portada\",\"item\":\"https:\\\/\\\/www.yucatanencorto.com\\\/noticias\\\/\"},{\"@type\":\"ListItem\",\"position\":2,\"name\":\"Save the Children e Instituto de las Mujeres de M\u00e9rida realizan el primer foro \u201cNi\u00f1as Imparables\u201d\"}]},{\"@type\":\"WebSite\",\"@id\":\"https:\\\/\\\/www.yucatanencorto.com\\\/noticias\\\/#website\",\"url\":\"https:\\\/\\\/www.yucatanencorto.com\\\/noticias\\\/\",\"name\":\"Yucat\u00e1n en corto\",\"description\":\"Noticias\",\"potentialAction\":[{\"@type\":\"SearchAction\",\"target\":{\"@type\":\"EntryPoint\",\"urlTemplate\":\"https:\\\/\\\/www.yucatanencorto.com\\\/noticias\\\/?s={search_term_string}\"},\"query-input\":{\"@type\":\"PropertyValueSpecification\",\"valueRequired\":true,\"valueName\":\"search_term_string\"}}],\"inLanguage\":\"es\"},{\"@type\":\"Person\",\"@id\":\"https:\\\/\\\/www.yucatanencorto.com\\\/noticias\\\/#\\\/schema\\\/person\\\/f0ec40c33447bbc0dc2d01d3006de771\",\"name\":\"Yucat\u00e1n en Corto\",\"image\":{\"@type\":\"ImageObject\",\"inLanguage\":\"es\",\"@id\":\"https:\\\/\\\/secure.gravatar.com\\\/avatar\\\/20e0a6b626f38fa8e545fb3f80ce566efd790bf8877e65c3a482460cc3e0b5d1?s=96&d=mm&r=g\",\"url\":\"https:\\\/\\\/secure.gravatar.com\\\/avatar\\\/20e0a6b626f38fa8e545fb3f80ce566efd790bf8877e65c3a482460cc3e0b5d1?s=96&d=mm&r=g\",\"contentUrl\":\"https:\\\/\\\/secure.gravatar.com\\\/avatar\\\/20e0a6b626f38fa8e545fb3f80ce566efd790bf8877e65c3a482460cc3e0b5d1?s=96&d=mm&r=g\",\"caption\":\"Yucat\u00e1n en Corto\"},\"url\":\"https:\\\/\\\/www.yucatanencorto.com\\\/noticias\\\/author\\\/editor25\\\/\"}]}<\/script>\n<!-- \/ Yoast SEO plugin. -->","yoast_head_json":{"title":"Save the Children e Instituto de las Mujeres de M\u00e9rida realizan el primer foro \u201cNi\u00f1as Imparables\u201d - Yucat\u00e1n en corto","robots":{"index":"index","follow":"follow","max-snippet":"max-snippet:-1","max-image-preview":"max-image-preview:large","max-video-preview":"max-video-preview:-1"},"canonical":"https:\/\/www.yucatanencorto.com\/noticias\/save-the-children-e-instituto-de-las-mujeres-de-merida-realizan-el-primer-foro-ninas-imparables\/","og_locale":"es_ES","og_type":"article","og_title":"Save the Children e Instituto de las Mujeres de M\u00e9rida realizan el primer foro \u201cNi\u00f1as Imparables\u201d - Yucat\u00e1n en corto","og_description":"&nbsp; M\u00e9rida, Yucat\u00e1n, mi\u00e9rcoles 22 de octubre de 2025.- Save the Children y el Instituto de las Mujeres del Ayuntamiento de M\u00e9rida realizaron el primer Foro de \u201cNi\u00f1as Imparables\u201d con el objetivo de fortalecer la reflexi\u00f3n y el activismo de ni\u00f1as de 10 a 13 a\u00f1os. En este espacio, las ni\u00f1as participaron en distintas mesas [&hellip;]","og_url":"https:\/\/www.yucatanencorto.com\/noticias\/save-the-children-e-instituto-de-las-mujeres-de-merida-realizan-el-primer-foro-ninas-imparables\/","og_site_name":"Yucat\u00e1n en corto","article_publisher":"http:\/\/www.facebook.com\/yucatanencorto","article_published_time":"2025-10-23T00:23:27+00:00","og_image":[{"width":768,"height":512,"url":"https:\/\/www.yucatanencorto.com\/noticias\/wp-content\/uploads\/2025\/10\/WhatsApp-Image-2025-10-22-at-18.15.53-scaled.jpeg","type":"image\/jpeg"}],"author":"Yucat\u00e1n en Corto","twitter_card":"summary_large_image","twitter_creator":"@yucatanencorto","twitter_site":"@yucatanencorto","twitter_misc":{"Escrito por":"Yucat\u00e1n en Corto","Tiempo de lectura":"4 minutos"},"schema":{"@context":"https:\/\/schema.org","@graph":[{"@type":"Article","@id":"https:\/\/www.yucatanencorto.com\/noticias\/save-the-children-e-instituto-de-las-mujeres-de-merida-realizan-el-primer-foro-ninas-imparables\/#article","isPartOf":{"@id":"https:\/\/www.yucatanencorto.com\/noticias\/save-the-children-e-instituto-de-las-mujeres-de-merida-realizan-el-primer-foro-ninas-imparables\/"},"author":{"name":"Yucat\u00e1n en Corto","@id":"https:\/\/www.yucatanencorto.com\/noticias\/#\/schema\/person\/f0ec40c33447bbc0dc2d01d3006de771"},"headline":"Save the Children e Instituto de las Mujeres de M\u00e9rida realizan el primer foro \u201cNi\u00f1as Imparables\u201d","datePublished":"2025-10-23T00:23:27+00:00","mainEntityOfPage":{"@id":"https:\/\/www.yucatanencorto.com\/noticias\/save-the-children-e-instituto-de-las-mujeres-de-merida-realizan-el-primer-foro-ninas-imparables\/"},"wordCount":854,"image":{"@id":"https:\/\/www.yucatanencorto.com\/noticias\/save-the-children-e-instituto-de-las-mujeres-de-merida-realizan-el-primer-foro-ninas-imparables\/#primaryimage"},"thumbnailUrl":"https:\/\/www.yucatanencorto.com\/noticias\/wp-content\/uploads\/2025\/10\/WhatsApp-Image-2025-10-22-at-18.15.53-scaled.jpeg","articleSection":["M\u00e9rida"],"inLanguage":"es"},{"@type":"WebPage","@id":"https:\/\/www.yucatanencorto.com\/noticias\/save-the-children-e-instituto-de-las-mujeres-de-merida-realizan-el-primer-foro-ninas-imparables\/","url":"https:\/\/www.yucatanencorto.com\/noticias\/save-the-children-e-instituto-de-las-mujeres-de-merida-realizan-el-primer-foro-ninas-imparables\/","name":"Save the Children e Instituto de las Mujeres de M\u00e9rida realizan el primer foro \u201cNi\u00f1as Imparables\u201d - Yucat\u00e1n en corto","isPartOf":{"@id":"https:\/\/www.yucatanencorto.com\/noticias\/#website"},"primaryImageOfPage":{"@id":"https:\/\/www.yucatanencorto.com\/noticias\/save-the-children-e-instituto-de-las-mujeres-de-merida-realizan-el-primer-foro-ninas-imparables\/#primaryimage"},"image":{"@id":"https:\/\/www.yucatanencorto.com\/noticias\/save-the-children-e-instituto-de-las-mujeres-de-merida-realizan-el-primer-foro-ninas-imparables\/#primaryimage"},"thumbnailUrl":"https:\/\/www.yucatanencorto.com\/noticias\/wp-content\/uploads\/2025\/10\/WhatsApp-Image-2025-10-22-at-18.15.53-scaled.jpeg","datePublished":"2025-10-23T00:23:27+00:00","author":{"@id":"https:\/\/www.yucatanencorto.com\/noticias\/#\/schema\/person\/f0ec40c33447bbc0dc2d01d3006de771"},"breadcrumb":{"@id":"https:\/\/www.yucatanencorto.com\/noticias\/save-the-children-e-instituto-de-las-mujeres-de-merida-realizan-el-primer-foro-ninas-imparables\/#breadcrumb"},"inLanguage":"es","potentialAction":[{"@type":"ReadAction","target":["https:\/\/www.yucatanencorto.com\/noticias\/save-the-children-e-instituto-de-las-mujeres-de-merida-realizan-el-primer-foro-ninas-imparables\/"]}]},{"@type":"ImageObject","inLanguage":"es","@id":"https:\/\/www.yucatanencorto.com\/noticias\/save-the-children-e-instituto-de-las-mujeres-de-merida-realizan-el-primer-foro-ninas-imparables\/#primaryimage","url":"https:\/\/www.yucatanencorto.com\/noticias\/wp-content\/uploads\/2025\/10\/WhatsApp-Image-2025-10-22-at-18.15.53-scaled.jpeg","contentUrl":"https:\/\/www.yucatanencorto.com\/noticias\/wp-content\/uploads\/2025\/10\/WhatsApp-Image-2025-10-22-at-18.15.53-scaled.jpeg","width":768,"height":512},{"@type":"BreadcrumbList","@id":"https:\/\/www.yucatanencorto.com\/noticias\/save-the-children-e-instituto-de-las-mujeres-de-merida-realizan-el-primer-foro-ninas-imparables\/#breadcrumb","itemListElement":[{"@type":"ListItem","position":1,"name":"Portada","item":"https:\/\/www.yucatanencorto.com\/noticias\/"},{"@type":"ListItem","position":2,"name":"Save the Children e Instituto de las Mujeres de M\u00e9rida realizan el primer foro \u201cNi\u00f1as Imparables\u201d"}]},{"@type":"WebSite","@id":"https:\/\/www.yucatanencorto.com\/noticias\/#website","url":"https:\/\/www.yucatanencorto.com\/noticias\/","name":"Yucat\u00e1n en corto","description":"Noticias","potentialAction":[{"@type":"SearchAction","target":{"@type":"EntryPoint","urlTemplate":"https:\/\/www.yucatanencorto.com\/noticias\/?s={search_term_string}"},"query-input":{"@type":"PropertyValueSpecification","valueRequired":true,"valueName":"search_term_string"}}],"inLanguage":"es"},{"@type":"Person","@id":"https:\/\/www.yucatanencorto.com\/noticias\/#\/schema\/person\/f0ec40c33447bbc0dc2d01d3006de771","name":"Yucat\u00e1n en Corto","image":{"@type":"ImageObject","inLanguage":"es","@id":"https:\/\/secure.gravatar.com\/avatar\/20e0a6b626f38fa8e545fb3f80ce566efd790bf8877e65c3a482460cc3e0b5d1?s=96&d=mm&r=g","url":"https:\/\/secure.gravatar.com\/avatar\/20e0a6b626f38fa8e545fb3f80ce566efd790bf8877e65c3a482460cc3e0b5d1?s=96&d=mm&r=g","contentUrl":"https:\/\/secure.gravatar.com\/avatar\/20e0a6b626f38fa8e545fb3f80ce566efd790bf8877e65c3a482460cc3e0b5d1?s=96&d=mm&r=g","caption":"Yucat\u00e1n en Corto"},"url":"https:\/\/www.yucatanencorto.com\/noticias\/author\/editor25\/"}]}},"_links":{"self":[{"href":"https:\/\/www.yucatanencorto.com\/noticias\/wp-json\/wp\/v2\/posts\/116035","targetHints":{"allow":["GET"]}}],"collection":[{"href":"https:\/\/www.yucatanencorto.com\/noticias\/wp-json\/wp\/v2\/posts"}],"about":[{"href":"https:\/\/www.yucatanencorto.com\/noticias\/wp-json\/wp\/v2\/types\/post"}],"author":[{"embeddable":true,"href":"https:\/\/www.yucatanencorto.com\/noticias\/wp-json\/wp\/v2\/users\/4"}],"replies":[{"embeddable":true,"href":"https:\/\/www.yucatanencorto.com\/noticias\/wp-json\/wp\/v2\/comments?post=116035"}],"version-history":[{"count":1,"href":"https:\/\/www.yucatanencorto.com\/noticias\/wp-json\/wp\/v2\/posts\/116035\/revisions"}],"predecessor-version":[{"id":116037,"href":"https:\/\/www.yucatanencorto.com\/noticias\/wp-json\/wp\/v2\/posts\/116035\/revisions\/116037"}],"wp:featuredmedia":[{"embeddable":true,"href":"https:\/\/www.yucatanencorto.com\/noticias\/wp-json\/wp\/v2\/media\/116036"}],"wp:attachment":[{"href":"https:\/\/www.yucatanencorto.com\/noticias\/wp-json\/wp\/v2\/media?parent=116035"}],"wp:term":[{"taxonomy":"category","embeddable":true,"href":"https:\/\/www.yucatanencorto.com\/noticias\/wp-json\/wp\/v2\/categories?post=116035"},{"taxonomy":"post_tag","embeddable":true,"href":"https:\/\/www.yucatanencorto.com\/noticias\/wp-json\/wp\/v2\/tags?post=116035"}],"curies":[{"name":"wp","href":"https:\/\/api.w.org\/{rel}","templated":true}]}}