{"id":116039,"date":"2025-10-23T14:50:17","date_gmt":"2025-10-23T20:50:17","guid":{"rendered":"https:\/\/www.yucatanencorto.com\/noticias\/?p=116039"},"modified":"2025-10-23T14:50:17","modified_gmt":"2025-10-23T20:50:17","slug":"se-realizo-la-rodada-ponte-pila-contra-el-cancer-de-mama-y-contras-las-adicciones","status":"publish","type":"post","link":"https:\/\/www.yucatanencorto.com\/noticias\/se-realizo-la-rodada-ponte-pila-contra-el-cancer-de-mama-y-contras-las-adicciones\/","title":{"rendered":"Se realiz\u00f3 la \u00abRodada Ponte Pila contra el c\u00e1ncer de mama y contras las adicciones\u00bb"},"content":{"rendered":"<p><img loading=\"lazy\" decoding=\"async\" class=\"alignnone size-full wp-image-116040\" src=\"https:\/\/www.yucatanencorto.com\/noticias\/wp-content\/uploads\/2025\/10\/WhatsApp-Image-2025-10-23-at-10.17.47-scaled.jpeg\" alt=\"\" width=\"768\" height=\"512\" srcset=\"https:\/\/www.yucatanencorto.com\/noticias\/wp-content\/uploads\/2025\/10\/WhatsApp-Image-2025-10-23-at-10.17.47-scaled.jpeg 768w, https:\/\/www.yucatanencorto.com\/noticias\/wp-content\/uploads\/2025\/10\/WhatsApp-Image-2025-10-23-at-10.17.47-150x100.jpeg 150w, https:\/\/www.yucatanencorto.com\/noticias\/wp-content\/uploads\/2025\/10\/WhatsApp-Image-2025-10-23-at-10.17.47-300x200.jpeg 300w, https:\/\/www.yucatanencorto.com\/noticias\/wp-content\/uploads\/2025\/10\/WhatsApp-Image-2025-10-23-at-10.17.47-696x464.jpeg 696w, https:\/\/www.yucatanencorto.com\/noticias\/wp-content\/uploads\/2025\/10\/WhatsApp-Image-2025-10-23-at-10.17.47-1068x712.jpeg 1068w\" sizes=\"auto, (max-width: 768px) 100vw, 768px\" \/><\/p>\n<p>M\u00e1s de 300 ciclistas en un recorrido desde Santa Ana hasta el Salvador Alvarado, como parte de la Agenda Rosa del DIF Yucat\u00e1n y del programa nacional \u201cPonte Pilas\u201d de la CONADE, en el marco de Octubre Urbano impulsado por el IMDUT.<\/p>\n<p>M\u00e9rida, Yucat\u00e1n, a 23 de octubre del 2025- Con la participaci\u00f3n de m\u00e1s de 300 ciclistas, encabezados por la Presidenta del DIF, Wendy M\u00e9ndez Naal, se realiz\u00f3 la Rodada Ponte Pila contra el C\u00e1ncer de Mama y las Adicciones\u201d, una iniciativa que uni\u00f3 a instituciones, asociaciones civiles y ciudadan\u00eda en una sola causa: fomentar la salud, la prevenci\u00f3n y una movilidad m\u00e1s activa y consciente.<\/p>\n<p>El evento tuvo como punto de partida el Parque de Santa Ana, donde familias, j\u00f3venes y deportistas se reunieron para compartir una jornada que combin\u00f3 deporte, solidaridad y conciencia social.<\/p>\n<p>En el Estadio Salvador Alvarado, se llev\u00f3 a cabo una pl\u00e1tica motivacional encabezada por el Mtro. Rommel Pacheco Marrufo, Director General de la CONADE, junto a la medallista ol\u00edmpica Bel\u00e9n Guerrero, quien comparti\u00f3 su experiencia en los Juegos Ol\u00edmpicos de Atenas 2004, destacando la importancia del esfuerzo, la constancia y la disciplina para alcanzar los sue\u00f1os dentro y fuera del deporte.<\/p>\n<p>Previo al recorrido, se realiz\u00f3 una activaci\u00f3n f\u00edsica a cargo del programa nacional \u201cPonte Pilas\u201d de la CONADE, que puso a todos los participantes en movimiento con ejercicios y din\u00e1micas recreativas.<br \/>\nPosteriormente, dio inicio la rodada, que parti\u00f3 desde el Parque de Santa Ana y recorri\u00f3 las principales calles del centro de M\u00e9rida hasta llegar al Estadio Salvador Alvarado, en un ambiente de entusiasmo, uni\u00f3n y compromiso con la salud y la movilidad sustentable.<\/p>\n<p>La rodada fue organizada por la Comisi\u00f3n Nacional del Deporte (CONADE), el Instituto del Deporte del Estado de Yucat\u00e1n (IDEY), el Instituto de Movilidad y Desarrollo Urbano Territorial (IMDUT), el DIF Yucat\u00e1n y la agrupaci\u00f3n CicloTurixes A.C., quienes sumaron esfuerzos para promover la activaci\u00f3n f\u00edsica, la prevenci\u00f3n del c\u00e1ncer de mama y el combate a las adicciones.<\/p>\n<p>Durante el evento, el Director General del IMDUT, Ing. Irak Abraham Greene Marrufo, destac\u00f3 que Yucat\u00e1n es un estado bicicletero, donde la poblaci\u00f3n utiliza la bicicleta como medio de transporte o recreaci\u00f3n, y que este tipo de acciones motivan a m\u00e1s personas a sumarse a una movilidad sustentable.<br \/>\nAsimismo, reconoci\u00f3 el trabajo de CicloTurixes A.C., subrayando su constancia, compromiso y contribuci\u00f3n como aliados clave para impulsar una movilidad m\u00e1s segura y respetuosa.<\/p>\n<p>La rodada tambi\u00e9n form\u00f3 parte de la agenda de Octubre Urbano, mes en el que el IMDUT realiza foros, pintas comunitarias de pasos peatonales y actividades ciudadanas que promueven la cultura de la movilidad y el uso responsable del espacio p\u00fablico.<\/p>\n<p>De igual manera, el evento se integr\u00f3 a la Agenda Rosa, impulsada por la Mtra. Wendy M\u00e9ndez Naal, Presidenta Honoraria del DIF Yucat\u00e1n, quien ha llevado un mensaje constante de concientizaci\u00f3n sobre la detecci\u00f3n oportuna del c\u00e1ncer de mama y el acompa\u00f1amiento a mujeres y familias yucatecas.<\/p>\n<p>El Mtro. Rommel Pacheco Marrufo, desde la CONADE, resalt\u00f3 la importancia de promover la activaci\u00f3n f\u00edsica en todo el pa\u00eds mediante el programa \u201cPonte Pilas\u201d, mientras que el LEF. Armin Lizama C\u00f3rdova, Director General del IDEY, refrend\u00f3 el compromiso del deporte como herramienta de prevenci\u00f3n y bienestar.<\/p>\n<p>Entre las autoridades presentes asistieron el Mtro. Rommel Pacheco Marrufo, Director General de la CONADE; la Mtra. Zayuri Valle Valencia, Directora del CEPREDEY; el Mtro. Armando Chiquini Barahona, Director General del IIPEDEY; la Lic. Mar\u00eda Vivas Sierra, Directora del CECOLEY; la Diputada Clara Rosales; el Ing. Irak Abraham Greene Marrufo, Director General del IMDUT; el LEF. Armin Lizama C\u00f3rdova, Director General del IDEY; el C. Everardo Flores G\u00f3mez, Presidente de CicloTurixes A.C.; la Mtra. Wendy M\u00e9ndez Naal, Presidenta Honoraria del DIF Yucat\u00e1n; y la medallista ol\u00edmpica Bel\u00e9n Guerrero, entre otros.<\/p>\n<p>Al concluir el recorrido, el ambiente fue de entusiasmo y unidad, reflejando que la bicicleta no solo representa movilidad, sino tambi\u00e9n salud, equilibrio y comunidad.<\/p>\n","protected":false},"excerpt":{"rendered":"<p>M\u00e1s de 300 ciclistas en un recorrido desde Santa Ana hasta el Salvador Alvarado, como parte de la Agenda Rosa del DIF Yucat\u00e1n y del programa nacional \u201cPonte Pilas\u201d de la CONADE, en el marco de Octubre Urbano impulsado por el IMDUT. M\u00e9rida, Yucat\u00e1n, a 23 de octubre del 2025- Con la participaci\u00f3n de m\u00e1s [&hellip;]<\/p>\n","protected":false},"author":4,"featured_media":116040,"comment_status":"closed","ping_status":"closed","sticky":false,"template":"","format":"standard","meta":{"footnotes":""},"categories":[3],"tags":[],"class_list":{"0":"post-116039","1":"post","2":"type-post","3":"status-publish","4":"format-standard","5":"has-post-thumbnail","7":"category-yucatan"},"yoast_head":"<!-- This site is optimized with the Yoast SEO plugin v27.5 - https:\/\/yoast.com\/product\/yoast-seo-wordpress\/ -->\n<title>Se realiz\u00f3 la &quot;Rodada Ponte Pila contra el c\u00e1ncer de mama y contras las adicciones&quot; - Yucat\u00e1n en corto<\/title>\n<meta name=\"robots\" content=\"index, follow, max-snippet:-1, max-image-preview:large, max-video-preview:-1\" \/>\n<link rel=\"canonical\" href=\"https:\/\/www.yucatanencorto.com\/noticias\/se-realizo-la-rodada-ponte-pila-contra-el-cancer-de-mama-y-contras-las-adicciones\/\" \/>\n<meta property=\"og:locale\" content=\"es_ES\" \/>\n<meta property=\"og:type\" content=\"article\" \/>\n<meta property=\"og:title\" content=\"Se realiz\u00f3 la &quot;Rodada Ponte Pila contra el c\u00e1ncer de mama y contras las adicciones&quot; - Yucat\u00e1n en corto\" \/>\n<meta property=\"og:description\" content=\"M\u00e1s de 300 ciclistas en un recorrido desde Santa Ana hasta el Salvador Alvarado, como parte de la Agenda Rosa del DIF Yucat\u00e1n y del programa nacional \u201cPonte Pilas\u201d de la CONADE, en el marco de Octubre Urbano impulsado por el IMDUT. M\u00e9rida, Yucat\u00e1n, a 23 de octubre del 2025- Con la participaci\u00f3n de m\u00e1s [&hellip;]\" \/>\n<meta property=\"og:url\" content=\"https:\/\/www.yucatanencorto.com\/noticias\/se-realizo-la-rodada-ponte-pila-contra-el-cancer-de-mama-y-contras-las-adicciones\/\" \/>\n<meta property=\"og:site_name\" content=\"Yucat\u00e1n en corto\" \/>\n<meta property=\"article:publisher\" content=\"http:\/\/www.facebook.com\/yucatanencorto\" \/>\n<meta property=\"article:published_time\" content=\"2025-10-23T20:50:17+00:00\" \/>\n<meta property=\"og:image\" content=\"https:\/\/www.yucatanencorto.com\/noticias\/wp-content\/uploads\/2025\/10\/WhatsApp-Image-2025-10-23-at-10.17.47-scaled.jpeg\" \/>\n\t<meta property=\"og:image:width\" content=\"768\" \/>\n\t<meta property=\"og:image:height\" content=\"512\" \/>\n\t<meta property=\"og:image:type\" content=\"image\/jpeg\" \/>\n<meta name=\"author\" content=\"Yucat\u00e1n en Corto\" \/>\n<meta name=\"twitter:card\" content=\"summary_large_image\" \/>\n<meta name=\"twitter:creator\" content=\"@yucatanencorto\" \/>\n<meta name=\"twitter:site\" content=\"@yucatanencorto\" \/>\n<meta name=\"twitter:label1\" content=\"Escrito por\" \/>\n\t<meta name=\"twitter:data1\" content=\"Yucat\u00e1n en Corto\" \/>\n\t<meta name=\"twitter:label2\" content=\"Tiempo de lectura\" \/>\n\t<meta name=\"twitter:data2\" content=\"4 minutos\" \/>\n<script type=\"application\/ld+json\" class=\"yoast-schema-graph\">{\"@context\":\"https:\\\/\\\/schema.org\",\"@graph\":[{\"@type\":\"Article\",\"@id\":\"https:\\\/\\\/www.yucatanencorto.com\\\/noticias\\\/se-realizo-la-rodada-ponte-pila-contra-el-cancer-de-mama-y-contras-las-adicciones\\\/#article\",\"isPartOf\":{\"@id\":\"https:\\\/\\\/www.yucatanencorto.com\\\/noticias\\\/se-realizo-la-rodada-ponte-pila-contra-el-cancer-de-mama-y-contras-las-adicciones\\\/\"},\"author\":{\"name\":\"Yucat\u00e1n en Corto\",\"@id\":\"https:\\\/\\\/www.yucatanencorto.com\\\/noticias\\\/#\\\/schema\\\/person\\\/f0ec40c33447bbc0dc2d01d3006de771\"},\"headline\":\"Se realiz\u00f3 la \u00abRodada Ponte Pila contra el c\u00e1ncer de mama y contras las adicciones\u00bb\",\"datePublished\":\"2025-10-23T20:50:17+00:00\",\"mainEntityOfPage\":{\"@id\":\"https:\\\/\\\/www.yucatanencorto.com\\\/noticias\\\/se-realizo-la-rodada-ponte-pila-contra-el-cancer-de-mama-y-contras-las-adicciones\\\/\"},\"wordCount\":723,\"image\":{\"@id\":\"https:\\\/\\\/www.yucatanencorto.com\\\/noticias\\\/se-realizo-la-rodada-ponte-pila-contra-el-cancer-de-mama-y-contras-las-adicciones\\\/#primaryimage\"},\"thumbnailUrl\":\"https:\\\/\\\/www.yucatanencorto.com\\\/noticias\\\/wp-content\\\/uploads\\\/2025\\\/10\\\/WhatsApp-Image-2025-10-23-at-10.17.47-scaled.jpeg\",\"articleSection\":[\"Yucat\u00e1n\"],\"inLanguage\":\"es\"},{\"@type\":\"WebPage\",\"@id\":\"https:\\\/\\\/www.yucatanencorto.com\\\/noticias\\\/se-realizo-la-rodada-ponte-pila-contra-el-cancer-de-mama-y-contras-las-adicciones\\\/\",\"url\":\"https:\\\/\\\/www.yucatanencorto.com\\\/noticias\\\/se-realizo-la-rodada-ponte-pila-contra-el-cancer-de-mama-y-contras-las-adicciones\\\/\",\"name\":\"Se realiz\u00f3 la \\\"Rodada Ponte Pila contra el c\u00e1ncer de mama y contras las adicciones\\\" - Yucat\u00e1n en corto\",\"isPartOf\":{\"@id\":\"https:\\\/\\\/www.yucatanencorto.com\\\/noticias\\\/#website\"},\"primaryImageOfPage\":{\"@id\":\"https:\\\/\\\/www.yucatanencorto.com\\\/noticias\\\/se-realizo-la-rodada-ponte-pila-contra-el-cancer-de-mama-y-contras-las-adicciones\\\/#primaryimage\"},\"image\":{\"@id\":\"https:\\\/\\\/www.yucatanencorto.com\\\/noticias\\\/se-realizo-la-rodada-ponte-pila-contra-el-cancer-de-mama-y-contras-las-adicciones\\\/#primaryimage\"},\"thumbnailUrl\":\"https:\\\/\\\/www.yucatanencorto.com\\\/noticias\\\/wp-content\\\/uploads\\\/2025\\\/10\\\/WhatsApp-Image-2025-10-23-at-10.17.47-scaled.jpeg\",\"datePublished\":\"2025-10-23T20:50:17+00:00\",\"author\":{\"@id\":\"https:\\\/\\\/www.yucatanencorto.com\\\/noticias\\\/#\\\/schema\\\/person\\\/f0ec40c33447bbc0dc2d01d3006de771\"},\"breadcrumb\":{\"@id\":\"https:\\\/\\\/www.yucatanencorto.com\\\/noticias\\\/se-realizo-la-rodada-ponte-pila-contra-el-cancer-de-mama-y-contras-las-adicciones\\\/#breadcrumb\"},\"inLanguage\":\"es\",\"potentialAction\":[{\"@type\":\"ReadAction\",\"target\":[\"https:\\\/\\\/www.yucatanencorto.com\\\/noticias\\\/se-realizo-la-rodada-ponte-pila-contra-el-cancer-de-mama-y-contras-las-adicciones\\\/\"]}]},{\"@type\":\"ImageObject\",\"inLanguage\":\"es\",\"@id\":\"https:\\\/\\\/www.yucatanencorto.com\\\/noticias\\\/se-realizo-la-rodada-ponte-pila-contra-el-cancer-de-mama-y-contras-las-adicciones\\\/#primaryimage\",\"url\":\"https:\\\/\\\/www.yucatanencorto.com\\\/noticias\\\/wp-content\\\/uploads\\\/2025\\\/10\\\/WhatsApp-Image-2025-10-23-at-10.17.47-scaled.jpeg\",\"contentUrl\":\"https:\\\/\\\/www.yucatanencorto.com\\\/noticias\\\/wp-content\\\/uploads\\\/2025\\\/10\\\/WhatsApp-Image-2025-10-23-at-10.17.47-scaled.jpeg\",\"width\":768,\"height\":512},{\"@type\":\"BreadcrumbList\",\"@id\":\"https:\\\/\\\/www.yucatanencorto.com\\\/noticias\\\/se-realizo-la-rodada-ponte-pila-contra-el-cancer-de-mama-y-contras-las-adicciones\\\/#breadcrumb\",\"itemListElement\":[{\"@type\":\"ListItem\",\"position\":1,\"name\":\"Portada\",\"item\":\"https:\\\/\\\/www.yucatanencorto.com\\\/noticias\\\/\"},{\"@type\":\"ListItem\",\"position\":2,\"name\":\"Se realiz\u00f3 la \u00abRodada Ponte Pila contra el c\u00e1ncer de mama y contras las adicciones\u00bb\"}]},{\"@type\":\"WebSite\",\"@id\":\"https:\\\/\\\/www.yucatanencorto.com\\\/noticias\\\/#website\",\"url\":\"https:\\\/\\\/www.yucatanencorto.com\\\/noticias\\\/\",\"name\":\"Yucat\u00e1n en corto\",\"description\":\"Noticias\",\"potentialAction\":[{\"@type\":\"SearchAction\",\"target\":{\"@type\":\"EntryPoint\",\"urlTemplate\":\"https:\\\/\\\/www.yucatanencorto.com\\\/noticias\\\/?s={search_term_string}\"},\"query-input\":{\"@type\":\"PropertyValueSpecification\",\"valueRequired\":true,\"valueName\":\"search_term_string\"}}],\"inLanguage\":\"es\"},{\"@type\":\"Person\",\"@id\":\"https:\\\/\\\/www.yucatanencorto.com\\\/noticias\\\/#\\\/schema\\\/person\\\/f0ec40c33447bbc0dc2d01d3006de771\",\"name\":\"Yucat\u00e1n en Corto\",\"image\":{\"@type\":\"ImageObject\",\"inLanguage\":\"es\",\"@id\":\"https:\\\/\\\/secure.gravatar.com\\\/avatar\\\/20e0a6b626f38fa8e545fb3f80ce566efd790bf8877e65c3a482460cc3e0b5d1?s=96&d=mm&r=g\",\"url\":\"https:\\\/\\\/secure.gravatar.com\\\/avatar\\\/20e0a6b626f38fa8e545fb3f80ce566efd790bf8877e65c3a482460cc3e0b5d1?s=96&d=mm&r=g\",\"contentUrl\":\"https:\\\/\\\/secure.gravatar.com\\\/avatar\\\/20e0a6b626f38fa8e545fb3f80ce566efd790bf8877e65c3a482460cc3e0b5d1?s=96&d=mm&r=g\",\"caption\":\"Yucat\u00e1n en Corto\"},\"url\":\"https:\\\/\\\/www.yucatanencorto.com\\\/noticias\\\/author\\\/editor25\\\/\"}]}<\/script>\n<!-- \/ Yoast SEO plugin. -->","yoast_head_json":{"title":"Se realiz\u00f3 la \"Rodada Ponte Pila contra el c\u00e1ncer de mama y contras las adicciones\" - Yucat\u00e1n en corto","robots":{"index":"index","follow":"follow","max-snippet":"max-snippet:-1","max-image-preview":"max-image-preview:large","max-video-preview":"max-video-preview:-1"},"canonical":"https:\/\/www.yucatanencorto.com\/noticias\/se-realizo-la-rodada-ponte-pila-contra-el-cancer-de-mama-y-contras-las-adicciones\/","og_locale":"es_ES","og_type":"article","og_title":"Se realiz\u00f3 la \"Rodada Ponte Pila contra el c\u00e1ncer de mama y contras las adicciones\" - Yucat\u00e1n en corto","og_description":"M\u00e1s de 300 ciclistas en un recorrido desde Santa Ana hasta el Salvador Alvarado, como parte de la Agenda Rosa del DIF Yucat\u00e1n y del programa nacional \u201cPonte Pilas\u201d de la CONADE, en el marco de Octubre Urbano impulsado por el IMDUT. M\u00e9rida, Yucat\u00e1n, a 23 de octubre del 2025- Con la participaci\u00f3n de m\u00e1s [&hellip;]","og_url":"https:\/\/www.yucatanencorto.com\/noticias\/se-realizo-la-rodada-ponte-pila-contra-el-cancer-de-mama-y-contras-las-adicciones\/","og_site_name":"Yucat\u00e1n en corto","article_publisher":"http:\/\/www.facebook.com\/yucatanencorto","article_published_time":"2025-10-23T20:50:17+00:00","og_image":[{"width":768,"height":512,"url":"https:\/\/www.yucatanencorto.com\/noticias\/wp-content\/uploads\/2025\/10\/WhatsApp-Image-2025-10-23-at-10.17.47-scaled.jpeg","type":"image\/jpeg"}],"author":"Yucat\u00e1n en Corto","twitter_card":"summary_large_image","twitter_creator":"@yucatanencorto","twitter_site":"@yucatanencorto","twitter_misc":{"Escrito por":"Yucat\u00e1n en Corto","Tiempo de lectura":"4 minutos"},"schema":{"@context":"https:\/\/schema.org","@graph":[{"@type":"Article","@id":"https:\/\/www.yucatanencorto.com\/noticias\/se-realizo-la-rodada-ponte-pila-contra-el-cancer-de-mama-y-contras-las-adicciones\/#article","isPartOf":{"@id":"https:\/\/www.yucatanencorto.com\/noticias\/se-realizo-la-rodada-ponte-pila-contra-el-cancer-de-mama-y-contras-las-adicciones\/"},"author":{"name":"Yucat\u00e1n en Corto","@id":"https:\/\/www.yucatanencorto.com\/noticias\/#\/schema\/person\/f0ec40c33447bbc0dc2d01d3006de771"},"headline":"Se realiz\u00f3 la \u00abRodada Ponte Pila contra el c\u00e1ncer de mama y contras las adicciones\u00bb","datePublished":"2025-10-23T20:50:17+00:00","mainEntityOfPage":{"@id":"https:\/\/www.yucatanencorto.com\/noticias\/se-realizo-la-rodada-ponte-pila-contra-el-cancer-de-mama-y-contras-las-adicciones\/"},"wordCount":723,"image":{"@id":"https:\/\/www.yucatanencorto.com\/noticias\/se-realizo-la-rodada-ponte-pila-contra-el-cancer-de-mama-y-contras-las-adicciones\/#primaryimage"},"thumbnailUrl":"https:\/\/www.yucatanencorto.com\/noticias\/wp-content\/uploads\/2025\/10\/WhatsApp-Image-2025-10-23-at-10.17.47-scaled.jpeg","articleSection":["Yucat\u00e1n"],"inLanguage":"es"},{"@type":"WebPage","@id":"https:\/\/www.yucatanencorto.com\/noticias\/se-realizo-la-rodada-ponte-pila-contra-el-cancer-de-mama-y-contras-las-adicciones\/","url":"https:\/\/www.yucatanencorto.com\/noticias\/se-realizo-la-rodada-ponte-pila-contra-el-cancer-de-mama-y-contras-las-adicciones\/","name":"Se realiz\u00f3 la \"Rodada Ponte Pila contra el c\u00e1ncer de mama y contras las adicciones\" - Yucat\u00e1n en corto","isPartOf":{"@id":"https:\/\/www.yucatanencorto.com\/noticias\/#website"},"primaryImageOfPage":{"@id":"https:\/\/www.yucatanencorto.com\/noticias\/se-realizo-la-rodada-ponte-pila-contra-el-cancer-de-mama-y-contras-las-adicciones\/#primaryimage"},"image":{"@id":"https:\/\/www.yucatanencorto.com\/noticias\/se-realizo-la-rodada-ponte-pila-contra-el-cancer-de-mama-y-contras-las-adicciones\/#primaryimage"},"thumbnailUrl":"https:\/\/www.yucatanencorto.com\/noticias\/wp-content\/uploads\/2025\/10\/WhatsApp-Image-2025-10-23-at-10.17.47-scaled.jpeg","datePublished":"2025-10-23T20:50:17+00:00","author":{"@id":"https:\/\/www.yucatanencorto.com\/noticias\/#\/schema\/person\/f0ec40c33447bbc0dc2d01d3006de771"},"breadcrumb":{"@id":"https:\/\/www.yucatanencorto.com\/noticias\/se-realizo-la-rodada-ponte-pila-contra-el-cancer-de-mama-y-contras-las-adicciones\/#breadcrumb"},"inLanguage":"es","potentialAction":[{"@type":"ReadAction","target":["https:\/\/www.yucatanencorto.com\/noticias\/se-realizo-la-rodada-ponte-pila-contra-el-cancer-de-mama-y-contras-las-adicciones\/"]}]},{"@type":"ImageObject","inLanguage":"es","@id":"https:\/\/www.yucatanencorto.com\/noticias\/se-realizo-la-rodada-ponte-pila-contra-el-cancer-de-mama-y-contras-las-adicciones\/#primaryimage","url":"https:\/\/www.yucatanencorto.com\/noticias\/wp-content\/uploads\/2025\/10\/WhatsApp-Image-2025-10-23-at-10.17.47-scaled.jpeg","contentUrl":"https:\/\/www.yucatanencorto.com\/noticias\/wp-content\/uploads\/2025\/10\/WhatsApp-Image-2025-10-23-at-10.17.47-scaled.jpeg","width":768,"height":512},{"@type":"BreadcrumbList","@id":"https:\/\/www.yucatanencorto.com\/noticias\/se-realizo-la-rodada-ponte-pila-contra-el-cancer-de-mama-y-contras-las-adicciones\/#breadcrumb","itemListElement":[{"@type":"ListItem","position":1,"name":"Portada","item":"https:\/\/www.yucatanencorto.com\/noticias\/"},{"@type":"ListItem","position":2,"name":"Se realiz\u00f3 la \u00abRodada Ponte Pila contra el c\u00e1ncer de mama y contras las adicciones\u00bb"}]},{"@type":"WebSite","@id":"https:\/\/www.yucatanencorto.com\/noticias\/#website","url":"https:\/\/www.yucatanencorto.com\/noticias\/","name":"Yucat\u00e1n en corto","description":"Noticias","potentialAction":[{"@type":"SearchAction","target":{"@type":"EntryPoint","urlTemplate":"https:\/\/www.yucatanencorto.com\/noticias\/?s={search_term_string}"},"query-input":{"@type":"PropertyValueSpecification","valueRequired":true,"valueName":"search_term_string"}}],"inLanguage":"es"},{"@type":"Person","@id":"https:\/\/www.yucatanencorto.com\/noticias\/#\/schema\/person\/f0ec40c33447bbc0dc2d01d3006de771","name":"Yucat\u00e1n en Corto","image":{"@type":"ImageObject","inLanguage":"es","@id":"https:\/\/secure.gravatar.com\/avatar\/20e0a6b626f38fa8e545fb3f80ce566efd790bf8877e65c3a482460cc3e0b5d1?s=96&d=mm&r=g","url":"https:\/\/secure.gravatar.com\/avatar\/20e0a6b626f38fa8e545fb3f80ce566efd790bf8877e65c3a482460cc3e0b5d1?s=96&d=mm&r=g","contentUrl":"https:\/\/secure.gravatar.com\/avatar\/20e0a6b626f38fa8e545fb3f80ce566efd790bf8877e65c3a482460cc3e0b5d1?s=96&d=mm&r=g","caption":"Yucat\u00e1n en Corto"},"url":"https:\/\/www.yucatanencorto.com\/noticias\/author\/editor25\/"}]}},"_links":{"self":[{"href":"https:\/\/www.yucatanencorto.com\/noticias\/wp-json\/wp\/v2\/posts\/116039","targetHints":{"allow":["GET"]}}],"collection":[{"href":"https:\/\/www.yucatanencorto.com\/noticias\/wp-json\/wp\/v2\/posts"}],"about":[{"href":"https:\/\/www.yucatanencorto.com\/noticias\/wp-json\/wp\/v2\/types\/post"}],"author":[{"embeddable":true,"href":"https:\/\/www.yucatanencorto.com\/noticias\/wp-json\/wp\/v2\/users\/4"}],"replies":[{"embeddable":true,"href":"https:\/\/www.yucatanencorto.com\/noticias\/wp-json\/wp\/v2\/comments?post=116039"}],"version-history":[{"count":1,"href":"https:\/\/www.yucatanencorto.com\/noticias\/wp-json\/wp\/v2\/posts\/116039\/revisions"}],"predecessor-version":[{"id":116041,"href":"https:\/\/www.yucatanencorto.com\/noticias\/wp-json\/wp\/v2\/posts\/116039\/revisions\/116041"}],"wp:featuredmedia":[{"embeddable":true,"href":"https:\/\/www.yucatanencorto.com\/noticias\/wp-json\/wp\/v2\/media\/116040"}],"wp:attachment":[{"href":"https:\/\/www.yucatanencorto.com\/noticias\/wp-json\/wp\/v2\/media?parent=116039"}],"wp:term":[{"taxonomy":"category","embeddable":true,"href":"https:\/\/www.yucatanencorto.com\/noticias\/wp-json\/wp\/v2\/categories?post=116039"},{"taxonomy":"post_tag","embeddable":true,"href":"https:\/\/www.yucatanencorto.com\/noticias\/wp-json\/wp\/v2\/tags?post=116039"}],"curies":[{"name":"wp","href":"https:\/\/api.w.org\/{rel}","templated":true}]}}