{"id":116042,"date":"2025-10-23T14:51:33","date_gmt":"2025-10-23T20:51:33","guid":{"rendered":"https:\/\/www.yucatanencorto.com\/noticias\/?p=116042"},"modified":"2025-10-23T14:51:33","modified_gmt":"2025-10-23T20:51:33","slug":"jornada-de-reclutamiento-de-aspirantes-a-policias-estatales","status":"publish","type":"post","link":"https:\/\/www.yucatanencorto.com\/noticias\/jornada-de-reclutamiento-de-aspirantes-a-policias-estatales\/","title":{"rendered":"JORNADA DE RECLUTAMIENTO DE ASPIRANTES A POLIC\u00cdAS ESTATALES"},"content":{"rendered":"<p><img loading=\"lazy\" decoding=\"async\" class=\"alignnone size-full wp-image-116043\" src=\"https:\/\/www.yucatanencorto.com\/noticias\/wp-content\/uploads\/2025\/10\/WhatsApp-Image-2025-10-23-at-11.42.29-scaled.jpeg\" alt=\"\" width=\"768\" height=\"511\" srcset=\"https:\/\/www.yucatanencorto.com\/noticias\/wp-content\/uploads\/2025\/10\/WhatsApp-Image-2025-10-23-at-11.42.29-scaled.jpeg 768w, https:\/\/www.yucatanencorto.com\/noticias\/wp-content\/uploads\/2025\/10\/WhatsApp-Image-2025-10-23-at-11.42.29-150x100.jpeg 150w, https:\/\/www.yucatanencorto.com\/noticias\/wp-content\/uploads\/2025\/10\/WhatsApp-Image-2025-10-23-at-11.42.29-300x200.jpeg 300w, https:\/\/www.yucatanencorto.com\/noticias\/wp-content\/uploads\/2025\/10\/WhatsApp-Image-2025-10-23-at-11.42.29-696x463.jpeg 696w, https:\/\/www.yucatanencorto.com\/noticias\/wp-content\/uploads\/2025\/10\/WhatsApp-Image-2025-10-23-at-11.42.29-1068x711.jpeg 1068w\" sizes=\"auto, (max-width: 768px) 100vw, 768px\" \/><\/p>\n<p>Como parte de las acciones para fortalecer el cuerpo policial del estado, la Secretar\u00eda de Seguridad P\u00fablica (SSP) llev\u00f3 a cabo una jornada de reclutamiento de personal en las instalaciones de la Universidad Tecnol\u00f3gica del Poniente, ubicada en el municipio de Maxcan\u00fa.<\/p>\n<p>Durante la actividad, 54 aspirantes participaron en una serie de pl\u00e1ticas informativas, demostraciones de drones y pruebas f\u00edsicas, con el prop\u00f3sito de conocer los requisitos, valores y responsabilidades que implica formar parte de la corporaci\u00f3n.<\/p>\n<p>El personal de la SSP explic\u00f3 a los asistentes los beneficios de pertenecer a la instituci\u00f3n, entre ellos la capacitaci\u00f3n constante, oportunidades de crecimiento y el compromiso con la seguridad y el bienestar de las y los yucatecos.<\/p>\n<p>Les explicaron que, entre otras prestaciones, el personal operativo tiene acceso a cr\u00e9ditos del Infonavit y que sus hijos son beneficiarios de becas escolares completas en instituciones p\u00fablicas y privadas.<\/p>\n<p>Como parte de esta estrategia, la Secretar\u00eda inform\u00f3 que pr\u00f3ximamente se estar\u00e1n realizando jornadas de reclutamiento en los municipios de Ticul y Valladolid, con el objetivo de continuar sumando talento comprometido con el servicio a la comunidad.<\/p>\n<p>El pr\u00f3ximo 28 de Octubre se llevar\u00e1 a cabo el proceso en Valladolid en las instalaciones de la Universidad de Oriente, y el 30 de octubre en Ticul en la Escuela Normal de Ticul Yucat\u00e1n (ENTY) los aspirante deber\u00e1n presentarse con ropa deportiva para pruebas f\u00edsicas. El proceso se llevar\u00e1 a cabo a partir de las 3:30pm.<\/p>\n<p>Para m\u00e1s informaci\u00f3n, comunicarse a la Comisi\u00f3n de Servicio al tel\u00e9fono 999 930 32 00, extensiones 49011, 49039 y 49141.<\/p>\n","protected":false},"excerpt":{"rendered":"<p>Como parte de las acciones para fortalecer el cuerpo policial del estado, la Secretar\u00eda de Seguridad P\u00fablica (SSP) llev\u00f3 a cabo una jornada de reclutamiento de personal en las instalaciones de la Universidad Tecnol\u00f3gica del Poniente, ubicada en el municipio de Maxcan\u00fa. Durante la actividad, 54 aspirantes participaron en una serie de pl\u00e1ticas informativas, demostraciones [&hellip;]<\/p>\n","protected":false},"author":4,"featured_media":116043,"comment_status":"closed","ping_status":"closed","sticky":false,"template":"","format":"standard","meta":{"footnotes":""},"categories":[3],"tags":[],"class_list":{"0":"post-116042","1":"post","2":"type-post","3":"status-publish","4":"format-standard","5":"has-post-thumbnail","7":"category-yucatan"},"yoast_head":"<!-- This site is optimized with the Yoast SEO plugin v27.5 - https:\/\/yoast.com\/product\/yoast-seo-wordpress\/ -->\n<title>JORNADA DE RECLUTAMIENTO DE ASPIRANTES A POLIC\u00cdAS ESTATALES - Yucat\u00e1n en corto<\/title>\n<meta name=\"robots\" content=\"index, follow, max-snippet:-1, max-image-preview:large, max-video-preview:-1\" \/>\n<link rel=\"canonical\" href=\"https:\/\/www.yucatanencorto.com\/noticias\/jornada-de-reclutamiento-de-aspirantes-a-policias-estatales\/\" \/>\n<meta property=\"og:locale\" content=\"es_ES\" \/>\n<meta property=\"og:type\" content=\"article\" \/>\n<meta property=\"og:title\" content=\"JORNADA DE RECLUTAMIENTO DE ASPIRANTES A POLIC\u00cdAS ESTATALES - Yucat\u00e1n en corto\" \/>\n<meta property=\"og:description\" content=\"Como parte de las acciones para fortalecer el cuerpo policial del estado, la Secretar\u00eda de Seguridad P\u00fablica (SSP) llev\u00f3 a cabo una jornada de reclutamiento de personal en las instalaciones de la Universidad Tecnol\u00f3gica del Poniente, ubicada en el municipio de Maxcan\u00fa. Durante la actividad, 54 aspirantes participaron en una serie de pl\u00e1ticas informativas, demostraciones [&hellip;]\" \/>\n<meta property=\"og:url\" content=\"https:\/\/www.yucatanencorto.com\/noticias\/jornada-de-reclutamiento-de-aspirantes-a-policias-estatales\/\" \/>\n<meta property=\"og:site_name\" content=\"Yucat\u00e1n en corto\" \/>\n<meta property=\"article:publisher\" content=\"http:\/\/www.facebook.com\/yucatanencorto\" \/>\n<meta property=\"article:published_time\" content=\"2025-10-23T20:51:33+00:00\" \/>\n<meta property=\"og:image\" content=\"https:\/\/www.yucatanencorto.com\/noticias\/wp-content\/uploads\/2025\/10\/WhatsApp-Image-2025-10-23-at-11.42.29-scaled.jpeg\" \/>\n\t<meta property=\"og:image:width\" content=\"768\" \/>\n\t<meta property=\"og:image:height\" content=\"511\" \/>\n\t<meta property=\"og:image:type\" content=\"image\/jpeg\" \/>\n<meta name=\"author\" content=\"Yucat\u00e1n en Corto\" \/>\n<meta name=\"twitter:card\" content=\"summary_large_image\" \/>\n<meta name=\"twitter:creator\" content=\"@yucatanencorto\" \/>\n<meta name=\"twitter:site\" content=\"@yucatanencorto\" \/>\n<meta name=\"twitter:label1\" content=\"Escrito por\" \/>\n\t<meta name=\"twitter:data1\" content=\"Yucat\u00e1n en Corto\" \/>\n\t<meta name=\"twitter:label2\" content=\"Tiempo de lectura\" \/>\n\t<meta name=\"twitter:data2\" content=\"2 minutos\" \/>\n<script type=\"application\/ld+json\" class=\"yoast-schema-graph\">{\"@context\":\"https:\\\/\\\/schema.org\",\"@graph\":[{\"@type\":\"Article\",\"@id\":\"https:\\\/\\\/www.yucatanencorto.com\\\/noticias\\\/jornada-de-reclutamiento-de-aspirantes-a-policias-estatales\\\/#article\",\"isPartOf\":{\"@id\":\"https:\\\/\\\/www.yucatanencorto.com\\\/noticias\\\/jornada-de-reclutamiento-de-aspirantes-a-policias-estatales\\\/\"},\"author\":{\"name\":\"Yucat\u00e1n en Corto\",\"@id\":\"https:\\\/\\\/www.yucatanencorto.com\\\/noticias\\\/#\\\/schema\\\/person\\\/f0ec40c33447bbc0dc2d01d3006de771\"},\"headline\":\"JORNADA DE RECLUTAMIENTO DE ASPIRANTES A POLIC\u00cdAS ESTATALES\",\"datePublished\":\"2025-10-23T20:51:33+00:00\",\"mainEntityOfPage\":{\"@id\":\"https:\\\/\\\/www.yucatanencorto.com\\\/noticias\\\/jornada-de-reclutamiento-de-aspirantes-a-policias-estatales\\\/\"},\"wordCount\":280,\"image\":{\"@id\":\"https:\\\/\\\/www.yucatanencorto.com\\\/noticias\\\/jornada-de-reclutamiento-de-aspirantes-a-policias-estatales\\\/#primaryimage\"},\"thumbnailUrl\":\"https:\\\/\\\/www.yucatanencorto.com\\\/noticias\\\/wp-content\\\/uploads\\\/2025\\\/10\\\/WhatsApp-Image-2025-10-23-at-11.42.29-scaled.jpeg\",\"articleSection\":[\"Yucat\u00e1n\"],\"inLanguage\":\"es\"},{\"@type\":\"WebPage\",\"@id\":\"https:\\\/\\\/www.yucatanencorto.com\\\/noticias\\\/jornada-de-reclutamiento-de-aspirantes-a-policias-estatales\\\/\",\"url\":\"https:\\\/\\\/www.yucatanencorto.com\\\/noticias\\\/jornada-de-reclutamiento-de-aspirantes-a-policias-estatales\\\/\",\"name\":\"JORNADA DE RECLUTAMIENTO DE ASPIRANTES A POLIC\u00cdAS ESTATALES - Yucat\u00e1n en corto\",\"isPartOf\":{\"@id\":\"https:\\\/\\\/www.yucatanencorto.com\\\/noticias\\\/#website\"},\"primaryImageOfPage\":{\"@id\":\"https:\\\/\\\/www.yucatanencorto.com\\\/noticias\\\/jornada-de-reclutamiento-de-aspirantes-a-policias-estatales\\\/#primaryimage\"},\"image\":{\"@id\":\"https:\\\/\\\/www.yucatanencorto.com\\\/noticias\\\/jornada-de-reclutamiento-de-aspirantes-a-policias-estatales\\\/#primaryimage\"},\"thumbnailUrl\":\"https:\\\/\\\/www.yucatanencorto.com\\\/noticias\\\/wp-content\\\/uploads\\\/2025\\\/10\\\/WhatsApp-Image-2025-10-23-at-11.42.29-scaled.jpeg\",\"datePublished\":\"2025-10-23T20:51:33+00:00\",\"author\":{\"@id\":\"https:\\\/\\\/www.yucatanencorto.com\\\/noticias\\\/#\\\/schema\\\/person\\\/f0ec40c33447bbc0dc2d01d3006de771\"},\"breadcrumb\":{\"@id\":\"https:\\\/\\\/www.yucatanencorto.com\\\/noticias\\\/jornada-de-reclutamiento-de-aspirantes-a-policias-estatales\\\/#breadcrumb\"},\"inLanguage\":\"es\",\"potentialAction\":[{\"@type\":\"ReadAction\",\"target\":[\"https:\\\/\\\/www.yucatanencorto.com\\\/noticias\\\/jornada-de-reclutamiento-de-aspirantes-a-policias-estatales\\\/\"]}]},{\"@type\":\"ImageObject\",\"inLanguage\":\"es\",\"@id\":\"https:\\\/\\\/www.yucatanencorto.com\\\/noticias\\\/jornada-de-reclutamiento-de-aspirantes-a-policias-estatales\\\/#primaryimage\",\"url\":\"https:\\\/\\\/www.yucatanencorto.com\\\/noticias\\\/wp-content\\\/uploads\\\/2025\\\/10\\\/WhatsApp-Image-2025-10-23-at-11.42.29-scaled.jpeg\",\"contentUrl\":\"https:\\\/\\\/www.yucatanencorto.com\\\/noticias\\\/wp-content\\\/uploads\\\/2025\\\/10\\\/WhatsApp-Image-2025-10-23-at-11.42.29-scaled.jpeg\",\"width\":768,\"height\":511},{\"@type\":\"BreadcrumbList\",\"@id\":\"https:\\\/\\\/www.yucatanencorto.com\\\/noticias\\\/jornada-de-reclutamiento-de-aspirantes-a-policias-estatales\\\/#breadcrumb\",\"itemListElement\":[{\"@type\":\"ListItem\",\"position\":1,\"name\":\"Portada\",\"item\":\"https:\\\/\\\/www.yucatanencorto.com\\\/noticias\\\/\"},{\"@type\":\"ListItem\",\"position\":2,\"name\":\"JORNADA DE RECLUTAMIENTO DE ASPIRANTES A POLIC\u00cdAS ESTATALES\"}]},{\"@type\":\"WebSite\",\"@id\":\"https:\\\/\\\/www.yucatanencorto.com\\\/noticias\\\/#website\",\"url\":\"https:\\\/\\\/www.yucatanencorto.com\\\/noticias\\\/\",\"name\":\"Yucat\u00e1n en corto\",\"description\":\"Noticias\",\"potentialAction\":[{\"@type\":\"SearchAction\",\"target\":{\"@type\":\"EntryPoint\",\"urlTemplate\":\"https:\\\/\\\/www.yucatanencorto.com\\\/noticias\\\/?s={search_term_string}\"},\"query-input\":{\"@type\":\"PropertyValueSpecification\",\"valueRequired\":true,\"valueName\":\"search_term_string\"}}],\"inLanguage\":\"es\"},{\"@type\":\"Person\",\"@id\":\"https:\\\/\\\/www.yucatanencorto.com\\\/noticias\\\/#\\\/schema\\\/person\\\/f0ec40c33447bbc0dc2d01d3006de771\",\"name\":\"Yucat\u00e1n en Corto\",\"image\":{\"@type\":\"ImageObject\",\"inLanguage\":\"es\",\"@id\":\"https:\\\/\\\/secure.gravatar.com\\\/avatar\\\/20e0a6b626f38fa8e545fb3f80ce566efd790bf8877e65c3a482460cc3e0b5d1?s=96&d=mm&r=g\",\"url\":\"https:\\\/\\\/secure.gravatar.com\\\/avatar\\\/20e0a6b626f38fa8e545fb3f80ce566efd790bf8877e65c3a482460cc3e0b5d1?s=96&d=mm&r=g\",\"contentUrl\":\"https:\\\/\\\/secure.gravatar.com\\\/avatar\\\/20e0a6b626f38fa8e545fb3f80ce566efd790bf8877e65c3a482460cc3e0b5d1?s=96&d=mm&r=g\",\"caption\":\"Yucat\u00e1n en Corto\"},\"url\":\"https:\\\/\\\/www.yucatanencorto.com\\\/noticias\\\/author\\\/editor25\\\/\"}]}<\/script>\n<!-- \/ Yoast SEO plugin. -->","yoast_head_json":{"title":"JORNADA DE RECLUTAMIENTO DE ASPIRANTES A POLIC\u00cdAS ESTATALES - Yucat\u00e1n en corto","robots":{"index":"index","follow":"follow","max-snippet":"max-snippet:-1","max-image-preview":"max-image-preview:large","max-video-preview":"max-video-preview:-1"},"canonical":"https:\/\/www.yucatanencorto.com\/noticias\/jornada-de-reclutamiento-de-aspirantes-a-policias-estatales\/","og_locale":"es_ES","og_type":"article","og_title":"JORNADA DE RECLUTAMIENTO DE ASPIRANTES A POLIC\u00cdAS ESTATALES - Yucat\u00e1n en corto","og_description":"Como parte de las acciones para fortalecer el cuerpo policial del estado, la Secretar\u00eda de Seguridad P\u00fablica (SSP) llev\u00f3 a cabo una jornada de reclutamiento de personal en las instalaciones de la Universidad Tecnol\u00f3gica del Poniente, ubicada en el municipio de Maxcan\u00fa. Durante la actividad, 54 aspirantes participaron en una serie de pl\u00e1ticas informativas, demostraciones [&hellip;]","og_url":"https:\/\/www.yucatanencorto.com\/noticias\/jornada-de-reclutamiento-de-aspirantes-a-policias-estatales\/","og_site_name":"Yucat\u00e1n en corto","article_publisher":"http:\/\/www.facebook.com\/yucatanencorto","article_published_time":"2025-10-23T20:51:33+00:00","og_image":[{"width":768,"height":511,"url":"https:\/\/www.yucatanencorto.com\/noticias\/wp-content\/uploads\/2025\/10\/WhatsApp-Image-2025-10-23-at-11.42.29-scaled.jpeg","type":"image\/jpeg"}],"author":"Yucat\u00e1n en Corto","twitter_card":"summary_large_image","twitter_creator":"@yucatanencorto","twitter_site":"@yucatanencorto","twitter_misc":{"Escrito por":"Yucat\u00e1n en Corto","Tiempo de lectura":"2 minutos"},"schema":{"@context":"https:\/\/schema.org","@graph":[{"@type":"Article","@id":"https:\/\/www.yucatanencorto.com\/noticias\/jornada-de-reclutamiento-de-aspirantes-a-policias-estatales\/#article","isPartOf":{"@id":"https:\/\/www.yucatanencorto.com\/noticias\/jornada-de-reclutamiento-de-aspirantes-a-policias-estatales\/"},"author":{"name":"Yucat\u00e1n en Corto","@id":"https:\/\/www.yucatanencorto.com\/noticias\/#\/schema\/person\/f0ec40c33447bbc0dc2d01d3006de771"},"headline":"JORNADA DE RECLUTAMIENTO DE ASPIRANTES A POLIC\u00cdAS ESTATALES","datePublished":"2025-10-23T20:51:33+00:00","mainEntityOfPage":{"@id":"https:\/\/www.yucatanencorto.com\/noticias\/jornada-de-reclutamiento-de-aspirantes-a-policias-estatales\/"},"wordCount":280,"image":{"@id":"https:\/\/www.yucatanencorto.com\/noticias\/jornada-de-reclutamiento-de-aspirantes-a-policias-estatales\/#primaryimage"},"thumbnailUrl":"https:\/\/www.yucatanencorto.com\/noticias\/wp-content\/uploads\/2025\/10\/WhatsApp-Image-2025-10-23-at-11.42.29-scaled.jpeg","articleSection":["Yucat\u00e1n"],"inLanguage":"es"},{"@type":"WebPage","@id":"https:\/\/www.yucatanencorto.com\/noticias\/jornada-de-reclutamiento-de-aspirantes-a-policias-estatales\/","url":"https:\/\/www.yucatanencorto.com\/noticias\/jornada-de-reclutamiento-de-aspirantes-a-policias-estatales\/","name":"JORNADA DE RECLUTAMIENTO DE ASPIRANTES A POLIC\u00cdAS ESTATALES - Yucat\u00e1n en corto","isPartOf":{"@id":"https:\/\/www.yucatanencorto.com\/noticias\/#website"},"primaryImageOfPage":{"@id":"https:\/\/www.yucatanencorto.com\/noticias\/jornada-de-reclutamiento-de-aspirantes-a-policias-estatales\/#primaryimage"},"image":{"@id":"https:\/\/www.yucatanencorto.com\/noticias\/jornada-de-reclutamiento-de-aspirantes-a-policias-estatales\/#primaryimage"},"thumbnailUrl":"https:\/\/www.yucatanencorto.com\/noticias\/wp-content\/uploads\/2025\/10\/WhatsApp-Image-2025-10-23-at-11.42.29-scaled.jpeg","datePublished":"2025-10-23T20:51:33+00:00","author":{"@id":"https:\/\/www.yucatanencorto.com\/noticias\/#\/schema\/person\/f0ec40c33447bbc0dc2d01d3006de771"},"breadcrumb":{"@id":"https:\/\/www.yucatanencorto.com\/noticias\/jornada-de-reclutamiento-de-aspirantes-a-policias-estatales\/#breadcrumb"},"inLanguage":"es","potentialAction":[{"@type":"ReadAction","target":["https:\/\/www.yucatanencorto.com\/noticias\/jornada-de-reclutamiento-de-aspirantes-a-policias-estatales\/"]}]},{"@type":"ImageObject","inLanguage":"es","@id":"https:\/\/www.yucatanencorto.com\/noticias\/jornada-de-reclutamiento-de-aspirantes-a-policias-estatales\/#primaryimage","url":"https:\/\/www.yucatanencorto.com\/noticias\/wp-content\/uploads\/2025\/10\/WhatsApp-Image-2025-10-23-at-11.42.29-scaled.jpeg","contentUrl":"https:\/\/www.yucatanencorto.com\/noticias\/wp-content\/uploads\/2025\/10\/WhatsApp-Image-2025-10-23-at-11.42.29-scaled.jpeg","width":768,"height":511},{"@type":"BreadcrumbList","@id":"https:\/\/www.yucatanencorto.com\/noticias\/jornada-de-reclutamiento-de-aspirantes-a-policias-estatales\/#breadcrumb","itemListElement":[{"@type":"ListItem","position":1,"name":"Portada","item":"https:\/\/www.yucatanencorto.com\/noticias\/"},{"@type":"ListItem","position":2,"name":"JORNADA DE RECLUTAMIENTO DE ASPIRANTES A POLIC\u00cdAS ESTATALES"}]},{"@type":"WebSite","@id":"https:\/\/www.yucatanencorto.com\/noticias\/#website","url":"https:\/\/www.yucatanencorto.com\/noticias\/","name":"Yucat\u00e1n en corto","description":"Noticias","potentialAction":[{"@type":"SearchAction","target":{"@type":"EntryPoint","urlTemplate":"https:\/\/www.yucatanencorto.com\/noticias\/?s={search_term_string}"},"query-input":{"@type":"PropertyValueSpecification","valueRequired":true,"valueName":"search_term_string"}}],"inLanguage":"es"},{"@type":"Person","@id":"https:\/\/www.yucatanencorto.com\/noticias\/#\/schema\/person\/f0ec40c33447bbc0dc2d01d3006de771","name":"Yucat\u00e1n en Corto","image":{"@type":"ImageObject","inLanguage":"es","@id":"https:\/\/secure.gravatar.com\/avatar\/20e0a6b626f38fa8e545fb3f80ce566efd790bf8877e65c3a482460cc3e0b5d1?s=96&d=mm&r=g","url":"https:\/\/secure.gravatar.com\/avatar\/20e0a6b626f38fa8e545fb3f80ce566efd790bf8877e65c3a482460cc3e0b5d1?s=96&d=mm&r=g","contentUrl":"https:\/\/secure.gravatar.com\/avatar\/20e0a6b626f38fa8e545fb3f80ce566efd790bf8877e65c3a482460cc3e0b5d1?s=96&d=mm&r=g","caption":"Yucat\u00e1n en Corto"},"url":"https:\/\/www.yucatanencorto.com\/noticias\/author\/editor25\/"}]}},"_links":{"self":[{"href":"https:\/\/www.yucatanencorto.com\/noticias\/wp-json\/wp\/v2\/posts\/116042","targetHints":{"allow":["GET"]}}],"collection":[{"href":"https:\/\/www.yucatanencorto.com\/noticias\/wp-json\/wp\/v2\/posts"}],"about":[{"href":"https:\/\/www.yucatanencorto.com\/noticias\/wp-json\/wp\/v2\/types\/post"}],"author":[{"embeddable":true,"href":"https:\/\/www.yucatanencorto.com\/noticias\/wp-json\/wp\/v2\/users\/4"}],"replies":[{"embeddable":true,"href":"https:\/\/www.yucatanencorto.com\/noticias\/wp-json\/wp\/v2\/comments?post=116042"}],"version-history":[{"count":1,"href":"https:\/\/www.yucatanencorto.com\/noticias\/wp-json\/wp\/v2\/posts\/116042\/revisions"}],"predecessor-version":[{"id":116044,"href":"https:\/\/www.yucatanencorto.com\/noticias\/wp-json\/wp\/v2\/posts\/116042\/revisions\/116044"}],"wp:featuredmedia":[{"embeddable":true,"href":"https:\/\/www.yucatanencorto.com\/noticias\/wp-json\/wp\/v2\/media\/116043"}],"wp:attachment":[{"href":"https:\/\/www.yucatanencorto.com\/noticias\/wp-json\/wp\/v2\/media?parent=116042"}],"wp:term":[{"taxonomy":"category","embeddable":true,"href":"https:\/\/www.yucatanencorto.com\/noticias\/wp-json\/wp\/v2\/categories?post=116042"},{"taxonomy":"post_tag","embeddable":true,"href":"https:\/\/www.yucatanencorto.com\/noticias\/wp-json\/wp\/v2\/tags?post=116042"}],"curies":[{"name":"wp","href":"https:\/\/api.w.org\/{rel}","templated":true}]}}