{"id":116061,"date":"2025-10-28T10:32:18","date_gmt":"2025-10-28T16:32:18","guid":{"rendered":"https:\/\/www.yucatanencorto.com\/noticias\/?p=116061"},"modified":"2025-10-28T10:32:18","modified_gmt":"2025-10-28T16:32:18","slug":"nina-tira-a-su-hermana-recien-nacida-de-un-cuarto-piso-aseguran-fue-arranque-de-celos-tras-su-llegada-a-la-familia","status":"publish","type":"post","link":"https:\/\/www.yucatanencorto.com\/noticias\/nina-tira-a-su-hermana-recien-nacida-de-un-cuarto-piso-aseguran-fue-arranque-de-celos-tras-su-llegada-a-la-familia\/","title":{"rendered":"Ni\u00f1a tira a su hermana reci\u00e9n nacida de un cuarto piso, aseguran fue arranque de \u00abcelos\u00bb tras su llegada a la familia"},"content":{"rendered":"<p data-t=\"{&quot;n&quot;:&quot;blueLinks&quot;,&quot;t&quot;:13,&quot;a&quot;:&quot;click&quot;,&quot;b&quot;:76}\"><img loading=\"lazy\" decoding=\"async\" class=\"alignnone size-full wp-image-116062\" src=\"https:\/\/www.yucatanencorto.com\/noticias\/wp-content\/uploads\/2025\/10\/photo-1542361345-89e58247f2d5-scaled.jpeg\" alt=\"\" width=\"768\" height=\"512\" srcset=\"https:\/\/www.yucatanencorto.com\/noticias\/wp-content\/uploads\/2025\/10\/photo-1542361345-89e58247f2d5-scaled.jpeg 768w, https:\/\/www.yucatanencorto.com\/noticias\/wp-content\/uploads\/2025\/10\/photo-1542361345-89e58247f2d5-1536x1024.jpeg 1536w, https:\/\/www.yucatanencorto.com\/noticias\/wp-content\/uploads\/2025\/10\/photo-1542361345-89e58247f2d5-2048x1365.jpeg 2048w, https:\/\/www.yucatanencorto.com\/noticias\/wp-content\/uploads\/2025\/10\/photo-1542361345-89e58247f2d5-150x100.jpeg 150w, https:\/\/www.yucatanencorto.com\/noticias\/wp-content\/uploads\/2025\/10\/photo-1542361345-89e58247f2d5-300x200.jpeg 300w, https:\/\/www.yucatanencorto.com\/noticias\/wp-content\/uploads\/2025\/10\/photo-1542361345-89e58247f2d5-696x464.jpeg 696w, https:\/\/www.yucatanencorto.com\/noticias\/wp-content\/uploads\/2025\/10\/photo-1542361345-89e58247f2d5-1068x712.jpeg 1068w, https:\/\/www.yucatanencorto.com\/noticias\/wp-content\/uploads\/2025\/10\/photo-1542361345-89e58247f2d5-1920x1280.jpeg 1920w\" sizes=\"auto, (max-width: 768px) 100vw, 768px\" \/><\/p>\n<p data-t=\"{&quot;n&quot;:&quot;blueLinks&quot;,&quot;t&quot;:13,&quot;a&quot;:&quot;click&quot;,&quot;b&quot;:76}\">Una familia perdi\u00f3\u00a0tr\u00e1gicamente\u00a0a su beb\u00e9 de 21\u00a0d\u00edas\u00a0de edad. Su\u00a0hermana, de 5\u00a0a\u00f1os, lo arroj\u00f3 de un cuarto piso, hechos ocurridos mientras no ten\u00edan ninguna supervisi\u00f3n parental, en la aldea de Vasilyvevo, en Tartarist\u00e1n, situado al oeste de\u00a0Rusia.<\/p>\n<p data-t=\"{&quot;n&quot;:&quot;blueLinks&quot;,&quot;t&quot;:13,&quot;a&quot;:&quot;click&quot;,&quot;b&quot;:76}\">Las versiones preliminares indican que la\u00a0hermana\u00a0empuj\u00f3 al\u00a0beb\u00e9\u00a0por la ventana ante los celos que le generaron la llegada del reci\u00e9n nacido al c\u00edrculo\u00a0familiar, seg\u00fan mencion\u00f3 el Comit\u00e9 de Investigaci\u00f3n de Rusia. Sin embargo, contin\u00faa la pesquisa y las investigaciones para esclarecer lo ocurrido y deslindar responsabilidades sobre la\u00a0muerte.<\/p>\n<p>\u201cSe est\u00e1n examinando las acciones de los padres que dejaron a los ni\u00f1os sin supervisi\u00f3n, as\u00ed como otros posibles escenarios\u201d, menciona el\u00a0comunicado oficial.<\/p>\n<div>\n<h2 class=\"article-sub-heading\">Vecinos oyeron gritos antes de la ca\u00edda<\/h2>\n<\/div>\n<p class=\"continue-read-break\" data-t=\"{&quot;n&quot;:&quot;blueLinks&quot;,&quot;t&quot;:13,&quot;a&quot;:&quot;click&quot;,&quot;b&quot;:76}\">Vecinos aseguran haber o\u00eddo una serie de gritas de la\u00a0hermana\u00a0mayo desde una ventana y momentos despu\u00e9s apareci\u00f3 el\u00a0beb\u00e9\u00a0inerte en el suelo, tras la\u00a0brutal\u00a0ca\u00edda. Los servicios de emergencia acudieron para atender al peque\u00f1o, quien ya no contaba con signos vitales.<\/p>\n<p data-t=\"{&quot;n&quot;:&quot;blueLinks&quot;,&quot;t&quot;:13,&quot;a&quot;:&quot;click&quot;,&quot;b&quot;:76}\">Medios locales aseguran que la\u00a0madre\u00a0estaba de visita con una amiga, mientras el padre estaba en el\u00a0trabajo, por lo que investigar\u00e1n si ambos incurrieron en omisi\u00f3n de\u00a0cuidados, lo que habr\u00eda culminado en la\u00a0fatal\u00a0ca\u00edda del\u00a0peque\u00f1o. No obstante, el comit\u00e9 contin\u00faa analizando otros posibles escenarios para deslindar responsabilidades.<\/p>\n<p data-t=\"{&quot;n&quot;:&quot;blueLinks&quot;,&quot;t&quot;:13,&quot;a&quot;:&quot;click&quot;,&quot;b&quot;:76}\">Mija\u00edl Afanasyev, jefe del distrito de Zelenodolsk, expres\u00f3 sus\u00a0condolencias\u00a0e hizo un llamado a los\u00a0padres\u00a0de familia para extremar\u00a0precauciones\u00a0y evitar dejar solos a los menores de edad sin supervisi\u00f3n.<\/p>\n","protected":false},"excerpt":{"rendered":"<p>Una familia perdi\u00f3\u00a0tr\u00e1gicamente\u00a0a su beb\u00e9 de 21\u00a0d\u00edas\u00a0de edad. Su\u00a0hermana, de 5\u00a0a\u00f1os, lo arroj\u00f3 de un cuarto piso, hechos ocurridos mientras no ten\u00edan ninguna supervisi\u00f3n parental, en la aldea de Vasilyvevo, en Tartarist\u00e1n, situado al oeste de\u00a0Rusia. Las versiones preliminares indican que la\u00a0hermana\u00a0empuj\u00f3 al\u00a0beb\u00e9\u00a0por la ventana ante los celos que le generaron la llegada del reci\u00e9n [&hellip;]<\/p>\n","protected":false},"author":4,"featured_media":116062,"comment_status":"closed","ping_status":"closed","sticky":false,"template":"","format":"standard","meta":{"footnotes":""},"categories":[5],"tags":[],"class_list":["post-116061","post","type-post","status-publish","format-standard","has-post-thumbnail","category-internacional"],"yoast_head":"<!-- This site is optimized with the Yoast SEO plugin v28.3 - https:\/\/yoast.com\/product\/yoast-seo-wordpress\/ -->\n<title>Ni\u00f1a tira a su hermana reci\u00e9n nacida de un cuarto piso, aseguran fue arranque de &quot;celos&quot; tras su llegada a la familia - Yucat\u00e1n en corto<\/title>\n<meta name=\"robots\" content=\"index, follow, max-snippet:-1, max-image-preview:large, max-video-preview:-1\" \/>\n<link rel=\"canonical\" href=\"https:\/\/www.yucatanencorto.com\/noticias\/nina-tira-a-su-hermana-recien-nacida-de-un-cuarto-piso-aseguran-fue-arranque-de-celos-tras-su-llegada-a-la-familia\/\" \/>\n<meta property=\"og:locale\" content=\"es_ES\" \/>\n<meta property=\"og:type\" content=\"article\" \/>\n<meta property=\"og:title\" content=\"Ni\u00f1a tira a su hermana reci\u00e9n nacida de un cuarto piso, aseguran fue arranque de &quot;celos&quot; tras su llegada a la familia - Yucat\u00e1n en corto\" \/>\n<meta property=\"og:description\" content=\"Una familia perdi\u00f3\u00a0tr\u00e1gicamente\u00a0a su beb\u00e9 de 21\u00a0d\u00edas\u00a0de edad. Su\u00a0hermana, de 5\u00a0a\u00f1os, lo arroj\u00f3 de un cuarto piso, hechos ocurridos mientras no ten\u00edan ninguna supervisi\u00f3n parental, en la aldea de Vasilyvevo, en Tartarist\u00e1n, situado al oeste de\u00a0Rusia. Las versiones preliminares indican que la\u00a0hermana\u00a0empuj\u00f3 al\u00a0beb\u00e9\u00a0por la ventana ante los celos que le generaron la llegada del reci\u00e9n [&hellip;]\" \/>\n<meta property=\"og:url\" content=\"https:\/\/www.yucatanencorto.com\/noticias\/nina-tira-a-su-hermana-recien-nacida-de-un-cuarto-piso-aseguran-fue-arranque-de-celos-tras-su-llegada-a-la-familia\/\" \/>\n<meta property=\"og:site_name\" content=\"Yucat\u00e1n en corto\" \/>\n<meta property=\"article:publisher\" content=\"http:\/\/www.facebook.com\/yucatanencorto\" \/>\n<meta property=\"article:published_time\" content=\"2025-10-28T16:32:18+00:00\" \/>\n<meta property=\"og:image\" content=\"https:\/\/www.yucatanencorto.com\/noticias\/wp-content\/uploads\/2025\/10\/photo-1542361345-89e58247f2d5-scaled.jpeg\" \/>\n\t<meta property=\"og:image:width\" content=\"768\" \/>\n\t<meta property=\"og:image:height\" content=\"512\" \/>\n\t<meta property=\"og:image:type\" content=\"image\/jpeg\" \/>\n<meta name=\"author\" content=\"YC 25\" \/>\n<meta name=\"twitter:card\" content=\"summary_large_image\" \/>\n<meta name=\"twitter:creator\" content=\"@yucatanencorto\" \/>\n<meta name=\"twitter:site\" content=\"@yucatanencorto\" \/>\n<meta name=\"twitter:label1\" content=\"Escrito por\" \/>\n\t<meta name=\"twitter:data1\" content=\"YC 25\" \/>\n\t<meta name=\"twitter:label2\" content=\"Tiempo de lectura\" \/>\n\t<meta name=\"twitter:data2\" content=\"2 minutos\" \/>\n<script type=\"application\/ld+json\" class=\"yoast-schema-graph\">{\"@context\":\"https:\\\/\\\/schema.org\",\"@graph\":[{\"@type\":\"Article\",\"@id\":\"https:\\\/\\\/www.yucatanencorto.com\\\/noticias\\\/nina-tira-a-su-hermana-recien-nacida-de-un-cuarto-piso-aseguran-fue-arranque-de-celos-tras-su-llegada-a-la-familia\\\/#article\",\"isPartOf\":{\"@id\":\"https:\\\/\\\/www.yucatanencorto.com\\\/noticias\\\/nina-tira-a-su-hermana-recien-nacida-de-un-cuarto-piso-aseguran-fue-arranque-de-celos-tras-su-llegada-a-la-familia\\\/\"},\"author\":{\"name\":\"YC 25\",\"@id\":\"https:\\\/\\\/www.yucatanencorto.com\\\/noticias\\\/#\\\/schema\\\/person\\\/f0ec40c33447bbc0dc2d01d3006de771\"},\"headline\":\"Ni\u00f1a tira a su hermana reci\u00e9n nacida de un cuarto piso, aseguran fue arranque de \u00abcelos\u00bb tras su llegada a la familia\",\"datePublished\":\"2025-10-28T16:32:18+00:00\",\"mainEntityOfPage\":{\"@id\":\"https:\\\/\\\/www.yucatanencorto.com\\\/noticias\\\/nina-tira-a-su-hermana-recien-nacida-de-un-cuarto-piso-aseguran-fue-arranque-de-celos-tras-su-llegada-a-la-familia\\\/\"},\"wordCount\":306,\"publisher\":{\"@id\":\"https:\\\/\\\/www.yucatanencorto.com\\\/noticias\\\/#organization\"},\"image\":{\"@id\":\"https:\\\/\\\/www.yucatanencorto.com\\\/noticias\\\/nina-tira-a-su-hermana-recien-nacida-de-un-cuarto-piso-aseguran-fue-arranque-de-celos-tras-su-llegada-a-la-familia\\\/#primaryimage\"},\"thumbnailUrl\":\"https:\\\/\\\/www.yucatanencorto.com\\\/noticias\\\/wp-content\\\/uploads\\\/2025\\\/10\\\/photo-1542361345-89e58247f2d5-scaled.jpeg\",\"articleSection\":[\"Internacional\"],\"inLanguage\":\"es\"},{\"@type\":\"WebPage\",\"@id\":\"https:\\\/\\\/www.yucatanencorto.com\\\/noticias\\\/nina-tira-a-su-hermana-recien-nacida-de-un-cuarto-piso-aseguran-fue-arranque-de-celos-tras-su-llegada-a-la-familia\\\/\",\"url\":\"https:\\\/\\\/www.yucatanencorto.com\\\/noticias\\\/nina-tira-a-su-hermana-recien-nacida-de-un-cuarto-piso-aseguran-fue-arranque-de-celos-tras-su-llegada-a-la-familia\\\/\",\"name\":\"Ni\u00f1a tira a su hermana reci\u00e9n nacida de un cuarto piso, aseguran fue arranque de \\\"celos\\\" tras su llegada a la familia - Yucat\u00e1n en corto\",\"isPartOf\":{\"@id\":\"https:\\\/\\\/www.yucatanencorto.com\\\/noticias\\\/#website\"},\"primaryImageOfPage\":{\"@id\":\"https:\\\/\\\/www.yucatanencorto.com\\\/noticias\\\/nina-tira-a-su-hermana-recien-nacida-de-un-cuarto-piso-aseguran-fue-arranque-de-celos-tras-su-llegada-a-la-familia\\\/#primaryimage\"},\"image\":{\"@id\":\"https:\\\/\\\/www.yucatanencorto.com\\\/noticias\\\/nina-tira-a-su-hermana-recien-nacida-de-un-cuarto-piso-aseguran-fue-arranque-de-celos-tras-su-llegada-a-la-familia\\\/#primaryimage\"},\"thumbnailUrl\":\"https:\\\/\\\/www.yucatanencorto.com\\\/noticias\\\/wp-content\\\/uploads\\\/2025\\\/10\\\/photo-1542361345-89e58247f2d5-scaled.jpeg\",\"datePublished\":\"2025-10-28T16:32:18+00:00\",\"breadcrumb\":{\"@id\":\"https:\\\/\\\/www.yucatanencorto.com\\\/noticias\\\/nina-tira-a-su-hermana-recien-nacida-de-un-cuarto-piso-aseguran-fue-arranque-de-celos-tras-su-llegada-a-la-familia\\\/#breadcrumb\"},\"inLanguage\":\"es\",\"potentialAction\":[{\"@type\":\"ReadAction\",\"target\":[\"https:\\\/\\\/www.yucatanencorto.com\\\/noticias\\\/nina-tira-a-su-hermana-recien-nacida-de-un-cuarto-piso-aseguran-fue-arranque-de-celos-tras-su-llegada-a-la-familia\\\/\"]}]},{\"@type\":\"ImageObject\",\"inLanguage\":\"es\",\"@id\":\"https:\\\/\\\/www.yucatanencorto.com\\\/noticias\\\/nina-tira-a-su-hermana-recien-nacida-de-un-cuarto-piso-aseguran-fue-arranque-de-celos-tras-su-llegada-a-la-familia\\\/#primaryimage\",\"url\":\"https:\\\/\\\/www.yucatanencorto.com\\\/noticias\\\/wp-content\\\/uploads\\\/2025\\\/10\\\/photo-1542361345-89e58247f2d5-scaled.jpeg\",\"contentUrl\":\"https:\\\/\\\/www.yucatanencorto.com\\\/noticias\\\/wp-content\\\/uploads\\\/2025\\\/10\\\/photo-1542361345-89e58247f2d5-scaled.jpeg\",\"width\":768,\"height\":512},{\"@type\":\"BreadcrumbList\",\"@id\":\"https:\\\/\\\/www.yucatanencorto.com\\\/noticias\\\/nina-tira-a-su-hermana-recien-nacida-de-un-cuarto-piso-aseguran-fue-arranque-de-celos-tras-su-llegada-a-la-familia\\\/#breadcrumb\",\"itemListElement\":[{\"@type\":\"ListItem\",\"position\":1,\"name\":\"Portada\",\"item\":\"https:\\\/\\\/www.yucatanencorto.com\\\/noticias\\\/\"},{\"@type\":\"ListItem\",\"position\":2,\"name\":\"Ni\u00f1a tira a su hermana reci\u00e9n nacida de un cuarto piso, aseguran fue arranque de \u00abcelos\u00bb tras su llegada a la familia\"}]},{\"@type\":\"WebSite\",\"@id\":\"https:\\\/\\\/www.yucatanencorto.com\\\/noticias\\\/#website\",\"url\":\"https:\\\/\\\/www.yucatanencorto.com\\\/noticias\\\/\",\"name\":\"Yucat\u00e1n en corto\",\"description\":\"Noticias\",\"publisher\":{\"@id\":\"https:\\\/\\\/www.yucatanencorto.com\\\/noticias\\\/#organization\"},\"potentialAction\":[{\"@type\":\"SearchAction\",\"target\":{\"@type\":\"EntryPoint\",\"urlTemplate\":\"https:\\\/\\\/www.yucatanencorto.com\\\/noticias\\\/?s={search_term_string}\"},\"query-input\":{\"@type\":\"PropertyValueSpecification\",\"valueRequired\":true,\"valueName\":\"search_term_string\"}}],\"inLanguage\":\"es\"},{\"@type\":\"Organization\",\"@id\":\"https:\\\/\\\/www.yucatanencorto.com\\\/noticias\\\/#organization\",\"name\":\"Yucat\u00e1n en corto\",\"url\":\"https:\\\/\\\/www.yucatanencorto.com\\\/noticias\\\/\",\"logo\":{\"@type\":\"ImageObject\",\"inLanguage\":\"es\",\"@id\":\"https:\\\/\\\/www.yucatanencorto.com\\\/noticias\\\/#\\\/schema\\\/logo\\\/image\\\/\",\"url\":\"https:\\\/\\\/www.yucatanencorto.com\\\/noticias\\\/wp-content\\\/uploads\\\/2026\\\/08\\\/Logo-web.png\",\"contentUrl\":\"https:\\\/\\\/www.yucatanencorto.com\\\/noticias\\\/wp-content\\\/uploads\\\/2026\\\/08\\\/Logo-web.png\",\"width\":272,\"height\":90,\"caption\":\"Yucat\u00e1n en corto\"},\"image\":{\"@id\":\"https:\\\/\\\/www.yucatanencorto.com\\\/noticias\\\/#\\\/schema\\\/logo\\\/image\\\/\"},\"sameAs\":[\"http:\\\/\\\/www.facebook.com\\\/yucatanencorto\",\"https:\\\/\\\/x.com\\\/yucatanencorto\"]},{\"@type\":\"Person\",\"@id\":\"https:\\\/\\\/www.yucatanencorto.com\\\/noticias\\\/#\\\/schema\\\/person\\\/f0ec40c33447bbc0dc2d01d3006de771\",\"name\":\"YC 25\",\"image\":{\"@type\":\"ImageObject\",\"inLanguage\":\"es\",\"@id\":\"https:\\\/\\\/secure.gravatar.com\\\/avatar\\\/20e0a6b626f38fa8e545fb3f80ce566efd790bf8877e65c3a482460cc3e0b5d1?s=96&d=mm&r=g\",\"url\":\"https:\\\/\\\/secure.gravatar.com\\\/avatar\\\/20e0a6b626f38fa8e545fb3f80ce566efd790bf8877e65c3a482460cc3e0b5d1?s=96&d=mm&r=g\",\"contentUrl\":\"https:\\\/\\\/secure.gravatar.com\\\/avatar\\\/20e0a6b626f38fa8e545fb3f80ce566efd790bf8877e65c3a482460cc3e0b5d1?s=96&d=mm&r=g\",\"caption\":\"YC 25\"},\"url\":\"https:\\\/\\\/www.yucatanencorto.com\\\/noticias\\\/author\\\/editor25\\\/\"}]}<\/script>\n<!-- \/ Yoast SEO plugin. -->","yoast_head_json":{"title":"Ni\u00f1a tira a su hermana reci\u00e9n nacida de un cuarto piso, aseguran fue arranque de \"celos\" tras su llegada a la familia - Yucat\u00e1n en corto","robots":{"index":"index","follow":"follow","max-snippet":"max-snippet:-1","max-image-preview":"max-image-preview:large","max-video-preview":"max-video-preview:-1"},"canonical":"https:\/\/www.yucatanencorto.com\/noticias\/nina-tira-a-su-hermana-recien-nacida-de-un-cuarto-piso-aseguran-fue-arranque-de-celos-tras-su-llegada-a-la-familia\/","og_locale":"es_ES","og_type":"article","og_title":"Ni\u00f1a tira a su hermana reci\u00e9n nacida de un cuarto piso, aseguran fue arranque de \"celos\" tras su llegada a la familia - Yucat\u00e1n en corto","og_description":"Una familia perdi\u00f3\u00a0tr\u00e1gicamente\u00a0a su beb\u00e9 de 21\u00a0d\u00edas\u00a0de edad. Su\u00a0hermana, de 5\u00a0a\u00f1os, lo arroj\u00f3 de un cuarto piso, hechos ocurridos mientras no ten\u00edan ninguna supervisi\u00f3n parental, en la aldea de Vasilyvevo, en Tartarist\u00e1n, situado al oeste de\u00a0Rusia. Las versiones preliminares indican que la\u00a0hermana\u00a0empuj\u00f3 al\u00a0beb\u00e9\u00a0por la ventana ante los celos que le generaron la llegada del reci\u00e9n [&hellip;]","og_url":"https:\/\/www.yucatanencorto.com\/noticias\/nina-tira-a-su-hermana-recien-nacida-de-un-cuarto-piso-aseguran-fue-arranque-de-celos-tras-su-llegada-a-la-familia\/","og_site_name":"Yucat\u00e1n en corto","article_publisher":"http:\/\/www.facebook.com\/yucatanencorto","article_published_time":"2025-10-28T16:32:18+00:00","og_image":[{"width":768,"height":512,"url":"https:\/\/www.yucatanencorto.com\/noticias\/wp-content\/uploads\/2025\/10\/photo-1542361345-89e58247f2d5-scaled.jpeg","type":"image\/jpeg"}],"author":"YC 25","twitter_card":"summary_large_image","twitter_creator":"@yucatanencorto","twitter_site":"@yucatanencorto","twitter_misc":{"Escrito por":"YC 25","Tiempo de lectura":"2 minutos"},"schema":{"@context":"https:\/\/schema.org","@graph":[{"@type":"Article","@id":"https:\/\/www.yucatanencorto.com\/noticias\/nina-tira-a-su-hermana-recien-nacida-de-un-cuarto-piso-aseguran-fue-arranque-de-celos-tras-su-llegada-a-la-familia\/#article","isPartOf":{"@id":"https:\/\/www.yucatanencorto.com\/noticias\/nina-tira-a-su-hermana-recien-nacida-de-un-cuarto-piso-aseguran-fue-arranque-de-celos-tras-su-llegada-a-la-familia\/"},"author":{"name":"YC 25","@id":"https:\/\/www.yucatanencorto.com\/noticias\/#\/schema\/person\/f0ec40c33447bbc0dc2d01d3006de771"},"headline":"Ni\u00f1a tira a su hermana reci\u00e9n nacida de un cuarto piso, aseguran fue arranque de \u00abcelos\u00bb tras su llegada a la familia","datePublished":"2025-10-28T16:32:18+00:00","mainEntityOfPage":{"@id":"https:\/\/www.yucatanencorto.com\/noticias\/nina-tira-a-su-hermana-recien-nacida-de-un-cuarto-piso-aseguran-fue-arranque-de-celos-tras-su-llegada-a-la-familia\/"},"wordCount":306,"publisher":{"@id":"https:\/\/www.yucatanencorto.com\/noticias\/#organization"},"image":{"@id":"https:\/\/www.yucatanencorto.com\/noticias\/nina-tira-a-su-hermana-recien-nacida-de-un-cuarto-piso-aseguran-fue-arranque-de-celos-tras-su-llegada-a-la-familia\/#primaryimage"},"thumbnailUrl":"https:\/\/www.yucatanencorto.com\/noticias\/wp-content\/uploads\/2025\/10\/photo-1542361345-89e58247f2d5-scaled.jpeg","articleSection":["Internacional"],"inLanguage":"es"},{"@type":"WebPage","@id":"https:\/\/www.yucatanencorto.com\/noticias\/nina-tira-a-su-hermana-recien-nacida-de-un-cuarto-piso-aseguran-fue-arranque-de-celos-tras-su-llegada-a-la-familia\/","url":"https:\/\/www.yucatanencorto.com\/noticias\/nina-tira-a-su-hermana-recien-nacida-de-un-cuarto-piso-aseguran-fue-arranque-de-celos-tras-su-llegada-a-la-familia\/","name":"Ni\u00f1a tira a su hermana reci\u00e9n nacida de un cuarto piso, aseguran fue arranque de \"celos\" tras su llegada a la familia - Yucat\u00e1n en corto","isPartOf":{"@id":"https:\/\/www.yucatanencorto.com\/noticias\/#website"},"primaryImageOfPage":{"@id":"https:\/\/www.yucatanencorto.com\/noticias\/nina-tira-a-su-hermana-recien-nacida-de-un-cuarto-piso-aseguran-fue-arranque-de-celos-tras-su-llegada-a-la-familia\/#primaryimage"},"image":{"@id":"https:\/\/www.yucatanencorto.com\/noticias\/nina-tira-a-su-hermana-recien-nacida-de-un-cuarto-piso-aseguran-fue-arranque-de-celos-tras-su-llegada-a-la-familia\/#primaryimage"},"thumbnailUrl":"https:\/\/www.yucatanencorto.com\/noticias\/wp-content\/uploads\/2025\/10\/photo-1542361345-89e58247f2d5-scaled.jpeg","datePublished":"2025-10-28T16:32:18+00:00","breadcrumb":{"@id":"https:\/\/www.yucatanencorto.com\/noticias\/nina-tira-a-su-hermana-recien-nacida-de-un-cuarto-piso-aseguran-fue-arranque-de-celos-tras-su-llegada-a-la-familia\/#breadcrumb"},"inLanguage":"es","potentialAction":[{"@type":"ReadAction","target":["https:\/\/www.yucatanencorto.com\/noticias\/nina-tira-a-su-hermana-recien-nacida-de-un-cuarto-piso-aseguran-fue-arranque-de-celos-tras-su-llegada-a-la-familia\/"]}]},{"@type":"ImageObject","inLanguage":"es","@id":"https:\/\/www.yucatanencorto.com\/noticias\/nina-tira-a-su-hermana-recien-nacida-de-un-cuarto-piso-aseguran-fue-arranque-de-celos-tras-su-llegada-a-la-familia\/#primaryimage","url":"https:\/\/www.yucatanencorto.com\/noticias\/wp-content\/uploads\/2025\/10\/photo-1542361345-89e58247f2d5-scaled.jpeg","contentUrl":"https:\/\/www.yucatanencorto.com\/noticias\/wp-content\/uploads\/2025\/10\/photo-1542361345-89e58247f2d5-scaled.jpeg","width":768,"height":512},{"@type":"BreadcrumbList","@id":"https:\/\/www.yucatanencorto.com\/noticias\/nina-tira-a-su-hermana-recien-nacida-de-un-cuarto-piso-aseguran-fue-arranque-de-celos-tras-su-llegada-a-la-familia\/#breadcrumb","itemListElement":[{"@type":"ListItem","position":1,"name":"Portada","item":"https:\/\/www.yucatanencorto.com\/noticias\/"},{"@type":"ListItem","position":2,"name":"Ni\u00f1a tira a su hermana reci\u00e9n nacida de un cuarto piso, aseguran fue arranque de \u00abcelos\u00bb tras su llegada a la familia"}]},{"@type":"WebSite","@id":"https:\/\/www.yucatanencorto.com\/noticias\/#website","url":"https:\/\/www.yucatanencorto.com\/noticias\/","name":"Yucat\u00e1n en corto","description":"Noticias","publisher":{"@id":"https:\/\/www.yucatanencorto.com\/noticias\/#organization"},"potentialAction":[{"@type":"SearchAction","target":{"@type":"EntryPoint","urlTemplate":"https:\/\/www.yucatanencorto.com\/noticias\/?s={search_term_string}"},"query-input":{"@type":"PropertyValueSpecification","valueRequired":true,"valueName":"search_term_string"}}],"inLanguage":"es"},{"@type":"Organization","@id":"https:\/\/www.yucatanencorto.com\/noticias\/#organization","name":"Yucat\u00e1n en corto","url":"https:\/\/www.yucatanencorto.com\/noticias\/","logo":{"@type":"ImageObject","inLanguage":"es","@id":"https:\/\/www.yucatanencorto.com\/noticias\/#\/schema\/logo\/image\/","url":"https:\/\/www.yucatanencorto.com\/noticias\/wp-content\/uploads\/2026\/08\/Logo-web.png","contentUrl":"https:\/\/www.yucatanencorto.com\/noticias\/wp-content\/uploads\/2026\/08\/Logo-web.png","width":272,"height":90,"caption":"Yucat\u00e1n en corto"},"image":{"@id":"https:\/\/www.yucatanencorto.com\/noticias\/#\/schema\/logo\/image\/"},"sameAs":["http:\/\/www.facebook.com\/yucatanencorto","https:\/\/x.com\/yucatanencorto"]},{"@type":"Person","@id":"https:\/\/www.yucatanencorto.com\/noticias\/#\/schema\/person\/f0ec40c33447bbc0dc2d01d3006de771","name":"YC 25","image":{"@type":"ImageObject","inLanguage":"es","@id":"https:\/\/secure.gravatar.com\/avatar\/20e0a6b626f38fa8e545fb3f80ce566efd790bf8877e65c3a482460cc3e0b5d1?s=96&d=mm&r=g","url":"https:\/\/secure.gravatar.com\/avatar\/20e0a6b626f38fa8e545fb3f80ce566efd790bf8877e65c3a482460cc3e0b5d1?s=96&d=mm&r=g","contentUrl":"https:\/\/secure.gravatar.com\/avatar\/20e0a6b626f38fa8e545fb3f80ce566efd790bf8877e65c3a482460cc3e0b5d1?s=96&d=mm&r=g","caption":"YC 25"},"url":"https:\/\/www.yucatanencorto.com\/noticias\/author\/editor25\/"}]}},"_links":{"self":[{"href":"https:\/\/www.yucatanencorto.com\/noticias\/wp-json\/wp\/v2\/posts\/116061","targetHints":{"allow":["GET"]}}],"collection":[{"href":"https:\/\/www.yucatanencorto.com\/noticias\/wp-json\/wp\/v2\/posts"}],"about":[{"href":"https:\/\/www.yucatanencorto.com\/noticias\/wp-json\/wp\/v2\/types\/post"}],"author":[{"embeddable":true,"href":"https:\/\/www.yucatanencorto.com\/noticias\/wp-json\/wp\/v2\/users\/4"}],"replies":[{"embeddable":true,"href":"https:\/\/www.yucatanencorto.com\/noticias\/wp-json\/wp\/v2\/comments?post=116061"}],"version-history":[{"count":1,"href":"https:\/\/www.yucatanencorto.com\/noticias\/wp-json\/wp\/v2\/posts\/116061\/revisions"}],"predecessor-version":[{"id":116063,"href":"https:\/\/www.yucatanencorto.com\/noticias\/wp-json\/wp\/v2\/posts\/116061\/revisions\/116063"}],"wp:featuredmedia":[{"embeddable":true,"href":"https:\/\/www.yucatanencorto.com\/noticias\/wp-json\/wp\/v2\/media\/116062"}],"wp:attachment":[{"href":"https:\/\/www.yucatanencorto.com\/noticias\/wp-json\/wp\/v2\/media?parent=116061"}],"wp:term":[{"taxonomy":"category","embeddable":true,"href":"https:\/\/www.yucatanencorto.com\/noticias\/wp-json\/wp\/v2\/categories?post=116061"},{"taxonomy":"post_tag","embeddable":true,"href":"https:\/\/www.yucatanencorto.com\/noticias\/wp-json\/wp\/v2\/tags?post=116061"}],"curies":[{"name":"wp","href":"https:\/\/api.w.org\/{rel}","templated":true}]}}