{"id":116118,"date":"2025-11-10T13:54:07","date_gmt":"2025-11-10T19:54:07","guid":{"rendered":"https:\/\/www.yucatanencorto.com\/noticias\/?p=116118"},"modified":"2025-11-10T13:54:07","modified_gmt":"2025-11-10T19:54:07","slug":"pentagono-mata-a-otros-seis-presuntos-narcoterroristas-en-el-pacifico","status":"publish","type":"post","link":"https:\/\/www.yucatanencorto.com\/noticias\/pentagono-mata-a-otros-seis-presuntos-narcoterroristas-en-el-pacifico\/","title":{"rendered":"Pent\u00e1gono mata a otros seis presuntos narcoterroristas en el Pac\u00edfico"},"content":{"rendered":"<p data-t=\"{&quot;n&quot;:&quot;blueLinks&quot;,&quot;t&quot;:13,&quot;a&quot;:&quot;click&quot;,&quot;b&quot;:76}\"><img loading=\"lazy\" decoding=\"async\" class=\"wp-image-116119 aligncenter\" src=\"https:\/\/www.yucatanencorto.com\/noticias\/wp-content\/uploads\/2025\/11\/AA1Q9DiU.jpg\" alt=\"\" width=\"721\" height=\"641\" srcset=\"https:\/\/www.yucatanencorto.com\/noticias\/wp-content\/uploads\/2025\/11\/AA1Q9DiU.jpg 450w, https:\/\/www.yucatanencorto.com\/noticias\/wp-content\/uploads\/2025\/11\/AA1Q9DiU-150x133.jpg 150w, https:\/\/www.yucatanencorto.com\/noticias\/wp-content\/uploads\/2025\/11\/AA1Q9DiU-300x267.jpg 300w\" sizes=\"auto, (max-width: 721px) 100vw, 721px\" \/><\/p>\n<p data-t=\"{&quot;n&quot;:&quot;blueLinks&quot;,&quot;t&quot;:13,&quot;a&quot;:&quot;click&quot;,&quot;b&quot;:76}\">El Departamento de Guerra de Estados Unidos, por medio del Comando Sur, ejecut\u00f3 extrajudicialmente a otras seis personas etiquetadas como presuntos narcoterroristas en aguas del Pac\u00edfico y destruy\u00f3 las dos embarcaciones en las que navegaban.<\/p>\n<p data-t=\"{&quot;n&quot;:&quot;blueLinks&quot;,&quot;t&quot;:13,&quot;a&quot;:&quot;click&quot;,&quot;b&quot;:76}\">\u201cAyer, por instrucciones del presidente (Donald) Trump, se llevaron a cabo dos ataques precisos sobre dos embarcaciones operadas por Organizaciones Designadas como Terroristas\u201d, anunci\u00f3 esta ma\u00f1ana Pete Hegseth, el Secretario de Guerra de Estados Unidos.<\/p>\n<div class=\"intra-article-module\" data-t=\"{&quot;n&quot;:&quot;intraArticle&quot;,&quot;t&quot;:13}\"><\/div>\n<p data-t=\"{&quot;n&quot;:&quot;blueLinks&quot;,&quot;t&quot;:13,&quot;a&quot;:&quot;click&quot;,&quot;b&quot;:76}\">\u201cLos dos ataques se llevaron a cabo en aguas internacionales y tres narcoterroristas iban a bordo de cada una de las embarcaciones. Los seis fueron asesinados\u201d, apunt\u00f3 Hegseth en el mensaje que emiti\u00f3 por medio de su cuenta personal en la plataforma de X.<\/p>\n<p data-t=\"{&quot;n&quot;:&quot;blueLinks&quot;,&quot;t&quot;:13,&quot;a&quot;:&quot;click&quot;,&quot;b&quot;:76}\">Desde el pasado 2 de septiembre a la fecha, el saldo de personas ejecutadas extrajudicialmente por parte del Pent\u00e1gono se elev\u00f3 a 76, las personas ejecutadas han sido acusadas por el gobierno de Trump de ser narcoterroristas, pero no ha presentado evidencias para corroborarlo.<\/p>\n<p data-t=\"{&quot;n&quot;:&quot;blueLinks&quot;,&quot;t&quot;:13,&quot;a&quot;:&quot;click&quot;,&quot;b&quot;:76}\">De manera unilateral y en flagrante violaci\u00f3n del derecho penal internacional y otros compromisos multilaterales, Trump lleva a cabo una guerra militarizada en aguas del Caribe y el Pac\u00edfico en contra de lo que \u00e9l design\u00f3 como grupos del narcoterrorismo.<\/p>\n<p class=\"continue-read-break\" data-t=\"{&quot;n&quot;:&quot;blueLinks&quot;,&quot;t&quot;:13,&quot;a&quot;:&quot;click&quot;,&quot;b&quot;:76}\">Hasta el momento, el mandatario no ha presentado una sola prueba de sus acusaciones en contra de las 76 personas ejecutadas extrajudicialmente, asesinatos ilegales que justifica bajo el argumento de que transportaban drogas dirigidas al mercado estadunidense.<\/p>\n<div class=\"intra-article-module\" data-t=\"{&quot;n&quot;:&quot;intraArticle&quot;,&quot;t&quot;:13}\"><\/div>\n<p data-t=\"{&quot;n&quot;:&quot;blueLinks&quot;,&quot;t&quot;:13,&quot;a&quot;:&quot;click&quot;,&quot;b&quot;:76}\">\u201cLas dos embarcaciones fueron reconocidas por nuestra inteligencia (espionaje) de estar asociadas con el trasiego il\u00edcito de narc\u00f3ticos y estaba transitando por una conocida ruta del narcotr\u00e1fico en el Pac\u00edfico\u201d, subray\u00f3 Hegseth en su mensaje en X.<\/p>\n<p data-t=\"{&quot;n&quot;:&quot;blueLinks&quot;,&quot;t&quot;:13,&quot;a&quot;:&quot;click&quot;,&quot;b&quot;:76}\">El Secretario de Guerra agreg\u00f3 que a nombre de la defensa y protecci\u00f3n de la seguridad nacional de Estados Unidos, el Pent\u00e1gono est\u00e1 \u201cmatando a estas gentes de los c\u00e1rteles terroristas\u201d, antes de que le hagan da\u00f1o a los estadunidenses.<\/p>\n","protected":false},"excerpt":{"rendered":"<p>El Departamento de Guerra de Estados Unidos, por medio del Comando Sur, ejecut\u00f3 extrajudicialmente a otras seis personas etiquetadas como presuntos narcoterroristas en aguas del Pac\u00edfico y destruy\u00f3 las dos embarcaciones en las que navegaban. \u201cAyer, por instrucciones del presidente (Donald) Trump, se llevaron a cabo dos ataques precisos sobre dos embarcaciones operadas por Organizaciones [&hellip;]<\/p>\n","protected":false},"author":4,"featured_media":116119,"comment_status":"closed","ping_status":"closed","sticky":false,"template":"","format":"standard","meta":{"footnotes":""},"categories":[4],"tags":[],"class_list":{"0":"post-116118","1":"post","2":"type-post","3":"status-publish","4":"format-standard","5":"has-post-thumbnail","7":"category-mexico"},"yoast_head":"<!-- This site is optimized with the Yoast SEO plugin v27.5 - https:\/\/yoast.com\/product\/yoast-seo-wordpress\/ -->\n<title>Pent\u00e1gono mata a otros seis presuntos narcoterroristas en el Pac\u00edfico - Yucat\u00e1n en corto<\/title>\n<meta name=\"robots\" content=\"index, follow, max-snippet:-1, max-image-preview:large, max-video-preview:-1\" \/>\n<link rel=\"canonical\" href=\"https:\/\/www.yucatanencorto.com\/noticias\/pentagono-mata-a-otros-seis-presuntos-narcoterroristas-en-el-pacifico\/\" \/>\n<meta property=\"og:locale\" content=\"es_ES\" \/>\n<meta property=\"og:type\" content=\"article\" \/>\n<meta property=\"og:title\" content=\"Pent\u00e1gono mata a otros seis presuntos narcoterroristas en el Pac\u00edfico - Yucat\u00e1n en corto\" \/>\n<meta property=\"og:description\" content=\"El Departamento de Guerra de Estados Unidos, por medio del Comando Sur, ejecut\u00f3 extrajudicialmente a otras seis personas etiquetadas como presuntos narcoterroristas en aguas del Pac\u00edfico y destruy\u00f3 las dos embarcaciones en las que navegaban. \u201cAyer, por instrucciones del presidente (Donald) Trump, se llevaron a cabo dos ataques precisos sobre dos embarcaciones operadas por Organizaciones [&hellip;]\" \/>\n<meta property=\"og:url\" content=\"https:\/\/www.yucatanencorto.com\/noticias\/pentagono-mata-a-otros-seis-presuntos-narcoterroristas-en-el-pacifico\/\" \/>\n<meta property=\"og:site_name\" content=\"Yucat\u00e1n en corto\" \/>\n<meta property=\"article:publisher\" content=\"http:\/\/www.facebook.com\/yucatanencorto\" \/>\n<meta property=\"article:published_time\" content=\"2025-11-10T19:54:07+00:00\" \/>\n<meta property=\"og:image\" content=\"https:\/\/www.yucatanencorto.com\/noticias\/wp-content\/uploads\/2025\/11\/AA1Q9DiU.jpg\" \/>\n\t<meta property=\"og:image:width\" content=\"450\" \/>\n\t<meta property=\"og:image:height\" content=\"400\" \/>\n\t<meta property=\"og:image:type\" content=\"image\/jpeg\" \/>\n<meta name=\"author\" content=\"Yucat\u00e1n en Corto\" \/>\n<meta name=\"twitter:card\" content=\"summary_large_image\" \/>\n<meta name=\"twitter:creator\" content=\"@yucatanencorto\" \/>\n<meta name=\"twitter:site\" content=\"@yucatanencorto\" \/>\n<meta name=\"twitter:label1\" content=\"Escrito por\" \/>\n\t<meta name=\"twitter:data1\" content=\"Yucat\u00e1n en Corto\" \/>\n\t<meta name=\"twitter:label2\" content=\"Tiempo de lectura\" \/>\n\t<meta name=\"twitter:data2\" content=\"2 minutos\" \/>\n<script type=\"application\/ld+json\" class=\"yoast-schema-graph\">{\"@context\":\"https:\\\/\\\/schema.org\",\"@graph\":[{\"@type\":\"Article\",\"@id\":\"https:\\\/\\\/www.yucatanencorto.com\\\/noticias\\\/pentagono-mata-a-otros-seis-presuntos-narcoterroristas-en-el-pacifico\\\/#article\",\"isPartOf\":{\"@id\":\"https:\\\/\\\/www.yucatanencorto.com\\\/noticias\\\/pentagono-mata-a-otros-seis-presuntos-narcoterroristas-en-el-pacifico\\\/\"},\"author\":{\"name\":\"Yucat\u00e1n en Corto\",\"@id\":\"https:\\\/\\\/www.yucatanencorto.com\\\/noticias\\\/#\\\/schema\\\/person\\\/f0ec40c33447bbc0dc2d01d3006de771\"},\"headline\":\"Pent\u00e1gono mata a otros seis presuntos narcoterroristas en el Pac\u00edfico\",\"datePublished\":\"2025-11-10T19:54:07+00:00\",\"mainEntityOfPage\":{\"@id\":\"https:\\\/\\\/www.yucatanencorto.com\\\/noticias\\\/pentagono-mata-a-otros-seis-presuntos-narcoterroristas-en-el-pacifico\\\/\"},\"wordCount\":334,\"image\":{\"@id\":\"https:\\\/\\\/www.yucatanencorto.com\\\/noticias\\\/pentagono-mata-a-otros-seis-presuntos-narcoterroristas-en-el-pacifico\\\/#primaryimage\"},\"thumbnailUrl\":\"https:\\\/\\\/www.yucatanencorto.com\\\/noticias\\\/wp-content\\\/uploads\\\/2025\\\/11\\\/AA1Q9DiU.jpg\",\"articleSection\":[\"M\u00e9xico\"],\"inLanguage\":\"es\"},{\"@type\":\"WebPage\",\"@id\":\"https:\\\/\\\/www.yucatanencorto.com\\\/noticias\\\/pentagono-mata-a-otros-seis-presuntos-narcoterroristas-en-el-pacifico\\\/\",\"url\":\"https:\\\/\\\/www.yucatanencorto.com\\\/noticias\\\/pentagono-mata-a-otros-seis-presuntos-narcoterroristas-en-el-pacifico\\\/\",\"name\":\"Pent\u00e1gono mata a otros seis presuntos narcoterroristas en el Pac\u00edfico - Yucat\u00e1n en corto\",\"isPartOf\":{\"@id\":\"https:\\\/\\\/www.yucatanencorto.com\\\/noticias\\\/#website\"},\"primaryImageOfPage\":{\"@id\":\"https:\\\/\\\/www.yucatanencorto.com\\\/noticias\\\/pentagono-mata-a-otros-seis-presuntos-narcoterroristas-en-el-pacifico\\\/#primaryimage\"},\"image\":{\"@id\":\"https:\\\/\\\/www.yucatanencorto.com\\\/noticias\\\/pentagono-mata-a-otros-seis-presuntos-narcoterroristas-en-el-pacifico\\\/#primaryimage\"},\"thumbnailUrl\":\"https:\\\/\\\/www.yucatanencorto.com\\\/noticias\\\/wp-content\\\/uploads\\\/2025\\\/11\\\/AA1Q9DiU.jpg\",\"datePublished\":\"2025-11-10T19:54:07+00:00\",\"author\":{\"@id\":\"https:\\\/\\\/www.yucatanencorto.com\\\/noticias\\\/#\\\/schema\\\/person\\\/f0ec40c33447bbc0dc2d01d3006de771\"},\"breadcrumb\":{\"@id\":\"https:\\\/\\\/www.yucatanencorto.com\\\/noticias\\\/pentagono-mata-a-otros-seis-presuntos-narcoterroristas-en-el-pacifico\\\/#breadcrumb\"},\"inLanguage\":\"es\",\"potentialAction\":[{\"@type\":\"ReadAction\",\"target\":[\"https:\\\/\\\/www.yucatanencorto.com\\\/noticias\\\/pentagono-mata-a-otros-seis-presuntos-narcoterroristas-en-el-pacifico\\\/\"]}]},{\"@type\":\"ImageObject\",\"inLanguage\":\"es\",\"@id\":\"https:\\\/\\\/www.yucatanencorto.com\\\/noticias\\\/pentagono-mata-a-otros-seis-presuntos-narcoterroristas-en-el-pacifico\\\/#primaryimage\",\"url\":\"https:\\\/\\\/www.yucatanencorto.com\\\/noticias\\\/wp-content\\\/uploads\\\/2025\\\/11\\\/AA1Q9DiU.jpg\",\"contentUrl\":\"https:\\\/\\\/www.yucatanencorto.com\\\/noticias\\\/wp-content\\\/uploads\\\/2025\\\/11\\\/AA1Q9DiU.jpg\",\"width\":450,\"height\":400},{\"@type\":\"BreadcrumbList\",\"@id\":\"https:\\\/\\\/www.yucatanencorto.com\\\/noticias\\\/pentagono-mata-a-otros-seis-presuntos-narcoterroristas-en-el-pacifico\\\/#breadcrumb\",\"itemListElement\":[{\"@type\":\"ListItem\",\"position\":1,\"name\":\"Portada\",\"item\":\"https:\\\/\\\/www.yucatanencorto.com\\\/noticias\\\/\"},{\"@type\":\"ListItem\",\"position\":2,\"name\":\"Pent\u00e1gono mata a otros seis presuntos narcoterroristas en el Pac\u00edfico\"}]},{\"@type\":\"WebSite\",\"@id\":\"https:\\\/\\\/www.yucatanencorto.com\\\/noticias\\\/#website\",\"url\":\"https:\\\/\\\/www.yucatanencorto.com\\\/noticias\\\/\",\"name\":\"Yucat\u00e1n en corto\",\"description\":\"Noticias\",\"potentialAction\":[{\"@type\":\"SearchAction\",\"target\":{\"@type\":\"EntryPoint\",\"urlTemplate\":\"https:\\\/\\\/www.yucatanencorto.com\\\/noticias\\\/?s={search_term_string}\"},\"query-input\":{\"@type\":\"PropertyValueSpecification\",\"valueRequired\":true,\"valueName\":\"search_term_string\"}}],\"inLanguage\":\"es\"},{\"@type\":\"Person\",\"@id\":\"https:\\\/\\\/www.yucatanencorto.com\\\/noticias\\\/#\\\/schema\\\/person\\\/f0ec40c33447bbc0dc2d01d3006de771\",\"name\":\"Yucat\u00e1n en Corto\",\"image\":{\"@type\":\"ImageObject\",\"inLanguage\":\"es\",\"@id\":\"https:\\\/\\\/secure.gravatar.com\\\/avatar\\\/20e0a6b626f38fa8e545fb3f80ce566efd790bf8877e65c3a482460cc3e0b5d1?s=96&d=mm&r=g\",\"url\":\"https:\\\/\\\/secure.gravatar.com\\\/avatar\\\/20e0a6b626f38fa8e545fb3f80ce566efd790bf8877e65c3a482460cc3e0b5d1?s=96&d=mm&r=g\",\"contentUrl\":\"https:\\\/\\\/secure.gravatar.com\\\/avatar\\\/20e0a6b626f38fa8e545fb3f80ce566efd790bf8877e65c3a482460cc3e0b5d1?s=96&d=mm&r=g\",\"caption\":\"Yucat\u00e1n en Corto\"},\"url\":\"https:\\\/\\\/www.yucatanencorto.com\\\/noticias\\\/author\\\/editor25\\\/\"}]}<\/script>\n<!-- \/ Yoast SEO plugin. -->","yoast_head_json":{"title":"Pent\u00e1gono mata a otros seis presuntos narcoterroristas en el Pac\u00edfico - Yucat\u00e1n en corto","robots":{"index":"index","follow":"follow","max-snippet":"max-snippet:-1","max-image-preview":"max-image-preview:large","max-video-preview":"max-video-preview:-1"},"canonical":"https:\/\/www.yucatanencorto.com\/noticias\/pentagono-mata-a-otros-seis-presuntos-narcoterroristas-en-el-pacifico\/","og_locale":"es_ES","og_type":"article","og_title":"Pent\u00e1gono mata a otros seis presuntos narcoterroristas en el Pac\u00edfico - Yucat\u00e1n en corto","og_description":"El Departamento de Guerra de Estados Unidos, por medio del Comando Sur, ejecut\u00f3 extrajudicialmente a otras seis personas etiquetadas como presuntos narcoterroristas en aguas del Pac\u00edfico y destruy\u00f3 las dos embarcaciones en las que navegaban. \u201cAyer, por instrucciones del presidente (Donald) Trump, se llevaron a cabo dos ataques precisos sobre dos embarcaciones operadas por Organizaciones [&hellip;]","og_url":"https:\/\/www.yucatanencorto.com\/noticias\/pentagono-mata-a-otros-seis-presuntos-narcoterroristas-en-el-pacifico\/","og_site_name":"Yucat\u00e1n en corto","article_publisher":"http:\/\/www.facebook.com\/yucatanencorto","article_published_time":"2025-11-10T19:54:07+00:00","og_image":[{"width":450,"height":400,"url":"https:\/\/www.yucatanencorto.com\/noticias\/wp-content\/uploads\/2025\/11\/AA1Q9DiU.jpg","type":"image\/jpeg"}],"author":"Yucat\u00e1n en Corto","twitter_card":"summary_large_image","twitter_creator":"@yucatanencorto","twitter_site":"@yucatanencorto","twitter_misc":{"Escrito por":"Yucat\u00e1n en Corto","Tiempo de lectura":"2 minutos"},"schema":{"@context":"https:\/\/schema.org","@graph":[{"@type":"Article","@id":"https:\/\/www.yucatanencorto.com\/noticias\/pentagono-mata-a-otros-seis-presuntos-narcoterroristas-en-el-pacifico\/#article","isPartOf":{"@id":"https:\/\/www.yucatanencorto.com\/noticias\/pentagono-mata-a-otros-seis-presuntos-narcoterroristas-en-el-pacifico\/"},"author":{"name":"Yucat\u00e1n en Corto","@id":"https:\/\/www.yucatanencorto.com\/noticias\/#\/schema\/person\/f0ec40c33447bbc0dc2d01d3006de771"},"headline":"Pent\u00e1gono mata a otros seis presuntos narcoterroristas en el Pac\u00edfico","datePublished":"2025-11-10T19:54:07+00:00","mainEntityOfPage":{"@id":"https:\/\/www.yucatanencorto.com\/noticias\/pentagono-mata-a-otros-seis-presuntos-narcoterroristas-en-el-pacifico\/"},"wordCount":334,"image":{"@id":"https:\/\/www.yucatanencorto.com\/noticias\/pentagono-mata-a-otros-seis-presuntos-narcoterroristas-en-el-pacifico\/#primaryimage"},"thumbnailUrl":"https:\/\/www.yucatanencorto.com\/noticias\/wp-content\/uploads\/2025\/11\/AA1Q9DiU.jpg","articleSection":["M\u00e9xico"],"inLanguage":"es"},{"@type":"WebPage","@id":"https:\/\/www.yucatanencorto.com\/noticias\/pentagono-mata-a-otros-seis-presuntos-narcoterroristas-en-el-pacifico\/","url":"https:\/\/www.yucatanencorto.com\/noticias\/pentagono-mata-a-otros-seis-presuntos-narcoterroristas-en-el-pacifico\/","name":"Pent\u00e1gono mata a otros seis presuntos narcoterroristas en el Pac\u00edfico - Yucat\u00e1n en corto","isPartOf":{"@id":"https:\/\/www.yucatanencorto.com\/noticias\/#website"},"primaryImageOfPage":{"@id":"https:\/\/www.yucatanencorto.com\/noticias\/pentagono-mata-a-otros-seis-presuntos-narcoterroristas-en-el-pacifico\/#primaryimage"},"image":{"@id":"https:\/\/www.yucatanencorto.com\/noticias\/pentagono-mata-a-otros-seis-presuntos-narcoterroristas-en-el-pacifico\/#primaryimage"},"thumbnailUrl":"https:\/\/www.yucatanencorto.com\/noticias\/wp-content\/uploads\/2025\/11\/AA1Q9DiU.jpg","datePublished":"2025-11-10T19:54:07+00:00","author":{"@id":"https:\/\/www.yucatanencorto.com\/noticias\/#\/schema\/person\/f0ec40c33447bbc0dc2d01d3006de771"},"breadcrumb":{"@id":"https:\/\/www.yucatanencorto.com\/noticias\/pentagono-mata-a-otros-seis-presuntos-narcoterroristas-en-el-pacifico\/#breadcrumb"},"inLanguage":"es","potentialAction":[{"@type":"ReadAction","target":["https:\/\/www.yucatanencorto.com\/noticias\/pentagono-mata-a-otros-seis-presuntos-narcoterroristas-en-el-pacifico\/"]}]},{"@type":"ImageObject","inLanguage":"es","@id":"https:\/\/www.yucatanencorto.com\/noticias\/pentagono-mata-a-otros-seis-presuntos-narcoterroristas-en-el-pacifico\/#primaryimage","url":"https:\/\/www.yucatanencorto.com\/noticias\/wp-content\/uploads\/2025\/11\/AA1Q9DiU.jpg","contentUrl":"https:\/\/www.yucatanencorto.com\/noticias\/wp-content\/uploads\/2025\/11\/AA1Q9DiU.jpg","width":450,"height":400},{"@type":"BreadcrumbList","@id":"https:\/\/www.yucatanencorto.com\/noticias\/pentagono-mata-a-otros-seis-presuntos-narcoterroristas-en-el-pacifico\/#breadcrumb","itemListElement":[{"@type":"ListItem","position":1,"name":"Portada","item":"https:\/\/www.yucatanencorto.com\/noticias\/"},{"@type":"ListItem","position":2,"name":"Pent\u00e1gono mata a otros seis presuntos narcoterroristas en el Pac\u00edfico"}]},{"@type":"WebSite","@id":"https:\/\/www.yucatanencorto.com\/noticias\/#website","url":"https:\/\/www.yucatanencorto.com\/noticias\/","name":"Yucat\u00e1n en corto","description":"Noticias","potentialAction":[{"@type":"SearchAction","target":{"@type":"EntryPoint","urlTemplate":"https:\/\/www.yucatanencorto.com\/noticias\/?s={search_term_string}"},"query-input":{"@type":"PropertyValueSpecification","valueRequired":true,"valueName":"search_term_string"}}],"inLanguage":"es"},{"@type":"Person","@id":"https:\/\/www.yucatanencorto.com\/noticias\/#\/schema\/person\/f0ec40c33447bbc0dc2d01d3006de771","name":"Yucat\u00e1n en Corto","image":{"@type":"ImageObject","inLanguage":"es","@id":"https:\/\/secure.gravatar.com\/avatar\/20e0a6b626f38fa8e545fb3f80ce566efd790bf8877e65c3a482460cc3e0b5d1?s=96&d=mm&r=g","url":"https:\/\/secure.gravatar.com\/avatar\/20e0a6b626f38fa8e545fb3f80ce566efd790bf8877e65c3a482460cc3e0b5d1?s=96&d=mm&r=g","contentUrl":"https:\/\/secure.gravatar.com\/avatar\/20e0a6b626f38fa8e545fb3f80ce566efd790bf8877e65c3a482460cc3e0b5d1?s=96&d=mm&r=g","caption":"Yucat\u00e1n en Corto"},"url":"https:\/\/www.yucatanencorto.com\/noticias\/author\/editor25\/"}]}},"_links":{"self":[{"href":"https:\/\/www.yucatanencorto.com\/noticias\/wp-json\/wp\/v2\/posts\/116118","targetHints":{"allow":["GET"]}}],"collection":[{"href":"https:\/\/www.yucatanencorto.com\/noticias\/wp-json\/wp\/v2\/posts"}],"about":[{"href":"https:\/\/www.yucatanencorto.com\/noticias\/wp-json\/wp\/v2\/types\/post"}],"author":[{"embeddable":true,"href":"https:\/\/www.yucatanencorto.com\/noticias\/wp-json\/wp\/v2\/users\/4"}],"replies":[{"embeddable":true,"href":"https:\/\/www.yucatanencorto.com\/noticias\/wp-json\/wp\/v2\/comments?post=116118"}],"version-history":[{"count":1,"href":"https:\/\/www.yucatanencorto.com\/noticias\/wp-json\/wp\/v2\/posts\/116118\/revisions"}],"predecessor-version":[{"id":116120,"href":"https:\/\/www.yucatanencorto.com\/noticias\/wp-json\/wp\/v2\/posts\/116118\/revisions\/116120"}],"wp:featuredmedia":[{"embeddable":true,"href":"https:\/\/www.yucatanencorto.com\/noticias\/wp-json\/wp\/v2\/media\/116119"}],"wp:attachment":[{"href":"https:\/\/www.yucatanencorto.com\/noticias\/wp-json\/wp\/v2\/media?parent=116118"}],"wp:term":[{"taxonomy":"category","embeddable":true,"href":"https:\/\/www.yucatanencorto.com\/noticias\/wp-json\/wp\/v2\/categories?post=116118"},{"taxonomy":"post_tag","embeddable":true,"href":"https:\/\/www.yucatanencorto.com\/noticias\/wp-json\/wp\/v2\/tags?post=116118"}],"curies":[{"name":"wp","href":"https:\/\/api.w.org\/{rel}","templated":true}]}}