{"id":116126,"date":"2025-11-11T10:19:14","date_gmt":"2025-11-11T16:19:14","guid":{"rendered":"https:\/\/www.yucatanencorto.com\/noticias\/?p=116126"},"modified":"2025-11-11T10:19:14","modified_gmt":"2025-11-11T16:19:14","slug":"continuan-bajo-vigilancia-casos-del-gusano-barrenador","status":"publish","type":"post","link":"https:\/\/www.yucatanencorto.com\/noticias\/continuan-bajo-vigilancia-casos-del-gusano-barrenador\/","title":{"rendered":"Contin\u00faan bajo vigilancia casos del gusano barrenador"},"content":{"rendered":"<p><img loading=\"lazy\" decoding=\"async\" class=\"alignnone size-full wp-image-116127\" src=\"https:\/\/www.yucatanencorto.com\/noticias\/wp-content\/uploads\/2025\/11\/WhatsApp-Image-2025-11-11-at-07.31.42-1-scaled.jpeg\" alt=\"\" width=\"768\" height=\"500\" srcset=\"https:\/\/www.yucatanencorto.com\/noticias\/wp-content\/uploads\/2025\/11\/WhatsApp-Image-2025-11-11-at-07.31.42-1-scaled.jpeg 768w, https:\/\/www.yucatanencorto.com\/noticias\/wp-content\/uploads\/2025\/11\/WhatsApp-Image-2025-11-11-at-07.31.42-1-150x98.jpeg 150w, https:\/\/www.yucatanencorto.com\/noticias\/wp-content\/uploads\/2025\/11\/WhatsApp-Image-2025-11-11-at-07.31.42-1-300x195.jpeg 300w, https:\/\/www.yucatanencorto.com\/noticias\/wp-content\/uploads\/2025\/11\/WhatsApp-Image-2025-11-11-at-07.31.42-1-696x453.jpeg 696w, https:\/\/www.yucatanencorto.com\/noticias\/wp-content\/uploads\/2025\/11\/WhatsApp-Image-2025-11-11-at-07.31.42-1-1068x696.jpeg 1068w\" sizes=\"auto, (max-width: 768px) 100vw, 768px\" \/><\/p>\n<p>&nbsp;<\/p>\n<p>M\u00e9rida, Yucat\u00e1n, a 10 de noviembre de 2025<\/p>\n<p>Con la participaci\u00f3n de autoridades estatales, federales y l\u00edderes del sector, el Gobierno del Estado refuerza las acciones de prevenci\u00f3n, atenci\u00f3n y capacitaci\u00f3n para mantener la sanidad pecuaria de Yucat\u00e1n.<\/p>\n<p>Con la firme voluntad de preservar la sanidad pecuaria de Yucat\u00e1n, se llev\u00f3 a cabo una reuni\u00f3n de trabajo entre representantes del Gobierno y agrupaciones ganaderas, presidida por el titular de la Secretar\u00eda de Desarrollo Rural (Seder),\u00a0Edgardo Medina Rodr\u00edguez, para fortalecer la estrategia conjunta contra el gusano barrenador mediante acciones de prevenci\u00f3n, atenci\u00f3n y capacitaci\u00f3n en todo el territorio estatal.<\/p>\n<p>Por instrucci\u00f3n del Gobernador\u00a0Joaqu\u00edn D\u00edaz Mena, se da puntual seguimiento a las acciones del programa con el objetivo de mantener la fortaleza sanitaria que distingue a Yucat\u00e1n y garantizar resultados eficaces.<\/p>\n<p>\u201cEl Gobernador ha sido muy claro: este tema es prioritario y debe atenderse con responsabilidad, coordinaci\u00f3n y resultados concretos\u201d, destac\u00f3 el secretario de Desarrollo Rural,\u00a0Edgardo Medina Rodr\u00edguez, al subrayar que el trabajo coordinado entre la Federaci\u00f3n, el Estado y las uniones ganaderas ha sido clave en los avances logrados.<\/p>\n<p>Durante el encuentro, los l\u00edderes ganaderos reconocieron la respuesta oportuna y el acompa\u00f1amiento permanente del Gobierno del Estado, as\u00ed como la disposici\u00f3n para trabajar de forma conjunta en la atenci\u00f3n del problema.<\/p>\n<p>El presidente del Comit\u00e9 Estatal para el Fomento y Protecci\u00f3n Pecuaria del Estado de Yucat\u00e1n (Cefppy) y de la Uni\u00f3n Ganadera Regional de Yucat\u00e1n (UGRY),\u00a0Roger Armando D\u00edaz Mendoza, resalt\u00f3 el compromiso de las y los productores.<\/p>\n<p>\u201cHemos visto un trabajo serio y constante. Cada reporte se atiende con rapidez, y eso genera confianza entre los ganaderos. Todos estamos haciendo lo que nos corresponde para cuidar la sanidad del hato y proteger el patrimonio de las familias yucatecas\u201d.<\/p>\n<p>El presidente de la Asociaci\u00f3n de Ganado Bovino de Registro,\u00a0Manuel Medina Castro, destac\u00f3 la eficacia de la estrategia actual. \u201cHoy la coordinaci\u00f3n con el Gobierno del Estado es real y efectiva. Se est\u00e1 trabajando con organizaci\u00f3n y resultados visibles. Con la colaboraci\u00f3n de todos, podremos superar esta situaci\u00f3n en el corto plazo\u201d, sostuvo.<\/p>\n<p>El presidente de la Uni\u00f3n Ganadera Regional del Oriente de Yucat\u00e1n (Ugroy),\u00a0Mario Esteban L\u00f3pez Meneses, enfatiz\u00f3 la importancia de mantener la uni\u00f3n entre autoridades y productores.<\/p>\n<p>\u201cEl campo yucateco tiene fuerza porque ganaderos y autoridades trabajamos hombro con hombro. Esta suma de esfuerzos nos permite conservar la sanidad y la productividad de la ganader\u00eda local\u201d.<\/p>\n<p>El titular de la representaci\u00f3n de la Secretar\u00eda de Agricultura y Desarrollo Rural (Sader) en Yucat\u00e1n,\u00a0Jorge Carlos Berl\u00edn Montero, coincidi\u00f3 en que el \u00e9xito de la estrategia se debe a la estrecha coordinaci\u00f3n entre dependencias y productores, lo que ha permitido construir una red s\u00f3lida de colaboraci\u00f3n en todo el estado.<\/p>\n<p>El director de Sanidad Agropecuaria de la Seder,\u00a0Juan Carlos Rodr\u00edguez Andrade, inform\u00f3 que 26 m\u00e9dicos veterinarios trabajan en campo atendiendo reportes y capacitando a ganaderos. \u201cAtendemos todos los casos con un tiempo promedio de respuesta de cuatro horas o menos, los siete d\u00edas de la semana\u201d, precis\u00f3.<\/p>\n<p>El gerente del Comit\u00e9 Estatal de Sanidad Vegetal de Yucat\u00e1n (Cesvy),\u00a0Ricardo Mungu\u00eda Rosales, explic\u00f3 que el manejo integral de la plaga contempla acciones de reporte, curaci\u00f3n, trampeo y capacitaci\u00f3n, adem\u00e1s de la participaci\u00f3n de universidades y la exploraci\u00f3n de alternativas biol\u00f3gicas de control.<\/p>\n<p>Tambi\u00e9n estuvieron presentes el subsecretario de Desarrollo Rural,\u00a0Mart\u00edn Heberto Peniche Monforte, y representantes de las uniones ganaderas de todo el estado, quienes reiteraron su compromiso con el bienestar animal, la productividad y la sanidad del sector.<\/p>\n<p>En los once meses que lleva activa la estrategia conjunta entre la Federaci\u00f3n, el Gobierno del Estado y las y los productores, se han obtenido avances significativos: 26 m\u00e9dicos veterinarios trabajan en campo brindando atenci\u00f3n y capacitaci\u00f3n, con un promedio de respuesta de cuatro horas o menos ante cualquier reporte.<\/p>\n<p>A este esfuerzo se suman diez t\u00e9cnicos adscritos a la Direcci\u00f3n de Sanidad Pecuaria, lo que ha permitido completar el 70% del barrido sanitario estatal. En total, m\u00e1s de 30 asociaciones ganaderas participan activamente en esta labor, consolidando una red s\u00f3lida de colaboraci\u00f3n que mantiene a Yucat\u00e1n como referente nacional en sanidad pecuaria.<\/p>\n","protected":false},"excerpt":{"rendered":"<p>&nbsp; M\u00e9rida, Yucat\u00e1n, a 10 de noviembre de 2025 Con la participaci\u00f3n de autoridades estatales, federales y l\u00edderes del sector, el Gobierno del Estado refuerza las acciones de prevenci\u00f3n, atenci\u00f3n y capacitaci\u00f3n para mantener la sanidad pecuaria de Yucat\u00e1n. Con la firme voluntad de preservar la sanidad pecuaria de Yucat\u00e1n, se llev\u00f3 a cabo una [&hellip;]<\/p>\n","protected":false},"author":4,"featured_media":116127,"comment_status":"closed","ping_status":"closed","sticky":false,"template":"","format":"standard","meta":{"footnotes":""},"categories":[3],"tags":[],"class_list":{"0":"post-116126","1":"post","2":"type-post","3":"status-publish","4":"format-standard","5":"has-post-thumbnail","7":"category-yucatan"},"yoast_head":"<!-- This site is optimized with the Yoast SEO plugin v27.5 - https:\/\/yoast.com\/product\/yoast-seo-wordpress\/ -->\n<title>Contin\u00faan bajo vigilancia casos del gusano barrenador - Yucat\u00e1n en corto<\/title>\n<meta name=\"robots\" content=\"index, follow, max-snippet:-1, max-image-preview:large, max-video-preview:-1\" \/>\n<link rel=\"canonical\" href=\"https:\/\/www.yucatanencorto.com\/noticias\/continuan-bajo-vigilancia-casos-del-gusano-barrenador\/\" \/>\n<meta property=\"og:locale\" content=\"es_ES\" \/>\n<meta property=\"og:type\" content=\"article\" \/>\n<meta property=\"og:title\" content=\"Contin\u00faan bajo vigilancia casos del gusano barrenador - Yucat\u00e1n en corto\" \/>\n<meta property=\"og:description\" content=\"&nbsp; M\u00e9rida, Yucat\u00e1n, a 10 de noviembre de 2025 Con la participaci\u00f3n de autoridades estatales, federales y l\u00edderes del sector, el Gobierno del Estado refuerza las acciones de prevenci\u00f3n, atenci\u00f3n y capacitaci\u00f3n para mantener la sanidad pecuaria de Yucat\u00e1n. Con la firme voluntad de preservar la sanidad pecuaria de Yucat\u00e1n, se llev\u00f3 a cabo una [&hellip;]\" \/>\n<meta property=\"og:url\" content=\"https:\/\/www.yucatanencorto.com\/noticias\/continuan-bajo-vigilancia-casos-del-gusano-barrenador\/\" \/>\n<meta property=\"og:site_name\" content=\"Yucat\u00e1n en corto\" \/>\n<meta property=\"article:publisher\" content=\"http:\/\/www.facebook.com\/yucatanencorto\" \/>\n<meta property=\"article:published_time\" content=\"2025-11-11T16:19:14+00:00\" \/>\n<meta property=\"og:image\" content=\"https:\/\/www.yucatanencorto.com\/noticias\/wp-content\/uploads\/2025\/11\/WhatsApp-Image-2025-11-11-at-07.31.42-1-scaled.jpeg\" \/>\n\t<meta property=\"og:image:width\" content=\"768\" \/>\n\t<meta property=\"og:image:height\" content=\"500\" \/>\n\t<meta property=\"og:image:type\" content=\"image\/jpeg\" \/>\n<meta name=\"author\" content=\"Yucat\u00e1n en Corto\" \/>\n<meta name=\"twitter:card\" content=\"summary_large_image\" \/>\n<meta name=\"twitter:creator\" content=\"@yucatanencorto\" \/>\n<meta name=\"twitter:site\" content=\"@yucatanencorto\" \/>\n<meta name=\"twitter:label1\" content=\"Escrito por\" \/>\n\t<meta name=\"twitter:data1\" content=\"Yucat\u00e1n en Corto\" \/>\n\t<meta name=\"twitter:label2\" content=\"Tiempo de lectura\" \/>\n\t<meta name=\"twitter:data2\" content=\"4 minutos\" \/>\n<script type=\"application\/ld+json\" class=\"yoast-schema-graph\">{\"@context\":\"https:\\\/\\\/schema.org\",\"@graph\":[{\"@type\":\"Article\",\"@id\":\"https:\\\/\\\/www.yucatanencorto.com\\\/noticias\\\/continuan-bajo-vigilancia-casos-del-gusano-barrenador\\\/#article\",\"isPartOf\":{\"@id\":\"https:\\\/\\\/www.yucatanencorto.com\\\/noticias\\\/continuan-bajo-vigilancia-casos-del-gusano-barrenador\\\/\"},\"author\":{\"name\":\"Yucat\u00e1n en Corto\",\"@id\":\"https:\\\/\\\/www.yucatanencorto.com\\\/noticias\\\/#\\\/schema\\\/person\\\/f0ec40c33447bbc0dc2d01d3006de771\"},\"headline\":\"Contin\u00faan bajo vigilancia casos del gusano barrenador\",\"datePublished\":\"2025-11-11T16:19:14+00:00\",\"mainEntityOfPage\":{\"@id\":\"https:\\\/\\\/www.yucatanencorto.com\\\/noticias\\\/continuan-bajo-vigilancia-casos-del-gusano-barrenador\\\/\"},\"wordCount\":759,\"image\":{\"@id\":\"https:\\\/\\\/www.yucatanencorto.com\\\/noticias\\\/continuan-bajo-vigilancia-casos-del-gusano-barrenador\\\/#primaryimage\"},\"thumbnailUrl\":\"https:\\\/\\\/www.yucatanencorto.com\\\/noticias\\\/wp-content\\\/uploads\\\/2025\\\/11\\\/WhatsApp-Image-2025-11-11-at-07.31.42-1-scaled.jpeg\",\"articleSection\":[\"Yucat\u00e1n\"],\"inLanguage\":\"es\"},{\"@type\":\"WebPage\",\"@id\":\"https:\\\/\\\/www.yucatanencorto.com\\\/noticias\\\/continuan-bajo-vigilancia-casos-del-gusano-barrenador\\\/\",\"url\":\"https:\\\/\\\/www.yucatanencorto.com\\\/noticias\\\/continuan-bajo-vigilancia-casos-del-gusano-barrenador\\\/\",\"name\":\"Contin\u00faan bajo vigilancia casos del gusano barrenador - Yucat\u00e1n en corto\",\"isPartOf\":{\"@id\":\"https:\\\/\\\/www.yucatanencorto.com\\\/noticias\\\/#website\"},\"primaryImageOfPage\":{\"@id\":\"https:\\\/\\\/www.yucatanencorto.com\\\/noticias\\\/continuan-bajo-vigilancia-casos-del-gusano-barrenador\\\/#primaryimage\"},\"image\":{\"@id\":\"https:\\\/\\\/www.yucatanencorto.com\\\/noticias\\\/continuan-bajo-vigilancia-casos-del-gusano-barrenador\\\/#primaryimage\"},\"thumbnailUrl\":\"https:\\\/\\\/www.yucatanencorto.com\\\/noticias\\\/wp-content\\\/uploads\\\/2025\\\/11\\\/WhatsApp-Image-2025-11-11-at-07.31.42-1-scaled.jpeg\",\"datePublished\":\"2025-11-11T16:19:14+00:00\",\"author\":{\"@id\":\"https:\\\/\\\/www.yucatanencorto.com\\\/noticias\\\/#\\\/schema\\\/person\\\/f0ec40c33447bbc0dc2d01d3006de771\"},\"breadcrumb\":{\"@id\":\"https:\\\/\\\/www.yucatanencorto.com\\\/noticias\\\/continuan-bajo-vigilancia-casos-del-gusano-barrenador\\\/#breadcrumb\"},\"inLanguage\":\"es\",\"potentialAction\":[{\"@type\":\"ReadAction\",\"target\":[\"https:\\\/\\\/www.yucatanencorto.com\\\/noticias\\\/continuan-bajo-vigilancia-casos-del-gusano-barrenador\\\/\"]}]},{\"@type\":\"ImageObject\",\"inLanguage\":\"es\",\"@id\":\"https:\\\/\\\/www.yucatanencorto.com\\\/noticias\\\/continuan-bajo-vigilancia-casos-del-gusano-barrenador\\\/#primaryimage\",\"url\":\"https:\\\/\\\/www.yucatanencorto.com\\\/noticias\\\/wp-content\\\/uploads\\\/2025\\\/11\\\/WhatsApp-Image-2025-11-11-at-07.31.42-1-scaled.jpeg\",\"contentUrl\":\"https:\\\/\\\/www.yucatanencorto.com\\\/noticias\\\/wp-content\\\/uploads\\\/2025\\\/11\\\/WhatsApp-Image-2025-11-11-at-07.31.42-1-scaled.jpeg\",\"width\":768,\"height\":500},{\"@type\":\"BreadcrumbList\",\"@id\":\"https:\\\/\\\/www.yucatanencorto.com\\\/noticias\\\/continuan-bajo-vigilancia-casos-del-gusano-barrenador\\\/#breadcrumb\",\"itemListElement\":[{\"@type\":\"ListItem\",\"position\":1,\"name\":\"Portada\",\"item\":\"https:\\\/\\\/www.yucatanencorto.com\\\/noticias\\\/\"},{\"@type\":\"ListItem\",\"position\":2,\"name\":\"Contin\u00faan bajo vigilancia casos del gusano barrenador\"}]},{\"@type\":\"WebSite\",\"@id\":\"https:\\\/\\\/www.yucatanencorto.com\\\/noticias\\\/#website\",\"url\":\"https:\\\/\\\/www.yucatanencorto.com\\\/noticias\\\/\",\"name\":\"Yucat\u00e1n en corto\",\"description\":\"Noticias\",\"potentialAction\":[{\"@type\":\"SearchAction\",\"target\":{\"@type\":\"EntryPoint\",\"urlTemplate\":\"https:\\\/\\\/www.yucatanencorto.com\\\/noticias\\\/?s={search_term_string}\"},\"query-input\":{\"@type\":\"PropertyValueSpecification\",\"valueRequired\":true,\"valueName\":\"search_term_string\"}}],\"inLanguage\":\"es\"},{\"@type\":\"Person\",\"@id\":\"https:\\\/\\\/www.yucatanencorto.com\\\/noticias\\\/#\\\/schema\\\/person\\\/f0ec40c33447bbc0dc2d01d3006de771\",\"name\":\"Yucat\u00e1n en Corto\",\"image\":{\"@type\":\"ImageObject\",\"inLanguage\":\"es\",\"@id\":\"https:\\\/\\\/secure.gravatar.com\\\/avatar\\\/20e0a6b626f38fa8e545fb3f80ce566efd790bf8877e65c3a482460cc3e0b5d1?s=96&d=mm&r=g\",\"url\":\"https:\\\/\\\/secure.gravatar.com\\\/avatar\\\/20e0a6b626f38fa8e545fb3f80ce566efd790bf8877e65c3a482460cc3e0b5d1?s=96&d=mm&r=g\",\"contentUrl\":\"https:\\\/\\\/secure.gravatar.com\\\/avatar\\\/20e0a6b626f38fa8e545fb3f80ce566efd790bf8877e65c3a482460cc3e0b5d1?s=96&d=mm&r=g\",\"caption\":\"Yucat\u00e1n en Corto\"},\"url\":\"https:\\\/\\\/www.yucatanencorto.com\\\/noticias\\\/author\\\/editor25\\\/\"}]}<\/script>\n<!-- \/ Yoast SEO plugin. -->","yoast_head_json":{"title":"Contin\u00faan bajo vigilancia casos del gusano barrenador - Yucat\u00e1n en corto","robots":{"index":"index","follow":"follow","max-snippet":"max-snippet:-1","max-image-preview":"max-image-preview:large","max-video-preview":"max-video-preview:-1"},"canonical":"https:\/\/www.yucatanencorto.com\/noticias\/continuan-bajo-vigilancia-casos-del-gusano-barrenador\/","og_locale":"es_ES","og_type":"article","og_title":"Contin\u00faan bajo vigilancia casos del gusano barrenador - Yucat\u00e1n en corto","og_description":"&nbsp; M\u00e9rida, Yucat\u00e1n, a 10 de noviembre de 2025 Con la participaci\u00f3n de autoridades estatales, federales y l\u00edderes del sector, el Gobierno del Estado refuerza las acciones de prevenci\u00f3n, atenci\u00f3n y capacitaci\u00f3n para mantener la sanidad pecuaria de Yucat\u00e1n. Con la firme voluntad de preservar la sanidad pecuaria de Yucat\u00e1n, se llev\u00f3 a cabo una [&hellip;]","og_url":"https:\/\/www.yucatanencorto.com\/noticias\/continuan-bajo-vigilancia-casos-del-gusano-barrenador\/","og_site_name":"Yucat\u00e1n en corto","article_publisher":"http:\/\/www.facebook.com\/yucatanencorto","article_published_time":"2025-11-11T16:19:14+00:00","og_image":[{"width":768,"height":500,"url":"https:\/\/www.yucatanencorto.com\/noticias\/wp-content\/uploads\/2025\/11\/WhatsApp-Image-2025-11-11-at-07.31.42-1-scaled.jpeg","type":"image\/jpeg"}],"author":"Yucat\u00e1n en Corto","twitter_card":"summary_large_image","twitter_creator":"@yucatanencorto","twitter_site":"@yucatanencorto","twitter_misc":{"Escrito por":"Yucat\u00e1n en Corto","Tiempo de lectura":"4 minutos"},"schema":{"@context":"https:\/\/schema.org","@graph":[{"@type":"Article","@id":"https:\/\/www.yucatanencorto.com\/noticias\/continuan-bajo-vigilancia-casos-del-gusano-barrenador\/#article","isPartOf":{"@id":"https:\/\/www.yucatanencorto.com\/noticias\/continuan-bajo-vigilancia-casos-del-gusano-barrenador\/"},"author":{"name":"Yucat\u00e1n en Corto","@id":"https:\/\/www.yucatanencorto.com\/noticias\/#\/schema\/person\/f0ec40c33447bbc0dc2d01d3006de771"},"headline":"Contin\u00faan bajo vigilancia casos del gusano barrenador","datePublished":"2025-11-11T16:19:14+00:00","mainEntityOfPage":{"@id":"https:\/\/www.yucatanencorto.com\/noticias\/continuan-bajo-vigilancia-casos-del-gusano-barrenador\/"},"wordCount":759,"image":{"@id":"https:\/\/www.yucatanencorto.com\/noticias\/continuan-bajo-vigilancia-casos-del-gusano-barrenador\/#primaryimage"},"thumbnailUrl":"https:\/\/www.yucatanencorto.com\/noticias\/wp-content\/uploads\/2025\/11\/WhatsApp-Image-2025-11-11-at-07.31.42-1-scaled.jpeg","articleSection":["Yucat\u00e1n"],"inLanguage":"es"},{"@type":"WebPage","@id":"https:\/\/www.yucatanencorto.com\/noticias\/continuan-bajo-vigilancia-casos-del-gusano-barrenador\/","url":"https:\/\/www.yucatanencorto.com\/noticias\/continuan-bajo-vigilancia-casos-del-gusano-barrenador\/","name":"Contin\u00faan bajo vigilancia casos del gusano barrenador - Yucat\u00e1n en corto","isPartOf":{"@id":"https:\/\/www.yucatanencorto.com\/noticias\/#website"},"primaryImageOfPage":{"@id":"https:\/\/www.yucatanencorto.com\/noticias\/continuan-bajo-vigilancia-casos-del-gusano-barrenador\/#primaryimage"},"image":{"@id":"https:\/\/www.yucatanencorto.com\/noticias\/continuan-bajo-vigilancia-casos-del-gusano-barrenador\/#primaryimage"},"thumbnailUrl":"https:\/\/www.yucatanencorto.com\/noticias\/wp-content\/uploads\/2025\/11\/WhatsApp-Image-2025-11-11-at-07.31.42-1-scaled.jpeg","datePublished":"2025-11-11T16:19:14+00:00","author":{"@id":"https:\/\/www.yucatanencorto.com\/noticias\/#\/schema\/person\/f0ec40c33447bbc0dc2d01d3006de771"},"breadcrumb":{"@id":"https:\/\/www.yucatanencorto.com\/noticias\/continuan-bajo-vigilancia-casos-del-gusano-barrenador\/#breadcrumb"},"inLanguage":"es","potentialAction":[{"@type":"ReadAction","target":["https:\/\/www.yucatanencorto.com\/noticias\/continuan-bajo-vigilancia-casos-del-gusano-barrenador\/"]}]},{"@type":"ImageObject","inLanguage":"es","@id":"https:\/\/www.yucatanencorto.com\/noticias\/continuan-bajo-vigilancia-casos-del-gusano-barrenador\/#primaryimage","url":"https:\/\/www.yucatanencorto.com\/noticias\/wp-content\/uploads\/2025\/11\/WhatsApp-Image-2025-11-11-at-07.31.42-1-scaled.jpeg","contentUrl":"https:\/\/www.yucatanencorto.com\/noticias\/wp-content\/uploads\/2025\/11\/WhatsApp-Image-2025-11-11-at-07.31.42-1-scaled.jpeg","width":768,"height":500},{"@type":"BreadcrumbList","@id":"https:\/\/www.yucatanencorto.com\/noticias\/continuan-bajo-vigilancia-casos-del-gusano-barrenador\/#breadcrumb","itemListElement":[{"@type":"ListItem","position":1,"name":"Portada","item":"https:\/\/www.yucatanencorto.com\/noticias\/"},{"@type":"ListItem","position":2,"name":"Contin\u00faan bajo vigilancia casos del gusano barrenador"}]},{"@type":"WebSite","@id":"https:\/\/www.yucatanencorto.com\/noticias\/#website","url":"https:\/\/www.yucatanencorto.com\/noticias\/","name":"Yucat\u00e1n en corto","description":"Noticias","potentialAction":[{"@type":"SearchAction","target":{"@type":"EntryPoint","urlTemplate":"https:\/\/www.yucatanencorto.com\/noticias\/?s={search_term_string}"},"query-input":{"@type":"PropertyValueSpecification","valueRequired":true,"valueName":"search_term_string"}}],"inLanguage":"es"},{"@type":"Person","@id":"https:\/\/www.yucatanencorto.com\/noticias\/#\/schema\/person\/f0ec40c33447bbc0dc2d01d3006de771","name":"Yucat\u00e1n en Corto","image":{"@type":"ImageObject","inLanguage":"es","@id":"https:\/\/secure.gravatar.com\/avatar\/20e0a6b626f38fa8e545fb3f80ce566efd790bf8877e65c3a482460cc3e0b5d1?s=96&d=mm&r=g","url":"https:\/\/secure.gravatar.com\/avatar\/20e0a6b626f38fa8e545fb3f80ce566efd790bf8877e65c3a482460cc3e0b5d1?s=96&d=mm&r=g","contentUrl":"https:\/\/secure.gravatar.com\/avatar\/20e0a6b626f38fa8e545fb3f80ce566efd790bf8877e65c3a482460cc3e0b5d1?s=96&d=mm&r=g","caption":"Yucat\u00e1n en Corto"},"url":"https:\/\/www.yucatanencorto.com\/noticias\/author\/editor25\/"}]}},"_links":{"self":[{"href":"https:\/\/www.yucatanencorto.com\/noticias\/wp-json\/wp\/v2\/posts\/116126","targetHints":{"allow":["GET"]}}],"collection":[{"href":"https:\/\/www.yucatanencorto.com\/noticias\/wp-json\/wp\/v2\/posts"}],"about":[{"href":"https:\/\/www.yucatanencorto.com\/noticias\/wp-json\/wp\/v2\/types\/post"}],"author":[{"embeddable":true,"href":"https:\/\/www.yucatanencorto.com\/noticias\/wp-json\/wp\/v2\/users\/4"}],"replies":[{"embeddable":true,"href":"https:\/\/www.yucatanencorto.com\/noticias\/wp-json\/wp\/v2\/comments?post=116126"}],"version-history":[{"count":1,"href":"https:\/\/www.yucatanencorto.com\/noticias\/wp-json\/wp\/v2\/posts\/116126\/revisions"}],"predecessor-version":[{"id":116128,"href":"https:\/\/www.yucatanencorto.com\/noticias\/wp-json\/wp\/v2\/posts\/116126\/revisions\/116128"}],"wp:featuredmedia":[{"embeddable":true,"href":"https:\/\/www.yucatanencorto.com\/noticias\/wp-json\/wp\/v2\/media\/116127"}],"wp:attachment":[{"href":"https:\/\/www.yucatanencorto.com\/noticias\/wp-json\/wp\/v2\/media?parent=116126"}],"wp:term":[{"taxonomy":"category","embeddable":true,"href":"https:\/\/www.yucatanencorto.com\/noticias\/wp-json\/wp\/v2\/categories?post=116126"},{"taxonomy":"post_tag","embeddable":true,"href":"https:\/\/www.yucatanencorto.com\/noticias\/wp-json\/wp\/v2\/tags?post=116126"}],"curies":[{"name":"wp","href":"https:\/\/api.w.org\/{rel}","templated":true}]}}