{"id":116129,"date":"2025-11-11T13:49:20","date_gmt":"2025-11-11T19:49:20","guid":{"rendered":"https:\/\/www.yucatanencorto.com\/noticias\/?p=116129"},"modified":"2025-11-11T13:49:20","modified_gmt":"2025-11-11T19:49:20","slug":"entregan-sillas-de-ruedas-a-beneficiarios-del-dif-municipal","status":"publish","type":"post","link":"https:\/\/www.yucatanencorto.com\/noticias\/entregan-sillas-de-ruedas-a-beneficiarios-del-dif-municipal\/","title":{"rendered":"Entregan sillas de ruedas a beneficiarios del DIF Municipal"},"content":{"rendered":"<p><img loading=\"lazy\" decoding=\"async\" class=\"alignnone size-full wp-image-116130\" src=\"https:\/\/www.yucatanencorto.com\/noticias\/wp-content\/uploads\/2025\/11\/WhatsApp-Image-2025-11-11-at-13.18.23-scaled.jpeg\" alt=\"\" width=\"768\" height=\"547\" srcset=\"https:\/\/www.yucatanencorto.com\/noticias\/wp-content\/uploads\/2025\/11\/WhatsApp-Image-2025-11-11-at-13.18.23-scaled.jpeg 768w, https:\/\/www.yucatanencorto.com\/noticias\/wp-content\/uploads\/2025\/11\/WhatsApp-Image-2025-11-11-at-13.18.23-150x107.jpeg 150w, https:\/\/www.yucatanencorto.com\/noticias\/wp-content\/uploads\/2025\/11\/WhatsApp-Image-2025-11-11-at-13.18.23-300x214.jpeg 300w, https:\/\/www.yucatanencorto.com\/noticias\/wp-content\/uploads\/2025\/11\/WhatsApp-Image-2025-11-11-at-13.18.23-696x495.jpeg 696w\" sizes=\"auto, (max-width: 768px) 100vw, 768px\" \/><\/p>\n<p>M\u00e9rida, Yucat\u00e1n, martes 11 de noviembre de 2025.- La alta participaci\u00f3n ciudadana en acciones que contribuyen a que M\u00e9rida sea un mejor lugar para todas y todos, es lo que hace a nuestra sociedad distinta y distinguible, destac\u00f3 la presidenta municipal Cecilia Patr\u00f3n Laviada al presidir la entrega de sillas de ruedas a personas con discapacidad junto a las damas del Voluntariado de M\u00e9rida.<\/p>\n<p>La edil agradeci\u00f3 a Lourdes Gasque, presidenta de este organismo y su equipo, que trabaja con mucho amor para hacer posible la atenci\u00f3n a diversas causas en el municipio junto con la sociedad civil organizada. El Ayuntamiento de M\u00e9rida se suma a esa labor que ayuda a mejorar la vida y desarrollo de las personas m\u00e1s vulnerables.<\/p>\n<p>En esta ocasi\u00f3n se entregaron cinco sillas de ruedas a Mar\u00eda del Socorro, Wilma, Juan Manuel, Romualdo y Eduviges, para quienes este aparato ortop\u00e9dico representa una mejor movilidad y la oportunidad de mejorar sus vidas.<\/p>\n<p>El Voluntariado por M\u00e9rida nace del reconocimiento a las necesidades detectadas en la ciudad y tiene como objetivo unir esfuerzos con diversos sectores de la sociedad para hacer llegar aparatos ortop\u00e9dicos, pintura, impermeabilizantes, pa\u00f1ales y otros art\u00edculos a personas en situaci\u00f3n vulnerable, con discapacidad, y a organizaciones de la sociedad civil para contribuir a su bienestar.<\/p>\n<p>Las damas organizaron una rifa con causa de un vestido donado por la dise\u00f1adora meridana Mora Ruiz Hagar, lo que les permiti\u00f3 adquirir 43 sillas de ruedas est\u00e1ndar que entregar\u00e1n con apoyo del DIF M\u00e9rida a personas con movilidad limitada y sus cuidadores en situaci\u00f3n vulnerable de colonias y comisar\u00edas.<\/p>\n<p>De esta forma promueven la cultura de la donaci\u00f3n y el voluntariado organizado. Con esta red se consolida un espacio de colaboraci\u00f3n en el que, las y los voluntarios, puedan sumar esfuerzos con el DIF Municipal y dignificar la vida de las personas beneficiarias.<\/p>\n<p>Adem\u00e1s, el Ayuntamiento tiene otros programas sociales como la entrega de apoyos alimentarios a 2 mil personas en situaci\u00f3n de vulnerabilidad con apoyo del voluntariado Llego a ti, conformado por 15 personas que entregan los apoyos directamente a personas mayores.<\/p>\n<p>De manera mensual brindan pa\u00f1ales a m\u00e1s de 240 personas y ofrecen apoyos asistenciales como cirug\u00edas, estudios m\u00e9dicos, medicamentos, bolsas de colostom\u00eda y equipamiento m\u00e9dico como gluc\u00f3metros, bauman\u00f3metros, ox\u00edmetros y material quir\u00fargico, entre otros.<\/p>\n<p>De esta manera, el Ayuntamiento de M\u00e9rida refrenda la confianza que ofrece en cada acci\u00f3n de solidaridad compartida, como un gobierno que est\u00e1 para servir, apoyar, y en el que cada persona mayor o con discapacidad que viva en esta ciudad puede contar con la alcaldesa Cecilia Patr\u00f3n que est\u00e1 para cuidarlos y protegerlos con acciones concretas que mejoren su calidad de vida.<\/p>\n<p>Mayores informes sobre los apoyos y servicios en la calle 66 entre 57 y 59, Colonia Centro, al tel\u00e9fono (999) 928 04 56 o en la p\u00e1gina merida.gob.mx\/dif<\/p>\n<p>Atestiguaron la entrega de estos apoyos Gerardo Jes\u00fas L\u00f3pez Fern\u00e1ndez, director de Desarrollo Integral de la Familia de M\u00e9rida, y Natalia Lara Ku, presidenta Club Rotario CR Meridana, junto con otras damas voluntarias.<\/p>\n","protected":false},"excerpt":{"rendered":"<p>M\u00e9rida, Yucat\u00e1n, martes 11 de noviembre de 2025.- La alta participaci\u00f3n ciudadana en acciones que contribuyen a que M\u00e9rida sea un mejor lugar para todas y todos, es lo que hace a nuestra sociedad distinta y distinguible, destac\u00f3 la presidenta municipal Cecilia Patr\u00f3n Laviada al presidir la entrega de sillas de ruedas a personas con [&hellip;]<\/p>\n","protected":false},"author":4,"featured_media":116130,"comment_status":"closed","ping_status":"closed","sticky":false,"template":"","format":"standard","meta":{"footnotes":""},"categories":[2],"tags":[],"class_list":{"0":"post-116129","1":"post","2":"type-post","3":"status-publish","4":"format-standard","5":"has-post-thumbnail","7":"category-merida"},"yoast_head":"<!-- This site is optimized with the Yoast SEO plugin v27.4 - https:\/\/yoast.com\/product\/yoast-seo-wordpress\/ -->\n<title>Entregan sillas de ruedas a beneficiarios del DIF Municipal - Yucat\u00e1n en corto<\/title>\n<meta name=\"robots\" content=\"index, follow, max-snippet:-1, max-image-preview:large, max-video-preview:-1\" \/>\n<link rel=\"canonical\" href=\"https:\/\/www.yucatanencorto.com\/noticias\/entregan-sillas-de-ruedas-a-beneficiarios-del-dif-municipal\/\" \/>\n<meta property=\"og:locale\" content=\"es_ES\" \/>\n<meta property=\"og:type\" content=\"article\" \/>\n<meta property=\"og:title\" content=\"Entregan sillas de ruedas a beneficiarios del DIF Municipal - Yucat\u00e1n en corto\" \/>\n<meta property=\"og:description\" content=\"M\u00e9rida, Yucat\u00e1n, martes 11 de noviembre de 2025.- La alta participaci\u00f3n ciudadana en acciones que contribuyen a que M\u00e9rida sea un mejor lugar para todas y todos, es lo que hace a nuestra sociedad distinta y distinguible, destac\u00f3 la presidenta municipal Cecilia Patr\u00f3n Laviada al presidir la entrega de sillas de ruedas a personas con [&hellip;]\" \/>\n<meta property=\"og:url\" content=\"https:\/\/www.yucatanencorto.com\/noticias\/entregan-sillas-de-ruedas-a-beneficiarios-del-dif-municipal\/\" \/>\n<meta property=\"og:site_name\" content=\"Yucat\u00e1n en corto\" \/>\n<meta property=\"article:publisher\" content=\"http:\/\/www.facebook.com\/yucatanencorto\" \/>\n<meta property=\"article:published_time\" content=\"2025-11-11T19:49:20+00:00\" \/>\n<meta property=\"og:image\" content=\"https:\/\/www.yucatanencorto.com\/noticias\/wp-content\/uploads\/2025\/11\/WhatsApp-Image-2025-11-11-at-13.18.23-scaled.jpeg\" \/>\n\t<meta property=\"og:image:width\" content=\"768\" \/>\n\t<meta property=\"og:image:height\" content=\"547\" \/>\n\t<meta property=\"og:image:type\" content=\"image\/jpeg\" \/>\n<meta name=\"author\" content=\"Yucat\u00e1n en Corto\" \/>\n<meta name=\"twitter:card\" content=\"summary_large_image\" \/>\n<meta name=\"twitter:creator\" content=\"@yucatanencorto\" \/>\n<meta name=\"twitter:site\" content=\"@yucatanencorto\" \/>\n<meta name=\"twitter:label1\" content=\"Escrito por\" \/>\n\t<meta name=\"twitter:data1\" content=\"Yucat\u00e1n en Corto\" \/>\n\t<meta name=\"twitter:label2\" content=\"Tiempo de lectura\" \/>\n\t<meta name=\"twitter:data2\" content=\"3 minutos\" \/>\n<script type=\"application\/ld+json\" class=\"yoast-schema-graph\">{\"@context\":\"https:\\\/\\\/schema.org\",\"@graph\":[{\"@type\":\"Article\",\"@id\":\"https:\\\/\\\/www.yucatanencorto.com\\\/noticias\\\/entregan-sillas-de-ruedas-a-beneficiarios-del-dif-municipal\\\/#article\",\"isPartOf\":{\"@id\":\"https:\\\/\\\/www.yucatanencorto.com\\\/noticias\\\/entregan-sillas-de-ruedas-a-beneficiarios-del-dif-municipal\\\/\"},\"author\":{\"name\":\"Yucat\u00e1n en Corto\",\"@id\":\"https:\\\/\\\/www.yucatanencorto.com\\\/noticias\\\/#\\\/schema\\\/person\\\/f0ec40c33447bbc0dc2d01d3006de771\"},\"headline\":\"Entregan sillas de ruedas a beneficiarios del DIF Municipal\",\"datePublished\":\"2025-11-11T19:49:20+00:00\",\"mainEntityOfPage\":{\"@id\":\"https:\\\/\\\/www.yucatanencorto.com\\\/noticias\\\/entregan-sillas-de-ruedas-a-beneficiarios-del-dif-municipal\\\/\"},\"wordCount\":550,\"image\":{\"@id\":\"https:\\\/\\\/www.yucatanencorto.com\\\/noticias\\\/entregan-sillas-de-ruedas-a-beneficiarios-del-dif-municipal\\\/#primaryimage\"},\"thumbnailUrl\":\"https:\\\/\\\/www.yucatanencorto.com\\\/noticias\\\/wp-content\\\/uploads\\\/2025\\\/11\\\/WhatsApp-Image-2025-11-11-at-13.18.23-scaled.jpeg\",\"articleSection\":[\"M\u00e9rida\"],\"inLanguage\":\"es\"},{\"@type\":\"WebPage\",\"@id\":\"https:\\\/\\\/www.yucatanencorto.com\\\/noticias\\\/entregan-sillas-de-ruedas-a-beneficiarios-del-dif-municipal\\\/\",\"url\":\"https:\\\/\\\/www.yucatanencorto.com\\\/noticias\\\/entregan-sillas-de-ruedas-a-beneficiarios-del-dif-municipal\\\/\",\"name\":\"Entregan sillas de ruedas a beneficiarios del DIF Municipal - Yucat\u00e1n en corto\",\"isPartOf\":{\"@id\":\"https:\\\/\\\/www.yucatanencorto.com\\\/noticias\\\/#website\"},\"primaryImageOfPage\":{\"@id\":\"https:\\\/\\\/www.yucatanencorto.com\\\/noticias\\\/entregan-sillas-de-ruedas-a-beneficiarios-del-dif-municipal\\\/#primaryimage\"},\"image\":{\"@id\":\"https:\\\/\\\/www.yucatanencorto.com\\\/noticias\\\/entregan-sillas-de-ruedas-a-beneficiarios-del-dif-municipal\\\/#primaryimage\"},\"thumbnailUrl\":\"https:\\\/\\\/www.yucatanencorto.com\\\/noticias\\\/wp-content\\\/uploads\\\/2025\\\/11\\\/WhatsApp-Image-2025-11-11-at-13.18.23-scaled.jpeg\",\"datePublished\":\"2025-11-11T19:49:20+00:00\",\"author\":{\"@id\":\"https:\\\/\\\/www.yucatanencorto.com\\\/noticias\\\/#\\\/schema\\\/person\\\/f0ec40c33447bbc0dc2d01d3006de771\"},\"breadcrumb\":{\"@id\":\"https:\\\/\\\/www.yucatanencorto.com\\\/noticias\\\/entregan-sillas-de-ruedas-a-beneficiarios-del-dif-municipal\\\/#breadcrumb\"},\"inLanguage\":\"es\",\"potentialAction\":[{\"@type\":\"ReadAction\",\"target\":[\"https:\\\/\\\/www.yucatanencorto.com\\\/noticias\\\/entregan-sillas-de-ruedas-a-beneficiarios-del-dif-municipal\\\/\"]}]},{\"@type\":\"ImageObject\",\"inLanguage\":\"es\",\"@id\":\"https:\\\/\\\/www.yucatanencorto.com\\\/noticias\\\/entregan-sillas-de-ruedas-a-beneficiarios-del-dif-municipal\\\/#primaryimage\",\"url\":\"https:\\\/\\\/www.yucatanencorto.com\\\/noticias\\\/wp-content\\\/uploads\\\/2025\\\/11\\\/WhatsApp-Image-2025-11-11-at-13.18.23-scaled.jpeg\",\"contentUrl\":\"https:\\\/\\\/www.yucatanencorto.com\\\/noticias\\\/wp-content\\\/uploads\\\/2025\\\/11\\\/WhatsApp-Image-2025-11-11-at-13.18.23-scaled.jpeg\",\"width\":768,\"height\":547},{\"@type\":\"BreadcrumbList\",\"@id\":\"https:\\\/\\\/www.yucatanencorto.com\\\/noticias\\\/entregan-sillas-de-ruedas-a-beneficiarios-del-dif-municipal\\\/#breadcrumb\",\"itemListElement\":[{\"@type\":\"ListItem\",\"position\":1,\"name\":\"Portada\",\"item\":\"https:\\\/\\\/www.yucatanencorto.com\\\/noticias\\\/\"},{\"@type\":\"ListItem\",\"position\":2,\"name\":\"Entregan sillas de ruedas a beneficiarios del DIF Municipal\"}]},{\"@type\":\"WebSite\",\"@id\":\"https:\\\/\\\/www.yucatanencorto.com\\\/noticias\\\/#website\",\"url\":\"https:\\\/\\\/www.yucatanencorto.com\\\/noticias\\\/\",\"name\":\"Yucat\u00e1n en corto\",\"description\":\"Noticias\",\"potentialAction\":[{\"@type\":\"SearchAction\",\"target\":{\"@type\":\"EntryPoint\",\"urlTemplate\":\"https:\\\/\\\/www.yucatanencorto.com\\\/noticias\\\/?s={search_term_string}\"},\"query-input\":{\"@type\":\"PropertyValueSpecification\",\"valueRequired\":true,\"valueName\":\"search_term_string\"}}],\"inLanguage\":\"es\"},{\"@type\":\"Person\",\"@id\":\"https:\\\/\\\/www.yucatanencorto.com\\\/noticias\\\/#\\\/schema\\\/person\\\/f0ec40c33447bbc0dc2d01d3006de771\",\"name\":\"Yucat\u00e1n en Corto\",\"image\":{\"@type\":\"ImageObject\",\"inLanguage\":\"es\",\"@id\":\"https:\\\/\\\/secure.gravatar.com\\\/avatar\\\/20e0a6b626f38fa8e545fb3f80ce566efd790bf8877e65c3a482460cc3e0b5d1?s=96&d=mm&r=g\",\"url\":\"https:\\\/\\\/secure.gravatar.com\\\/avatar\\\/20e0a6b626f38fa8e545fb3f80ce566efd790bf8877e65c3a482460cc3e0b5d1?s=96&d=mm&r=g\",\"contentUrl\":\"https:\\\/\\\/secure.gravatar.com\\\/avatar\\\/20e0a6b626f38fa8e545fb3f80ce566efd790bf8877e65c3a482460cc3e0b5d1?s=96&d=mm&r=g\",\"caption\":\"Yucat\u00e1n en Corto\"},\"url\":\"https:\\\/\\\/www.yucatanencorto.com\\\/noticias\\\/author\\\/editor25\\\/\"}]}<\/script>\n<!-- \/ Yoast SEO plugin. -->","yoast_head_json":{"title":"Entregan sillas de ruedas a beneficiarios del DIF Municipal - Yucat\u00e1n en corto","robots":{"index":"index","follow":"follow","max-snippet":"max-snippet:-1","max-image-preview":"max-image-preview:large","max-video-preview":"max-video-preview:-1"},"canonical":"https:\/\/www.yucatanencorto.com\/noticias\/entregan-sillas-de-ruedas-a-beneficiarios-del-dif-municipal\/","og_locale":"es_ES","og_type":"article","og_title":"Entregan sillas de ruedas a beneficiarios del DIF Municipal - Yucat\u00e1n en corto","og_description":"M\u00e9rida, Yucat\u00e1n, martes 11 de noviembre de 2025.- La alta participaci\u00f3n ciudadana en acciones que contribuyen a que M\u00e9rida sea un mejor lugar para todas y todos, es lo que hace a nuestra sociedad distinta y distinguible, destac\u00f3 la presidenta municipal Cecilia Patr\u00f3n Laviada al presidir la entrega de sillas de ruedas a personas con [&hellip;]","og_url":"https:\/\/www.yucatanencorto.com\/noticias\/entregan-sillas-de-ruedas-a-beneficiarios-del-dif-municipal\/","og_site_name":"Yucat\u00e1n en corto","article_publisher":"http:\/\/www.facebook.com\/yucatanencorto","article_published_time":"2025-11-11T19:49:20+00:00","og_image":[{"width":768,"height":547,"url":"https:\/\/www.yucatanencorto.com\/noticias\/wp-content\/uploads\/2025\/11\/WhatsApp-Image-2025-11-11-at-13.18.23-scaled.jpeg","type":"image\/jpeg"}],"author":"Yucat\u00e1n en Corto","twitter_card":"summary_large_image","twitter_creator":"@yucatanencorto","twitter_site":"@yucatanencorto","twitter_misc":{"Escrito por":"Yucat\u00e1n en Corto","Tiempo de lectura":"3 minutos"},"schema":{"@context":"https:\/\/schema.org","@graph":[{"@type":"Article","@id":"https:\/\/www.yucatanencorto.com\/noticias\/entregan-sillas-de-ruedas-a-beneficiarios-del-dif-municipal\/#article","isPartOf":{"@id":"https:\/\/www.yucatanencorto.com\/noticias\/entregan-sillas-de-ruedas-a-beneficiarios-del-dif-municipal\/"},"author":{"name":"Yucat\u00e1n en Corto","@id":"https:\/\/www.yucatanencorto.com\/noticias\/#\/schema\/person\/f0ec40c33447bbc0dc2d01d3006de771"},"headline":"Entregan sillas de ruedas a beneficiarios del DIF Municipal","datePublished":"2025-11-11T19:49:20+00:00","mainEntityOfPage":{"@id":"https:\/\/www.yucatanencorto.com\/noticias\/entregan-sillas-de-ruedas-a-beneficiarios-del-dif-municipal\/"},"wordCount":550,"image":{"@id":"https:\/\/www.yucatanencorto.com\/noticias\/entregan-sillas-de-ruedas-a-beneficiarios-del-dif-municipal\/#primaryimage"},"thumbnailUrl":"https:\/\/www.yucatanencorto.com\/noticias\/wp-content\/uploads\/2025\/11\/WhatsApp-Image-2025-11-11-at-13.18.23-scaled.jpeg","articleSection":["M\u00e9rida"],"inLanguage":"es"},{"@type":"WebPage","@id":"https:\/\/www.yucatanencorto.com\/noticias\/entregan-sillas-de-ruedas-a-beneficiarios-del-dif-municipal\/","url":"https:\/\/www.yucatanencorto.com\/noticias\/entregan-sillas-de-ruedas-a-beneficiarios-del-dif-municipal\/","name":"Entregan sillas de ruedas a beneficiarios del DIF Municipal - Yucat\u00e1n en corto","isPartOf":{"@id":"https:\/\/www.yucatanencorto.com\/noticias\/#website"},"primaryImageOfPage":{"@id":"https:\/\/www.yucatanencorto.com\/noticias\/entregan-sillas-de-ruedas-a-beneficiarios-del-dif-municipal\/#primaryimage"},"image":{"@id":"https:\/\/www.yucatanencorto.com\/noticias\/entregan-sillas-de-ruedas-a-beneficiarios-del-dif-municipal\/#primaryimage"},"thumbnailUrl":"https:\/\/www.yucatanencorto.com\/noticias\/wp-content\/uploads\/2025\/11\/WhatsApp-Image-2025-11-11-at-13.18.23-scaled.jpeg","datePublished":"2025-11-11T19:49:20+00:00","author":{"@id":"https:\/\/www.yucatanencorto.com\/noticias\/#\/schema\/person\/f0ec40c33447bbc0dc2d01d3006de771"},"breadcrumb":{"@id":"https:\/\/www.yucatanencorto.com\/noticias\/entregan-sillas-de-ruedas-a-beneficiarios-del-dif-municipal\/#breadcrumb"},"inLanguage":"es","potentialAction":[{"@type":"ReadAction","target":["https:\/\/www.yucatanencorto.com\/noticias\/entregan-sillas-de-ruedas-a-beneficiarios-del-dif-municipal\/"]}]},{"@type":"ImageObject","inLanguage":"es","@id":"https:\/\/www.yucatanencorto.com\/noticias\/entregan-sillas-de-ruedas-a-beneficiarios-del-dif-municipal\/#primaryimage","url":"https:\/\/www.yucatanencorto.com\/noticias\/wp-content\/uploads\/2025\/11\/WhatsApp-Image-2025-11-11-at-13.18.23-scaled.jpeg","contentUrl":"https:\/\/www.yucatanencorto.com\/noticias\/wp-content\/uploads\/2025\/11\/WhatsApp-Image-2025-11-11-at-13.18.23-scaled.jpeg","width":768,"height":547},{"@type":"BreadcrumbList","@id":"https:\/\/www.yucatanencorto.com\/noticias\/entregan-sillas-de-ruedas-a-beneficiarios-del-dif-municipal\/#breadcrumb","itemListElement":[{"@type":"ListItem","position":1,"name":"Portada","item":"https:\/\/www.yucatanencorto.com\/noticias\/"},{"@type":"ListItem","position":2,"name":"Entregan sillas de ruedas a beneficiarios del DIF Municipal"}]},{"@type":"WebSite","@id":"https:\/\/www.yucatanencorto.com\/noticias\/#website","url":"https:\/\/www.yucatanencorto.com\/noticias\/","name":"Yucat\u00e1n en corto","description":"Noticias","potentialAction":[{"@type":"SearchAction","target":{"@type":"EntryPoint","urlTemplate":"https:\/\/www.yucatanencorto.com\/noticias\/?s={search_term_string}"},"query-input":{"@type":"PropertyValueSpecification","valueRequired":true,"valueName":"search_term_string"}}],"inLanguage":"es"},{"@type":"Person","@id":"https:\/\/www.yucatanencorto.com\/noticias\/#\/schema\/person\/f0ec40c33447bbc0dc2d01d3006de771","name":"Yucat\u00e1n en Corto","image":{"@type":"ImageObject","inLanguage":"es","@id":"https:\/\/secure.gravatar.com\/avatar\/20e0a6b626f38fa8e545fb3f80ce566efd790bf8877e65c3a482460cc3e0b5d1?s=96&d=mm&r=g","url":"https:\/\/secure.gravatar.com\/avatar\/20e0a6b626f38fa8e545fb3f80ce566efd790bf8877e65c3a482460cc3e0b5d1?s=96&d=mm&r=g","contentUrl":"https:\/\/secure.gravatar.com\/avatar\/20e0a6b626f38fa8e545fb3f80ce566efd790bf8877e65c3a482460cc3e0b5d1?s=96&d=mm&r=g","caption":"Yucat\u00e1n en Corto"},"url":"https:\/\/www.yucatanencorto.com\/noticias\/author\/editor25\/"}]}},"_links":{"self":[{"href":"https:\/\/www.yucatanencorto.com\/noticias\/wp-json\/wp\/v2\/posts\/116129","targetHints":{"allow":["GET"]}}],"collection":[{"href":"https:\/\/www.yucatanencorto.com\/noticias\/wp-json\/wp\/v2\/posts"}],"about":[{"href":"https:\/\/www.yucatanencorto.com\/noticias\/wp-json\/wp\/v2\/types\/post"}],"author":[{"embeddable":true,"href":"https:\/\/www.yucatanencorto.com\/noticias\/wp-json\/wp\/v2\/users\/4"}],"replies":[{"embeddable":true,"href":"https:\/\/www.yucatanencorto.com\/noticias\/wp-json\/wp\/v2\/comments?post=116129"}],"version-history":[{"count":1,"href":"https:\/\/www.yucatanencorto.com\/noticias\/wp-json\/wp\/v2\/posts\/116129\/revisions"}],"predecessor-version":[{"id":116131,"href":"https:\/\/www.yucatanencorto.com\/noticias\/wp-json\/wp\/v2\/posts\/116129\/revisions\/116131"}],"wp:featuredmedia":[{"embeddable":true,"href":"https:\/\/www.yucatanencorto.com\/noticias\/wp-json\/wp\/v2\/media\/116130"}],"wp:attachment":[{"href":"https:\/\/www.yucatanencorto.com\/noticias\/wp-json\/wp\/v2\/media?parent=116129"}],"wp:term":[{"taxonomy":"category","embeddable":true,"href":"https:\/\/www.yucatanencorto.com\/noticias\/wp-json\/wp\/v2\/categories?post=116129"},{"taxonomy":"post_tag","embeddable":true,"href":"https:\/\/www.yucatanencorto.com\/noticias\/wp-json\/wp\/v2\/tags?post=116129"}],"curies":[{"name":"wp","href":"https:\/\/api.w.org\/{rel}","templated":true}]}}