{"id":116132,"date":"2025-11-11T14:36:04","date_gmt":"2025-11-11T20:36:04","guid":{"rendered":"https:\/\/www.yucatanencorto.com\/noticias\/?p=116132"},"modified":"2025-11-11T14:36:04","modified_gmt":"2025-11-11T20:36:04","slug":"abren-convocatoria-para-el-bienestar-de-las-y-los-pescadores-yucatecos","status":"publish","type":"post","link":"https:\/\/www.yucatanencorto.com\/noticias\/abren-convocatoria-para-el-bienestar-de-las-y-los-pescadores-yucatecos\/","title":{"rendered":"Abren convocatoria para el bienestar de las y los pescadores yucatecos \u00a0"},"content":{"rendered":"<p><img loading=\"lazy\" decoding=\"async\" class=\"alignnone size-full wp-image-116133\" src=\"https:\/\/www.yucatanencorto.com\/noticias\/wp-content\/uploads\/2025\/11\/WhatsApp-Image-2025-11-11-at-11.25.18-scaled.jpeg\" alt=\"\" width=\"768\" height=\"511\" srcset=\"https:\/\/www.yucatanencorto.com\/noticias\/wp-content\/uploads\/2025\/11\/WhatsApp-Image-2025-11-11-at-11.25.18-scaled.jpeg 768w, https:\/\/www.yucatanencorto.com\/noticias\/wp-content\/uploads\/2025\/11\/WhatsApp-Image-2025-11-11-at-11.25.18-150x100.jpeg 150w, https:\/\/www.yucatanencorto.com\/noticias\/wp-content\/uploads\/2025\/11\/WhatsApp-Image-2025-11-11-at-11.25.18-300x200.jpeg 300w, https:\/\/www.yucatanencorto.com\/noticias\/wp-content\/uploads\/2025\/11\/WhatsApp-Image-2025-11-11-at-11.25.18-696x463.jpeg 696w, https:\/\/www.yucatanencorto.com\/noticias\/wp-content\/uploads\/2025\/11\/WhatsApp-Image-2025-11-11-at-11.25.18-1068x711.jpeg 1068w\" sizes=\"auto, (max-width: 768px) 100vw, 768px\" \/><\/p>\n<p>M\u00e9rida, Yucat\u00e1n, a 11 de noviembre de 2025<\/p>\n<p>El Gobierno del Estado impulsa la modernizaci\u00f3n de la pesca con apoyos econ\u00f3micos para la adquisici\u00f3n de motores fuera de borda.<\/p>\n<p>El Gobierno del Estado, a trav\u00e9s de la Secretar\u00eda de Pesca y Acuacultura Sustentables de Yucat\u00e1n (Sepasy), anunci\u00f3 el inicio del programa de apoyo de Motores para el Bienestar del Pescador, dirigido a personas f\u00edsicas y morales dedicadas a la actividad pesquera, con el prop\u00f3sito de fortalecer el desarrollo del sector y mejorar el bienestar de las y los trabajadores del mar.<\/p>\n<p>La Sepasy inform\u00f3 que, mediante esta estrategia, se otorgar\u00e1 un apoyo econ\u00f3mico para la adquisici\u00f3n de motores fuera de borda de hasta 60 HP por embarcaci\u00f3n, con el objetivo de impulsar la productividad, modernizar las herramientas de trabajo y promover una pesca m\u00e1s segura y eficiente.<\/p>\n<p>El esquema contempla que el Gobierno del Estado cubrir\u00e1 el 50% del costo total del motor, con un tope m\u00e1ximo de 100 mil pesos, mientras que el beneficiario aportar\u00e1 el monto restante para concretar la adquisici\u00f3n del equipo.<\/p>\n<p>Asimismo, la dependencia precis\u00f3 que el periodo de ventanilla permanecer\u00e1 abierto hasta el 13 de noviembre y que las personas interesadas podr\u00e1n consultar los requisitos, lineamientos y calendario de participaci\u00f3n a trav\u00e9s del c\u00f3digo QR disponible en la convocatoria publicada por la Sepasy.<\/p>\n","protected":false},"excerpt":{"rendered":"<p>M\u00e9rida, Yucat\u00e1n, a 11 de noviembre de 2025 El Gobierno del Estado impulsa la modernizaci\u00f3n de la pesca con apoyos econ\u00f3micos para la adquisici\u00f3n de motores fuera de borda. El Gobierno del Estado, a trav\u00e9s de la Secretar\u00eda de Pesca y Acuacultura Sustentables de Yucat\u00e1n (Sepasy), anunci\u00f3 el inicio del programa de apoyo de Motores [&hellip;]<\/p>\n","protected":false},"author":4,"featured_media":0,"comment_status":"closed","ping_status":"closed","sticky":false,"template":"","format":"standard","meta":{"footnotes":""},"categories":[3],"tags":[],"class_list":{"0":"post-116132","1":"post","2":"type-post","3":"status-publish","4":"format-standard","6":"category-yucatan"},"yoast_head":"<!-- This site is optimized with the Yoast SEO plugin v27.4 - https:\/\/yoast.com\/product\/yoast-seo-wordpress\/ -->\n<title>Abren convocatoria para el bienestar de las y los pescadores yucatecos \u00a0 - Yucat\u00e1n en corto<\/title>\n<meta name=\"robots\" content=\"index, follow, max-snippet:-1, max-image-preview:large, max-video-preview:-1\" \/>\n<link rel=\"canonical\" href=\"https:\/\/www.yucatanencorto.com\/noticias\/abren-convocatoria-para-el-bienestar-de-las-y-los-pescadores-yucatecos\/\" \/>\n<meta property=\"og:locale\" content=\"es_ES\" \/>\n<meta property=\"og:type\" content=\"article\" \/>\n<meta property=\"og:title\" content=\"Abren convocatoria para el bienestar de las y los pescadores yucatecos \u00a0 - Yucat\u00e1n en corto\" \/>\n<meta property=\"og:description\" content=\"M\u00e9rida, Yucat\u00e1n, a 11 de noviembre de 2025 El Gobierno del Estado impulsa la modernizaci\u00f3n de la pesca con apoyos econ\u00f3micos para la adquisici\u00f3n de motores fuera de borda. El Gobierno del Estado, a trav\u00e9s de la Secretar\u00eda de Pesca y Acuacultura Sustentables de Yucat\u00e1n (Sepasy), anunci\u00f3 el inicio del programa de apoyo de Motores [&hellip;]\" \/>\n<meta property=\"og:url\" content=\"https:\/\/www.yucatanencorto.com\/noticias\/abren-convocatoria-para-el-bienestar-de-las-y-los-pescadores-yucatecos\/\" \/>\n<meta property=\"og:site_name\" content=\"Yucat\u00e1n en corto\" \/>\n<meta property=\"article:publisher\" content=\"http:\/\/www.facebook.com\/yucatanencorto\" \/>\n<meta property=\"article:published_time\" content=\"2025-11-11T20:36:04+00:00\" \/>\n<meta property=\"og:image\" content=\"https:\/\/www.yucatanencorto.com\/noticias\/wp-content\/uploads\/2025\/11\/WhatsApp-Image-2025-11-11-at-11.25.18-scaled.jpeg\" \/>\n\t<meta property=\"og:image:width\" content=\"768\" \/>\n\t<meta property=\"og:image:height\" content=\"511\" \/>\n\t<meta property=\"og:image:type\" content=\"image\/jpeg\" \/>\n<meta name=\"author\" content=\"Yucat\u00e1n en Corto\" \/>\n<meta name=\"twitter:card\" content=\"summary_large_image\" \/>\n<meta name=\"twitter:creator\" content=\"@yucatanencorto\" \/>\n<meta name=\"twitter:site\" content=\"@yucatanencorto\" \/>\n<meta name=\"twitter:label1\" content=\"Escrito por\" \/>\n\t<meta name=\"twitter:data1\" content=\"Yucat\u00e1n en Corto\" \/>\n\t<meta name=\"twitter:label2\" content=\"Tiempo de lectura\" \/>\n\t<meta name=\"twitter:data2\" content=\"2 minutos\" \/>\n<script type=\"application\/ld+json\" class=\"yoast-schema-graph\">{\"@context\":\"https:\\\/\\\/schema.org\",\"@graph\":[{\"@type\":\"Article\",\"@id\":\"https:\\\/\\\/www.yucatanencorto.com\\\/noticias\\\/abren-convocatoria-para-el-bienestar-de-las-y-los-pescadores-yucatecos\\\/#article\",\"isPartOf\":{\"@id\":\"https:\\\/\\\/www.yucatanencorto.com\\\/noticias\\\/abren-convocatoria-para-el-bienestar-de-las-y-los-pescadores-yucatecos\\\/\"},\"author\":{\"name\":\"Yucat\u00e1n en Corto\",\"@id\":\"https:\\\/\\\/www.yucatanencorto.com\\\/noticias\\\/#\\\/schema\\\/person\\\/f0ec40c33447bbc0dc2d01d3006de771\"},\"headline\":\"Abren convocatoria para el bienestar de las y los pescadores yucatecos \u00a0\",\"datePublished\":\"2025-11-11T20:36:04+00:00\",\"mainEntityOfPage\":{\"@id\":\"https:\\\/\\\/www.yucatanencorto.com\\\/noticias\\\/abren-convocatoria-para-el-bienestar-de-las-y-los-pescadores-yucatecos\\\/\"},\"wordCount\":243,\"image\":{\"@id\":\"https:\\\/\\\/www.yucatanencorto.com\\\/noticias\\\/abren-convocatoria-para-el-bienestar-de-las-y-los-pescadores-yucatecos\\\/#primaryimage\"},\"thumbnailUrl\":\"https:\\\/\\\/www.yucatanencorto.com\\\/noticias\\\/wp-content\\\/uploads\\\/2025\\\/11\\\/WhatsApp-Image-2025-11-11-at-11.25.18-scaled.jpeg\",\"articleSection\":[\"Yucat\u00e1n\"],\"inLanguage\":\"es\"},{\"@type\":\"WebPage\",\"@id\":\"https:\\\/\\\/www.yucatanencorto.com\\\/noticias\\\/abren-convocatoria-para-el-bienestar-de-las-y-los-pescadores-yucatecos\\\/\",\"url\":\"https:\\\/\\\/www.yucatanencorto.com\\\/noticias\\\/abren-convocatoria-para-el-bienestar-de-las-y-los-pescadores-yucatecos\\\/\",\"name\":\"Abren convocatoria para el bienestar de las y los pescadores yucatecos \u00a0 - Yucat\u00e1n en corto\",\"isPartOf\":{\"@id\":\"https:\\\/\\\/www.yucatanencorto.com\\\/noticias\\\/#website\"},\"primaryImageOfPage\":{\"@id\":\"https:\\\/\\\/www.yucatanencorto.com\\\/noticias\\\/abren-convocatoria-para-el-bienestar-de-las-y-los-pescadores-yucatecos\\\/#primaryimage\"},\"image\":{\"@id\":\"https:\\\/\\\/www.yucatanencorto.com\\\/noticias\\\/abren-convocatoria-para-el-bienestar-de-las-y-los-pescadores-yucatecos\\\/#primaryimage\"},\"thumbnailUrl\":\"https:\\\/\\\/www.yucatanencorto.com\\\/noticias\\\/wp-content\\\/uploads\\\/2025\\\/11\\\/WhatsApp-Image-2025-11-11-at-11.25.18-scaled.jpeg\",\"datePublished\":\"2025-11-11T20:36:04+00:00\",\"author\":{\"@id\":\"https:\\\/\\\/www.yucatanencorto.com\\\/noticias\\\/#\\\/schema\\\/person\\\/f0ec40c33447bbc0dc2d01d3006de771\"},\"breadcrumb\":{\"@id\":\"https:\\\/\\\/www.yucatanencorto.com\\\/noticias\\\/abren-convocatoria-para-el-bienestar-de-las-y-los-pescadores-yucatecos\\\/#breadcrumb\"},\"inLanguage\":\"es\",\"potentialAction\":[{\"@type\":\"ReadAction\",\"target\":[\"https:\\\/\\\/www.yucatanencorto.com\\\/noticias\\\/abren-convocatoria-para-el-bienestar-de-las-y-los-pescadores-yucatecos\\\/\"]}]},{\"@type\":\"ImageObject\",\"inLanguage\":\"es\",\"@id\":\"https:\\\/\\\/www.yucatanencorto.com\\\/noticias\\\/abren-convocatoria-para-el-bienestar-de-las-y-los-pescadores-yucatecos\\\/#primaryimage\",\"url\":\"https:\\\/\\\/www.yucatanencorto.com\\\/noticias\\\/wp-content\\\/uploads\\\/2025\\\/11\\\/WhatsApp-Image-2025-11-11-at-11.25.18-scaled.jpeg\",\"contentUrl\":\"https:\\\/\\\/www.yucatanencorto.com\\\/noticias\\\/wp-content\\\/uploads\\\/2025\\\/11\\\/WhatsApp-Image-2025-11-11-at-11.25.18-scaled.jpeg\",\"width\":768,\"height\":511},{\"@type\":\"BreadcrumbList\",\"@id\":\"https:\\\/\\\/www.yucatanencorto.com\\\/noticias\\\/abren-convocatoria-para-el-bienestar-de-las-y-los-pescadores-yucatecos\\\/#breadcrumb\",\"itemListElement\":[{\"@type\":\"ListItem\",\"position\":1,\"name\":\"Portada\",\"item\":\"https:\\\/\\\/www.yucatanencorto.com\\\/noticias\\\/\"},{\"@type\":\"ListItem\",\"position\":2,\"name\":\"Abren convocatoria para el bienestar de las y los pescadores yucatecos \u00a0\"}]},{\"@type\":\"WebSite\",\"@id\":\"https:\\\/\\\/www.yucatanencorto.com\\\/noticias\\\/#website\",\"url\":\"https:\\\/\\\/www.yucatanencorto.com\\\/noticias\\\/\",\"name\":\"Yucat\u00e1n en corto\",\"description\":\"Noticias\",\"potentialAction\":[{\"@type\":\"SearchAction\",\"target\":{\"@type\":\"EntryPoint\",\"urlTemplate\":\"https:\\\/\\\/www.yucatanencorto.com\\\/noticias\\\/?s={search_term_string}\"},\"query-input\":{\"@type\":\"PropertyValueSpecification\",\"valueRequired\":true,\"valueName\":\"search_term_string\"}}],\"inLanguage\":\"es\"},{\"@type\":\"Person\",\"@id\":\"https:\\\/\\\/www.yucatanencorto.com\\\/noticias\\\/#\\\/schema\\\/person\\\/f0ec40c33447bbc0dc2d01d3006de771\",\"name\":\"Yucat\u00e1n en Corto\",\"image\":{\"@type\":\"ImageObject\",\"inLanguage\":\"es\",\"@id\":\"https:\\\/\\\/secure.gravatar.com\\\/avatar\\\/20e0a6b626f38fa8e545fb3f80ce566efd790bf8877e65c3a482460cc3e0b5d1?s=96&d=mm&r=g\",\"url\":\"https:\\\/\\\/secure.gravatar.com\\\/avatar\\\/20e0a6b626f38fa8e545fb3f80ce566efd790bf8877e65c3a482460cc3e0b5d1?s=96&d=mm&r=g\",\"contentUrl\":\"https:\\\/\\\/secure.gravatar.com\\\/avatar\\\/20e0a6b626f38fa8e545fb3f80ce566efd790bf8877e65c3a482460cc3e0b5d1?s=96&d=mm&r=g\",\"caption\":\"Yucat\u00e1n en Corto\"},\"url\":\"https:\\\/\\\/www.yucatanencorto.com\\\/noticias\\\/author\\\/editor25\\\/\"}]}<\/script>\n<!-- \/ Yoast SEO plugin. -->","yoast_head_json":{"title":"Abren convocatoria para el bienestar de las y los pescadores yucatecos \u00a0 - Yucat\u00e1n en corto","robots":{"index":"index","follow":"follow","max-snippet":"max-snippet:-1","max-image-preview":"max-image-preview:large","max-video-preview":"max-video-preview:-1"},"canonical":"https:\/\/www.yucatanencorto.com\/noticias\/abren-convocatoria-para-el-bienestar-de-las-y-los-pescadores-yucatecos\/","og_locale":"es_ES","og_type":"article","og_title":"Abren convocatoria para el bienestar de las y los pescadores yucatecos \u00a0 - Yucat\u00e1n en corto","og_description":"M\u00e9rida, Yucat\u00e1n, a 11 de noviembre de 2025 El Gobierno del Estado impulsa la modernizaci\u00f3n de la pesca con apoyos econ\u00f3micos para la adquisici\u00f3n de motores fuera de borda. El Gobierno del Estado, a trav\u00e9s de la Secretar\u00eda de Pesca y Acuacultura Sustentables de Yucat\u00e1n (Sepasy), anunci\u00f3 el inicio del programa de apoyo de Motores [&hellip;]","og_url":"https:\/\/www.yucatanencorto.com\/noticias\/abren-convocatoria-para-el-bienestar-de-las-y-los-pescadores-yucatecos\/","og_site_name":"Yucat\u00e1n en corto","article_publisher":"http:\/\/www.facebook.com\/yucatanencorto","article_published_time":"2025-11-11T20:36:04+00:00","og_image":[{"width":768,"height":511,"url":"https:\/\/www.yucatanencorto.com\/noticias\/wp-content\/uploads\/2025\/11\/WhatsApp-Image-2025-11-11-at-11.25.18-scaled.jpeg","type":"image\/jpeg"}],"author":"Yucat\u00e1n en Corto","twitter_card":"summary_large_image","twitter_creator":"@yucatanencorto","twitter_site":"@yucatanencorto","twitter_misc":{"Escrito por":"Yucat\u00e1n en Corto","Tiempo de lectura":"2 minutos"},"schema":{"@context":"https:\/\/schema.org","@graph":[{"@type":"Article","@id":"https:\/\/www.yucatanencorto.com\/noticias\/abren-convocatoria-para-el-bienestar-de-las-y-los-pescadores-yucatecos\/#article","isPartOf":{"@id":"https:\/\/www.yucatanencorto.com\/noticias\/abren-convocatoria-para-el-bienestar-de-las-y-los-pescadores-yucatecos\/"},"author":{"name":"Yucat\u00e1n en Corto","@id":"https:\/\/www.yucatanencorto.com\/noticias\/#\/schema\/person\/f0ec40c33447bbc0dc2d01d3006de771"},"headline":"Abren convocatoria para el bienestar de las y los pescadores yucatecos \u00a0","datePublished":"2025-11-11T20:36:04+00:00","mainEntityOfPage":{"@id":"https:\/\/www.yucatanencorto.com\/noticias\/abren-convocatoria-para-el-bienestar-de-las-y-los-pescadores-yucatecos\/"},"wordCount":243,"image":{"@id":"https:\/\/www.yucatanencorto.com\/noticias\/abren-convocatoria-para-el-bienestar-de-las-y-los-pescadores-yucatecos\/#primaryimage"},"thumbnailUrl":"https:\/\/www.yucatanencorto.com\/noticias\/wp-content\/uploads\/2025\/11\/WhatsApp-Image-2025-11-11-at-11.25.18-scaled.jpeg","articleSection":["Yucat\u00e1n"],"inLanguage":"es"},{"@type":"WebPage","@id":"https:\/\/www.yucatanencorto.com\/noticias\/abren-convocatoria-para-el-bienestar-de-las-y-los-pescadores-yucatecos\/","url":"https:\/\/www.yucatanencorto.com\/noticias\/abren-convocatoria-para-el-bienestar-de-las-y-los-pescadores-yucatecos\/","name":"Abren convocatoria para el bienestar de las y los pescadores yucatecos \u00a0 - Yucat\u00e1n en corto","isPartOf":{"@id":"https:\/\/www.yucatanencorto.com\/noticias\/#website"},"primaryImageOfPage":{"@id":"https:\/\/www.yucatanencorto.com\/noticias\/abren-convocatoria-para-el-bienestar-de-las-y-los-pescadores-yucatecos\/#primaryimage"},"image":{"@id":"https:\/\/www.yucatanencorto.com\/noticias\/abren-convocatoria-para-el-bienestar-de-las-y-los-pescadores-yucatecos\/#primaryimage"},"thumbnailUrl":"https:\/\/www.yucatanencorto.com\/noticias\/wp-content\/uploads\/2025\/11\/WhatsApp-Image-2025-11-11-at-11.25.18-scaled.jpeg","datePublished":"2025-11-11T20:36:04+00:00","author":{"@id":"https:\/\/www.yucatanencorto.com\/noticias\/#\/schema\/person\/f0ec40c33447bbc0dc2d01d3006de771"},"breadcrumb":{"@id":"https:\/\/www.yucatanencorto.com\/noticias\/abren-convocatoria-para-el-bienestar-de-las-y-los-pescadores-yucatecos\/#breadcrumb"},"inLanguage":"es","potentialAction":[{"@type":"ReadAction","target":["https:\/\/www.yucatanencorto.com\/noticias\/abren-convocatoria-para-el-bienestar-de-las-y-los-pescadores-yucatecos\/"]}]},{"@type":"ImageObject","inLanguage":"es","@id":"https:\/\/www.yucatanencorto.com\/noticias\/abren-convocatoria-para-el-bienestar-de-las-y-los-pescadores-yucatecos\/#primaryimage","url":"https:\/\/www.yucatanencorto.com\/noticias\/wp-content\/uploads\/2025\/11\/WhatsApp-Image-2025-11-11-at-11.25.18-scaled.jpeg","contentUrl":"https:\/\/www.yucatanencorto.com\/noticias\/wp-content\/uploads\/2025\/11\/WhatsApp-Image-2025-11-11-at-11.25.18-scaled.jpeg","width":768,"height":511},{"@type":"BreadcrumbList","@id":"https:\/\/www.yucatanencorto.com\/noticias\/abren-convocatoria-para-el-bienestar-de-las-y-los-pescadores-yucatecos\/#breadcrumb","itemListElement":[{"@type":"ListItem","position":1,"name":"Portada","item":"https:\/\/www.yucatanencorto.com\/noticias\/"},{"@type":"ListItem","position":2,"name":"Abren convocatoria para el bienestar de las y los pescadores yucatecos \u00a0"}]},{"@type":"WebSite","@id":"https:\/\/www.yucatanencorto.com\/noticias\/#website","url":"https:\/\/www.yucatanencorto.com\/noticias\/","name":"Yucat\u00e1n en corto","description":"Noticias","potentialAction":[{"@type":"SearchAction","target":{"@type":"EntryPoint","urlTemplate":"https:\/\/www.yucatanencorto.com\/noticias\/?s={search_term_string}"},"query-input":{"@type":"PropertyValueSpecification","valueRequired":true,"valueName":"search_term_string"}}],"inLanguage":"es"},{"@type":"Person","@id":"https:\/\/www.yucatanencorto.com\/noticias\/#\/schema\/person\/f0ec40c33447bbc0dc2d01d3006de771","name":"Yucat\u00e1n en Corto","image":{"@type":"ImageObject","inLanguage":"es","@id":"https:\/\/secure.gravatar.com\/avatar\/20e0a6b626f38fa8e545fb3f80ce566efd790bf8877e65c3a482460cc3e0b5d1?s=96&d=mm&r=g","url":"https:\/\/secure.gravatar.com\/avatar\/20e0a6b626f38fa8e545fb3f80ce566efd790bf8877e65c3a482460cc3e0b5d1?s=96&d=mm&r=g","contentUrl":"https:\/\/secure.gravatar.com\/avatar\/20e0a6b626f38fa8e545fb3f80ce566efd790bf8877e65c3a482460cc3e0b5d1?s=96&d=mm&r=g","caption":"Yucat\u00e1n en Corto"},"url":"https:\/\/www.yucatanencorto.com\/noticias\/author\/editor25\/"}]}},"_links":{"self":[{"href":"https:\/\/www.yucatanencorto.com\/noticias\/wp-json\/wp\/v2\/posts\/116132","targetHints":{"allow":["GET"]}}],"collection":[{"href":"https:\/\/www.yucatanencorto.com\/noticias\/wp-json\/wp\/v2\/posts"}],"about":[{"href":"https:\/\/www.yucatanencorto.com\/noticias\/wp-json\/wp\/v2\/types\/post"}],"author":[{"embeddable":true,"href":"https:\/\/www.yucatanencorto.com\/noticias\/wp-json\/wp\/v2\/users\/4"}],"replies":[{"embeddable":true,"href":"https:\/\/www.yucatanencorto.com\/noticias\/wp-json\/wp\/v2\/comments?post=116132"}],"version-history":[{"count":1,"href":"https:\/\/www.yucatanencorto.com\/noticias\/wp-json\/wp\/v2\/posts\/116132\/revisions"}],"predecessor-version":[{"id":116134,"href":"https:\/\/www.yucatanencorto.com\/noticias\/wp-json\/wp\/v2\/posts\/116132\/revisions\/116134"}],"wp:attachment":[{"href":"https:\/\/www.yucatanencorto.com\/noticias\/wp-json\/wp\/v2\/media?parent=116132"}],"wp:term":[{"taxonomy":"category","embeddable":true,"href":"https:\/\/www.yucatanencorto.com\/noticias\/wp-json\/wp\/v2\/categories?post=116132"},{"taxonomy":"post_tag","embeddable":true,"href":"https:\/\/www.yucatanencorto.com\/noticias\/wp-json\/wp\/v2\/tags?post=116132"}],"curies":[{"name":"wp","href":"https:\/\/api.w.org\/{rel}","templated":true}]}}