{"id":116195,"date":"2025-11-26T13:38:50","date_gmt":"2025-11-26T19:38:50","guid":{"rendered":"https:\/\/www.yucatanencorto.com\/noticias\/?p=116195"},"modified":"2025-11-26T13:38:50","modified_gmt":"2025-11-26T19:38:50","slug":"fortalecen-la-economia-en-merida-con-la-entrega-de-nuevos-creditos","status":"publish","type":"post","link":"https:\/\/www.yucatanencorto.com\/noticias\/fortalecen-la-economia-en-merida-con-la-entrega-de-nuevos-creditos\/","title":{"rendered":"Fortalecen la econom\u00eda en M\u00e9rida con la entrega de nuevos cr\u00e9ditos."},"content":{"rendered":"<p><img loading=\"lazy\" decoding=\"async\" class=\"alignnone size-full wp-image-116196\" src=\"https:\/\/www.yucatanencorto.com\/noticias\/wp-content\/uploads\/2025\/11\/WhatsApp-Image-2025-11-26-at-11.19.33-3-scaled.jpeg\" alt=\"\" width=\"768\" height=\"512\" srcset=\"https:\/\/www.yucatanencorto.com\/noticias\/wp-content\/uploads\/2025\/11\/WhatsApp-Image-2025-11-26-at-11.19.33-3-scaled.jpeg 768w, https:\/\/www.yucatanencorto.com\/noticias\/wp-content\/uploads\/2025\/11\/WhatsApp-Image-2025-11-26-at-11.19.33-3-150x100.jpeg 150w, https:\/\/www.yucatanencorto.com\/noticias\/wp-content\/uploads\/2025\/11\/WhatsApp-Image-2025-11-26-at-11.19.33-3-300x200.jpeg 300w, https:\/\/www.yucatanencorto.com\/noticias\/wp-content\/uploads\/2025\/11\/WhatsApp-Image-2025-11-26-at-11.19.33-3-696x464.jpeg 696w\" sizes=\"auto, (max-width: 768px) 100vw, 768px\" \/><\/p>\n<p>M\u00e9rida, Yucat\u00e1n, mi\u00e9rcoles 26 de noviembre de 2025.- En apoyo a emprendedores de comisar\u00edas y colonias de M\u00e9rida para consolidar sus proyectos productivos, la presidenta municipal Cecilia Patr\u00f3n Laviada entreg\u00f3 34 cr\u00e9ditos correspondientes a los programas Mi Primer Cr\u00e9dito, Micromer y Macromer.<\/p>\n<p>\u201cEn M\u00e9rida fortalecemos la econom\u00eda de las y los meridanos con responsabilidad y unidad. Estos nuevos cr\u00e9ditos son la muestra de cu\u00e1nto nos importa la prosperidad de nuestra gente\u201d, expres\u00f3.<\/p>\n<p>Con estas acciones, el municipio alcanza 94 acreditados en el primer a\u00f1o de la administraci\u00f3n, lo que representa un 92 por ciento m\u00e1s de lo entregado en los tres a\u00f1os anteriores.<\/p>\n<p>Este crecimiento se ha logrado gracias a pol\u00edticas de recuperaci\u00f3n y fortalecimiento financiero que permiten apoyar a m\u00e1s familias meridanas, gracias a los pagos puntuales de los acreedores, y de los cambios innovadores que han permitido una mejor accesibilidad a dichos cr\u00e9ditos municipales.<\/p>\n<p>Durante el evento, la alcaldesa destac\u00f3 que la visi\u00f3n de justicia social se materializa cuando las oportunidades llegan a quienes m\u00e1s las necesitan.<\/p>\n<p>Subray\u00f3 que estos resultados consolidan una M\u00e9rida con visi\u00f3n de futuro, donde gobierno, ciudadan\u00eda e instituciones avanzan en unidad.<\/p>\n<p>Finalmente, Cecilia Patr\u00f3n invit\u00f3 a los nuevos beneficiarios a continuar su proceso de crecimiento, ya que M\u00e9rida progresa cuando la gente conf\u00eda, cumple y participa, y de esta forma invit\u00e1ndolos a seguir construyendo \u201cuna M\u00e9rida responsable, justa y con oportunidades para todas y todos\u201d, concluy\u00f3.<\/p>\n<p>Asimismo el director de Prosperidad y Bienestar Econ\u00f3mico, Mauricio D\u00edaz Montalvo, record\u00f3 que los resultados hist\u00f3ricos de este a\u00f1o se deben al esfuerzo conjunto, la confianza en el gobierno municipal y el compromiso de las y los beneficiarios de cumplir responsablemente para poder seguir impulsando a m\u00e1s emprendedores.<\/p>\n<p>\u201cEste avance no es casualidad. Se debe, por un lado, a las gestiones de cobranza que impulsamos desde el inicio, y por otro, al compromiso de la ciudadan\u00eda que cumple puntualmente con sus pagos. Gracias a esa responsabilidad, hoy tenemos una bolsa m\u00e1s s\u00f3lida para apoyar a m\u00e1s negocios. Este es un esfuerzo permanente por una M\u00e9rida que crece con orden y responsabilidad\u201d, afirm\u00f3.<\/p>\n<p>Adem\u00e1s, se\u00f1al\u00f3 la importancia de mantener la disciplina financiera para asegurar la continuidad de estos apoyos, recordando que estos 7.8 millones de pesos colocados en 94 negocios representan, m\u00e1s que n\u00fameros, sue\u00f1os, empleos y familias que hoy tienen un panorama m\u00e1s s\u00f3lido.<\/p>\n<p>Entre los logros destaca el crecimiento del programa Mi Primer Cr\u00e9dito, que pas\u00f3 de una proyecci\u00f3n inicial de 25 personas acreditadas a 48 emprendimientos apoyados, esto gracias a la recuperaci\u00f3n del fondo y a los cambios que permiten que cada solicitante sea su propio aval y sin restricciones de edad.<\/p>\n<p>En el caso de Micromer, por primera vez en 22 a\u00f1os de historia del programa, no existe cartera vencida, con todos sus acreditados al d\u00eda en sus pagos e incluso varios negocios que ya liquidaron su financiamiento. Este avance tambi\u00e9n ha impulsado la formalidad, al mantener vigentes tr\u00e1mites como licencias de funcionamiento y pagos prediales.<\/p>\n<p>Por su parte, el programa Macromer inici\u00f3 esta administraci\u00f3n con menos de 2 millones de pesos en su bolsa, pero hoy supera los 4 millones disponibles, beneficiando en este primer a\u00f1o a 18 acreditados, todos con cuentas completamente al corriente.<\/p>\n<p>Este a\u00f1o tambi\u00e9n destaca la participaci\u00f3n de 53 mujeres acreditadas, 36 hombres y, por primera vez, cinco personas morales que fortalecen la diversificaci\u00f3n de los programas.<\/p>\n<p>Para m\u00e1s informaci\u00f3n sobre los cr\u00e9ditos en merida.gob.mx y en la Direcci\u00f3n de Prosperidad y Bienestar Econ\u00f3mico en la calle 59 n\u00famero 432 por 50 y 52 del barrio de la Mejorada. Horario de lunes a viernes de 8:00 a.m. a 3:00 p.m. Tel\u00e9fono (999) 9286977 extensi\u00f3n 81515.<\/p>\n","protected":false},"excerpt":{"rendered":"<p>M\u00e9rida, Yucat\u00e1n, mi\u00e9rcoles 26 de noviembre de 2025.- En apoyo a emprendedores de comisar\u00edas y colonias de M\u00e9rida para consolidar sus proyectos productivos, la presidenta municipal Cecilia Patr\u00f3n Laviada entreg\u00f3 34 cr\u00e9ditos correspondientes a los programas Mi Primer Cr\u00e9dito, Micromer y Macromer. \u201cEn M\u00e9rida fortalecemos la econom\u00eda de las y los meridanos con responsabilidad y [&hellip;]<\/p>\n","protected":false},"author":4,"featured_media":0,"comment_status":"closed","ping_status":"closed","sticky":false,"template":"","format":"standard","meta":{"footnotes":""},"categories":[2],"tags":[],"class_list":{"0":"post-116195","1":"post","2":"type-post","3":"status-publish","4":"format-standard","6":"category-merida"},"yoast_head":"<!-- This site is optimized with the Yoast SEO plugin v27.4 - https:\/\/yoast.com\/product\/yoast-seo-wordpress\/ -->\n<title>Fortalecen la econom\u00eda en M\u00e9rida con la entrega de nuevos cr\u00e9ditos. - Yucat\u00e1n en corto<\/title>\n<meta name=\"robots\" content=\"index, follow, max-snippet:-1, max-image-preview:large, max-video-preview:-1\" \/>\n<link rel=\"canonical\" href=\"https:\/\/www.yucatanencorto.com\/noticias\/fortalecen-la-economia-en-merida-con-la-entrega-de-nuevos-creditos\/\" \/>\n<meta property=\"og:locale\" content=\"es_ES\" \/>\n<meta property=\"og:type\" content=\"article\" \/>\n<meta property=\"og:title\" content=\"Fortalecen la econom\u00eda en M\u00e9rida con la entrega de nuevos cr\u00e9ditos. - Yucat\u00e1n en corto\" \/>\n<meta property=\"og:description\" content=\"M\u00e9rida, Yucat\u00e1n, mi\u00e9rcoles 26 de noviembre de 2025.- En apoyo a emprendedores de comisar\u00edas y colonias de M\u00e9rida para consolidar sus proyectos productivos, la presidenta municipal Cecilia Patr\u00f3n Laviada entreg\u00f3 34 cr\u00e9ditos correspondientes a los programas Mi Primer Cr\u00e9dito, Micromer y Macromer. \u201cEn M\u00e9rida fortalecemos la econom\u00eda de las y los meridanos con responsabilidad y [&hellip;]\" \/>\n<meta property=\"og:url\" content=\"https:\/\/www.yucatanencorto.com\/noticias\/fortalecen-la-economia-en-merida-con-la-entrega-de-nuevos-creditos\/\" \/>\n<meta property=\"og:site_name\" content=\"Yucat\u00e1n en corto\" \/>\n<meta property=\"article:publisher\" content=\"http:\/\/www.facebook.com\/yucatanencorto\" \/>\n<meta property=\"article:published_time\" content=\"2025-11-26T19:38:50+00:00\" \/>\n<meta property=\"og:image\" content=\"https:\/\/www.yucatanencorto.com\/noticias\/wp-content\/uploads\/2025\/11\/WhatsApp-Image-2025-11-26-at-11.19.33-3-scaled.jpeg\" \/>\n\t<meta property=\"og:image:width\" content=\"768\" \/>\n\t<meta property=\"og:image:height\" content=\"512\" \/>\n\t<meta property=\"og:image:type\" content=\"image\/jpeg\" \/>\n<meta name=\"author\" content=\"Yucat\u00e1n en Corto\" \/>\n<meta name=\"twitter:card\" content=\"summary_large_image\" \/>\n<meta name=\"twitter:creator\" content=\"@yucatanencorto\" \/>\n<meta name=\"twitter:site\" content=\"@yucatanencorto\" \/>\n<meta name=\"twitter:label1\" content=\"Escrito por\" \/>\n\t<meta name=\"twitter:data1\" content=\"Yucat\u00e1n en Corto\" \/>\n\t<meta name=\"twitter:label2\" content=\"Tiempo de lectura\" \/>\n\t<meta name=\"twitter:data2\" content=\"3 minutos\" \/>\n<script type=\"application\/ld+json\" class=\"yoast-schema-graph\">{\"@context\":\"https:\\\/\\\/schema.org\",\"@graph\":[{\"@type\":\"Article\",\"@id\":\"https:\\\/\\\/www.yucatanencorto.com\\\/noticias\\\/fortalecen-la-economia-en-merida-con-la-entrega-de-nuevos-creditos\\\/#article\",\"isPartOf\":{\"@id\":\"https:\\\/\\\/www.yucatanencorto.com\\\/noticias\\\/fortalecen-la-economia-en-merida-con-la-entrega-de-nuevos-creditos\\\/\"},\"author\":{\"name\":\"Yucat\u00e1n en Corto\",\"@id\":\"https:\\\/\\\/www.yucatanencorto.com\\\/noticias\\\/#\\\/schema\\\/person\\\/f0ec40c33447bbc0dc2d01d3006de771\"},\"headline\":\"Fortalecen la econom\u00eda en M\u00e9rida con la entrega de nuevos cr\u00e9ditos.\",\"datePublished\":\"2025-11-26T19:38:50+00:00\",\"mainEntityOfPage\":{\"@id\":\"https:\\\/\\\/www.yucatanencorto.com\\\/noticias\\\/fortalecen-la-economia-en-merida-con-la-entrega-de-nuevos-creditos\\\/\"},\"wordCount\":669,\"image\":{\"@id\":\"https:\\\/\\\/www.yucatanencorto.com\\\/noticias\\\/fortalecen-la-economia-en-merida-con-la-entrega-de-nuevos-creditos\\\/#primaryimage\"},\"thumbnailUrl\":\"https:\\\/\\\/www.yucatanencorto.com\\\/noticias\\\/wp-content\\\/uploads\\\/2025\\\/11\\\/WhatsApp-Image-2025-11-26-at-11.19.33-3-scaled.jpeg\",\"articleSection\":[\"M\u00e9rida\"],\"inLanguage\":\"es\"},{\"@type\":\"WebPage\",\"@id\":\"https:\\\/\\\/www.yucatanencorto.com\\\/noticias\\\/fortalecen-la-economia-en-merida-con-la-entrega-de-nuevos-creditos\\\/\",\"url\":\"https:\\\/\\\/www.yucatanencorto.com\\\/noticias\\\/fortalecen-la-economia-en-merida-con-la-entrega-de-nuevos-creditos\\\/\",\"name\":\"Fortalecen la econom\u00eda en M\u00e9rida con la entrega de nuevos cr\u00e9ditos. - Yucat\u00e1n en corto\",\"isPartOf\":{\"@id\":\"https:\\\/\\\/www.yucatanencorto.com\\\/noticias\\\/#website\"},\"primaryImageOfPage\":{\"@id\":\"https:\\\/\\\/www.yucatanencorto.com\\\/noticias\\\/fortalecen-la-economia-en-merida-con-la-entrega-de-nuevos-creditos\\\/#primaryimage\"},\"image\":{\"@id\":\"https:\\\/\\\/www.yucatanencorto.com\\\/noticias\\\/fortalecen-la-economia-en-merida-con-la-entrega-de-nuevos-creditos\\\/#primaryimage\"},\"thumbnailUrl\":\"https:\\\/\\\/www.yucatanencorto.com\\\/noticias\\\/wp-content\\\/uploads\\\/2025\\\/11\\\/WhatsApp-Image-2025-11-26-at-11.19.33-3-scaled.jpeg\",\"datePublished\":\"2025-11-26T19:38:50+00:00\",\"author\":{\"@id\":\"https:\\\/\\\/www.yucatanencorto.com\\\/noticias\\\/#\\\/schema\\\/person\\\/f0ec40c33447bbc0dc2d01d3006de771\"},\"breadcrumb\":{\"@id\":\"https:\\\/\\\/www.yucatanencorto.com\\\/noticias\\\/fortalecen-la-economia-en-merida-con-la-entrega-de-nuevos-creditos\\\/#breadcrumb\"},\"inLanguage\":\"es\",\"potentialAction\":[{\"@type\":\"ReadAction\",\"target\":[\"https:\\\/\\\/www.yucatanencorto.com\\\/noticias\\\/fortalecen-la-economia-en-merida-con-la-entrega-de-nuevos-creditos\\\/\"]}]},{\"@type\":\"ImageObject\",\"inLanguage\":\"es\",\"@id\":\"https:\\\/\\\/www.yucatanencorto.com\\\/noticias\\\/fortalecen-la-economia-en-merida-con-la-entrega-de-nuevos-creditos\\\/#primaryimage\",\"url\":\"https:\\\/\\\/www.yucatanencorto.com\\\/noticias\\\/wp-content\\\/uploads\\\/2025\\\/11\\\/WhatsApp-Image-2025-11-26-at-11.19.33-3-scaled.jpeg\",\"contentUrl\":\"https:\\\/\\\/www.yucatanencorto.com\\\/noticias\\\/wp-content\\\/uploads\\\/2025\\\/11\\\/WhatsApp-Image-2025-11-26-at-11.19.33-3-scaled.jpeg\",\"width\":768,\"height\":512},{\"@type\":\"BreadcrumbList\",\"@id\":\"https:\\\/\\\/www.yucatanencorto.com\\\/noticias\\\/fortalecen-la-economia-en-merida-con-la-entrega-de-nuevos-creditos\\\/#breadcrumb\",\"itemListElement\":[{\"@type\":\"ListItem\",\"position\":1,\"name\":\"Portada\",\"item\":\"https:\\\/\\\/www.yucatanencorto.com\\\/noticias\\\/\"},{\"@type\":\"ListItem\",\"position\":2,\"name\":\"Fortalecen la econom\u00eda en M\u00e9rida con la entrega de nuevos cr\u00e9ditos.\"}]},{\"@type\":\"WebSite\",\"@id\":\"https:\\\/\\\/www.yucatanencorto.com\\\/noticias\\\/#website\",\"url\":\"https:\\\/\\\/www.yucatanencorto.com\\\/noticias\\\/\",\"name\":\"Yucat\u00e1n en corto\",\"description\":\"Noticias\",\"potentialAction\":[{\"@type\":\"SearchAction\",\"target\":{\"@type\":\"EntryPoint\",\"urlTemplate\":\"https:\\\/\\\/www.yucatanencorto.com\\\/noticias\\\/?s={search_term_string}\"},\"query-input\":{\"@type\":\"PropertyValueSpecification\",\"valueRequired\":true,\"valueName\":\"search_term_string\"}}],\"inLanguage\":\"es\"},{\"@type\":\"Person\",\"@id\":\"https:\\\/\\\/www.yucatanencorto.com\\\/noticias\\\/#\\\/schema\\\/person\\\/f0ec40c33447bbc0dc2d01d3006de771\",\"name\":\"Yucat\u00e1n en Corto\",\"image\":{\"@type\":\"ImageObject\",\"inLanguage\":\"es\",\"@id\":\"https:\\\/\\\/secure.gravatar.com\\\/avatar\\\/20e0a6b626f38fa8e545fb3f80ce566efd790bf8877e65c3a482460cc3e0b5d1?s=96&d=mm&r=g\",\"url\":\"https:\\\/\\\/secure.gravatar.com\\\/avatar\\\/20e0a6b626f38fa8e545fb3f80ce566efd790bf8877e65c3a482460cc3e0b5d1?s=96&d=mm&r=g\",\"contentUrl\":\"https:\\\/\\\/secure.gravatar.com\\\/avatar\\\/20e0a6b626f38fa8e545fb3f80ce566efd790bf8877e65c3a482460cc3e0b5d1?s=96&d=mm&r=g\",\"caption\":\"Yucat\u00e1n en Corto\"},\"url\":\"https:\\\/\\\/www.yucatanencorto.com\\\/noticias\\\/author\\\/editor25\\\/\"}]}<\/script>\n<!-- \/ Yoast SEO plugin. -->","yoast_head_json":{"title":"Fortalecen la econom\u00eda en M\u00e9rida con la entrega de nuevos cr\u00e9ditos. - Yucat\u00e1n en corto","robots":{"index":"index","follow":"follow","max-snippet":"max-snippet:-1","max-image-preview":"max-image-preview:large","max-video-preview":"max-video-preview:-1"},"canonical":"https:\/\/www.yucatanencorto.com\/noticias\/fortalecen-la-economia-en-merida-con-la-entrega-de-nuevos-creditos\/","og_locale":"es_ES","og_type":"article","og_title":"Fortalecen la econom\u00eda en M\u00e9rida con la entrega de nuevos cr\u00e9ditos. - Yucat\u00e1n en corto","og_description":"M\u00e9rida, Yucat\u00e1n, mi\u00e9rcoles 26 de noviembre de 2025.- En apoyo a emprendedores de comisar\u00edas y colonias de M\u00e9rida para consolidar sus proyectos productivos, la presidenta municipal Cecilia Patr\u00f3n Laviada entreg\u00f3 34 cr\u00e9ditos correspondientes a los programas Mi Primer Cr\u00e9dito, Micromer y Macromer. \u201cEn M\u00e9rida fortalecemos la econom\u00eda de las y los meridanos con responsabilidad y [&hellip;]","og_url":"https:\/\/www.yucatanencorto.com\/noticias\/fortalecen-la-economia-en-merida-con-la-entrega-de-nuevos-creditos\/","og_site_name":"Yucat\u00e1n en corto","article_publisher":"http:\/\/www.facebook.com\/yucatanencorto","article_published_time":"2025-11-26T19:38:50+00:00","og_image":[{"width":768,"height":512,"url":"https:\/\/www.yucatanencorto.com\/noticias\/wp-content\/uploads\/2025\/11\/WhatsApp-Image-2025-11-26-at-11.19.33-3-scaled.jpeg","type":"image\/jpeg"}],"author":"Yucat\u00e1n en Corto","twitter_card":"summary_large_image","twitter_creator":"@yucatanencorto","twitter_site":"@yucatanencorto","twitter_misc":{"Escrito por":"Yucat\u00e1n en Corto","Tiempo de lectura":"3 minutos"},"schema":{"@context":"https:\/\/schema.org","@graph":[{"@type":"Article","@id":"https:\/\/www.yucatanencorto.com\/noticias\/fortalecen-la-economia-en-merida-con-la-entrega-de-nuevos-creditos\/#article","isPartOf":{"@id":"https:\/\/www.yucatanencorto.com\/noticias\/fortalecen-la-economia-en-merida-con-la-entrega-de-nuevos-creditos\/"},"author":{"name":"Yucat\u00e1n en Corto","@id":"https:\/\/www.yucatanencorto.com\/noticias\/#\/schema\/person\/f0ec40c33447bbc0dc2d01d3006de771"},"headline":"Fortalecen la econom\u00eda en M\u00e9rida con la entrega de nuevos cr\u00e9ditos.","datePublished":"2025-11-26T19:38:50+00:00","mainEntityOfPage":{"@id":"https:\/\/www.yucatanencorto.com\/noticias\/fortalecen-la-economia-en-merida-con-la-entrega-de-nuevos-creditos\/"},"wordCount":669,"image":{"@id":"https:\/\/www.yucatanencorto.com\/noticias\/fortalecen-la-economia-en-merida-con-la-entrega-de-nuevos-creditos\/#primaryimage"},"thumbnailUrl":"https:\/\/www.yucatanencorto.com\/noticias\/wp-content\/uploads\/2025\/11\/WhatsApp-Image-2025-11-26-at-11.19.33-3-scaled.jpeg","articleSection":["M\u00e9rida"],"inLanguage":"es"},{"@type":"WebPage","@id":"https:\/\/www.yucatanencorto.com\/noticias\/fortalecen-la-economia-en-merida-con-la-entrega-de-nuevos-creditos\/","url":"https:\/\/www.yucatanencorto.com\/noticias\/fortalecen-la-economia-en-merida-con-la-entrega-de-nuevos-creditos\/","name":"Fortalecen la econom\u00eda en M\u00e9rida con la entrega de nuevos cr\u00e9ditos. - Yucat\u00e1n en corto","isPartOf":{"@id":"https:\/\/www.yucatanencorto.com\/noticias\/#website"},"primaryImageOfPage":{"@id":"https:\/\/www.yucatanencorto.com\/noticias\/fortalecen-la-economia-en-merida-con-la-entrega-de-nuevos-creditos\/#primaryimage"},"image":{"@id":"https:\/\/www.yucatanencorto.com\/noticias\/fortalecen-la-economia-en-merida-con-la-entrega-de-nuevos-creditos\/#primaryimage"},"thumbnailUrl":"https:\/\/www.yucatanencorto.com\/noticias\/wp-content\/uploads\/2025\/11\/WhatsApp-Image-2025-11-26-at-11.19.33-3-scaled.jpeg","datePublished":"2025-11-26T19:38:50+00:00","author":{"@id":"https:\/\/www.yucatanencorto.com\/noticias\/#\/schema\/person\/f0ec40c33447bbc0dc2d01d3006de771"},"breadcrumb":{"@id":"https:\/\/www.yucatanencorto.com\/noticias\/fortalecen-la-economia-en-merida-con-la-entrega-de-nuevos-creditos\/#breadcrumb"},"inLanguage":"es","potentialAction":[{"@type":"ReadAction","target":["https:\/\/www.yucatanencorto.com\/noticias\/fortalecen-la-economia-en-merida-con-la-entrega-de-nuevos-creditos\/"]}]},{"@type":"ImageObject","inLanguage":"es","@id":"https:\/\/www.yucatanencorto.com\/noticias\/fortalecen-la-economia-en-merida-con-la-entrega-de-nuevos-creditos\/#primaryimage","url":"https:\/\/www.yucatanencorto.com\/noticias\/wp-content\/uploads\/2025\/11\/WhatsApp-Image-2025-11-26-at-11.19.33-3-scaled.jpeg","contentUrl":"https:\/\/www.yucatanencorto.com\/noticias\/wp-content\/uploads\/2025\/11\/WhatsApp-Image-2025-11-26-at-11.19.33-3-scaled.jpeg","width":768,"height":512},{"@type":"BreadcrumbList","@id":"https:\/\/www.yucatanencorto.com\/noticias\/fortalecen-la-economia-en-merida-con-la-entrega-de-nuevos-creditos\/#breadcrumb","itemListElement":[{"@type":"ListItem","position":1,"name":"Portada","item":"https:\/\/www.yucatanencorto.com\/noticias\/"},{"@type":"ListItem","position":2,"name":"Fortalecen la econom\u00eda en M\u00e9rida con la entrega de nuevos cr\u00e9ditos."}]},{"@type":"WebSite","@id":"https:\/\/www.yucatanencorto.com\/noticias\/#website","url":"https:\/\/www.yucatanencorto.com\/noticias\/","name":"Yucat\u00e1n en corto","description":"Noticias","potentialAction":[{"@type":"SearchAction","target":{"@type":"EntryPoint","urlTemplate":"https:\/\/www.yucatanencorto.com\/noticias\/?s={search_term_string}"},"query-input":{"@type":"PropertyValueSpecification","valueRequired":true,"valueName":"search_term_string"}}],"inLanguage":"es"},{"@type":"Person","@id":"https:\/\/www.yucatanencorto.com\/noticias\/#\/schema\/person\/f0ec40c33447bbc0dc2d01d3006de771","name":"Yucat\u00e1n en Corto","image":{"@type":"ImageObject","inLanguage":"es","@id":"https:\/\/secure.gravatar.com\/avatar\/20e0a6b626f38fa8e545fb3f80ce566efd790bf8877e65c3a482460cc3e0b5d1?s=96&d=mm&r=g","url":"https:\/\/secure.gravatar.com\/avatar\/20e0a6b626f38fa8e545fb3f80ce566efd790bf8877e65c3a482460cc3e0b5d1?s=96&d=mm&r=g","contentUrl":"https:\/\/secure.gravatar.com\/avatar\/20e0a6b626f38fa8e545fb3f80ce566efd790bf8877e65c3a482460cc3e0b5d1?s=96&d=mm&r=g","caption":"Yucat\u00e1n en Corto"},"url":"https:\/\/www.yucatanencorto.com\/noticias\/author\/editor25\/"}]}},"_links":{"self":[{"href":"https:\/\/www.yucatanencorto.com\/noticias\/wp-json\/wp\/v2\/posts\/116195","targetHints":{"allow":["GET"]}}],"collection":[{"href":"https:\/\/www.yucatanencorto.com\/noticias\/wp-json\/wp\/v2\/posts"}],"about":[{"href":"https:\/\/www.yucatanencorto.com\/noticias\/wp-json\/wp\/v2\/types\/post"}],"author":[{"embeddable":true,"href":"https:\/\/www.yucatanencorto.com\/noticias\/wp-json\/wp\/v2\/users\/4"}],"replies":[{"embeddable":true,"href":"https:\/\/www.yucatanencorto.com\/noticias\/wp-json\/wp\/v2\/comments?post=116195"}],"version-history":[{"count":1,"href":"https:\/\/www.yucatanencorto.com\/noticias\/wp-json\/wp\/v2\/posts\/116195\/revisions"}],"predecessor-version":[{"id":116197,"href":"https:\/\/www.yucatanencorto.com\/noticias\/wp-json\/wp\/v2\/posts\/116195\/revisions\/116197"}],"wp:attachment":[{"href":"https:\/\/www.yucatanencorto.com\/noticias\/wp-json\/wp\/v2\/media?parent=116195"}],"wp:term":[{"taxonomy":"category","embeddable":true,"href":"https:\/\/www.yucatanencorto.com\/noticias\/wp-json\/wp\/v2\/categories?post=116195"},{"taxonomy":"post_tag","embeddable":true,"href":"https:\/\/www.yucatanencorto.com\/noticias\/wp-json\/wp\/v2\/tags?post=116195"}],"curies":[{"name":"wp","href":"https:\/\/api.w.org\/{rel}","templated":true}]}}