{"id":116198,"date":"2025-11-26T13:52:41","date_gmt":"2025-11-26T19:52:41","guid":{"rendered":"https:\/\/www.yucatanencorto.com\/noticias\/?p=116198"},"modified":"2025-11-26T13:52:41","modified_gmt":"2025-11-26T19:52:41","slug":"entregan-el-premio-estatal-del-deporte-y-el-merito-deportivo-yucateco","status":"publish","type":"post","link":"https:\/\/www.yucatanencorto.com\/noticias\/entregan-el-premio-estatal-del-deporte-y-el-merito-deportivo-yucateco\/","title":{"rendered":"Entregan el Premio Estatal del Deporte y el M\u00e9rito Deportivo Yucateco"},"content":{"rendered":"<p><img loading=\"lazy\" decoding=\"async\" class=\"alignnone size-full wp-image-116199\" src=\"https:\/\/www.yucatanencorto.com\/noticias\/wp-content\/uploads\/2025\/11\/WhatsApp-Image-2025-11-25-at-14.58.46-scaled.jpeg\" alt=\"\" width=\"768\" height=\"512\" srcset=\"https:\/\/www.yucatanencorto.com\/noticias\/wp-content\/uploads\/2025\/11\/WhatsApp-Image-2025-11-25-at-14.58.46-scaled.jpeg 768w, https:\/\/www.yucatanencorto.com\/noticias\/wp-content\/uploads\/2025\/11\/WhatsApp-Image-2025-11-25-at-14.58.46-150x100.jpeg 150w, https:\/\/www.yucatanencorto.com\/noticias\/wp-content\/uploads\/2025\/11\/WhatsApp-Image-2025-11-25-at-14.58.46-300x200.jpeg 300w, https:\/\/www.yucatanencorto.com\/noticias\/wp-content\/uploads\/2025\/11\/WhatsApp-Image-2025-11-25-at-14.58.46-696x464.jpeg 696w, https:\/\/www.yucatanencorto.com\/noticias\/wp-content\/uploads\/2025\/11\/WhatsApp-Image-2025-11-25-at-14.58.46-1068x713.jpeg 1068w\" sizes=\"auto, (max-width: 768px) 100vw, 768px\" \/><\/p>\n<p>M\u00e9rida, Yucat\u00e1n, a 26 de noviembre de 2025<\/p>\n<p>El mandatario reconoci\u00f3 el esfuerzo de quienes han puesto en alto el nombre de Yucat\u00e1n en competencias locales, nacionales e internacionales, y refrend\u00f3 su compromiso con el impulso al deporte.<\/p>\n<p>El Gobernador Joaqu\u00edn D\u00edaz Mena encabez\u00f3 la entrega del Premio Estatal del Deporte y del M\u00e9rito Deportivo Yucateco, con lo que reconoci\u00f3 a atletas y equipos que inspiran a nuevas generaciones, y reafirm\u00f3 su compromiso con la promoci\u00f3n de la cultura y el deporte en la entidad.<\/p>\n<p>\u201cA quienes hoy reciben el Premio Estatal del Deporte y el M\u00e9rito Deportivo Yucateco quiero expresarles algo sencillo, pero profundo: su esfuerzo inspira a todo Yucat\u00e1n. Cada medalla, torneo y meta alcanzada refleja una perseverancia que nace en las familias, en las comunidades y en esos entrenamientos silenciosos donde se forja el car\u00e1cter\u201d, manifest\u00f3 D\u00edaz Mena, quien estuvo acompa\u00f1ado de su esposa, la Presidenta Honoraria del DIF Yucat\u00e1n, Mtra. Wendy M\u00e9ndez Naal.<\/p>\n<p>El Premio Estatal del Deporte en la categor\u00eda de mejor deportista fue para Sion Radamantys Galaviz Medina; el Premio Estatal del Deporte al Impulso de la Pr\u00e1ctica de los Deportes fue para Cecilia Anah\u00ed Dzul Cervantes, de la disciplina de paratletismo, y el Premio Estatal del Deporte en la categor\u00eda de entrenador se otorg\u00f3 a Jos\u00e9 Manuel Eu\u00e1n Montore, de la disciplina de tiro con arco.<\/p>\n<p>Durante la entrega del M\u00e9rito Deportivo Yucateco, tambi\u00e9n se reconocieron trayectorias que ya forman parte de la identidad deportiva del estado. Atletas de disciplinas como gimnasia r\u00edtmica, en la que se premi\u00f3 a Ana Luisa Abraham Habib, as\u00ed como del deporte adaptado, deportes de conjunto y automovilismo, fueron homenajeados por su constancia y pasi\u00f3n.<\/p>\n<p>D\u00edaz Mena reiter\u00f3 su compromiso de respaldar el talento deportivo, subrayando que los apoyos de la Conade y los est\u00edmulos estatales representan una oportunidad real de crecimiento para las familias yucatecas.<\/p>\n<p>\u201cM\u00e1s all\u00e1 de los premios, celebramos el impacto que ustedes generan en las nuevas generaciones. Hay miles de ni\u00f1as y ni\u00f1os que los miran como ejemplo, sue\u00f1an con ser como ustedes y siguen sus pasos. Ustedes no solo compiten, tambi\u00e9n inspiran y abren camino\u201d, expres\u00f3.<\/p>\n<p>El Gobernador afirm\u00f3 que la entrega de reconocimientos es un recordatorio de que el talento yucateco est\u00e1 vivo, fuerte y preparado para conquistar nuevos retos, al tiempo que reiter\u00f3 su compromiso de acompa\u00f1ar a las y los deportistas con responsabilidad, como parte de la transformaci\u00f3n con rostro humano que impulsa su Gobierno.<\/p>\n<p>Durante su discurso, el subdirector de la Comisi\u00f3n Nacional de Cultura F\u00edsica y Deporte (Conade), Guillermo Cort\u00e9s Gonz\u00e1lez, quien asisti\u00f3 en representaci\u00f3n de su titular, Rommel Pacheco Marrufo, destac\u00f3 el papel fundamental de las familias como sost\u00e9n de las y los deportistas, cuyo esfuerzo y entrenamientos exhaustivos hoy se ven recompensados con el \u00e9xito que coloca al deporte yucateco en un lugar destacado a nivel nacional.<\/p>\n<p>En su intervenci\u00f3n, el director del Instituto del Deporte de Yucat\u00e1n, Arm\u00edn Lizama C\u00f3rdova, subray\u00f3 que la comunidad deportiva se re\u00fane cada a\u00f1o para reconocer y celebrar a las y los atletas, entrenadores y promotores que sobresalen por su esfuerzo y disciplina.<\/p>\n<p>En la ceremonia tambi\u00e9n se entreg\u00f3 el M\u00e9rito Deportivo Yucateco en la rama individual en la disciplina de gimnasia r\u00edtmica a Ana Luisa Abraham Habib; en la disciplina de automovilismo deportivo, a Carlos Novelo Flota; y en la categor\u00eda del equipo de relevos varonil 4&#215;100 y 4&#215;400 metros, a Jos\u00e9 Flores Peniche, Rodrigo \u00c1guila Lara y Jos\u00e9 Baas G\u00fcemes.<\/p>\n<p>El M\u00e9rito Deportivo al mejor equipo de deporte en conjunto de gimnasia r\u00edtmica fue para Mariana Magad\u00e1n Sosa, Victoria Cort\u00e9s Manrique, Helena Garc\u00eda Cigarroa, Jimena Karime Chion N\u00fa\u00f1ez, Ami Valeria Herrera Rodr\u00edguez, G\u00e9nesis Mardue\u00f1o Pacheco, Mar\u00eda Eugenia Figueroa Chan y Dariana Mu\u00f1oz Figueroa.<\/p>\n<p>El M\u00e9rito Deportivo al mejor equipo de deportes individuales de tiro con arco deportivo femenil fue para Kenia Sosa Mart\u00edn, Katerin Sol\u00eds Campos, Alejandra Lara Canul y M\u00f3nica \u00c1lvarez Guerrero.<\/p>\n<p>Como parte de esta ceremonia, tambi\u00e9n se entregaron incentivos econ\u00f3micos a las y los deportistas destacados en la Paralimpiada Nacional, adem\u00e1s de que se devel\u00f3 una placa que ser\u00e1 instalada en el Estadio Salvador Alvarado.<\/p>\n<p>En el evento estuvo presente la magistrada presidenta del Tribunal de Disciplina del Poder Judicial del Estado, Sara Leonor Estrella Le\u00f3n; el presidente de la Junta de Gobierno y Coordinaci\u00f3n Pol\u00edtica del Congreso del Estado, Wilmer Monforte Marfil, y el secretario de Educaci\u00f3n, Juan Balam V\u00e1rguez.<\/p>\n","protected":false},"excerpt":{"rendered":"<p>M\u00e9rida, Yucat\u00e1n, a 26 de noviembre de 2025 El mandatario reconoci\u00f3 el esfuerzo de quienes han puesto en alto el nombre de Yucat\u00e1n en competencias locales, nacionales e internacionales, y refrend\u00f3 su compromiso con el impulso al deporte. El Gobernador Joaqu\u00edn D\u00edaz Mena encabez\u00f3 la entrega del Premio Estatal del Deporte y del M\u00e9rito Deportivo [&hellip;]<\/p>\n","protected":false},"author":4,"featured_media":116199,"comment_status":"closed","ping_status":"closed","sticky":false,"template":"","format":"standard","meta":{"footnotes":""},"categories":[3],"tags":[],"class_list":{"0":"post-116198","1":"post","2":"type-post","3":"status-publish","4":"format-standard","5":"has-post-thumbnail","7":"category-yucatan"},"yoast_head":"<!-- This site is optimized with the Yoast SEO plugin v27.4 - https:\/\/yoast.com\/product\/yoast-seo-wordpress\/ -->\n<title>Entregan el Premio Estatal del Deporte y el M\u00e9rito Deportivo Yucateco - Yucat\u00e1n en corto<\/title>\n<meta name=\"robots\" content=\"index, follow, max-snippet:-1, max-image-preview:large, max-video-preview:-1\" \/>\n<link rel=\"canonical\" href=\"https:\/\/www.yucatanencorto.com\/noticias\/entregan-el-premio-estatal-del-deporte-y-el-merito-deportivo-yucateco\/\" \/>\n<meta property=\"og:locale\" content=\"es_ES\" \/>\n<meta property=\"og:type\" content=\"article\" \/>\n<meta property=\"og:title\" content=\"Entregan el Premio Estatal del Deporte y el M\u00e9rito Deportivo Yucateco - Yucat\u00e1n en corto\" \/>\n<meta property=\"og:description\" content=\"M\u00e9rida, Yucat\u00e1n, a 26 de noviembre de 2025 El mandatario reconoci\u00f3 el esfuerzo de quienes han puesto en alto el nombre de Yucat\u00e1n en competencias locales, nacionales e internacionales, y refrend\u00f3 su compromiso con el impulso al deporte. El Gobernador Joaqu\u00edn D\u00edaz Mena encabez\u00f3 la entrega del Premio Estatal del Deporte y del M\u00e9rito Deportivo [&hellip;]\" \/>\n<meta property=\"og:url\" content=\"https:\/\/www.yucatanencorto.com\/noticias\/entregan-el-premio-estatal-del-deporte-y-el-merito-deportivo-yucateco\/\" \/>\n<meta property=\"og:site_name\" content=\"Yucat\u00e1n en corto\" \/>\n<meta property=\"article:publisher\" content=\"http:\/\/www.facebook.com\/yucatanencorto\" \/>\n<meta property=\"article:published_time\" content=\"2025-11-26T19:52:41+00:00\" \/>\n<meta property=\"og:image\" content=\"https:\/\/www.yucatanencorto.com\/noticias\/wp-content\/uploads\/2025\/11\/WhatsApp-Image-2025-11-25-at-14.58.46-scaled.jpeg\" \/>\n\t<meta property=\"og:image:width\" content=\"768\" \/>\n\t<meta property=\"og:image:height\" content=\"512\" \/>\n\t<meta property=\"og:image:type\" content=\"image\/jpeg\" \/>\n<meta name=\"author\" content=\"Yucat\u00e1n en Corto\" \/>\n<meta name=\"twitter:card\" content=\"summary_large_image\" \/>\n<meta name=\"twitter:creator\" content=\"@yucatanencorto\" \/>\n<meta name=\"twitter:site\" content=\"@yucatanencorto\" \/>\n<meta name=\"twitter:label1\" content=\"Escrito por\" \/>\n\t<meta name=\"twitter:data1\" content=\"Yucat\u00e1n en Corto\" \/>\n\t<meta name=\"twitter:label2\" content=\"Tiempo de lectura\" \/>\n\t<meta name=\"twitter:data2\" content=\"4 minutos\" \/>\n<script type=\"application\/ld+json\" class=\"yoast-schema-graph\">{\"@context\":\"https:\\\/\\\/schema.org\",\"@graph\":[{\"@type\":\"Article\",\"@id\":\"https:\\\/\\\/www.yucatanencorto.com\\\/noticias\\\/entregan-el-premio-estatal-del-deporte-y-el-merito-deportivo-yucateco\\\/#article\",\"isPartOf\":{\"@id\":\"https:\\\/\\\/www.yucatanencorto.com\\\/noticias\\\/entregan-el-premio-estatal-del-deporte-y-el-merito-deportivo-yucateco\\\/\"},\"author\":{\"name\":\"Yucat\u00e1n en Corto\",\"@id\":\"https:\\\/\\\/www.yucatanencorto.com\\\/noticias\\\/#\\\/schema\\\/person\\\/f0ec40c33447bbc0dc2d01d3006de771\"},\"headline\":\"Entregan el Premio Estatal del Deporte y el M\u00e9rito Deportivo Yucateco\",\"datePublished\":\"2025-11-26T19:52:41+00:00\",\"mainEntityOfPage\":{\"@id\":\"https:\\\/\\\/www.yucatanencorto.com\\\/noticias\\\/entregan-el-premio-estatal-del-deporte-y-el-merito-deportivo-yucateco\\\/\"},\"wordCount\":807,\"image\":{\"@id\":\"https:\\\/\\\/www.yucatanencorto.com\\\/noticias\\\/entregan-el-premio-estatal-del-deporte-y-el-merito-deportivo-yucateco\\\/#primaryimage\"},\"thumbnailUrl\":\"https:\\\/\\\/www.yucatanencorto.com\\\/noticias\\\/wp-content\\\/uploads\\\/2025\\\/11\\\/WhatsApp-Image-2025-11-25-at-14.58.46-scaled.jpeg\",\"articleSection\":[\"Yucat\u00e1n\"],\"inLanguage\":\"es\"},{\"@type\":\"WebPage\",\"@id\":\"https:\\\/\\\/www.yucatanencorto.com\\\/noticias\\\/entregan-el-premio-estatal-del-deporte-y-el-merito-deportivo-yucateco\\\/\",\"url\":\"https:\\\/\\\/www.yucatanencorto.com\\\/noticias\\\/entregan-el-premio-estatal-del-deporte-y-el-merito-deportivo-yucateco\\\/\",\"name\":\"Entregan el Premio Estatal del Deporte y el M\u00e9rito Deportivo Yucateco - Yucat\u00e1n en corto\",\"isPartOf\":{\"@id\":\"https:\\\/\\\/www.yucatanencorto.com\\\/noticias\\\/#website\"},\"primaryImageOfPage\":{\"@id\":\"https:\\\/\\\/www.yucatanencorto.com\\\/noticias\\\/entregan-el-premio-estatal-del-deporte-y-el-merito-deportivo-yucateco\\\/#primaryimage\"},\"image\":{\"@id\":\"https:\\\/\\\/www.yucatanencorto.com\\\/noticias\\\/entregan-el-premio-estatal-del-deporte-y-el-merito-deportivo-yucateco\\\/#primaryimage\"},\"thumbnailUrl\":\"https:\\\/\\\/www.yucatanencorto.com\\\/noticias\\\/wp-content\\\/uploads\\\/2025\\\/11\\\/WhatsApp-Image-2025-11-25-at-14.58.46-scaled.jpeg\",\"datePublished\":\"2025-11-26T19:52:41+00:00\",\"author\":{\"@id\":\"https:\\\/\\\/www.yucatanencorto.com\\\/noticias\\\/#\\\/schema\\\/person\\\/f0ec40c33447bbc0dc2d01d3006de771\"},\"breadcrumb\":{\"@id\":\"https:\\\/\\\/www.yucatanencorto.com\\\/noticias\\\/entregan-el-premio-estatal-del-deporte-y-el-merito-deportivo-yucateco\\\/#breadcrumb\"},\"inLanguage\":\"es\",\"potentialAction\":[{\"@type\":\"ReadAction\",\"target\":[\"https:\\\/\\\/www.yucatanencorto.com\\\/noticias\\\/entregan-el-premio-estatal-del-deporte-y-el-merito-deportivo-yucateco\\\/\"]}]},{\"@type\":\"ImageObject\",\"inLanguage\":\"es\",\"@id\":\"https:\\\/\\\/www.yucatanencorto.com\\\/noticias\\\/entregan-el-premio-estatal-del-deporte-y-el-merito-deportivo-yucateco\\\/#primaryimage\",\"url\":\"https:\\\/\\\/www.yucatanencorto.com\\\/noticias\\\/wp-content\\\/uploads\\\/2025\\\/11\\\/WhatsApp-Image-2025-11-25-at-14.58.46-scaled.jpeg\",\"contentUrl\":\"https:\\\/\\\/www.yucatanencorto.com\\\/noticias\\\/wp-content\\\/uploads\\\/2025\\\/11\\\/WhatsApp-Image-2025-11-25-at-14.58.46-scaled.jpeg\",\"width\":768,\"height\":512},{\"@type\":\"BreadcrumbList\",\"@id\":\"https:\\\/\\\/www.yucatanencorto.com\\\/noticias\\\/entregan-el-premio-estatal-del-deporte-y-el-merito-deportivo-yucateco\\\/#breadcrumb\",\"itemListElement\":[{\"@type\":\"ListItem\",\"position\":1,\"name\":\"Portada\",\"item\":\"https:\\\/\\\/www.yucatanencorto.com\\\/noticias\\\/\"},{\"@type\":\"ListItem\",\"position\":2,\"name\":\"Entregan el Premio Estatal del Deporte y el M\u00e9rito Deportivo Yucateco\"}]},{\"@type\":\"WebSite\",\"@id\":\"https:\\\/\\\/www.yucatanencorto.com\\\/noticias\\\/#website\",\"url\":\"https:\\\/\\\/www.yucatanencorto.com\\\/noticias\\\/\",\"name\":\"Yucat\u00e1n en corto\",\"description\":\"Noticias\",\"potentialAction\":[{\"@type\":\"SearchAction\",\"target\":{\"@type\":\"EntryPoint\",\"urlTemplate\":\"https:\\\/\\\/www.yucatanencorto.com\\\/noticias\\\/?s={search_term_string}\"},\"query-input\":{\"@type\":\"PropertyValueSpecification\",\"valueRequired\":true,\"valueName\":\"search_term_string\"}}],\"inLanguage\":\"es\"},{\"@type\":\"Person\",\"@id\":\"https:\\\/\\\/www.yucatanencorto.com\\\/noticias\\\/#\\\/schema\\\/person\\\/f0ec40c33447bbc0dc2d01d3006de771\",\"name\":\"Yucat\u00e1n en Corto\",\"image\":{\"@type\":\"ImageObject\",\"inLanguage\":\"es\",\"@id\":\"https:\\\/\\\/secure.gravatar.com\\\/avatar\\\/20e0a6b626f38fa8e545fb3f80ce566efd790bf8877e65c3a482460cc3e0b5d1?s=96&d=mm&r=g\",\"url\":\"https:\\\/\\\/secure.gravatar.com\\\/avatar\\\/20e0a6b626f38fa8e545fb3f80ce566efd790bf8877e65c3a482460cc3e0b5d1?s=96&d=mm&r=g\",\"contentUrl\":\"https:\\\/\\\/secure.gravatar.com\\\/avatar\\\/20e0a6b626f38fa8e545fb3f80ce566efd790bf8877e65c3a482460cc3e0b5d1?s=96&d=mm&r=g\",\"caption\":\"Yucat\u00e1n en Corto\"},\"url\":\"https:\\\/\\\/www.yucatanencorto.com\\\/noticias\\\/author\\\/editor25\\\/\"}]}<\/script>\n<!-- \/ Yoast SEO plugin. -->","yoast_head_json":{"title":"Entregan el Premio Estatal del Deporte y el M\u00e9rito Deportivo Yucateco - Yucat\u00e1n en corto","robots":{"index":"index","follow":"follow","max-snippet":"max-snippet:-1","max-image-preview":"max-image-preview:large","max-video-preview":"max-video-preview:-1"},"canonical":"https:\/\/www.yucatanencorto.com\/noticias\/entregan-el-premio-estatal-del-deporte-y-el-merito-deportivo-yucateco\/","og_locale":"es_ES","og_type":"article","og_title":"Entregan el Premio Estatal del Deporte y el M\u00e9rito Deportivo Yucateco - Yucat\u00e1n en corto","og_description":"M\u00e9rida, Yucat\u00e1n, a 26 de noviembre de 2025 El mandatario reconoci\u00f3 el esfuerzo de quienes han puesto en alto el nombre de Yucat\u00e1n en competencias locales, nacionales e internacionales, y refrend\u00f3 su compromiso con el impulso al deporte. El Gobernador Joaqu\u00edn D\u00edaz Mena encabez\u00f3 la entrega del Premio Estatal del Deporte y del M\u00e9rito Deportivo [&hellip;]","og_url":"https:\/\/www.yucatanencorto.com\/noticias\/entregan-el-premio-estatal-del-deporte-y-el-merito-deportivo-yucateco\/","og_site_name":"Yucat\u00e1n en corto","article_publisher":"http:\/\/www.facebook.com\/yucatanencorto","article_published_time":"2025-11-26T19:52:41+00:00","og_image":[{"width":768,"height":512,"url":"https:\/\/www.yucatanencorto.com\/noticias\/wp-content\/uploads\/2025\/11\/WhatsApp-Image-2025-11-25-at-14.58.46-scaled.jpeg","type":"image\/jpeg"}],"author":"Yucat\u00e1n en Corto","twitter_card":"summary_large_image","twitter_creator":"@yucatanencorto","twitter_site":"@yucatanencorto","twitter_misc":{"Escrito por":"Yucat\u00e1n en Corto","Tiempo de lectura":"4 minutos"},"schema":{"@context":"https:\/\/schema.org","@graph":[{"@type":"Article","@id":"https:\/\/www.yucatanencorto.com\/noticias\/entregan-el-premio-estatal-del-deporte-y-el-merito-deportivo-yucateco\/#article","isPartOf":{"@id":"https:\/\/www.yucatanencorto.com\/noticias\/entregan-el-premio-estatal-del-deporte-y-el-merito-deportivo-yucateco\/"},"author":{"name":"Yucat\u00e1n en Corto","@id":"https:\/\/www.yucatanencorto.com\/noticias\/#\/schema\/person\/f0ec40c33447bbc0dc2d01d3006de771"},"headline":"Entregan el Premio Estatal del Deporte y el M\u00e9rito Deportivo Yucateco","datePublished":"2025-11-26T19:52:41+00:00","mainEntityOfPage":{"@id":"https:\/\/www.yucatanencorto.com\/noticias\/entregan-el-premio-estatal-del-deporte-y-el-merito-deportivo-yucateco\/"},"wordCount":807,"image":{"@id":"https:\/\/www.yucatanencorto.com\/noticias\/entregan-el-premio-estatal-del-deporte-y-el-merito-deportivo-yucateco\/#primaryimage"},"thumbnailUrl":"https:\/\/www.yucatanencorto.com\/noticias\/wp-content\/uploads\/2025\/11\/WhatsApp-Image-2025-11-25-at-14.58.46-scaled.jpeg","articleSection":["Yucat\u00e1n"],"inLanguage":"es"},{"@type":"WebPage","@id":"https:\/\/www.yucatanencorto.com\/noticias\/entregan-el-premio-estatal-del-deporte-y-el-merito-deportivo-yucateco\/","url":"https:\/\/www.yucatanencorto.com\/noticias\/entregan-el-premio-estatal-del-deporte-y-el-merito-deportivo-yucateco\/","name":"Entregan el Premio Estatal del Deporte y el M\u00e9rito Deportivo Yucateco - Yucat\u00e1n en corto","isPartOf":{"@id":"https:\/\/www.yucatanencorto.com\/noticias\/#website"},"primaryImageOfPage":{"@id":"https:\/\/www.yucatanencorto.com\/noticias\/entregan-el-premio-estatal-del-deporte-y-el-merito-deportivo-yucateco\/#primaryimage"},"image":{"@id":"https:\/\/www.yucatanencorto.com\/noticias\/entregan-el-premio-estatal-del-deporte-y-el-merito-deportivo-yucateco\/#primaryimage"},"thumbnailUrl":"https:\/\/www.yucatanencorto.com\/noticias\/wp-content\/uploads\/2025\/11\/WhatsApp-Image-2025-11-25-at-14.58.46-scaled.jpeg","datePublished":"2025-11-26T19:52:41+00:00","author":{"@id":"https:\/\/www.yucatanencorto.com\/noticias\/#\/schema\/person\/f0ec40c33447bbc0dc2d01d3006de771"},"breadcrumb":{"@id":"https:\/\/www.yucatanencorto.com\/noticias\/entregan-el-premio-estatal-del-deporte-y-el-merito-deportivo-yucateco\/#breadcrumb"},"inLanguage":"es","potentialAction":[{"@type":"ReadAction","target":["https:\/\/www.yucatanencorto.com\/noticias\/entregan-el-premio-estatal-del-deporte-y-el-merito-deportivo-yucateco\/"]}]},{"@type":"ImageObject","inLanguage":"es","@id":"https:\/\/www.yucatanencorto.com\/noticias\/entregan-el-premio-estatal-del-deporte-y-el-merito-deportivo-yucateco\/#primaryimage","url":"https:\/\/www.yucatanencorto.com\/noticias\/wp-content\/uploads\/2025\/11\/WhatsApp-Image-2025-11-25-at-14.58.46-scaled.jpeg","contentUrl":"https:\/\/www.yucatanencorto.com\/noticias\/wp-content\/uploads\/2025\/11\/WhatsApp-Image-2025-11-25-at-14.58.46-scaled.jpeg","width":768,"height":512},{"@type":"BreadcrumbList","@id":"https:\/\/www.yucatanencorto.com\/noticias\/entregan-el-premio-estatal-del-deporte-y-el-merito-deportivo-yucateco\/#breadcrumb","itemListElement":[{"@type":"ListItem","position":1,"name":"Portada","item":"https:\/\/www.yucatanencorto.com\/noticias\/"},{"@type":"ListItem","position":2,"name":"Entregan el Premio Estatal del Deporte y el M\u00e9rito Deportivo Yucateco"}]},{"@type":"WebSite","@id":"https:\/\/www.yucatanencorto.com\/noticias\/#website","url":"https:\/\/www.yucatanencorto.com\/noticias\/","name":"Yucat\u00e1n en corto","description":"Noticias","potentialAction":[{"@type":"SearchAction","target":{"@type":"EntryPoint","urlTemplate":"https:\/\/www.yucatanencorto.com\/noticias\/?s={search_term_string}"},"query-input":{"@type":"PropertyValueSpecification","valueRequired":true,"valueName":"search_term_string"}}],"inLanguage":"es"},{"@type":"Person","@id":"https:\/\/www.yucatanencorto.com\/noticias\/#\/schema\/person\/f0ec40c33447bbc0dc2d01d3006de771","name":"Yucat\u00e1n en Corto","image":{"@type":"ImageObject","inLanguage":"es","@id":"https:\/\/secure.gravatar.com\/avatar\/20e0a6b626f38fa8e545fb3f80ce566efd790bf8877e65c3a482460cc3e0b5d1?s=96&d=mm&r=g","url":"https:\/\/secure.gravatar.com\/avatar\/20e0a6b626f38fa8e545fb3f80ce566efd790bf8877e65c3a482460cc3e0b5d1?s=96&d=mm&r=g","contentUrl":"https:\/\/secure.gravatar.com\/avatar\/20e0a6b626f38fa8e545fb3f80ce566efd790bf8877e65c3a482460cc3e0b5d1?s=96&d=mm&r=g","caption":"Yucat\u00e1n en Corto"},"url":"https:\/\/www.yucatanencorto.com\/noticias\/author\/editor25\/"}]}},"_links":{"self":[{"href":"https:\/\/www.yucatanencorto.com\/noticias\/wp-json\/wp\/v2\/posts\/116198","targetHints":{"allow":["GET"]}}],"collection":[{"href":"https:\/\/www.yucatanencorto.com\/noticias\/wp-json\/wp\/v2\/posts"}],"about":[{"href":"https:\/\/www.yucatanencorto.com\/noticias\/wp-json\/wp\/v2\/types\/post"}],"author":[{"embeddable":true,"href":"https:\/\/www.yucatanencorto.com\/noticias\/wp-json\/wp\/v2\/users\/4"}],"replies":[{"embeddable":true,"href":"https:\/\/www.yucatanencorto.com\/noticias\/wp-json\/wp\/v2\/comments?post=116198"}],"version-history":[{"count":1,"href":"https:\/\/www.yucatanencorto.com\/noticias\/wp-json\/wp\/v2\/posts\/116198\/revisions"}],"predecessor-version":[{"id":116200,"href":"https:\/\/www.yucatanencorto.com\/noticias\/wp-json\/wp\/v2\/posts\/116198\/revisions\/116200"}],"wp:featuredmedia":[{"embeddable":true,"href":"https:\/\/www.yucatanencorto.com\/noticias\/wp-json\/wp\/v2\/media\/116199"}],"wp:attachment":[{"href":"https:\/\/www.yucatanencorto.com\/noticias\/wp-json\/wp\/v2\/media?parent=116198"}],"wp:term":[{"taxonomy":"category","embeddable":true,"href":"https:\/\/www.yucatanencorto.com\/noticias\/wp-json\/wp\/v2\/categories?post=116198"},{"taxonomy":"post_tag","embeddable":true,"href":"https:\/\/www.yucatanencorto.com\/noticias\/wp-json\/wp\/v2\/tags?post=116198"}],"curies":[{"name":"wp","href":"https:\/\/api.w.org\/{rel}","templated":true}]}}