{"id":116201,"date":"2025-11-26T13:59:18","date_gmt":"2025-11-26T19:59:18","guid":{"rendered":"https:\/\/www.yucatanencorto.com\/noticias\/?p=116201"},"modified":"2025-11-26T13:59:18","modified_gmt":"2025-11-26T19:59:18","slug":"mujeres-participan-en-el-rally-aliadas-en-movimiento","status":"publish","type":"post","link":"https:\/\/www.yucatanencorto.com\/noticias\/mujeres-participan-en-el-rally-aliadas-en-movimiento\/","title":{"rendered":"Mujeres participan en el Rally \u201cAliadas en Movimiento\u201d."},"content":{"rendered":"<p><img loading=\"lazy\" decoding=\"async\" class=\"alignnone size-full wp-image-116202\" src=\"https:\/\/www.yucatanencorto.com\/noticias\/wp-content\/uploads\/2025\/11\/WhatsApp-Image-2025-11-25-at-14.47.01-scaled.jpeg\" alt=\"\" width=\"768\" height=\"512\" srcset=\"https:\/\/www.yucatanencorto.com\/noticias\/wp-content\/uploads\/2025\/11\/WhatsApp-Image-2025-11-25-at-14.47.01-scaled.jpeg 768w, https:\/\/www.yucatanencorto.com\/noticias\/wp-content\/uploads\/2025\/11\/WhatsApp-Image-2025-11-25-at-14.47.01-150x100.jpeg 150w, https:\/\/www.yucatanencorto.com\/noticias\/wp-content\/uploads\/2025\/11\/WhatsApp-Image-2025-11-25-at-14.47.01-300x200.jpeg 300w, https:\/\/www.yucatanencorto.com\/noticias\/wp-content\/uploads\/2025\/11\/WhatsApp-Image-2025-11-25-at-14.47.01-696x464.jpeg 696w\" sizes=\"auto, (max-width: 768px) 100vw, 768px\" \/><\/p>\n<p>M\u00e9rida, Yucat\u00e1n, martes 25 de noviembre de 2025.\u2013 En el marco del D\u00eda Internacional para la Eliminaci\u00f3n de la Violencia contra las Mujeres, la presidenta municipal de M\u00e9rida, Cecilia Patr\u00f3n Laviada, encabez\u00f3 el Rally \u201cAliadas en Movimiento\u201d, una iniciativa que promueve la prevenci\u00f3n de la violencia econ\u00f3mica y fortalece la autonom\u00eda econ\u00f3mica de las mujeres de colonias y comisar\u00edas del municipio.<\/p>\n<p>\u201cEste encuentro se suma a nuestras acciones por la construcci\u00f3n de una M\u00e9rida m\u00e1s igualitaria, segura y justa para todas. Desde el Ayuntamiento cuidamos de las mujeres de nuestras comisar\u00edas, de cada luchadora madre de familia o mujer independiente para fortalecer su trabajo y entrega diaria por una autonom\u00eda econ\u00f3mica y una vida plena, sin violencia\u201d, puntualiz\u00f3 la alcaldesa.<\/p>\n<p>Desde la hacienda Dzoyaxch\u00e9, la alcaldesa destac\u00f3 la importancia de generar espacios seguros y de acompa\u00f1amiento para las mujeres. \u201cEste espacio es suyo y en este recorrido vamos juntas para visibilizar un tema muy importante de abordar que es la violencia econ\u00f3mica que viven muchas mujeres\u201d, expres\u00f3 durante su mensaje.<\/p>\n<p>En el evento participaron 107 mujeres de Redes Comunitarias, provenientes de Dzoyaxch\u00e9, Molas, Onc\u00e1n, Komch\u00e9n, San Jos\u00e9 Tzal, Yaxnic, Tex\u00e1n C\u00e1mara, Dzununc\u00e1n, as\u00ed como de las colonias La Guadalupana, Manuel \u00c1vila Camacho, Plan de Ayala Sur y Centro.<\/p>\n<p>El Rally \u201cAliadas en Movimiento\u201d incluy\u00f3 siete bases tem\u00e1ticas para reflexionar y aprender sobre la prevenci\u00f3n de la violencia econ\u00f3mica, la corresponsabilidad en los cuidados, el autocuidado y la sororidad. Al finalizar, las participantes presentaron un collage representando las actividades econ\u00f3micas que realizan en sus comunidades.<\/p>\n<p>Este encuentro forma parte de la campa\u00f1a \u201cEn M\u00e9rida tienes una Aliada contra la Violencia Econ\u00f3mica\u201d, en la que la alcaldesa reconoci\u00f3 a cada una de las mujeres que decidi\u00f3 estar ah\u00ed, y romper su techo de cristal, que decidi\u00f3 dar un paso para adelante y creer en s\u00ed misma.<\/p>\n<p>Durante la jornada, se entregaron nueve reconocimientos a grupos de mujeres que pertenecen al programa Redes Comunitarias del municipio, quienes se distinguen por su compromiso y participaci\u00f3n activa, que brindan informaci\u00f3n y ofrecen un espacio de apoyo para poner un alto a la violencia en cada comunidad, pero sobre para seguir empoderando a las mujeres.<\/p>\n<p>Cecilia subray\u00f3 que como su m\u00e1s grande aliada, reconoce y agradece su energ\u00eda, esfuerzo y voz en esta actividad que une para apoyarse unas a otras, en un sentido comunitario de sororidad y tejiendo una red de apoyo desde sus comunidades, en una M\u00e9rida donde las mujeres no est\u00e1n solas.<\/p>\n<p>Record\u00f3 que el Ayuntamiento trabaja todos los d\u00edas para construir una M\u00e9rida igualitaria y segura, reconociendo los avances, pero tambi\u00e9n visibilizando los retos que a\u00fan faltan por superar.<\/p>\n<p>Entre las acciones que a emprendido el Ayuntamiento a favor de las mujeres destacan la instalaci\u00f3n del Sistema Municipal para la Igualdad entre Mujeres y Hombres 2024-2027, la actualizaci\u00f3n del Protocolo contra el Hostigamiento y Acoso Sexual, la campa\u00f1a permanente \u201cTolerancia Cero\u201d, capacitaciones internas y la instalaci\u00f3n de Botones de Alerta Segura en el Centro Hist\u00f3rico.<\/p>\n<p>Adem\u00e1s, el Instituto de las Mujeres refuerza la atenci\u00f3n con la l\u00ednea de apoyo 800 455 76 72, disponible las 24 horas, as\u00ed como con acompa\u00f1amiento jur\u00eddico, atenci\u00f3n a ni\u00f1as y adolescentes, presencia en las 47 comisar\u00edas y acciones de cercan\u00eda comunitaria.<\/p>\n<p>\u201cNuestra labor es transformar realidades y transformar espacios, y lo estamos haciendo desde las empresas, las escuelas, pero lo m\u00e1s importante es hacerlo de manera cercana con ustedes en sus comunidades, porque sin ustedes no podemos avanzar y porque no hay mejor manera de decir alto la violencia que con aliadas\u201d, enfatiz\u00f3 la mun\u00edcipe meridana.<\/p>\n<p>Finalmente, la presidenta municipal agradeci\u00f3 la participaci\u00f3n de todas las asistentes y reiter\u00f3 el compromiso del Ayuntamiento con la prevenci\u00f3n de las violencias, en donde \u201cSigamos moviendo a M\u00e9rida, juntas, colonias y comisar\u00edas, por un presente m\u00e1s justo y libre de violencias para todas\u201d, afirm\u00f3.<\/p>\n<p>Asistieron a la actividad la regidora Paulina S\u00e1nchez D\u00edaz y Yahayra Centeno Ceballos, directora del Instituto de las Mujeres.<\/p>\n","protected":false},"excerpt":{"rendered":"<p>M\u00e9rida, Yucat\u00e1n, martes 25 de noviembre de 2025.\u2013 En el marco del D\u00eda Internacional para la Eliminaci\u00f3n de la Violencia contra las Mujeres, la presidenta municipal de M\u00e9rida, Cecilia Patr\u00f3n Laviada, encabez\u00f3 el Rally \u201cAliadas en Movimiento\u201d, una iniciativa que promueve la prevenci\u00f3n de la violencia econ\u00f3mica y fortalece la autonom\u00eda econ\u00f3mica de las mujeres [&hellip;]<\/p>\n","protected":false},"author":4,"featured_media":116202,"comment_status":"closed","ping_status":"closed","sticky":false,"template":"","format":"standard","meta":{"footnotes":""},"categories":[2],"tags":[],"class_list":{"0":"post-116201","1":"post","2":"type-post","3":"status-publish","4":"format-standard","5":"has-post-thumbnail","7":"category-merida"},"yoast_head":"<!-- This site is optimized with the Yoast SEO plugin v27.4 - https:\/\/yoast.com\/product\/yoast-seo-wordpress\/ -->\n<title>Mujeres participan en el Rally \u201cAliadas en Movimiento\u201d. - Yucat\u00e1n en corto<\/title>\n<meta name=\"robots\" content=\"index, follow, max-snippet:-1, max-image-preview:large, max-video-preview:-1\" \/>\n<link rel=\"canonical\" href=\"https:\/\/www.yucatanencorto.com\/noticias\/mujeres-participan-en-el-rally-aliadas-en-movimiento\/\" \/>\n<meta property=\"og:locale\" content=\"es_ES\" \/>\n<meta property=\"og:type\" content=\"article\" \/>\n<meta property=\"og:title\" content=\"Mujeres participan en el Rally \u201cAliadas en Movimiento\u201d. - Yucat\u00e1n en corto\" \/>\n<meta property=\"og:description\" content=\"M\u00e9rida, Yucat\u00e1n, martes 25 de noviembre de 2025.\u2013 En el marco del D\u00eda Internacional para la Eliminaci\u00f3n de la Violencia contra las Mujeres, la presidenta municipal de M\u00e9rida, Cecilia Patr\u00f3n Laviada, encabez\u00f3 el Rally \u201cAliadas en Movimiento\u201d, una iniciativa que promueve la prevenci\u00f3n de la violencia econ\u00f3mica y fortalece la autonom\u00eda econ\u00f3mica de las mujeres [&hellip;]\" \/>\n<meta property=\"og:url\" content=\"https:\/\/www.yucatanencorto.com\/noticias\/mujeres-participan-en-el-rally-aliadas-en-movimiento\/\" \/>\n<meta property=\"og:site_name\" content=\"Yucat\u00e1n en corto\" \/>\n<meta property=\"article:publisher\" content=\"http:\/\/www.facebook.com\/yucatanencorto\" \/>\n<meta property=\"article:published_time\" content=\"2025-11-26T19:59:18+00:00\" \/>\n<meta property=\"og:image\" content=\"https:\/\/www.yucatanencorto.com\/noticias\/wp-content\/uploads\/2025\/11\/WhatsApp-Image-2025-11-25-at-14.47.01-scaled.jpeg\" \/>\n\t<meta property=\"og:image:width\" content=\"768\" \/>\n\t<meta property=\"og:image:height\" content=\"512\" \/>\n\t<meta property=\"og:image:type\" content=\"image\/jpeg\" \/>\n<meta name=\"author\" content=\"Yucat\u00e1n en Corto\" \/>\n<meta name=\"twitter:card\" content=\"summary_large_image\" \/>\n<meta name=\"twitter:creator\" content=\"@yucatanencorto\" \/>\n<meta name=\"twitter:site\" content=\"@yucatanencorto\" \/>\n<meta name=\"twitter:label1\" content=\"Escrito por\" \/>\n\t<meta name=\"twitter:data1\" content=\"Yucat\u00e1n en Corto\" \/>\n\t<meta name=\"twitter:label2\" content=\"Tiempo de lectura\" \/>\n\t<meta name=\"twitter:data2\" content=\"4 minutos\" \/>\n<script type=\"application\/ld+json\" class=\"yoast-schema-graph\">{\"@context\":\"https:\\\/\\\/schema.org\",\"@graph\":[{\"@type\":\"Article\",\"@id\":\"https:\\\/\\\/www.yucatanencorto.com\\\/noticias\\\/mujeres-participan-en-el-rally-aliadas-en-movimiento\\\/#article\",\"isPartOf\":{\"@id\":\"https:\\\/\\\/www.yucatanencorto.com\\\/noticias\\\/mujeres-participan-en-el-rally-aliadas-en-movimiento\\\/\"},\"author\":{\"name\":\"Yucat\u00e1n en Corto\",\"@id\":\"https:\\\/\\\/www.yucatanencorto.com\\\/noticias\\\/#\\\/schema\\\/person\\\/f0ec40c33447bbc0dc2d01d3006de771\"},\"headline\":\"Mujeres participan en el Rally \u201cAliadas en Movimiento\u201d.\",\"datePublished\":\"2025-11-26T19:59:18+00:00\",\"mainEntityOfPage\":{\"@id\":\"https:\\\/\\\/www.yucatanencorto.com\\\/noticias\\\/mujeres-participan-en-el-rally-aliadas-en-movimiento\\\/\"},\"wordCount\":717,\"image\":{\"@id\":\"https:\\\/\\\/www.yucatanencorto.com\\\/noticias\\\/mujeres-participan-en-el-rally-aliadas-en-movimiento\\\/#primaryimage\"},\"thumbnailUrl\":\"https:\\\/\\\/www.yucatanencorto.com\\\/noticias\\\/wp-content\\\/uploads\\\/2025\\\/11\\\/WhatsApp-Image-2025-11-25-at-14.47.01-scaled.jpeg\",\"articleSection\":[\"M\u00e9rida\"],\"inLanguage\":\"es\"},{\"@type\":\"WebPage\",\"@id\":\"https:\\\/\\\/www.yucatanencorto.com\\\/noticias\\\/mujeres-participan-en-el-rally-aliadas-en-movimiento\\\/\",\"url\":\"https:\\\/\\\/www.yucatanencorto.com\\\/noticias\\\/mujeres-participan-en-el-rally-aliadas-en-movimiento\\\/\",\"name\":\"Mujeres participan en el Rally \u201cAliadas en Movimiento\u201d. - Yucat\u00e1n en corto\",\"isPartOf\":{\"@id\":\"https:\\\/\\\/www.yucatanencorto.com\\\/noticias\\\/#website\"},\"primaryImageOfPage\":{\"@id\":\"https:\\\/\\\/www.yucatanencorto.com\\\/noticias\\\/mujeres-participan-en-el-rally-aliadas-en-movimiento\\\/#primaryimage\"},\"image\":{\"@id\":\"https:\\\/\\\/www.yucatanencorto.com\\\/noticias\\\/mujeres-participan-en-el-rally-aliadas-en-movimiento\\\/#primaryimage\"},\"thumbnailUrl\":\"https:\\\/\\\/www.yucatanencorto.com\\\/noticias\\\/wp-content\\\/uploads\\\/2025\\\/11\\\/WhatsApp-Image-2025-11-25-at-14.47.01-scaled.jpeg\",\"datePublished\":\"2025-11-26T19:59:18+00:00\",\"author\":{\"@id\":\"https:\\\/\\\/www.yucatanencorto.com\\\/noticias\\\/#\\\/schema\\\/person\\\/f0ec40c33447bbc0dc2d01d3006de771\"},\"breadcrumb\":{\"@id\":\"https:\\\/\\\/www.yucatanencorto.com\\\/noticias\\\/mujeres-participan-en-el-rally-aliadas-en-movimiento\\\/#breadcrumb\"},\"inLanguage\":\"es\",\"potentialAction\":[{\"@type\":\"ReadAction\",\"target\":[\"https:\\\/\\\/www.yucatanencorto.com\\\/noticias\\\/mujeres-participan-en-el-rally-aliadas-en-movimiento\\\/\"]}]},{\"@type\":\"ImageObject\",\"inLanguage\":\"es\",\"@id\":\"https:\\\/\\\/www.yucatanencorto.com\\\/noticias\\\/mujeres-participan-en-el-rally-aliadas-en-movimiento\\\/#primaryimage\",\"url\":\"https:\\\/\\\/www.yucatanencorto.com\\\/noticias\\\/wp-content\\\/uploads\\\/2025\\\/11\\\/WhatsApp-Image-2025-11-25-at-14.47.01-scaled.jpeg\",\"contentUrl\":\"https:\\\/\\\/www.yucatanencorto.com\\\/noticias\\\/wp-content\\\/uploads\\\/2025\\\/11\\\/WhatsApp-Image-2025-11-25-at-14.47.01-scaled.jpeg\",\"width\":768,\"height\":512},{\"@type\":\"BreadcrumbList\",\"@id\":\"https:\\\/\\\/www.yucatanencorto.com\\\/noticias\\\/mujeres-participan-en-el-rally-aliadas-en-movimiento\\\/#breadcrumb\",\"itemListElement\":[{\"@type\":\"ListItem\",\"position\":1,\"name\":\"Portada\",\"item\":\"https:\\\/\\\/www.yucatanencorto.com\\\/noticias\\\/\"},{\"@type\":\"ListItem\",\"position\":2,\"name\":\"Mujeres participan en el Rally \u201cAliadas en Movimiento\u201d.\"}]},{\"@type\":\"WebSite\",\"@id\":\"https:\\\/\\\/www.yucatanencorto.com\\\/noticias\\\/#website\",\"url\":\"https:\\\/\\\/www.yucatanencorto.com\\\/noticias\\\/\",\"name\":\"Yucat\u00e1n en corto\",\"description\":\"Noticias\",\"potentialAction\":[{\"@type\":\"SearchAction\",\"target\":{\"@type\":\"EntryPoint\",\"urlTemplate\":\"https:\\\/\\\/www.yucatanencorto.com\\\/noticias\\\/?s={search_term_string}\"},\"query-input\":{\"@type\":\"PropertyValueSpecification\",\"valueRequired\":true,\"valueName\":\"search_term_string\"}}],\"inLanguage\":\"es\"},{\"@type\":\"Person\",\"@id\":\"https:\\\/\\\/www.yucatanencorto.com\\\/noticias\\\/#\\\/schema\\\/person\\\/f0ec40c33447bbc0dc2d01d3006de771\",\"name\":\"Yucat\u00e1n en Corto\",\"image\":{\"@type\":\"ImageObject\",\"inLanguage\":\"es\",\"@id\":\"https:\\\/\\\/secure.gravatar.com\\\/avatar\\\/20e0a6b626f38fa8e545fb3f80ce566efd790bf8877e65c3a482460cc3e0b5d1?s=96&d=mm&r=g\",\"url\":\"https:\\\/\\\/secure.gravatar.com\\\/avatar\\\/20e0a6b626f38fa8e545fb3f80ce566efd790bf8877e65c3a482460cc3e0b5d1?s=96&d=mm&r=g\",\"contentUrl\":\"https:\\\/\\\/secure.gravatar.com\\\/avatar\\\/20e0a6b626f38fa8e545fb3f80ce566efd790bf8877e65c3a482460cc3e0b5d1?s=96&d=mm&r=g\",\"caption\":\"Yucat\u00e1n en Corto\"},\"url\":\"https:\\\/\\\/www.yucatanencorto.com\\\/noticias\\\/author\\\/editor25\\\/\"}]}<\/script>\n<!-- \/ Yoast SEO plugin. -->","yoast_head_json":{"title":"Mujeres participan en el Rally \u201cAliadas en Movimiento\u201d. - Yucat\u00e1n en corto","robots":{"index":"index","follow":"follow","max-snippet":"max-snippet:-1","max-image-preview":"max-image-preview:large","max-video-preview":"max-video-preview:-1"},"canonical":"https:\/\/www.yucatanencorto.com\/noticias\/mujeres-participan-en-el-rally-aliadas-en-movimiento\/","og_locale":"es_ES","og_type":"article","og_title":"Mujeres participan en el Rally \u201cAliadas en Movimiento\u201d. - Yucat\u00e1n en corto","og_description":"M\u00e9rida, Yucat\u00e1n, martes 25 de noviembre de 2025.\u2013 En el marco del D\u00eda Internacional para la Eliminaci\u00f3n de la Violencia contra las Mujeres, la presidenta municipal de M\u00e9rida, Cecilia Patr\u00f3n Laviada, encabez\u00f3 el Rally \u201cAliadas en Movimiento\u201d, una iniciativa que promueve la prevenci\u00f3n de la violencia econ\u00f3mica y fortalece la autonom\u00eda econ\u00f3mica de las mujeres [&hellip;]","og_url":"https:\/\/www.yucatanencorto.com\/noticias\/mujeres-participan-en-el-rally-aliadas-en-movimiento\/","og_site_name":"Yucat\u00e1n en corto","article_publisher":"http:\/\/www.facebook.com\/yucatanencorto","article_published_time":"2025-11-26T19:59:18+00:00","og_image":[{"width":768,"height":512,"url":"https:\/\/www.yucatanencorto.com\/noticias\/wp-content\/uploads\/2025\/11\/WhatsApp-Image-2025-11-25-at-14.47.01-scaled.jpeg","type":"image\/jpeg"}],"author":"Yucat\u00e1n en Corto","twitter_card":"summary_large_image","twitter_creator":"@yucatanencorto","twitter_site":"@yucatanencorto","twitter_misc":{"Escrito por":"Yucat\u00e1n en Corto","Tiempo de lectura":"4 minutos"},"schema":{"@context":"https:\/\/schema.org","@graph":[{"@type":"Article","@id":"https:\/\/www.yucatanencorto.com\/noticias\/mujeres-participan-en-el-rally-aliadas-en-movimiento\/#article","isPartOf":{"@id":"https:\/\/www.yucatanencorto.com\/noticias\/mujeres-participan-en-el-rally-aliadas-en-movimiento\/"},"author":{"name":"Yucat\u00e1n en Corto","@id":"https:\/\/www.yucatanencorto.com\/noticias\/#\/schema\/person\/f0ec40c33447bbc0dc2d01d3006de771"},"headline":"Mujeres participan en el Rally \u201cAliadas en Movimiento\u201d.","datePublished":"2025-11-26T19:59:18+00:00","mainEntityOfPage":{"@id":"https:\/\/www.yucatanencorto.com\/noticias\/mujeres-participan-en-el-rally-aliadas-en-movimiento\/"},"wordCount":717,"image":{"@id":"https:\/\/www.yucatanencorto.com\/noticias\/mujeres-participan-en-el-rally-aliadas-en-movimiento\/#primaryimage"},"thumbnailUrl":"https:\/\/www.yucatanencorto.com\/noticias\/wp-content\/uploads\/2025\/11\/WhatsApp-Image-2025-11-25-at-14.47.01-scaled.jpeg","articleSection":["M\u00e9rida"],"inLanguage":"es"},{"@type":"WebPage","@id":"https:\/\/www.yucatanencorto.com\/noticias\/mujeres-participan-en-el-rally-aliadas-en-movimiento\/","url":"https:\/\/www.yucatanencorto.com\/noticias\/mujeres-participan-en-el-rally-aliadas-en-movimiento\/","name":"Mujeres participan en el Rally \u201cAliadas en Movimiento\u201d. - Yucat\u00e1n en corto","isPartOf":{"@id":"https:\/\/www.yucatanencorto.com\/noticias\/#website"},"primaryImageOfPage":{"@id":"https:\/\/www.yucatanencorto.com\/noticias\/mujeres-participan-en-el-rally-aliadas-en-movimiento\/#primaryimage"},"image":{"@id":"https:\/\/www.yucatanencorto.com\/noticias\/mujeres-participan-en-el-rally-aliadas-en-movimiento\/#primaryimage"},"thumbnailUrl":"https:\/\/www.yucatanencorto.com\/noticias\/wp-content\/uploads\/2025\/11\/WhatsApp-Image-2025-11-25-at-14.47.01-scaled.jpeg","datePublished":"2025-11-26T19:59:18+00:00","author":{"@id":"https:\/\/www.yucatanencorto.com\/noticias\/#\/schema\/person\/f0ec40c33447bbc0dc2d01d3006de771"},"breadcrumb":{"@id":"https:\/\/www.yucatanencorto.com\/noticias\/mujeres-participan-en-el-rally-aliadas-en-movimiento\/#breadcrumb"},"inLanguage":"es","potentialAction":[{"@type":"ReadAction","target":["https:\/\/www.yucatanencorto.com\/noticias\/mujeres-participan-en-el-rally-aliadas-en-movimiento\/"]}]},{"@type":"ImageObject","inLanguage":"es","@id":"https:\/\/www.yucatanencorto.com\/noticias\/mujeres-participan-en-el-rally-aliadas-en-movimiento\/#primaryimage","url":"https:\/\/www.yucatanencorto.com\/noticias\/wp-content\/uploads\/2025\/11\/WhatsApp-Image-2025-11-25-at-14.47.01-scaled.jpeg","contentUrl":"https:\/\/www.yucatanencorto.com\/noticias\/wp-content\/uploads\/2025\/11\/WhatsApp-Image-2025-11-25-at-14.47.01-scaled.jpeg","width":768,"height":512},{"@type":"BreadcrumbList","@id":"https:\/\/www.yucatanencorto.com\/noticias\/mujeres-participan-en-el-rally-aliadas-en-movimiento\/#breadcrumb","itemListElement":[{"@type":"ListItem","position":1,"name":"Portada","item":"https:\/\/www.yucatanencorto.com\/noticias\/"},{"@type":"ListItem","position":2,"name":"Mujeres participan en el Rally \u201cAliadas en Movimiento\u201d."}]},{"@type":"WebSite","@id":"https:\/\/www.yucatanencorto.com\/noticias\/#website","url":"https:\/\/www.yucatanencorto.com\/noticias\/","name":"Yucat\u00e1n en corto","description":"Noticias","potentialAction":[{"@type":"SearchAction","target":{"@type":"EntryPoint","urlTemplate":"https:\/\/www.yucatanencorto.com\/noticias\/?s={search_term_string}"},"query-input":{"@type":"PropertyValueSpecification","valueRequired":true,"valueName":"search_term_string"}}],"inLanguage":"es"},{"@type":"Person","@id":"https:\/\/www.yucatanencorto.com\/noticias\/#\/schema\/person\/f0ec40c33447bbc0dc2d01d3006de771","name":"Yucat\u00e1n en Corto","image":{"@type":"ImageObject","inLanguage":"es","@id":"https:\/\/secure.gravatar.com\/avatar\/20e0a6b626f38fa8e545fb3f80ce566efd790bf8877e65c3a482460cc3e0b5d1?s=96&d=mm&r=g","url":"https:\/\/secure.gravatar.com\/avatar\/20e0a6b626f38fa8e545fb3f80ce566efd790bf8877e65c3a482460cc3e0b5d1?s=96&d=mm&r=g","contentUrl":"https:\/\/secure.gravatar.com\/avatar\/20e0a6b626f38fa8e545fb3f80ce566efd790bf8877e65c3a482460cc3e0b5d1?s=96&d=mm&r=g","caption":"Yucat\u00e1n en Corto"},"url":"https:\/\/www.yucatanencorto.com\/noticias\/author\/editor25\/"}]}},"_links":{"self":[{"href":"https:\/\/www.yucatanencorto.com\/noticias\/wp-json\/wp\/v2\/posts\/116201","targetHints":{"allow":["GET"]}}],"collection":[{"href":"https:\/\/www.yucatanencorto.com\/noticias\/wp-json\/wp\/v2\/posts"}],"about":[{"href":"https:\/\/www.yucatanencorto.com\/noticias\/wp-json\/wp\/v2\/types\/post"}],"author":[{"embeddable":true,"href":"https:\/\/www.yucatanencorto.com\/noticias\/wp-json\/wp\/v2\/users\/4"}],"replies":[{"embeddable":true,"href":"https:\/\/www.yucatanencorto.com\/noticias\/wp-json\/wp\/v2\/comments?post=116201"}],"version-history":[{"count":1,"href":"https:\/\/www.yucatanencorto.com\/noticias\/wp-json\/wp\/v2\/posts\/116201\/revisions"}],"predecessor-version":[{"id":116203,"href":"https:\/\/www.yucatanencorto.com\/noticias\/wp-json\/wp\/v2\/posts\/116201\/revisions\/116203"}],"wp:featuredmedia":[{"embeddable":true,"href":"https:\/\/www.yucatanencorto.com\/noticias\/wp-json\/wp\/v2\/media\/116202"}],"wp:attachment":[{"href":"https:\/\/www.yucatanencorto.com\/noticias\/wp-json\/wp\/v2\/media?parent=116201"}],"wp:term":[{"taxonomy":"category","embeddable":true,"href":"https:\/\/www.yucatanencorto.com\/noticias\/wp-json\/wp\/v2\/categories?post=116201"},{"taxonomy":"post_tag","embeddable":true,"href":"https:\/\/www.yucatanencorto.com\/noticias\/wp-json\/wp\/v2\/tags?post=116201"}],"curies":[{"name":"wp","href":"https:\/\/api.w.org\/{rel}","templated":true}]}}