{"id":116331,"date":"2026-01-12T18:19:56","date_gmt":"2026-01-13T00:19:56","guid":{"rendered":"https:\/\/www.yucatanencorto.com\/noticias\/?p=116331"},"modified":"2026-01-12T18:19:56","modified_gmt":"2026-01-13T00:19:56","slug":"resaltan-acciones-para-apoyar-a-las-mujeres-de-merida","status":"publish","type":"post","link":"https:\/\/www.yucatanencorto.com\/noticias\/resaltan-acciones-para-apoyar-a-las-mujeres-de-merida\/","title":{"rendered":"Resaltan acciones para apoyar a las mujeres de M\u00e9rida"},"content":{"rendered":"<p><img loading=\"lazy\" decoding=\"async\" class=\"alignnone size-full wp-image-116332\" src=\"https:\/\/www.yucatanencorto.com\/noticias\/wp-content\/uploads\/2026\/01\/IMG-20260112-WA0115-scaled.jpg\" alt=\"\" width=\"768\" height=\"512\" srcset=\"https:\/\/www.yucatanencorto.com\/noticias\/wp-content\/uploads\/2026\/01\/IMG-20260112-WA0115-scaled.jpg 768w, https:\/\/www.yucatanencorto.com\/noticias\/wp-content\/uploads\/2026\/01\/IMG-20260112-WA0115-150x100.jpg 150w, https:\/\/www.yucatanencorto.com\/noticias\/wp-content\/uploads\/2026\/01\/IMG-20260112-WA0115-300x200.jpg 300w, https:\/\/www.yucatanencorto.com\/noticias\/wp-content\/uploads\/2026\/01\/IMG-20260112-WA0115-696x464.jpg 696w, https:\/\/www.yucatanencorto.com\/noticias\/wp-content\/uploads\/2026\/01\/IMG-20260112-WA0115-1068x712.jpg 1068w\" sizes=\"auto, (max-width: 768px) 100vw, 768px\" \/><\/p>\n<p>M\u00e9rida, Yucat\u00e1n a lunes 12 de enero 2026.- A 500 d\u00edas de gobierno en M\u00e9rida, la presidenta municipal Cecilia Patr\u00f3n Laviada destac\u00f3 que cuidar y trabajar con y para las mujeres es la prioridad.<\/p>\n<p>&nbsp;<\/p>\n<p>En 2026 se presupuestaron 245 millones de pesos a acciones con perspectiva de g\u00e9nero, 39.8 por ciento superior a lo destinado el a\u00f1o anterior, dijo durante su reuni\u00f3n semanal con representantes medios de comunicaci\u00f3n<\/p>\n<p>&nbsp;<\/p>\n<p>Entre estas acciones destacan el empoderamiento de las mujeres mediante programas de capacitaci\u00f3n en los m\u00e1s de 60 espacios y cursos de los Centros Aprende, donde 2 mil 69 mujeres van por oportunidades de empleo y desarrollan su talento de forma gratuita. Adem\u00e1s, en equipo con el CECATI, fue posible otorgar 233 becas a mujeres con el desarrollo de nuevas habilidades y oportunidades de independencia econ\u00f3mica.<\/p>\n<p>&nbsp;<\/p>\n<p>De la mano de este impulso van los Cr\u00e9ditos de Mujer a Mujer, apoyos de hasta 20 mil pesos que se han otorgado a 206 beneficiarias para construir sus sue\u00f1os. En cuanto a los programas Mi Primer Cr\u00e9dito, Micromer y Macromer, seis de cada 10 beneficiarios han sido mujeres que desarrollaron sus proyectos productivos y fortalecieron su autonom\u00eda econ\u00f3mica.<\/p>\n<p>&nbsp;<\/p>\n<p>Cecilia Patr\u00f3n subray\u00f3 que la educaci\u00f3n tambi\u00e9n es parte fundamental en el desarrollo pleno de las mujeres, por ello se han entregado 936 becas de excelencia universitaria, 2 mil 851 de educaci\u00f3n primaria y secundaria y 2 mil 490 para cursos proped\u00e9uticos.<\/p>\n<p>&nbsp;<\/p>\n<p>Para dotar de seguridad patrimonial para ellas y sus familias, el Ayuntamiento ha realizado 1 mil 34 acciones de vivienda para madres y que tengan condiciones de vida m\u00e1s dignas. Velando por la plenitud de las personas mayores, con Enchula Tu Casa se intervinieron 162 hogares con m\u00e1s de 486 acciones de mejora en vivienda.<\/p>\n<p>&nbsp;<\/p>\n<p>La atenci\u00f3n a la salud tambi\u00e9n forma parte de estos resultados, en la que se brindaron 194 mil 429 acciones m\u00e9dicas en el Centro de Atenci\u00f3n M\u00e9dicas a la Mujer y Unidades M\u00f3viles, como ultrasonidos, consultas ginecol\u00f3gicas, odontol\u00f3gicas y medicina general, hasta mastograf\u00edas y rehabilitaci\u00f3n, entre otras.<\/p>\n<p>&nbsp;<\/p>\n<p>Tambi\u00e9n se destinaron recursos para la salud visual con acceso a lentes con el programa Ver Mejor, apoyando a 4 mil 470, y se priorizaron cirug\u00edas de catarata para mujeres con 92 atenciones.<\/p>\n<p>&nbsp;<\/p>\n<p>En el compromiso de una vida libre de violencia, el gobierno municipal ha hecho 16 mil 473 atenciones especializadas dirigidas a 2 mil 540 mujeres en materia de psicolog\u00eda, asesor\u00eda jur\u00eddica, trabajo social y talleres de empoderamiento a trav\u00e9s de las sedes del Instituto de las Mujeres en el centro, poniente, oriente y sur de la ciudad.<\/p>\n<p>&nbsp;<\/p>\n<p>Cabe destacar que se ha fortalecido al personal especializado con un incremento del 27 por ciento en profesionistas que brindan atenci\u00f3n a las violencias.<\/p>\n<p>&nbsp;<\/p>\n<p>La alcaldesa hizo \u00e9nfasis en que un gobierno comprometido con la seguridad de las mujeres es aquel que no solo da la mano, sino que acompa\u00f1a dotando los canales y herramientas que logren atender las causas, con ello se han realizado m\u00e1s de 5 mil visitas domiciliarias en casos relacionados con situaciones de violencia familias, brindado 5 mil 170 asesor\u00edas jur\u00eddicas y de mediaci\u00f3n a familias en condici\u00f3n de vulnerabilidad y 2 mil 411 operaciones de dep\u00f3sito y cobro de pensi\u00f3n alimenticia.<\/p>\n<p>&nbsp;<\/p>\n<p>Como parte vital de estas pol\u00edticas p\u00fablicas municipales, el Centro de Atenci\u00f3n y Refugio para Mujeres con o sin hijas e hijos en Situaci\u00f3n de Violencia Extrema (CAREM) ha sido pilar para 28 n\u00facleos familiares integrados por 38 mujeres y 57 ni\u00f1as, ni\u00f1os, otorgando 16 mil 965 servicios de atenci\u00f3n. Cuenta con disponibilidad permanente, bajo condiciones seguras y confidenciales.<\/p>\n<p>&nbsp;<\/p>\n<p>Cabe recordar que M\u00e9rida cuenta con la L\u00ednea Mujer disponible 24 horas al d\u00eda que ayuda a orientar y atender a mujeres en situaci\u00f3n de violencia y que en estos 500 d\u00edas 1 mil 507 mujeres en situaciones de emergencia han hecho uso de este canal.<\/p>\n<p>&nbsp;<\/p>\n<p>\u201cEn este Ayuntamiento dimos un paso importante en equipo con la sociedad civil organizada con el Primer Refugio para Mujeres en Situaci\u00f3n de Calle y con Problemas de Adicciones en M\u00e9rida que dar\u00e1 servicios a 32 mujeres ofreciendo un espacio para cubrir necesidades b\u00e1sicas como alimentaci\u00f3n y aseo personal, con opci\u00f3n de alojamiento temporal voluntario\u201d, expuso la mun\u00edcipe.<\/p>\n<p>&nbsp;<\/p>\n<p>Acciones complementarias y preventivas como Ferias Aliadas Contigo dieron accesibilidad a informaci\u00f3n y actividades l\u00fadicas de concientizaci\u00f3n a 656 personas, y como apoyo a la econom\u00eda de m\u00e1s mujeres las Bazaritas, la Red de Mujeres Emprendedoras y artesanas, y m\u00e1s de 175 cursos de desarrollo de habilidades se empoderan y crean m\u00e1s negocios de mujeres.<\/p>\n<p>&nbsp;<\/p>\n<p>\u201cAs\u00ed gobernamos en M\u00e9rida, de manera sensible, cercana, justa y con sentido de mujer, en la que el empoderamiento, la seguridad y una vida libre de violencia son acciones permanentes de nuestra M\u00e9rida\u201d finaliz\u00f3 Patr\u00f3n Laviada.<\/p>\n<p>&nbsp;<\/p>\n<p>&nbsp;<\/p>\n","protected":false},"excerpt":{"rendered":"<p>M\u00e9rida, Yucat\u00e1n a lunes 12 de enero 2026.- A 500 d\u00edas de gobierno en M\u00e9rida, la presidenta municipal Cecilia Patr\u00f3n Laviada destac\u00f3 que cuidar y trabajar con y para las mujeres es la prioridad. &nbsp; En 2026 se presupuestaron 245 millones de pesos a acciones con perspectiva de g\u00e9nero, 39.8 por ciento superior a lo [&hellip;]<\/p>\n","protected":false},"author":4,"featured_media":0,"comment_status":"closed","ping_status":"closed","sticky":false,"template":"","format":"standard","meta":{"footnotes":""},"categories":[2],"tags":[],"class_list":{"0":"post-116331","1":"post","2":"type-post","3":"status-publish","4":"format-standard","6":"category-merida"},"yoast_head":"<!-- This site is optimized with the Yoast SEO plugin v27.4 - https:\/\/yoast.com\/product\/yoast-seo-wordpress\/ -->\n<title>Resaltan acciones para apoyar a las mujeres de M\u00e9rida - Yucat\u00e1n en corto<\/title>\n<meta name=\"robots\" content=\"index, follow, max-snippet:-1, max-image-preview:large, max-video-preview:-1\" \/>\n<link rel=\"canonical\" href=\"https:\/\/www.yucatanencorto.com\/noticias\/resaltan-acciones-para-apoyar-a-las-mujeres-de-merida\/\" \/>\n<meta property=\"og:locale\" content=\"es_ES\" \/>\n<meta property=\"og:type\" content=\"article\" \/>\n<meta property=\"og:title\" content=\"Resaltan acciones para apoyar a las mujeres de M\u00e9rida - Yucat\u00e1n en corto\" \/>\n<meta property=\"og:description\" content=\"M\u00e9rida, Yucat\u00e1n a lunes 12 de enero 2026.- A 500 d\u00edas de gobierno en M\u00e9rida, la presidenta municipal Cecilia Patr\u00f3n Laviada destac\u00f3 que cuidar y trabajar con y para las mujeres es la prioridad. &nbsp; En 2026 se presupuestaron 245 millones de pesos a acciones con perspectiva de g\u00e9nero, 39.8 por ciento superior a lo [&hellip;]\" \/>\n<meta property=\"og:url\" content=\"https:\/\/www.yucatanencorto.com\/noticias\/resaltan-acciones-para-apoyar-a-las-mujeres-de-merida\/\" \/>\n<meta property=\"og:site_name\" content=\"Yucat\u00e1n en corto\" \/>\n<meta property=\"article:publisher\" content=\"http:\/\/www.facebook.com\/yucatanencorto\" \/>\n<meta property=\"article:published_time\" content=\"2026-01-13T00:19:56+00:00\" \/>\n<meta property=\"og:image\" content=\"https:\/\/www.yucatanencorto.com\/noticias\/wp-content\/uploads\/2026\/01\/IMG-20260112-WA0115-scaled.jpg\" \/>\n\t<meta property=\"og:image:width\" content=\"768\" \/>\n\t<meta property=\"og:image:height\" content=\"512\" \/>\n\t<meta property=\"og:image:type\" content=\"image\/jpeg\" \/>\n<meta name=\"author\" content=\"Yucat\u00e1n en Corto\" \/>\n<meta name=\"twitter:card\" content=\"summary_large_image\" \/>\n<meta name=\"twitter:creator\" content=\"@yucatanencorto\" \/>\n<meta name=\"twitter:site\" content=\"@yucatanencorto\" \/>\n<meta name=\"twitter:label1\" content=\"Escrito por\" \/>\n\t<meta name=\"twitter:data1\" content=\"Yucat\u00e1n en Corto\" \/>\n\t<meta name=\"twitter:label2\" content=\"Tiempo de lectura\" \/>\n\t<meta name=\"twitter:data2\" content=\"4 minutos\" \/>\n<script type=\"application\/ld+json\" class=\"yoast-schema-graph\">{\"@context\":\"https:\\\/\\\/schema.org\",\"@graph\":[{\"@type\":\"Article\",\"@id\":\"https:\\\/\\\/www.yucatanencorto.com\\\/noticias\\\/resaltan-acciones-para-apoyar-a-las-mujeres-de-merida\\\/#article\",\"isPartOf\":{\"@id\":\"https:\\\/\\\/www.yucatanencorto.com\\\/noticias\\\/resaltan-acciones-para-apoyar-a-las-mujeres-de-merida\\\/\"},\"author\":{\"name\":\"Yucat\u00e1n en Corto\",\"@id\":\"https:\\\/\\\/www.yucatanencorto.com\\\/noticias\\\/#\\\/schema\\\/person\\\/f0ec40c33447bbc0dc2d01d3006de771\"},\"headline\":\"Resaltan acciones para apoyar a las mujeres de M\u00e9rida\",\"datePublished\":\"2026-01-13T00:19:56+00:00\",\"mainEntityOfPage\":{\"@id\":\"https:\\\/\\\/www.yucatanencorto.com\\\/noticias\\\/resaltan-acciones-para-apoyar-a-las-mujeres-de-merida\\\/\"},\"wordCount\":845,\"image\":{\"@id\":\"https:\\\/\\\/www.yucatanencorto.com\\\/noticias\\\/resaltan-acciones-para-apoyar-a-las-mujeres-de-merida\\\/#primaryimage\"},\"thumbnailUrl\":\"https:\\\/\\\/www.yucatanencorto.com\\\/noticias\\\/wp-content\\\/uploads\\\/2026\\\/01\\\/IMG-20260112-WA0115-scaled.jpg\",\"articleSection\":[\"M\u00e9rida\"],\"inLanguage\":\"es\"},{\"@type\":\"WebPage\",\"@id\":\"https:\\\/\\\/www.yucatanencorto.com\\\/noticias\\\/resaltan-acciones-para-apoyar-a-las-mujeres-de-merida\\\/\",\"url\":\"https:\\\/\\\/www.yucatanencorto.com\\\/noticias\\\/resaltan-acciones-para-apoyar-a-las-mujeres-de-merida\\\/\",\"name\":\"Resaltan acciones para apoyar a las mujeres de M\u00e9rida - Yucat\u00e1n en corto\",\"isPartOf\":{\"@id\":\"https:\\\/\\\/www.yucatanencorto.com\\\/noticias\\\/#website\"},\"primaryImageOfPage\":{\"@id\":\"https:\\\/\\\/www.yucatanencorto.com\\\/noticias\\\/resaltan-acciones-para-apoyar-a-las-mujeres-de-merida\\\/#primaryimage\"},\"image\":{\"@id\":\"https:\\\/\\\/www.yucatanencorto.com\\\/noticias\\\/resaltan-acciones-para-apoyar-a-las-mujeres-de-merida\\\/#primaryimage\"},\"thumbnailUrl\":\"https:\\\/\\\/www.yucatanencorto.com\\\/noticias\\\/wp-content\\\/uploads\\\/2026\\\/01\\\/IMG-20260112-WA0115-scaled.jpg\",\"datePublished\":\"2026-01-13T00:19:56+00:00\",\"author\":{\"@id\":\"https:\\\/\\\/www.yucatanencorto.com\\\/noticias\\\/#\\\/schema\\\/person\\\/f0ec40c33447bbc0dc2d01d3006de771\"},\"breadcrumb\":{\"@id\":\"https:\\\/\\\/www.yucatanencorto.com\\\/noticias\\\/resaltan-acciones-para-apoyar-a-las-mujeres-de-merida\\\/#breadcrumb\"},\"inLanguage\":\"es\",\"potentialAction\":[{\"@type\":\"ReadAction\",\"target\":[\"https:\\\/\\\/www.yucatanencorto.com\\\/noticias\\\/resaltan-acciones-para-apoyar-a-las-mujeres-de-merida\\\/\"]}]},{\"@type\":\"ImageObject\",\"inLanguage\":\"es\",\"@id\":\"https:\\\/\\\/www.yucatanencorto.com\\\/noticias\\\/resaltan-acciones-para-apoyar-a-las-mujeres-de-merida\\\/#primaryimage\",\"url\":\"https:\\\/\\\/www.yucatanencorto.com\\\/noticias\\\/wp-content\\\/uploads\\\/2026\\\/01\\\/IMG-20260112-WA0115-scaled.jpg\",\"contentUrl\":\"https:\\\/\\\/www.yucatanencorto.com\\\/noticias\\\/wp-content\\\/uploads\\\/2026\\\/01\\\/IMG-20260112-WA0115-scaled.jpg\",\"width\":768,\"height\":512},{\"@type\":\"BreadcrumbList\",\"@id\":\"https:\\\/\\\/www.yucatanencorto.com\\\/noticias\\\/resaltan-acciones-para-apoyar-a-las-mujeres-de-merida\\\/#breadcrumb\",\"itemListElement\":[{\"@type\":\"ListItem\",\"position\":1,\"name\":\"Portada\",\"item\":\"https:\\\/\\\/www.yucatanencorto.com\\\/noticias\\\/\"},{\"@type\":\"ListItem\",\"position\":2,\"name\":\"Resaltan acciones para apoyar a las mujeres de M\u00e9rida\"}]},{\"@type\":\"WebSite\",\"@id\":\"https:\\\/\\\/www.yucatanencorto.com\\\/noticias\\\/#website\",\"url\":\"https:\\\/\\\/www.yucatanencorto.com\\\/noticias\\\/\",\"name\":\"Yucat\u00e1n en corto\",\"description\":\"Noticias\",\"potentialAction\":[{\"@type\":\"SearchAction\",\"target\":{\"@type\":\"EntryPoint\",\"urlTemplate\":\"https:\\\/\\\/www.yucatanencorto.com\\\/noticias\\\/?s={search_term_string}\"},\"query-input\":{\"@type\":\"PropertyValueSpecification\",\"valueRequired\":true,\"valueName\":\"search_term_string\"}}],\"inLanguage\":\"es\"},{\"@type\":\"Person\",\"@id\":\"https:\\\/\\\/www.yucatanencorto.com\\\/noticias\\\/#\\\/schema\\\/person\\\/f0ec40c33447bbc0dc2d01d3006de771\",\"name\":\"Yucat\u00e1n en Corto\",\"image\":{\"@type\":\"ImageObject\",\"inLanguage\":\"es\",\"@id\":\"https:\\\/\\\/secure.gravatar.com\\\/avatar\\\/20e0a6b626f38fa8e545fb3f80ce566efd790bf8877e65c3a482460cc3e0b5d1?s=96&d=mm&r=g\",\"url\":\"https:\\\/\\\/secure.gravatar.com\\\/avatar\\\/20e0a6b626f38fa8e545fb3f80ce566efd790bf8877e65c3a482460cc3e0b5d1?s=96&d=mm&r=g\",\"contentUrl\":\"https:\\\/\\\/secure.gravatar.com\\\/avatar\\\/20e0a6b626f38fa8e545fb3f80ce566efd790bf8877e65c3a482460cc3e0b5d1?s=96&d=mm&r=g\",\"caption\":\"Yucat\u00e1n en Corto\"},\"url\":\"https:\\\/\\\/www.yucatanencorto.com\\\/noticias\\\/author\\\/editor25\\\/\"}]}<\/script>\n<!-- \/ Yoast SEO plugin. -->","yoast_head_json":{"title":"Resaltan acciones para apoyar a las mujeres de M\u00e9rida - Yucat\u00e1n en corto","robots":{"index":"index","follow":"follow","max-snippet":"max-snippet:-1","max-image-preview":"max-image-preview:large","max-video-preview":"max-video-preview:-1"},"canonical":"https:\/\/www.yucatanencorto.com\/noticias\/resaltan-acciones-para-apoyar-a-las-mujeres-de-merida\/","og_locale":"es_ES","og_type":"article","og_title":"Resaltan acciones para apoyar a las mujeres de M\u00e9rida - Yucat\u00e1n en corto","og_description":"M\u00e9rida, Yucat\u00e1n a lunes 12 de enero 2026.- A 500 d\u00edas de gobierno en M\u00e9rida, la presidenta municipal Cecilia Patr\u00f3n Laviada destac\u00f3 que cuidar y trabajar con y para las mujeres es la prioridad. &nbsp; En 2026 se presupuestaron 245 millones de pesos a acciones con perspectiva de g\u00e9nero, 39.8 por ciento superior a lo [&hellip;]","og_url":"https:\/\/www.yucatanencorto.com\/noticias\/resaltan-acciones-para-apoyar-a-las-mujeres-de-merida\/","og_site_name":"Yucat\u00e1n en corto","article_publisher":"http:\/\/www.facebook.com\/yucatanencorto","article_published_time":"2026-01-13T00:19:56+00:00","og_image":[{"width":768,"height":512,"url":"https:\/\/www.yucatanencorto.com\/noticias\/wp-content\/uploads\/2026\/01\/IMG-20260112-WA0115-scaled.jpg","type":"image\/jpeg"}],"author":"Yucat\u00e1n en Corto","twitter_card":"summary_large_image","twitter_creator":"@yucatanencorto","twitter_site":"@yucatanencorto","twitter_misc":{"Escrito por":"Yucat\u00e1n en Corto","Tiempo de lectura":"4 minutos"},"schema":{"@context":"https:\/\/schema.org","@graph":[{"@type":"Article","@id":"https:\/\/www.yucatanencorto.com\/noticias\/resaltan-acciones-para-apoyar-a-las-mujeres-de-merida\/#article","isPartOf":{"@id":"https:\/\/www.yucatanencorto.com\/noticias\/resaltan-acciones-para-apoyar-a-las-mujeres-de-merida\/"},"author":{"name":"Yucat\u00e1n en Corto","@id":"https:\/\/www.yucatanencorto.com\/noticias\/#\/schema\/person\/f0ec40c33447bbc0dc2d01d3006de771"},"headline":"Resaltan acciones para apoyar a las mujeres de M\u00e9rida","datePublished":"2026-01-13T00:19:56+00:00","mainEntityOfPage":{"@id":"https:\/\/www.yucatanencorto.com\/noticias\/resaltan-acciones-para-apoyar-a-las-mujeres-de-merida\/"},"wordCount":845,"image":{"@id":"https:\/\/www.yucatanencorto.com\/noticias\/resaltan-acciones-para-apoyar-a-las-mujeres-de-merida\/#primaryimage"},"thumbnailUrl":"https:\/\/www.yucatanencorto.com\/noticias\/wp-content\/uploads\/2026\/01\/IMG-20260112-WA0115-scaled.jpg","articleSection":["M\u00e9rida"],"inLanguage":"es"},{"@type":"WebPage","@id":"https:\/\/www.yucatanencorto.com\/noticias\/resaltan-acciones-para-apoyar-a-las-mujeres-de-merida\/","url":"https:\/\/www.yucatanencorto.com\/noticias\/resaltan-acciones-para-apoyar-a-las-mujeres-de-merida\/","name":"Resaltan acciones para apoyar a las mujeres de M\u00e9rida - Yucat\u00e1n en corto","isPartOf":{"@id":"https:\/\/www.yucatanencorto.com\/noticias\/#website"},"primaryImageOfPage":{"@id":"https:\/\/www.yucatanencorto.com\/noticias\/resaltan-acciones-para-apoyar-a-las-mujeres-de-merida\/#primaryimage"},"image":{"@id":"https:\/\/www.yucatanencorto.com\/noticias\/resaltan-acciones-para-apoyar-a-las-mujeres-de-merida\/#primaryimage"},"thumbnailUrl":"https:\/\/www.yucatanencorto.com\/noticias\/wp-content\/uploads\/2026\/01\/IMG-20260112-WA0115-scaled.jpg","datePublished":"2026-01-13T00:19:56+00:00","author":{"@id":"https:\/\/www.yucatanencorto.com\/noticias\/#\/schema\/person\/f0ec40c33447bbc0dc2d01d3006de771"},"breadcrumb":{"@id":"https:\/\/www.yucatanencorto.com\/noticias\/resaltan-acciones-para-apoyar-a-las-mujeres-de-merida\/#breadcrumb"},"inLanguage":"es","potentialAction":[{"@type":"ReadAction","target":["https:\/\/www.yucatanencorto.com\/noticias\/resaltan-acciones-para-apoyar-a-las-mujeres-de-merida\/"]}]},{"@type":"ImageObject","inLanguage":"es","@id":"https:\/\/www.yucatanencorto.com\/noticias\/resaltan-acciones-para-apoyar-a-las-mujeres-de-merida\/#primaryimage","url":"https:\/\/www.yucatanencorto.com\/noticias\/wp-content\/uploads\/2026\/01\/IMG-20260112-WA0115-scaled.jpg","contentUrl":"https:\/\/www.yucatanencorto.com\/noticias\/wp-content\/uploads\/2026\/01\/IMG-20260112-WA0115-scaled.jpg","width":768,"height":512},{"@type":"BreadcrumbList","@id":"https:\/\/www.yucatanencorto.com\/noticias\/resaltan-acciones-para-apoyar-a-las-mujeres-de-merida\/#breadcrumb","itemListElement":[{"@type":"ListItem","position":1,"name":"Portada","item":"https:\/\/www.yucatanencorto.com\/noticias\/"},{"@type":"ListItem","position":2,"name":"Resaltan acciones para apoyar a las mujeres de M\u00e9rida"}]},{"@type":"WebSite","@id":"https:\/\/www.yucatanencorto.com\/noticias\/#website","url":"https:\/\/www.yucatanencorto.com\/noticias\/","name":"Yucat\u00e1n en corto","description":"Noticias","potentialAction":[{"@type":"SearchAction","target":{"@type":"EntryPoint","urlTemplate":"https:\/\/www.yucatanencorto.com\/noticias\/?s={search_term_string}"},"query-input":{"@type":"PropertyValueSpecification","valueRequired":true,"valueName":"search_term_string"}}],"inLanguage":"es"},{"@type":"Person","@id":"https:\/\/www.yucatanencorto.com\/noticias\/#\/schema\/person\/f0ec40c33447bbc0dc2d01d3006de771","name":"Yucat\u00e1n en Corto","image":{"@type":"ImageObject","inLanguage":"es","@id":"https:\/\/secure.gravatar.com\/avatar\/20e0a6b626f38fa8e545fb3f80ce566efd790bf8877e65c3a482460cc3e0b5d1?s=96&d=mm&r=g","url":"https:\/\/secure.gravatar.com\/avatar\/20e0a6b626f38fa8e545fb3f80ce566efd790bf8877e65c3a482460cc3e0b5d1?s=96&d=mm&r=g","contentUrl":"https:\/\/secure.gravatar.com\/avatar\/20e0a6b626f38fa8e545fb3f80ce566efd790bf8877e65c3a482460cc3e0b5d1?s=96&d=mm&r=g","caption":"Yucat\u00e1n en Corto"},"url":"https:\/\/www.yucatanencorto.com\/noticias\/author\/editor25\/"}]}},"_links":{"self":[{"href":"https:\/\/www.yucatanencorto.com\/noticias\/wp-json\/wp\/v2\/posts\/116331","targetHints":{"allow":["GET"]}}],"collection":[{"href":"https:\/\/www.yucatanencorto.com\/noticias\/wp-json\/wp\/v2\/posts"}],"about":[{"href":"https:\/\/www.yucatanencorto.com\/noticias\/wp-json\/wp\/v2\/types\/post"}],"author":[{"embeddable":true,"href":"https:\/\/www.yucatanencorto.com\/noticias\/wp-json\/wp\/v2\/users\/4"}],"replies":[{"embeddable":true,"href":"https:\/\/www.yucatanencorto.com\/noticias\/wp-json\/wp\/v2\/comments?post=116331"}],"version-history":[{"count":1,"href":"https:\/\/www.yucatanencorto.com\/noticias\/wp-json\/wp\/v2\/posts\/116331\/revisions"}],"predecessor-version":[{"id":116333,"href":"https:\/\/www.yucatanencorto.com\/noticias\/wp-json\/wp\/v2\/posts\/116331\/revisions\/116333"}],"wp:attachment":[{"href":"https:\/\/www.yucatanencorto.com\/noticias\/wp-json\/wp\/v2\/media?parent=116331"}],"wp:term":[{"taxonomy":"category","embeddable":true,"href":"https:\/\/www.yucatanencorto.com\/noticias\/wp-json\/wp\/v2\/categories?post=116331"},{"taxonomy":"post_tag","embeddable":true,"href":"https:\/\/www.yucatanencorto.com\/noticias\/wp-json\/wp\/v2\/tags?post=116331"}],"curies":[{"name":"wp","href":"https:\/\/api.w.org\/{rel}","templated":true}]}}