{"id":116341,"date":"2026-01-14T15:46:43","date_gmt":"2026-01-14T21:46:43","guid":{"rendered":"https:\/\/www.yucatanencorto.com\/noticias\/?p=116341"},"modified":"2026-01-14T15:46:43","modified_gmt":"2026-01-14T21:46:43","slug":"mujer-acudio-a-una-cita-por-facebook-desaparecio-y-asi-fue-encontrada","status":"publish","type":"post","link":"https:\/\/www.yucatanencorto.com\/noticias\/mujer-acudio-a-una-cita-por-facebook-desaparecio-y-asi-fue-encontrada\/","title":{"rendered":"Mujer acudi\u00f3 a una cita por Facebook, desapareci\u00f3 y as\u00ed fue encontrada"},"content":{"rendered":"<p data-t=\"{&quot;n&quot;:&quot;blueLinks&quot;,&quot;t&quot;:13,&quot;a&quot;:&quot;click&quot;,&quot;b&quot;:76}\"><img loading=\"lazy\" decoding=\"async\" class=\"alignnone size-full wp-image-116342\" src=\"https:\/\/www.yucatanencorto.com\/noticias\/wp-content\/uploads\/2026\/01\/tania-suarez-cordoba.webp\" alt=\"\" width=\"610\" height=\"457\" srcset=\"https:\/\/www.yucatanencorto.com\/noticias\/wp-content\/uploads\/2026\/01\/tania-suarez-cordoba.webp 610w, https:\/\/www.yucatanencorto.com\/noticias\/wp-content\/uploads\/2026\/01\/tania-suarez-cordoba-150x112.webp 150w, https:\/\/www.yucatanencorto.com\/noticias\/wp-content\/uploads\/2026\/01\/tania-suarez-cordoba-300x225.webp 300w\" sizes=\"auto, (max-width: 610px) 100vw, 610px\" \/><\/p>\n<p data-t=\"{&quot;n&quot;:&quot;blueLinks&quot;,&quot;t&quot;:13,&quot;a&quot;:&quot;click&quot;,&quot;b&quot;:76}\">Una mujer identificada como Tania Su\u00e1rez, de 35 a\u00f1os,\u00a0fue hallada con vida el martes 13 de enero\u00a0despu\u00e9s de haber desaparecido el domingo pasado\u00a0tras acudir a una cita que hab\u00eda acordado con un hombre que conoci\u00f3 a trav\u00e9s de la plataforma Facebook\u00a0Parejas en C\u00f3rdoba, Argentina.<\/p>\n<div class=\"intra-article-module\" data-t=\"{&quot;n&quot;:&quot;intraArticle&quot;,&quot;t&quot;:13}\"><\/div>\n<p data-t=\"{&quot;n&quot;:&quot;blueLinks&quot;,&quot;t&quot;:13,&quot;a&quot;:&quot;click&quot;,&quot;b&quot;:76}\">El domingo por la tarde, Tania sali\u00f3 de su casa en el barrio Arg\u00fcello Norte con un veh\u00edculo de servicio de transporte contratado para llevarla al Parque de las Naciones, donde se encontrar\u00eda con el hombre con quien hab\u00eda estado hablando en la app.<\/p>\n<p data-t=\"{&quot;n&quot;:&quot;blueLinks&quot;,&quot;t&quot;:13,&quot;a&quot;:&quot;click&quot;,&quot;b&quot;:76}\">Durante el trayecto y buena parte de la cita,\u00a0la mujer se mantuvo en contacto con su hija de 17 a\u00f1os, quien observ\u00f3 comportamientos extra\u00f1os en los mensajes.<\/p>\n<h3 class=\"article-sub-heading\">Se\u00f1ales de alarma durante la comunicaci\u00f3n<\/h3>\n<p data-t=\"{&quot;n&quot;:&quot;blueLinks&quot;,&quot;t&quot;:13,&quot;a&quot;:&quot;click&quot;,&quot;b&quot;:76}\">La hija not\u00f3 varios detalles que no coincid\u00edan con la forma de hablar habitual de su madre, incluyendo t\u00e9rminos y expresiones que Tania normalmente no usaba, lo que gener\u00f3 inquietud en su familia. Adem\u00e1s,<\/p>\n<p data-t=\"{&quot;n&quot;:&quot;blueLinks&quot;,&quot;t&quot;:13,&quot;a&quot;:&quot;click&quot;,&quot;b&quot;:76}\">Tania\u00a0advirti\u00f3 que el hombre con quien se iba a reunir no se parec\u00eda a las fotos de su perfil\u00a0en la aplicaci\u00f3n.<\/p>\n<p class=\"continue-read-break\" data-t=\"{&quot;n&quot;:&quot;blueLinks&quot;,&quot;t&quot;:13,&quot;a&quot;:&quot;click&quot;,&quot;b&quot;:76}\">La \u00faltima se\u00f1al real de la ubicaci\u00f3n de Tania fue cuando inform\u00f3 que se dirig\u00eda hacia el Parque Sarmiento; despu\u00e9s de eso, el tel\u00e9fono dej\u00f3 de comunicarse. Ante la falta de noticias, su familia denunci\u00f3 su desaparici\u00f3n ante las autoridades.<\/p>\n<div class=\"intra-article-module\" data-t=\"{&quot;n&quot;:&quot;intraArticle&quot;,&quot;t&quot;:13}\"><\/div>\n<h3 class=\"article-sub-heading\">Tania Su\u00e1rez es hallada con vida<\/h3>\n<p data-t=\"{&quot;n&quot;:&quot;blueLinks&quot;,&quot;t&quot;:13,&quot;a&quot;:&quot;click&quot;,&quot;b&quot;:76}\">Luego de horas de b\u00fasqueda,\u00a0un vecino encontr\u00f3 a Tania atado de manos y desorientada\u00a0en un descampado cerca de una estaci\u00f3n de bomberos en La Cumbre, una localidad serrana de la provincia.<\/p>\n<p data-t=\"{&quot;n&quot;:&quot;blueLinks&quot;,&quot;t&quot;:13,&quot;a&quot;:&quot;click&quot;,&quot;b&quot;:76}\">Fue trasladada a un hospital, donde se confirm\u00f3 que se encuentra con vida y en condici\u00f3n estable, aunque con signos de haber sido v\u00edctima de un episodio traum\u00e1tico.<\/p>\n<h3 class=\"article-sub-heading\">Investigaci\u00f3n en curso<\/h3>\n<p data-t=\"{&quot;n&quot;:&quot;blueLinks&quot;,&quot;t&quot;:13,&quot;a&quot;:&quot;click&quot;,&quot;b&quot;:76}\">La fiscal\u00eda de C\u00f3rdoba abri\u00f3 una investigaci\u00f3n para determinar qu\u00e9 ocurri\u00f3 durante las horas en que Tania estuvo desaparecida.\u00a0Las autoridades trabajan por identificar al hombre con quien se hab\u00eda citado\u00a0y esclarecer si hubo otros implicados en la retenci\u00f3n de la mujer. Hasta el momento no se han reportado detenciones.<\/p>\n","protected":false},"excerpt":{"rendered":"<p>Una mujer identificada como Tania Su\u00e1rez, de 35 a\u00f1os,\u00a0fue hallada con vida el martes 13 de enero\u00a0despu\u00e9s de haber desaparecido el domingo pasado\u00a0tras acudir a una cita que hab\u00eda acordado con un hombre que conoci\u00f3 a trav\u00e9s de la plataforma Facebook\u00a0Parejas en C\u00f3rdoba, Argentina. El domingo por la tarde, Tania sali\u00f3 de su casa en [&hellip;]<\/p>\n","protected":false},"author":4,"featured_media":116342,"comment_status":"closed","ping_status":"closed","sticky":false,"template":"","format":"standard","meta":{"footnotes":""},"categories":[5],"tags":[],"class_list":{"0":"post-116341","1":"post","2":"type-post","3":"status-publish","4":"format-standard","5":"has-post-thumbnail","7":"category-internacional"},"yoast_head":"<!-- This site is optimized with the Yoast SEO plugin v27.4 - https:\/\/yoast.com\/product\/yoast-seo-wordpress\/ -->\n<title>Mujer acudi\u00f3 a una cita por Facebook, desapareci\u00f3 y as\u00ed fue encontrada - Yucat\u00e1n en corto<\/title>\n<meta name=\"robots\" content=\"index, follow, max-snippet:-1, max-image-preview:large, max-video-preview:-1\" \/>\n<link rel=\"canonical\" href=\"https:\/\/www.yucatanencorto.com\/noticias\/mujer-acudio-a-una-cita-por-facebook-desaparecio-y-asi-fue-encontrada\/\" \/>\n<meta property=\"og:locale\" content=\"es_ES\" \/>\n<meta property=\"og:type\" content=\"article\" \/>\n<meta property=\"og:title\" content=\"Mujer acudi\u00f3 a una cita por Facebook, desapareci\u00f3 y as\u00ed fue encontrada - Yucat\u00e1n en corto\" \/>\n<meta property=\"og:description\" content=\"Una mujer identificada como Tania Su\u00e1rez, de 35 a\u00f1os,\u00a0fue hallada con vida el martes 13 de enero\u00a0despu\u00e9s de haber desaparecido el domingo pasado\u00a0tras acudir a una cita que hab\u00eda acordado con un hombre que conoci\u00f3 a trav\u00e9s de la plataforma Facebook\u00a0Parejas en C\u00f3rdoba, Argentina. El domingo por la tarde, Tania sali\u00f3 de su casa en [&hellip;]\" \/>\n<meta property=\"og:url\" content=\"https:\/\/www.yucatanencorto.com\/noticias\/mujer-acudio-a-una-cita-por-facebook-desaparecio-y-asi-fue-encontrada\/\" \/>\n<meta property=\"og:site_name\" content=\"Yucat\u00e1n en corto\" \/>\n<meta property=\"article:publisher\" content=\"http:\/\/www.facebook.com\/yucatanencorto\" \/>\n<meta property=\"article:published_time\" content=\"2026-01-14T21:46:43+00:00\" \/>\n<meta property=\"og:image\" content=\"https:\/\/www.yucatanencorto.com\/noticias\/wp-content\/uploads\/2026\/01\/tania-suarez-cordoba.webp\" \/>\n\t<meta property=\"og:image:width\" content=\"610\" \/>\n\t<meta property=\"og:image:height\" content=\"457\" \/>\n\t<meta property=\"og:image:type\" content=\"image\/webp\" \/>\n<meta name=\"author\" content=\"Yucat\u00e1n en Corto\" \/>\n<meta name=\"twitter:card\" content=\"summary_large_image\" \/>\n<meta name=\"twitter:creator\" content=\"@yucatanencorto\" \/>\n<meta name=\"twitter:site\" content=\"@yucatanencorto\" \/>\n<meta name=\"twitter:label1\" content=\"Escrito por\" \/>\n\t<meta name=\"twitter:data1\" content=\"Yucat\u00e1n en Corto\" \/>\n\t<meta name=\"twitter:label2\" content=\"Tiempo de lectura\" \/>\n\t<meta name=\"twitter:data2\" content=\"2 minutos\" \/>\n<script type=\"application\/ld+json\" class=\"yoast-schema-graph\">{\"@context\":\"https:\\\/\\\/schema.org\",\"@graph\":[{\"@type\":\"Article\",\"@id\":\"https:\\\/\\\/www.yucatanencorto.com\\\/noticias\\\/mujer-acudio-a-una-cita-por-facebook-desaparecio-y-asi-fue-encontrada\\\/#article\",\"isPartOf\":{\"@id\":\"https:\\\/\\\/www.yucatanencorto.com\\\/noticias\\\/mujer-acudio-a-una-cita-por-facebook-desaparecio-y-asi-fue-encontrada\\\/\"},\"author\":{\"name\":\"Yucat\u00e1n en Corto\",\"@id\":\"https:\\\/\\\/www.yucatanencorto.com\\\/noticias\\\/#\\\/schema\\\/person\\\/f0ec40c33447bbc0dc2d01d3006de771\"},\"headline\":\"Mujer acudi\u00f3 a una cita por Facebook, desapareci\u00f3 y as\u00ed fue encontrada\",\"datePublished\":\"2026-01-14T21:46:43+00:00\",\"mainEntityOfPage\":{\"@id\":\"https:\\\/\\\/www.yucatanencorto.com\\\/noticias\\\/mujer-acudio-a-una-cita-por-facebook-desaparecio-y-asi-fue-encontrada\\\/\"},\"wordCount\":390,\"image\":{\"@id\":\"https:\\\/\\\/www.yucatanencorto.com\\\/noticias\\\/mujer-acudio-a-una-cita-por-facebook-desaparecio-y-asi-fue-encontrada\\\/#primaryimage\"},\"thumbnailUrl\":\"https:\\\/\\\/www.yucatanencorto.com\\\/noticias\\\/wp-content\\\/uploads\\\/2026\\\/01\\\/tania-suarez-cordoba.webp\",\"articleSection\":[\"Internacional\"],\"inLanguage\":\"es\"},{\"@type\":\"WebPage\",\"@id\":\"https:\\\/\\\/www.yucatanencorto.com\\\/noticias\\\/mujer-acudio-a-una-cita-por-facebook-desaparecio-y-asi-fue-encontrada\\\/\",\"url\":\"https:\\\/\\\/www.yucatanencorto.com\\\/noticias\\\/mujer-acudio-a-una-cita-por-facebook-desaparecio-y-asi-fue-encontrada\\\/\",\"name\":\"Mujer acudi\u00f3 a una cita por Facebook, desapareci\u00f3 y as\u00ed fue encontrada - Yucat\u00e1n en corto\",\"isPartOf\":{\"@id\":\"https:\\\/\\\/www.yucatanencorto.com\\\/noticias\\\/#website\"},\"primaryImageOfPage\":{\"@id\":\"https:\\\/\\\/www.yucatanencorto.com\\\/noticias\\\/mujer-acudio-a-una-cita-por-facebook-desaparecio-y-asi-fue-encontrada\\\/#primaryimage\"},\"image\":{\"@id\":\"https:\\\/\\\/www.yucatanencorto.com\\\/noticias\\\/mujer-acudio-a-una-cita-por-facebook-desaparecio-y-asi-fue-encontrada\\\/#primaryimage\"},\"thumbnailUrl\":\"https:\\\/\\\/www.yucatanencorto.com\\\/noticias\\\/wp-content\\\/uploads\\\/2026\\\/01\\\/tania-suarez-cordoba.webp\",\"datePublished\":\"2026-01-14T21:46:43+00:00\",\"author\":{\"@id\":\"https:\\\/\\\/www.yucatanencorto.com\\\/noticias\\\/#\\\/schema\\\/person\\\/f0ec40c33447bbc0dc2d01d3006de771\"},\"breadcrumb\":{\"@id\":\"https:\\\/\\\/www.yucatanencorto.com\\\/noticias\\\/mujer-acudio-a-una-cita-por-facebook-desaparecio-y-asi-fue-encontrada\\\/#breadcrumb\"},\"inLanguage\":\"es\",\"potentialAction\":[{\"@type\":\"ReadAction\",\"target\":[\"https:\\\/\\\/www.yucatanencorto.com\\\/noticias\\\/mujer-acudio-a-una-cita-por-facebook-desaparecio-y-asi-fue-encontrada\\\/\"]}]},{\"@type\":\"ImageObject\",\"inLanguage\":\"es\",\"@id\":\"https:\\\/\\\/www.yucatanencorto.com\\\/noticias\\\/mujer-acudio-a-una-cita-por-facebook-desaparecio-y-asi-fue-encontrada\\\/#primaryimage\",\"url\":\"https:\\\/\\\/www.yucatanencorto.com\\\/noticias\\\/wp-content\\\/uploads\\\/2026\\\/01\\\/tania-suarez-cordoba.webp\",\"contentUrl\":\"https:\\\/\\\/www.yucatanencorto.com\\\/noticias\\\/wp-content\\\/uploads\\\/2026\\\/01\\\/tania-suarez-cordoba.webp\",\"width\":610,\"height\":457},{\"@type\":\"BreadcrumbList\",\"@id\":\"https:\\\/\\\/www.yucatanencorto.com\\\/noticias\\\/mujer-acudio-a-una-cita-por-facebook-desaparecio-y-asi-fue-encontrada\\\/#breadcrumb\",\"itemListElement\":[{\"@type\":\"ListItem\",\"position\":1,\"name\":\"Portada\",\"item\":\"https:\\\/\\\/www.yucatanencorto.com\\\/noticias\\\/\"},{\"@type\":\"ListItem\",\"position\":2,\"name\":\"Mujer acudi\u00f3 a una cita por Facebook, desapareci\u00f3 y as\u00ed fue encontrada\"}]},{\"@type\":\"WebSite\",\"@id\":\"https:\\\/\\\/www.yucatanencorto.com\\\/noticias\\\/#website\",\"url\":\"https:\\\/\\\/www.yucatanencorto.com\\\/noticias\\\/\",\"name\":\"Yucat\u00e1n en corto\",\"description\":\"Noticias\",\"potentialAction\":[{\"@type\":\"SearchAction\",\"target\":{\"@type\":\"EntryPoint\",\"urlTemplate\":\"https:\\\/\\\/www.yucatanencorto.com\\\/noticias\\\/?s={search_term_string}\"},\"query-input\":{\"@type\":\"PropertyValueSpecification\",\"valueRequired\":true,\"valueName\":\"search_term_string\"}}],\"inLanguage\":\"es\"},{\"@type\":\"Person\",\"@id\":\"https:\\\/\\\/www.yucatanencorto.com\\\/noticias\\\/#\\\/schema\\\/person\\\/f0ec40c33447bbc0dc2d01d3006de771\",\"name\":\"Yucat\u00e1n en Corto\",\"image\":{\"@type\":\"ImageObject\",\"inLanguage\":\"es\",\"@id\":\"https:\\\/\\\/secure.gravatar.com\\\/avatar\\\/20e0a6b626f38fa8e545fb3f80ce566efd790bf8877e65c3a482460cc3e0b5d1?s=96&d=mm&r=g\",\"url\":\"https:\\\/\\\/secure.gravatar.com\\\/avatar\\\/20e0a6b626f38fa8e545fb3f80ce566efd790bf8877e65c3a482460cc3e0b5d1?s=96&d=mm&r=g\",\"contentUrl\":\"https:\\\/\\\/secure.gravatar.com\\\/avatar\\\/20e0a6b626f38fa8e545fb3f80ce566efd790bf8877e65c3a482460cc3e0b5d1?s=96&d=mm&r=g\",\"caption\":\"Yucat\u00e1n en Corto\"},\"url\":\"https:\\\/\\\/www.yucatanencorto.com\\\/noticias\\\/author\\\/editor25\\\/\"}]}<\/script>\n<!-- \/ Yoast SEO plugin. -->","yoast_head_json":{"title":"Mujer acudi\u00f3 a una cita por Facebook, desapareci\u00f3 y as\u00ed fue encontrada - Yucat\u00e1n en corto","robots":{"index":"index","follow":"follow","max-snippet":"max-snippet:-1","max-image-preview":"max-image-preview:large","max-video-preview":"max-video-preview:-1"},"canonical":"https:\/\/www.yucatanencorto.com\/noticias\/mujer-acudio-a-una-cita-por-facebook-desaparecio-y-asi-fue-encontrada\/","og_locale":"es_ES","og_type":"article","og_title":"Mujer acudi\u00f3 a una cita por Facebook, desapareci\u00f3 y as\u00ed fue encontrada - Yucat\u00e1n en corto","og_description":"Una mujer identificada como Tania Su\u00e1rez, de 35 a\u00f1os,\u00a0fue hallada con vida el martes 13 de enero\u00a0despu\u00e9s de haber desaparecido el domingo pasado\u00a0tras acudir a una cita que hab\u00eda acordado con un hombre que conoci\u00f3 a trav\u00e9s de la plataforma Facebook\u00a0Parejas en C\u00f3rdoba, Argentina. El domingo por la tarde, Tania sali\u00f3 de su casa en [&hellip;]","og_url":"https:\/\/www.yucatanencorto.com\/noticias\/mujer-acudio-a-una-cita-por-facebook-desaparecio-y-asi-fue-encontrada\/","og_site_name":"Yucat\u00e1n en corto","article_publisher":"http:\/\/www.facebook.com\/yucatanencorto","article_published_time":"2026-01-14T21:46:43+00:00","og_image":[{"width":610,"height":457,"url":"https:\/\/www.yucatanencorto.com\/noticias\/wp-content\/uploads\/2026\/01\/tania-suarez-cordoba.webp","type":"image\/webp"}],"author":"Yucat\u00e1n en Corto","twitter_card":"summary_large_image","twitter_creator":"@yucatanencorto","twitter_site":"@yucatanencorto","twitter_misc":{"Escrito por":"Yucat\u00e1n en Corto","Tiempo de lectura":"2 minutos"},"schema":{"@context":"https:\/\/schema.org","@graph":[{"@type":"Article","@id":"https:\/\/www.yucatanencorto.com\/noticias\/mujer-acudio-a-una-cita-por-facebook-desaparecio-y-asi-fue-encontrada\/#article","isPartOf":{"@id":"https:\/\/www.yucatanencorto.com\/noticias\/mujer-acudio-a-una-cita-por-facebook-desaparecio-y-asi-fue-encontrada\/"},"author":{"name":"Yucat\u00e1n en Corto","@id":"https:\/\/www.yucatanencorto.com\/noticias\/#\/schema\/person\/f0ec40c33447bbc0dc2d01d3006de771"},"headline":"Mujer acudi\u00f3 a una cita por Facebook, desapareci\u00f3 y as\u00ed fue encontrada","datePublished":"2026-01-14T21:46:43+00:00","mainEntityOfPage":{"@id":"https:\/\/www.yucatanencorto.com\/noticias\/mujer-acudio-a-una-cita-por-facebook-desaparecio-y-asi-fue-encontrada\/"},"wordCount":390,"image":{"@id":"https:\/\/www.yucatanencorto.com\/noticias\/mujer-acudio-a-una-cita-por-facebook-desaparecio-y-asi-fue-encontrada\/#primaryimage"},"thumbnailUrl":"https:\/\/www.yucatanencorto.com\/noticias\/wp-content\/uploads\/2026\/01\/tania-suarez-cordoba.webp","articleSection":["Internacional"],"inLanguage":"es"},{"@type":"WebPage","@id":"https:\/\/www.yucatanencorto.com\/noticias\/mujer-acudio-a-una-cita-por-facebook-desaparecio-y-asi-fue-encontrada\/","url":"https:\/\/www.yucatanencorto.com\/noticias\/mujer-acudio-a-una-cita-por-facebook-desaparecio-y-asi-fue-encontrada\/","name":"Mujer acudi\u00f3 a una cita por Facebook, desapareci\u00f3 y as\u00ed fue encontrada - Yucat\u00e1n en corto","isPartOf":{"@id":"https:\/\/www.yucatanencorto.com\/noticias\/#website"},"primaryImageOfPage":{"@id":"https:\/\/www.yucatanencorto.com\/noticias\/mujer-acudio-a-una-cita-por-facebook-desaparecio-y-asi-fue-encontrada\/#primaryimage"},"image":{"@id":"https:\/\/www.yucatanencorto.com\/noticias\/mujer-acudio-a-una-cita-por-facebook-desaparecio-y-asi-fue-encontrada\/#primaryimage"},"thumbnailUrl":"https:\/\/www.yucatanencorto.com\/noticias\/wp-content\/uploads\/2026\/01\/tania-suarez-cordoba.webp","datePublished":"2026-01-14T21:46:43+00:00","author":{"@id":"https:\/\/www.yucatanencorto.com\/noticias\/#\/schema\/person\/f0ec40c33447bbc0dc2d01d3006de771"},"breadcrumb":{"@id":"https:\/\/www.yucatanencorto.com\/noticias\/mujer-acudio-a-una-cita-por-facebook-desaparecio-y-asi-fue-encontrada\/#breadcrumb"},"inLanguage":"es","potentialAction":[{"@type":"ReadAction","target":["https:\/\/www.yucatanencorto.com\/noticias\/mujer-acudio-a-una-cita-por-facebook-desaparecio-y-asi-fue-encontrada\/"]}]},{"@type":"ImageObject","inLanguage":"es","@id":"https:\/\/www.yucatanencorto.com\/noticias\/mujer-acudio-a-una-cita-por-facebook-desaparecio-y-asi-fue-encontrada\/#primaryimage","url":"https:\/\/www.yucatanencorto.com\/noticias\/wp-content\/uploads\/2026\/01\/tania-suarez-cordoba.webp","contentUrl":"https:\/\/www.yucatanencorto.com\/noticias\/wp-content\/uploads\/2026\/01\/tania-suarez-cordoba.webp","width":610,"height":457},{"@type":"BreadcrumbList","@id":"https:\/\/www.yucatanencorto.com\/noticias\/mujer-acudio-a-una-cita-por-facebook-desaparecio-y-asi-fue-encontrada\/#breadcrumb","itemListElement":[{"@type":"ListItem","position":1,"name":"Portada","item":"https:\/\/www.yucatanencorto.com\/noticias\/"},{"@type":"ListItem","position":2,"name":"Mujer acudi\u00f3 a una cita por Facebook, desapareci\u00f3 y as\u00ed fue encontrada"}]},{"@type":"WebSite","@id":"https:\/\/www.yucatanencorto.com\/noticias\/#website","url":"https:\/\/www.yucatanencorto.com\/noticias\/","name":"Yucat\u00e1n en corto","description":"Noticias","potentialAction":[{"@type":"SearchAction","target":{"@type":"EntryPoint","urlTemplate":"https:\/\/www.yucatanencorto.com\/noticias\/?s={search_term_string}"},"query-input":{"@type":"PropertyValueSpecification","valueRequired":true,"valueName":"search_term_string"}}],"inLanguage":"es"},{"@type":"Person","@id":"https:\/\/www.yucatanencorto.com\/noticias\/#\/schema\/person\/f0ec40c33447bbc0dc2d01d3006de771","name":"Yucat\u00e1n en Corto","image":{"@type":"ImageObject","inLanguage":"es","@id":"https:\/\/secure.gravatar.com\/avatar\/20e0a6b626f38fa8e545fb3f80ce566efd790bf8877e65c3a482460cc3e0b5d1?s=96&d=mm&r=g","url":"https:\/\/secure.gravatar.com\/avatar\/20e0a6b626f38fa8e545fb3f80ce566efd790bf8877e65c3a482460cc3e0b5d1?s=96&d=mm&r=g","contentUrl":"https:\/\/secure.gravatar.com\/avatar\/20e0a6b626f38fa8e545fb3f80ce566efd790bf8877e65c3a482460cc3e0b5d1?s=96&d=mm&r=g","caption":"Yucat\u00e1n en Corto"},"url":"https:\/\/www.yucatanencorto.com\/noticias\/author\/editor25\/"}]}},"_links":{"self":[{"href":"https:\/\/www.yucatanencorto.com\/noticias\/wp-json\/wp\/v2\/posts\/116341","targetHints":{"allow":["GET"]}}],"collection":[{"href":"https:\/\/www.yucatanencorto.com\/noticias\/wp-json\/wp\/v2\/posts"}],"about":[{"href":"https:\/\/www.yucatanencorto.com\/noticias\/wp-json\/wp\/v2\/types\/post"}],"author":[{"embeddable":true,"href":"https:\/\/www.yucatanencorto.com\/noticias\/wp-json\/wp\/v2\/users\/4"}],"replies":[{"embeddable":true,"href":"https:\/\/www.yucatanencorto.com\/noticias\/wp-json\/wp\/v2\/comments?post=116341"}],"version-history":[{"count":1,"href":"https:\/\/www.yucatanencorto.com\/noticias\/wp-json\/wp\/v2\/posts\/116341\/revisions"}],"predecessor-version":[{"id":116343,"href":"https:\/\/www.yucatanencorto.com\/noticias\/wp-json\/wp\/v2\/posts\/116341\/revisions\/116343"}],"wp:featuredmedia":[{"embeddable":true,"href":"https:\/\/www.yucatanencorto.com\/noticias\/wp-json\/wp\/v2\/media\/116342"}],"wp:attachment":[{"href":"https:\/\/www.yucatanencorto.com\/noticias\/wp-json\/wp\/v2\/media?parent=116341"}],"wp:term":[{"taxonomy":"category","embeddable":true,"href":"https:\/\/www.yucatanencorto.com\/noticias\/wp-json\/wp\/v2\/categories?post=116341"},{"taxonomy":"post_tag","embeddable":true,"href":"https:\/\/www.yucatanencorto.com\/noticias\/wp-json\/wp\/v2\/tags?post=116341"}],"curies":[{"name":"wp","href":"https:\/\/api.w.org\/{rel}","templated":true}]}}