{"id":116344,"date":"2026-01-14T15:48:32","date_gmt":"2026-01-14T21:48:32","guid":{"rendered":"https:\/\/www.yucatanencorto.com\/noticias\/?p=116344"},"modified":"2026-01-14T15:48:32","modified_gmt":"2026-01-14T21:48:32","slug":"sheinbaum-niega-que-eu-le-pida-investigar-a-politicos-mexicanos-vinculados-con-grupos-criminales","status":"publish","type":"post","link":"https:\/\/www.yucatanencorto.com\/noticias\/sheinbaum-niega-que-eu-le-pida-investigar-a-politicos-mexicanos-vinculados-con-grupos-criminales\/","title":{"rendered":"Sheinbaum niega que EU le pida investigar a pol\u00edticos mexicanos vinculados con grupos criminales"},"content":{"rendered":"<figure id=\"attachment_116345\" aria-describedby=\"caption-attachment-116345\" style=\"width: 612px\" class=\"wp-caption alignnone\"><img loading=\"lazy\" decoding=\"async\" class=\"size-full wp-image-116345\" src=\"https:\/\/www.yucatanencorto.com\/noticias\/wp-content\/uploads\/2026\/01\/gettyimages-2155234707-612x612-1.jpg\" alt=\"\" width=\"612\" height=\"413\" srcset=\"https:\/\/www.yucatanencorto.com\/noticias\/wp-content\/uploads\/2026\/01\/gettyimages-2155234707-612x612-1.jpg 612w, https:\/\/www.yucatanencorto.com\/noticias\/wp-content\/uploads\/2026\/01\/gettyimages-2155234707-612x612-1-150x101.jpg 150w, https:\/\/www.yucatanencorto.com\/noticias\/wp-content\/uploads\/2026\/01\/gettyimages-2155234707-612x612-1-300x202.jpg 300w\" sizes=\"auto, (max-width: 612px) 100vw, 612px\" \/><figcaption id=\"caption-attachment-116345\" class=\"wp-caption-text\">TOPSHOT &#8211; Mexico&#8217;s presidential candidate for Morena party Claudia Sheinbaum celebrates following the results of the general election at Zocalo Square in Mexico City, on June 3, 2024. Claudia Sheinbaum was set to be elected Mexico&#8217;s first woman president, exit polls showed, a milestone in a country with a history of gender-based violence. (Photo by CARL DE SOUZA \/ AFP) (Photo by CARL DE SOUZA\/AFP via Getty Images)<\/figcaption><\/figure>\n<p data-t=\"{&quot;n&quot;:&quot;blueLinks&quot;,&quot;t&quot;:13,&quot;a&quot;:&quot;click&quot;,&quot;b&quot;:76}\">La presidenta Claudia\u00a0Sheinbaum\u00a0asegur\u00f3 que funcionarios de Estados Unidos nunca le han comunicado que exista una lista de pol\u00edticos mexicanos vinculados con grupos criminales y que deban ser investigados. \u201cCateg\u00f3ricamente digo no ha habido esta solicitud\u201d.<\/p>\n<p data-t=\"{&quot;n&quot;:&quot;blueLinks&quot;,&quot;t&quot;:13,&quot;a&quot;:&quot;click&quot;,&quot;b&quot;:76}\">As\u00ed lo asegur\u00f3 en la conferencia de Palacio Nacional: \u201cNunca se ha tocado ese tema, nunca, ni en las reuniones del acuerdo, del entendimiento que se tuvo con Estados Unidos que les damos seguimiento cada mes, nunca se ha tocado ese tema ni en las llamadas de tel\u00e9fono ni en las reuniones\u201d.<\/p>\n<p class=\"continue-read-break\" data-t=\"{&quot;n&quot;:&quot;blueLinks&quot;,&quot;t&quot;:13,&quot;a&quot;:&quot;click&quot;,&quot;b&quot;:76}\">Reiter\u00f3 que \u201cno ha habido tema con eso\u201d y ante el se\u00f1alamiento de que entre quienes pudieran estar en esta lista negra son el gobernador de Sinaloa, Rub\u00e9n Rocha, o el exgobernador de Tabasco, Ad\u00e1n Augusto L\u00f3pez, respondi\u00f3:<\/p>\n<p>Eso dicen algunos medios que la verdad inventan, recientemente el reportaje del WSJ nada que ver con lo que se habl\u00f3 en la llamada ni se ha planteado nunca, no hay un caso donde nos hayan dicho tenemos pruebas de esto, hay una orden de aprehensi\u00f3n, no\u201d.<\/p>\n<p data-t=\"{&quot;n&quot;:&quot;blueLinks&quot;,&quot;t&quot;:13,&quot;a&quot;:&quot;click&quot;,&quot;b&quot;:76}\">En cuanto al tema de las visas retiradas a algunos pol\u00edticos mexicanos indic\u00f3 que es un asunto que debe decir \u201cel gobierno de Estados Unidos cuando nosotros les preguntamos de las visas ellos dijeron es una relaci\u00f3n individual entre el gobierno y quien solicita la visa y ellos tomas sus decisiones\u201d.<\/p>\n<p data-t=\"{&quot;n&quot;:&quot;blueLinks&quot;,&quot;t&quot;:13,&quot;a&quot;:&quot;click&quot;,&quot;b&quot;:76}\">Finalmente, aclar\u00f3 que los funcionarios estadunidenses tampoco les han solicitado \u201chacer un equipo o un grupo especial por estos temas, no, categ\u00f3ricamente digo no, no ha habido esta solicitud\u201d.<\/p>\n","protected":false},"excerpt":{"rendered":"<p>La presidenta Claudia\u00a0Sheinbaum\u00a0asegur\u00f3 que funcionarios de Estados Unidos nunca le han comunicado que exista una lista de pol\u00edticos mexicanos vinculados con grupos criminales y que deban ser investigados. \u201cCateg\u00f3ricamente digo no ha habido esta solicitud\u201d. As\u00ed lo asegur\u00f3 en la conferencia de Palacio Nacional: \u201cNunca se ha tocado ese tema, nunca, ni en las reuniones [&hellip;]<\/p>\n","protected":false},"author":4,"featured_media":116345,"comment_status":"closed","ping_status":"closed","sticky":false,"template":"","format":"standard","meta":{"footnotes":""},"categories":[4],"tags":[],"class_list":{"0":"post-116344","1":"post","2":"type-post","3":"status-publish","4":"format-standard","5":"has-post-thumbnail","7":"category-mexico"},"yoast_head":"<!-- This site is optimized with the Yoast SEO plugin v27.4 - https:\/\/yoast.com\/product\/yoast-seo-wordpress\/ -->\n<title>Sheinbaum niega que EU le pida investigar a pol\u00edticos mexicanos vinculados con grupos criminales - Yucat\u00e1n en corto<\/title>\n<meta name=\"robots\" content=\"index, follow, max-snippet:-1, max-image-preview:large, max-video-preview:-1\" \/>\n<link rel=\"canonical\" href=\"https:\/\/www.yucatanencorto.com\/noticias\/sheinbaum-niega-que-eu-le-pida-investigar-a-politicos-mexicanos-vinculados-con-grupos-criminales\/\" \/>\n<meta property=\"og:locale\" content=\"es_ES\" \/>\n<meta property=\"og:type\" content=\"article\" \/>\n<meta property=\"og:title\" content=\"Sheinbaum niega que EU le pida investigar a pol\u00edticos mexicanos vinculados con grupos criminales - Yucat\u00e1n en corto\" \/>\n<meta property=\"og:description\" content=\"La presidenta Claudia\u00a0Sheinbaum\u00a0asegur\u00f3 que funcionarios de Estados Unidos nunca le han comunicado que exista una lista de pol\u00edticos mexicanos vinculados con grupos criminales y que deban ser investigados. \u201cCateg\u00f3ricamente digo no ha habido esta solicitud\u201d. As\u00ed lo asegur\u00f3 en la conferencia de Palacio Nacional: \u201cNunca se ha tocado ese tema, nunca, ni en las reuniones [&hellip;]\" \/>\n<meta property=\"og:url\" content=\"https:\/\/www.yucatanencorto.com\/noticias\/sheinbaum-niega-que-eu-le-pida-investigar-a-politicos-mexicanos-vinculados-con-grupos-criminales\/\" \/>\n<meta property=\"og:site_name\" content=\"Yucat\u00e1n en corto\" \/>\n<meta property=\"article:publisher\" content=\"http:\/\/www.facebook.com\/yucatanencorto\" \/>\n<meta property=\"article:published_time\" content=\"2026-01-14T21:48:32+00:00\" \/>\n<meta property=\"og:image\" content=\"https:\/\/www.yucatanencorto.com\/noticias\/wp-content\/uploads\/2026\/01\/gettyimages-2155234707-612x612-1.jpg\" \/>\n\t<meta property=\"og:image:width\" content=\"612\" \/>\n\t<meta property=\"og:image:height\" content=\"413\" \/>\n\t<meta property=\"og:image:type\" content=\"image\/jpeg\" \/>\n<meta name=\"author\" content=\"Yucat\u00e1n en Corto\" \/>\n<meta name=\"twitter:card\" content=\"summary_large_image\" \/>\n<meta name=\"twitter:creator\" content=\"@yucatanencorto\" \/>\n<meta name=\"twitter:site\" content=\"@yucatanencorto\" \/>\n<meta name=\"twitter:label1\" content=\"Escrito por\" \/>\n\t<meta name=\"twitter:data1\" content=\"Yucat\u00e1n en Corto\" \/>\n\t<meta name=\"twitter:label2\" content=\"Tiempo de lectura\" \/>\n\t<meta name=\"twitter:data2\" content=\"2 minutos\" \/>\n<script type=\"application\/ld+json\" class=\"yoast-schema-graph\">{\"@context\":\"https:\\\/\\\/schema.org\",\"@graph\":[{\"@type\":\"Article\",\"@id\":\"https:\\\/\\\/www.yucatanencorto.com\\\/noticias\\\/sheinbaum-niega-que-eu-le-pida-investigar-a-politicos-mexicanos-vinculados-con-grupos-criminales\\\/#article\",\"isPartOf\":{\"@id\":\"https:\\\/\\\/www.yucatanencorto.com\\\/noticias\\\/sheinbaum-niega-que-eu-le-pida-investigar-a-politicos-mexicanos-vinculados-con-grupos-criminales\\\/\"},\"author\":{\"name\":\"Yucat\u00e1n en Corto\",\"@id\":\"https:\\\/\\\/www.yucatanencorto.com\\\/noticias\\\/#\\\/schema\\\/person\\\/f0ec40c33447bbc0dc2d01d3006de771\"},\"headline\":\"Sheinbaum niega que EU le pida investigar a pol\u00edticos mexicanos vinculados con grupos criminales\",\"datePublished\":\"2026-01-14T21:48:32+00:00\",\"mainEntityOfPage\":{\"@id\":\"https:\\\/\\\/www.yucatanencorto.com\\\/noticias\\\/sheinbaum-niega-que-eu-le-pida-investigar-a-politicos-mexicanos-vinculados-con-grupos-criminales\\\/\"},\"wordCount\":355,\"image\":{\"@id\":\"https:\\\/\\\/www.yucatanencorto.com\\\/noticias\\\/sheinbaum-niega-que-eu-le-pida-investigar-a-politicos-mexicanos-vinculados-con-grupos-criminales\\\/#primaryimage\"},\"thumbnailUrl\":\"https:\\\/\\\/www.yucatanencorto.com\\\/noticias\\\/wp-content\\\/uploads\\\/2026\\\/01\\\/gettyimages-2155234707-612x612-1.jpg\",\"articleSection\":[\"M\u00e9xico\"],\"inLanguage\":\"es\"},{\"@type\":\"WebPage\",\"@id\":\"https:\\\/\\\/www.yucatanencorto.com\\\/noticias\\\/sheinbaum-niega-que-eu-le-pida-investigar-a-politicos-mexicanos-vinculados-con-grupos-criminales\\\/\",\"url\":\"https:\\\/\\\/www.yucatanencorto.com\\\/noticias\\\/sheinbaum-niega-que-eu-le-pida-investigar-a-politicos-mexicanos-vinculados-con-grupos-criminales\\\/\",\"name\":\"Sheinbaum niega que EU le pida investigar a pol\u00edticos mexicanos vinculados con grupos criminales - Yucat\u00e1n en corto\",\"isPartOf\":{\"@id\":\"https:\\\/\\\/www.yucatanencorto.com\\\/noticias\\\/#website\"},\"primaryImageOfPage\":{\"@id\":\"https:\\\/\\\/www.yucatanencorto.com\\\/noticias\\\/sheinbaum-niega-que-eu-le-pida-investigar-a-politicos-mexicanos-vinculados-con-grupos-criminales\\\/#primaryimage\"},\"image\":{\"@id\":\"https:\\\/\\\/www.yucatanencorto.com\\\/noticias\\\/sheinbaum-niega-que-eu-le-pida-investigar-a-politicos-mexicanos-vinculados-con-grupos-criminales\\\/#primaryimage\"},\"thumbnailUrl\":\"https:\\\/\\\/www.yucatanencorto.com\\\/noticias\\\/wp-content\\\/uploads\\\/2026\\\/01\\\/gettyimages-2155234707-612x612-1.jpg\",\"datePublished\":\"2026-01-14T21:48:32+00:00\",\"author\":{\"@id\":\"https:\\\/\\\/www.yucatanencorto.com\\\/noticias\\\/#\\\/schema\\\/person\\\/f0ec40c33447bbc0dc2d01d3006de771\"},\"breadcrumb\":{\"@id\":\"https:\\\/\\\/www.yucatanencorto.com\\\/noticias\\\/sheinbaum-niega-que-eu-le-pida-investigar-a-politicos-mexicanos-vinculados-con-grupos-criminales\\\/#breadcrumb\"},\"inLanguage\":\"es\",\"potentialAction\":[{\"@type\":\"ReadAction\",\"target\":[\"https:\\\/\\\/www.yucatanencorto.com\\\/noticias\\\/sheinbaum-niega-que-eu-le-pida-investigar-a-politicos-mexicanos-vinculados-con-grupos-criminales\\\/\"]}]},{\"@type\":\"ImageObject\",\"inLanguage\":\"es\",\"@id\":\"https:\\\/\\\/www.yucatanencorto.com\\\/noticias\\\/sheinbaum-niega-que-eu-le-pida-investigar-a-politicos-mexicanos-vinculados-con-grupos-criminales\\\/#primaryimage\",\"url\":\"https:\\\/\\\/www.yucatanencorto.com\\\/noticias\\\/wp-content\\\/uploads\\\/2026\\\/01\\\/gettyimages-2155234707-612x612-1.jpg\",\"contentUrl\":\"https:\\\/\\\/www.yucatanencorto.com\\\/noticias\\\/wp-content\\\/uploads\\\/2026\\\/01\\\/gettyimages-2155234707-612x612-1.jpg\",\"width\":612,\"height\":413,\"caption\":\"TOPSHOT - Mexico's presidential candidate for Morena party Claudia Sheinbaum celebrates following the results of the general election at Zocalo Square in Mexico City, on June 3, 2024. Claudia Sheinbaum was set to be elected Mexico's first woman president, exit polls showed, a milestone in a country with a history of gender-based violence. (Photo by CARL DE SOUZA \\\/ AFP) (Photo by CARL DE SOUZA\\\/AFP via Getty Images)\"},{\"@type\":\"BreadcrumbList\",\"@id\":\"https:\\\/\\\/www.yucatanencorto.com\\\/noticias\\\/sheinbaum-niega-que-eu-le-pida-investigar-a-politicos-mexicanos-vinculados-con-grupos-criminales\\\/#breadcrumb\",\"itemListElement\":[{\"@type\":\"ListItem\",\"position\":1,\"name\":\"Portada\",\"item\":\"https:\\\/\\\/www.yucatanencorto.com\\\/noticias\\\/\"},{\"@type\":\"ListItem\",\"position\":2,\"name\":\"Sheinbaum niega que EU le pida investigar a pol\u00edticos mexicanos vinculados con grupos criminales\"}]},{\"@type\":\"WebSite\",\"@id\":\"https:\\\/\\\/www.yucatanencorto.com\\\/noticias\\\/#website\",\"url\":\"https:\\\/\\\/www.yucatanencorto.com\\\/noticias\\\/\",\"name\":\"Yucat\u00e1n en corto\",\"description\":\"Noticias\",\"potentialAction\":[{\"@type\":\"SearchAction\",\"target\":{\"@type\":\"EntryPoint\",\"urlTemplate\":\"https:\\\/\\\/www.yucatanencorto.com\\\/noticias\\\/?s={search_term_string}\"},\"query-input\":{\"@type\":\"PropertyValueSpecification\",\"valueRequired\":true,\"valueName\":\"search_term_string\"}}],\"inLanguage\":\"es\"},{\"@type\":\"Person\",\"@id\":\"https:\\\/\\\/www.yucatanencorto.com\\\/noticias\\\/#\\\/schema\\\/person\\\/f0ec40c33447bbc0dc2d01d3006de771\",\"name\":\"Yucat\u00e1n en Corto\",\"image\":{\"@type\":\"ImageObject\",\"inLanguage\":\"es\",\"@id\":\"https:\\\/\\\/secure.gravatar.com\\\/avatar\\\/20e0a6b626f38fa8e545fb3f80ce566efd790bf8877e65c3a482460cc3e0b5d1?s=96&d=mm&r=g\",\"url\":\"https:\\\/\\\/secure.gravatar.com\\\/avatar\\\/20e0a6b626f38fa8e545fb3f80ce566efd790bf8877e65c3a482460cc3e0b5d1?s=96&d=mm&r=g\",\"contentUrl\":\"https:\\\/\\\/secure.gravatar.com\\\/avatar\\\/20e0a6b626f38fa8e545fb3f80ce566efd790bf8877e65c3a482460cc3e0b5d1?s=96&d=mm&r=g\",\"caption\":\"Yucat\u00e1n en Corto\"},\"url\":\"https:\\\/\\\/www.yucatanencorto.com\\\/noticias\\\/author\\\/editor25\\\/\"}]}<\/script>\n<!-- \/ Yoast SEO plugin. -->","yoast_head_json":{"title":"Sheinbaum niega que EU le pida investigar a pol\u00edticos mexicanos vinculados con grupos criminales - Yucat\u00e1n en corto","robots":{"index":"index","follow":"follow","max-snippet":"max-snippet:-1","max-image-preview":"max-image-preview:large","max-video-preview":"max-video-preview:-1"},"canonical":"https:\/\/www.yucatanencorto.com\/noticias\/sheinbaum-niega-que-eu-le-pida-investigar-a-politicos-mexicanos-vinculados-con-grupos-criminales\/","og_locale":"es_ES","og_type":"article","og_title":"Sheinbaum niega que EU le pida investigar a pol\u00edticos mexicanos vinculados con grupos criminales - Yucat\u00e1n en corto","og_description":"La presidenta Claudia\u00a0Sheinbaum\u00a0asegur\u00f3 que funcionarios de Estados Unidos nunca le han comunicado que exista una lista de pol\u00edticos mexicanos vinculados con grupos criminales y que deban ser investigados. \u201cCateg\u00f3ricamente digo no ha habido esta solicitud\u201d. As\u00ed lo asegur\u00f3 en la conferencia de Palacio Nacional: \u201cNunca se ha tocado ese tema, nunca, ni en las reuniones [&hellip;]","og_url":"https:\/\/www.yucatanencorto.com\/noticias\/sheinbaum-niega-que-eu-le-pida-investigar-a-politicos-mexicanos-vinculados-con-grupos-criminales\/","og_site_name":"Yucat\u00e1n en corto","article_publisher":"http:\/\/www.facebook.com\/yucatanencorto","article_published_time":"2026-01-14T21:48:32+00:00","og_image":[{"width":612,"height":413,"url":"https:\/\/www.yucatanencorto.com\/noticias\/wp-content\/uploads\/2026\/01\/gettyimages-2155234707-612x612-1.jpg","type":"image\/jpeg"}],"author":"Yucat\u00e1n en Corto","twitter_card":"summary_large_image","twitter_creator":"@yucatanencorto","twitter_site":"@yucatanencorto","twitter_misc":{"Escrito por":"Yucat\u00e1n en Corto","Tiempo de lectura":"2 minutos"},"schema":{"@context":"https:\/\/schema.org","@graph":[{"@type":"Article","@id":"https:\/\/www.yucatanencorto.com\/noticias\/sheinbaum-niega-que-eu-le-pida-investigar-a-politicos-mexicanos-vinculados-con-grupos-criminales\/#article","isPartOf":{"@id":"https:\/\/www.yucatanencorto.com\/noticias\/sheinbaum-niega-que-eu-le-pida-investigar-a-politicos-mexicanos-vinculados-con-grupos-criminales\/"},"author":{"name":"Yucat\u00e1n en Corto","@id":"https:\/\/www.yucatanencorto.com\/noticias\/#\/schema\/person\/f0ec40c33447bbc0dc2d01d3006de771"},"headline":"Sheinbaum niega que EU le pida investigar a pol\u00edticos mexicanos vinculados con grupos criminales","datePublished":"2026-01-14T21:48:32+00:00","mainEntityOfPage":{"@id":"https:\/\/www.yucatanencorto.com\/noticias\/sheinbaum-niega-que-eu-le-pida-investigar-a-politicos-mexicanos-vinculados-con-grupos-criminales\/"},"wordCount":355,"image":{"@id":"https:\/\/www.yucatanencorto.com\/noticias\/sheinbaum-niega-que-eu-le-pida-investigar-a-politicos-mexicanos-vinculados-con-grupos-criminales\/#primaryimage"},"thumbnailUrl":"https:\/\/www.yucatanencorto.com\/noticias\/wp-content\/uploads\/2026\/01\/gettyimages-2155234707-612x612-1.jpg","articleSection":["M\u00e9xico"],"inLanguage":"es"},{"@type":"WebPage","@id":"https:\/\/www.yucatanencorto.com\/noticias\/sheinbaum-niega-que-eu-le-pida-investigar-a-politicos-mexicanos-vinculados-con-grupos-criminales\/","url":"https:\/\/www.yucatanencorto.com\/noticias\/sheinbaum-niega-que-eu-le-pida-investigar-a-politicos-mexicanos-vinculados-con-grupos-criminales\/","name":"Sheinbaum niega que EU le pida investigar a pol\u00edticos mexicanos vinculados con grupos criminales - Yucat\u00e1n en corto","isPartOf":{"@id":"https:\/\/www.yucatanencorto.com\/noticias\/#website"},"primaryImageOfPage":{"@id":"https:\/\/www.yucatanencorto.com\/noticias\/sheinbaum-niega-que-eu-le-pida-investigar-a-politicos-mexicanos-vinculados-con-grupos-criminales\/#primaryimage"},"image":{"@id":"https:\/\/www.yucatanencorto.com\/noticias\/sheinbaum-niega-que-eu-le-pida-investigar-a-politicos-mexicanos-vinculados-con-grupos-criminales\/#primaryimage"},"thumbnailUrl":"https:\/\/www.yucatanencorto.com\/noticias\/wp-content\/uploads\/2026\/01\/gettyimages-2155234707-612x612-1.jpg","datePublished":"2026-01-14T21:48:32+00:00","author":{"@id":"https:\/\/www.yucatanencorto.com\/noticias\/#\/schema\/person\/f0ec40c33447bbc0dc2d01d3006de771"},"breadcrumb":{"@id":"https:\/\/www.yucatanencorto.com\/noticias\/sheinbaum-niega-que-eu-le-pida-investigar-a-politicos-mexicanos-vinculados-con-grupos-criminales\/#breadcrumb"},"inLanguage":"es","potentialAction":[{"@type":"ReadAction","target":["https:\/\/www.yucatanencorto.com\/noticias\/sheinbaum-niega-que-eu-le-pida-investigar-a-politicos-mexicanos-vinculados-con-grupos-criminales\/"]}]},{"@type":"ImageObject","inLanguage":"es","@id":"https:\/\/www.yucatanencorto.com\/noticias\/sheinbaum-niega-que-eu-le-pida-investigar-a-politicos-mexicanos-vinculados-con-grupos-criminales\/#primaryimage","url":"https:\/\/www.yucatanencorto.com\/noticias\/wp-content\/uploads\/2026\/01\/gettyimages-2155234707-612x612-1.jpg","contentUrl":"https:\/\/www.yucatanencorto.com\/noticias\/wp-content\/uploads\/2026\/01\/gettyimages-2155234707-612x612-1.jpg","width":612,"height":413,"caption":"TOPSHOT - Mexico's presidential candidate for Morena party Claudia Sheinbaum celebrates following the results of the general election at Zocalo Square in Mexico City, on June 3, 2024. Claudia Sheinbaum was set to be elected Mexico's first woman president, exit polls showed, a milestone in a country with a history of gender-based violence. (Photo by CARL DE SOUZA \/ AFP) (Photo by CARL DE SOUZA\/AFP via Getty Images)"},{"@type":"BreadcrumbList","@id":"https:\/\/www.yucatanencorto.com\/noticias\/sheinbaum-niega-que-eu-le-pida-investigar-a-politicos-mexicanos-vinculados-con-grupos-criminales\/#breadcrumb","itemListElement":[{"@type":"ListItem","position":1,"name":"Portada","item":"https:\/\/www.yucatanencorto.com\/noticias\/"},{"@type":"ListItem","position":2,"name":"Sheinbaum niega que EU le pida investigar a pol\u00edticos mexicanos vinculados con grupos criminales"}]},{"@type":"WebSite","@id":"https:\/\/www.yucatanencorto.com\/noticias\/#website","url":"https:\/\/www.yucatanencorto.com\/noticias\/","name":"Yucat\u00e1n en corto","description":"Noticias","potentialAction":[{"@type":"SearchAction","target":{"@type":"EntryPoint","urlTemplate":"https:\/\/www.yucatanencorto.com\/noticias\/?s={search_term_string}"},"query-input":{"@type":"PropertyValueSpecification","valueRequired":true,"valueName":"search_term_string"}}],"inLanguage":"es"},{"@type":"Person","@id":"https:\/\/www.yucatanencorto.com\/noticias\/#\/schema\/person\/f0ec40c33447bbc0dc2d01d3006de771","name":"Yucat\u00e1n en Corto","image":{"@type":"ImageObject","inLanguage":"es","@id":"https:\/\/secure.gravatar.com\/avatar\/20e0a6b626f38fa8e545fb3f80ce566efd790bf8877e65c3a482460cc3e0b5d1?s=96&d=mm&r=g","url":"https:\/\/secure.gravatar.com\/avatar\/20e0a6b626f38fa8e545fb3f80ce566efd790bf8877e65c3a482460cc3e0b5d1?s=96&d=mm&r=g","contentUrl":"https:\/\/secure.gravatar.com\/avatar\/20e0a6b626f38fa8e545fb3f80ce566efd790bf8877e65c3a482460cc3e0b5d1?s=96&d=mm&r=g","caption":"Yucat\u00e1n en Corto"},"url":"https:\/\/www.yucatanencorto.com\/noticias\/author\/editor25\/"}]}},"_links":{"self":[{"href":"https:\/\/www.yucatanencorto.com\/noticias\/wp-json\/wp\/v2\/posts\/116344","targetHints":{"allow":["GET"]}}],"collection":[{"href":"https:\/\/www.yucatanencorto.com\/noticias\/wp-json\/wp\/v2\/posts"}],"about":[{"href":"https:\/\/www.yucatanencorto.com\/noticias\/wp-json\/wp\/v2\/types\/post"}],"author":[{"embeddable":true,"href":"https:\/\/www.yucatanencorto.com\/noticias\/wp-json\/wp\/v2\/users\/4"}],"replies":[{"embeddable":true,"href":"https:\/\/www.yucatanencorto.com\/noticias\/wp-json\/wp\/v2\/comments?post=116344"}],"version-history":[{"count":1,"href":"https:\/\/www.yucatanencorto.com\/noticias\/wp-json\/wp\/v2\/posts\/116344\/revisions"}],"predecessor-version":[{"id":116346,"href":"https:\/\/www.yucatanencorto.com\/noticias\/wp-json\/wp\/v2\/posts\/116344\/revisions\/116346"}],"wp:featuredmedia":[{"embeddable":true,"href":"https:\/\/www.yucatanencorto.com\/noticias\/wp-json\/wp\/v2\/media\/116345"}],"wp:attachment":[{"href":"https:\/\/www.yucatanencorto.com\/noticias\/wp-json\/wp\/v2\/media?parent=116344"}],"wp:term":[{"taxonomy":"category","embeddable":true,"href":"https:\/\/www.yucatanencorto.com\/noticias\/wp-json\/wp\/v2\/categories?post=116344"},{"taxonomy":"post_tag","embeddable":true,"href":"https:\/\/www.yucatanencorto.com\/noticias\/wp-json\/wp\/v2\/tags?post=116344"}],"curies":[{"name":"wp","href":"https:\/\/api.w.org\/{rel}","templated":true}]}}