{"id":116347,"date":"2026-01-14T15:51:00","date_gmt":"2026-01-14T21:51:00","guid":{"rendered":"https:\/\/www.yucatanencorto.com\/noticias\/?p=116347"},"modified":"2026-01-14T15:51:00","modified_gmt":"2026-01-14T21:51:00","slug":"frente-frio-28-golpea-a-mexico-alerta-por-heladas-de-15c-y-masa-de-aire-polar","status":"publish","type":"post","link":"https:\/\/www.yucatanencorto.com\/noticias\/frente-frio-28-golpea-a-mexico-alerta-por-heladas-de-15c-y-masa-de-aire-polar\/","title":{"rendered":"Frente fr\u00edo 28 golpea a M\u00e9xico: Alerta por heladas de -15\u00b0C y masa de aire polar"},"content":{"rendered":"<p data-t=\"{&quot;n&quot;:&quot;blueLinks&quot;,&quot;t&quot;:13,&quot;a&quot;:&quot;click&quot;,&quot;b&quot;:76}\"><img loading=\"lazy\" decoding=\"async\" class=\"alignnone size-full wp-image-116348\" src=\"https:\/\/www.yucatanencorto.com\/noticias\/wp-content\/uploads\/2026\/01\/frente-frio-28-tamaulipas-temperaturas-bajo-cero-scaled.webp\" alt=\"\" width=\"768\" height=\"432\" srcset=\"https:\/\/www.yucatanencorto.com\/noticias\/wp-content\/uploads\/2026\/01\/frente-frio-28-tamaulipas-temperaturas-bajo-cero-scaled.webp 768w, https:\/\/www.yucatanencorto.com\/noticias\/wp-content\/uploads\/2026\/01\/frente-frio-28-tamaulipas-temperaturas-bajo-cero-1536x864.webp 1536w, https:\/\/www.yucatanencorto.com\/noticias\/wp-content\/uploads\/2026\/01\/frente-frio-28-tamaulipas-temperaturas-bajo-cero-150x84.webp 150w, https:\/\/www.yucatanencorto.com\/noticias\/wp-content\/uploads\/2026\/01\/frente-frio-28-tamaulipas-temperaturas-bajo-cero-300x169.webp 300w, https:\/\/www.yucatanencorto.com\/noticias\/wp-content\/uploads\/2026\/01\/frente-frio-28-tamaulipas-temperaturas-bajo-cero-696x392.webp 696w, https:\/\/www.yucatanencorto.com\/noticias\/wp-content\/uploads\/2026\/01\/frente-frio-28-tamaulipas-temperaturas-bajo-cero-1068x601.webp 1068w\" sizes=\"auto, (max-width: 768px) 100vw, 768px\" \/><\/p>\n<p data-t=\"{&quot;n&quot;:&quot;blueLinks&quot;,&quot;t&quot;:13,&quot;a&quot;:&quot;click&quot;,&quot;b&quot;:76}\">\n<p data-t=\"{&quot;n&quot;:&quot;blueLinks&quot;,&quot;t&quot;:13,&quot;a&quot;:&quot;click&quot;,&quot;b&quot;:76}\">El\u00a0Frente Fr\u00edo n\u00famero 28\u00a0ha ingresado a territorio nacional este mi\u00e9rcoles, impulsado por una\u00a0potente masa de aire polar.<\/p>\n<p data-t=\"{&quot;n&quot;:&quot;blueLinks&quot;,&quot;t&quot;:13,&quot;a&quot;:&quot;click&quot;,&quot;b&quot;:76}\">Este\u00a0fen\u00f3meno meteorol\u00f3gico\u00a0no solo provocar\u00e1 un\u00a0descenso dr\u00e1stico en los term\u00f3metros, sino que interactuar\u00e1 con un canal de baja presi\u00f3n, generando un escenario complejo de heladas severas, bancos de niebla y precipitaciones en gran parte de\u00a0M\u00e9xico.<\/p>\n<div class=\"intra-article-module\" data-t=\"{&quot;n&quot;:&quot;intraArticle&quot;,&quot;t&quot;:13}\"><\/div>\n<p data-t=\"{&quot;n&quot;:&quot;blueLinks&quot;,&quot;t&quot;:13,&quot;a&quot;:&quot;click&quot;,&quot;b&quot;:76}\">Seg\u00fan el reporte t\u00e9cnico del\u00a0Servicio Meteorol\u00f3gico Nacional (SMN), el sistema se desplaza r\u00e1pidamente sobre el norte y noreste, creando condiciones extremas en las zonas serranas.<\/p>\n<h2 class=\"article-sub-heading\">Sem\u00e1foro de Temperaturas: \u00bfD\u00f3nde har\u00e1 m\u00e1s fr\u00edo?<\/h2>\n<p data-t=\"{&quot;n&quot;:&quot;blueLinks&quot;,&quot;t&quot;:13,&quot;a&quot;:&quot;click&quot;,&quot;b&quot;:76}\">La distribuci\u00f3n t\u00e9rmica para las pr\u00f3ximas 24 a 48 horas presenta riesgos significativos para la salud y la infraestructura en las siguientes entidades:<\/p>\n<p data-t=\"{&quot;n&quot;:&quot;blueLinks&quot;,&quot;t&quot;:13,&quot;a&quot;:&quot;click&quot;,&quot;b&quot;:76}\">* Zona Roja (Fr\u00edo Extremo): Se prev\u00e9n m\u00ednimas de hasta -15 \u00b0C con heladas intensas en las sierras de Durango.<\/p>\n<p data-t=\"{&quot;n&quot;:&quot;blueLinks&quot;,&quot;t&quot;:13,&quot;a&quot;:&quot;click&quot;,&quot;b&quot;:76}\">* Zona Naranja (-10 a -5 \u00b0C): Zonas altas de Chihuahua y Zacatecas.<\/p>\n<p class=\"continue-read-break\" data-t=\"{&quot;n&quot;:&quot;blueLinks&quot;,&quot;t&quot;:13,&quot;a&quot;:&quot;click&quot;,&quot;b&quot;:76}\">* Zona Amarilla (-5 a 0 \u00b0C): Baja California, Sonora, Coahuila, Nuevo Le\u00f3n, San Luis Potos\u00ed, Aguascalientes, Jalisco, Michoac\u00e1n, Guanajuato, Quer\u00e9taro, Hidalgo, Estado de M\u00e9xico, Tlaxcala, Puebla, Veracruz y Oaxaca.<\/p>\n<p>&nbsp;<\/p>\n<h2 class=\"article-sub-heading\">Pron\u00f3stico para el Valle de M\u00e9xico y CDMX<\/h2>\n<p data-t=\"{&quot;n&quot;:&quot;blueLinks&quot;,&quot;t&quot;:13,&quot;a&quot;:&quot;click&quot;,&quot;b&quot;:76}\">Para el centro del pa\u00eds, la interacci\u00f3n del frente fr\u00edo generar\u00e1 un ambiente matutino de fr\u00edo a muy fr\u00edo. Se recomienda precauci\u00f3n por bancos de niebla que podr\u00edan afectar la visibilidad en carreteras.<\/p>\n<p data-t=\"{&quot;n&quot;:&quot;blueLinks&quot;,&quot;t&quot;:13,&quot;a&quot;:&quot;click&quot;,&quot;b&quot;:76}\">* Ciudad de M\u00e9xico (CDMX): M\u00ednimas de 6 a 8 \u00b0C y m\u00e1ximas de 21 a 23 \u00b0C.<\/p>\n<p data-t=\"{&quot;n&quot;:&quot;blueLinks&quot;,&quot;t&quot;:13,&quot;a&quot;:&quot;click&quot;,&quot;b&quot;:76}\">* Toluca (Edomex): M\u00ednimas cr\u00edticas de 1 a 3 \u00b0C y m\u00e1ximas de 17 a 19 \u00b0C. Posibilidad de heladas en zonas altas.<\/p>\n<div class=\"intra-article-module\" data-t=\"{&quot;n&quot;:&quot;intraArticle&quot;,&quot;t&quot;:13}\"><\/div>\n<h2 class=\"article-sub-heading\">Lluvias y tormentas el\u00e9ctricas<\/h2>\n<p data-t=\"{&quot;n&quot;:&quot;blueLinks&quot;,&quot;t&quot;:13,&quot;a&quot;:&quot;click&quot;,&quot;b&quot;:76}\">El descenso t\u00e9rmico no es la \u00fanica amenaza. La colisi\u00f3n del frente con aire h\u00famedo provocar\u00e1 inestabilidad atmosf\u00e9rica:<\/p>\n<p data-t=\"{&quot;n&quot;:&quot;blueLinks&quot;,&quot;t&quot;:13,&quot;a&quot;:&quot;click&quot;,&quot;b&quot;:76}\">* Lluvias Fuertes y Chubascos: Oriente y sureste de M\u00e9xico, incluyendo la Pen\u00ednsula de Yucat\u00e1n.<\/p>\n<p data-t=\"{&quot;n&quot;:&quot;blueLinks&quot;,&quot;t&quot;:13,&quot;a&quot;:&quot;click&quot;,&quot;b&quot;:76}\">* Riesgo de Granizo y Descargas El\u00e9ctricas: Espec\u00edficamente en el Valle de M\u00e9xico y zonas colindantes durante la tarde.<\/p>\n","protected":false},"excerpt":{"rendered":"<p>El\u00a0Frente Fr\u00edo n\u00famero 28\u00a0ha ingresado a territorio nacional este mi\u00e9rcoles, impulsado por una\u00a0potente masa de aire polar. Este\u00a0fen\u00f3meno meteorol\u00f3gico\u00a0no solo provocar\u00e1 un\u00a0descenso dr\u00e1stico en los term\u00f3metros, sino que interactuar\u00e1 con un canal de baja presi\u00f3n, generando un escenario complejo de heladas severas, bancos de niebla y precipitaciones en gran parte de\u00a0M\u00e9xico. Seg\u00fan el reporte t\u00e9cnico [&hellip;]<\/p>\n","protected":false},"author":4,"featured_media":116348,"comment_status":"closed","ping_status":"closed","sticky":false,"template":"","format":"standard","meta":{"footnotes":""},"categories":[4],"tags":[],"class_list":{"0":"post-116347","1":"post","2":"type-post","3":"status-publish","4":"format-standard","5":"has-post-thumbnail","7":"category-mexico"},"yoast_head":"<!-- This site is optimized with the Yoast SEO plugin v27.4 - https:\/\/yoast.com\/product\/yoast-seo-wordpress\/ -->\n<title>Frente fr\u00edo 28 golpea a M\u00e9xico: Alerta por heladas de -15\u00b0C y masa de aire polar - Yucat\u00e1n en corto<\/title>\n<meta name=\"robots\" content=\"index, follow, max-snippet:-1, max-image-preview:large, max-video-preview:-1\" \/>\n<link rel=\"canonical\" href=\"https:\/\/www.yucatanencorto.com\/noticias\/frente-frio-28-golpea-a-mexico-alerta-por-heladas-de-15c-y-masa-de-aire-polar\/\" \/>\n<meta property=\"og:locale\" content=\"es_ES\" \/>\n<meta property=\"og:type\" content=\"article\" \/>\n<meta property=\"og:title\" content=\"Frente fr\u00edo 28 golpea a M\u00e9xico: Alerta por heladas de -15\u00b0C y masa de aire polar - Yucat\u00e1n en corto\" \/>\n<meta property=\"og:description\" content=\"El\u00a0Frente Fr\u00edo n\u00famero 28\u00a0ha ingresado a territorio nacional este mi\u00e9rcoles, impulsado por una\u00a0potente masa de aire polar. Este\u00a0fen\u00f3meno meteorol\u00f3gico\u00a0no solo provocar\u00e1 un\u00a0descenso dr\u00e1stico en los term\u00f3metros, sino que interactuar\u00e1 con un canal de baja presi\u00f3n, generando un escenario complejo de heladas severas, bancos de niebla y precipitaciones en gran parte de\u00a0M\u00e9xico. Seg\u00fan el reporte t\u00e9cnico [&hellip;]\" \/>\n<meta property=\"og:url\" content=\"https:\/\/www.yucatanencorto.com\/noticias\/frente-frio-28-golpea-a-mexico-alerta-por-heladas-de-15c-y-masa-de-aire-polar\/\" \/>\n<meta property=\"og:site_name\" content=\"Yucat\u00e1n en corto\" \/>\n<meta property=\"article:publisher\" content=\"http:\/\/www.facebook.com\/yucatanencorto\" \/>\n<meta property=\"article:published_time\" content=\"2026-01-14T21:51:00+00:00\" \/>\n<meta property=\"og:image\" content=\"https:\/\/www.yucatanencorto.com\/noticias\/wp-content\/uploads\/2026\/01\/frente-frio-28-tamaulipas-temperaturas-bajo-cero-scaled.webp\" \/>\n\t<meta property=\"og:image:width\" content=\"768\" \/>\n\t<meta property=\"og:image:height\" content=\"432\" \/>\n\t<meta property=\"og:image:type\" content=\"image\/webp\" \/>\n<meta name=\"author\" content=\"Yucat\u00e1n en Corto\" \/>\n<meta name=\"twitter:card\" content=\"summary_large_image\" \/>\n<meta name=\"twitter:creator\" content=\"@yucatanencorto\" \/>\n<meta name=\"twitter:site\" content=\"@yucatanencorto\" \/>\n<meta name=\"twitter:label1\" content=\"Escrito por\" \/>\n\t<meta name=\"twitter:data1\" content=\"Yucat\u00e1n en Corto\" \/>\n\t<meta name=\"twitter:label2\" content=\"Tiempo de lectura\" \/>\n\t<meta name=\"twitter:data2\" content=\"2 minutos\" \/>\n<script type=\"application\/ld+json\" class=\"yoast-schema-graph\">{\"@context\":\"https:\\\/\\\/schema.org\",\"@graph\":[{\"@type\":\"Article\",\"@id\":\"https:\\\/\\\/www.yucatanencorto.com\\\/noticias\\\/frente-frio-28-golpea-a-mexico-alerta-por-heladas-de-15c-y-masa-de-aire-polar\\\/#article\",\"isPartOf\":{\"@id\":\"https:\\\/\\\/www.yucatanencorto.com\\\/noticias\\\/frente-frio-28-golpea-a-mexico-alerta-por-heladas-de-15c-y-masa-de-aire-polar\\\/\"},\"author\":{\"name\":\"Yucat\u00e1n en Corto\",\"@id\":\"https:\\\/\\\/www.yucatanencorto.com\\\/noticias\\\/#\\\/schema\\\/person\\\/f0ec40c33447bbc0dc2d01d3006de771\"},\"headline\":\"Frente fr\u00edo 28 golpea a M\u00e9xico: Alerta por heladas de -15\u00b0C y masa de aire polar\",\"datePublished\":\"2026-01-14T21:51:00+00:00\",\"mainEntityOfPage\":{\"@id\":\"https:\\\/\\\/www.yucatanencorto.com\\\/noticias\\\/frente-frio-28-golpea-a-mexico-alerta-por-heladas-de-15c-y-masa-de-aire-polar\\\/\"},\"wordCount\":368,\"image\":{\"@id\":\"https:\\\/\\\/www.yucatanencorto.com\\\/noticias\\\/frente-frio-28-golpea-a-mexico-alerta-por-heladas-de-15c-y-masa-de-aire-polar\\\/#primaryimage\"},\"thumbnailUrl\":\"https:\\\/\\\/www.yucatanencorto.com\\\/noticias\\\/wp-content\\\/uploads\\\/2026\\\/01\\\/frente-frio-28-tamaulipas-temperaturas-bajo-cero-scaled.webp\",\"articleSection\":[\"M\u00e9xico\"],\"inLanguage\":\"es\"},{\"@type\":\"WebPage\",\"@id\":\"https:\\\/\\\/www.yucatanencorto.com\\\/noticias\\\/frente-frio-28-golpea-a-mexico-alerta-por-heladas-de-15c-y-masa-de-aire-polar\\\/\",\"url\":\"https:\\\/\\\/www.yucatanencorto.com\\\/noticias\\\/frente-frio-28-golpea-a-mexico-alerta-por-heladas-de-15c-y-masa-de-aire-polar\\\/\",\"name\":\"Frente fr\u00edo 28 golpea a M\u00e9xico: Alerta por heladas de -15\u00b0C y masa de aire polar - Yucat\u00e1n en corto\",\"isPartOf\":{\"@id\":\"https:\\\/\\\/www.yucatanencorto.com\\\/noticias\\\/#website\"},\"primaryImageOfPage\":{\"@id\":\"https:\\\/\\\/www.yucatanencorto.com\\\/noticias\\\/frente-frio-28-golpea-a-mexico-alerta-por-heladas-de-15c-y-masa-de-aire-polar\\\/#primaryimage\"},\"image\":{\"@id\":\"https:\\\/\\\/www.yucatanencorto.com\\\/noticias\\\/frente-frio-28-golpea-a-mexico-alerta-por-heladas-de-15c-y-masa-de-aire-polar\\\/#primaryimage\"},\"thumbnailUrl\":\"https:\\\/\\\/www.yucatanencorto.com\\\/noticias\\\/wp-content\\\/uploads\\\/2026\\\/01\\\/frente-frio-28-tamaulipas-temperaturas-bajo-cero-scaled.webp\",\"datePublished\":\"2026-01-14T21:51:00+00:00\",\"author\":{\"@id\":\"https:\\\/\\\/www.yucatanencorto.com\\\/noticias\\\/#\\\/schema\\\/person\\\/f0ec40c33447bbc0dc2d01d3006de771\"},\"breadcrumb\":{\"@id\":\"https:\\\/\\\/www.yucatanencorto.com\\\/noticias\\\/frente-frio-28-golpea-a-mexico-alerta-por-heladas-de-15c-y-masa-de-aire-polar\\\/#breadcrumb\"},\"inLanguage\":\"es\",\"potentialAction\":[{\"@type\":\"ReadAction\",\"target\":[\"https:\\\/\\\/www.yucatanencorto.com\\\/noticias\\\/frente-frio-28-golpea-a-mexico-alerta-por-heladas-de-15c-y-masa-de-aire-polar\\\/\"]}]},{\"@type\":\"ImageObject\",\"inLanguage\":\"es\",\"@id\":\"https:\\\/\\\/www.yucatanencorto.com\\\/noticias\\\/frente-frio-28-golpea-a-mexico-alerta-por-heladas-de-15c-y-masa-de-aire-polar\\\/#primaryimage\",\"url\":\"https:\\\/\\\/www.yucatanencorto.com\\\/noticias\\\/wp-content\\\/uploads\\\/2026\\\/01\\\/frente-frio-28-tamaulipas-temperaturas-bajo-cero-scaled.webp\",\"contentUrl\":\"https:\\\/\\\/www.yucatanencorto.com\\\/noticias\\\/wp-content\\\/uploads\\\/2026\\\/01\\\/frente-frio-28-tamaulipas-temperaturas-bajo-cero-scaled.webp\",\"width\":768,\"height\":432},{\"@type\":\"BreadcrumbList\",\"@id\":\"https:\\\/\\\/www.yucatanencorto.com\\\/noticias\\\/frente-frio-28-golpea-a-mexico-alerta-por-heladas-de-15c-y-masa-de-aire-polar\\\/#breadcrumb\",\"itemListElement\":[{\"@type\":\"ListItem\",\"position\":1,\"name\":\"Portada\",\"item\":\"https:\\\/\\\/www.yucatanencorto.com\\\/noticias\\\/\"},{\"@type\":\"ListItem\",\"position\":2,\"name\":\"Frente fr\u00edo 28 golpea a M\u00e9xico: Alerta por heladas de -15\u00b0C y masa de aire polar\"}]},{\"@type\":\"WebSite\",\"@id\":\"https:\\\/\\\/www.yucatanencorto.com\\\/noticias\\\/#website\",\"url\":\"https:\\\/\\\/www.yucatanencorto.com\\\/noticias\\\/\",\"name\":\"Yucat\u00e1n en corto\",\"description\":\"Noticias\",\"potentialAction\":[{\"@type\":\"SearchAction\",\"target\":{\"@type\":\"EntryPoint\",\"urlTemplate\":\"https:\\\/\\\/www.yucatanencorto.com\\\/noticias\\\/?s={search_term_string}\"},\"query-input\":{\"@type\":\"PropertyValueSpecification\",\"valueRequired\":true,\"valueName\":\"search_term_string\"}}],\"inLanguage\":\"es\"},{\"@type\":\"Person\",\"@id\":\"https:\\\/\\\/www.yucatanencorto.com\\\/noticias\\\/#\\\/schema\\\/person\\\/f0ec40c33447bbc0dc2d01d3006de771\",\"name\":\"Yucat\u00e1n en Corto\",\"image\":{\"@type\":\"ImageObject\",\"inLanguage\":\"es\",\"@id\":\"https:\\\/\\\/secure.gravatar.com\\\/avatar\\\/20e0a6b626f38fa8e545fb3f80ce566efd790bf8877e65c3a482460cc3e0b5d1?s=96&d=mm&r=g\",\"url\":\"https:\\\/\\\/secure.gravatar.com\\\/avatar\\\/20e0a6b626f38fa8e545fb3f80ce566efd790bf8877e65c3a482460cc3e0b5d1?s=96&d=mm&r=g\",\"contentUrl\":\"https:\\\/\\\/secure.gravatar.com\\\/avatar\\\/20e0a6b626f38fa8e545fb3f80ce566efd790bf8877e65c3a482460cc3e0b5d1?s=96&d=mm&r=g\",\"caption\":\"Yucat\u00e1n en Corto\"},\"url\":\"https:\\\/\\\/www.yucatanencorto.com\\\/noticias\\\/author\\\/editor25\\\/\"}]}<\/script>\n<!-- \/ Yoast SEO plugin. -->","yoast_head_json":{"title":"Frente fr\u00edo 28 golpea a M\u00e9xico: Alerta por heladas de -15\u00b0C y masa de aire polar - Yucat\u00e1n en corto","robots":{"index":"index","follow":"follow","max-snippet":"max-snippet:-1","max-image-preview":"max-image-preview:large","max-video-preview":"max-video-preview:-1"},"canonical":"https:\/\/www.yucatanencorto.com\/noticias\/frente-frio-28-golpea-a-mexico-alerta-por-heladas-de-15c-y-masa-de-aire-polar\/","og_locale":"es_ES","og_type":"article","og_title":"Frente fr\u00edo 28 golpea a M\u00e9xico: Alerta por heladas de -15\u00b0C y masa de aire polar - Yucat\u00e1n en corto","og_description":"El\u00a0Frente Fr\u00edo n\u00famero 28\u00a0ha ingresado a territorio nacional este mi\u00e9rcoles, impulsado por una\u00a0potente masa de aire polar. Este\u00a0fen\u00f3meno meteorol\u00f3gico\u00a0no solo provocar\u00e1 un\u00a0descenso dr\u00e1stico en los term\u00f3metros, sino que interactuar\u00e1 con un canal de baja presi\u00f3n, generando un escenario complejo de heladas severas, bancos de niebla y precipitaciones en gran parte de\u00a0M\u00e9xico. Seg\u00fan el reporte t\u00e9cnico [&hellip;]","og_url":"https:\/\/www.yucatanencorto.com\/noticias\/frente-frio-28-golpea-a-mexico-alerta-por-heladas-de-15c-y-masa-de-aire-polar\/","og_site_name":"Yucat\u00e1n en corto","article_publisher":"http:\/\/www.facebook.com\/yucatanencorto","article_published_time":"2026-01-14T21:51:00+00:00","og_image":[{"width":768,"height":432,"url":"https:\/\/www.yucatanencorto.com\/noticias\/wp-content\/uploads\/2026\/01\/frente-frio-28-tamaulipas-temperaturas-bajo-cero-scaled.webp","type":"image\/webp"}],"author":"Yucat\u00e1n en Corto","twitter_card":"summary_large_image","twitter_creator":"@yucatanencorto","twitter_site":"@yucatanencorto","twitter_misc":{"Escrito por":"Yucat\u00e1n en Corto","Tiempo de lectura":"2 minutos"},"schema":{"@context":"https:\/\/schema.org","@graph":[{"@type":"Article","@id":"https:\/\/www.yucatanencorto.com\/noticias\/frente-frio-28-golpea-a-mexico-alerta-por-heladas-de-15c-y-masa-de-aire-polar\/#article","isPartOf":{"@id":"https:\/\/www.yucatanencorto.com\/noticias\/frente-frio-28-golpea-a-mexico-alerta-por-heladas-de-15c-y-masa-de-aire-polar\/"},"author":{"name":"Yucat\u00e1n en Corto","@id":"https:\/\/www.yucatanencorto.com\/noticias\/#\/schema\/person\/f0ec40c33447bbc0dc2d01d3006de771"},"headline":"Frente fr\u00edo 28 golpea a M\u00e9xico: Alerta por heladas de -15\u00b0C y masa de aire polar","datePublished":"2026-01-14T21:51:00+00:00","mainEntityOfPage":{"@id":"https:\/\/www.yucatanencorto.com\/noticias\/frente-frio-28-golpea-a-mexico-alerta-por-heladas-de-15c-y-masa-de-aire-polar\/"},"wordCount":368,"image":{"@id":"https:\/\/www.yucatanencorto.com\/noticias\/frente-frio-28-golpea-a-mexico-alerta-por-heladas-de-15c-y-masa-de-aire-polar\/#primaryimage"},"thumbnailUrl":"https:\/\/www.yucatanencorto.com\/noticias\/wp-content\/uploads\/2026\/01\/frente-frio-28-tamaulipas-temperaturas-bajo-cero-scaled.webp","articleSection":["M\u00e9xico"],"inLanguage":"es"},{"@type":"WebPage","@id":"https:\/\/www.yucatanencorto.com\/noticias\/frente-frio-28-golpea-a-mexico-alerta-por-heladas-de-15c-y-masa-de-aire-polar\/","url":"https:\/\/www.yucatanencorto.com\/noticias\/frente-frio-28-golpea-a-mexico-alerta-por-heladas-de-15c-y-masa-de-aire-polar\/","name":"Frente fr\u00edo 28 golpea a M\u00e9xico: Alerta por heladas de -15\u00b0C y masa de aire polar - Yucat\u00e1n en corto","isPartOf":{"@id":"https:\/\/www.yucatanencorto.com\/noticias\/#website"},"primaryImageOfPage":{"@id":"https:\/\/www.yucatanencorto.com\/noticias\/frente-frio-28-golpea-a-mexico-alerta-por-heladas-de-15c-y-masa-de-aire-polar\/#primaryimage"},"image":{"@id":"https:\/\/www.yucatanencorto.com\/noticias\/frente-frio-28-golpea-a-mexico-alerta-por-heladas-de-15c-y-masa-de-aire-polar\/#primaryimage"},"thumbnailUrl":"https:\/\/www.yucatanencorto.com\/noticias\/wp-content\/uploads\/2026\/01\/frente-frio-28-tamaulipas-temperaturas-bajo-cero-scaled.webp","datePublished":"2026-01-14T21:51:00+00:00","author":{"@id":"https:\/\/www.yucatanencorto.com\/noticias\/#\/schema\/person\/f0ec40c33447bbc0dc2d01d3006de771"},"breadcrumb":{"@id":"https:\/\/www.yucatanencorto.com\/noticias\/frente-frio-28-golpea-a-mexico-alerta-por-heladas-de-15c-y-masa-de-aire-polar\/#breadcrumb"},"inLanguage":"es","potentialAction":[{"@type":"ReadAction","target":["https:\/\/www.yucatanencorto.com\/noticias\/frente-frio-28-golpea-a-mexico-alerta-por-heladas-de-15c-y-masa-de-aire-polar\/"]}]},{"@type":"ImageObject","inLanguage":"es","@id":"https:\/\/www.yucatanencorto.com\/noticias\/frente-frio-28-golpea-a-mexico-alerta-por-heladas-de-15c-y-masa-de-aire-polar\/#primaryimage","url":"https:\/\/www.yucatanencorto.com\/noticias\/wp-content\/uploads\/2026\/01\/frente-frio-28-tamaulipas-temperaturas-bajo-cero-scaled.webp","contentUrl":"https:\/\/www.yucatanencorto.com\/noticias\/wp-content\/uploads\/2026\/01\/frente-frio-28-tamaulipas-temperaturas-bajo-cero-scaled.webp","width":768,"height":432},{"@type":"BreadcrumbList","@id":"https:\/\/www.yucatanencorto.com\/noticias\/frente-frio-28-golpea-a-mexico-alerta-por-heladas-de-15c-y-masa-de-aire-polar\/#breadcrumb","itemListElement":[{"@type":"ListItem","position":1,"name":"Portada","item":"https:\/\/www.yucatanencorto.com\/noticias\/"},{"@type":"ListItem","position":2,"name":"Frente fr\u00edo 28 golpea a M\u00e9xico: Alerta por heladas de -15\u00b0C y masa de aire polar"}]},{"@type":"WebSite","@id":"https:\/\/www.yucatanencorto.com\/noticias\/#website","url":"https:\/\/www.yucatanencorto.com\/noticias\/","name":"Yucat\u00e1n en corto","description":"Noticias","potentialAction":[{"@type":"SearchAction","target":{"@type":"EntryPoint","urlTemplate":"https:\/\/www.yucatanencorto.com\/noticias\/?s={search_term_string}"},"query-input":{"@type":"PropertyValueSpecification","valueRequired":true,"valueName":"search_term_string"}}],"inLanguage":"es"},{"@type":"Person","@id":"https:\/\/www.yucatanencorto.com\/noticias\/#\/schema\/person\/f0ec40c33447bbc0dc2d01d3006de771","name":"Yucat\u00e1n en Corto","image":{"@type":"ImageObject","inLanguage":"es","@id":"https:\/\/secure.gravatar.com\/avatar\/20e0a6b626f38fa8e545fb3f80ce566efd790bf8877e65c3a482460cc3e0b5d1?s=96&d=mm&r=g","url":"https:\/\/secure.gravatar.com\/avatar\/20e0a6b626f38fa8e545fb3f80ce566efd790bf8877e65c3a482460cc3e0b5d1?s=96&d=mm&r=g","contentUrl":"https:\/\/secure.gravatar.com\/avatar\/20e0a6b626f38fa8e545fb3f80ce566efd790bf8877e65c3a482460cc3e0b5d1?s=96&d=mm&r=g","caption":"Yucat\u00e1n en Corto"},"url":"https:\/\/www.yucatanencorto.com\/noticias\/author\/editor25\/"}]}},"_links":{"self":[{"href":"https:\/\/www.yucatanencorto.com\/noticias\/wp-json\/wp\/v2\/posts\/116347","targetHints":{"allow":["GET"]}}],"collection":[{"href":"https:\/\/www.yucatanencorto.com\/noticias\/wp-json\/wp\/v2\/posts"}],"about":[{"href":"https:\/\/www.yucatanencorto.com\/noticias\/wp-json\/wp\/v2\/types\/post"}],"author":[{"embeddable":true,"href":"https:\/\/www.yucatanencorto.com\/noticias\/wp-json\/wp\/v2\/users\/4"}],"replies":[{"embeddable":true,"href":"https:\/\/www.yucatanencorto.com\/noticias\/wp-json\/wp\/v2\/comments?post=116347"}],"version-history":[{"count":1,"href":"https:\/\/www.yucatanencorto.com\/noticias\/wp-json\/wp\/v2\/posts\/116347\/revisions"}],"predecessor-version":[{"id":116349,"href":"https:\/\/www.yucatanencorto.com\/noticias\/wp-json\/wp\/v2\/posts\/116347\/revisions\/116349"}],"wp:featuredmedia":[{"embeddable":true,"href":"https:\/\/www.yucatanencorto.com\/noticias\/wp-json\/wp\/v2\/media\/116348"}],"wp:attachment":[{"href":"https:\/\/www.yucatanencorto.com\/noticias\/wp-json\/wp\/v2\/media?parent=116347"}],"wp:term":[{"taxonomy":"category","embeddable":true,"href":"https:\/\/www.yucatanencorto.com\/noticias\/wp-json\/wp\/v2\/categories?post=116347"},{"taxonomy":"post_tag","embeddable":true,"href":"https:\/\/www.yucatanencorto.com\/noticias\/wp-json\/wp\/v2\/tags?post=116347"}],"curies":[{"name":"wp","href":"https:\/\/api.w.org\/{rel}","templated":true}]}}