{"id":116355,"date":"2026-01-19T11:29:13","date_gmt":"2026-01-19T17:29:13","guid":{"rendered":"https:\/\/www.yucatanencorto.com\/noticias\/?p=116355"},"modified":"2026-01-19T11:29:13","modified_gmt":"2026-01-19T17:29:13","slug":"cuba-declara-estado-de-guerra-en-medio-de-tensiones-con-estados-unidos","status":"publish","type":"post","link":"https:\/\/www.yucatanencorto.com\/noticias\/cuba-declara-estado-de-guerra-en-medio-de-tensiones-con-estados-unidos\/","title":{"rendered":"Cuba declara \u201cestado de guerra\u201d en medio de tensiones con Estados Unidos"},"content":{"rendered":"<p data-t=\"{&quot;n&quot;:&quot;blueLinks&quot;,&quot;t&quot;:13,&quot;a&quot;:&quot;click&quot;,&quot;b&quot;:76}\"><img loading=\"lazy\" decoding=\"async\" class=\"alignnone size-full wp-image-116356\" src=\"https:\/\/www.yucatanencorto.com\/noticias\/wp-content\/uploads\/2026\/01\/cuba-evalua-preparacion-militar-en-medio-de-tensiones-con-eu_aadec13d-79ee-473f-a326-e8fa6994310f_medialjnimgndimagefullsize-scaled.webp\" alt=\"\" width=\"768\" height=\"490\" srcset=\"https:\/\/www.yucatanencorto.com\/noticias\/wp-content\/uploads\/2026\/01\/cuba-evalua-preparacion-militar-en-medio-de-tensiones-con-eu_aadec13d-79ee-473f-a326-e8fa6994310f_medialjnimgndimagefullsize-scaled.webp 768w, https:\/\/www.yucatanencorto.com\/noticias\/wp-content\/uploads\/2026\/01\/cuba-evalua-preparacion-militar-en-medio-de-tensiones-con-eu_aadec13d-79ee-473f-a326-e8fa6994310f_medialjnimgndimagefullsize-150x96.webp 150w, https:\/\/www.yucatanencorto.com\/noticias\/wp-content\/uploads\/2026\/01\/cuba-evalua-preparacion-militar-en-medio-de-tensiones-con-eu_aadec13d-79ee-473f-a326-e8fa6994310f_medialjnimgndimagefullsize-300x192.webp 300w, https:\/\/www.yucatanencorto.com\/noticias\/wp-content\/uploads\/2026\/01\/cuba-evalua-preparacion-militar-en-medio-de-tensiones-con-eu_aadec13d-79ee-473f-a326-e8fa6994310f_medialjnimgndimagefullsize-696x444.webp 696w, https:\/\/www.yucatanencorto.com\/noticias\/wp-content\/uploads\/2026\/01\/cuba-evalua-preparacion-militar-en-medio-de-tensiones-con-eu_aadec13d-79ee-473f-a326-e8fa6994310f_medialjnimgndimagefullsize-1068x682.webp 1068w\" sizes=\"auto, (max-width: 768px) 100vw, 768px\" \/><\/p>\n<p data-t=\"{&quot;n&quot;:&quot;blueLinks&quot;,&quot;t&quot;:13,&quot;a&quot;:&quot;click&quot;,&quot;b&quot;:76}\">El gobierno de\u00a0Cuba\u00a0dio un paso significativo en su estrategia de defensa luego de que el\u00a0Consejo de Defensa Nacional\u00a0aprobara un conjunto de\u00a0planes y medidas orientadas a un escenario de \u201cestado de guerra\u201d, de acuerdo con reportes de medios estatales difundidos este domingo.<\/p>\n<div class=\"intra-article-module\" data-t=\"{&quot;n&quot;:&quot;intraArticle&quot;,&quot;t&quot;:13}\"><\/div>\n<p data-t=\"{&quot;n&quot;:&quot;blueLinks&quot;,&quot;t&quot;:13,&quot;a&quot;:&quot;click&quot;,&quot;b&quot;:76}\">La decisi\u00f3n se produce en un\u00a0contexto de fuerte confrontaci\u00f3n con Estados Unidos, derivada de los recientes ataques de Washington contra Venezuela, una ofensiva que, seg\u00fan versiones oficiales, culmin\u00f3 con la\u00a0captura del presidente venezolano Nicol\u00e1s Maduro, hecho que ha elevado la tensi\u00f3n pol\u00edtica y militar en la regi\u00f3n.<\/p>\n<p data-t=\"{&quot;n&quot;:&quot;blueLinks&quot;,&quot;t&quot;:13,&quot;a&quot;:&quot;click&quot;,&quot;b&quot;:76}\">De acuerdo con la informaci\u00f3n difundida por la prensa cubana, las medidas aprobadas\u00a0no fueron detalladas p\u00fablicamente, aunque se indic\u00f3 que se apoyan en el concepto de la\u00a0\u201cguerra de todo el pueblo\u201d, una doctrina defensiva dise\u00f1ada para enfrentar posibles agresiones externas.<\/p>\n<p data-t=\"{&quot;n&quot;:&quot;blueLinks&quot;,&quot;t&quot;:13,&quot;a&quot;:&quot;click&quot;,&quot;b&quot;:76}\">Esta estrategia fue impulsada originalmente en la d\u00e9cada de los ochenta durante el gobierno de\u00a0Fidel Castro\u00a0y se basa en la\u00a0movilizaci\u00f3n general de la poblaci\u00f3n, as\u00ed como en la articulaci\u00f3n de fuerzas militares y civiles para responder ante un conflicto armado.<\/p>\n<div class=\"intra-article-module\" data-t=\"{&quot;n&quot;:&quot;intraArticle&quot;,&quot;t&quot;:13}\"><\/div>\n<h3 class=\"article-sub-heading\">Reuni\u00f3n clave del Consejo de Defensa Nacional<\/h3>\n<p data-t=\"{&quot;n&quot;:&quot;blueLinks&quot;,&quot;t&quot;:13,&quot;a&quot;:&quot;click&quot;,&quot;b&quot;:76}\">Los medios oficiales se\u00f1alaron que los planes fueron avalados el\u00a0s\u00e1bado, durante una reuni\u00f3n del Consejo de Defensa Nacional, organismo que asume el control del pa\u00eds en casos de\u00a0emergencias, desastres naturales o conflictos armados. El encuentro form\u00f3 parte de las actividades programadas por el\u00a0D\u00eda de la Defensa, con el objetivo de fortalecer la preparaci\u00f3n y coordinaci\u00f3n de las estructuras de mando.<\/p>\n<p>&nbsp;<\/p>\n<p class=\"continue-read-break\" data-t=\"{&quot;n&quot;:&quot;blueLinks&quot;,&quot;t&quot;:13,&quot;a&quot;:&quot;click&quot;,&quot;b&quot;:76}\">Durante la sesi\u00f3n, el expresidente\u00a0Ra\u00fal Castro, de 94 a\u00f1os, se mantuvo informado sobre el desarrollo de las actividades y calific\u00f3 el encuentro como\u00a0positivo y eficiente, seg\u00fan los reportes difundidos por la prensa estatal.<\/p>\n<p data-t=\"{&quot;n&quot;:&quot;blueLinks&quot;,&quot;t&quot;:13,&quot;a&quot;:&quot;click&quot;,&quot;b&quot;:76}\">El actual mandatario,\u00a0Miguel D\u00edaz-Canel, quien tambi\u00e9n preside el Consejo de Defensa Nacional, encabez\u00f3 los trabajos y ha sido una de las voces m\u00e1s firmes en el endurecimiento del discurso frente a Washington.<\/p>\n<h3 class=\"article-sub-heading\">Ejercicios militares y mensaje pol\u00edtico<\/h3>\n<p data-t=\"{&quot;n&quot;:&quot;blueLinks&quot;,&quot;t&quot;:13,&quot;a&quot;:&quot;click&quot;,&quot;b&quot;:76}\">Este fue el\u00a0segundo s\u00e1bado consecutivo\u00a0dedicado a ejercicios de defensa en la isla desde la operaci\u00f3n militar estadounidense del\u00a03 de enero. Las actividades han incluido\u00a0simulacros de emboscadas, entrenamiento en colocaci\u00f3n de minas, protecci\u00f3n a la poblaci\u00f3n civil, as\u00ed como formaci\u00f3n en \u00e1reas como sanidad militar, manejo de armamento y t\u00e9cnicas de camuflaje.<\/p>\n<div class=\"intra-article-module\" data-t=\"{&quot;n&quot;:&quot;intraArticle&quot;,&quot;t&quot;:13}\"><\/div>\n<p data-t=\"{&quot;n&quot;:&quot;blueLinks&quot;,&quot;t&quot;:13,&quot;a&quot;:&quot;click&quot;,&quot;b&quot;:76}\">En el ataque estadounidense a Caracas,\u00a032 militares cubanos perdieron la vida, cuyos restos fueron repatriados recientemente a la isla, donde recibieron\u00a0homenajes oficiales. Estos actos han sido utilizados por el gobierno cubano para reforzar su narrativa de resistencia.<\/p>\n<p data-t=\"{&quot;n&quot;:&quot;blueLinks&quot;,&quot;t&quot;:13,&quot;a&quot;:&quot;click&quot;,&quot;b&quot;:76}\">Durante uno de los homenajes, D\u00edaz-Canel afirm\u00f3 que\u00a0\u201cno hay rendici\u00f3n ni claudicaci\u00f3n posible\u201d\u00a0frente a una eventual agresi\u00f3n externa y subray\u00f3 que Cuba no har\u00e1 concesiones pol\u00edticas como condici\u00f3n para un entendimiento con Estados Unidos.<\/p>\n<p data-t=\"{&quot;n&quot;:&quot;blueLinks&quot;,&quot;t&quot;:13,&quot;a&quot;:&quot;click&quot;,&quot;b&quot;:76}\">En ese contexto, el mandatario apareci\u00f3 portando el\u00a0uniforme verde olivo\u00a0como jefe del Consejo de Defensa Nacional, una indumentaria que, seg\u00fan la legislaci\u00f3n cubana, est\u00e1 reservada para\u00a0estados de guerra, emergencia o movilizaci\u00f3n general, reforzando el mensaje simb\u00f3lico de preparaci\u00f3n ante un escenario de confrontaci\u00f3n.<\/p>\n","protected":false},"excerpt":{"rendered":"<p>El gobierno de\u00a0Cuba\u00a0dio un paso significativo en su estrategia de defensa luego de que el\u00a0Consejo de Defensa Nacional\u00a0aprobara un conjunto de\u00a0planes y medidas orientadas a un escenario de \u201cestado de guerra\u201d, de acuerdo con reportes de medios estatales difundidos este domingo. La decisi\u00f3n se produce en un\u00a0contexto de fuerte confrontaci\u00f3n con Estados Unidos, derivada de [&hellip;]<\/p>\n","protected":false},"author":4,"featured_media":116356,"comment_status":"closed","ping_status":"closed","sticky":false,"template":"","format":"standard","meta":{"footnotes":""},"categories":[5],"tags":[],"class_list":{"0":"post-116355","1":"post","2":"type-post","3":"status-publish","4":"format-standard","5":"has-post-thumbnail","7":"category-internacional"},"yoast_head":"<!-- This site is optimized with the Yoast SEO plugin v27.4 - https:\/\/yoast.com\/product\/yoast-seo-wordpress\/ -->\n<title>Cuba declara \u201cestado de guerra\u201d en medio de tensiones con Estados Unidos - Yucat\u00e1n en corto<\/title>\n<meta name=\"robots\" content=\"index, follow, max-snippet:-1, max-image-preview:large, max-video-preview:-1\" \/>\n<link rel=\"canonical\" href=\"https:\/\/www.yucatanencorto.com\/noticias\/cuba-declara-estado-de-guerra-en-medio-de-tensiones-con-estados-unidos\/\" \/>\n<meta property=\"og:locale\" content=\"es_ES\" \/>\n<meta property=\"og:type\" content=\"article\" \/>\n<meta property=\"og:title\" content=\"Cuba declara \u201cestado de guerra\u201d en medio de tensiones con Estados Unidos - Yucat\u00e1n en corto\" \/>\n<meta property=\"og:description\" content=\"El gobierno de\u00a0Cuba\u00a0dio un paso significativo en su estrategia de defensa luego de que el\u00a0Consejo de Defensa Nacional\u00a0aprobara un conjunto de\u00a0planes y medidas orientadas a un escenario de \u201cestado de guerra\u201d, de acuerdo con reportes de medios estatales difundidos este domingo. La decisi\u00f3n se produce en un\u00a0contexto de fuerte confrontaci\u00f3n con Estados Unidos, derivada de [&hellip;]\" \/>\n<meta property=\"og:url\" content=\"https:\/\/www.yucatanencorto.com\/noticias\/cuba-declara-estado-de-guerra-en-medio-de-tensiones-con-estados-unidos\/\" \/>\n<meta property=\"og:site_name\" content=\"Yucat\u00e1n en corto\" \/>\n<meta property=\"article:publisher\" content=\"http:\/\/www.facebook.com\/yucatanencorto\" \/>\n<meta property=\"article:published_time\" content=\"2026-01-19T17:29:13+00:00\" \/>\n<meta property=\"og:image\" content=\"https:\/\/www.yucatanencorto.com\/noticias\/wp-content\/uploads\/2026\/01\/cuba-evalua-preparacion-militar-en-medio-de-tensiones-con-eu_aadec13d-79ee-473f-a326-e8fa6994310f_medialjnimgndimagefullsize-scaled.webp\" \/>\n\t<meta property=\"og:image:width\" content=\"768\" \/>\n\t<meta property=\"og:image:height\" content=\"490\" \/>\n\t<meta property=\"og:image:type\" content=\"image\/webp\" \/>\n<meta name=\"author\" content=\"Yucat\u00e1n en Corto\" \/>\n<meta name=\"twitter:card\" content=\"summary_large_image\" \/>\n<meta name=\"twitter:creator\" content=\"@yucatanencorto\" \/>\n<meta name=\"twitter:site\" content=\"@yucatanencorto\" \/>\n<meta name=\"twitter:label1\" content=\"Escrito por\" \/>\n\t<meta name=\"twitter:data1\" content=\"Yucat\u00e1n en Corto\" \/>\n\t<meta name=\"twitter:label2\" content=\"Tiempo de lectura\" \/>\n\t<meta name=\"twitter:data2\" content=\"3 minutos\" \/>\n<script type=\"application\/ld+json\" class=\"yoast-schema-graph\">{\"@context\":\"https:\\\/\\\/schema.org\",\"@graph\":[{\"@type\":\"Article\",\"@id\":\"https:\\\/\\\/www.yucatanencorto.com\\\/noticias\\\/cuba-declara-estado-de-guerra-en-medio-de-tensiones-con-estados-unidos\\\/#article\",\"isPartOf\":{\"@id\":\"https:\\\/\\\/www.yucatanencorto.com\\\/noticias\\\/cuba-declara-estado-de-guerra-en-medio-de-tensiones-con-estados-unidos\\\/\"},\"author\":{\"name\":\"Yucat\u00e1n en Corto\",\"@id\":\"https:\\\/\\\/www.yucatanencorto.com\\\/noticias\\\/#\\\/schema\\\/person\\\/f0ec40c33447bbc0dc2d01d3006de771\"},\"headline\":\"Cuba declara \u201cestado de guerra\u201d en medio de tensiones con Estados Unidos\",\"datePublished\":\"2026-01-19T17:29:13+00:00\",\"mainEntityOfPage\":{\"@id\":\"https:\\\/\\\/www.yucatanencorto.com\\\/noticias\\\/cuba-declara-estado-de-guerra-en-medio-de-tensiones-con-estados-unidos\\\/\"},\"wordCount\":558,\"image\":{\"@id\":\"https:\\\/\\\/www.yucatanencorto.com\\\/noticias\\\/cuba-declara-estado-de-guerra-en-medio-de-tensiones-con-estados-unidos\\\/#primaryimage\"},\"thumbnailUrl\":\"https:\\\/\\\/www.yucatanencorto.com\\\/noticias\\\/wp-content\\\/uploads\\\/2026\\\/01\\\/cuba-evalua-preparacion-militar-en-medio-de-tensiones-con-eu_aadec13d-79ee-473f-a326-e8fa6994310f_medialjnimgndimagefullsize-scaled.webp\",\"articleSection\":[\"Internacional\"],\"inLanguage\":\"es\"},{\"@type\":\"WebPage\",\"@id\":\"https:\\\/\\\/www.yucatanencorto.com\\\/noticias\\\/cuba-declara-estado-de-guerra-en-medio-de-tensiones-con-estados-unidos\\\/\",\"url\":\"https:\\\/\\\/www.yucatanencorto.com\\\/noticias\\\/cuba-declara-estado-de-guerra-en-medio-de-tensiones-con-estados-unidos\\\/\",\"name\":\"Cuba declara \u201cestado de guerra\u201d en medio de tensiones con Estados Unidos - Yucat\u00e1n en corto\",\"isPartOf\":{\"@id\":\"https:\\\/\\\/www.yucatanencorto.com\\\/noticias\\\/#website\"},\"primaryImageOfPage\":{\"@id\":\"https:\\\/\\\/www.yucatanencorto.com\\\/noticias\\\/cuba-declara-estado-de-guerra-en-medio-de-tensiones-con-estados-unidos\\\/#primaryimage\"},\"image\":{\"@id\":\"https:\\\/\\\/www.yucatanencorto.com\\\/noticias\\\/cuba-declara-estado-de-guerra-en-medio-de-tensiones-con-estados-unidos\\\/#primaryimage\"},\"thumbnailUrl\":\"https:\\\/\\\/www.yucatanencorto.com\\\/noticias\\\/wp-content\\\/uploads\\\/2026\\\/01\\\/cuba-evalua-preparacion-militar-en-medio-de-tensiones-con-eu_aadec13d-79ee-473f-a326-e8fa6994310f_medialjnimgndimagefullsize-scaled.webp\",\"datePublished\":\"2026-01-19T17:29:13+00:00\",\"author\":{\"@id\":\"https:\\\/\\\/www.yucatanencorto.com\\\/noticias\\\/#\\\/schema\\\/person\\\/f0ec40c33447bbc0dc2d01d3006de771\"},\"breadcrumb\":{\"@id\":\"https:\\\/\\\/www.yucatanencorto.com\\\/noticias\\\/cuba-declara-estado-de-guerra-en-medio-de-tensiones-con-estados-unidos\\\/#breadcrumb\"},\"inLanguage\":\"es\",\"potentialAction\":[{\"@type\":\"ReadAction\",\"target\":[\"https:\\\/\\\/www.yucatanencorto.com\\\/noticias\\\/cuba-declara-estado-de-guerra-en-medio-de-tensiones-con-estados-unidos\\\/\"]}]},{\"@type\":\"ImageObject\",\"inLanguage\":\"es\",\"@id\":\"https:\\\/\\\/www.yucatanencorto.com\\\/noticias\\\/cuba-declara-estado-de-guerra-en-medio-de-tensiones-con-estados-unidos\\\/#primaryimage\",\"url\":\"https:\\\/\\\/www.yucatanencorto.com\\\/noticias\\\/wp-content\\\/uploads\\\/2026\\\/01\\\/cuba-evalua-preparacion-militar-en-medio-de-tensiones-con-eu_aadec13d-79ee-473f-a326-e8fa6994310f_medialjnimgndimagefullsize-scaled.webp\",\"contentUrl\":\"https:\\\/\\\/www.yucatanencorto.com\\\/noticias\\\/wp-content\\\/uploads\\\/2026\\\/01\\\/cuba-evalua-preparacion-militar-en-medio-de-tensiones-con-eu_aadec13d-79ee-473f-a326-e8fa6994310f_medialjnimgndimagefullsize-scaled.webp\",\"width\":768,\"height\":490},{\"@type\":\"BreadcrumbList\",\"@id\":\"https:\\\/\\\/www.yucatanencorto.com\\\/noticias\\\/cuba-declara-estado-de-guerra-en-medio-de-tensiones-con-estados-unidos\\\/#breadcrumb\",\"itemListElement\":[{\"@type\":\"ListItem\",\"position\":1,\"name\":\"Portada\",\"item\":\"https:\\\/\\\/www.yucatanencorto.com\\\/noticias\\\/\"},{\"@type\":\"ListItem\",\"position\":2,\"name\":\"Cuba declara \u201cestado de guerra\u201d en medio de tensiones con Estados Unidos\"}]},{\"@type\":\"WebSite\",\"@id\":\"https:\\\/\\\/www.yucatanencorto.com\\\/noticias\\\/#website\",\"url\":\"https:\\\/\\\/www.yucatanencorto.com\\\/noticias\\\/\",\"name\":\"Yucat\u00e1n en corto\",\"description\":\"Noticias\",\"potentialAction\":[{\"@type\":\"SearchAction\",\"target\":{\"@type\":\"EntryPoint\",\"urlTemplate\":\"https:\\\/\\\/www.yucatanencorto.com\\\/noticias\\\/?s={search_term_string}\"},\"query-input\":{\"@type\":\"PropertyValueSpecification\",\"valueRequired\":true,\"valueName\":\"search_term_string\"}}],\"inLanguage\":\"es\"},{\"@type\":\"Person\",\"@id\":\"https:\\\/\\\/www.yucatanencorto.com\\\/noticias\\\/#\\\/schema\\\/person\\\/f0ec40c33447bbc0dc2d01d3006de771\",\"name\":\"Yucat\u00e1n en Corto\",\"image\":{\"@type\":\"ImageObject\",\"inLanguage\":\"es\",\"@id\":\"https:\\\/\\\/secure.gravatar.com\\\/avatar\\\/20e0a6b626f38fa8e545fb3f80ce566efd790bf8877e65c3a482460cc3e0b5d1?s=96&d=mm&r=g\",\"url\":\"https:\\\/\\\/secure.gravatar.com\\\/avatar\\\/20e0a6b626f38fa8e545fb3f80ce566efd790bf8877e65c3a482460cc3e0b5d1?s=96&d=mm&r=g\",\"contentUrl\":\"https:\\\/\\\/secure.gravatar.com\\\/avatar\\\/20e0a6b626f38fa8e545fb3f80ce566efd790bf8877e65c3a482460cc3e0b5d1?s=96&d=mm&r=g\",\"caption\":\"Yucat\u00e1n en Corto\"},\"url\":\"https:\\\/\\\/www.yucatanencorto.com\\\/noticias\\\/author\\\/editor25\\\/\"}]}<\/script>\n<!-- \/ Yoast SEO plugin. -->","yoast_head_json":{"title":"Cuba declara \u201cestado de guerra\u201d en medio de tensiones con Estados Unidos - Yucat\u00e1n en corto","robots":{"index":"index","follow":"follow","max-snippet":"max-snippet:-1","max-image-preview":"max-image-preview:large","max-video-preview":"max-video-preview:-1"},"canonical":"https:\/\/www.yucatanencorto.com\/noticias\/cuba-declara-estado-de-guerra-en-medio-de-tensiones-con-estados-unidos\/","og_locale":"es_ES","og_type":"article","og_title":"Cuba declara \u201cestado de guerra\u201d en medio de tensiones con Estados Unidos - Yucat\u00e1n en corto","og_description":"El gobierno de\u00a0Cuba\u00a0dio un paso significativo en su estrategia de defensa luego de que el\u00a0Consejo de Defensa Nacional\u00a0aprobara un conjunto de\u00a0planes y medidas orientadas a un escenario de \u201cestado de guerra\u201d, de acuerdo con reportes de medios estatales difundidos este domingo. La decisi\u00f3n se produce en un\u00a0contexto de fuerte confrontaci\u00f3n con Estados Unidos, derivada de [&hellip;]","og_url":"https:\/\/www.yucatanencorto.com\/noticias\/cuba-declara-estado-de-guerra-en-medio-de-tensiones-con-estados-unidos\/","og_site_name":"Yucat\u00e1n en corto","article_publisher":"http:\/\/www.facebook.com\/yucatanencorto","article_published_time":"2026-01-19T17:29:13+00:00","og_image":[{"width":768,"height":490,"url":"https:\/\/www.yucatanencorto.com\/noticias\/wp-content\/uploads\/2026\/01\/cuba-evalua-preparacion-militar-en-medio-de-tensiones-con-eu_aadec13d-79ee-473f-a326-e8fa6994310f_medialjnimgndimagefullsize-scaled.webp","type":"image\/webp"}],"author":"Yucat\u00e1n en Corto","twitter_card":"summary_large_image","twitter_creator":"@yucatanencorto","twitter_site":"@yucatanencorto","twitter_misc":{"Escrito por":"Yucat\u00e1n en Corto","Tiempo de lectura":"3 minutos"},"schema":{"@context":"https:\/\/schema.org","@graph":[{"@type":"Article","@id":"https:\/\/www.yucatanencorto.com\/noticias\/cuba-declara-estado-de-guerra-en-medio-de-tensiones-con-estados-unidos\/#article","isPartOf":{"@id":"https:\/\/www.yucatanencorto.com\/noticias\/cuba-declara-estado-de-guerra-en-medio-de-tensiones-con-estados-unidos\/"},"author":{"name":"Yucat\u00e1n en Corto","@id":"https:\/\/www.yucatanencorto.com\/noticias\/#\/schema\/person\/f0ec40c33447bbc0dc2d01d3006de771"},"headline":"Cuba declara \u201cestado de guerra\u201d en medio de tensiones con Estados Unidos","datePublished":"2026-01-19T17:29:13+00:00","mainEntityOfPage":{"@id":"https:\/\/www.yucatanencorto.com\/noticias\/cuba-declara-estado-de-guerra-en-medio-de-tensiones-con-estados-unidos\/"},"wordCount":558,"image":{"@id":"https:\/\/www.yucatanencorto.com\/noticias\/cuba-declara-estado-de-guerra-en-medio-de-tensiones-con-estados-unidos\/#primaryimage"},"thumbnailUrl":"https:\/\/www.yucatanencorto.com\/noticias\/wp-content\/uploads\/2026\/01\/cuba-evalua-preparacion-militar-en-medio-de-tensiones-con-eu_aadec13d-79ee-473f-a326-e8fa6994310f_medialjnimgndimagefullsize-scaled.webp","articleSection":["Internacional"],"inLanguage":"es"},{"@type":"WebPage","@id":"https:\/\/www.yucatanencorto.com\/noticias\/cuba-declara-estado-de-guerra-en-medio-de-tensiones-con-estados-unidos\/","url":"https:\/\/www.yucatanencorto.com\/noticias\/cuba-declara-estado-de-guerra-en-medio-de-tensiones-con-estados-unidos\/","name":"Cuba declara \u201cestado de guerra\u201d en medio de tensiones con Estados Unidos - Yucat\u00e1n en corto","isPartOf":{"@id":"https:\/\/www.yucatanencorto.com\/noticias\/#website"},"primaryImageOfPage":{"@id":"https:\/\/www.yucatanencorto.com\/noticias\/cuba-declara-estado-de-guerra-en-medio-de-tensiones-con-estados-unidos\/#primaryimage"},"image":{"@id":"https:\/\/www.yucatanencorto.com\/noticias\/cuba-declara-estado-de-guerra-en-medio-de-tensiones-con-estados-unidos\/#primaryimage"},"thumbnailUrl":"https:\/\/www.yucatanencorto.com\/noticias\/wp-content\/uploads\/2026\/01\/cuba-evalua-preparacion-militar-en-medio-de-tensiones-con-eu_aadec13d-79ee-473f-a326-e8fa6994310f_medialjnimgndimagefullsize-scaled.webp","datePublished":"2026-01-19T17:29:13+00:00","author":{"@id":"https:\/\/www.yucatanencorto.com\/noticias\/#\/schema\/person\/f0ec40c33447bbc0dc2d01d3006de771"},"breadcrumb":{"@id":"https:\/\/www.yucatanencorto.com\/noticias\/cuba-declara-estado-de-guerra-en-medio-de-tensiones-con-estados-unidos\/#breadcrumb"},"inLanguage":"es","potentialAction":[{"@type":"ReadAction","target":["https:\/\/www.yucatanencorto.com\/noticias\/cuba-declara-estado-de-guerra-en-medio-de-tensiones-con-estados-unidos\/"]}]},{"@type":"ImageObject","inLanguage":"es","@id":"https:\/\/www.yucatanencorto.com\/noticias\/cuba-declara-estado-de-guerra-en-medio-de-tensiones-con-estados-unidos\/#primaryimage","url":"https:\/\/www.yucatanencorto.com\/noticias\/wp-content\/uploads\/2026\/01\/cuba-evalua-preparacion-militar-en-medio-de-tensiones-con-eu_aadec13d-79ee-473f-a326-e8fa6994310f_medialjnimgndimagefullsize-scaled.webp","contentUrl":"https:\/\/www.yucatanencorto.com\/noticias\/wp-content\/uploads\/2026\/01\/cuba-evalua-preparacion-militar-en-medio-de-tensiones-con-eu_aadec13d-79ee-473f-a326-e8fa6994310f_medialjnimgndimagefullsize-scaled.webp","width":768,"height":490},{"@type":"BreadcrumbList","@id":"https:\/\/www.yucatanencorto.com\/noticias\/cuba-declara-estado-de-guerra-en-medio-de-tensiones-con-estados-unidos\/#breadcrumb","itemListElement":[{"@type":"ListItem","position":1,"name":"Portada","item":"https:\/\/www.yucatanencorto.com\/noticias\/"},{"@type":"ListItem","position":2,"name":"Cuba declara \u201cestado de guerra\u201d en medio de tensiones con Estados Unidos"}]},{"@type":"WebSite","@id":"https:\/\/www.yucatanencorto.com\/noticias\/#website","url":"https:\/\/www.yucatanencorto.com\/noticias\/","name":"Yucat\u00e1n en corto","description":"Noticias","potentialAction":[{"@type":"SearchAction","target":{"@type":"EntryPoint","urlTemplate":"https:\/\/www.yucatanencorto.com\/noticias\/?s={search_term_string}"},"query-input":{"@type":"PropertyValueSpecification","valueRequired":true,"valueName":"search_term_string"}}],"inLanguage":"es"},{"@type":"Person","@id":"https:\/\/www.yucatanencorto.com\/noticias\/#\/schema\/person\/f0ec40c33447bbc0dc2d01d3006de771","name":"Yucat\u00e1n en Corto","image":{"@type":"ImageObject","inLanguage":"es","@id":"https:\/\/secure.gravatar.com\/avatar\/20e0a6b626f38fa8e545fb3f80ce566efd790bf8877e65c3a482460cc3e0b5d1?s=96&d=mm&r=g","url":"https:\/\/secure.gravatar.com\/avatar\/20e0a6b626f38fa8e545fb3f80ce566efd790bf8877e65c3a482460cc3e0b5d1?s=96&d=mm&r=g","contentUrl":"https:\/\/secure.gravatar.com\/avatar\/20e0a6b626f38fa8e545fb3f80ce566efd790bf8877e65c3a482460cc3e0b5d1?s=96&d=mm&r=g","caption":"Yucat\u00e1n en Corto"},"url":"https:\/\/www.yucatanencorto.com\/noticias\/author\/editor25\/"}]}},"_links":{"self":[{"href":"https:\/\/www.yucatanencorto.com\/noticias\/wp-json\/wp\/v2\/posts\/116355","targetHints":{"allow":["GET"]}}],"collection":[{"href":"https:\/\/www.yucatanencorto.com\/noticias\/wp-json\/wp\/v2\/posts"}],"about":[{"href":"https:\/\/www.yucatanencorto.com\/noticias\/wp-json\/wp\/v2\/types\/post"}],"author":[{"embeddable":true,"href":"https:\/\/www.yucatanencorto.com\/noticias\/wp-json\/wp\/v2\/users\/4"}],"replies":[{"embeddable":true,"href":"https:\/\/www.yucatanencorto.com\/noticias\/wp-json\/wp\/v2\/comments?post=116355"}],"version-history":[{"count":1,"href":"https:\/\/www.yucatanencorto.com\/noticias\/wp-json\/wp\/v2\/posts\/116355\/revisions"}],"predecessor-version":[{"id":116357,"href":"https:\/\/www.yucatanencorto.com\/noticias\/wp-json\/wp\/v2\/posts\/116355\/revisions\/116357"}],"wp:featuredmedia":[{"embeddable":true,"href":"https:\/\/www.yucatanencorto.com\/noticias\/wp-json\/wp\/v2\/media\/116356"}],"wp:attachment":[{"href":"https:\/\/www.yucatanencorto.com\/noticias\/wp-json\/wp\/v2\/media?parent=116355"}],"wp:term":[{"taxonomy":"category","embeddable":true,"href":"https:\/\/www.yucatanencorto.com\/noticias\/wp-json\/wp\/v2\/categories?post=116355"},{"taxonomy":"post_tag","embeddable":true,"href":"https:\/\/www.yucatanencorto.com\/noticias\/wp-json\/wp\/v2\/tags?post=116355"}],"curies":[{"name":"wp","href":"https:\/\/api.w.org\/{rel}","templated":true}]}}