{"id":116358,"date":"2026-01-19T11:48:28","date_gmt":"2026-01-19T17:48:28","guid":{"rendered":"https:\/\/www.yucatanencorto.com\/noticias\/?p=116358"},"modified":"2026-01-19T11:48:28","modified_gmt":"2026-01-19T17:48:28","slug":"sheinbaum-a-tabe-no-tiene-atribuciones-para-expulsar-embajadas-llamar-la-atencion","status":"publish","type":"post","link":"https:\/\/www.yucatanencorto.com\/noticias\/sheinbaum-a-tabe-no-tiene-atribuciones-para-expulsar-embajadas-llamar-la-atencion\/","title":{"rendered":"Sheinbaum a Tabe: \u201cNo tiene atribuciones para expulsar embajadas, llamar la atenci\u00f3n\u201d"},"content":{"rendered":"<figure id=\"attachment_116359\" aria-describedby=\"caption-attachment-116359\" style=\"width: 612px\" class=\"wp-caption alignnone\"><img loading=\"lazy\" decoding=\"async\" class=\"size-full wp-image-116359\" src=\"https:\/\/www.yucatanencorto.com\/noticias\/wp-content\/uploads\/2026\/01\/gettyimages-2155816042-612x612-2.jpg\" alt=\"\" width=\"612\" height=\"408\" srcset=\"https:\/\/www.yucatanencorto.com\/noticias\/wp-content\/uploads\/2026\/01\/gettyimages-2155816042-612x612-2.jpg 612w, https:\/\/www.yucatanencorto.com\/noticias\/wp-content\/uploads\/2026\/01\/gettyimages-2155816042-612x612-2-150x100.jpg 150w, https:\/\/www.yucatanencorto.com\/noticias\/wp-content\/uploads\/2026\/01\/gettyimages-2155816042-612x612-2-300x200.jpg 300w\" sizes=\"auto, (max-width: 612px) 100vw, 612px\" \/><figcaption id=\"caption-attachment-116359\" class=\"wp-caption-text\">MEXICO CITY, MEXICO &#8211; JUNE 03: Presidential candidate Claudia Sheinbaum of \u00bbSigamos Haciendo Historia\u00bb coalition waves at supporters after the first results released by the election authorities show that she leads the polls by wide margin after the presidential election at Zocalo Square on June 03, 2024 in Mexico City, Mexico. According to the Instituto Nacional Electoral (INE) over 100 million people were allowed to vote on the 2024 Presidential Election in Mexico. Claudia Sheinbaum of &#8216;Sigamos Haciendo Historia&#8217; coalition will become the first woman president of Mexico. (Photo by Manuel Velasquez\/Getty Images)<\/figcaption><\/figure>\n<p data-t=\"{&quot;n&quot;:&quot;blueLinks&quot;,&quot;t&quot;:13,&quot;a&quot;:&quot;click&quot;,&quot;b&quot;:76}\">La presidenta de M\u00e9xico,\u00a0Claudia Sheinbaum Pardo, asegur\u00f3 que\u00a0Mauricio Tabe Echarrtea, alcalde de Miguel Hidalgo, no tiene atribuciones para expulsar a las embajadas de\u00a0Venezuela,\u00a0Cuba\u00a0y\u00a0Nicaragua\u00a0de la demarcaci\u00f3n, por ello resalt\u00f3 que el panista solo \u201cquiere llamar la atenci\u00f3n\u201d.<\/p>\n<div class=\"intra-article-module\" data-t=\"{&quot;n&quot;:&quot;intraArticle&quot;,&quot;t&quot;:13}\"><\/div>\n<p data-t=\"{&quot;n&quot;:&quot;blueLinks&quot;,&quot;t&quot;:13,&quot;a&quot;:&quot;click&quot;,&quot;b&quot;:76}\">Durante su conferencia \u201cMa\u00f1anera\u201d de este lunes, la mandataria fue cuestionada sobre el tema y enfatiz\u00f3 que la relaci\u00f3n formal de una embajada con el pa\u00eds, por ello insisti\u00f3 que el edil carece de atribuciones para decidir qu\u00e9 sedes diplom\u00e1ticas pueden estar en la Ciudad de M\u00e9xico.<\/p>\n<p class=\"continue-read-break\" data-t=\"{&quot;n&quot;:&quot;blueLinks&quot;,&quot;t&quot;:13,&quot;a&quot;:&quot;click&quot;,&quot;b&quot;:76}\"><i>\u201cYo creo que quiere llamar la atenci\u00f3n. No tiene atribuciones, no definen ellos la pol\u00edtica exterior, es una actitud muy conservadora\u201d,\u00a0<\/i>expres\u00f3 Sheinbaum.<\/p>\n<p data-t=\"{&quot;n&quot;:&quot;blueLinks&quot;,&quot;t&quot;:13,&quot;a&quot;:&quot;click&quot;,&quot;b&quot;:76}\">Asimismo, la presidenta Sheinbaum llam\u00f3 al alcalde de Miguel Hidalgo, Mauricio Tabe, a dedicarse a gobernar su demarcaci\u00f3n, ya que con sus dichos recientes solo quiere que \u201ctodo mundo hable de eso\u201d, dijo.<\/p>\n<p data-t=\"{&quot;n&quot;:&quot;blueLinks&quot;,&quot;t&quot;:13,&quot;a&quot;:&quot;click&quot;,&quot;b&quot;:76}\"><i>\u201cLa relaci\u00f3n formal es con los gobiernos, la relaci\u00f3n es con los pueblos. Quiere llamar la atenci\u00f3n, yo creo que estar\u00eda bueno que se dedicara a su tema. No puede expulsar embajadas\u201d,<\/i>\u00a0acot\u00f3.<\/p>\n<h2 class=\"article-sub-heading\">\u00bfPor qu\u00e9 Mauricio Tabe quiere expulsar las embajadas de Venezuela y Cuba?<\/h2>\n<p class=\"\" data-t=\"{&quot;n&quot;:&quot;blueLinks&quot;,&quot;t&quot;:13,&quot;a&quot;:&quot;click&quot;,&quot;b&quot;:76}\">Hace unos d\u00edas, el alcalde de Miguel Hidalgo,\u00a0Mauricio Tabe Echartea, anunci\u00f3 que pedir\u00eda a la Secretar\u00eda de Relaciones Exteriores (SRE) expulsar de la demarcaci\u00f3n las embajadas de Venezuela, Cuba y Nicaragua, ya que estos pa\u00edses viven en una dictadura.<\/p>\n<p data-t=\"{&quot;n&quot;:&quot;blueLinks&quot;,&quot;t&quot;:13,&quot;a&quot;:&quot;click&quot;,&quot;b&quot;:76}\"><i>\u201cHan callado voces, encarcelado inocentes y han buscado poder, situaci\u00f3n a la que no se puede ser indiferente. No podemos recibir con los brazos abiertos a quienes representan gobiernos criminales, dictaduras que han abusado del poder\u201d,<\/i>\u00a0se\u00f1al\u00f3.<\/p>\n<div class=\"intra-article-module\" data-t=\"{&quot;n&quot;:&quot;intraArticle&quot;,&quot;t&quot;:13}\"><\/div>\n<p data-t=\"{&quot;n&quot;:&quot;blueLinks&quot;,&quot;t&quot;:13,&quot;a&quot;:&quot;click&quot;,&quot;b&quot;:76}\">Asimismo, el alcalde de Miguel Hidalgo, Tabe Echartea, sostuvo que en su demarcaci\u00f3n \u00fanicamente son bienvenidas Embajadas de pa\u00edses con gobierno leg\u00edtimos, donde se respete la libertad y donde se liberen a los\u00a0presos pol\u00edticos.<\/p>\n<p data-t=\"{&quot;n&quot;:&quot;blueLinks&quot;,&quot;t&quot;:13,&quot;a&quot;:&quot;click&quot;,&quot;b&quot;:76}\"><i>\u201cMientras sea alcalde en Miguel Hidalgo no abrazamos criminales, no respaldamos abusos y no guardamos silencio frente a la injusticia y el abuso de poder\u201d,<\/i>\u00a0apunt\u00f3 Tabe.<\/p>\n","protected":false},"excerpt":{"rendered":"<p>La presidenta de M\u00e9xico,\u00a0Claudia Sheinbaum Pardo, asegur\u00f3 que\u00a0Mauricio Tabe Echarrtea, alcalde de Miguel Hidalgo, no tiene atribuciones para expulsar a las embajadas de\u00a0Venezuela,\u00a0Cuba\u00a0y\u00a0Nicaragua\u00a0de la demarcaci\u00f3n, por ello resalt\u00f3 que el panista solo \u201cquiere llamar la atenci\u00f3n\u201d. Durante su conferencia \u201cMa\u00f1anera\u201d de este lunes, la mandataria fue cuestionada sobre el tema y enfatiz\u00f3 que la relaci\u00f3n [&hellip;]<\/p>\n","protected":false},"author":4,"featured_media":116359,"comment_status":"closed","ping_status":"closed","sticky":false,"template":"","format":"standard","meta":{"footnotes":""},"categories":[4],"tags":[],"class_list":{"0":"post-116358","1":"post","2":"type-post","3":"status-publish","4":"format-standard","5":"has-post-thumbnail","7":"category-mexico"},"yoast_head":"<!-- This site is optimized with the Yoast SEO plugin v27.4 - https:\/\/yoast.com\/product\/yoast-seo-wordpress\/ -->\n<title>Sheinbaum a Tabe: \u201cNo tiene atribuciones para expulsar embajadas, llamar la atenci\u00f3n\u201d - Yucat\u00e1n en corto<\/title>\n<meta name=\"robots\" content=\"index, follow, max-snippet:-1, max-image-preview:large, max-video-preview:-1\" \/>\n<link rel=\"canonical\" href=\"https:\/\/www.yucatanencorto.com\/noticias\/sheinbaum-a-tabe-no-tiene-atribuciones-para-expulsar-embajadas-llamar-la-atencion\/\" \/>\n<meta property=\"og:locale\" content=\"es_ES\" \/>\n<meta property=\"og:type\" content=\"article\" \/>\n<meta property=\"og:title\" content=\"Sheinbaum a Tabe: \u201cNo tiene atribuciones para expulsar embajadas, llamar la atenci\u00f3n\u201d - Yucat\u00e1n en corto\" \/>\n<meta property=\"og:description\" content=\"La presidenta de M\u00e9xico,\u00a0Claudia Sheinbaum Pardo, asegur\u00f3 que\u00a0Mauricio Tabe Echarrtea, alcalde de Miguel Hidalgo, no tiene atribuciones para expulsar a las embajadas de\u00a0Venezuela,\u00a0Cuba\u00a0y\u00a0Nicaragua\u00a0de la demarcaci\u00f3n, por ello resalt\u00f3 que el panista solo \u201cquiere llamar la atenci\u00f3n\u201d. Durante su conferencia \u201cMa\u00f1anera\u201d de este lunes, la mandataria fue cuestionada sobre el tema y enfatiz\u00f3 que la relaci\u00f3n [&hellip;]\" \/>\n<meta property=\"og:url\" content=\"https:\/\/www.yucatanencorto.com\/noticias\/sheinbaum-a-tabe-no-tiene-atribuciones-para-expulsar-embajadas-llamar-la-atencion\/\" \/>\n<meta property=\"og:site_name\" content=\"Yucat\u00e1n en corto\" \/>\n<meta property=\"article:publisher\" content=\"http:\/\/www.facebook.com\/yucatanencorto\" \/>\n<meta property=\"article:published_time\" content=\"2026-01-19T17:48:28+00:00\" \/>\n<meta property=\"og:image\" content=\"https:\/\/www.yucatanencorto.com\/noticias\/wp-content\/uploads\/2026\/01\/gettyimages-2155816042-612x612-2.jpg\" \/>\n\t<meta property=\"og:image:width\" content=\"612\" \/>\n\t<meta property=\"og:image:height\" content=\"408\" \/>\n\t<meta property=\"og:image:type\" content=\"image\/jpeg\" \/>\n<meta name=\"author\" content=\"Yucat\u00e1n en Corto\" \/>\n<meta name=\"twitter:card\" content=\"summary_large_image\" \/>\n<meta name=\"twitter:creator\" content=\"@yucatanencorto\" \/>\n<meta name=\"twitter:site\" content=\"@yucatanencorto\" \/>\n<meta name=\"twitter:label1\" content=\"Escrito por\" \/>\n\t<meta name=\"twitter:data1\" content=\"Yucat\u00e1n en Corto\" \/>\n\t<meta name=\"twitter:label2\" content=\"Tiempo de lectura\" \/>\n\t<meta name=\"twitter:data2\" content=\"3 minutos\" \/>\n<script type=\"application\/ld+json\" class=\"yoast-schema-graph\">{\"@context\":\"https:\\\/\\\/schema.org\",\"@graph\":[{\"@type\":\"Article\",\"@id\":\"https:\\\/\\\/www.yucatanencorto.com\\\/noticias\\\/sheinbaum-a-tabe-no-tiene-atribuciones-para-expulsar-embajadas-llamar-la-atencion\\\/#article\",\"isPartOf\":{\"@id\":\"https:\\\/\\\/www.yucatanencorto.com\\\/noticias\\\/sheinbaum-a-tabe-no-tiene-atribuciones-para-expulsar-embajadas-llamar-la-atencion\\\/\"},\"author\":{\"name\":\"Yucat\u00e1n en Corto\",\"@id\":\"https:\\\/\\\/www.yucatanencorto.com\\\/noticias\\\/#\\\/schema\\\/person\\\/f0ec40c33447bbc0dc2d01d3006de771\"},\"headline\":\"Sheinbaum a Tabe: \u201cNo tiene atribuciones para expulsar embajadas, llamar la atenci\u00f3n\u201d\",\"datePublished\":\"2026-01-19T17:48:28+00:00\",\"mainEntityOfPage\":{\"@id\":\"https:\\\/\\\/www.yucatanencorto.com\\\/noticias\\\/sheinbaum-a-tabe-no-tiene-atribuciones-para-expulsar-embajadas-llamar-la-atencion\\\/\"},\"wordCount\":465,\"image\":{\"@id\":\"https:\\\/\\\/www.yucatanencorto.com\\\/noticias\\\/sheinbaum-a-tabe-no-tiene-atribuciones-para-expulsar-embajadas-llamar-la-atencion\\\/#primaryimage\"},\"thumbnailUrl\":\"https:\\\/\\\/www.yucatanencorto.com\\\/noticias\\\/wp-content\\\/uploads\\\/2026\\\/01\\\/gettyimages-2155816042-612x612-2.jpg\",\"articleSection\":[\"M\u00e9xico\"],\"inLanguage\":\"es\"},{\"@type\":\"WebPage\",\"@id\":\"https:\\\/\\\/www.yucatanencorto.com\\\/noticias\\\/sheinbaum-a-tabe-no-tiene-atribuciones-para-expulsar-embajadas-llamar-la-atencion\\\/\",\"url\":\"https:\\\/\\\/www.yucatanencorto.com\\\/noticias\\\/sheinbaum-a-tabe-no-tiene-atribuciones-para-expulsar-embajadas-llamar-la-atencion\\\/\",\"name\":\"Sheinbaum a Tabe: \u201cNo tiene atribuciones para expulsar embajadas, llamar la atenci\u00f3n\u201d - Yucat\u00e1n en corto\",\"isPartOf\":{\"@id\":\"https:\\\/\\\/www.yucatanencorto.com\\\/noticias\\\/#website\"},\"primaryImageOfPage\":{\"@id\":\"https:\\\/\\\/www.yucatanencorto.com\\\/noticias\\\/sheinbaum-a-tabe-no-tiene-atribuciones-para-expulsar-embajadas-llamar-la-atencion\\\/#primaryimage\"},\"image\":{\"@id\":\"https:\\\/\\\/www.yucatanencorto.com\\\/noticias\\\/sheinbaum-a-tabe-no-tiene-atribuciones-para-expulsar-embajadas-llamar-la-atencion\\\/#primaryimage\"},\"thumbnailUrl\":\"https:\\\/\\\/www.yucatanencorto.com\\\/noticias\\\/wp-content\\\/uploads\\\/2026\\\/01\\\/gettyimages-2155816042-612x612-2.jpg\",\"datePublished\":\"2026-01-19T17:48:28+00:00\",\"author\":{\"@id\":\"https:\\\/\\\/www.yucatanencorto.com\\\/noticias\\\/#\\\/schema\\\/person\\\/f0ec40c33447bbc0dc2d01d3006de771\"},\"breadcrumb\":{\"@id\":\"https:\\\/\\\/www.yucatanencorto.com\\\/noticias\\\/sheinbaum-a-tabe-no-tiene-atribuciones-para-expulsar-embajadas-llamar-la-atencion\\\/#breadcrumb\"},\"inLanguage\":\"es\",\"potentialAction\":[{\"@type\":\"ReadAction\",\"target\":[\"https:\\\/\\\/www.yucatanencorto.com\\\/noticias\\\/sheinbaum-a-tabe-no-tiene-atribuciones-para-expulsar-embajadas-llamar-la-atencion\\\/\"]}]},{\"@type\":\"ImageObject\",\"inLanguage\":\"es\",\"@id\":\"https:\\\/\\\/www.yucatanencorto.com\\\/noticias\\\/sheinbaum-a-tabe-no-tiene-atribuciones-para-expulsar-embajadas-llamar-la-atencion\\\/#primaryimage\",\"url\":\"https:\\\/\\\/www.yucatanencorto.com\\\/noticias\\\/wp-content\\\/uploads\\\/2026\\\/01\\\/gettyimages-2155816042-612x612-2.jpg\",\"contentUrl\":\"https:\\\/\\\/www.yucatanencorto.com\\\/noticias\\\/wp-content\\\/uploads\\\/2026\\\/01\\\/gettyimages-2155816042-612x612-2.jpg\",\"width\":612,\"height\":408,\"caption\":\"MEXICO CITY, MEXICO - JUNE 03: Presidential candidate Claudia Sheinbaum of ''Sigamos Haciendo Historia'' coalition waves at supporters after the first results released by the election authorities show that she leads the polls by wide margin after the presidential election at Zocalo Square on June 03, 2024 in Mexico City, Mexico. According to the Instituto Nacional Electoral (INE) over 100 million people were allowed to vote on the 2024 Presidential Election in Mexico. Claudia Sheinbaum of 'Sigamos Haciendo Historia' coalition will become the first woman president of Mexico. (Photo by Manuel Velasquez\\\/Getty Images)\"},{\"@type\":\"BreadcrumbList\",\"@id\":\"https:\\\/\\\/www.yucatanencorto.com\\\/noticias\\\/sheinbaum-a-tabe-no-tiene-atribuciones-para-expulsar-embajadas-llamar-la-atencion\\\/#breadcrumb\",\"itemListElement\":[{\"@type\":\"ListItem\",\"position\":1,\"name\":\"Portada\",\"item\":\"https:\\\/\\\/www.yucatanencorto.com\\\/noticias\\\/\"},{\"@type\":\"ListItem\",\"position\":2,\"name\":\"Sheinbaum a Tabe: \u201cNo tiene atribuciones para expulsar embajadas, llamar la atenci\u00f3n\u201d\"}]},{\"@type\":\"WebSite\",\"@id\":\"https:\\\/\\\/www.yucatanencorto.com\\\/noticias\\\/#website\",\"url\":\"https:\\\/\\\/www.yucatanencorto.com\\\/noticias\\\/\",\"name\":\"Yucat\u00e1n en corto\",\"description\":\"Noticias\",\"potentialAction\":[{\"@type\":\"SearchAction\",\"target\":{\"@type\":\"EntryPoint\",\"urlTemplate\":\"https:\\\/\\\/www.yucatanencorto.com\\\/noticias\\\/?s={search_term_string}\"},\"query-input\":{\"@type\":\"PropertyValueSpecification\",\"valueRequired\":true,\"valueName\":\"search_term_string\"}}],\"inLanguage\":\"es\"},{\"@type\":\"Person\",\"@id\":\"https:\\\/\\\/www.yucatanencorto.com\\\/noticias\\\/#\\\/schema\\\/person\\\/f0ec40c33447bbc0dc2d01d3006de771\",\"name\":\"Yucat\u00e1n en Corto\",\"image\":{\"@type\":\"ImageObject\",\"inLanguage\":\"es\",\"@id\":\"https:\\\/\\\/secure.gravatar.com\\\/avatar\\\/20e0a6b626f38fa8e545fb3f80ce566efd790bf8877e65c3a482460cc3e0b5d1?s=96&d=mm&r=g\",\"url\":\"https:\\\/\\\/secure.gravatar.com\\\/avatar\\\/20e0a6b626f38fa8e545fb3f80ce566efd790bf8877e65c3a482460cc3e0b5d1?s=96&d=mm&r=g\",\"contentUrl\":\"https:\\\/\\\/secure.gravatar.com\\\/avatar\\\/20e0a6b626f38fa8e545fb3f80ce566efd790bf8877e65c3a482460cc3e0b5d1?s=96&d=mm&r=g\",\"caption\":\"Yucat\u00e1n en Corto\"},\"url\":\"https:\\\/\\\/www.yucatanencorto.com\\\/noticias\\\/author\\\/editor25\\\/\"}]}<\/script>\n<!-- \/ Yoast SEO plugin. -->","yoast_head_json":{"title":"Sheinbaum a Tabe: \u201cNo tiene atribuciones para expulsar embajadas, llamar la atenci\u00f3n\u201d - Yucat\u00e1n en corto","robots":{"index":"index","follow":"follow","max-snippet":"max-snippet:-1","max-image-preview":"max-image-preview:large","max-video-preview":"max-video-preview:-1"},"canonical":"https:\/\/www.yucatanencorto.com\/noticias\/sheinbaum-a-tabe-no-tiene-atribuciones-para-expulsar-embajadas-llamar-la-atencion\/","og_locale":"es_ES","og_type":"article","og_title":"Sheinbaum a Tabe: \u201cNo tiene atribuciones para expulsar embajadas, llamar la atenci\u00f3n\u201d - Yucat\u00e1n en corto","og_description":"La presidenta de M\u00e9xico,\u00a0Claudia Sheinbaum Pardo, asegur\u00f3 que\u00a0Mauricio Tabe Echarrtea, alcalde de Miguel Hidalgo, no tiene atribuciones para expulsar a las embajadas de\u00a0Venezuela,\u00a0Cuba\u00a0y\u00a0Nicaragua\u00a0de la demarcaci\u00f3n, por ello resalt\u00f3 que el panista solo \u201cquiere llamar la atenci\u00f3n\u201d. Durante su conferencia \u201cMa\u00f1anera\u201d de este lunes, la mandataria fue cuestionada sobre el tema y enfatiz\u00f3 que la relaci\u00f3n [&hellip;]","og_url":"https:\/\/www.yucatanencorto.com\/noticias\/sheinbaum-a-tabe-no-tiene-atribuciones-para-expulsar-embajadas-llamar-la-atencion\/","og_site_name":"Yucat\u00e1n en corto","article_publisher":"http:\/\/www.facebook.com\/yucatanencorto","article_published_time":"2026-01-19T17:48:28+00:00","og_image":[{"width":612,"height":408,"url":"https:\/\/www.yucatanencorto.com\/noticias\/wp-content\/uploads\/2026\/01\/gettyimages-2155816042-612x612-2.jpg","type":"image\/jpeg"}],"author":"Yucat\u00e1n en Corto","twitter_card":"summary_large_image","twitter_creator":"@yucatanencorto","twitter_site":"@yucatanencorto","twitter_misc":{"Escrito por":"Yucat\u00e1n en Corto","Tiempo de lectura":"3 minutos"},"schema":{"@context":"https:\/\/schema.org","@graph":[{"@type":"Article","@id":"https:\/\/www.yucatanencorto.com\/noticias\/sheinbaum-a-tabe-no-tiene-atribuciones-para-expulsar-embajadas-llamar-la-atencion\/#article","isPartOf":{"@id":"https:\/\/www.yucatanencorto.com\/noticias\/sheinbaum-a-tabe-no-tiene-atribuciones-para-expulsar-embajadas-llamar-la-atencion\/"},"author":{"name":"Yucat\u00e1n en Corto","@id":"https:\/\/www.yucatanencorto.com\/noticias\/#\/schema\/person\/f0ec40c33447bbc0dc2d01d3006de771"},"headline":"Sheinbaum a Tabe: \u201cNo tiene atribuciones para expulsar embajadas, llamar la atenci\u00f3n\u201d","datePublished":"2026-01-19T17:48:28+00:00","mainEntityOfPage":{"@id":"https:\/\/www.yucatanencorto.com\/noticias\/sheinbaum-a-tabe-no-tiene-atribuciones-para-expulsar-embajadas-llamar-la-atencion\/"},"wordCount":465,"image":{"@id":"https:\/\/www.yucatanencorto.com\/noticias\/sheinbaum-a-tabe-no-tiene-atribuciones-para-expulsar-embajadas-llamar-la-atencion\/#primaryimage"},"thumbnailUrl":"https:\/\/www.yucatanencorto.com\/noticias\/wp-content\/uploads\/2026\/01\/gettyimages-2155816042-612x612-2.jpg","articleSection":["M\u00e9xico"],"inLanguage":"es"},{"@type":"WebPage","@id":"https:\/\/www.yucatanencorto.com\/noticias\/sheinbaum-a-tabe-no-tiene-atribuciones-para-expulsar-embajadas-llamar-la-atencion\/","url":"https:\/\/www.yucatanencorto.com\/noticias\/sheinbaum-a-tabe-no-tiene-atribuciones-para-expulsar-embajadas-llamar-la-atencion\/","name":"Sheinbaum a Tabe: \u201cNo tiene atribuciones para expulsar embajadas, llamar la atenci\u00f3n\u201d - Yucat\u00e1n en corto","isPartOf":{"@id":"https:\/\/www.yucatanencorto.com\/noticias\/#website"},"primaryImageOfPage":{"@id":"https:\/\/www.yucatanencorto.com\/noticias\/sheinbaum-a-tabe-no-tiene-atribuciones-para-expulsar-embajadas-llamar-la-atencion\/#primaryimage"},"image":{"@id":"https:\/\/www.yucatanencorto.com\/noticias\/sheinbaum-a-tabe-no-tiene-atribuciones-para-expulsar-embajadas-llamar-la-atencion\/#primaryimage"},"thumbnailUrl":"https:\/\/www.yucatanencorto.com\/noticias\/wp-content\/uploads\/2026\/01\/gettyimages-2155816042-612x612-2.jpg","datePublished":"2026-01-19T17:48:28+00:00","author":{"@id":"https:\/\/www.yucatanencorto.com\/noticias\/#\/schema\/person\/f0ec40c33447bbc0dc2d01d3006de771"},"breadcrumb":{"@id":"https:\/\/www.yucatanencorto.com\/noticias\/sheinbaum-a-tabe-no-tiene-atribuciones-para-expulsar-embajadas-llamar-la-atencion\/#breadcrumb"},"inLanguage":"es","potentialAction":[{"@type":"ReadAction","target":["https:\/\/www.yucatanencorto.com\/noticias\/sheinbaum-a-tabe-no-tiene-atribuciones-para-expulsar-embajadas-llamar-la-atencion\/"]}]},{"@type":"ImageObject","inLanguage":"es","@id":"https:\/\/www.yucatanencorto.com\/noticias\/sheinbaum-a-tabe-no-tiene-atribuciones-para-expulsar-embajadas-llamar-la-atencion\/#primaryimage","url":"https:\/\/www.yucatanencorto.com\/noticias\/wp-content\/uploads\/2026\/01\/gettyimages-2155816042-612x612-2.jpg","contentUrl":"https:\/\/www.yucatanencorto.com\/noticias\/wp-content\/uploads\/2026\/01\/gettyimages-2155816042-612x612-2.jpg","width":612,"height":408,"caption":"MEXICO CITY, MEXICO - JUNE 03: Presidential candidate Claudia Sheinbaum of ''Sigamos Haciendo Historia'' coalition waves at supporters after the first results released by the election authorities show that she leads the polls by wide margin after the presidential election at Zocalo Square on June 03, 2024 in Mexico City, Mexico. According to the Instituto Nacional Electoral (INE) over 100 million people were allowed to vote on the 2024 Presidential Election in Mexico. Claudia Sheinbaum of 'Sigamos Haciendo Historia' coalition will become the first woman president of Mexico. (Photo by Manuel Velasquez\/Getty Images)"},{"@type":"BreadcrumbList","@id":"https:\/\/www.yucatanencorto.com\/noticias\/sheinbaum-a-tabe-no-tiene-atribuciones-para-expulsar-embajadas-llamar-la-atencion\/#breadcrumb","itemListElement":[{"@type":"ListItem","position":1,"name":"Portada","item":"https:\/\/www.yucatanencorto.com\/noticias\/"},{"@type":"ListItem","position":2,"name":"Sheinbaum a Tabe: \u201cNo tiene atribuciones para expulsar embajadas, llamar la atenci\u00f3n\u201d"}]},{"@type":"WebSite","@id":"https:\/\/www.yucatanencorto.com\/noticias\/#website","url":"https:\/\/www.yucatanencorto.com\/noticias\/","name":"Yucat\u00e1n en corto","description":"Noticias","potentialAction":[{"@type":"SearchAction","target":{"@type":"EntryPoint","urlTemplate":"https:\/\/www.yucatanencorto.com\/noticias\/?s={search_term_string}"},"query-input":{"@type":"PropertyValueSpecification","valueRequired":true,"valueName":"search_term_string"}}],"inLanguage":"es"},{"@type":"Person","@id":"https:\/\/www.yucatanencorto.com\/noticias\/#\/schema\/person\/f0ec40c33447bbc0dc2d01d3006de771","name":"Yucat\u00e1n en Corto","image":{"@type":"ImageObject","inLanguage":"es","@id":"https:\/\/secure.gravatar.com\/avatar\/20e0a6b626f38fa8e545fb3f80ce566efd790bf8877e65c3a482460cc3e0b5d1?s=96&d=mm&r=g","url":"https:\/\/secure.gravatar.com\/avatar\/20e0a6b626f38fa8e545fb3f80ce566efd790bf8877e65c3a482460cc3e0b5d1?s=96&d=mm&r=g","contentUrl":"https:\/\/secure.gravatar.com\/avatar\/20e0a6b626f38fa8e545fb3f80ce566efd790bf8877e65c3a482460cc3e0b5d1?s=96&d=mm&r=g","caption":"Yucat\u00e1n en Corto"},"url":"https:\/\/www.yucatanencorto.com\/noticias\/author\/editor25\/"}]}},"_links":{"self":[{"href":"https:\/\/www.yucatanencorto.com\/noticias\/wp-json\/wp\/v2\/posts\/116358","targetHints":{"allow":["GET"]}}],"collection":[{"href":"https:\/\/www.yucatanencorto.com\/noticias\/wp-json\/wp\/v2\/posts"}],"about":[{"href":"https:\/\/www.yucatanencorto.com\/noticias\/wp-json\/wp\/v2\/types\/post"}],"author":[{"embeddable":true,"href":"https:\/\/www.yucatanencorto.com\/noticias\/wp-json\/wp\/v2\/users\/4"}],"replies":[{"embeddable":true,"href":"https:\/\/www.yucatanencorto.com\/noticias\/wp-json\/wp\/v2\/comments?post=116358"}],"version-history":[{"count":1,"href":"https:\/\/www.yucatanencorto.com\/noticias\/wp-json\/wp\/v2\/posts\/116358\/revisions"}],"predecessor-version":[{"id":116360,"href":"https:\/\/www.yucatanencorto.com\/noticias\/wp-json\/wp\/v2\/posts\/116358\/revisions\/116360"}],"wp:featuredmedia":[{"embeddable":true,"href":"https:\/\/www.yucatanencorto.com\/noticias\/wp-json\/wp\/v2\/media\/116359"}],"wp:attachment":[{"href":"https:\/\/www.yucatanencorto.com\/noticias\/wp-json\/wp\/v2\/media?parent=116358"}],"wp:term":[{"taxonomy":"category","embeddable":true,"href":"https:\/\/www.yucatanencorto.com\/noticias\/wp-json\/wp\/v2\/categories?post=116358"},{"taxonomy":"post_tag","embeddable":true,"href":"https:\/\/www.yucatanencorto.com\/noticias\/wp-json\/wp\/v2\/tags?post=116358"}],"curies":[{"name":"wp","href":"https:\/\/api.w.org\/{rel}","templated":true}]}}