{"id":116362,"date":"2026-01-20T12:22:25","date_gmt":"2026-01-20T18:22:25","guid":{"rendered":"https:\/\/www.yucatanencorto.com\/noticias\/?p=116362"},"modified":"2026-01-20T12:22:25","modified_gmt":"2026-01-20T18:22:25","slug":"eliminaran-la-alerta-presidencial-en-los-celulares-durante-sismos-y-terremotos","status":"publish","type":"post","link":"https:\/\/www.yucatanencorto.com\/noticias\/eliminaran-la-alerta-presidencial-en-los-celulares-durante-sismos-y-terremotos\/","title":{"rendered":"Eliminar\u00e1n la alerta presidencial en los celulares durante sismos y terremotos"},"content":{"rendered":"<p data-t=\"{&quot;n&quot;:&quot;blueLinks&quot;,&quot;t&quot;:13,&quot;a&quot;:&quot;click&quot;,&quot;b&quot;:76}\"><img loading=\"lazy\" decoding=\"async\" class=\"alignnone size-full wp-image-116363\" src=\"https:\/\/www.yucatanencorto.com\/noticias\/wp-content\/uploads\/2026\/01\/img_7197_1_version1758306645510.jpg_361859172.webp\" alt=\"\" width=\"630\" height=\"476\" srcset=\"https:\/\/www.yucatanencorto.com\/noticias\/wp-content\/uploads\/2026\/01\/img_7197_1_version1758306645510.jpg_361859172.webp 630w, https:\/\/www.yucatanencorto.com\/noticias\/wp-content\/uploads\/2026\/01\/img_7197_1_version1758306645510.jpg_361859172-150x113.webp 150w, https:\/\/www.yucatanencorto.com\/noticias\/wp-content\/uploads\/2026\/01\/img_7197_1_version1758306645510.jpg_361859172-300x227.webp 300w\" sizes=\"auto, (max-width: 630px) 100vw, 630px\" \/><\/p>\n<p data-t=\"{&quot;n&quot;:&quot;blueLinks&quot;,&quot;t&quot;:13,&quot;a&quot;:&quot;click&quot;,&quot;b&quot;:76}\">La Comisi\u00f3n Reguladora de Telecomunicaciones (CRT) del gobierno federal inform\u00f3 que en las pr\u00f3ximas semanas emitir\u00e1 los lineamientos para que todas las\u00a0compa\u00f1\u00edas telef\u00f3nicas y fabricantes de celulares muestren el mismo mensaje\u00a0en caso de que se active el sistema de alertamiento,\u00a0eliminando la leyenda\u00a0de\u00a0\u00abAlerta Presidencial\u00bb.<\/p>\n<p>\u00abEn las pr\u00f3ximas semanas, la @CRTGobMX\u00a0 emitir\u00e1 los #Lineamientos para que todas las compa\u00f1\u00edas telef\u00f3nicas y fabricantes de celulares muestren el mismo mensaje en caso de que se active el sistema de alertamiento, eliminando la leyenda de Alerta Presidencial\u00bb, se\u00f1al\u00f3 el \u00f3rgano regulador.<\/p>\n<p data-t=\"{&quot;n&quot;:&quot;blueLinks&quot;,&quot;t&quot;:13,&quot;a&quot;:&quot;click&quot;,&quot;b&quot;:76}\">Debido al\u00a0terremoto\u00a0de magnitud de 6.5 ocurrido el 2 de enero pasado con epicentro en San Marcos, Guerrero, al igual que la r\u00e9plica del viernes 16,\u00a0la Alerta Presidencial fue emitida en todos los celulares de los mexicanos con sonido, vibraci\u00f3n y luz para\u00a0lograr una mayor eficiencia.<\/p>\n<div>\n<h2 class=\"article-sub-heading\">\u00bfPor qu\u00e9 se llama as\u00ed la Alerta Presidencial?<\/h2>\n<\/div>\n<p class=\"continue-read-break\" data-t=\"{&quot;n&quot;:&quot;blueLinks&quot;,&quot;t&quot;:13,&quot;a&quot;:&quot;click&quot;,&quot;b&quot;:76}\">La\u00a0Alerta Presidencial\u00a0no se llama as\u00ed por orden de la administraci\u00f3n de Claudia Sheinbaum, el nombre forma parte de un protocolo internacional de alertamiento temprano, especialmente del sistema usado en Estados Unidos, llamado Wireless Emergency Alerts (WEA). En este sistema, las \u00abPresidentials Alerts\u00bb son las alertas de m\u00e1s alto nivel que NO pueden ser BLOQUEADAS ni DESACTIVADAS.<\/p>\n<div class=\"article-image-slot image-slot-placeholder\" data-doc-id=\"cms\/api\/amp\/image\/AA1UAcck\">\n<div class=\"article-image-slot\">\n<div class=\"article-image-container in-div polished\" data-t=\"{&quot;n&quot;:&quot;OpenModal&quot;,&quot;t&quot;:13,&quot;b&quot;:8,&quot;c.i&quot;:&quot;AA1UA2on&quot;,&quot;c.l&quot;:false,&quot;c.t&quot;:13,&quot;c.v&quot;:&quot;news&quot;,&quot;c.c&quot;:&quot;others&quot;,&quot;c.b&quot;:&quot;El Heraldo de M\u00e9xico&quot;,&quot;c.bi&quot;:&quot;BB1pDGkd&quot;,&quot;c.tv&quot;:&quot;public-safety-and-emergencies&quot;,&quot;c.tc&quot;:&quot;health-and-safety-alerts&quot;,&quot;c.hl&quot;:&quot;Eliminar\u00e1n la alerta presidencial en los celulares durante sismos y terremotos&quot;}\" data-test-id=\"AA1UAcck\"><\/div>\n<\/div>\n<\/div>\n","protected":false},"excerpt":{"rendered":"<p>La Comisi\u00f3n Reguladora de Telecomunicaciones (CRT) del gobierno federal inform\u00f3 que en las pr\u00f3ximas semanas emitir\u00e1 los lineamientos para que todas las\u00a0compa\u00f1\u00edas telef\u00f3nicas y fabricantes de celulares muestren el mismo mensaje\u00a0en caso de que se active el sistema de alertamiento,\u00a0eliminando la leyenda\u00a0de\u00a0\u00abAlerta Presidencial\u00bb. \u00abEn las pr\u00f3ximas semanas, la @CRTGobMX\u00a0 emitir\u00e1 los #Lineamientos para que todas [&hellip;]<\/p>\n","protected":false},"author":4,"featured_media":116363,"comment_status":"closed","ping_status":"closed","sticky":false,"template":"","format":"standard","meta":{"footnotes":""},"categories":[11],"tags":[],"class_list":{"0":"post-116362","1":"post","2":"type-post","3":"status-publish","4":"format-standard","5":"has-post-thumbnail","7":"category-tecnologia-y-ciencia"},"yoast_head":"<!-- This site is optimized with the Yoast SEO plugin v27.4 - https:\/\/yoast.com\/product\/yoast-seo-wordpress\/ -->\n<title>Eliminar\u00e1n la alerta presidencial en los celulares durante sismos y terremotos - Yucat\u00e1n en corto<\/title>\n<meta name=\"robots\" content=\"index, follow, max-snippet:-1, max-image-preview:large, max-video-preview:-1\" \/>\n<link rel=\"canonical\" href=\"https:\/\/www.yucatanencorto.com\/noticias\/eliminaran-la-alerta-presidencial-en-los-celulares-durante-sismos-y-terremotos\/\" \/>\n<meta property=\"og:locale\" content=\"es_ES\" \/>\n<meta property=\"og:type\" content=\"article\" \/>\n<meta property=\"og:title\" content=\"Eliminar\u00e1n la alerta presidencial en los celulares durante sismos y terremotos - Yucat\u00e1n en corto\" \/>\n<meta property=\"og:description\" content=\"La Comisi\u00f3n Reguladora de Telecomunicaciones (CRT) del gobierno federal inform\u00f3 que en las pr\u00f3ximas semanas emitir\u00e1 los lineamientos para que todas las\u00a0compa\u00f1\u00edas telef\u00f3nicas y fabricantes de celulares muestren el mismo mensaje\u00a0en caso de que se active el sistema de alertamiento,\u00a0eliminando la leyenda\u00a0de\u00a0\u00abAlerta Presidencial\u00bb. \u00abEn las pr\u00f3ximas semanas, la @CRTGobMX\u00a0 emitir\u00e1 los #Lineamientos para que todas [&hellip;]\" \/>\n<meta property=\"og:url\" content=\"https:\/\/www.yucatanencorto.com\/noticias\/eliminaran-la-alerta-presidencial-en-los-celulares-durante-sismos-y-terremotos\/\" \/>\n<meta property=\"og:site_name\" content=\"Yucat\u00e1n en corto\" \/>\n<meta property=\"article:publisher\" content=\"http:\/\/www.facebook.com\/yucatanencorto\" \/>\n<meta property=\"article:published_time\" content=\"2026-01-20T18:22:25+00:00\" \/>\n<meta property=\"og:image\" content=\"https:\/\/www.yucatanencorto.com\/noticias\/wp-content\/uploads\/2026\/01\/img_7197_1_version1758306645510.jpg_361859172.webp\" \/>\n\t<meta property=\"og:image:width\" content=\"630\" \/>\n\t<meta property=\"og:image:height\" content=\"476\" \/>\n\t<meta property=\"og:image:type\" content=\"image\/webp\" \/>\n<meta name=\"author\" content=\"Yucat\u00e1n en Corto\" \/>\n<meta name=\"twitter:card\" content=\"summary_large_image\" \/>\n<meta name=\"twitter:creator\" content=\"@yucatanencorto\" \/>\n<meta name=\"twitter:site\" content=\"@yucatanencorto\" \/>\n<meta name=\"twitter:label1\" content=\"Escrito por\" \/>\n\t<meta name=\"twitter:data1\" content=\"Yucat\u00e1n en Corto\" \/>\n\t<meta name=\"twitter:label2\" content=\"Tiempo de lectura\" \/>\n\t<meta name=\"twitter:data2\" content=\"2 minutos\" \/>\n<script type=\"application\/ld+json\" class=\"yoast-schema-graph\">{\"@context\":\"https:\\\/\\\/schema.org\",\"@graph\":[{\"@type\":\"Article\",\"@id\":\"https:\\\/\\\/www.yucatanencorto.com\\\/noticias\\\/eliminaran-la-alerta-presidencial-en-los-celulares-durante-sismos-y-terremotos\\\/#article\",\"isPartOf\":{\"@id\":\"https:\\\/\\\/www.yucatanencorto.com\\\/noticias\\\/eliminaran-la-alerta-presidencial-en-los-celulares-durante-sismos-y-terremotos\\\/\"},\"author\":{\"name\":\"Yucat\u00e1n en Corto\",\"@id\":\"https:\\\/\\\/www.yucatanencorto.com\\\/noticias\\\/#\\\/schema\\\/person\\\/f0ec40c33447bbc0dc2d01d3006de771\"},\"headline\":\"Eliminar\u00e1n la alerta presidencial en los celulares durante sismos y terremotos\",\"datePublished\":\"2026-01-20T18:22:25+00:00\",\"mainEntityOfPage\":{\"@id\":\"https:\\\/\\\/www.yucatanencorto.com\\\/noticias\\\/eliminaran-la-alerta-presidencial-en-los-celulares-durante-sismos-y-terremotos\\\/\"},\"wordCount\":227,\"image\":{\"@id\":\"https:\\\/\\\/www.yucatanencorto.com\\\/noticias\\\/eliminaran-la-alerta-presidencial-en-los-celulares-durante-sismos-y-terremotos\\\/#primaryimage\"},\"thumbnailUrl\":\"https:\\\/\\\/www.yucatanencorto.com\\\/noticias\\\/wp-content\\\/uploads\\\/2026\\\/01\\\/img_7197_1_version1758306645510.jpg_361859172.webp\",\"articleSection\":[\"Tecnolog\u00eda y Ciencia\"],\"inLanguage\":\"es\"},{\"@type\":\"WebPage\",\"@id\":\"https:\\\/\\\/www.yucatanencorto.com\\\/noticias\\\/eliminaran-la-alerta-presidencial-en-los-celulares-durante-sismos-y-terremotos\\\/\",\"url\":\"https:\\\/\\\/www.yucatanencorto.com\\\/noticias\\\/eliminaran-la-alerta-presidencial-en-los-celulares-durante-sismos-y-terremotos\\\/\",\"name\":\"Eliminar\u00e1n la alerta presidencial en los celulares durante sismos y terremotos - Yucat\u00e1n en corto\",\"isPartOf\":{\"@id\":\"https:\\\/\\\/www.yucatanencorto.com\\\/noticias\\\/#website\"},\"primaryImageOfPage\":{\"@id\":\"https:\\\/\\\/www.yucatanencorto.com\\\/noticias\\\/eliminaran-la-alerta-presidencial-en-los-celulares-durante-sismos-y-terremotos\\\/#primaryimage\"},\"image\":{\"@id\":\"https:\\\/\\\/www.yucatanencorto.com\\\/noticias\\\/eliminaran-la-alerta-presidencial-en-los-celulares-durante-sismos-y-terremotos\\\/#primaryimage\"},\"thumbnailUrl\":\"https:\\\/\\\/www.yucatanencorto.com\\\/noticias\\\/wp-content\\\/uploads\\\/2026\\\/01\\\/img_7197_1_version1758306645510.jpg_361859172.webp\",\"datePublished\":\"2026-01-20T18:22:25+00:00\",\"author\":{\"@id\":\"https:\\\/\\\/www.yucatanencorto.com\\\/noticias\\\/#\\\/schema\\\/person\\\/f0ec40c33447bbc0dc2d01d3006de771\"},\"breadcrumb\":{\"@id\":\"https:\\\/\\\/www.yucatanencorto.com\\\/noticias\\\/eliminaran-la-alerta-presidencial-en-los-celulares-durante-sismos-y-terremotos\\\/#breadcrumb\"},\"inLanguage\":\"es\",\"potentialAction\":[{\"@type\":\"ReadAction\",\"target\":[\"https:\\\/\\\/www.yucatanencorto.com\\\/noticias\\\/eliminaran-la-alerta-presidencial-en-los-celulares-durante-sismos-y-terremotos\\\/\"]}]},{\"@type\":\"ImageObject\",\"inLanguage\":\"es\",\"@id\":\"https:\\\/\\\/www.yucatanencorto.com\\\/noticias\\\/eliminaran-la-alerta-presidencial-en-los-celulares-durante-sismos-y-terremotos\\\/#primaryimage\",\"url\":\"https:\\\/\\\/www.yucatanencorto.com\\\/noticias\\\/wp-content\\\/uploads\\\/2026\\\/01\\\/img_7197_1_version1758306645510.jpg_361859172.webp\",\"contentUrl\":\"https:\\\/\\\/www.yucatanencorto.com\\\/noticias\\\/wp-content\\\/uploads\\\/2026\\\/01\\\/img_7197_1_version1758306645510.jpg_361859172.webp\",\"width\":630,\"height\":476},{\"@type\":\"BreadcrumbList\",\"@id\":\"https:\\\/\\\/www.yucatanencorto.com\\\/noticias\\\/eliminaran-la-alerta-presidencial-en-los-celulares-durante-sismos-y-terremotos\\\/#breadcrumb\",\"itemListElement\":[{\"@type\":\"ListItem\",\"position\":1,\"name\":\"Portada\",\"item\":\"https:\\\/\\\/www.yucatanencorto.com\\\/noticias\\\/\"},{\"@type\":\"ListItem\",\"position\":2,\"name\":\"Eliminar\u00e1n la alerta presidencial en los celulares durante sismos y terremotos\"}]},{\"@type\":\"WebSite\",\"@id\":\"https:\\\/\\\/www.yucatanencorto.com\\\/noticias\\\/#website\",\"url\":\"https:\\\/\\\/www.yucatanencorto.com\\\/noticias\\\/\",\"name\":\"Yucat\u00e1n en corto\",\"description\":\"Noticias\",\"potentialAction\":[{\"@type\":\"SearchAction\",\"target\":{\"@type\":\"EntryPoint\",\"urlTemplate\":\"https:\\\/\\\/www.yucatanencorto.com\\\/noticias\\\/?s={search_term_string}\"},\"query-input\":{\"@type\":\"PropertyValueSpecification\",\"valueRequired\":true,\"valueName\":\"search_term_string\"}}],\"inLanguage\":\"es\"},{\"@type\":\"Person\",\"@id\":\"https:\\\/\\\/www.yucatanencorto.com\\\/noticias\\\/#\\\/schema\\\/person\\\/f0ec40c33447bbc0dc2d01d3006de771\",\"name\":\"Yucat\u00e1n en Corto\",\"image\":{\"@type\":\"ImageObject\",\"inLanguage\":\"es\",\"@id\":\"https:\\\/\\\/secure.gravatar.com\\\/avatar\\\/20e0a6b626f38fa8e545fb3f80ce566efd790bf8877e65c3a482460cc3e0b5d1?s=96&d=mm&r=g\",\"url\":\"https:\\\/\\\/secure.gravatar.com\\\/avatar\\\/20e0a6b626f38fa8e545fb3f80ce566efd790bf8877e65c3a482460cc3e0b5d1?s=96&d=mm&r=g\",\"contentUrl\":\"https:\\\/\\\/secure.gravatar.com\\\/avatar\\\/20e0a6b626f38fa8e545fb3f80ce566efd790bf8877e65c3a482460cc3e0b5d1?s=96&d=mm&r=g\",\"caption\":\"Yucat\u00e1n en Corto\"},\"url\":\"https:\\\/\\\/www.yucatanencorto.com\\\/noticias\\\/author\\\/editor25\\\/\"}]}<\/script>\n<!-- \/ Yoast SEO plugin. -->","yoast_head_json":{"title":"Eliminar\u00e1n la alerta presidencial en los celulares durante sismos y terremotos - Yucat\u00e1n en corto","robots":{"index":"index","follow":"follow","max-snippet":"max-snippet:-1","max-image-preview":"max-image-preview:large","max-video-preview":"max-video-preview:-1"},"canonical":"https:\/\/www.yucatanencorto.com\/noticias\/eliminaran-la-alerta-presidencial-en-los-celulares-durante-sismos-y-terremotos\/","og_locale":"es_ES","og_type":"article","og_title":"Eliminar\u00e1n la alerta presidencial en los celulares durante sismos y terremotos - Yucat\u00e1n en corto","og_description":"La Comisi\u00f3n Reguladora de Telecomunicaciones (CRT) del gobierno federal inform\u00f3 que en las pr\u00f3ximas semanas emitir\u00e1 los lineamientos para que todas las\u00a0compa\u00f1\u00edas telef\u00f3nicas y fabricantes de celulares muestren el mismo mensaje\u00a0en caso de que se active el sistema de alertamiento,\u00a0eliminando la leyenda\u00a0de\u00a0\u00abAlerta Presidencial\u00bb. \u00abEn las pr\u00f3ximas semanas, la @CRTGobMX\u00a0 emitir\u00e1 los #Lineamientos para que todas [&hellip;]","og_url":"https:\/\/www.yucatanencorto.com\/noticias\/eliminaran-la-alerta-presidencial-en-los-celulares-durante-sismos-y-terremotos\/","og_site_name":"Yucat\u00e1n en corto","article_publisher":"http:\/\/www.facebook.com\/yucatanencorto","article_published_time":"2026-01-20T18:22:25+00:00","og_image":[{"width":630,"height":476,"url":"https:\/\/www.yucatanencorto.com\/noticias\/wp-content\/uploads\/2026\/01\/img_7197_1_version1758306645510.jpg_361859172.webp","type":"image\/webp"}],"author":"Yucat\u00e1n en Corto","twitter_card":"summary_large_image","twitter_creator":"@yucatanencorto","twitter_site":"@yucatanencorto","twitter_misc":{"Escrito por":"Yucat\u00e1n en Corto","Tiempo de lectura":"2 minutos"},"schema":{"@context":"https:\/\/schema.org","@graph":[{"@type":"Article","@id":"https:\/\/www.yucatanencorto.com\/noticias\/eliminaran-la-alerta-presidencial-en-los-celulares-durante-sismos-y-terremotos\/#article","isPartOf":{"@id":"https:\/\/www.yucatanencorto.com\/noticias\/eliminaran-la-alerta-presidencial-en-los-celulares-durante-sismos-y-terremotos\/"},"author":{"name":"Yucat\u00e1n en Corto","@id":"https:\/\/www.yucatanencorto.com\/noticias\/#\/schema\/person\/f0ec40c33447bbc0dc2d01d3006de771"},"headline":"Eliminar\u00e1n la alerta presidencial en los celulares durante sismos y terremotos","datePublished":"2026-01-20T18:22:25+00:00","mainEntityOfPage":{"@id":"https:\/\/www.yucatanencorto.com\/noticias\/eliminaran-la-alerta-presidencial-en-los-celulares-durante-sismos-y-terremotos\/"},"wordCount":227,"image":{"@id":"https:\/\/www.yucatanencorto.com\/noticias\/eliminaran-la-alerta-presidencial-en-los-celulares-durante-sismos-y-terremotos\/#primaryimage"},"thumbnailUrl":"https:\/\/www.yucatanencorto.com\/noticias\/wp-content\/uploads\/2026\/01\/img_7197_1_version1758306645510.jpg_361859172.webp","articleSection":["Tecnolog\u00eda y Ciencia"],"inLanguage":"es"},{"@type":"WebPage","@id":"https:\/\/www.yucatanencorto.com\/noticias\/eliminaran-la-alerta-presidencial-en-los-celulares-durante-sismos-y-terremotos\/","url":"https:\/\/www.yucatanencorto.com\/noticias\/eliminaran-la-alerta-presidencial-en-los-celulares-durante-sismos-y-terremotos\/","name":"Eliminar\u00e1n la alerta presidencial en los celulares durante sismos y terremotos - Yucat\u00e1n en corto","isPartOf":{"@id":"https:\/\/www.yucatanencorto.com\/noticias\/#website"},"primaryImageOfPage":{"@id":"https:\/\/www.yucatanencorto.com\/noticias\/eliminaran-la-alerta-presidencial-en-los-celulares-durante-sismos-y-terremotos\/#primaryimage"},"image":{"@id":"https:\/\/www.yucatanencorto.com\/noticias\/eliminaran-la-alerta-presidencial-en-los-celulares-durante-sismos-y-terremotos\/#primaryimage"},"thumbnailUrl":"https:\/\/www.yucatanencorto.com\/noticias\/wp-content\/uploads\/2026\/01\/img_7197_1_version1758306645510.jpg_361859172.webp","datePublished":"2026-01-20T18:22:25+00:00","author":{"@id":"https:\/\/www.yucatanencorto.com\/noticias\/#\/schema\/person\/f0ec40c33447bbc0dc2d01d3006de771"},"breadcrumb":{"@id":"https:\/\/www.yucatanencorto.com\/noticias\/eliminaran-la-alerta-presidencial-en-los-celulares-durante-sismos-y-terremotos\/#breadcrumb"},"inLanguage":"es","potentialAction":[{"@type":"ReadAction","target":["https:\/\/www.yucatanencorto.com\/noticias\/eliminaran-la-alerta-presidencial-en-los-celulares-durante-sismos-y-terremotos\/"]}]},{"@type":"ImageObject","inLanguage":"es","@id":"https:\/\/www.yucatanencorto.com\/noticias\/eliminaran-la-alerta-presidencial-en-los-celulares-durante-sismos-y-terremotos\/#primaryimage","url":"https:\/\/www.yucatanencorto.com\/noticias\/wp-content\/uploads\/2026\/01\/img_7197_1_version1758306645510.jpg_361859172.webp","contentUrl":"https:\/\/www.yucatanencorto.com\/noticias\/wp-content\/uploads\/2026\/01\/img_7197_1_version1758306645510.jpg_361859172.webp","width":630,"height":476},{"@type":"BreadcrumbList","@id":"https:\/\/www.yucatanencorto.com\/noticias\/eliminaran-la-alerta-presidencial-en-los-celulares-durante-sismos-y-terremotos\/#breadcrumb","itemListElement":[{"@type":"ListItem","position":1,"name":"Portada","item":"https:\/\/www.yucatanencorto.com\/noticias\/"},{"@type":"ListItem","position":2,"name":"Eliminar\u00e1n la alerta presidencial en los celulares durante sismos y terremotos"}]},{"@type":"WebSite","@id":"https:\/\/www.yucatanencorto.com\/noticias\/#website","url":"https:\/\/www.yucatanencorto.com\/noticias\/","name":"Yucat\u00e1n en corto","description":"Noticias","potentialAction":[{"@type":"SearchAction","target":{"@type":"EntryPoint","urlTemplate":"https:\/\/www.yucatanencorto.com\/noticias\/?s={search_term_string}"},"query-input":{"@type":"PropertyValueSpecification","valueRequired":true,"valueName":"search_term_string"}}],"inLanguage":"es"},{"@type":"Person","@id":"https:\/\/www.yucatanencorto.com\/noticias\/#\/schema\/person\/f0ec40c33447bbc0dc2d01d3006de771","name":"Yucat\u00e1n en Corto","image":{"@type":"ImageObject","inLanguage":"es","@id":"https:\/\/secure.gravatar.com\/avatar\/20e0a6b626f38fa8e545fb3f80ce566efd790bf8877e65c3a482460cc3e0b5d1?s=96&d=mm&r=g","url":"https:\/\/secure.gravatar.com\/avatar\/20e0a6b626f38fa8e545fb3f80ce566efd790bf8877e65c3a482460cc3e0b5d1?s=96&d=mm&r=g","contentUrl":"https:\/\/secure.gravatar.com\/avatar\/20e0a6b626f38fa8e545fb3f80ce566efd790bf8877e65c3a482460cc3e0b5d1?s=96&d=mm&r=g","caption":"Yucat\u00e1n en Corto"},"url":"https:\/\/www.yucatanencorto.com\/noticias\/author\/editor25\/"}]}},"_links":{"self":[{"href":"https:\/\/www.yucatanencorto.com\/noticias\/wp-json\/wp\/v2\/posts\/116362","targetHints":{"allow":["GET"]}}],"collection":[{"href":"https:\/\/www.yucatanencorto.com\/noticias\/wp-json\/wp\/v2\/posts"}],"about":[{"href":"https:\/\/www.yucatanencorto.com\/noticias\/wp-json\/wp\/v2\/types\/post"}],"author":[{"embeddable":true,"href":"https:\/\/www.yucatanencorto.com\/noticias\/wp-json\/wp\/v2\/users\/4"}],"replies":[{"embeddable":true,"href":"https:\/\/www.yucatanencorto.com\/noticias\/wp-json\/wp\/v2\/comments?post=116362"}],"version-history":[{"count":1,"href":"https:\/\/www.yucatanencorto.com\/noticias\/wp-json\/wp\/v2\/posts\/116362\/revisions"}],"predecessor-version":[{"id":116364,"href":"https:\/\/www.yucatanencorto.com\/noticias\/wp-json\/wp\/v2\/posts\/116362\/revisions\/116364"}],"wp:featuredmedia":[{"embeddable":true,"href":"https:\/\/www.yucatanencorto.com\/noticias\/wp-json\/wp\/v2\/media\/116363"}],"wp:attachment":[{"href":"https:\/\/www.yucatanencorto.com\/noticias\/wp-json\/wp\/v2\/media?parent=116362"}],"wp:term":[{"taxonomy":"category","embeddable":true,"href":"https:\/\/www.yucatanencorto.com\/noticias\/wp-json\/wp\/v2\/categories?post=116362"},{"taxonomy":"post_tag","embeddable":true,"href":"https:\/\/www.yucatanencorto.com\/noticias\/wp-json\/wp\/v2\/tags?post=116362"}],"curies":[{"name":"wp","href":"https:\/\/api.w.org\/{rel}","templated":true}]}}