{"id":116365,"date":"2026-01-20T12:39:02","date_gmt":"2026-01-20T18:39:02","guid":{"rendered":"https:\/\/www.yucatanencorto.com\/noticias\/?p=116365"},"modified":"2026-01-20T12:39:02","modified_gmt":"2026-01-20T18:39:02","slug":"credencial-del-servicio-universal-de-salud-que-es-como-funciona-y-quienes-pueden-registrarse","status":"publish","type":"post","link":"https:\/\/www.yucatanencorto.com\/noticias\/credencial-del-servicio-universal-de-salud-que-es-como-funciona-y-quienes-pueden-registrarse\/","title":{"rendered":"Credencial del Servicio Universal de Salud: qu\u00e9 es, c\u00f3mo funciona y qui\u00e9nes pueden registrarse"},"content":{"rendered":"<p data-t=\"{&quot;n&quot;:&quot;blueLinks&quot;,&quot;t&quot;:13,&quot;a&quot;:&quot;click&quot;,&quot;b&quot;:76}\"><img loading=\"lazy\" decoding=\"async\" class=\"alignnone size-full wp-image-116366\" src=\"https:\/\/www.yucatanencorto.com\/noticias\/wp-content\/uploads\/2026\/01\/\u00bfQue-es-la-nueva-credencial-del-Sistema-de-Salud-Universal-y-quien-debe-tramitarla-en-2026-scaled.webp\" alt=\"\" width=\"768\" height=\"512\" srcset=\"https:\/\/www.yucatanencorto.com\/noticias\/wp-content\/uploads\/2026\/01\/\u00bfQue-es-la-nueva-credencial-del-Sistema-de-Salud-Universal-y-quien-debe-tramitarla-en-2026-scaled.webp 768w, https:\/\/www.yucatanencorto.com\/noticias\/wp-content\/uploads\/2026\/01\/\u00bfQue-es-la-nueva-credencial-del-Sistema-de-Salud-Universal-y-quien-debe-tramitarla-en-2026-150x100.webp 150w, https:\/\/www.yucatanencorto.com\/noticias\/wp-content\/uploads\/2026\/01\/\u00bfQue-es-la-nueva-credencial-del-Sistema-de-Salud-Universal-y-quien-debe-tramitarla-en-2026-300x200.webp 300w, https:\/\/www.yucatanencorto.com\/noticias\/wp-content\/uploads\/2026\/01\/\u00bfQue-es-la-nueva-credencial-del-Sistema-de-Salud-Universal-y-quien-debe-tramitarla-en-2026-696x464.webp 696w\" sizes=\"auto, (max-width: 768px) 100vw, 768px\" \/><\/p>\n<p data-t=\"{&quot;n&quot;:&quot;blueLinks&quot;,&quot;t&quot;:13,&quot;a&quot;:&quot;click&quot;,&quot;b&quot;:76}\">Eduardo Clark Garc\u00eda Dobarganes, subsecretario de Integraci\u00f3n Sectorial y Desarrollo de la\u00a0Secretar\u00eda de Salud, present\u00f3 la nueva\u00a0credencial de salud, un documento que permitir\u00e1 el\u00a0acceso gratuito a servicios m\u00e9dicos en cualquier instituci\u00f3n p\u00fablica del pa\u00eds.<\/p>\n<p data-t=\"{&quot;n&quot;:&quot;blueLinks&quot;,&quot;t&quot;:13,&quot;a&quot;:&quot;click&quot;,&quot;b&quot;:76}\">Durante la presentaci\u00f3n, el funcionario explic\u00f3 que esta identificaci\u00f3n no solo acreditar\u00e1 la\u00a0derechohabiencia\u00a0del titular, sino que tambi\u00e9n indicar\u00e1\u00a0a qu\u00e9 sistema de salud pertenece\u00a0y\u00a0cu\u00e1l es su unidad o cl\u00ednica de atenci\u00f3n primaria m\u00e1s cercana.<\/p>\n<p data-t=\"{&quot;n&quot;:&quot;blueLinks&quot;,&quot;t&quot;:13,&quot;a&quot;:&quot;click&quot;,&quot;b&quot;:76}\">Adem\u00e1s, la credencial estar\u00e1 vinculada a un\u00a0expediente digital, donde se concentrar\u00e1 el\u00a0historial m\u00e9dico o cl\u00ednico, as\u00ed como\u00a0citas, estudios y recetas, con el objetivo de facilitar la atenci\u00f3n y evitar duplicidad de tr\u00e1mites entre instituciones.<\/p>\n<h3 class=\"article-sub-heading\">Arranca credencializaci\u00f3n en todo el pa\u00eds<\/h3>\n<p data-t=\"{&quot;n&quot;:&quot;blueLinks&quot;,&quot;t&quot;:13,&quot;a&quot;:&quot;click&quot;,&quot;b&quot;:76}\">El proceso de credencializaci\u00f3n iniciar\u00e1 con\u00a098 millones de personas\u00a0que viven en estados federalizados. Para ello, se instalar\u00e1n\u00a02,365 m\u00f3dulos del Bienestar en una primera etapa, con la participaci\u00f3n de\u00a014 mil servidores de la Naci\u00f3n\u00a0y\u00a09,700 equipos de registro, equipados para la captura de\u00a0huellas dactilares y fotograf\u00edas.<\/p>\n<p data-t=\"{&quot;n&quot;:&quot;blueLinks&quot;,&quot;t&quot;:13,&quot;a&quot;:&quot;click&quot;,&quot;b&quot;:76}\">Las autoridades precisaron que\u00a0los menores de edad podr\u00e1n registrarse acompa\u00f1ados de sus padres, incluso si la\u00a0letra inicial de su apellido no corresponde al d\u00eda asignado, con el fin de no retrasar el proceso y facilitar la inclusi\u00f3n familiar.<\/p>\n<h3 class=\"article-sub-heading\">\u00bfCu\u00e1ndo y d\u00f3nde ser\u00e1 el registro de la Credencial de Salud?<\/h3>\n<p data-t=\"{&quot;n&quot;:&quot;blueLinks&quot;,&quot;t&quot;:13,&quot;a&quot;:&quot;click&quot;,&quot;b&quot;:76}\">El\u00a0registro de la Credencial del Servicio Universal de Salud\u00a0se llevar\u00e1 a cabo\u00a0durante marzo de 2026, de forma presencial, en\u00a0m\u00f3dulos del Bienestar\u00a0instalados en todo el pa\u00eds. El tr\u00e1mite se organiza\u00a0por la letra inicial del primer apellido, con el objetivo de evitar saturaciones.<\/p>\n<div class=\"intra-article-module\" data-t=\"{&quot;n&quot;:&quot;intraArticle&quot;,&quot;t&quot;:13}\"><\/div>\n<p data-t=\"{&quot;n&quot;:&quot;blueLinks&quot;,&quot;t&quot;:13,&quot;a&quot;:&quot;click&quot;,&quot;b&quot;:76}\">El\u00a0horario de atenci\u00f3n ser\u00e1 de 9:00 de la ma\u00f1ana a 17:00 horas de la tarde, de lunes a s\u00e1bado. Tambi\u00e9n se habilitar\u00e1n d\u00edas especiales para personas rezagadas.<\/p>\n<p data-t=\"{&quot;n&quot;:&quot;blueLinks&quot;,&quot;t&quot;:13,&quot;a&quot;:&quot;click&quot;,&quot;b&quot;:76}\">Adem\u00e1s del calendario por apellido, el gobierno defini\u00f3\u00a0etapas por estado, arrancando de manera escalonada en dos grandes bloques:<\/p>\n<h3 class=\"article-sub-heading\">Estados que inician registro el 2 de marzo<\/h3>\n<p data-t=\"{&quot;n&quot;:&quot;blueLinks&quot;,&quot;t&quot;:13,&quot;a&quot;:&quot;click&quot;,&quot;b&quot;:76}\">A partir del\u00a02 de marzo, podr\u00e1n registrarse las personas que vivan en los siguientes estados:<\/p>\n<div class=\"article-list-slot\">\n<ul>\n<li data-t=\"{&quot;n&quot;:&quot;blueLinks&quot;,&quot;t&quot;:13,&quot;a&quot;:&quot;click&quot;,&quot;b&quot;:76}\">Baja California Sur<\/li>\n<li data-t=\"{&quot;n&quot;:&quot;blueLinks&quot;,&quot;t&quot;:13,&quot;a&quot;:&quot;click&quot;,&quot;b&quot;:76}\">Campeche<\/li>\n<li data-t=\"{&quot;n&quot;:&quot;blueLinks&quot;,&quot;t&quot;:13,&quot;a&quot;:&quot;click&quot;,&quot;b&quot;:76}\">Hidalgo<\/li>\n<li data-t=\"{&quot;n&quot;:&quot;blueLinks&quot;,&quot;t&quot;:13,&quot;a&quot;:&quot;click&quot;,&quot;b&quot;:76}\">Estado de M\u00e9xico<\/li>\n<li data-t=\"{&quot;n&quot;:&quot;blueLinks&quot;,&quot;t&quot;:13,&quot;a&quot;:&quot;click&quot;,&quot;b&quot;:76}\">Michoac\u00e1n<\/li>\n<li data-t=\"{&quot;n&quot;:&quot;blueLinks&quot;,&quot;t&quot;:13,&quot;a&quot;:&quot;click&quot;,&quot;b&quot;:76}\">Nayarit<\/li>\n<li data-t=\"{&quot;n&quot;:&quot;blueLinks&quot;,&quot;t&quot;:13,&quot;a&quot;:&quot;click&quot;,&quot;b&quot;:76}\">Puebla<\/li>\n<li data-t=\"{&quot;n&quot;:&quot;blueLinks&quot;,&quot;t&quot;:13,&quot;a&quot;:&quot;click&quot;,&quot;b&quot;:76}\">San Luis Potos\u00ed<\/li>\n<li data-t=\"{&quot;n&quot;:&quot;blueLinks&quot;,&quot;t&quot;:13,&quot;a&quot;:&quot;click&quot;,&quot;b&quot;:76}\">Sinaloa<\/li>\n<li data-t=\"{&quot;n&quot;:&quot;blueLinks&quot;,&quot;t&quot;:13,&quot;a&quot;:&quot;click&quot;,&quot;b&quot;:76}\">Sonora<\/li>\n<li data-t=\"{&quot;n&quot;:&quot;blueLinks&quot;,&quot;t&quot;:13,&quot;a&quot;:&quot;click&quot;,&quot;b&quot;:76}\">Tamaulipas<\/li>\n<li data-t=\"{&quot;n&quot;:&quot;blueLinks&quot;,&quot;t&quot;:13,&quot;a&quot;:&quot;click&quot;,&quot;b&quot;:76}\">Tlaxcala<\/li>\n<li data-t=\"{&quot;n&quot;:&quot;blueLinks&quot;,&quot;t&quot;:13,&quot;a&quot;:&quot;click&quot;,&quot;b&quot;:76}\">Yucat\u00e1n<\/li>\n<li data-t=\"{&quot;n&quot;:&quot;blueLinks&quot;,&quot;t&quot;:13,&quot;a&quot;:&quot;click&quot;,&quot;b&quot;:76}\">Zacatecas<\/li>\n<\/ul>\n<\/div>\n<h3 class=\"article-sub-heading\">Estados que se incorporan desde el 23 de marzo<\/h3>\n<p data-t=\"{&quot;n&quot;:&quot;blueLinks&quot;,&quot;t&quot;:13,&quot;a&quot;:&quot;click&quot;,&quot;b&quot;:76}\">A partir del\u00a023 de marzo, el registro se abrir\u00e1 para habitantes de:<\/p>\n<div class=\"article-list-slot\">\n<ul>\n<li data-t=\"{&quot;n&quot;:&quot;blueLinks&quot;,&quot;t&quot;:13,&quot;a&quot;:&quot;click&quot;,&quot;b&quot;:76}\">Baja California<\/li>\n<li data-t=\"{&quot;n&quot;:&quot;blueLinks&quot;,&quot;t&quot;:13,&quot;a&quot;:&quot;click&quot;,&quot;b&quot;:76}\">Chiapas<\/li>\n<li data-t=\"{&quot;n&quot;:&quot;blueLinks&quot;,&quot;t&quot;:13,&quot;a&quot;:&quot;click&quot;,&quot;b&quot;:76}\">Ciudad de M\u00e9xico<\/li>\n<li data-t=\"{&quot;n&quot;:&quot;blueLinks&quot;,&quot;t&quot;:13,&quot;a&quot;:&quot;click&quot;,&quot;b&quot;:76}\">Colima<\/li>\n<li data-t=\"{&quot;n&quot;:&quot;blueLinks&quot;,&quot;t&quot;:13,&quot;a&quot;:&quot;click&quot;,&quot;b&quot;:76}\">Guerrero<\/li>\n<li data-t=\"{&quot;n&quot;:&quot;blueLinks&quot;,&quot;t&quot;:13,&quot;a&quot;:&quot;click&quot;,&quot;b&quot;:76}\">Morelos<\/li>\n<li data-t=\"{&quot;n&quot;:&quot;blueLinks&quot;,&quot;t&quot;:13,&quot;a&quot;:&quot;click&quot;,&quot;b&quot;:76}\">Oaxaca<\/li>\n<li data-t=\"{&quot;n&quot;:&quot;blueLinks&quot;,&quot;t&quot;:13,&quot;a&quot;:&quot;click&quot;,&quot;b&quot;:76}\">Quintana Roo<\/li>\n<li data-t=\"{&quot;n&quot;:&quot;blueLinks&quot;,&quot;t&quot;:13,&quot;a&quot;:&quot;click&quot;,&quot;b&quot;:76}\">Veracruz<\/li>\n<\/ul>\n<\/div>\n<div class=\"article-image-slot image-slot-placeholder\" data-doc-id=\"cms\/api\/amp\/image\/AA1UAE3J\">\n<div class=\"article-image-slot\">\n<div class=\"article-image-container polished\" data-t=\"{&quot;n&quot;:&quot;OpenModal&quot;,&quot;t&quot;:13,&quot;b&quot;:8,&quot;c.i&quot;:&quot;AA1UADIK&quot;,&quot;c.l&quot;:false,&quot;c.t&quot;:13,&quot;c.v&quot;:&quot;news&quot;,&quot;c.c&quot;:&quot;newsmexico&quot;,&quot;c.b&quot;:&quot;Publimetro Mexico&quot;,&quot;c.bi&quot;:&quot;BB1cVKjW&quot;,&quot;c.tv&quot;:&quot;public-safety-and-emergencies&quot;,&quot;c.tc&quot;:&quot;health-and-safety-alerts&quot;,&quot;c.hl&quot;:&quot;Credencial del Servicio Universal de Salud: qu\u00e9 es, c\u00f3mo funciona y qui\u00e9nes pueden registrarse&quot;}\" data-test-id=\"AA1UAE3J\">\n<div>\n<h3 class=\"article-sub-heading\">\u00bfD\u00f3nde registrarse?<\/h3>\n<p data-t=\"{&quot;n&quot;:&quot;blueLinks&quot;,&quot;t&quot;:13,&quot;a&quot;:&quot;click&quot;,&quot;b&quot;:76}\">El tr\u00e1mite se realizar\u00e1\u00a0exclusivamente en m\u00f3dulos del Bienestar, coordinados por la\u00a0Secretar\u00eda de Bienestar, con apoyo de brigadas equipadas para\u00a0toma de fotograf\u00eda, huellas dactilares y validaci\u00f3n de datos.<\/p>\n<p data-t=\"{&quot;n&quot;:&quot;blueLinks&quot;,&quot;t&quot;:13,&quot;a&quot;:&quot;click&quot;,&quot;b&quot;:76}\">Las autoridades recordaron que\u00a0los menores de edad pueden registrarse acompa\u00f1ados de madre, padre o tutor, incluso si la letra del apellido no corresponde al d\u00eda asignado, siempre que el adulto complete primero su tr\u00e1mite.<\/p>\n<p data-t=\"{&quot;n&quot;:&quot;blueLinks&quot;,&quot;t&quot;:13,&quot;a&quot;:&quot;click&quot;,&quot;b&quot;:76}\">La recomendaci\u00f3n es\u00a0acudir en la fecha indicada, llevar los documentos completos y estar atento a la informaci\u00f3n oficial para ubicar el m\u00f3dulo m\u00e1s cercano.<\/p>\n<h3 class=\"article-sub-heading\">\u00bfC\u00f3mo funciona el calendario de registro por apellido?<\/h3>\n<p data-t=\"{&quot;n&quot;:&quot;blueLinks&quot;,&quot;t&quot;:13,&quot;a&quot;:&quot;click&quot;,&quot;b&quot;:76}\">El\u00a0registro de la Credencial del Servicio Universal de Salud\u00a0se har\u00e1\u00a0durante marzo de 2026\u00a0y estar\u00e1 organizado\u00a0por la letra inicial del primer apellido\u00a0de cada persona. La idea es ordenar la atenci\u00f3n y evitar filas largas.<\/p>\n<p data-t=\"{&quot;n&quot;:&quot;blueLinks&quot;,&quot;t&quot;:13,&quot;a&quot;:&quot;click&quot;,&quot;b&quot;:76}\">Funciona as\u00ed:<\/p>\n<div class=\"article-list-slot\">\n<ul>\n<li data-t=\"{&quot;n&quot;:&quot;blueLinks&quot;,&quot;t&quot;:13,&quot;a&quot;:&quot;click&quot;,&quot;b&quot;:76}\">Cada letra (o grupo de letras)\u00a0tiene\u00a0un d\u00eda espec\u00edfico de la semana\u00a0asignado.<\/li>\n<li data-t=\"{&quot;n&quot;:&quot;blueLinks&quot;,&quot;t&quot;:13,&quot;a&quot;:&quot;click&quot;,&quot;b&quot;:76}\">Adem\u00e1s, cada letra tiene\u00a0dos fechas distintas en el mes, por si no puedes acudir la primera vez.<\/li>\n<li data-t=\"{&quot;n&quot;:&quot;blueLinks&quot;,&quot;t&quot;:13,&quot;a&quot;:&quot;click&quot;,&quot;b&quot;:76}\">El tr\u00e1mite se atiende\u00a0de lunes a viernes, y los\u00a0s\u00e1bados quedan para personas rezagadas.<\/li>\n<li data-t=\"{&quot;n&quot;:&quot;blueLinks&quot;,&quot;t&quot;:13,&quot;a&quot;:&quot;click&quot;,&quot;b&quot;:76}\">El\u00a0horario de atenci\u00f3n es de 9:00 de la ma\u00f1ana a 5:00 de la tarde.<\/li>\n<\/ul>\n<\/div>\n<h4 class=\"article-sub-heading\">Ejemplo pr\u00e1ctico:<\/h4>\n<div class=\"article-list-slot\">\n<ul>\n<li data-t=\"{&quot;n&quot;:&quot;blueLinks&quot;,&quot;t&quot;:13,&quot;a&quot;:&quot;click&quot;,&quot;b&quot;:76}\">Si tu primer apellido empieza con\u00a0A o B, te toca\u00a0los lunes 2 o 30 de marzo.<\/li>\n<li data-t=\"{&quot;n&quot;:&quot;blueLinks&quot;,&quot;t&quot;:13,&quot;a&quot;:&quot;click&quot;,&quot;b&quot;:76}\">Si empieza con\u00a0C, puedes acudir\u00a0martes 3, 17 o 31 de marzo.<\/li>\n<li data-t=\"{&quot;n&quot;:&quot;blueLinks&quot;,&quot;t&quot;:13,&quot;a&quot;:&quot;click&quot;,&quot;b&quot;:76}\">Si empieza con\u00a0M, te corresponde\u00a0lunes 9 o 23 de marzo.<\/li>\n<li data-t=\"{&quot;n&quot;:&quot;blueLinks&quot;,&quot;t&quot;:13,&quot;a&quot;:&quot;click&quot;,&quot;b&quot;:76}\">Para apellidos que inician con\u00a0V, W, X, Y o Z, el registro ser\u00e1\u00a0viernes 13 o 27 de marzo.<\/li>\n<\/ul>\n<\/div>\n<h4 class=\"article-sub-heading\">\u00bfY si no puedes ir el d\u00eda que te toca?<\/h4>\n<p data-t=\"{&quot;n&quot;:&quot;blueLinks&quot;,&quot;t&quot;:13,&quot;a&quot;:&quot;click&quot;,&quot;b&quot;:76}\">No pasa nada. El calendario incluye\u00a0d\u00edas para rezagados:<\/p>\n<div class=\"intra-article-module\" data-t=\"{&quot;n&quot;:&quot;intraArticle&quot;,&quot;t&quot;:13}\"><\/div>\n<div class=\"article-list-slot\">\n<ul>\n<li data-t=\"{&quot;n&quot;:&quot;blueLinks&quot;,&quot;t&quot;:13,&quot;a&quot;:&quot;click&quot;,&quot;b&quot;:76}\">S\u00e1bados 7 y 21 de marzo: rezagados de apellidos\u00a0A a K<\/li>\n<li data-t=\"{&quot;n&quot;:&quot;blueLinks&quot;,&quot;t&quot;:13,&quot;a&quot;:&quot;click&quot;,&quot;b&quot;:76}\">S\u00e1bados 14 y 28 de marzo: rezagados de apellidos\u00a0M a Z<\/li>\n<\/ul>\n<\/div>\n<p data-t=\"{&quot;n&quot;:&quot;blueLinks&quot;,&quot;t&quot;:13,&quot;a&quot;:&quot;click&quot;,&quot;b&quot;:76}\">Adem\u00e1s, las autoridades aclararon que\u00a0los menores de edad pueden registrarse junto con sus padres o tutores, incluso si la letra del apellido\u00a0no coincide con el d\u00eda asignado, siempre que el adulto haga primero su tr\u00e1mite.<\/p>\n<\/div>\n<\/div>\n<\/div>\n<\/div>\n","protected":false},"excerpt":{"rendered":"<p>Eduardo Clark Garc\u00eda Dobarganes, subsecretario de Integraci\u00f3n Sectorial y Desarrollo de la\u00a0Secretar\u00eda de Salud, present\u00f3 la nueva\u00a0credencial de salud, un documento que permitir\u00e1 el\u00a0acceso gratuito a servicios m\u00e9dicos en cualquier instituci\u00f3n p\u00fablica del pa\u00eds. Durante la presentaci\u00f3n, el funcionario explic\u00f3 que esta identificaci\u00f3n no solo acreditar\u00e1 la\u00a0derechohabiencia\u00a0del titular, sino que tambi\u00e9n indicar\u00e1\u00a0a qu\u00e9 sistema de [&hellip;]<\/p>\n","protected":false},"author":4,"featured_media":116366,"comment_status":"closed","ping_status":"closed","sticky":false,"template":"","format":"standard","meta":{"footnotes":""},"categories":[4],"tags":[],"class_list":{"0":"post-116365","1":"post","2":"type-post","3":"status-publish","4":"format-standard","5":"has-post-thumbnail","7":"category-mexico"},"yoast_head":"<!-- This site is optimized with the Yoast SEO plugin v27.4 - https:\/\/yoast.com\/product\/yoast-seo-wordpress\/ -->\n<title>Credencial del Servicio Universal de Salud: qu\u00e9 es, c\u00f3mo funciona y qui\u00e9nes pueden registrarse - Yucat\u00e1n en corto<\/title>\n<meta name=\"robots\" content=\"index, follow, max-snippet:-1, max-image-preview:large, max-video-preview:-1\" \/>\n<link rel=\"canonical\" href=\"https:\/\/www.yucatanencorto.com\/noticias\/credencial-del-servicio-universal-de-salud-que-es-como-funciona-y-quienes-pueden-registrarse\/\" \/>\n<meta property=\"og:locale\" content=\"es_ES\" \/>\n<meta property=\"og:type\" content=\"article\" \/>\n<meta property=\"og:title\" content=\"Credencial del Servicio Universal de Salud: qu\u00e9 es, c\u00f3mo funciona y qui\u00e9nes pueden registrarse - Yucat\u00e1n en corto\" \/>\n<meta property=\"og:description\" content=\"Eduardo Clark Garc\u00eda Dobarganes, subsecretario de Integraci\u00f3n Sectorial y Desarrollo de la\u00a0Secretar\u00eda de Salud, present\u00f3 la nueva\u00a0credencial de salud, un documento que permitir\u00e1 el\u00a0acceso gratuito a servicios m\u00e9dicos en cualquier instituci\u00f3n p\u00fablica del pa\u00eds. Durante la presentaci\u00f3n, el funcionario explic\u00f3 que esta identificaci\u00f3n no solo acreditar\u00e1 la\u00a0derechohabiencia\u00a0del titular, sino que tambi\u00e9n indicar\u00e1\u00a0a qu\u00e9 sistema de [&hellip;]\" \/>\n<meta property=\"og:url\" content=\"https:\/\/www.yucatanencorto.com\/noticias\/credencial-del-servicio-universal-de-salud-que-es-como-funciona-y-quienes-pueden-registrarse\/\" \/>\n<meta property=\"og:site_name\" content=\"Yucat\u00e1n en corto\" \/>\n<meta property=\"article:publisher\" content=\"http:\/\/www.facebook.com\/yucatanencorto\" \/>\n<meta property=\"article:published_time\" content=\"2026-01-20T18:39:02+00:00\" \/>\n<meta property=\"og:image\" content=\"https:\/\/www.yucatanencorto.com\/noticias\/wp-content\/uploads\/2026\/01\/\u00bfQue-es-la-nueva-credencial-del-Sistema-de-Salud-Universal-y-quien-debe-tramitarla-en-2026-scaled.webp\" \/>\n\t<meta property=\"og:image:width\" content=\"768\" \/>\n\t<meta property=\"og:image:height\" content=\"512\" \/>\n\t<meta property=\"og:image:type\" content=\"image\/webp\" \/>\n<meta name=\"author\" content=\"Yucat\u00e1n en Corto\" \/>\n<meta name=\"twitter:card\" content=\"summary_large_image\" \/>\n<meta name=\"twitter:creator\" content=\"@yucatanencorto\" \/>\n<meta name=\"twitter:site\" content=\"@yucatanencorto\" \/>\n<meta name=\"twitter:label1\" content=\"Escrito por\" \/>\n\t<meta name=\"twitter:data1\" content=\"Yucat\u00e1n en Corto\" \/>\n\t<meta name=\"twitter:label2\" content=\"Tiempo de lectura\" \/>\n\t<meta name=\"twitter:data2\" content=\"4 minutos\" \/>\n<script type=\"application\/ld+json\" class=\"yoast-schema-graph\">{\"@context\":\"https:\\\/\\\/schema.org\",\"@graph\":[{\"@type\":\"Article\",\"@id\":\"https:\\\/\\\/www.yucatanencorto.com\\\/noticias\\\/credencial-del-servicio-universal-de-salud-que-es-como-funciona-y-quienes-pueden-registrarse\\\/#article\",\"isPartOf\":{\"@id\":\"https:\\\/\\\/www.yucatanencorto.com\\\/noticias\\\/credencial-del-servicio-universal-de-salud-que-es-como-funciona-y-quienes-pueden-registrarse\\\/\"},\"author\":{\"name\":\"Yucat\u00e1n en Corto\",\"@id\":\"https:\\\/\\\/www.yucatanencorto.com\\\/noticias\\\/#\\\/schema\\\/person\\\/f0ec40c33447bbc0dc2d01d3006de771\"},\"headline\":\"Credencial del Servicio Universal de Salud: qu\u00e9 es, c\u00f3mo funciona y qui\u00e9nes pueden registrarse\",\"datePublished\":\"2026-01-20T18:39:02+00:00\",\"mainEntityOfPage\":{\"@id\":\"https:\\\/\\\/www.yucatanencorto.com\\\/noticias\\\/credencial-del-servicio-universal-de-salud-que-es-como-funciona-y-quienes-pueden-registrarse\\\/\"},\"wordCount\":808,\"image\":{\"@id\":\"https:\\\/\\\/www.yucatanencorto.com\\\/noticias\\\/credencial-del-servicio-universal-de-salud-que-es-como-funciona-y-quienes-pueden-registrarse\\\/#primaryimage\"},\"thumbnailUrl\":\"https:\\\/\\\/www.yucatanencorto.com\\\/noticias\\\/wp-content\\\/uploads\\\/2026\\\/01\\\/\u00bfQue-es-la-nueva-credencial-del-Sistema-de-Salud-Universal-y-quien-debe-tramitarla-en-2026-scaled.webp\",\"articleSection\":[\"M\u00e9xico\"],\"inLanguage\":\"es\"},{\"@type\":\"WebPage\",\"@id\":\"https:\\\/\\\/www.yucatanencorto.com\\\/noticias\\\/credencial-del-servicio-universal-de-salud-que-es-como-funciona-y-quienes-pueden-registrarse\\\/\",\"url\":\"https:\\\/\\\/www.yucatanencorto.com\\\/noticias\\\/credencial-del-servicio-universal-de-salud-que-es-como-funciona-y-quienes-pueden-registrarse\\\/\",\"name\":\"Credencial del Servicio Universal de Salud: qu\u00e9 es, c\u00f3mo funciona y qui\u00e9nes pueden registrarse - Yucat\u00e1n en corto\",\"isPartOf\":{\"@id\":\"https:\\\/\\\/www.yucatanencorto.com\\\/noticias\\\/#website\"},\"primaryImageOfPage\":{\"@id\":\"https:\\\/\\\/www.yucatanencorto.com\\\/noticias\\\/credencial-del-servicio-universal-de-salud-que-es-como-funciona-y-quienes-pueden-registrarse\\\/#primaryimage\"},\"image\":{\"@id\":\"https:\\\/\\\/www.yucatanencorto.com\\\/noticias\\\/credencial-del-servicio-universal-de-salud-que-es-como-funciona-y-quienes-pueden-registrarse\\\/#primaryimage\"},\"thumbnailUrl\":\"https:\\\/\\\/www.yucatanencorto.com\\\/noticias\\\/wp-content\\\/uploads\\\/2026\\\/01\\\/\u00bfQue-es-la-nueva-credencial-del-Sistema-de-Salud-Universal-y-quien-debe-tramitarla-en-2026-scaled.webp\",\"datePublished\":\"2026-01-20T18:39:02+00:00\",\"author\":{\"@id\":\"https:\\\/\\\/www.yucatanencorto.com\\\/noticias\\\/#\\\/schema\\\/person\\\/f0ec40c33447bbc0dc2d01d3006de771\"},\"breadcrumb\":{\"@id\":\"https:\\\/\\\/www.yucatanencorto.com\\\/noticias\\\/credencial-del-servicio-universal-de-salud-que-es-como-funciona-y-quienes-pueden-registrarse\\\/#breadcrumb\"},\"inLanguage\":\"es\",\"potentialAction\":[{\"@type\":\"ReadAction\",\"target\":[\"https:\\\/\\\/www.yucatanencorto.com\\\/noticias\\\/credencial-del-servicio-universal-de-salud-que-es-como-funciona-y-quienes-pueden-registrarse\\\/\"]}]},{\"@type\":\"ImageObject\",\"inLanguage\":\"es\",\"@id\":\"https:\\\/\\\/www.yucatanencorto.com\\\/noticias\\\/credencial-del-servicio-universal-de-salud-que-es-como-funciona-y-quienes-pueden-registrarse\\\/#primaryimage\",\"url\":\"https:\\\/\\\/www.yucatanencorto.com\\\/noticias\\\/wp-content\\\/uploads\\\/2026\\\/01\\\/\u00bfQue-es-la-nueva-credencial-del-Sistema-de-Salud-Universal-y-quien-debe-tramitarla-en-2026-scaled.webp\",\"contentUrl\":\"https:\\\/\\\/www.yucatanencorto.com\\\/noticias\\\/wp-content\\\/uploads\\\/2026\\\/01\\\/\u00bfQue-es-la-nueva-credencial-del-Sistema-de-Salud-Universal-y-quien-debe-tramitarla-en-2026-scaled.webp\",\"width\":768,\"height\":512},{\"@type\":\"BreadcrumbList\",\"@id\":\"https:\\\/\\\/www.yucatanencorto.com\\\/noticias\\\/credencial-del-servicio-universal-de-salud-que-es-como-funciona-y-quienes-pueden-registrarse\\\/#breadcrumb\",\"itemListElement\":[{\"@type\":\"ListItem\",\"position\":1,\"name\":\"Portada\",\"item\":\"https:\\\/\\\/www.yucatanencorto.com\\\/noticias\\\/\"},{\"@type\":\"ListItem\",\"position\":2,\"name\":\"Credencial del Servicio Universal de Salud: qu\u00e9 es, c\u00f3mo funciona y qui\u00e9nes pueden registrarse\"}]},{\"@type\":\"WebSite\",\"@id\":\"https:\\\/\\\/www.yucatanencorto.com\\\/noticias\\\/#website\",\"url\":\"https:\\\/\\\/www.yucatanencorto.com\\\/noticias\\\/\",\"name\":\"Yucat\u00e1n en corto\",\"description\":\"Noticias\",\"potentialAction\":[{\"@type\":\"SearchAction\",\"target\":{\"@type\":\"EntryPoint\",\"urlTemplate\":\"https:\\\/\\\/www.yucatanencorto.com\\\/noticias\\\/?s={search_term_string}\"},\"query-input\":{\"@type\":\"PropertyValueSpecification\",\"valueRequired\":true,\"valueName\":\"search_term_string\"}}],\"inLanguage\":\"es\"},{\"@type\":\"Person\",\"@id\":\"https:\\\/\\\/www.yucatanencorto.com\\\/noticias\\\/#\\\/schema\\\/person\\\/f0ec40c33447bbc0dc2d01d3006de771\",\"name\":\"Yucat\u00e1n en Corto\",\"image\":{\"@type\":\"ImageObject\",\"inLanguage\":\"es\",\"@id\":\"https:\\\/\\\/secure.gravatar.com\\\/avatar\\\/20e0a6b626f38fa8e545fb3f80ce566efd790bf8877e65c3a482460cc3e0b5d1?s=96&d=mm&r=g\",\"url\":\"https:\\\/\\\/secure.gravatar.com\\\/avatar\\\/20e0a6b626f38fa8e545fb3f80ce566efd790bf8877e65c3a482460cc3e0b5d1?s=96&d=mm&r=g\",\"contentUrl\":\"https:\\\/\\\/secure.gravatar.com\\\/avatar\\\/20e0a6b626f38fa8e545fb3f80ce566efd790bf8877e65c3a482460cc3e0b5d1?s=96&d=mm&r=g\",\"caption\":\"Yucat\u00e1n en Corto\"},\"url\":\"https:\\\/\\\/www.yucatanencorto.com\\\/noticias\\\/author\\\/editor25\\\/\"}]}<\/script>\n<!-- \/ Yoast SEO plugin. -->","yoast_head_json":{"title":"Credencial del Servicio Universal de Salud: qu\u00e9 es, c\u00f3mo funciona y qui\u00e9nes pueden registrarse - Yucat\u00e1n en corto","robots":{"index":"index","follow":"follow","max-snippet":"max-snippet:-1","max-image-preview":"max-image-preview:large","max-video-preview":"max-video-preview:-1"},"canonical":"https:\/\/www.yucatanencorto.com\/noticias\/credencial-del-servicio-universal-de-salud-que-es-como-funciona-y-quienes-pueden-registrarse\/","og_locale":"es_ES","og_type":"article","og_title":"Credencial del Servicio Universal de Salud: qu\u00e9 es, c\u00f3mo funciona y qui\u00e9nes pueden registrarse - Yucat\u00e1n en corto","og_description":"Eduardo Clark Garc\u00eda Dobarganes, subsecretario de Integraci\u00f3n Sectorial y Desarrollo de la\u00a0Secretar\u00eda de Salud, present\u00f3 la nueva\u00a0credencial de salud, un documento que permitir\u00e1 el\u00a0acceso gratuito a servicios m\u00e9dicos en cualquier instituci\u00f3n p\u00fablica del pa\u00eds. Durante la presentaci\u00f3n, el funcionario explic\u00f3 que esta identificaci\u00f3n no solo acreditar\u00e1 la\u00a0derechohabiencia\u00a0del titular, sino que tambi\u00e9n indicar\u00e1\u00a0a qu\u00e9 sistema de [&hellip;]","og_url":"https:\/\/www.yucatanencorto.com\/noticias\/credencial-del-servicio-universal-de-salud-que-es-como-funciona-y-quienes-pueden-registrarse\/","og_site_name":"Yucat\u00e1n en corto","article_publisher":"http:\/\/www.facebook.com\/yucatanencorto","article_published_time":"2026-01-20T18:39:02+00:00","og_image":[{"width":768,"height":512,"url":"https:\/\/www.yucatanencorto.com\/noticias\/wp-content\/uploads\/2026\/01\/\u00bfQue-es-la-nueva-credencial-del-Sistema-de-Salud-Universal-y-quien-debe-tramitarla-en-2026-scaled.webp","type":"image\/webp"}],"author":"Yucat\u00e1n en Corto","twitter_card":"summary_large_image","twitter_creator":"@yucatanencorto","twitter_site":"@yucatanencorto","twitter_misc":{"Escrito por":"Yucat\u00e1n en Corto","Tiempo de lectura":"4 minutos"},"schema":{"@context":"https:\/\/schema.org","@graph":[{"@type":"Article","@id":"https:\/\/www.yucatanencorto.com\/noticias\/credencial-del-servicio-universal-de-salud-que-es-como-funciona-y-quienes-pueden-registrarse\/#article","isPartOf":{"@id":"https:\/\/www.yucatanencorto.com\/noticias\/credencial-del-servicio-universal-de-salud-que-es-como-funciona-y-quienes-pueden-registrarse\/"},"author":{"name":"Yucat\u00e1n en Corto","@id":"https:\/\/www.yucatanencorto.com\/noticias\/#\/schema\/person\/f0ec40c33447bbc0dc2d01d3006de771"},"headline":"Credencial del Servicio Universal de Salud: qu\u00e9 es, c\u00f3mo funciona y qui\u00e9nes pueden registrarse","datePublished":"2026-01-20T18:39:02+00:00","mainEntityOfPage":{"@id":"https:\/\/www.yucatanencorto.com\/noticias\/credencial-del-servicio-universal-de-salud-que-es-como-funciona-y-quienes-pueden-registrarse\/"},"wordCount":808,"image":{"@id":"https:\/\/www.yucatanencorto.com\/noticias\/credencial-del-servicio-universal-de-salud-que-es-como-funciona-y-quienes-pueden-registrarse\/#primaryimage"},"thumbnailUrl":"https:\/\/www.yucatanencorto.com\/noticias\/wp-content\/uploads\/2026\/01\/\u00bfQue-es-la-nueva-credencial-del-Sistema-de-Salud-Universal-y-quien-debe-tramitarla-en-2026-scaled.webp","articleSection":["M\u00e9xico"],"inLanguage":"es"},{"@type":"WebPage","@id":"https:\/\/www.yucatanencorto.com\/noticias\/credencial-del-servicio-universal-de-salud-que-es-como-funciona-y-quienes-pueden-registrarse\/","url":"https:\/\/www.yucatanencorto.com\/noticias\/credencial-del-servicio-universal-de-salud-que-es-como-funciona-y-quienes-pueden-registrarse\/","name":"Credencial del Servicio Universal de Salud: qu\u00e9 es, c\u00f3mo funciona y qui\u00e9nes pueden registrarse - Yucat\u00e1n en corto","isPartOf":{"@id":"https:\/\/www.yucatanencorto.com\/noticias\/#website"},"primaryImageOfPage":{"@id":"https:\/\/www.yucatanencorto.com\/noticias\/credencial-del-servicio-universal-de-salud-que-es-como-funciona-y-quienes-pueden-registrarse\/#primaryimage"},"image":{"@id":"https:\/\/www.yucatanencorto.com\/noticias\/credencial-del-servicio-universal-de-salud-que-es-como-funciona-y-quienes-pueden-registrarse\/#primaryimage"},"thumbnailUrl":"https:\/\/www.yucatanencorto.com\/noticias\/wp-content\/uploads\/2026\/01\/\u00bfQue-es-la-nueva-credencial-del-Sistema-de-Salud-Universal-y-quien-debe-tramitarla-en-2026-scaled.webp","datePublished":"2026-01-20T18:39:02+00:00","author":{"@id":"https:\/\/www.yucatanencorto.com\/noticias\/#\/schema\/person\/f0ec40c33447bbc0dc2d01d3006de771"},"breadcrumb":{"@id":"https:\/\/www.yucatanencorto.com\/noticias\/credencial-del-servicio-universal-de-salud-que-es-como-funciona-y-quienes-pueden-registrarse\/#breadcrumb"},"inLanguage":"es","potentialAction":[{"@type":"ReadAction","target":["https:\/\/www.yucatanencorto.com\/noticias\/credencial-del-servicio-universal-de-salud-que-es-como-funciona-y-quienes-pueden-registrarse\/"]}]},{"@type":"ImageObject","inLanguage":"es","@id":"https:\/\/www.yucatanencorto.com\/noticias\/credencial-del-servicio-universal-de-salud-que-es-como-funciona-y-quienes-pueden-registrarse\/#primaryimage","url":"https:\/\/www.yucatanencorto.com\/noticias\/wp-content\/uploads\/2026\/01\/\u00bfQue-es-la-nueva-credencial-del-Sistema-de-Salud-Universal-y-quien-debe-tramitarla-en-2026-scaled.webp","contentUrl":"https:\/\/www.yucatanencorto.com\/noticias\/wp-content\/uploads\/2026\/01\/\u00bfQue-es-la-nueva-credencial-del-Sistema-de-Salud-Universal-y-quien-debe-tramitarla-en-2026-scaled.webp","width":768,"height":512},{"@type":"BreadcrumbList","@id":"https:\/\/www.yucatanencorto.com\/noticias\/credencial-del-servicio-universal-de-salud-que-es-como-funciona-y-quienes-pueden-registrarse\/#breadcrumb","itemListElement":[{"@type":"ListItem","position":1,"name":"Portada","item":"https:\/\/www.yucatanencorto.com\/noticias\/"},{"@type":"ListItem","position":2,"name":"Credencial del Servicio Universal de Salud: qu\u00e9 es, c\u00f3mo funciona y qui\u00e9nes pueden registrarse"}]},{"@type":"WebSite","@id":"https:\/\/www.yucatanencorto.com\/noticias\/#website","url":"https:\/\/www.yucatanencorto.com\/noticias\/","name":"Yucat\u00e1n en corto","description":"Noticias","potentialAction":[{"@type":"SearchAction","target":{"@type":"EntryPoint","urlTemplate":"https:\/\/www.yucatanencorto.com\/noticias\/?s={search_term_string}"},"query-input":{"@type":"PropertyValueSpecification","valueRequired":true,"valueName":"search_term_string"}}],"inLanguage":"es"},{"@type":"Person","@id":"https:\/\/www.yucatanencorto.com\/noticias\/#\/schema\/person\/f0ec40c33447bbc0dc2d01d3006de771","name":"Yucat\u00e1n en Corto","image":{"@type":"ImageObject","inLanguage":"es","@id":"https:\/\/secure.gravatar.com\/avatar\/20e0a6b626f38fa8e545fb3f80ce566efd790bf8877e65c3a482460cc3e0b5d1?s=96&d=mm&r=g","url":"https:\/\/secure.gravatar.com\/avatar\/20e0a6b626f38fa8e545fb3f80ce566efd790bf8877e65c3a482460cc3e0b5d1?s=96&d=mm&r=g","contentUrl":"https:\/\/secure.gravatar.com\/avatar\/20e0a6b626f38fa8e545fb3f80ce566efd790bf8877e65c3a482460cc3e0b5d1?s=96&d=mm&r=g","caption":"Yucat\u00e1n en Corto"},"url":"https:\/\/www.yucatanencorto.com\/noticias\/author\/editor25\/"}]}},"_links":{"self":[{"href":"https:\/\/www.yucatanencorto.com\/noticias\/wp-json\/wp\/v2\/posts\/116365","targetHints":{"allow":["GET"]}}],"collection":[{"href":"https:\/\/www.yucatanencorto.com\/noticias\/wp-json\/wp\/v2\/posts"}],"about":[{"href":"https:\/\/www.yucatanencorto.com\/noticias\/wp-json\/wp\/v2\/types\/post"}],"author":[{"embeddable":true,"href":"https:\/\/www.yucatanencorto.com\/noticias\/wp-json\/wp\/v2\/users\/4"}],"replies":[{"embeddable":true,"href":"https:\/\/www.yucatanencorto.com\/noticias\/wp-json\/wp\/v2\/comments?post=116365"}],"version-history":[{"count":1,"href":"https:\/\/www.yucatanencorto.com\/noticias\/wp-json\/wp\/v2\/posts\/116365\/revisions"}],"predecessor-version":[{"id":116367,"href":"https:\/\/www.yucatanencorto.com\/noticias\/wp-json\/wp\/v2\/posts\/116365\/revisions\/116367"}],"wp:featuredmedia":[{"embeddable":true,"href":"https:\/\/www.yucatanencorto.com\/noticias\/wp-json\/wp\/v2\/media\/116366"}],"wp:attachment":[{"href":"https:\/\/www.yucatanencorto.com\/noticias\/wp-json\/wp\/v2\/media?parent=116365"}],"wp:term":[{"taxonomy":"category","embeddable":true,"href":"https:\/\/www.yucatanencorto.com\/noticias\/wp-json\/wp\/v2\/categories?post=116365"},{"taxonomy":"post_tag","embeddable":true,"href":"https:\/\/www.yucatanencorto.com\/noticias\/wp-json\/wp\/v2\/tags?post=116365"}],"curies":[{"name":"wp","href":"https:\/\/api.w.org\/{rel}","templated":true}]}}