{"id":116369,"date":"2026-01-22T15:49:32","date_gmt":"2026-01-22T21:49:32","guid":{"rendered":"https:\/\/www.yucatanencorto.com\/noticias\/?p=116369"},"modified":"2026-01-22T15:49:32","modified_gmt":"2026-01-22T21:49:32","slug":"acusan-a-gertz-manero-de-pactar-con-el-cjng-en-medio-del-traslado-de-37-reos-a-eu","status":"publish","type":"post","link":"https:\/\/www.yucatanencorto.com\/noticias\/acusan-a-gertz-manero-de-pactar-con-el-cjng-en-medio-del-traslado-de-37-reos-a-eu\/","title":{"rendered":"Acusan a Gertz Manero de pactar con el CJNG en medio del traslado de 37 reos a EU"},"content":{"rendered":"<figure id=\"attachment_116370\" aria-describedby=\"caption-attachment-116370\" style=\"width: 700px\" class=\"wp-caption alignnone\"><img loading=\"lazy\" decoding=\"async\" class=\"size-full wp-image-116370\" src=\"https:\/\/www.yucatanencorto.com\/noticias\/wp-content\/uploads\/2026\/01\/alejandro-gertz-manero.jpg\" alt=\"\" width=\"700\" height=\"625\" srcset=\"https:\/\/www.yucatanencorto.com\/noticias\/wp-content\/uploads\/2026\/01\/alejandro-gertz-manero.jpg 700w, https:\/\/www.yucatanencorto.com\/noticias\/wp-content\/uploads\/2026\/01\/alejandro-gertz-manero-150x134.jpg 150w, https:\/\/www.yucatanencorto.com\/noticias\/wp-content\/uploads\/2026\/01\/alejandro-gertz-manero-300x268.jpg 300w, https:\/\/www.yucatanencorto.com\/noticias\/wp-content\/uploads\/2026\/01\/alejandro-gertz-manero-696x621.jpg 696w\" sizes=\"auto, (max-width: 700px) 100vw, 700px\" \/><figcaption id=\"caption-attachment-116370\" class=\"wp-caption-text\">CIUDAD DE M\u00c9XICO, 25FEBRERO2025.- Alejandro Gertz Manero, titular de la Fiscal\u00eda General de la Rep\u00fablica, durante la conferencia ma\u00f1anera. FOTO: GUSTAVO ALBERTO \/CUARTOSCURO<\/figcaption><\/figure>\n<p data-t=\"{&quot;n&quot;:&quot;blueLinks&quot;,&quot;t&quot;:13,&quot;a&quot;:&quot;click&quot;,&quot;b&quot;:76}\">El exfuncionario\u00a0Sim\u00f3n Levy\u00a0volvi\u00f3 a generar controversia luego de publicar en\u00a0X (antes Twitter)\u00a0una serie de mensajes en los que lanz\u00f3\u00a0acusaciones directas contra el exfiscal general de la Rep\u00fablica, Alejandro Gertz Manero, en el contexto del reciente traslado de criminales de alto perfil a Estados Unidos.<\/p>\n<div class=\"intra-article-module\" data-t=\"{&quot;n&quot;:&quot;intraArticle&quot;,&quot;t&quot;:13}\"><\/div>\n<p data-t=\"{&quot;n&quot;:&quot;blueLinks&quot;,&quot;t&quot;:13,&quot;a&quot;:&quot;click&quot;,&quot;b&quot;:76}\">De acuerdo con lo difundido por Levy, el se\u00f1alamiento habr\u00eda escalado a instancias judiciales estadounidenses. En uno de sus mensajes, escribi\u00f3:\u00a0\u201cAlejandro Gertz Manero es formalmente acusado en una corte de Estados Unidos por haber permitido el pago de n\u00f3minas al Cartel Jalisco Nueva Generaci\u00f3n con el conocimiento de Andr\u00e9s Manuel L\u00f3pez Obrador y Audomaro Garc\u00eda.\u201d<\/p>\n<h2 class=\"article-sub-heading\">\u00bfQu\u00e9 afirma Sim\u00f3n Levy sobre una acusaci\u00f3n en Estados Unidos?<\/h2>\n<p class=\"continue-read-break\" data-t=\"{&quot;n&quot;:&quot;blueLinks&quot;,&quot;t&quot;:13,&quot;a&quot;:&quot;click&quot;,&quot;b&quot;:76}\">En sus publicaciones, Levy sostuvo que el caso ya habr\u00eda avanzado en tribunales. Seg\u00fan su versi\u00f3n,\u00a0\u201cYa tambi\u00e9n se presentaron los testimonios.\u201d\u00a0Estas afirmaciones fueron difundidas sin que, hasta el momento, se haya hecho p\u00fablica alguna resoluci\u00f3n judicial, documento oficial o comunicado de autoridades estadounidenses que confirme dichos se\u00f1alamientos.<\/p>\n<div class=\"intra-article-module\" data-t=\"{&quot;n&quot;:&quot;intraArticle&quot;,&quot;t&quot;:13}\"><\/div>\n<p data-t=\"{&quot;n&quot;:&quot;blueLinks&quot;,&quot;t&quot;:13,&quot;a&quot;:&quot;click&quot;,&quot;b&quot;:76}\">Levy tambi\u00e9n asegur\u00f3 que el proceso en curso no ser\u00eda el \u00fanico movimiento bilateral en materia de seguridad. En otro mensaje, afirm\u00f3:\u00a0\u201cEn pr\u00f3ximas horas tambi\u00e9n se entregar\u00e1n nuevos grupos de criminales a Estados Unidos.\u201d\u00a0La declaraci\u00f3n se dio en medio de la discusi\u00f3n p\u00fablica por el traslado reciente de decenas de reos.<\/p>\n<h2 class=\"article-sub-heading\">Contexto del traslado de criminales y reacci\u00f3n oficial<\/h2>\n<p class=\"\" data-t=\"{&quot;n&quot;:&quot;blueLinks&quot;,&quot;t&quot;:13,&quot;a&quot;:&quot;click&quot;,&quot;b&quot;:76}\">Las declaraciones de Levy surgieron tras el\u00a0traslado de 37 criminales de M\u00e9xico a Estados Unidos, una acci\u00f3n que el gobierno mexicano justific\u00f3 como parte de la cooperaci\u00f3n bilateral en el combate al crimen organizado. Este operativo reaviv\u00f3 el debate sobre los mecanismos legales utilizados y la estrategia de seguridad.<\/p>\n<div class=\"intra-article-module\" data-t=\"{&quot;n&quot;:&quot;intraArticle&quot;,&quot;t&quot;:13}\"><\/div>\n<p data-t=\"{&quot;n&quot;:&quot;blueLinks&quot;,&quot;t&quot;:13,&quot;a&quot;:&quot;click&quot;,&quot;b&quot;:76}\">Hasta ahora,\u00a0ninguna autoridad mexicana o estadounidense ha confirmado la existencia de una acusaci\u00f3n formal contra Gertz Manero, ni ha validado los se\u00f1alamientos sobre pagos al CJNG o la participaci\u00f3n de funcionarios de alto nivel. Tampoco se ha informado oficialmente sobre nuevos traslados de criminales en las pr\u00f3ximas horas.<\/p>\n<p data-t=\"{&quot;n&quot;:&quot;blueLinks&quot;,&quot;t&quot;:13,&quot;a&quot;:&quot;click&quot;,&quot;b&quot;:76}\">Especialistas subrayan que, aunque las acusaciones difundidas por Levy son graves,\u00a0deben ser corroboradas por instancias judiciales\u00a0para que puedan considerarse hechos comprobados. Mientras tanto, permanecen como\u00a0denuncias p\u00fablicas realizadas desde redes sociales.<\/p>\n<p data-t=\"{&quot;n&quot;:&quot;blueLinks&quot;,&quot;t&quot;:13,&quot;a&quot;:&quot;click&quot;,&quot;b&quot;:76}\">El caso ha intensificado la discusi\u00f3n sobre\u00a0transparencia, rendici\u00f3n de cuentas y cooperaci\u00f3n internacional, en un momento clave para la relaci\u00f3n bilateral entre M\u00e9xico y Estados Unidos en materia de seguridad, a la espera de que las autoridades competentes aclaren si estas acusaciones derivan en procesos legales formales.<\/p>\n","protected":false},"excerpt":{"rendered":"<p>El exfuncionario\u00a0Sim\u00f3n Levy\u00a0volvi\u00f3 a generar controversia luego de publicar en\u00a0X (antes Twitter)\u00a0una serie de mensajes en los que lanz\u00f3\u00a0acusaciones directas contra el exfiscal general de la Rep\u00fablica, Alejandro Gertz Manero, en el contexto del reciente traslado de criminales de alto perfil a Estados Unidos. De acuerdo con lo difundido por Levy, el se\u00f1alamiento habr\u00eda escalado [&hellip;]<\/p>\n","protected":false},"author":4,"featured_media":116370,"comment_status":"closed","ping_status":"closed","sticky":false,"template":"","format":"standard","meta":{"footnotes":""},"categories":[4],"tags":[],"class_list":{"0":"post-116369","1":"post","2":"type-post","3":"status-publish","4":"format-standard","5":"has-post-thumbnail","7":"category-mexico"},"yoast_head":"<!-- This site is optimized with the Yoast SEO plugin v27.4 - https:\/\/yoast.com\/product\/yoast-seo-wordpress\/ -->\n<title>Acusan a Gertz Manero de pactar con el CJNG en medio del traslado de 37 reos a EU - Yucat\u00e1n en corto<\/title>\n<meta name=\"robots\" content=\"index, follow, max-snippet:-1, max-image-preview:large, max-video-preview:-1\" \/>\n<link rel=\"canonical\" href=\"https:\/\/www.yucatanencorto.com\/noticias\/acusan-a-gertz-manero-de-pactar-con-el-cjng-en-medio-del-traslado-de-37-reos-a-eu\/\" \/>\n<meta property=\"og:locale\" content=\"es_ES\" \/>\n<meta property=\"og:type\" content=\"article\" \/>\n<meta property=\"og:title\" content=\"Acusan a Gertz Manero de pactar con el CJNG en medio del traslado de 37 reos a EU - Yucat\u00e1n en corto\" \/>\n<meta property=\"og:description\" content=\"El exfuncionario\u00a0Sim\u00f3n Levy\u00a0volvi\u00f3 a generar controversia luego de publicar en\u00a0X (antes Twitter)\u00a0una serie de mensajes en los que lanz\u00f3\u00a0acusaciones directas contra el exfiscal general de la Rep\u00fablica, Alejandro Gertz Manero, en el contexto del reciente traslado de criminales de alto perfil a Estados Unidos. De acuerdo con lo difundido por Levy, el se\u00f1alamiento habr\u00eda escalado [&hellip;]\" \/>\n<meta property=\"og:url\" content=\"https:\/\/www.yucatanencorto.com\/noticias\/acusan-a-gertz-manero-de-pactar-con-el-cjng-en-medio-del-traslado-de-37-reos-a-eu\/\" \/>\n<meta property=\"og:site_name\" content=\"Yucat\u00e1n en corto\" \/>\n<meta property=\"article:publisher\" content=\"http:\/\/www.facebook.com\/yucatanencorto\" \/>\n<meta property=\"article:published_time\" content=\"2026-01-22T21:49:32+00:00\" \/>\n<meta property=\"og:image\" content=\"https:\/\/www.yucatanencorto.com\/noticias\/wp-content\/uploads\/2026\/01\/alejandro-gertz-manero.jpg\" \/>\n\t<meta property=\"og:image:width\" content=\"700\" \/>\n\t<meta property=\"og:image:height\" content=\"625\" \/>\n\t<meta property=\"og:image:type\" content=\"image\/jpeg\" \/>\n<meta name=\"author\" content=\"Yucat\u00e1n en Corto\" \/>\n<meta name=\"twitter:card\" content=\"summary_large_image\" \/>\n<meta name=\"twitter:creator\" content=\"@yucatanencorto\" \/>\n<meta name=\"twitter:site\" content=\"@yucatanencorto\" \/>\n<meta name=\"twitter:label1\" content=\"Escrito por\" \/>\n\t<meta name=\"twitter:data1\" content=\"Yucat\u00e1n en Corto\" \/>\n\t<meta name=\"twitter:label2\" content=\"Tiempo de lectura\" \/>\n\t<meta name=\"twitter:data2\" content=\"3 minutos\" \/>\n<script type=\"application\/ld+json\" class=\"yoast-schema-graph\">{\"@context\":\"https:\\\/\\\/schema.org\",\"@graph\":[{\"@type\":\"Article\",\"@id\":\"https:\\\/\\\/www.yucatanencorto.com\\\/noticias\\\/acusan-a-gertz-manero-de-pactar-con-el-cjng-en-medio-del-traslado-de-37-reos-a-eu\\\/#article\",\"isPartOf\":{\"@id\":\"https:\\\/\\\/www.yucatanencorto.com\\\/noticias\\\/acusan-a-gertz-manero-de-pactar-con-el-cjng-en-medio-del-traslado-de-37-reos-a-eu\\\/\"},\"author\":{\"name\":\"Yucat\u00e1n en Corto\",\"@id\":\"https:\\\/\\\/www.yucatanencorto.com\\\/noticias\\\/#\\\/schema\\\/person\\\/f0ec40c33447bbc0dc2d01d3006de771\"},\"headline\":\"Acusan a Gertz Manero de pactar con el CJNG en medio del traslado de 37 reos a EU\",\"datePublished\":\"2026-01-22T21:49:32+00:00\",\"mainEntityOfPage\":{\"@id\":\"https:\\\/\\\/www.yucatanencorto.com\\\/noticias\\\/acusan-a-gertz-manero-de-pactar-con-el-cjng-en-medio-del-traslado-de-37-reos-a-eu\\\/\"},\"wordCount\":496,\"image\":{\"@id\":\"https:\\\/\\\/www.yucatanencorto.com\\\/noticias\\\/acusan-a-gertz-manero-de-pactar-con-el-cjng-en-medio-del-traslado-de-37-reos-a-eu\\\/#primaryimage\"},\"thumbnailUrl\":\"https:\\\/\\\/www.yucatanencorto.com\\\/noticias\\\/wp-content\\\/uploads\\\/2026\\\/01\\\/alejandro-gertz-manero.jpg\",\"articleSection\":[\"M\u00e9xico\"],\"inLanguage\":\"es\"},{\"@type\":\"WebPage\",\"@id\":\"https:\\\/\\\/www.yucatanencorto.com\\\/noticias\\\/acusan-a-gertz-manero-de-pactar-con-el-cjng-en-medio-del-traslado-de-37-reos-a-eu\\\/\",\"url\":\"https:\\\/\\\/www.yucatanencorto.com\\\/noticias\\\/acusan-a-gertz-manero-de-pactar-con-el-cjng-en-medio-del-traslado-de-37-reos-a-eu\\\/\",\"name\":\"Acusan a Gertz Manero de pactar con el CJNG en medio del traslado de 37 reos a EU - Yucat\u00e1n en corto\",\"isPartOf\":{\"@id\":\"https:\\\/\\\/www.yucatanencorto.com\\\/noticias\\\/#website\"},\"primaryImageOfPage\":{\"@id\":\"https:\\\/\\\/www.yucatanencorto.com\\\/noticias\\\/acusan-a-gertz-manero-de-pactar-con-el-cjng-en-medio-del-traslado-de-37-reos-a-eu\\\/#primaryimage\"},\"image\":{\"@id\":\"https:\\\/\\\/www.yucatanencorto.com\\\/noticias\\\/acusan-a-gertz-manero-de-pactar-con-el-cjng-en-medio-del-traslado-de-37-reos-a-eu\\\/#primaryimage\"},\"thumbnailUrl\":\"https:\\\/\\\/www.yucatanencorto.com\\\/noticias\\\/wp-content\\\/uploads\\\/2026\\\/01\\\/alejandro-gertz-manero.jpg\",\"datePublished\":\"2026-01-22T21:49:32+00:00\",\"author\":{\"@id\":\"https:\\\/\\\/www.yucatanencorto.com\\\/noticias\\\/#\\\/schema\\\/person\\\/f0ec40c33447bbc0dc2d01d3006de771\"},\"breadcrumb\":{\"@id\":\"https:\\\/\\\/www.yucatanencorto.com\\\/noticias\\\/acusan-a-gertz-manero-de-pactar-con-el-cjng-en-medio-del-traslado-de-37-reos-a-eu\\\/#breadcrumb\"},\"inLanguage\":\"es\",\"potentialAction\":[{\"@type\":\"ReadAction\",\"target\":[\"https:\\\/\\\/www.yucatanencorto.com\\\/noticias\\\/acusan-a-gertz-manero-de-pactar-con-el-cjng-en-medio-del-traslado-de-37-reos-a-eu\\\/\"]}]},{\"@type\":\"ImageObject\",\"inLanguage\":\"es\",\"@id\":\"https:\\\/\\\/www.yucatanencorto.com\\\/noticias\\\/acusan-a-gertz-manero-de-pactar-con-el-cjng-en-medio-del-traslado-de-37-reos-a-eu\\\/#primaryimage\",\"url\":\"https:\\\/\\\/www.yucatanencorto.com\\\/noticias\\\/wp-content\\\/uploads\\\/2026\\\/01\\\/alejandro-gertz-manero.jpg\",\"contentUrl\":\"https:\\\/\\\/www.yucatanencorto.com\\\/noticias\\\/wp-content\\\/uploads\\\/2026\\\/01\\\/alejandro-gertz-manero.jpg\",\"width\":700,\"height\":625,\"caption\":\"CIUDAD DE M\u00c9XICO, 25FEBRERO2025.- Alejandro Gertz Manero, titular de la Fiscal\u00eda General de la Rep\u00fablica, durante la conferencia ma\u00f1anera. FOTO: GUSTAVO ALBERTO \\\/CUARTOSCURO\"},{\"@type\":\"BreadcrumbList\",\"@id\":\"https:\\\/\\\/www.yucatanencorto.com\\\/noticias\\\/acusan-a-gertz-manero-de-pactar-con-el-cjng-en-medio-del-traslado-de-37-reos-a-eu\\\/#breadcrumb\",\"itemListElement\":[{\"@type\":\"ListItem\",\"position\":1,\"name\":\"Portada\",\"item\":\"https:\\\/\\\/www.yucatanencorto.com\\\/noticias\\\/\"},{\"@type\":\"ListItem\",\"position\":2,\"name\":\"Acusan a Gertz Manero de pactar con el CJNG en medio del traslado de 37 reos a EU\"}]},{\"@type\":\"WebSite\",\"@id\":\"https:\\\/\\\/www.yucatanencorto.com\\\/noticias\\\/#website\",\"url\":\"https:\\\/\\\/www.yucatanencorto.com\\\/noticias\\\/\",\"name\":\"Yucat\u00e1n en corto\",\"description\":\"Noticias\",\"potentialAction\":[{\"@type\":\"SearchAction\",\"target\":{\"@type\":\"EntryPoint\",\"urlTemplate\":\"https:\\\/\\\/www.yucatanencorto.com\\\/noticias\\\/?s={search_term_string}\"},\"query-input\":{\"@type\":\"PropertyValueSpecification\",\"valueRequired\":true,\"valueName\":\"search_term_string\"}}],\"inLanguage\":\"es\"},{\"@type\":\"Person\",\"@id\":\"https:\\\/\\\/www.yucatanencorto.com\\\/noticias\\\/#\\\/schema\\\/person\\\/f0ec40c33447bbc0dc2d01d3006de771\",\"name\":\"Yucat\u00e1n en Corto\",\"image\":{\"@type\":\"ImageObject\",\"inLanguage\":\"es\",\"@id\":\"https:\\\/\\\/secure.gravatar.com\\\/avatar\\\/20e0a6b626f38fa8e545fb3f80ce566efd790bf8877e65c3a482460cc3e0b5d1?s=96&d=mm&r=g\",\"url\":\"https:\\\/\\\/secure.gravatar.com\\\/avatar\\\/20e0a6b626f38fa8e545fb3f80ce566efd790bf8877e65c3a482460cc3e0b5d1?s=96&d=mm&r=g\",\"contentUrl\":\"https:\\\/\\\/secure.gravatar.com\\\/avatar\\\/20e0a6b626f38fa8e545fb3f80ce566efd790bf8877e65c3a482460cc3e0b5d1?s=96&d=mm&r=g\",\"caption\":\"Yucat\u00e1n en Corto\"},\"url\":\"https:\\\/\\\/www.yucatanencorto.com\\\/noticias\\\/author\\\/editor25\\\/\"}]}<\/script>\n<!-- \/ Yoast SEO plugin. -->","yoast_head_json":{"title":"Acusan a Gertz Manero de pactar con el CJNG en medio del traslado de 37 reos a EU - Yucat\u00e1n en corto","robots":{"index":"index","follow":"follow","max-snippet":"max-snippet:-1","max-image-preview":"max-image-preview:large","max-video-preview":"max-video-preview:-1"},"canonical":"https:\/\/www.yucatanencorto.com\/noticias\/acusan-a-gertz-manero-de-pactar-con-el-cjng-en-medio-del-traslado-de-37-reos-a-eu\/","og_locale":"es_ES","og_type":"article","og_title":"Acusan a Gertz Manero de pactar con el CJNG en medio del traslado de 37 reos a EU - Yucat\u00e1n en corto","og_description":"El exfuncionario\u00a0Sim\u00f3n Levy\u00a0volvi\u00f3 a generar controversia luego de publicar en\u00a0X (antes Twitter)\u00a0una serie de mensajes en los que lanz\u00f3\u00a0acusaciones directas contra el exfiscal general de la Rep\u00fablica, Alejandro Gertz Manero, en el contexto del reciente traslado de criminales de alto perfil a Estados Unidos. De acuerdo con lo difundido por Levy, el se\u00f1alamiento habr\u00eda escalado [&hellip;]","og_url":"https:\/\/www.yucatanencorto.com\/noticias\/acusan-a-gertz-manero-de-pactar-con-el-cjng-en-medio-del-traslado-de-37-reos-a-eu\/","og_site_name":"Yucat\u00e1n en corto","article_publisher":"http:\/\/www.facebook.com\/yucatanencorto","article_published_time":"2026-01-22T21:49:32+00:00","og_image":[{"width":700,"height":625,"url":"https:\/\/www.yucatanencorto.com\/noticias\/wp-content\/uploads\/2026\/01\/alejandro-gertz-manero.jpg","type":"image\/jpeg"}],"author":"Yucat\u00e1n en Corto","twitter_card":"summary_large_image","twitter_creator":"@yucatanencorto","twitter_site":"@yucatanencorto","twitter_misc":{"Escrito por":"Yucat\u00e1n en Corto","Tiempo de lectura":"3 minutos"},"schema":{"@context":"https:\/\/schema.org","@graph":[{"@type":"Article","@id":"https:\/\/www.yucatanencorto.com\/noticias\/acusan-a-gertz-manero-de-pactar-con-el-cjng-en-medio-del-traslado-de-37-reos-a-eu\/#article","isPartOf":{"@id":"https:\/\/www.yucatanencorto.com\/noticias\/acusan-a-gertz-manero-de-pactar-con-el-cjng-en-medio-del-traslado-de-37-reos-a-eu\/"},"author":{"name":"Yucat\u00e1n en Corto","@id":"https:\/\/www.yucatanencorto.com\/noticias\/#\/schema\/person\/f0ec40c33447bbc0dc2d01d3006de771"},"headline":"Acusan a Gertz Manero de pactar con el CJNG en medio del traslado de 37 reos a EU","datePublished":"2026-01-22T21:49:32+00:00","mainEntityOfPage":{"@id":"https:\/\/www.yucatanencorto.com\/noticias\/acusan-a-gertz-manero-de-pactar-con-el-cjng-en-medio-del-traslado-de-37-reos-a-eu\/"},"wordCount":496,"image":{"@id":"https:\/\/www.yucatanencorto.com\/noticias\/acusan-a-gertz-manero-de-pactar-con-el-cjng-en-medio-del-traslado-de-37-reos-a-eu\/#primaryimage"},"thumbnailUrl":"https:\/\/www.yucatanencorto.com\/noticias\/wp-content\/uploads\/2026\/01\/alejandro-gertz-manero.jpg","articleSection":["M\u00e9xico"],"inLanguage":"es"},{"@type":"WebPage","@id":"https:\/\/www.yucatanencorto.com\/noticias\/acusan-a-gertz-manero-de-pactar-con-el-cjng-en-medio-del-traslado-de-37-reos-a-eu\/","url":"https:\/\/www.yucatanencorto.com\/noticias\/acusan-a-gertz-manero-de-pactar-con-el-cjng-en-medio-del-traslado-de-37-reos-a-eu\/","name":"Acusan a Gertz Manero de pactar con el CJNG en medio del traslado de 37 reos a EU - Yucat\u00e1n en corto","isPartOf":{"@id":"https:\/\/www.yucatanencorto.com\/noticias\/#website"},"primaryImageOfPage":{"@id":"https:\/\/www.yucatanencorto.com\/noticias\/acusan-a-gertz-manero-de-pactar-con-el-cjng-en-medio-del-traslado-de-37-reos-a-eu\/#primaryimage"},"image":{"@id":"https:\/\/www.yucatanencorto.com\/noticias\/acusan-a-gertz-manero-de-pactar-con-el-cjng-en-medio-del-traslado-de-37-reos-a-eu\/#primaryimage"},"thumbnailUrl":"https:\/\/www.yucatanencorto.com\/noticias\/wp-content\/uploads\/2026\/01\/alejandro-gertz-manero.jpg","datePublished":"2026-01-22T21:49:32+00:00","author":{"@id":"https:\/\/www.yucatanencorto.com\/noticias\/#\/schema\/person\/f0ec40c33447bbc0dc2d01d3006de771"},"breadcrumb":{"@id":"https:\/\/www.yucatanencorto.com\/noticias\/acusan-a-gertz-manero-de-pactar-con-el-cjng-en-medio-del-traslado-de-37-reos-a-eu\/#breadcrumb"},"inLanguage":"es","potentialAction":[{"@type":"ReadAction","target":["https:\/\/www.yucatanencorto.com\/noticias\/acusan-a-gertz-manero-de-pactar-con-el-cjng-en-medio-del-traslado-de-37-reos-a-eu\/"]}]},{"@type":"ImageObject","inLanguage":"es","@id":"https:\/\/www.yucatanencorto.com\/noticias\/acusan-a-gertz-manero-de-pactar-con-el-cjng-en-medio-del-traslado-de-37-reos-a-eu\/#primaryimage","url":"https:\/\/www.yucatanencorto.com\/noticias\/wp-content\/uploads\/2026\/01\/alejandro-gertz-manero.jpg","contentUrl":"https:\/\/www.yucatanencorto.com\/noticias\/wp-content\/uploads\/2026\/01\/alejandro-gertz-manero.jpg","width":700,"height":625,"caption":"CIUDAD DE M\u00c9XICO, 25FEBRERO2025.- Alejandro Gertz Manero, titular de la Fiscal\u00eda General de la Rep\u00fablica, durante la conferencia ma\u00f1anera. FOTO: GUSTAVO ALBERTO \/CUARTOSCURO"},{"@type":"BreadcrumbList","@id":"https:\/\/www.yucatanencorto.com\/noticias\/acusan-a-gertz-manero-de-pactar-con-el-cjng-en-medio-del-traslado-de-37-reos-a-eu\/#breadcrumb","itemListElement":[{"@type":"ListItem","position":1,"name":"Portada","item":"https:\/\/www.yucatanencorto.com\/noticias\/"},{"@type":"ListItem","position":2,"name":"Acusan a Gertz Manero de pactar con el CJNG en medio del traslado de 37 reos a EU"}]},{"@type":"WebSite","@id":"https:\/\/www.yucatanencorto.com\/noticias\/#website","url":"https:\/\/www.yucatanencorto.com\/noticias\/","name":"Yucat\u00e1n en corto","description":"Noticias","potentialAction":[{"@type":"SearchAction","target":{"@type":"EntryPoint","urlTemplate":"https:\/\/www.yucatanencorto.com\/noticias\/?s={search_term_string}"},"query-input":{"@type":"PropertyValueSpecification","valueRequired":true,"valueName":"search_term_string"}}],"inLanguage":"es"},{"@type":"Person","@id":"https:\/\/www.yucatanencorto.com\/noticias\/#\/schema\/person\/f0ec40c33447bbc0dc2d01d3006de771","name":"Yucat\u00e1n en Corto","image":{"@type":"ImageObject","inLanguage":"es","@id":"https:\/\/secure.gravatar.com\/avatar\/20e0a6b626f38fa8e545fb3f80ce566efd790bf8877e65c3a482460cc3e0b5d1?s=96&d=mm&r=g","url":"https:\/\/secure.gravatar.com\/avatar\/20e0a6b626f38fa8e545fb3f80ce566efd790bf8877e65c3a482460cc3e0b5d1?s=96&d=mm&r=g","contentUrl":"https:\/\/secure.gravatar.com\/avatar\/20e0a6b626f38fa8e545fb3f80ce566efd790bf8877e65c3a482460cc3e0b5d1?s=96&d=mm&r=g","caption":"Yucat\u00e1n en Corto"},"url":"https:\/\/www.yucatanencorto.com\/noticias\/author\/editor25\/"}]}},"_links":{"self":[{"href":"https:\/\/www.yucatanencorto.com\/noticias\/wp-json\/wp\/v2\/posts\/116369","targetHints":{"allow":["GET"]}}],"collection":[{"href":"https:\/\/www.yucatanencorto.com\/noticias\/wp-json\/wp\/v2\/posts"}],"about":[{"href":"https:\/\/www.yucatanencorto.com\/noticias\/wp-json\/wp\/v2\/types\/post"}],"author":[{"embeddable":true,"href":"https:\/\/www.yucatanencorto.com\/noticias\/wp-json\/wp\/v2\/users\/4"}],"replies":[{"embeddable":true,"href":"https:\/\/www.yucatanencorto.com\/noticias\/wp-json\/wp\/v2\/comments?post=116369"}],"version-history":[{"count":1,"href":"https:\/\/www.yucatanencorto.com\/noticias\/wp-json\/wp\/v2\/posts\/116369\/revisions"}],"predecessor-version":[{"id":116371,"href":"https:\/\/www.yucatanencorto.com\/noticias\/wp-json\/wp\/v2\/posts\/116369\/revisions\/116371"}],"wp:featuredmedia":[{"embeddable":true,"href":"https:\/\/www.yucatanencorto.com\/noticias\/wp-json\/wp\/v2\/media\/116370"}],"wp:attachment":[{"href":"https:\/\/www.yucatanencorto.com\/noticias\/wp-json\/wp\/v2\/media?parent=116369"}],"wp:term":[{"taxonomy":"category","embeddable":true,"href":"https:\/\/www.yucatanencorto.com\/noticias\/wp-json\/wp\/v2\/categories?post=116369"},{"taxonomy":"post_tag","embeddable":true,"href":"https:\/\/www.yucatanencorto.com\/noticias\/wp-json\/wp\/v2\/tags?post=116369"}],"curies":[{"name":"wp","href":"https:\/\/api.w.org\/{rel}","templated":true}]}}