{"id":116390,"date":"2026-01-27T13:24:09","date_gmt":"2026-01-27T19:24:09","guid":{"rendered":"https:\/\/www.yucatanencorto.com\/noticias\/?p=116390"},"modified":"2026-01-27T13:24:09","modified_gmt":"2026-01-27T19:24:09","slug":"demandan-al-estado-mexicano-por-entrega-de-criminales-a-ee-uu-sin-proceso-de-extradicion","status":"publish","type":"post","link":"https:\/\/www.yucatanencorto.com\/noticias\/demandan-al-estado-mexicano-por-entrega-de-criminales-a-ee-uu-sin-proceso-de-extradicion\/","title":{"rendered":"Demandan al Estado mexicano por entrega de criminales a EE. UU. sin proceso de extradici\u00f3n"},"content":{"rendered":"<p data-t=\"{&quot;n&quot;:&quot;blueLinks&quot;,&quot;t&quot;:13,&quot;a&quot;:&quot;click&quot;,&quot;b&quot;:76}\"><img loading=\"lazy\" decoding=\"async\" class=\"alignnone size-full wp-image-116391\" src=\"https:\/\/www.yucatanencorto.com\/noticias\/wp-content\/uploads\/2026\/01\/reos-mexico-eeuu_13292385_20260121091839-scaled.webp\" alt=\"\" width=\"768\" height=\"576\" srcset=\"https:\/\/www.yucatanencorto.com\/noticias\/wp-content\/uploads\/2026\/01\/reos-mexico-eeuu_13292385_20260121091839-scaled.webp 768w, https:\/\/www.yucatanencorto.com\/noticias\/wp-content\/uploads\/2026\/01\/reos-mexico-eeuu_13292385_20260121091839-150x113.webp 150w, https:\/\/www.yucatanencorto.com\/noticias\/wp-content\/uploads\/2026\/01\/reos-mexico-eeuu_13292385_20260121091839-300x225.webp 300w, https:\/\/www.yucatanencorto.com\/noticias\/wp-content\/uploads\/2026\/01\/reos-mexico-eeuu_13292385_20260121091839-696x522.webp 696w, https:\/\/www.yucatanencorto.com\/noticias\/wp-content\/uploads\/2026\/01\/reos-mexico-eeuu_13292385_20260121091839-1068x801.webp 1068w\" sizes=\"auto, (max-width: 768px) 100vw, 768px\" \/><\/p>\n<p data-t=\"{&quot;n&quot;:&quot;blueLinks&quot;,&quot;t&quot;:13,&quot;a&quot;:&quot;click&quot;,&quot;b&quot;:76}\">Familiares y abogados de tres personas enviadas por M\u00e9xico a Estados Unidos presentaron este lunes una demanda contra autoridades federales por presuntas violaciones a derechos constitucionales, tras el traslado de detenidos sin un proceso formal de extradici\u00f3n.\u00a0La acci\u00f3n legal se anunci\u00f3 en Ciudad de M\u00e9xico y marca el primer recurso judicial de afectados por una pol\u00edtica aplicada desde hace casi un a\u00f1o por el gobierno federal.<\/p>\n<div class=\"intra-article-module\" data-t=\"{&quot;n&quot;:&quot;intraArticle&quot;,&quot;t&quot;:13}\"><\/div>\n<p class=\"continue-read-break\" data-t=\"{&quot;n&quot;:&quot;blueLinks&quot;,&quot;t&quot;:13,&quot;a&quot;:&quot;click&quot;,&quot;b&quot;:76}\">La demanda surge luego de que M\u00e9xico entregara a\u00a0Estados Unidos\u00a0a integrantes de organizaciones criminales que ya hab\u00edan sido procesados y condenados en territorio nacional. Seg\u00fan los promoventes, los traslados se realizaron sin cumplir los procedimientos establecidos en la Constituci\u00f3n y en el tratado de extradici\u00f3n vigente entre ambos pa\u00edses, lo que, sostienen, afecta garant\u00edas legales b\u00e1sicas.<\/p>\n<p data-t=\"{&quot;n&quot;:&quot;blueLinks&quot;,&quot;t&quot;:13,&quot;a&quot;:&quot;click&quot;,&quot;b&quot;:76}\">El caso se inscribe en un contexto de cooperaci\u00f3n bilateral en\u00a0materia de seguridad\u00a0y combate al narcotr\u00e1fico, particularmente frente a la presi\u00f3n del gobierno estadounidense para frenar el tr\u00e1fico de drogas hacia su territorio.\u00a0Entre los delitos prioritarios se encuentra la producci\u00f3n y distribuci\u00f3n de fentanilo, tema central en la agenda bilateral reciente.<\/p>\n<h2 class=\"article-sub-heading\">Traslados sin extradici\u00f3n formal<\/h2>\n<p class=\"\" data-t=\"{&quot;n&quot;:&quot;blueLinks&quot;,&quot;t&quot;:13,&quot;a&quot;:&quot;click&quot;,&quot;b&quot;:76}\">De acuerdo con los abogados, M\u00e9xico ha enviado a Estados Unidos a 92 presuntos criminales en tres etapas desde finales de febrero de 2025. Los traslados se realizaron sin procesos judiciales de extradici\u00f3n, a pesar de que las personas involucradas cumpl\u00edan condenas o enfrentaban procedimientos penales en M\u00e9xico.<\/p>\n<div class=\"intra-article-module\" data-t=\"{&quot;n&quot;:&quot;intraArticle&quot;,&quot;t&quot;:13}\"><\/div>\n<p data-t=\"{&quot;n&quot;:&quot;blueLinks&quot;,&quot;t&quot;:13,&quot;a&quot;:&quot;click&quot;,&quot;b&quot;:76}\">Los representantes legales sostienen que estas acciones constituyen una figura distinta a la extradici\u00f3n y que podr\u00edan equipararse a un traslado forzoso fuera del pa\u00eds, pr\u00e1ctica que, argumentan, est\u00e1 prohibida por la Constituci\u00f3n mexicana. Por ello, buscan que las autoridades judiciales revisen la legalidad de las decisiones tomadas por instancias de seguridad.<\/p>\n<h2 class=\"article-sub-heading\">El caso de Juan Pedro Sald\u00edvar<\/h2>\n<p data-t=\"{&quot;n&quot;:&quot;blueLinks&quot;,&quot;t&quot;:13,&quot;a&quot;:&quot;click&quot;,&quot;b&quot;:76}\">Uno de los casos incluidos en la demanda es el de Juan Pedro Sald\u00edvar Far\u00edas, identificado como exintegrante del c\u00e1rtel de Los Zetas. Sus familiares informaron que llevaba m\u00e1s de una d\u00e9cada en prisi\u00f3n en M\u00e9xico y que se encontraba en posibilidad de solicitar beneficios legales, como la libertad condicionada.<\/p>\n<div class=\"intra-article-module\" data-t=\"{&quot;n&quot;:&quot;intraArticle&quot;,&quot;t&quot;:13}\"><\/div>\n<p data-t=\"{&quot;n&quot;:&quot;blueLinks&quot;,&quot;t&quot;:13,&quot;a&quot;:&quot;click&quot;,&quot;b&quot;:76}\">Seg\u00fan lo expuesto por su defensa, Sald\u00edvar fue trasladado a Estados Unidos la semana pasada, lo que interrumpi\u00f3 procesos legales en curso y afect\u00f3 a su n\u00facleo familiar. La demanda sostiene que el traslado se realiz\u00f3 sin notificaci\u00f3n previa ni resoluci\u00f3n judicial que lo autorizara conforme a la ley mexicana.<\/p>\n<p>&nbsp;<\/p>\n<p data-t=\"{&quot;n&quot;:&quot;blueLinks&quot;,&quot;t&quot;:13,&quot;a&quot;:&quot;click&quot;,&quot;b&quot;:76}\">La denuncia fue presentada ante la Fiscal\u00eda General de la Rep\u00fablica (FGR) y se\u00f1ala al Consejo Nacional de Seguridad, integrado por dependencias civiles y militares, por presuntas responsabilidades administrativas y penales.\u00a0Los promoventes argumentan que las decisiones se tomaron de manera colegiada y sin sustento legal suficiente.<\/p>\n<p data-t=\"{&quot;n&quot;:&quot;blueLinks&quot;,&quot;t&quot;:13,&quot;a&quot;:&quot;click&quot;,&quot;b&quot;:76}\">Adem\u00e1s, los abogados informaron que familiares de otros detenidos enviados a Estados Unidos, incluidos presuntos integrantes del\u00a0C\u00e1rtel Jalisco Nueva Generaci\u00f3n y del c\u00e1rtel de los Arellano F\u00e9lix,\u00a0se sumar\u00e1n a la acci\u00f3n judicial en los pr\u00f3ximos d\u00edas.<\/p>\n<div class=\"intra-article-module\" data-t=\"{&quot;n&quot;:&quot;intraArticle&quot;,&quot;t&quot;:13}\"><\/div>\n<p data-t=\"{&quot;n&quot;:&quot;blueLinks&quot;,&quot;t&quot;:13,&quot;a&quot;:&quot;click&quot;,&quot;b&quot;:76}\">Desde el inicio del actual gobierno federal, M\u00e9xico y Estados Unidos han reforzado la coordinaci\u00f3n en materia de seguridad. Las entregas directas de detenidos se han presentado como parte de ese esfuerzo, aunque el mecanismo legal utilizado ha generado debate entre especialistas en derecho constitucional y penal.<\/p>\n<p data-t=\"{&quot;n&quot;:&quot;blueLinks&quot;,&quot;t&quot;:13,&quot;a&quot;:&quot;click&quot;,&quot;b&quot;:76}\">El caso abre una discusi\u00f3n jur\u00eddica sobre los l\u00edmites de la cooperaci\u00f3n internacional en seguridad, el respeto al debido proceso y la aplicaci\u00f3n de la ley de extradici\u00f3n, temas que ahora quedar\u00e1n bajo revisi\u00f3n de las autoridades judiciales mexicanas.<\/p>\n","protected":false},"excerpt":{"rendered":"<p>Familiares y abogados de tres personas enviadas por M\u00e9xico a Estados Unidos presentaron este lunes una demanda contra autoridades federales por presuntas violaciones a derechos constitucionales, tras el traslado de detenidos sin un proceso formal de extradici\u00f3n.\u00a0La acci\u00f3n legal se anunci\u00f3 en Ciudad de M\u00e9xico y marca el primer recurso judicial de afectados por una [&hellip;]<\/p>\n","protected":false},"author":4,"featured_media":116391,"comment_status":"closed","ping_status":"closed","sticky":false,"template":"","format":"standard","meta":{"footnotes":""},"categories":[4],"tags":[],"class_list":{"0":"post-116390","1":"post","2":"type-post","3":"status-publish","4":"format-standard","5":"has-post-thumbnail","7":"category-mexico"},"yoast_head":"<!-- This site is optimized with the Yoast SEO plugin v27.5 - https:\/\/yoast.com\/product\/yoast-seo-wordpress\/ -->\n<title>Demandan al Estado mexicano por entrega de criminales a EE. UU. sin proceso de extradici\u00f3n - Yucat\u00e1n en corto<\/title>\n<meta name=\"robots\" content=\"index, follow, max-snippet:-1, max-image-preview:large, max-video-preview:-1\" \/>\n<link rel=\"canonical\" href=\"https:\/\/www.yucatanencorto.com\/noticias\/demandan-al-estado-mexicano-por-entrega-de-criminales-a-ee-uu-sin-proceso-de-extradicion\/\" \/>\n<meta property=\"og:locale\" content=\"es_ES\" \/>\n<meta property=\"og:type\" content=\"article\" \/>\n<meta property=\"og:title\" content=\"Demandan al Estado mexicano por entrega de criminales a EE. UU. sin proceso de extradici\u00f3n - Yucat\u00e1n en corto\" \/>\n<meta property=\"og:description\" content=\"Familiares y abogados de tres personas enviadas por M\u00e9xico a Estados Unidos presentaron este lunes una demanda contra autoridades federales por presuntas violaciones a derechos constitucionales, tras el traslado de detenidos sin un proceso formal de extradici\u00f3n.\u00a0La acci\u00f3n legal se anunci\u00f3 en Ciudad de M\u00e9xico y marca el primer recurso judicial de afectados por una [&hellip;]\" \/>\n<meta property=\"og:url\" content=\"https:\/\/www.yucatanencorto.com\/noticias\/demandan-al-estado-mexicano-por-entrega-de-criminales-a-ee-uu-sin-proceso-de-extradicion\/\" \/>\n<meta property=\"og:site_name\" content=\"Yucat\u00e1n en corto\" \/>\n<meta property=\"article:publisher\" content=\"http:\/\/www.facebook.com\/yucatanencorto\" \/>\n<meta property=\"article:published_time\" content=\"2026-01-27T19:24:09+00:00\" \/>\n<meta property=\"og:image\" content=\"https:\/\/www.yucatanencorto.com\/noticias\/wp-content\/uploads\/2026\/01\/reos-mexico-eeuu_13292385_20260121091839-scaled.webp\" \/>\n\t<meta property=\"og:image:width\" content=\"768\" \/>\n\t<meta property=\"og:image:height\" content=\"576\" \/>\n\t<meta property=\"og:image:type\" content=\"image\/webp\" \/>\n<meta name=\"author\" content=\"Yucat\u00e1n en Corto\" \/>\n<meta name=\"twitter:card\" content=\"summary_large_image\" \/>\n<meta name=\"twitter:creator\" content=\"@yucatanencorto\" \/>\n<meta name=\"twitter:site\" content=\"@yucatanencorto\" \/>\n<meta name=\"twitter:label1\" content=\"Escrito por\" \/>\n\t<meta name=\"twitter:data1\" content=\"Yucat\u00e1n en Corto\" \/>\n\t<meta name=\"twitter:label2\" content=\"Tiempo de lectura\" \/>\n\t<meta name=\"twitter:data2\" content=\"3 minutos\" \/>\n<script type=\"application\/ld+json\" class=\"yoast-schema-graph\">{\"@context\":\"https:\\\/\\\/schema.org\",\"@graph\":[{\"@type\":\"Article\",\"@id\":\"https:\\\/\\\/www.yucatanencorto.com\\\/noticias\\\/demandan-al-estado-mexicano-por-entrega-de-criminales-a-ee-uu-sin-proceso-de-extradicion\\\/#article\",\"isPartOf\":{\"@id\":\"https:\\\/\\\/www.yucatanencorto.com\\\/noticias\\\/demandan-al-estado-mexicano-por-entrega-de-criminales-a-ee-uu-sin-proceso-de-extradicion\\\/\"},\"author\":{\"name\":\"Yucat\u00e1n en Corto\",\"@id\":\"https:\\\/\\\/www.yucatanencorto.com\\\/noticias\\\/#\\\/schema\\\/person\\\/f0ec40c33447bbc0dc2d01d3006de771\"},\"headline\":\"Demandan al Estado mexicano por entrega de criminales a EE. UU. sin proceso de extradici\u00f3n\",\"datePublished\":\"2026-01-27T19:24:09+00:00\",\"mainEntityOfPage\":{\"@id\":\"https:\\\/\\\/www.yucatanencorto.com\\\/noticias\\\/demandan-al-estado-mexicano-por-entrega-de-criminales-a-ee-uu-sin-proceso-de-extradicion\\\/\"},\"wordCount\":640,\"image\":{\"@id\":\"https:\\\/\\\/www.yucatanencorto.com\\\/noticias\\\/demandan-al-estado-mexicano-por-entrega-de-criminales-a-ee-uu-sin-proceso-de-extradicion\\\/#primaryimage\"},\"thumbnailUrl\":\"https:\\\/\\\/www.yucatanencorto.com\\\/noticias\\\/wp-content\\\/uploads\\\/2026\\\/01\\\/reos-mexico-eeuu_13292385_20260121091839-scaled.webp\",\"articleSection\":[\"M\u00e9xico\"],\"inLanguage\":\"es\"},{\"@type\":\"WebPage\",\"@id\":\"https:\\\/\\\/www.yucatanencorto.com\\\/noticias\\\/demandan-al-estado-mexicano-por-entrega-de-criminales-a-ee-uu-sin-proceso-de-extradicion\\\/\",\"url\":\"https:\\\/\\\/www.yucatanencorto.com\\\/noticias\\\/demandan-al-estado-mexicano-por-entrega-de-criminales-a-ee-uu-sin-proceso-de-extradicion\\\/\",\"name\":\"Demandan al Estado mexicano por entrega de criminales a EE. UU. sin proceso de extradici\u00f3n - Yucat\u00e1n en corto\",\"isPartOf\":{\"@id\":\"https:\\\/\\\/www.yucatanencorto.com\\\/noticias\\\/#website\"},\"primaryImageOfPage\":{\"@id\":\"https:\\\/\\\/www.yucatanencorto.com\\\/noticias\\\/demandan-al-estado-mexicano-por-entrega-de-criminales-a-ee-uu-sin-proceso-de-extradicion\\\/#primaryimage\"},\"image\":{\"@id\":\"https:\\\/\\\/www.yucatanencorto.com\\\/noticias\\\/demandan-al-estado-mexicano-por-entrega-de-criminales-a-ee-uu-sin-proceso-de-extradicion\\\/#primaryimage\"},\"thumbnailUrl\":\"https:\\\/\\\/www.yucatanencorto.com\\\/noticias\\\/wp-content\\\/uploads\\\/2026\\\/01\\\/reos-mexico-eeuu_13292385_20260121091839-scaled.webp\",\"datePublished\":\"2026-01-27T19:24:09+00:00\",\"author\":{\"@id\":\"https:\\\/\\\/www.yucatanencorto.com\\\/noticias\\\/#\\\/schema\\\/person\\\/f0ec40c33447bbc0dc2d01d3006de771\"},\"breadcrumb\":{\"@id\":\"https:\\\/\\\/www.yucatanencorto.com\\\/noticias\\\/demandan-al-estado-mexicano-por-entrega-de-criminales-a-ee-uu-sin-proceso-de-extradicion\\\/#breadcrumb\"},\"inLanguage\":\"es\",\"potentialAction\":[{\"@type\":\"ReadAction\",\"target\":[\"https:\\\/\\\/www.yucatanencorto.com\\\/noticias\\\/demandan-al-estado-mexicano-por-entrega-de-criminales-a-ee-uu-sin-proceso-de-extradicion\\\/\"]}]},{\"@type\":\"ImageObject\",\"inLanguage\":\"es\",\"@id\":\"https:\\\/\\\/www.yucatanencorto.com\\\/noticias\\\/demandan-al-estado-mexicano-por-entrega-de-criminales-a-ee-uu-sin-proceso-de-extradicion\\\/#primaryimage\",\"url\":\"https:\\\/\\\/www.yucatanencorto.com\\\/noticias\\\/wp-content\\\/uploads\\\/2026\\\/01\\\/reos-mexico-eeuu_13292385_20260121091839-scaled.webp\",\"contentUrl\":\"https:\\\/\\\/www.yucatanencorto.com\\\/noticias\\\/wp-content\\\/uploads\\\/2026\\\/01\\\/reos-mexico-eeuu_13292385_20260121091839-scaled.webp\",\"width\":768,\"height\":576},{\"@type\":\"BreadcrumbList\",\"@id\":\"https:\\\/\\\/www.yucatanencorto.com\\\/noticias\\\/demandan-al-estado-mexicano-por-entrega-de-criminales-a-ee-uu-sin-proceso-de-extradicion\\\/#breadcrumb\",\"itemListElement\":[{\"@type\":\"ListItem\",\"position\":1,\"name\":\"Portada\",\"item\":\"https:\\\/\\\/www.yucatanencorto.com\\\/noticias\\\/\"},{\"@type\":\"ListItem\",\"position\":2,\"name\":\"Demandan al Estado mexicano por entrega de criminales a EE. UU. sin proceso de extradici\u00f3n\"}]},{\"@type\":\"WebSite\",\"@id\":\"https:\\\/\\\/www.yucatanencorto.com\\\/noticias\\\/#website\",\"url\":\"https:\\\/\\\/www.yucatanencorto.com\\\/noticias\\\/\",\"name\":\"Yucat\u00e1n en corto\",\"description\":\"Noticias\",\"potentialAction\":[{\"@type\":\"SearchAction\",\"target\":{\"@type\":\"EntryPoint\",\"urlTemplate\":\"https:\\\/\\\/www.yucatanencorto.com\\\/noticias\\\/?s={search_term_string}\"},\"query-input\":{\"@type\":\"PropertyValueSpecification\",\"valueRequired\":true,\"valueName\":\"search_term_string\"}}],\"inLanguage\":\"es\"},{\"@type\":\"Person\",\"@id\":\"https:\\\/\\\/www.yucatanencorto.com\\\/noticias\\\/#\\\/schema\\\/person\\\/f0ec40c33447bbc0dc2d01d3006de771\",\"name\":\"Yucat\u00e1n en Corto\",\"image\":{\"@type\":\"ImageObject\",\"inLanguage\":\"es\",\"@id\":\"https:\\\/\\\/secure.gravatar.com\\\/avatar\\\/20e0a6b626f38fa8e545fb3f80ce566efd790bf8877e65c3a482460cc3e0b5d1?s=96&d=mm&r=g\",\"url\":\"https:\\\/\\\/secure.gravatar.com\\\/avatar\\\/20e0a6b626f38fa8e545fb3f80ce566efd790bf8877e65c3a482460cc3e0b5d1?s=96&d=mm&r=g\",\"contentUrl\":\"https:\\\/\\\/secure.gravatar.com\\\/avatar\\\/20e0a6b626f38fa8e545fb3f80ce566efd790bf8877e65c3a482460cc3e0b5d1?s=96&d=mm&r=g\",\"caption\":\"Yucat\u00e1n en Corto\"},\"url\":\"https:\\\/\\\/www.yucatanencorto.com\\\/noticias\\\/author\\\/editor25\\\/\"}]}<\/script>\n<!-- \/ Yoast SEO plugin. -->","yoast_head_json":{"title":"Demandan al Estado mexicano por entrega de criminales a EE. UU. sin proceso de extradici\u00f3n - Yucat\u00e1n en corto","robots":{"index":"index","follow":"follow","max-snippet":"max-snippet:-1","max-image-preview":"max-image-preview:large","max-video-preview":"max-video-preview:-1"},"canonical":"https:\/\/www.yucatanencorto.com\/noticias\/demandan-al-estado-mexicano-por-entrega-de-criminales-a-ee-uu-sin-proceso-de-extradicion\/","og_locale":"es_ES","og_type":"article","og_title":"Demandan al Estado mexicano por entrega de criminales a EE. UU. sin proceso de extradici\u00f3n - Yucat\u00e1n en corto","og_description":"Familiares y abogados de tres personas enviadas por M\u00e9xico a Estados Unidos presentaron este lunes una demanda contra autoridades federales por presuntas violaciones a derechos constitucionales, tras el traslado de detenidos sin un proceso formal de extradici\u00f3n.\u00a0La acci\u00f3n legal se anunci\u00f3 en Ciudad de M\u00e9xico y marca el primer recurso judicial de afectados por una [&hellip;]","og_url":"https:\/\/www.yucatanencorto.com\/noticias\/demandan-al-estado-mexicano-por-entrega-de-criminales-a-ee-uu-sin-proceso-de-extradicion\/","og_site_name":"Yucat\u00e1n en corto","article_publisher":"http:\/\/www.facebook.com\/yucatanencorto","article_published_time":"2026-01-27T19:24:09+00:00","og_image":[{"width":768,"height":576,"url":"https:\/\/www.yucatanencorto.com\/noticias\/wp-content\/uploads\/2026\/01\/reos-mexico-eeuu_13292385_20260121091839-scaled.webp","type":"image\/webp"}],"author":"Yucat\u00e1n en Corto","twitter_card":"summary_large_image","twitter_creator":"@yucatanencorto","twitter_site":"@yucatanencorto","twitter_misc":{"Escrito por":"Yucat\u00e1n en Corto","Tiempo de lectura":"3 minutos"},"schema":{"@context":"https:\/\/schema.org","@graph":[{"@type":"Article","@id":"https:\/\/www.yucatanencorto.com\/noticias\/demandan-al-estado-mexicano-por-entrega-de-criminales-a-ee-uu-sin-proceso-de-extradicion\/#article","isPartOf":{"@id":"https:\/\/www.yucatanencorto.com\/noticias\/demandan-al-estado-mexicano-por-entrega-de-criminales-a-ee-uu-sin-proceso-de-extradicion\/"},"author":{"name":"Yucat\u00e1n en Corto","@id":"https:\/\/www.yucatanencorto.com\/noticias\/#\/schema\/person\/f0ec40c33447bbc0dc2d01d3006de771"},"headline":"Demandan al Estado mexicano por entrega de criminales a EE. UU. sin proceso de extradici\u00f3n","datePublished":"2026-01-27T19:24:09+00:00","mainEntityOfPage":{"@id":"https:\/\/www.yucatanencorto.com\/noticias\/demandan-al-estado-mexicano-por-entrega-de-criminales-a-ee-uu-sin-proceso-de-extradicion\/"},"wordCount":640,"image":{"@id":"https:\/\/www.yucatanencorto.com\/noticias\/demandan-al-estado-mexicano-por-entrega-de-criminales-a-ee-uu-sin-proceso-de-extradicion\/#primaryimage"},"thumbnailUrl":"https:\/\/www.yucatanencorto.com\/noticias\/wp-content\/uploads\/2026\/01\/reos-mexico-eeuu_13292385_20260121091839-scaled.webp","articleSection":["M\u00e9xico"],"inLanguage":"es"},{"@type":"WebPage","@id":"https:\/\/www.yucatanencorto.com\/noticias\/demandan-al-estado-mexicano-por-entrega-de-criminales-a-ee-uu-sin-proceso-de-extradicion\/","url":"https:\/\/www.yucatanencorto.com\/noticias\/demandan-al-estado-mexicano-por-entrega-de-criminales-a-ee-uu-sin-proceso-de-extradicion\/","name":"Demandan al Estado mexicano por entrega de criminales a EE. UU. sin proceso de extradici\u00f3n - Yucat\u00e1n en corto","isPartOf":{"@id":"https:\/\/www.yucatanencorto.com\/noticias\/#website"},"primaryImageOfPage":{"@id":"https:\/\/www.yucatanencorto.com\/noticias\/demandan-al-estado-mexicano-por-entrega-de-criminales-a-ee-uu-sin-proceso-de-extradicion\/#primaryimage"},"image":{"@id":"https:\/\/www.yucatanencorto.com\/noticias\/demandan-al-estado-mexicano-por-entrega-de-criminales-a-ee-uu-sin-proceso-de-extradicion\/#primaryimage"},"thumbnailUrl":"https:\/\/www.yucatanencorto.com\/noticias\/wp-content\/uploads\/2026\/01\/reos-mexico-eeuu_13292385_20260121091839-scaled.webp","datePublished":"2026-01-27T19:24:09+00:00","author":{"@id":"https:\/\/www.yucatanencorto.com\/noticias\/#\/schema\/person\/f0ec40c33447bbc0dc2d01d3006de771"},"breadcrumb":{"@id":"https:\/\/www.yucatanencorto.com\/noticias\/demandan-al-estado-mexicano-por-entrega-de-criminales-a-ee-uu-sin-proceso-de-extradicion\/#breadcrumb"},"inLanguage":"es","potentialAction":[{"@type":"ReadAction","target":["https:\/\/www.yucatanencorto.com\/noticias\/demandan-al-estado-mexicano-por-entrega-de-criminales-a-ee-uu-sin-proceso-de-extradicion\/"]}]},{"@type":"ImageObject","inLanguage":"es","@id":"https:\/\/www.yucatanencorto.com\/noticias\/demandan-al-estado-mexicano-por-entrega-de-criminales-a-ee-uu-sin-proceso-de-extradicion\/#primaryimage","url":"https:\/\/www.yucatanencorto.com\/noticias\/wp-content\/uploads\/2026\/01\/reos-mexico-eeuu_13292385_20260121091839-scaled.webp","contentUrl":"https:\/\/www.yucatanencorto.com\/noticias\/wp-content\/uploads\/2026\/01\/reos-mexico-eeuu_13292385_20260121091839-scaled.webp","width":768,"height":576},{"@type":"BreadcrumbList","@id":"https:\/\/www.yucatanencorto.com\/noticias\/demandan-al-estado-mexicano-por-entrega-de-criminales-a-ee-uu-sin-proceso-de-extradicion\/#breadcrumb","itemListElement":[{"@type":"ListItem","position":1,"name":"Portada","item":"https:\/\/www.yucatanencorto.com\/noticias\/"},{"@type":"ListItem","position":2,"name":"Demandan al Estado mexicano por entrega de criminales a EE. UU. sin proceso de extradici\u00f3n"}]},{"@type":"WebSite","@id":"https:\/\/www.yucatanencorto.com\/noticias\/#website","url":"https:\/\/www.yucatanencorto.com\/noticias\/","name":"Yucat\u00e1n en corto","description":"Noticias","potentialAction":[{"@type":"SearchAction","target":{"@type":"EntryPoint","urlTemplate":"https:\/\/www.yucatanencorto.com\/noticias\/?s={search_term_string}"},"query-input":{"@type":"PropertyValueSpecification","valueRequired":true,"valueName":"search_term_string"}}],"inLanguage":"es"},{"@type":"Person","@id":"https:\/\/www.yucatanencorto.com\/noticias\/#\/schema\/person\/f0ec40c33447bbc0dc2d01d3006de771","name":"Yucat\u00e1n en Corto","image":{"@type":"ImageObject","inLanguage":"es","@id":"https:\/\/secure.gravatar.com\/avatar\/20e0a6b626f38fa8e545fb3f80ce566efd790bf8877e65c3a482460cc3e0b5d1?s=96&d=mm&r=g","url":"https:\/\/secure.gravatar.com\/avatar\/20e0a6b626f38fa8e545fb3f80ce566efd790bf8877e65c3a482460cc3e0b5d1?s=96&d=mm&r=g","contentUrl":"https:\/\/secure.gravatar.com\/avatar\/20e0a6b626f38fa8e545fb3f80ce566efd790bf8877e65c3a482460cc3e0b5d1?s=96&d=mm&r=g","caption":"Yucat\u00e1n en Corto"},"url":"https:\/\/www.yucatanencorto.com\/noticias\/author\/editor25\/"}]}},"_links":{"self":[{"href":"https:\/\/www.yucatanencorto.com\/noticias\/wp-json\/wp\/v2\/posts\/116390","targetHints":{"allow":["GET"]}}],"collection":[{"href":"https:\/\/www.yucatanencorto.com\/noticias\/wp-json\/wp\/v2\/posts"}],"about":[{"href":"https:\/\/www.yucatanencorto.com\/noticias\/wp-json\/wp\/v2\/types\/post"}],"author":[{"embeddable":true,"href":"https:\/\/www.yucatanencorto.com\/noticias\/wp-json\/wp\/v2\/users\/4"}],"replies":[{"embeddable":true,"href":"https:\/\/www.yucatanencorto.com\/noticias\/wp-json\/wp\/v2\/comments?post=116390"}],"version-history":[{"count":1,"href":"https:\/\/www.yucatanencorto.com\/noticias\/wp-json\/wp\/v2\/posts\/116390\/revisions"}],"predecessor-version":[{"id":116392,"href":"https:\/\/www.yucatanencorto.com\/noticias\/wp-json\/wp\/v2\/posts\/116390\/revisions\/116392"}],"wp:featuredmedia":[{"embeddable":true,"href":"https:\/\/www.yucatanencorto.com\/noticias\/wp-json\/wp\/v2\/media\/116391"}],"wp:attachment":[{"href":"https:\/\/www.yucatanencorto.com\/noticias\/wp-json\/wp\/v2\/media?parent=116390"}],"wp:term":[{"taxonomy":"category","embeddable":true,"href":"https:\/\/www.yucatanencorto.com\/noticias\/wp-json\/wp\/v2\/categories?post=116390"},{"taxonomy":"post_tag","embeddable":true,"href":"https:\/\/www.yucatanencorto.com\/noticias\/wp-json\/wp\/v2\/tags?post=116390"}],"curies":[{"name":"wp","href":"https:\/\/api.w.org\/{rel}","templated":true}]}}